{"id":908675,"date":"2019-08-27T13:45:08","date_gmt":"2019-08-27T12:45:08","guid":{"rendered":"https:\/\/www.pressenza.com\/?p=908675"},"modified":"2019-08-27T13:45:08","modified_gmt":"2019-08-27T12:45:08","slug":"pressenza-internacional-en-la-oreja-23-08-2019","status":"publish","type":"post","link":"https:\/\/www.pressenza.com\/es\/2019\/08\/pressenza-internacional-en-la-oreja-23-08-2019\/","title":{"rendered":"Pressenza Internacional En la Oreja 23\/08\/2019"},"content":{"rendered":"<p>El programa de Pichincha Universal que realizan los editores de Pressenza para repasar la agenda internacional, tuvo este viernes dos invitados de lujo: el polit\u00f3logo Giacomo Finzi para analizar la situaci\u00f3n pol\u00edtica italiana y el referente del Frente Guas\u00fa en Argentina, Jos\u00e9 Alcides Guerrero para entender las movilizaciones que exigen la renuncia del presidente paraguayo Mario Abdo Ben\u00edtez.<br \/>\nEl programa se emite en directo cada viernes a las 9 am de Ecuador y el programa tambi\u00e9n se emite por Radio Temblor de Panam\u00e1, Radio Hache de Argentina, Aler y Radio Guiniguada de las Islas Canarias.<\/p>\n<!--[if lt IE 9]><script>document.createElement('audio');<\/script><![endif]-->\n<audio class=\"wp-audio-shortcode\" id=\"audio-908675-1\" preload=\"none\" style=\"width: 100%;\" controls=\"controls\"><source type=\"audio\/mpeg\" src=\"https:\/\/mx.ivoox.com\/es\/pressenza-internacional-en-oreja-23-08-2019_md_40449524_wp_1.mp3?_=1\" \/><a href=\"https:\/\/mx.ivoox.com\/es\/pressenza-internacional-en-oreja-23-08-2019_md_40449524_wp_1.mp3\">https:\/\/mx.ivoox.com\/es\/pressenza-internacional-en-oreja-23-08-2019_md_40449524_wp_1.mp3<\/a><\/audio>\n<p><a title=\"Pressenza Internacional En la Oreja 23\/08\/2019\" href=\"https:\/\/mx.ivoox.com\/es\/pressenza-internacional-en-oreja-23-08-2019-audios-mp3_rf_40449524_1.html\">Ir a descargar<\/a><\/p>\n<p>&nbsp;<\/p>\n","protected":false},"excerpt":{"rendered":"<p>El programa de Pichincha Universal que realizan los editores de Pressenza para repasar la agenda internacional, tuvo este viernes dos invitados de lujo: el polit\u00f3logo Giacomo Finzi para analizar la situaci\u00f3n pol\u00edtica italiana y el referente del Frente Guas\u00fa en&hellip;<\/p>\n","protected":false},"author":1011,"featured_media":908676,"comment_status":"closed","ping_status":"closed","sticky":false,"template":"","format":"standard","meta":{"footnotes":""},"categories":[11389,39,74,22754],"tags":[54694,63123,3672,55480,1556,16372,19984,54738,15685],"class_list":["post-908675","post","type-post","status-publish","format-standard","has-post-thumbnail","hentry","category-contenido-original","category-internacional","category-politica-es","category-radio-es","tag-en-la-oreja-es-2","tag-itaipu-es","tag-italia-es","tag-matteo-salvini-es","tag-paraguay-es","tag-pichincha-universal","tag-pressenza-internacional-en-la-oreja","tag-radio-es","tag-soberania"],"yoast_head":"<!-- This site is optimized with the Yoast SEO plugin v27.1.1 - https:\/\/yoast.com\/product\/yoast-seo-wordpress\/ -->\n<title>Pressenza Internacional En la Oreja 23\/08\/2019<\/title>\n<meta name=\"description\" content=\"El programa de Pichincha Universal que realizan los editores de Pressenza para repasar la agenda internacional, tuvo este viernes dos invitados de lujo:\" \/>\n<meta name=\"robots\" content=\"index, follow, max-snippet:-1, max-image-preview:large, max-video-preview:-1\" \/>\n<link rel=\"canonical\" href=\"https:\/\/www.pressenza.com\/es\/2019\/08\/pressenza-internacional-en-la-oreja-23-08-2019\/\" \/>\n<meta property=\"og:locale\" content=\"es_ES\" \/>\n<meta property=\"og:type\" content=\"article\" \/>\n<meta property=\"og:title\" content=\"Pressenza Internacional En la Oreja 23\/08\/2019\" \/>\n<meta property=\"og:description\" content=\"El programa de Pichincha Universal que realizan los editores de Pressenza para repasar la agenda internacional, tuvo este viernes dos invitados de lujo:\" \/>\n<meta property=\"og:url\" content=\"https:\/\/www.pressenza.com\/es\/2019\/08\/pressenza-internacional-en-la-oreja-23-08-2019\/\" \/>\n<meta property=\"og:site_name\" content=\"Pressenza\" \/>\n<meta property=\"article:publisher\" content=\"https:\/\/www.facebook.com\/PressenzaItalia\" \/>\n<meta property=\"article:published_time\" content=\"2019-08-27T12:45:08+00:00\" \/>\n<meta property=\"og:image\" content=\"https:\/\/www.pressenza.com\/wp-content\/uploads\/2019\/08\/Copie-de-Pressenza-Internacional-En-la-Oreja-1.png\" \/>\n\t<meta property=\"og:image:width\" content=\"940\" \/>\n\t<meta property=\"og:image:height\" content=\"788\" \/>\n\t<meta property=\"og:image:type\" content=\"image\/png\" \/>\n<meta name=\"author\" content=\"Redacci\u00f3n Ecuador\" \/>\n<meta name=\"twitter:card\" content=\"summary_large_image\" \/>\n<meta name=\"twitter:creator\" content=\"@PressenzaIPA\" \/>\n<meta name=\"twitter:site\" content=\"@PressenzaIPA\" \/>\n<meta name=\"twitter:label1\" content=\"Escrito por\" \/>\n\t<meta name=\"twitter:data1\" content=\"Redacci\u00f3n Ecuador\" \/>\n\t<meta name=\"twitter:label2\" content=\"Tiempo de lectura\" \/>\n\t<meta name=\"twitter:data2\" content=\"1 minuto\" \/>\n<script type=\"application\/ld+json\" class=\"yoast-schema-graph\">{\"@context\":\"https:\/\/schema.org\",\"@graph\":[{\"@type\":\"Article\",\"@id\":\"https:\/\/www.pressenza.com\/es\/2019\/08\/pressenza-internacional-en-la-oreja-23-08-2019\/#article\",\"isPartOf\":{\"@id\":\"https:\/\/www.pressenza.com\/es\/2019\/08\/pressenza-internacional-en-la-oreja-23-08-2019\/\"},\"author\":{\"name\":\"Redacci\u00f3n Ecuador\",\"@id\":\"https:\/\/www.pressenza.com\/es\/#\/schema\/person\/883a735c40665759bcc6fe0c26bcb46f\"},\"headline\":\"Pressenza Internacional En la Oreja 23\/08\/2019\",\"datePublished\":\"2019-08-27T12:45:08+00:00\",\"mainEntityOfPage\":{\"@id\":\"https:\/\/www.pressenza.com\/es\/2019\/08\/pressenza-internacional-en-la-oreja-23-08-2019\/\"},\"wordCount\":121,\"publisher\":{\"@id\":\"https:\/\/www.pressenza.com\/es\/#organization\"},\"image\":{\"@id\":\"https:\/\/www.pressenza.com\/es\/2019\/08\/pressenza-internacional-en-la-oreja-23-08-2019\/#primaryimage\"},\"thumbnailUrl\":\"https:\/\/www.pressenza.com\/wp-content\/uploads\/2019\/08\/Copie-de-Pressenza-Internacional-En-la-Oreja-1.png\",\"keywords\":[\"En la oreja\",\"Itaipu\",\"Italia\",\"Matteo Salvini\",\"Paraguay\",\"Pichincha Universal\",\"Pressenza Internacional En la oreja\",\"radio\",\"soberan\u00eda\"],\"articleSection\":[\"Contenido Original\",\"Internacional\",\"Pol\u00edtica\",\"Radio\"],\"inLanguage\":\"es\"},{\"@type\":\"WebPage\",\"@id\":\"https:\/\/www.pressenza.com\/es\/2019\/08\/pressenza-internacional-en-la-oreja-23-08-2019\/\",\"url\":\"https:\/\/www.pressenza.com\/es\/2019\/08\/pressenza-internacional-en-la-oreja-23-08-2019\/\",\"name\":\"Pressenza Internacional En la Oreja 23\/08\/2019\",\"isPartOf\":{\"@id\":\"https:\/\/www.pressenza.com\/es\/#website\"},\"primaryImageOfPage\":{\"@id\":\"https:\/\/www.pressenza.com\/es\/2019\/08\/pressenza-internacional-en-la-oreja-23-08-2019\/#primaryimage\"},\"image\":{\"@id\":\"https:\/\/www.pressenza.com\/es\/2019\/08\/pressenza-internacional-en-la-oreja-23-08-2019\/#primaryimage\"},\"thumbnailUrl\":\"https:\/\/www.pressenza.com\/wp-content\/uploads\/2019\/08\/Copie-de-Pressenza-Internacional-En-la-Oreja-1.png\",\"datePublished\":\"2019-08-27T12:45:08+00:00\",\"description\":\"El programa de Pichincha Universal que realizan los editores de Pressenza para repasar la agenda internacional, tuvo este viernes dos invitados de lujo:\",\"breadcrumb\":{\"@id\":\"https:\/\/www.pressenza.com\/es\/2019\/08\/pressenza-internacional-en-la-oreja-23-08-2019\/#breadcrumb\"},\"inLanguage\":\"es\",\"potentialAction\":[{\"@type\":\"ReadAction\",\"target\":[\"https:\/\/www.pressenza.com\/es\/2019\/08\/pressenza-internacional-en-la-oreja-23-08-2019\/\"]}]},{\"@type\":\"ImageObject\",\"inLanguage\":\"es\",\"@id\":\"https:\/\/www.pressenza.com\/es\/2019\/08\/pressenza-internacional-en-la-oreja-23-08-2019\/#primaryimage\",\"url\":\"https:\/\/www.pressenza.com\/wp-content\/uploads\/2019\/08\/Copie-de-Pressenza-Internacional-En-la-Oreja-1.png\",\"contentUrl\":\"https:\/\/www.pressenza.com\/wp-content\/uploads\/2019\/08\/Copie-de-Pressenza-Internacional-En-la-Oreja-1.png\",\"width\":940,\"height\":788},{\"@type\":\"BreadcrumbList\",\"@id\":\"https:\/\/www.pressenza.com\/es\/2019\/08\/pressenza-internacional-en-la-oreja-23-08-2019\/#breadcrumb\",\"itemListElement\":[{\"@type\":\"ListItem\",\"position\":1,\"name\":\"Accueil\",\"item\":\"https:\/\/www.pressenza.com\/es\/\"},{\"@type\":\"ListItem\",\"position\":2,\"name\":\"Pressenza Internacional En la Oreja 23\/08\/2019\"}]},{\"@type\":\"WebSite\",\"@id\":\"https:\/\/www.pressenza.com\/es\/#website\",\"url\":\"https:\/\/www.pressenza.com\/es\/\",\"name\":\"Pressenza\",\"description\":\"International Press Agency\",\"publisher\":{\"@id\":\"https:\/\/www.pressenza.com\/es\/#organization\"},\"potentialAction\":[{\"@type\":\"SearchAction\",\"target\":{\"@type\":\"EntryPoint\",\"urlTemplate\":\"https:\/\/www.pressenza.com\/es\/?s={search_term_string}\"},\"query-input\":{\"@type\":\"PropertyValueSpecification\",\"valueRequired\":true,\"valueName\":\"search_term_string\"}}],\"inLanguage\":\"es\"},{\"@type\":\"Organization\",\"@id\":\"https:\/\/www.pressenza.com\/es\/#organization\",\"name\":\"Pressenza\",\"url\":\"https:\/\/www.pressenza.com\/es\/\",\"logo\":{\"@type\":\"ImageObject\",\"inLanguage\":\"es\",\"@id\":\"https:\/\/www.pressenza.com\/es\/#\/schema\/logo\/image\/\",\"url\":\"https:\/\/www.pressenza.com\/wp-content\/uploads\/2022\/10\/pressenza_logo_200x200.jpg\",\"contentUrl\":\"https:\/\/www.pressenza.com\/wp-content\/uploads\/2022\/10\/pressenza_logo_200x200.jpg\",\"width\":200,\"height\":200,\"caption\":\"Pressenza\"},\"image\":{\"@id\":\"https:\/\/www.pressenza.com\/es\/#\/schema\/logo\/image\/\"},\"sameAs\":[\"https:\/\/www.facebook.com\/PressenzaItalia\",\"https:\/\/x.com\/PressenzaIPA\"]},{\"@type\":\"Person\",\"@id\":\"https:\/\/www.pressenza.com\/es\/#\/schema\/person\/883a735c40665759bcc6fe0c26bcb46f\",\"name\":\"Redacci\u00f3n Ecuador\",\"description\":\"News published by the Pressenza bureau in Quito, Ecuador\",\"url\":\"https:\/\/www.pressenza.com\/es\/author\/redaccion-ecuador\/\"}]}<\/script>\n<!-- \/ Yoast SEO plugin. -->","yoast_head_json":{"title":"Pressenza Internacional En la Oreja 23\/08\/2019","description":"El programa de Pichincha Universal que realizan los editores de Pressenza para repasar la agenda internacional, tuvo este viernes dos invitados de lujo:","robots":{"index":"index","follow":"follow","max-snippet":"max-snippet:-1","max-image-preview":"max-image-preview:large","max-video-preview":"max-video-preview:-1"},"canonical":"https:\/\/www.pressenza.com\/es\/2019\/08\/pressenza-internacional-en-la-oreja-23-08-2019\/","og_locale":"es_ES","og_type":"article","og_title":"Pressenza Internacional En la Oreja 23\/08\/2019","og_description":"El programa de Pichincha Universal que realizan los editores de Pressenza para repasar la agenda internacional, tuvo este viernes dos invitados de lujo:","og_url":"https:\/\/www.pressenza.com\/es\/2019\/08\/pressenza-internacional-en-la-oreja-23-08-2019\/","og_site_name":"Pressenza","article_publisher":"https:\/\/www.facebook.com\/PressenzaItalia","article_published_time":"2019-08-27T12:45:08+00:00","og_image":[{"width":940,"height":788,"url":"https:\/\/www.pressenza.com\/wp-content\/uploads\/2019\/08\/Copie-de-Pressenza-Internacional-En-la-Oreja-1.png","type":"image\/png"}],"author":"Redacci\u00f3n Ecuador","twitter_card":"summary_large_image","twitter_creator":"@PressenzaIPA","twitter_site":"@PressenzaIPA","twitter_misc":{"Escrito por":"Redacci\u00f3n Ecuador","Tiempo de lectura":"1 minuto"},"schema":{"@context":"https:\/\/schema.org","@graph":[{"@type":"Article","@id":"https:\/\/www.pressenza.com\/es\/2019\/08\/pressenza-internacional-en-la-oreja-23-08-2019\/#article","isPartOf":{"@id":"https:\/\/www.pressenza.com\/es\/2019\/08\/pressenza-internacional-en-la-oreja-23-08-2019\/"},"author":{"name":"Redacci\u00f3n Ecuador","@id":"https:\/\/www.pressenza.com\/es\/#\/schema\/person\/883a735c40665759bcc6fe0c26bcb46f"},"headline":"Pressenza Internacional En la Oreja 23\/08\/2019","datePublished":"2019-08-27T12:45:08+00:00","mainEntityOfPage":{"@id":"https:\/\/www.pressenza.com\/es\/2019\/08\/pressenza-internacional-en-la-oreja-23-08-2019\/"},"wordCount":121,"publisher":{"@id":"https:\/\/www.pressenza.com\/es\/#organization"},"image":{"@id":"https:\/\/www.pressenza.com\/es\/2019\/08\/pressenza-internacional-en-la-oreja-23-08-2019\/#primaryimage"},"thumbnailUrl":"https:\/\/www.pressenza.com\/wp-content\/uploads\/2019\/08\/Copie-de-Pressenza-Internacional-En-la-Oreja-1.png","keywords":["En la oreja","Itaipu","Italia","Matteo Salvini","Paraguay","Pichincha Universal","Pressenza Internacional En la oreja","radio","soberan\u00eda"],"articleSection":["Contenido Original","Internacional","Pol\u00edtica","Radio"],"inLanguage":"es"},{"@type":"WebPage","@id":"https:\/\/www.pressenza.com\/es\/2019\/08\/pressenza-internacional-en-la-oreja-23-08-2019\/","url":"https:\/\/www.pressenza.com\/es\/2019\/08\/pressenza-internacional-en-la-oreja-23-08-2019\/","name":"Pressenza Internacional En la Oreja 23\/08\/2019","isPartOf":{"@id":"https:\/\/www.pressenza.com\/es\/#website"},"primaryImageOfPage":{"@id":"https:\/\/www.pressenza.com\/es\/2019\/08\/pressenza-internacional-en-la-oreja-23-08-2019\/#primaryimage"},"image":{"@id":"https:\/\/www.pressenza.com\/es\/2019\/08\/pressenza-internacional-en-la-oreja-23-08-2019\/#primaryimage"},"thumbnailUrl":"https:\/\/www.pressenza.com\/wp-content\/uploads\/2019\/08\/Copie-de-Pressenza-Internacional-En-la-Oreja-1.png","datePublished":"2019-08-27T12:45:08+00:00","description":"El programa de Pichincha Universal que realizan los editores de Pressenza para repasar la agenda internacional, tuvo este viernes dos invitados de lujo:","breadcrumb":{"@id":"https:\/\/www.pressenza.com\/es\/2019\/08\/pressenza-internacional-en-la-oreja-23-08-2019\/#breadcrumb"},"inLanguage":"es","potentialAction":[{"@type":"ReadAction","target":["https:\/\/www.pressenza.com\/es\/2019\/08\/pressenza-internacional-en-la-oreja-23-08-2019\/"]}]},{"@type":"ImageObject","inLanguage":"es","@id":"https:\/\/www.pressenza.com\/es\/2019\/08\/pressenza-internacional-en-la-oreja-23-08-2019\/#primaryimage","url":"https:\/\/www.pressenza.com\/wp-content\/uploads\/2019\/08\/Copie-de-Pressenza-Internacional-En-la-Oreja-1.png","contentUrl":"https:\/\/www.pressenza.com\/wp-content\/uploads\/2019\/08\/Copie-de-Pressenza-Internacional-En-la-Oreja-1.png","width":940,"height":788},{"@type":"BreadcrumbList","@id":"https:\/\/www.pressenza.com\/es\/2019\/08\/pressenza-internacional-en-la-oreja-23-08-2019\/#breadcrumb","itemListElement":[{"@type":"ListItem","position":1,"name":"Accueil","item":"https:\/\/www.pressenza.com\/es\/"},{"@type":"ListItem","position":2,"name":"Pressenza Internacional En la Oreja 23\/08\/2019"}]},{"@type":"WebSite","@id":"https:\/\/www.pressenza.com\/es\/#website","url":"https:\/\/www.pressenza.com\/es\/","name":"Pressenza","description":"International Press Agency","publisher":{"@id":"https:\/\/www.pressenza.com\/es\/#organization"},"potentialAction":[{"@type":"SearchAction","target":{"@type":"EntryPoint","urlTemplate":"https:\/\/www.pressenza.com\/es\/?s={search_term_string}"},"query-input":{"@type":"PropertyValueSpecification","valueRequired":true,"valueName":"search_term_string"}}],"inLanguage":"es"},{"@type":"Organization","@id":"https:\/\/www.pressenza.com\/es\/#organization","name":"Pressenza","url":"https:\/\/www.pressenza.com\/es\/","logo":{"@type":"ImageObject","inLanguage":"es","@id":"https:\/\/www.pressenza.com\/es\/#\/schema\/logo\/image\/","url":"https:\/\/www.pressenza.com\/wp-content\/uploads\/2022\/10\/pressenza_logo_200x200.jpg","contentUrl":"https:\/\/www.pressenza.com\/wp-content\/uploads\/2022\/10\/pressenza_logo_200x200.jpg","width":200,"height":200,"caption":"Pressenza"},"image":{"@id":"https:\/\/www.pressenza.com\/es\/#\/schema\/logo\/image\/"},"sameAs":["https:\/\/www.facebook.com\/PressenzaItalia","https:\/\/x.com\/PressenzaIPA"]},{"@type":"Person","@id":"https:\/\/www.pressenza.com\/es\/#\/schema\/person\/883a735c40665759bcc6fe0c26bcb46f","name":"Redacci\u00f3n Ecuador","description":"News published by the Pressenza bureau in Quito, Ecuador","url":"https:\/\/www.pressenza.com\/es\/author\/redaccion-ecuador\/"}]}},"place":"Quito - Buenos Aires - Santiago de Chile - Bogot\u00e1","original_article_url":"","_links":{"self":[{"href":"https:\/\/www.pressenza.com\/es\/wp-json\/wp\/v2\/posts\/908675","targetHints":{"allow":["GET"]}}],"collection":[{"href":"https:\/\/www.pressenza.com\/es\/wp-json\/wp\/v2\/posts"}],"about":[{"href":"https:\/\/www.pressenza.com\/es\/wp-json\/wp\/v2\/types\/post"}],"author":[{"embeddable":true,"href":"https:\/\/www.pressenza.com\/es\/wp-json\/wp\/v2\/users\/1011"}],"replies":[{"embeddable":true,"href":"https:\/\/www.pressenza.com\/es\/wp-json\/wp\/v2\/comments?post=908675"}],"version-history":[{"count":0,"href":"https:\/\/www.pressenza.com\/es\/wp-json\/wp\/v2\/posts\/908675\/revisions"}],"wp:featuredmedia":[{"embeddable":true,"href":"https:\/\/www.pressenza.com\/es\/wp-json\/wp\/v2\/media\/908676"}],"wp:attachment":[{"href":"https:\/\/www.pressenza.com\/es\/wp-json\/wp\/v2\/media?parent=908675"}],"wp:term":[{"taxonomy":"category","embeddable":true,"href":"https:\/\/www.pressenza.com\/es\/wp-json\/wp\/v2\/categories?post=908675"},{"taxonomy":"post_tag","embeddable":true,"href":"https:\/\/www.pressenza.com\/es\/wp-json\/wp\/v2\/tags?post=908675"}],"curies":[{"name":"wp","href":"https:\/\/api.w.org\/{rel}","templated":true}]}}