{"id":908643,"date":"2019-08-27T13:09:22","date_gmt":"2019-08-27T12:09:22","guid":{"rendered":"https:\/\/www.pressenza.com\/?p=908643"},"modified":"2019-08-27T13:27:20","modified_gmt":"2019-08-27T12:27:20","slug":"por-que-el-g7-solo-puede-ofrecer-mas-de-lo-mismo-solo-que-peor-pero-hay-esperanza","status":"publish","type":"post","link":"https:\/\/www.pressenza.com\/es\/2019\/08\/por-que-el-g7-solo-puede-ofrecer-mas-de-lo-mismo-solo-que-peor-pero-hay-esperanza\/","title":{"rendered":"Por qu\u00e9 el G7 s\u00f3lo puede ofrecer m\u00e1s de lo mismo (s\u00f3lo que peor). Pero hay esperanza"},"content":{"rendered":"<h4 style=\"padding-left: 30px;\"><em>Es esa \u00e9poca del a\u00f1o y los l\u00edderes de 7 pa\u00edses industrializados se re\u00fanen para abordar la situaci\u00f3n mundial. Qu\u00e9 oportunidad para hacer frente a la desigualdad, la crisis clim\u00e1tica, las guerras comerciales, la discriminaci\u00f3n de g\u00e9nero, el racismo, la crisis de los refugiados, regular las multinacionales, los para\u00edsos fiscales y los bancos, detener la especulaci\u00f3n desenfrenada, promover el acceso a la sanidad, la educaci\u00f3n, la vivienda y los servicios. (Suspiro)<\/em><\/h4>\n<p>Pero nada de eso suceder\u00e1, la reuni\u00f3n se trata de reforzar el sistema que acumula m\u00e1s y m\u00e1s riqueza para los que est\u00e1n en la cima. Habr\u00e1 declaraciones y promesas benignas sobre los problemas m\u00e1s acuciantes, pero nada cambiar\u00e1.<\/p>\n<p>Frente a esta crueldad es importante tratar de entender qu\u00e9 es lo que impide a algunas personas acceder a su capacidad de solidaridad y compasi\u00f3n. Podemos llamarlos psic\u00f3patas, no como un diagn\u00f3stico sino como un insulto, pero eso no nos ayudar\u00e1 a entender o, en \u00faltima instancia, a cambiar el estado actual de las cosas.<\/p>\n<p>Vivimos en los tiempos del \u00abMito del Dinero\u00bb, en los que la mayor\u00eda de la poblaci\u00f3n ha sido completamente condicionada a creer que el dinero puede ser la \u00fanica recompensa por el trabajo, la \u00fanica medida del valor de una persona, el \u00fanico indicador de c\u00f3mo le est\u00e1 yendo al pa\u00eds, la \u00fanica cosa que puede construir la autoestima y hacernos fuertes para competir con otros por m\u00e1s dinero.<\/p>\n<p>Y cuanto m\u00e1s arraigado est\u00e9 este sistema de creencias en una persona, m\u00e1s despiadadamente se aplicar\u00e1n a mantenerlo. Es una forma de estar en una especie de fascinaci\u00f3n hipn\u00f3tica, yendo como son\u00e1mbulo a trav\u00e9s de la vida aparentemente despierto pero asumido por esta ilusi\u00f3n masiva que se disfraza de opini\u00f3n, filosof\u00eda, compromiso, plan de acci\u00f3n y sentido de la vida.<\/p>\n<hr \/>\n<p style=\"text-align: center;\"><i>El dinero habla y habla ingl\u00e9s<\/i><\/p>\n<p style=\"text-align: center;\"><i>Con acento de Wall Street<\/i><\/p>\n<p style=\"text-align: center;\"><i>Tirano gigante vac\u00edo de sentido<\/i><\/p>\n<p style=\"text-align: center;\"><i>Marioneta como un dios con barro por pies.<\/i><\/p>\n<hr \/>\n<p>No s\u00f3lo los de arriba sufren esta ilusi\u00f3n. El problema es precisamente que la mayor\u00eda de la poblaci\u00f3n responde el mismo mito, por lo que es probable que elijan a pol\u00edticos que les prometen riqueza, peg\u00e1ndose un tiro en el propio pie por no darse cuenta de que les est\u00e1n mintiendo. Hemos visto una y otra vez c\u00f3mo los gobiernos de austeridad m\u00e1s draconianos eran puestos en el poder por los m\u00e1s pobres de la poblaci\u00f3n. Los llamar\u00edamos la derecha populista, pero sin el Mito del Dinero la gente podr\u00eda buscar \u00a0otras alternativas.<\/p>\n<p><b><i>Despertares<\/i><\/b><\/p>\n<p>No todo el mundo queda hipnotizado y esto es lo bueno de los humanos, no importa cu\u00e1n monol\u00edtico y omnipresente sea un sistema de creencias, siempre hay personas que se preguntan sobre las alternativas. Porque la Intencionalidad construye una comprensi\u00f3n del mundo a partir de muchas fuentes de informaci\u00f3n, muchas experiencias. Y estos disidentes de la corriente dominante (a menudo considerados chiflados o inadaptados, sin duda personas que no encajan) se convierten en el n\u00facleo de nuevas propuestas alternativas, como vemos hoy en d\u00eda en aquellos que rechazan tanto el neoliberalismo como el creciente fascismo, promoviendo en cambio la compasi\u00f3n y la solidaridad no s\u00f3lo en las relaciones interpersonales sino como un sistema en s\u00ed mismo.<\/p>\n<p>\u00bfC\u00f3mo podr\u00eda ser un sistema de este tipo? En lugar de que el dinero sea la \u00fanica recompensa por el trabajo, una Renta B\u00e1sica Universal podr\u00eda atender todas las necesidades de la poblaci\u00f3n para que \u00e9sta pueda elegir qu\u00e9 hacer libremente y con gusto. En lugar de la \u00fanica medida del valor de una persona, la gente ser\u00eda apreciada por su creatividad, trabajo conjunto, contribuci\u00f3n a proyectos comunes, investigaci\u00f3n de las grandes inc\u00f3gnitas de la existencia humana para las que no hay tiempo ahora, ocupados como estamos pagando la hipoteca. En lugar del \u00fanico indicador de c\u00f3mo le va al pa\u00eds, ya hay quienes proponen sustituir el PIB por una medida del bienestar de la poblaci\u00f3n. En lugar de la \u00fanica cosa que puede aumentar la autoestima, es bien sabido que \u00e9sta es m\u00e1s fuerte cuando la gente se siente bien integrada y cuidada por su comunidad y cuando la comunicaci\u00f3n pone de relieve las virtudes de los individuos en lugar de ser en su mayor\u00eda cr\u00edtica. Adem\u00e1s, en un mundo en el que la competencia es sustituida por la cooperaci\u00f3n, no es necesario demostrar qui\u00e9n puede ganar m\u00e1s diner. \u00a1Y que vengan las m\u00e1quinas para hacer el trabajo pesado y sin sentido!<\/p>\n<p>Pero liberarse de una creencia tan fuerte y casi universal en el dinero puede no ser tan f\u00e1cil para todos. Como dice George Monbiot en su presentaci\u00f3n de <a href=\"https:\/\/www.pressenza.com\/2019\/08\/the-new-political-story-that-could-change-everything\/\">TED<\/a>, la historia, la narrativa (el Mito) tiene que ser reemplazada por una nueva. Entonces, \u00bfen qu\u00e9 podemos creer que ser\u00e1 el punto de partida para un nuevo estado de cosas que responda a las necesidades reales de la humanidad?<\/p>\n<p>Este es el tiempo de la <a href=\"https:\/\/www.pressenza.com\/es\/2019\/06\/espiritu-conciencia-y-vision-el-gran-salto-humano\/\">Revoluci\u00f3n de la Conciencia<\/a>, cuando la gente est\u00e1 aprendiendo a descubrir los asombrosos tesoros escondidos que habitan en los espacios profundos de sus propias mentes. A trav\u00e9s de varias formas de meditaci\u00f3n, a trav\u00e9s de diferentes pr\u00e1cticas, a trav\u00e9s de tomar conciencia de que tratar a los dem\u00e1s como nos gustar\u00eda ser tratados nos da unidad interna y un sentido de crecimiento, a trav\u00e9s de la creaci\u00f3n de nuevas formas de construir el Bien Com\u00fan, a trav\u00e9s de la participaci\u00f3n en la gran inspiraci\u00f3n de los movimientos sociales j\u00f3venes, a trav\u00e9s del rechazo de respuestas mec\u00e1nicas y la elecci\u00f3n de respuestas intencionales que abren el futuro, la nueva historia, la nueva narrativa est\u00e1 cobrando vida. Es el gran despertar del ser humano, consciente de sus experiencias y de los efectos de esas experiencias en todo su ser.<\/p>\n<p>Un nuevo humanismo est\u00e1 naciendo del poder de la transformaci\u00f3n simult\u00e1nea de los individuos y la sociedad, en el centro de la metodolog\u00eda de la No-Violencia Activa.<\/p>\n<p>Es f\u00e1cil distraerse con las payasadas de los pol\u00edticos \u00abpsic\u00f3patas\u00bb, despu\u00e9s de todo crean enormes cortinas de humo con extra\u00f1as declaraciones y acciones que mantienen a los medios corporativos bien alimentados con inquietantes \u00abnoticias\u00bb, para que la gente no pueda vislumbrar lo que realmente est\u00e1 sucediendo.<\/p>\n<p>Pero aquellos que aceptan con entusiasmo y alegr\u00eda el compromiso de despertar en compa\u00f1\u00eda de otros que hacen lo mismo, ya no ser\u00e1n desviados del camino hacia un mundo nuevo y humanizado.<\/p>\n","protected":false},"excerpt":{"rendered":"<p>Es esa \u00e9poca del a\u00f1o y los l\u00edderes de 7 pa\u00edses industrializados se re\u00fanen para abordar la situaci\u00f3n mundial. Qu\u00e9 oportunidad para hacer frente a la desigualdad, la crisis clim\u00e1tica, las guerras comerciales, la discriminaci\u00f3n de g\u00e9nero, el racismo, la&hellip;<\/p>\n","protected":false},"author":66,"featured_media":908350,"comment_status":"closed","ping_status":"closed","sticky":false,"template":"","format":"standard","meta":{"footnotes":""},"categories":[11389,1240,39,1242,161],"tags":[61002,1794,19987,63119],"class_list":["post-908643","post","type-post","status-publish","format-standard","has-post-thumbnail","hentry","category-contenido-original","category-humanismo-espiritualidad","category-internacional","category-noviolencia-tema","category-opiniones","tag-mito-del-dinero","tag-noviolencia-activa","tag-nuevo-humanismo","tag-revolucion-de-la-consciencia"],"yoast_head":"<!-- This site is optimized with the Yoast SEO plugin v27.1.1 - https:\/\/yoast.com\/product\/yoast-seo-wordpress\/ -->\n<title>Por qu\u00e9 el G7 s\u00f3lo puede ofrecer m\u00e1s de lo mismo (s\u00f3lo que peor). Pero hay esperanza<\/title>\n<meta name=\"description\" content=\"Es el tiempo que los l\u00edderes de los G7 se re\u00fanen para abordar (con crueldad) la situaci\u00f3n mundial. Tambi\u00e9n es el momento de la Revolucion de la Consciencia.\" \/>\n<meta name=\"robots\" content=\"index, follow, max-snippet:-1, max-image-preview:large, max-video-preview:-1\" \/>\n<link rel=\"canonical\" href=\"https:\/\/www.pressenza.com\/es\/2019\/08\/por-que-el-g7-solo-puede-ofrecer-mas-de-lo-mismo-solo-que-peor-pero-hay-esperanza\/\" \/>\n<meta property=\"og:locale\" content=\"es_ES\" \/>\n<meta property=\"og:type\" content=\"article\" \/>\n<meta property=\"og:title\" content=\"Por qu\u00e9 el G7 s\u00f3lo puede ofrecer m\u00e1s de lo mismo (s\u00f3lo que peor). Pero hay esperanza\" \/>\n<meta property=\"og:description\" content=\"Es el tiempo que los l\u00edderes de los G7 se re\u00fanen para abordar (con crueldad) la situaci\u00f3n mundial. Tambi\u00e9n es el momento de la Revolucion de la Consciencia.\" \/>\n<meta property=\"og:url\" content=\"https:\/\/www.pressenza.com\/es\/2019\/08\/por-que-el-g7-solo-puede-ofrecer-mas-de-lo-mismo-solo-que-peor-pero-hay-esperanza\/\" \/>\n<meta property=\"og:site_name\" content=\"Pressenza\" \/>\n<meta property=\"article:publisher\" content=\"https:\/\/www.facebook.com\/PressenzaItalia\" \/>\n<meta property=\"article:author\" content=\"https:\/\/www.facebook.com\/silvia.swinden\" \/>\n<meta property=\"article:published_time\" content=\"2019-08-27T12:09:22+00:00\" \/>\n<meta property=\"article:modified_time\" content=\"2019-08-27T12:27:20+00:00\" \/>\n<meta property=\"og:image\" content=\"https:\/\/www.pressenza.com\/wp-content\/uploads\/2019\/08\/7F82713C-3666-4DF2-8247-8323A1EC20A1.png\" \/>\n\t<meta property=\"og:image:width\" content=\"881\" \/>\n\t<meta property=\"og:image:height\" content=\"1280\" \/>\n\t<meta property=\"og:image:type\" content=\"image\/png\" \/>\n<meta name=\"author\" content=\"Silvia Swinden\" \/>\n<meta name=\"twitter:card\" content=\"summary_large_image\" \/>\n<meta name=\"twitter:creator\" content=\"@PressenzaIPA\" \/>\n<meta name=\"twitter:site\" content=\"@PressenzaIPA\" \/>\n<meta name=\"twitter:label1\" content=\"Escrito por\" \/>\n\t<meta name=\"twitter:data1\" content=\"Silvia Swinden\" \/>\n\t<meta name=\"twitter:label2\" content=\"Tiempo de lectura\" \/>\n\t<meta name=\"twitter:data2\" content=\"6 minutos\" \/>\n<script type=\"application\/ld+json\" class=\"yoast-schema-graph\">{\"@context\":\"https:\/\/schema.org\",\"@graph\":[{\"@type\":\"Article\",\"@id\":\"https:\/\/www.pressenza.com\/es\/2019\/08\/por-que-el-g7-solo-puede-ofrecer-mas-de-lo-mismo-solo-que-peor-pero-hay-esperanza\/#article\",\"isPartOf\":{\"@id\":\"https:\/\/www.pressenza.com\/es\/2019\/08\/por-que-el-g7-solo-puede-ofrecer-mas-de-lo-mismo-solo-que-peor-pero-hay-esperanza\/\"},\"author\":{\"name\":\"Silvia Swinden\",\"@id\":\"https:\/\/www.pressenza.com\/es\/#\/schema\/person\/3e897a9ceda3579beea4bb9a93021e17\"},\"headline\":\"Por qu\u00e9 el G7 s\u00f3lo puede ofrecer m\u00e1s de lo mismo (s\u00f3lo que peor). Pero hay esperanza\",\"datePublished\":\"2019-08-27T12:09:22+00:00\",\"dateModified\":\"2019-08-27T12:27:20+00:00\",\"mainEntityOfPage\":{\"@id\":\"https:\/\/www.pressenza.com\/es\/2019\/08\/por-que-el-g7-solo-puede-ofrecer-mas-de-lo-mismo-solo-que-peor-pero-hay-esperanza\/\"},\"wordCount\":1176,\"publisher\":{\"@id\":\"https:\/\/www.pressenza.com\/es\/#organization\"},\"image\":{\"@id\":\"https:\/\/www.pressenza.com\/es\/2019\/08\/por-que-el-g7-solo-puede-ofrecer-mas-de-lo-mismo-solo-que-peor-pero-hay-esperanza\/#primaryimage\"},\"thumbnailUrl\":\"https:\/\/www.pressenza.com\/wp-content\/uploads\/2019\/08\/7F82713C-3666-4DF2-8247-8323A1EC20A1.png\",\"keywords\":[\"Mito del dinero\",\"Noviolencia activa\",\"Nuevo Humanismo\",\"Revoluci\u00f3n de la Consciencia\"],\"articleSection\":[\"Contenido Original\",\"Humanismo y Espiritualidad\",\"Internacional\",\"Noviolencia\",\"Opiniones\"],\"inLanguage\":\"es\"},{\"@type\":\"WebPage\",\"@id\":\"https:\/\/www.pressenza.com\/es\/2019\/08\/por-que-el-g7-solo-puede-ofrecer-mas-de-lo-mismo-solo-que-peor-pero-hay-esperanza\/\",\"url\":\"https:\/\/www.pressenza.com\/es\/2019\/08\/por-que-el-g7-solo-puede-ofrecer-mas-de-lo-mismo-solo-que-peor-pero-hay-esperanza\/\",\"name\":\"Por qu\u00e9 el G7 s\u00f3lo puede ofrecer m\u00e1s de lo mismo (s\u00f3lo que peor). Pero hay esperanza\",\"isPartOf\":{\"@id\":\"https:\/\/www.pressenza.com\/es\/#website\"},\"primaryImageOfPage\":{\"@id\":\"https:\/\/www.pressenza.com\/es\/2019\/08\/por-que-el-g7-solo-puede-ofrecer-mas-de-lo-mismo-solo-que-peor-pero-hay-esperanza\/#primaryimage\"},\"image\":{\"@id\":\"https:\/\/www.pressenza.com\/es\/2019\/08\/por-que-el-g7-solo-puede-ofrecer-mas-de-lo-mismo-solo-que-peor-pero-hay-esperanza\/#primaryimage\"},\"thumbnailUrl\":\"https:\/\/www.pressenza.com\/wp-content\/uploads\/2019\/08\/7F82713C-3666-4DF2-8247-8323A1EC20A1.png\",\"datePublished\":\"2019-08-27T12:09:22+00:00\",\"dateModified\":\"2019-08-27T12:27:20+00:00\",\"description\":\"Es el tiempo que los l\u00edderes de los G7 se re\u00fanen para abordar (con crueldad) la situaci\u00f3n mundial. Tambi\u00e9n es el momento de la Revolucion de la Consciencia.\",\"breadcrumb\":{\"@id\":\"https:\/\/www.pressenza.com\/es\/2019\/08\/por-que-el-g7-solo-puede-ofrecer-mas-de-lo-mismo-solo-que-peor-pero-hay-esperanza\/#breadcrumb\"},\"inLanguage\":\"es\",\"potentialAction\":[{\"@type\":\"ReadAction\",\"target\":[\"https:\/\/www.pressenza.com\/es\/2019\/08\/por-que-el-g7-solo-puede-ofrecer-mas-de-lo-mismo-solo-que-peor-pero-hay-esperanza\/\"]}]},{\"@type\":\"ImageObject\",\"inLanguage\":\"es\",\"@id\":\"https:\/\/www.pressenza.com\/es\/2019\/08\/por-que-el-g7-solo-puede-ofrecer-mas-de-lo-mismo-solo-que-peor-pero-hay-esperanza\/#primaryimage\",\"url\":\"https:\/\/www.pressenza.com\/wp-content\/uploads\/2019\/08\/7F82713C-3666-4DF2-8247-8323A1EC20A1.png\",\"contentUrl\":\"https:\/\/www.pressenza.com\/wp-content\/uploads\/2019\/08\/7F82713C-3666-4DF2-8247-8323A1EC20A1.png\",\"width\":881,\"height\":1280,\"caption\":\"Representation of consciousness from the seventeenth century by Robert Fludd, an English Paracelsian physician\"},{\"@type\":\"BreadcrumbList\",\"@id\":\"https:\/\/www.pressenza.com\/es\/2019\/08\/por-que-el-g7-solo-puede-ofrecer-mas-de-lo-mismo-solo-que-peor-pero-hay-esperanza\/#breadcrumb\",\"itemListElement\":[{\"@type\":\"ListItem\",\"position\":1,\"name\":\"Accueil\",\"item\":\"https:\/\/www.pressenza.com\/es\/\"},{\"@type\":\"ListItem\",\"position\":2,\"name\":\"Por qu\u00e9 el G7 s\u00f3lo puede ofrecer m\u00e1s de lo mismo (s\u00f3lo que peor). Pero hay esperanza\"}]},{\"@type\":\"WebSite\",\"@id\":\"https:\/\/www.pressenza.com\/es\/#website\",\"url\":\"https:\/\/www.pressenza.com\/es\/\",\"name\":\"Pressenza\",\"description\":\"International Press Agency\",\"publisher\":{\"@id\":\"https:\/\/www.pressenza.com\/es\/#organization\"},\"potentialAction\":[{\"@type\":\"SearchAction\",\"target\":{\"@type\":\"EntryPoint\",\"urlTemplate\":\"https:\/\/www.pressenza.com\/es\/?s={search_term_string}\"},\"query-input\":{\"@type\":\"PropertyValueSpecification\",\"valueRequired\":true,\"valueName\":\"search_term_string\"}}],\"inLanguage\":\"es\"},{\"@type\":\"Organization\",\"@id\":\"https:\/\/www.pressenza.com\/es\/#organization\",\"name\":\"Pressenza\",\"url\":\"https:\/\/www.pressenza.com\/es\/\",\"logo\":{\"@type\":\"ImageObject\",\"inLanguage\":\"es\",\"@id\":\"https:\/\/www.pressenza.com\/es\/#\/schema\/logo\/image\/\",\"url\":\"https:\/\/www.pressenza.com\/wp-content\/uploads\/2022\/10\/pressenza_logo_200x200.jpg\",\"contentUrl\":\"https:\/\/www.pressenza.com\/wp-content\/uploads\/2022\/10\/pressenza_logo_200x200.jpg\",\"width\":200,\"height\":200,\"caption\":\"Pressenza\"},\"image\":{\"@id\":\"https:\/\/www.pressenza.com\/es\/#\/schema\/logo\/image\/\"},\"sameAs\":[\"https:\/\/www.facebook.com\/PressenzaItalia\",\"https:\/\/x.com\/PressenzaIPA\"]},{\"@type\":\"Person\",\"@id\":\"https:\/\/www.pressenza.com\/es\/#\/schema\/person\/3e897a9ceda3579beea4bb9a93021e17\",\"name\":\"Silvia Swinden\",\"description\":\"Silvia Swinden - Author of \u201cFrom Monkey Sapiens to Homo Intentional: The Phenomenology of the Nonviolent Revolution\u201d \u2013 Adonis &amp; Abbey, London 2006. Pressenza London Editor\",\"sameAs\":[\"https:\/\/www.facebook.com\/silvia.swinden\"],\"url\":\"https:\/\/www.pressenza.com\/es\/author\/silvia-swinden\/\"}]}<\/script>\n<!-- \/ Yoast SEO plugin. -->","yoast_head_json":{"title":"Por qu\u00e9 el G7 s\u00f3lo puede ofrecer m\u00e1s de lo mismo (s\u00f3lo que peor). Pero hay esperanza","description":"Es el tiempo que los l\u00edderes de los G7 se re\u00fanen para abordar (con crueldad) la situaci\u00f3n mundial. Tambi\u00e9n es el momento de la Revolucion de la Consciencia.","robots":{"index":"index","follow":"follow","max-snippet":"max-snippet:-1","max-image-preview":"max-image-preview:large","max-video-preview":"max-video-preview:-1"},"canonical":"https:\/\/www.pressenza.com\/es\/2019\/08\/por-que-el-g7-solo-puede-ofrecer-mas-de-lo-mismo-solo-que-peor-pero-hay-esperanza\/","og_locale":"es_ES","og_type":"article","og_title":"Por qu\u00e9 el G7 s\u00f3lo puede ofrecer m\u00e1s de lo mismo (s\u00f3lo que peor). Pero hay esperanza","og_description":"Es el tiempo que los l\u00edderes de los G7 se re\u00fanen para abordar (con crueldad) la situaci\u00f3n mundial. Tambi\u00e9n es el momento de la Revolucion de la Consciencia.","og_url":"https:\/\/www.pressenza.com\/es\/2019\/08\/por-que-el-g7-solo-puede-ofrecer-mas-de-lo-mismo-solo-que-peor-pero-hay-esperanza\/","og_site_name":"Pressenza","article_publisher":"https:\/\/www.facebook.com\/PressenzaItalia","article_author":"https:\/\/www.facebook.com\/silvia.swinden","article_published_time":"2019-08-27T12:09:22+00:00","article_modified_time":"2019-08-27T12:27:20+00:00","og_image":[{"width":881,"height":1280,"url":"https:\/\/www.pressenza.com\/wp-content\/uploads\/2019\/08\/7F82713C-3666-4DF2-8247-8323A1EC20A1.png","type":"image\/png"}],"author":"Silvia Swinden","twitter_card":"summary_large_image","twitter_creator":"@PressenzaIPA","twitter_site":"@PressenzaIPA","twitter_misc":{"Escrito por":"Silvia Swinden","Tiempo de lectura":"6 minutos"},"schema":{"@context":"https:\/\/schema.org","@graph":[{"@type":"Article","@id":"https:\/\/www.pressenza.com\/es\/2019\/08\/por-que-el-g7-solo-puede-ofrecer-mas-de-lo-mismo-solo-que-peor-pero-hay-esperanza\/#article","isPartOf":{"@id":"https:\/\/www.pressenza.com\/es\/2019\/08\/por-que-el-g7-solo-puede-ofrecer-mas-de-lo-mismo-solo-que-peor-pero-hay-esperanza\/"},"author":{"name":"Silvia Swinden","@id":"https:\/\/www.pressenza.com\/es\/#\/schema\/person\/3e897a9ceda3579beea4bb9a93021e17"},"headline":"Por qu\u00e9 el G7 s\u00f3lo puede ofrecer m\u00e1s de lo mismo (s\u00f3lo que peor). Pero hay esperanza","datePublished":"2019-08-27T12:09:22+00:00","dateModified":"2019-08-27T12:27:20+00:00","mainEntityOfPage":{"@id":"https:\/\/www.pressenza.com\/es\/2019\/08\/por-que-el-g7-solo-puede-ofrecer-mas-de-lo-mismo-solo-que-peor-pero-hay-esperanza\/"},"wordCount":1176,"publisher":{"@id":"https:\/\/www.pressenza.com\/es\/#organization"},"image":{"@id":"https:\/\/www.pressenza.com\/es\/2019\/08\/por-que-el-g7-solo-puede-ofrecer-mas-de-lo-mismo-solo-que-peor-pero-hay-esperanza\/#primaryimage"},"thumbnailUrl":"https:\/\/www.pressenza.com\/wp-content\/uploads\/2019\/08\/7F82713C-3666-4DF2-8247-8323A1EC20A1.png","keywords":["Mito del dinero","Noviolencia activa","Nuevo Humanismo","Revoluci\u00f3n de la Consciencia"],"articleSection":["Contenido Original","Humanismo y Espiritualidad","Internacional","Noviolencia","Opiniones"],"inLanguage":"es"},{"@type":"WebPage","@id":"https:\/\/www.pressenza.com\/es\/2019\/08\/por-que-el-g7-solo-puede-ofrecer-mas-de-lo-mismo-solo-que-peor-pero-hay-esperanza\/","url":"https:\/\/www.pressenza.com\/es\/2019\/08\/por-que-el-g7-solo-puede-ofrecer-mas-de-lo-mismo-solo-que-peor-pero-hay-esperanza\/","name":"Por qu\u00e9 el G7 s\u00f3lo puede ofrecer m\u00e1s de lo mismo (s\u00f3lo que peor). Pero hay esperanza","isPartOf":{"@id":"https:\/\/www.pressenza.com\/es\/#website"},"primaryImageOfPage":{"@id":"https:\/\/www.pressenza.com\/es\/2019\/08\/por-que-el-g7-solo-puede-ofrecer-mas-de-lo-mismo-solo-que-peor-pero-hay-esperanza\/#primaryimage"},"image":{"@id":"https:\/\/www.pressenza.com\/es\/2019\/08\/por-que-el-g7-solo-puede-ofrecer-mas-de-lo-mismo-solo-que-peor-pero-hay-esperanza\/#primaryimage"},"thumbnailUrl":"https:\/\/www.pressenza.com\/wp-content\/uploads\/2019\/08\/7F82713C-3666-4DF2-8247-8323A1EC20A1.png","datePublished":"2019-08-27T12:09:22+00:00","dateModified":"2019-08-27T12:27:20+00:00","description":"Es el tiempo que los l\u00edderes de los G7 se re\u00fanen para abordar (con crueldad) la situaci\u00f3n mundial. Tambi\u00e9n es el momento de la Revolucion de la Consciencia.","breadcrumb":{"@id":"https:\/\/www.pressenza.com\/es\/2019\/08\/por-que-el-g7-solo-puede-ofrecer-mas-de-lo-mismo-solo-que-peor-pero-hay-esperanza\/#breadcrumb"},"inLanguage":"es","potentialAction":[{"@type":"ReadAction","target":["https:\/\/www.pressenza.com\/es\/2019\/08\/por-que-el-g7-solo-puede-ofrecer-mas-de-lo-mismo-solo-que-peor-pero-hay-esperanza\/"]}]},{"@type":"ImageObject","inLanguage":"es","@id":"https:\/\/www.pressenza.com\/es\/2019\/08\/por-que-el-g7-solo-puede-ofrecer-mas-de-lo-mismo-solo-que-peor-pero-hay-esperanza\/#primaryimage","url":"https:\/\/www.pressenza.com\/wp-content\/uploads\/2019\/08\/7F82713C-3666-4DF2-8247-8323A1EC20A1.png","contentUrl":"https:\/\/www.pressenza.com\/wp-content\/uploads\/2019\/08\/7F82713C-3666-4DF2-8247-8323A1EC20A1.png","width":881,"height":1280,"caption":"Representation of consciousness from the seventeenth century by Robert Fludd, an English Paracelsian physician"},{"@type":"BreadcrumbList","@id":"https:\/\/www.pressenza.com\/es\/2019\/08\/por-que-el-g7-solo-puede-ofrecer-mas-de-lo-mismo-solo-que-peor-pero-hay-esperanza\/#breadcrumb","itemListElement":[{"@type":"ListItem","position":1,"name":"Accueil","item":"https:\/\/www.pressenza.com\/es\/"},{"@type":"ListItem","position":2,"name":"Por qu\u00e9 el G7 s\u00f3lo puede ofrecer m\u00e1s de lo mismo (s\u00f3lo que peor). Pero hay esperanza"}]},{"@type":"WebSite","@id":"https:\/\/www.pressenza.com\/es\/#website","url":"https:\/\/www.pressenza.com\/es\/","name":"Pressenza","description":"International Press Agency","publisher":{"@id":"https:\/\/www.pressenza.com\/es\/#organization"},"potentialAction":[{"@type":"SearchAction","target":{"@type":"EntryPoint","urlTemplate":"https:\/\/www.pressenza.com\/es\/?s={search_term_string}"},"query-input":{"@type":"PropertyValueSpecification","valueRequired":true,"valueName":"search_term_string"}}],"inLanguage":"es"},{"@type":"Organization","@id":"https:\/\/www.pressenza.com\/es\/#organization","name":"Pressenza","url":"https:\/\/www.pressenza.com\/es\/","logo":{"@type":"ImageObject","inLanguage":"es","@id":"https:\/\/www.pressenza.com\/es\/#\/schema\/logo\/image\/","url":"https:\/\/www.pressenza.com\/wp-content\/uploads\/2022\/10\/pressenza_logo_200x200.jpg","contentUrl":"https:\/\/www.pressenza.com\/wp-content\/uploads\/2022\/10\/pressenza_logo_200x200.jpg","width":200,"height":200,"caption":"Pressenza"},"image":{"@id":"https:\/\/www.pressenza.com\/es\/#\/schema\/logo\/image\/"},"sameAs":["https:\/\/www.facebook.com\/PressenzaItalia","https:\/\/x.com\/PressenzaIPA"]},{"@type":"Person","@id":"https:\/\/www.pressenza.com\/es\/#\/schema\/person\/3e897a9ceda3579beea4bb9a93021e17","name":"Silvia Swinden","description":"Silvia Swinden - Author of \u201cFrom Monkey Sapiens to Homo Intentional: The Phenomenology of the Nonviolent Revolution\u201d \u2013 Adonis &amp; Abbey, London 2006. Pressenza London Editor","sameAs":["https:\/\/www.facebook.com\/silvia.swinden"],"url":"https:\/\/www.pressenza.com\/es\/author\/silvia-swinden\/"}]}},"place":"London UK","original_article_url":"","_links":{"self":[{"href":"https:\/\/www.pressenza.com\/es\/wp-json\/wp\/v2\/posts\/908643","targetHints":{"allow":["GET"]}}],"collection":[{"href":"https:\/\/www.pressenza.com\/es\/wp-json\/wp\/v2\/posts"}],"about":[{"href":"https:\/\/www.pressenza.com\/es\/wp-json\/wp\/v2\/types\/post"}],"author":[{"embeddable":true,"href":"https:\/\/www.pressenza.com\/es\/wp-json\/wp\/v2\/users\/66"}],"replies":[{"embeddable":true,"href":"https:\/\/www.pressenza.com\/es\/wp-json\/wp\/v2\/comments?post=908643"}],"version-history":[{"count":0,"href":"https:\/\/www.pressenza.com\/es\/wp-json\/wp\/v2\/posts\/908643\/revisions"}],"wp:featuredmedia":[{"embeddable":true,"href":"https:\/\/www.pressenza.com\/es\/wp-json\/wp\/v2\/media\/908350"}],"wp:attachment":[{"href":"https:\/\/www.pressenza.com\/es\/wp-json\/wp\/v2\/media?parent=908643"}],"wp:term":[{"taxonomy":"category","embeddable":true,"href":"https:\/\/www.pressenza.com\/es\/wp-json\/wp\/v2\/categories?post=908643"},{"taxonomy":"post_tag","embeddable":true,"href":"https:\/\/www.pressenza.com\/es\/wp-json\/wp\/v2\/tags?post=908643"}],"curies":[{"name":"wp","href":"https:\/\/api.w.org\/{rel}","templated":true}]}}