{"id":908,"date":"2009-08-11T00:00:00","date_gmt":"2009-08-11T00:00:00","guid":{"rendered":""},"modified":"2009-09-28T05:01:03","modified_gmt":"2009-09-28T05:01:03","slug":"disculpas-a-los-pueblos-aborxgenes-en-australiax-una-inspiracixn-para-muchos-paxses-xcivilizadosx","status":"publish","type":"post","link":"https:\/\/www.pressenza.com\/es\/2009\/08\/disculpas-a-los-pueblos-aborxgenes-en-australiax-una-inspiracixn-para-muchos-paxses-xcivilizadosx\/","title":{"rendered":"Disculpas a los pueblos abor\u00edgenes en Australia: una inspiraci\u00f3n para muchos pa\u00edses \u00abcivilizados\u00bb"},"content":{"rendered":"<p>El reci\u00e9n elegido Primer Ministro australiano, Kevin Rudd, ha emitido una disculpa oficial al pueblo ind\u00edgena del pa\u00eds por las hist\u00f3ricas injusticias que han sufrido.<\/p>\n<p>Mr. Rudd prometi\u00f3 que las disculpas ser\u00edan el primer cometido del nuevo Parlamento y hoy, tras la ceremonia de apertura que por primera vez ha contado con participaci\u00f3n aborigen, ofreci\u00f3 el esperado discurso.<\/p>\n<p>Muchas organizaciones abor\u00edgenes hab\u00edan solicitado un reconocimiento oficial de las injusticias cometidas contra ellos, y en particular, por la pol\u00edtica de separar a ni\u00f1os abor\u00edgenes de sus familias para realojarles en casas de acogida de blancos.<\/p>\n<p>El predecesor de Mr. Rudd, John Howard, se resisti\u00f3 a los llamamientos para dicha disculpa, pero en su discurso de hoy Mr. Rudd ha calificado este acto como \u201cun peque\u00f1o paso para hacer justicia sobre los errores del pasado\u201d.<\/p>\n<p>**Disculpas del Gobierno en su totalidad:**<\/p>\n<p>Hoy honramos a los pueblos ind\u00edgenas de estas tierras, la cultura existente m\u00e1s vieja de la historia de la humanidad.<\/p>\n<p>Reflexionamos sobre los abusos que sufrieron.<\/p>\n<p>Reflexionamos, en concreto, por los abusos hacia aquellos que conforman las generaciones robadas, ese oscuro episodio de la historia de nuestra naci\u00f3n.<\/p>\n<p>Ha llegado el momento de que la naci\u00f3n abra una nueva p\u00e1gina en la historia de Australia con el reconocimiento de los errores del pasado, y avanzando hacia delante con confianza en el futuro.<\/p>\n<p>Pedimos disculpas por las leyes y pol\u00edticas de los sucesivos parlamentos y gobiernos que han causado un profundo dolor, sufrimiento y p\u00e9rdida a nuestros compa\u00f1eros australianos.<\/p>\n<p>Pedimos disculpas, especialmente, por la separaci\u00f3n de ni\u00f1os abor\u00edgenes y de los isle\u00f1os del Estrecho de Torres de sus familias, de sus comunidades y de su pa\u00eds.<\/p>\n<p>Por el dolor, sufrimiento y da\u00f1o a estas generaciones robadas, sus descendientes y por las familias que dejaron atr\u00e1s, pedimos perd\u00f3n.<\/p>\n<p>A las madres y los padres, hermanos y hermanas, por la ruptura de sus familias y comunidades, pedimos perd\u00f3n.<\/p>\n<p>Y por la humillaci\u00f3n y la degradaci\u00f3n infligidas hasta ahora a un pueblo y a una cultura nobles, pedimos perd\u00f3n.<\/p>\n<p>Nosotros, el Parlamento de Australia respetuosamente pedimos que esta disculpa sea recibida con el esp\u00edritu con que es ofrecida, como parte del proceso de cicatrizaci\u00f3n de la naci\u00f3n.<\/p>\n<p>Para el futuro, lo tendremos en cuenta; resolviendo que esta nueva p\u00e1gina de la historia de nuestro gran continente puede ahora ser escrita.<\/p>\n<p>Damos hoy este primer paso reconociendo el pasado y reclamando un futuro que incluya a todos los australianos.<\/p>\n<p>Un futuro donde nuestro Parlamento resuelva que las injusticias del pasado no deben volver a repetirse nunca jam\u00e1s.<\/p>\n<p>Un futuro donde aprovechemos la determinaci\u00f3n de todos los australianos, ind\u00edgenas y no ind\u00edgenas, a acabar con las diferencias que hay entre nosotros en cuanto a esperanza de vida, logros educativos y oportunidades econ\u00f3micas.<\/p>\n<p>Un futuro que incluya la posibilidad de nuevas soluciones a problemas perdurables, all\u00ed donde los enfoques usados en el pasado fallaron.<\/p>\n<p>Un futuro basado en el respeto mutuo, mutua determinaci\u00f3n y mutua responsabilidad.<\/p>\n<p>Un futuro donde todos los australianos, cualesquiera que sean sus or\u00edgenes, sean de verdad compa\u00f1eros iguales, con las mismas oportunidades, y que participen por igual para dar forma al siguiente cap\u00edtulo de la historia de este gran pa\u00eds, Australia. <\/p>\n","protected":false},"excerpt":{"rendered":"<p>En febrero del 2008, el gobierno de Australia, emiti\u00f3 una disculpa oficial a los abor\u00edgenes  por los abusos pasados, por las generaciones a quienes se les rob\u00f3 literalmente de sus familias, por el rompimiento de sus comunidades, de sus familias. Hoy representan el 2% de la poblaci\u00f3n. Una sociedad que d\u00e9 igualdad de oportunidades a todos es la base para construir el futuro.<\/p>\n","protected":false},"author":19,"featured_media":0,"comment_status":"closed","ping_status":"open","sticky":false,"template":"","format":"standard","meta":{"footnotes":""},"categories":[75,70],"tags":[],"class_list":["post-908","post","type-post","status-publish","format-standard","hentry","category-cultura-es","category-oceania-region-es"],"yoast_head":"<!-- This site is optimized with the Yoast SEO plugin v27.1.1 - https:\/\/yoast.com\/product\/yoast-seo-wordpress\/ -->\n<title>Disculpas a los pueblos abor\u00edgenes en Australia: una inspiraci\u00f3n para muchos pa\u00edses &quot;civilizados&quot;<\/title>\n<meta name=\"description\" content=\"En febrero del 2008, el gobierno de Australia, emiti\u00f3 una disculpa oficial a los abor\u00edgenes por los abusos pasados, por las generaciones a quienes se les rob\u00f3 literalmente de sus familias, por el rompimiento de sus comunidades, de sus familias. Hoy representan el 2% de la poblaci\u00f3n. Una sociedad que d\u00e9 igualdad de oportunidades a todos es la base para construir el futuro.\" \/>\n<meta name=\"robots\" content=\"index, follow, max-snippet:-1, max-image-preview:large, max-video-preview:-1\" \/>\n<link rel=\"canonical\" href=\"https:\/\/www.pressenza.com\/es\/2009\/08\/disculpas-a-los-pueblos-aborxgenes-en-australiax-una-inspiracixn-para-muchos-paxses-xcivilizadosx\/\" \/>\n<meta property=\"og:locale\" content=\"es_ES\" \/>\n<meta property=\"og:type\" content=\"article\" \/>\n<meta property=\"og:title\" content=\"Disculpas a los pueblos abor\u00edgenes en Australia: una inspiraci\u00f3n para muchos pa\u00edses &quot;civilizados&quot;\" \/>\n<meta property=\"og:description\" content=\"En febrero del 2008, el gobierno de Australia, emiti\u00f3 una disculpa oficial a los abor\u00edgenes por los abusos pasados, por las generaciones a quienes se les rob\u00f3 literalmente de sus familias, por el rompimiento de sus comunidades, de sus familias. Hoy representan el 2% de la poblaci\u00f3n. Una sociedad que d\u00e9 igualdad de oportunidades a todos es la base para construir el futuro.\" \/>\n<meta property=\"og:url\" content=\"https:\/\/www.pressenza.com\/es\/2009\/08\/disculpas-a-los-pueblos-aborxgenes-en-australiax-una-inspiracixn-para-muchos-paxses-xcivilizadosx\/\" \/>\n<meta property=\"og:site_name\" content=\"Pressenza\" \/>\n<meta property=\"article:publisher\" content=\"https:\/\/www.facebook.com\/PressenzaItalia\" \/>\n<meta property=\"article:author\" content=\"https:\/\/www.facebook.com\/pressenza\" \/>\n<meta property=\"article:published_time\" content=\"2009-08-11T00:00:00+00:00\" \/>\n<meta property=\"article:modified_time\" content=\"2009-09-28T05:01:03+00:00\" \/>\n<meta name=\"author\" content=\"Pressenza IPA\" \/>\n<meta name=\"twitter:card\" content=\"summary_large_image\" \/>\n<meta name=\"twitter:creator\" content=\"@PressenzaIPA\" \/>\n<meta name=\"twitter:site\" content=\"@PressenzaIPA\" \/>\n<meta name=\"twitter:label1\" content=\"Escrito por\" \/>\n\t<meta name=\"twitter:data1\" content=\"Pressenza IPA\" \/>\n\t<meta name=\"twitter:label2\" content=\"Tiempo de lectura\" \/>\n\t<meta name=\"twitter:data2\" content=\"3 minutos\" \/>\n<script type=\"application\/ld+json\" class=\"yoast-schema-graph\">{\"@context\":\"https:\/\/schema.org\",\"@graph\":[{\"@type\":\"Article\",\"@id\":\"https:\/\/www.pressenza.com\/es\/2009\/08\/disculpas-a-los-pueblos-aborxgenes-en-australiax-una-inspiracixn-para-muchos-paxses-xcivilizadosx\/#article\",\"isPartOf\":{\"@id\":\"https:\/\/www.pressenza.com\/es\/2009\/08\/disculpas-a-los-pueblos-aborxgenes-en-australiax-una-inspiracixn-para-muchos-paxses-xcivilizadosx\/\"},\"author\":{\"name\":\"Pressenza IPA\",\"@id\":\"https:\/\/www.pressenza.com\/es\/#\/schema\/person\/010e5d02bcf40965427a1289a4cc8d75\"},\"headline\":\"Disculpas a los pueblos abor\u00edgenes en Australia: una inspiraci\u00f3n para muchos pa\u00edses \u00abcivilizados\u00bb\",\"datePublished\":\"2009-08-11T00:00:00+00:00\",\"dateModified\":\"2009-09-28T05:01:03+00:00\",\"mainEntityOfPage\":{\"@id\":\"https:\/\/www.pressenza.com\/es\/2009\/08\/disculpas-a-los-pueblos-aborxgenes-en-australiax-una-inspiracixn-para-muchos-paxses-xcivilizadosx\/\"},\"wordCount\":589,\"publisher\":{\"@id\":\"https:\/\/www.pressenza.com\/es\/#organization\"},\"articleSection\":[\"Cultura y Medios\",\"Oceania\"],\"inLanguage\":\"es\"},{\"@type\":\"WebPage\",\"@id\":\"https:\/\/www.pressenza.com\/es\/2009\/08\/disculpas-a-los-pueblos-aborxgenes-en-australiax-una-inspiracixn-para-muchos-paxses-xcivilizadosx\/\",\"url\":\"https:\/\/www.pressenza.com\/es\/2009\/08\/disculpas-a-los-pueblos-aborxgenes-en-australiax-una-inspiracixn-para-muchos-paxses-xcivilizadosx\/\",\"name\":\"Disculpas a los pueblos abor\u00edgenes en Australia: una inspiraci\u00f3n para muchos pa\u00edses \\\"civilizados\\\"\",\"isPartOf\":{\"@id\":\"https:\/\/www.pressenza.com\/es\/#website\"},\"datePublished\":\"2009-08-11T00:00:00+00:00\",\"dateModified\":\"2009-09-28T05:01:03+00:00\",\"description\":\"En febrero del 2008, el gobierno de Australia, emiti\u00f3 una disculpa oficial a los abor\u00edgenes por los abusos pasados, por las generaciones a quienes se les rob\u00f3 literalmente de sus familias, por el rompimiento de sus comunidades, de sus familias. Hoy representan el 2% de la poblaci\u00f3n. Una sociedad que d\u00e9 igualdad de oportunidades a todos es la base para construir el futuro.\",\"breadcrumb\":{\"@id\":\"https:\/\/www.pressenza.com\/es\/2009\/08\/disculpas-a-los-pueblos-aborxgenes-en-australiax-una-inspiracixn-para-muchos-paxses-xcivilizadosx\/#breadcrumb\"},\"inLanguage\":\"es\",\"potentialAction\":[{\"@type\":\"ReadAction\",\"target\":[\"https:\/\/www.pressenza.com\/es\/2009\/08\/disculpas-a-los-pueblos-aborxgenes-en-australiax-una-inspiracixn-para-muchos-paxses-xcivilizadosx\/\"]}]},{\"@type\":\"BreadcrumbList\",\"@id\":\"https:\/\/www.pressenza.com\/es\/2009\/08\/disculpas-a-los-pueblos-aborxgenes-en-australiax-una-inspiracixn-para-muchos-paxses-xcivilizadosx\/#breadcrumb\",\"itemListElement\":[{\"@type\":\"ListItem\",\"position\":1,\"name\":\"Accueil\",\"item\":\"https:\/\/www.pressenza.com\/es\/\"},{\"@type\":\"ListItem\",\"position\":2,\"name\":\"Disculpas a los pueblos abor\u00edgenes en Australia: una inspiraci\u00f3n para muchos pa\u00edses \u00abcivilizados\u00bb\"}]},{\"@type\":\"WebSite\",\"@id\":\"https:\/\/www.pressenza.com\/es\/#website\",\"url\":\"https:\/\/www.pressenza.com\/es\/\",\"name\":\"Pressenza\",\"description\":\"International Press Agency\",\"publisher\":{\"@id\":\"https:\/\/www.pressenza.com\/es\/#organization\"},\"potentialAction\":[{\"@type\":\"SearchAction\",\"target\":{\"@type\":\"EntryPoint\",\"urlTemplate\":\"https:\/\/www.pressenza.com\/es\/?s={search_term_string}\"},\"query-input\":{\"@type\":\"PropertyValueSpecification\",\"valueRequired\":true,\"valueName\":\"search_term_string\"}}],\"inLanguage\":\"es\"},{\"@type\":\"Organization\",\"@id\":\"https:\/\/www.pressenza.com\/es\/#organization\",\"name\":\"Pressenza\",\"url\":\"https:\/\/www.pressenza.com\/es\/\",\"logo\":{\"@type\":\"ImageObject\",\"inLanguage\":\"es\",\"@id\":\"https:\/\/www.pressenza.com\/es\/#\/schema\/logo\/image\/\",\"url\":\"https:\/\/www.pressenza.com\/wp-content\/uploads\/2022\/10\/pressenza_logo_200x200.jpg\",\"contentUrl\":\"https:\/\/www.pressenza.com\/wp-content\/uploads\/2022\/10\/pressenza_logo_200x200.jpg\",\"width\":200,\"height\":200,\"caption\":\"Pressenza\"},\"image\":{\"@id\":\"https:\/\/www.pressenza.com\/es\/#\/schema\/logo\/image\/\"},\"sameAs\":[\"https:\/\/www.facebook.com\/PressenzaItalia\",\"https:\/\/x.com\/PressenzaIPA\"]},{\"@type\":\"Person\",\"@id\":\"https:\/\/www.pressenza.com\/es\/#\/schema\/person\/010e5d02bcf40965427a1289a4cc8d75\",\"name\":\"Pressenza IPA\",\"description\":\"News from Pressenza IPA correspondents\",\"sameAs\":[\"https:\/\/www.facebook.com\/pressenza\",\"https:\/\/x.com\/PressenzaIPA\"],\"url\":\"https:\/\/www.pressenza.com\/es\/author\/pressenza-ipa\/\"}]}<\/script>\n<!-- \/ Yoast SEO plugin. -->","yoast_head_json":{"title":"Disculpas a los pueblos abor\u00edgenes en Australia: una inspiraci\u00f3n para muchos pa\u00edses \"civilizados\"","description":"En febrero del 2008, el gobierno de Australia, emiti\u00f3 una disculpa oficial a los abor\u00edgenes por los abusos pasados, por las generaciones a quienes se les rob\u00f3 literalmente de sus familias, por el rompimiento de sus comunidades, de sus familias. Hoy representan el 2% de la poblaci\u00f3n. Una sociedad que d\u00e9 igualdad de oportunidades a todos es la base para construir el futuro.","robots":{"index":"index","follow":"follow","max-snippet":"max-snippet:-1","max-image-preview":"max-image-preview:large","max-video-preview":"max-video-preview:-1"},"canonical":"https:\/\/www.pressenza.com\/es\/2009\/08\/disculpas-a-los-pueblos-aborxgenes-en-australiax-una-inspiracixn-para-muchos-paxses-xcivilizadosx\/","og_locale":"es_ES","og_type":"article","og_title":"Disculpas a los pueblos abor\u00edgenes en Australia: una inspiraci\u00f3n para muchos pa\u00edses \"civilizados\"","og_description":"En febrero del 2008, el gobierno de Australia, emiti\u00f3 una disculpa oficial a los abor\u00edgenes por los abusos pasados, por las generaciones a quienes se les rob\u00f3 literalmente de sus familias, por el rompimiento de sus comunidades, de sus familias. Hoy representan el 2% de la poblaci\u00f3n. Una sociedad que d\u00e9 igualdad de oportunidades a todos es la base para construir el futuro.","og_url":"https:\/\/www.pressenza.com\/es\/2009\/08\/disculpas-a-los-pueblos-aborxgenes-en-australiax-una-inspiracixn-para-muchos-paxses-xcivilizadosx\/","og_site_name":"Pressenza","article_publisher":"https:\/\/www.facebook.com\/PressenzaItalia","article_author":"https:\/\/www.facebook.com\/pressenza","article_published_time":"2009-08-11T00:00:00+00:00","article_modified_time":"2009-09-28T05:01:03+00:00","author":"Pressenza IPA","twitter_card":"summary_large_image","twitter_creator":"@PressenzaIPA","twitter_site":"@PressenzaIPA","twitter_misc":{"Escrito por":"Pressenza IPA","Tiempo de lectura":"3 minutos"},"schema":{"@context":"https:\/\/schema.org","@graph":[{"@type":"Article","@id":"https:\/\/www.pressenza.com\/es\/2009\/08\/disculpas-a-los-pueblos-aborxgenes-en-australiax-una-inspiracixn-para-muchos-paxses-xcivilizadosx\/#article","isPartOf":{"@id":"https:\/\/www.pressenza.com\/es\/2009\/08\/disculpas-a-los-pueblos-aborxgenes-en-australiax-una-inspiracixn-para-muchos-paxses-xcivilizadosx\/"},"author":{"name":"Pressenza IPA","@id":"https:\/\/www.pressenza.com\/es\/#\/schema\/person\/010e5d02bcf40965427a1289a4cc8d75"},"headline":"Disculpas a los pueblos abor\u00edgenes en Australia: una inspiraci\u00f3n para muchos pa\u00edses \u00abcivilizados\u00bb","datePublished":"2009-08-11T00:00:00+00:00","dateModified":"2009-09-28T05:01:03+00:00","mainEntityOfPage":{"@id":"https:\/\/www.pressenza.com\/es\/2009\/08\/disculpas-a-los-pueblos-aborxgenes-en-australiax-una-inspiracixn-para-muchos-paxses-xcivilizadosx\/"},"wordCount":589,"publisher":{"@id":"https:\/\/www.pressenza.com\/es\/#organization"},"articleSection":["Cultura y Medios","Oceania"],"inLanguage":"es"},{"@type":"WebPage","@id":"https:\/\/www.pressenza.com\/es\/2009\/08\/disculpas-a-los-pueblos-aborxgenes-en-australiax-una-inspiracixn-para-muchos-paxses-xcivilizadosx\/","url":"https:\/\/www.pressenza.com\/es\/2009\/08\/disculpas-a-los-pueblos-aborxgenes-en-australiax-una-inspiracixn-para-muchos-paxses-xcivilizadosx\/","name":"Disculpas a los pueblos abor\u00edgenes en Australia: una inspiraci\u00f3n para muchos pa\u00edses \"civilizados\"","isPartOf":{"@id":"https:\/\/www.pressenza.com\/es\/#website"},"datePublished":"2009-08-11T00:00:00+00:00","dateModified":"2009-09-28T05:01:03+00:00","description":"En febrero del 2008, el gobierno de Australia, emiti\u00f3 una disculpa oficial a los abor\u00edgenes por los abusos pasados, por las generaciones a quienes se les rob\u00f3 literalmente de sus familias, por el rompimiento de sus comunidades, de sus familias. Hoy representan el 2% de la poblaci\u00f3n. Una sociedad que d\u00e9 igualdad de oportunidades a todos es la base para construir el futuro.","breadcrumb":{"@id":"https:\/\/www.pressenza.com\/es\/2009\/08\/disculpas-a-los-pueblos-aborxgenes-en-australiax-una-inspiracixn-para-muchos-paxses-xcivilizadosx\/#breadcrumb"},"inLanguage":"es","potentialAction":[{"@type":"ReadAction","target":["https:\/\/www.pressenza.com\/es\/2009\/08\/disculpas-a-los-pueblos-aborxgenes-en-australiax-una-inspiracixn-para-muchos-paxses-xcivilizadosx\/"]}]},{"@type":"BreadcrumbList","@id":"https:\/\/www.pressenza.com\/es\/2009\/08\/disculpas-a-los-pueblos-aborxgenes-en-australiax-una-inspiracixn-para-muchos-paxses-xcivilizadosx\/#breadcrumb","itemListElement":[{"@type":"ListItem","position":1,"name":"Accueil","item":"https:\/\/www.pressenza.com\/es\/"},{"@type":"ListItem","position":2,"name":"Disculpas a los pueblos abor\u00edgenes en Australia: una inspiraci\u00f3n para muchos pa\u00edses \u00abcivilizados\u00bb"}]},{"@type":"WebSite","@id":"https:\/\/www.pressenza.com\/es\/#website","url":"https:\/\/www.pressenza.com\/es\/","name":"Pressenza","description":"International Press Agency","publisher":{"@id":"https:\/\/www.pressenza.com\/es\/#organization"},"potentialAction":[{"@type":"SearchAction","target":{"@type":"EntryPoint","urlTemplate":"https:\/\/www.pressenza.com\/es\/?s={search_term_string}"},"query-input":{"@type":"PropertyValueSpecification","valueRequired":true,"valueName":"search_term_string"}}],"inLanguage":"es"},{"@type":"Organization","@id":"https:\/\/www.pressenza.com\/es\/#organization","name":"Pressenza","url":"https:\/\/www.pressenza.com\/es\/","logo":{"@type":"ImageObject","inLanguage":"es","@id":"https:\/\/www.pressenza.com\/es\/#\/schema\/logo\/image\/","url":"https:\/\/www.pressenza.com\/wp-content\/uploads\/2022\/10\/pressenza_logo_200x200.jpg","contentUrl":"https:\/\/www.pressenza.com\/wp-content\/uploads\/2022\/10\/pressenza_logo_200x200.jpg","width":200,"height":200,"caption":"Pressenza"},"image":{"@id":"https:\/\/www.pressenza.com\/es\/#\/schema\/logo\/image\/"},"sameAs":["https:\/\/www.facebook.com\/PressenzaItalia","https:\/\/x.com\/PressenzaIPA"]},{"@type":"Person","@id":"https:\/\/www.pressenza.com\/es\/#\/schema\/person\/010e5d02bcf40965427a1289a4cc8d75","name":"Pressenza IPA","description":"News from Pressenza IPA correspondents","sameAs":["https:\/\/www.facebook.com\/pressenza","https:\/\/x.com\/PressenzaIPA"],"url":"https:\/\/www.pressenza.com\/es\/author\/pressenza-ipa\/"}]}},"place":"Camberra","original_article_url":"","_links":{"self":[{"href":"https:\/\/www.pressenza.com\/es\/wp-json\/wp\/v2\/posts\/908","targetHints":{"allow":["GET"]}}],"collection":[{"href":"https:\/\/www.pressenza.com\/es\/wp-json\/wp\/v2\/posts"}],"about":[{"href":"https:\/\/www.pressenza.com\/es\/wp-json\/wp\/v2\/types\/post"}],"author":[{"embeddable":true,"href":"https:\/\/www.pressenza.com\/es\/wp-json\/wp\/v2\/users\/19"}],"replies":[{"embeddable":true,"href":"https:\/\/www.pressenza.com\/es\/wp-json\/wp\/v2\/comments?post=908"}],"version-history":[{"count":0,"href":"https:\/\/www.pressenza.com\/es\/wp-json\/wp\/v2\/posts\/908\/revisions"}],"wp:attachment":[{"href":"https:\/\/www.pressenza.com\/es\/wp-json\/wp\/v2\/media?parent=908"}],"wp:term":[{"taxonomy":"category","embeddable":true,"href":"https:\/\/www.pressenza.com\/es\/wp-json\/wp\/v2\/categories?post=908"},{"taxonomy":"post_tag","embeddable":true,"href":"https:\/\/www.pressenza.com\/es\/wp-json\/wp\/v2\/tags?post=908"}],"curies":[{"name":"wp","href":"https:\/\/api.w.org\/{rel}","templated":true}]}}