{"id":907576,"date":"2019-08-25T04:36:10","date_gmt":"2019-08-25T03:36:10","guid":{"rendered":"https:\/\/www.pressenza.com\/?p=907576"},"modified":"2019-08-25T04:36:10","modified_gmt":"2019-08-25T03:36:10","slug":"crisis-gubernamental-entre-la-emergencia-y-el-resurgimiento","status":"publish","type":"post","link":"https:\/\/www.pressenza.com\/es\/2019\/08\/crisis-gubernamental-entre-la-emergencia-y-el-resurgimiento\/","title":{"rendered":"Crisis gubernamental: entre la emergencia y el resurgimiento"},"content":{"rendered":"<p>No me sorprende que este gobierno haya ca\u00eddo. Me sorprende que haya iniciado. Sin una visi\u00f3n de sociedad, sin un proyecto social y ambiental, el gobierno amarillo y verde se form\u00f3 con el \u00fanico objetivo de permitir que las dos fuerzas tomaran el poder y pudieran consolidarse, cada una por su lado, d\u00e1ndose cuenta de los intereses de cada una de las dos partes para fortalecer el consenso en su propio \u00e1mbito electoral: la lucha contra la inmigraci\u00f3n, cien impuestos fijos para la Liga, los ingresos de la ciudadan\u00eda, un poco de moralidad pol\u00edtica y una reducci\u00f3n del n\u00famero de parlamentarios del partido M-5S.<\/p>\n<p>Una postura indistinta de ambas partes que se basaba en el supuesto de que lo que le interesaba a una de ellas no compromet\u00eda lo que le interesaba a la otra. Y al principio funcion\u00f3 en decisiones que causaban sufrimiento a los que no tienen poder (migrantes) y garantizaban mejoras a ciertas categor\u00edas (jubilados y sin ingresos) sin disgustar a nadie porque estaban endeudados, luego se sacaron los trapos al sol a la hora de abordar cuestiones en las que existen diferencias, no s\u00e9 si por c\u00e1lculos electorales o por una profunda convicci\u00f3n. Me refiero en particular a la autonom\u00eda regional y a las grandes obras, en las que una de las dos partes tuvo que ceder y salir impune de su electorado. Como es de nuestro conocimiento: la presencia en el gobierno le permiti\u00f3 a Salvini llevar a cabo su canallada xen\u00f3foba duplicando el consenso, mientras que el M5S se ha reducido a la mitad, tal vez destinado a un declive lento, pero inexorable. Un meteorito que seg\u00fan parece desapareci\u00f3 porque sin una clara intenci\u00f3n e identidad se crea un fuego de paja, no una llama que dure. Las aclamaciones se construyen a partir esto, no un gobierno. Para gobernar un pa\u00eds se necesita una idea de sociedad y econom\u00eda, que, lamento decir, el M5S no tiene, oscilando entre crecimiento y decrecimiento, mercantilismo y dirigismo, europe\u00edsmo y nacionalismo, sobriedad y consumismo, rigor y deuda.<\/p>\n<p>Ahora tenemos dos problemas: amortiguar la emergencia y construir un proyecto a largo plazo. En cuanto a la emergencia, estar\u00eda a favor de una soluci\u00f3n que posponga las elecciones: servir\u00eda para enfriar el consenso hacia Salvini, a quien considero una amenaza real al autoritarismo, al individualismo, al esp\u00edritu xen\u00f3fobo, a la voluntad arrolladora de derribar el terreno com\u00fan. Un gobierno de transici\u00f3n que intente remediar las peores medidas anti-migrantes del a\u00f1o pasado, que intente evitar el aumento del IVA, que intente detener las crisis industriales en curso, que intente introducir medidas correctivas hacia una mayor equidad y el fortalecimiento de servicios esenciales como la salud y la educaci\u00f3n, que intente impulsar el empleo en el sector p\u00fablico. En resumen, que intenta hacer un cambio en el riguroso neoliberalismo que nos ha gobernado en los \u00faltimos a\u00f1os y que ha llevado a un aumento de los h\u00e1bitos precarios en nuestro pa\u00eds. Dada la distribuci\u00f3n de fuerzas en el Parlamento, no creo que sea posible un gobierno a largo plazo. Para un programa de gobierno duradero, necesitamos una unidad de pensamiento que no existe hoy en d\u00eda, por lo que es mejor ser honestos y hacer s\u00f3lo lo que se puede hacer, que es limitar el da\u00f1o.<\/p>\n<p>Al mismo tiempo, tenemos que trabajar por la reactivaci\u00f3n de una visi\u00f3n pol\u00edtica capaz de abordar los problemas que cinco siglos de subdesarrollo nos han dejado como legado. Y aqu\u00ed no tiene sentido encerrarnos en la vieja visi\u00f3n nacionalista que divide al mundo en banderas. Por el contrario, necesitamos una visi\u00f3n clara de los valores y la conciencia de que el problema no es Europa como principio, sino Europa como aplicaci\u00f3n. El problema no es Alemania, el problema es una visi\u00f3n de Europa que ha colocado los principios mercantilistas en la base de su construcci\u00f3n, lo que ha dado lugar a una cierta gesti\u00f3n del euro, una cierta gesti\u00f3n de la deuda p\u00fablica, una intensificaci\u00f3n de la competencia entre los Estados miembros basada en la reducci\u00f3n salarial y unos sistemas fiscales cada vez m\u00e1s flexibles para las empresas. Necesitamos la capacidad de reconocer nuestros errores hist\u00f3ricos hacia el Sur y de cambiar las reglas del comercio y la cooperaci\u00f3n internacional para corregir las distorsiones m\u00e1s graves que la migraci\u00f3n forzada causa hoy en d\u00eda. Necesitamos la capacidad de pensar en un verdadero proyecto de transici\u00f3n ecol\u00f3gica que no se limite al sector energ\u00e9tico, sino que se extienda a la econom\u00eda circular y a formas m\u00e1s racionales de consumo para ahorrar en todas las materias primas y reducir la producci\u00f3n de todos los residuos. El aplazamiento de las elecciones podr\u00eda darnos tiempo para devolver el debate pol\u00edtico a los verdaderos temas que tenemos ante nosotros y dejar claro que s\u00f3lo con una nueva visi\u00f3n inspirada en la inclusi\u00f3n, la justicia, el bien com\u00fan y la sostenibilidad podremos garantizar no s\u00f3lo un futuro, sino tambi\u00e9n encontrar soluciones a los problemas m\u00e1s urgentes que nos preocupan hoy.<\/p>\n<hr \/>\n<p><em>Traducci\u00f3n del italiano por Nicole Salas<\/em><\/p>\n","protected":false},"excerpt":{"rendered":"<p>No me sorprende que este gobierno haya ca\u00eddo. Me sorprende que haya iniciado. Sin una visi\u00f3n de sociedad, sin un proyecto social y ambiental, el gobierno amarillo y verde se form\u00f3 con el \u00fanico objetivo de permitir que las dos&hellip;<\/p>\n","protected":false},"author":999,"featured_media":905893,"comment_status":"closed","ping_status":"closed","sticky":false,"template":"","format":"standard","meta":{"footnotes":""},"categories":[11389,66,161,74],"tags":[43143,62880,953,40643,54175,63052],"class_list":["post-907576","post","type-post","status-publish","format-standard","has-post-thumbnail","hentry","category-contenido-original","category-europa-es","category-opiniones","category-politica-es","tag-5-estrellas","tag-crisis-de-gobierno","tag-europa-es-2","tag-liga","tag-migrantes-es","tag-transicion-ecologica"],"yoast_head":"<!-- This site is optimized with the Yoast SEO plugin v27.1.1 - https:\/\/yoast.com\/product\/yoast-seo-wordpress\/ -->\n<title>Crisis gubernamental: entre la emergencia y el resurgimiento<\/title>\n<meta name=\"description\" content=\"No me sorprende que este gobierno haya ca\u00eddo. Me sorprende que haya iniciado. Sin una visi\u00f3n de sociedad, sin un proyecto social y ambiental, el gobierno\" \/>\n<meta name=\"robots\" content=\"index, follow, max-snippet:-1, max-image-preview:large, max-video-preview:-1\" \/>\n<link rel=\"canonical\" href=\"https:\/\/www.pressenza.com\/es\/2019\/08\/crisis-gubernamental-entre-la-emergencia-y-el-resurgimiento\/\" \/>\n<meta property=\"og:locale\" content=\"es_ES\" \/>\n<meta property=\"og:type\" content=\"article\" \/>\n<meta property=\"og:title\" content=\"Crisis gubernamental: entre la emergencia y el resurgimiento\" \/>\n<meta property=\"og:description\" content=\"No me sorprende que este gobierno haya ca\u00eddo. Me sorprende que haya iniciado. Sin una visi\u00f3n de sociedad, sin un proyecto social y ambiental, el gobierno\" \/>\n<meta property=\"og:url\" content=\"https:\/\/www.pressenza.com\/es\/2019\/08\/crisis-gubernamental-entre-la-emergencia-y-el-resurgimiento\/\" \/>\n<meta property=\"og:site_name\" content=\"Pressenza\" \/>\n<meta property=\"article:publisher\" content=\"https:\/\/www.facebook.com\/PressenzaItalia\" \/>\n<meta property=\"article:published_time\" content=\"2019-08-25T03:36:10+00:00\" \/>\n<meta property=\"og:image\" content=\"https:\/\/www.pressenza.com\/wp-content\/uploads\/2019\/08\/Conte-Di-Maio-e-Salvini.jpg\" \/>\n\t<meta property=\"og:image:width\" content=\"1200\" \/>\n\t<meta property=\"og:image:height\" content=\"798\" \/>\n\t<meta property=\"og:image:type\" content=\"image\/jpeg\" \/>\n<meta name=\"author\" content=\"Francesco Gesualdi\" \/>\n<meta name=\"twitter:card\" content=\"summary_large_image\" \/>\n<meta name=\"twitter:creator\" content=\"@PressenzaIPA\" \/>\n<meta name=\"twitter:site\" content=\"@PressenzaIPA\" \/>\n<meta name=\"twitter:label1\" content=\"Escrito por\" \/>\n\t<meta name=\"twitter:data1\" content=\"Francesco Gesualdi\" \/>\n\t<meta name=\"twitter:label2\" content=\"Tiempo de lectura\" \/>\n\t<meta name=\"twitter:data2\" content=\"5 minutos\" \/>\n<script type=\"application\/ld+json\" class=\"yoast-schema-graph\">{\"@context\":\"https:\/\/schema.org\",\"@graph\":[{\"@type\":\"Article\",\"@id\":\"https:\/\/www.pressenza.com\/es\/2019\/08\/crisis-gubernamental-entre-la-emergencia-y-el-resurgimiento\/#article\",\"isPartOf\":{\"@id\":\"https:\/\/www.pressenza.com\/es\/2019\/08\/crisis-gubernamental-entre-la-emergencia-y-el-resurgimiento\/\"},\"author\":{\"name\":\"Francesco Gesualdi\",\"@id\":\"https:\/\/www.pressenza.com\/es\/#\/schema\/person\/917a3e02e872b079ec9f4bdf7fe2b93d\"},\"headline\":\"Crisis gubernamental: entre la emergencia y el resurgimiento\",\"datePublished\":\"2019-08-25T03:36:10+00:00\",\"mainEntityOfPage\":{\"@id\":\"https:\/\/www.pressenza.com\/es\/2019\/08\/crisis-gubernamental-entre-la-emergencia-y-el-resurgimiento\/\"},\"wordCount\":916,\"publisher\":{\"@id\":\"https:\/\/www.pressenza.com\/es\/#organization\"},\"image\":{\"@id\":\"https:\/\/www.pressenza.com\/es\/2019\/08\/crisis-gubernamental-entre-la-emergencia-y-el-resurgimiento\/#primaryimage\"},\"thumbnailUrl\":\"https:\/\/www.pressenza.com\/wp-content\/uploads\/2019\/08\/Conte-Di-Maio-e-Salvini.jpg\",\"keywords\":[\"5 Estrellas\",\"crisis de gobierno\",\"Europa\",\"liga\",\"migrantes\",\"transici\u00f3n ecol\u00f3gica\"],\"articleSection\":[\"Contenido Original\",\"Europa\",\"Opiniones\",\"Pol\u00edtica\"],\"inLanguage\":\"es\"},{\"@type\":\"WebPage\",\"@id\":\"https:\/\/www.pressenza.com\/es\/2019\/08\/crisis-gubernamental-entre-la-emergencia-y-el-resurgimiento\/\",\"url\":\"https:\/\/www.pressenza.com\/es\/2019\/08\/crisis-gubernamental-entre-la-emergencia-y-el-resurgimiento\/\",\"name\":\"Crisis gubernamental: entre la emergencia y el resurgimiento\",\"isPartOf\":{\"@id\":\"https:\/\/www.pressenza.com\/es\/#website\"},\"primaryImageOfPage\":{\"@id\":\"https:\/\/www.pressenza.com\/es\/2019\/08\/crisis-gubernamental-entre-la-emergencia-y-el-resurgimiento\/#primaryimage\"},\"image\":{\"@id\":\"https:\/\/www.pressenza.com\/es\/2019\/08\/crisis-gubernamental-entre-la-emergencia-y-el-resurgimiento\/#primaryimage\"},\"thumbnailUrl\":\"https:\/\/www.pressenza.com\/wp-content\/uploads\/2019\/08\/Conte-Di-Maio-e-Salvini.jpg\",\"datePublished\":\"2019-08-25T03:36:10+00:00\",\"description\":\"No me sorprende que este gobierno haya ca\u00eddo. Me sorprende que haya iniciado. Sin una visi\u00f3n de sociedad, sin un proyecto social y ambiental, el gobierno\",\"breadcrumb\":{\"@id\":\"https:\/\/www.pressenza.com\/es\/2019\/08\/crisis-gubernamental-entre-la-emergencia-y-el-resurgimiento\/#breadcrumb\"},\"inLanguage\":\"es\",\"potentialAction\":[{\"@type\":\"ReadAction\",\"target\":[\"https:\/\/www.pressenza.com\/es\/2019\/08\/crisis-gubernamental-entre-la-emergencia-y-el-resurgimiento\/\"]}]},{\"@type\":\"ImageObject\",\"inLanguage\":\"es\",\"@id\":\"https:\/\/www.pressenza.com\/es\/2019\/08\/crisis-gubernamental-entre-la-emergencia-y-el-resurgimiento\/#primaryimage\",\"url\":\"https:\/\/www.pressenza.com\/wp-content\/uploads\/2019\/08\/Conte-Di-Maio-e-Salvini.jpg\",\"contentUrl\":\"https:\/\/www.pressenza.com\/wp-content\/uploads\/2019\/08\/Conte-Di-Maio-e-Salvini.jpg\",\"width\":1200,\"height\":798},{\"@type\":\"BreadcrumbList\",\"@id\":\"https:\/\/www.pressenza.com\/es\/2019\/08\/crisis-gubernamental-entre-la-emergencia-y-el-resurgimiento\/#breadcrumb\",\"itemListElement\":[{\"@type\":\"ListItem\",\"position\":1,\"name\":\"Accueil\",\"item\":\"https:\/\/www.pressenza.com\/es\/\"},{\"@type\":\"ListItem\",\"position\":2,\"name\":\"Crisis gubernamental: entre la emergencia y el resurgimiento\"}]},{\"@type\":\"WebSite\",\"@id\":\"https:\/\/www.pressenza.com\/es\/#website\",\"url\":\"https:\/\/www.pressenza.com\/es\/\",\"name\":\"Pressenza\",\"description\":\"International Press Agency\",\"publisher\":{\"@id\":\"https:\/\/www.pressenza.com\/es\/#organization\"},\"potentialAction\":[{\"@type\":\"SearchAction\",\"target\":{\"@type\":\"EntryPoint\",\"urlTemplate\":\"https:\/\/www.pressenza.com\/es\/?s={search_term_string}\"},\"query-input\":{\"@type\":\"PropertyValueSpecification\",\"valueRequired\":true,\"valueName\":\"search_term_string\"}}],\"inLanguage\":\"es\"},{\"@type\":\"Organization\",\"@id\":\"https:\/\/www.pressenza.com\/es\/#organization\",\"name\":\"Pressenza\",\"url\":\"https:\/\/www.pressenza.com\/es\/\",\"logo\":{\"@type\":\"ImageObject\",\"inLanguage\":\"es\",\"@id\":\"https:\/\/www.pressenza.com\/es\/#\/schema\/logo\/image\/\",\"url\":\"https:\/\/www.pressenza.com\/wp-content\/uploads\/2022\/10\/pressenza_logo_200x200.jpg\",\"contentUrl\":\"https:\/\/www.pressenza.com\/wp-content\/uploads\/2022\/10\/pressenza_logo_200x200.jpg\",\"width\":200,\"height\":200,\"caption\":\"Pressenza\"},\"image\":{\"@id\":\"https:\/\/www.pressenza.com\/es\/#\/schema\/logo\/image\/\"},\"sameAs\":[\"https:\/\/www.facebook.com\/PressenzaItalia\",\"https:\/\/x.com\/PressenzaIPA\"]},{\"@type\":\"Person\",\"@id\":\"https:\/\/www.pressenza.com\/es\/#\/schema\/person\/917a3e02e872b079ec9f4bdf7fe2b93d\",\"name\":\"Francesco Gesualdi\",\"description\":\"Francesco Gesualdi, gi\u00e0 allievo di don Milani, \u00e8 fondatore e coordinatore del Centro Nuovo Modello di Sviluppo di Vecchiano (Pisa), che si propone di ricercare nuove formule economiche capaci di garantire a tutti la soddisfazione dei bisogni fondamentali. Coordinatore di numerose campagne di pressione, \u00e8 tra i fondatori insieme ad Alex Zanotelli di Rete Lilliput. www.cnms.it\",\"sameAs\":[\"http:\/\/www.cnms.it\/\"],\"url\":\"https:\/\/www.pressenza.com\/es\/author\/francesco-gesualdi\/\"}]}<\/script>\n<!-- \/ Yoast SEO plugin. -->","yoast_head_json":{"title":"Crisis gubernamental: entre la emergencia y el resurgimiento","description":"No me sorprende que este gobierno haya ca\u00eddo. Me sorprende que haya iniciado. Sin una visi\u00f3n de sociedad, sin un proyecto social y ambiental, el gobierno","robots":{"index":"index","follow":"follow","max-snippet":"max-snippet:-1","max-image-preview":"max-image-preview:large","max-video-preview":"max-video-preview:-1"},"canonical":"https:\/\/www.pressenza.com\/es\/2019\/08\/crisis-gubernamental-entre-la-emergencia-y-el-resurgimiento\/","og_locale":"es_ES","og_type":"article","og_title":"Crisis gubernamental: entre la emergencia y el resurgimiento","og_description":"No me sorprende que este gobierno haya ca\u00eddo. Me sorprende que haya iniciado. Sin una visi\u00f3n de sociedad, sin un proyecto social y ambiental, el gobierno","og_url":"https:\/\/www.pressenza.com\/es\/2019\/08\/crisis-gubernamental-entre-la-emergencia-y-el-resurgimiento\/","og_site_name":"Pressenza","article_publisher":"https:\/\/www.facebook.com\/PressenzaItalia","article_published_time":"2019-08-25T03:36:10+00:00","og_image":[{"width":1200,"height":798,"url":"https:\/\/www.pressenza.com\/wp-content\/uploads\/2019\/08\/Conte-Di-Maio-e-Salvini.jpg","type":"image\/jpeg"}],"author":"Francesco Gesualdi","twitter_card":"summary_large_image","twitter_creator":"@PressenzaIPA","twitter_site":"@PressenzaIPA","twitter_misc":{"Escrito por":"Francesco Gesualdi","Tiempo de lectura":"5 minutos"},"schema":{"@context":"https:\/\/schema.org","@graph":[{"@type":"Article","@id":"https:\/\/www.pressenza.com\/es\/2019\/08\/crisis-gubernamental-entre-la-emergencia-y-el-resurgimiento\/#article","isPartOf":{"@id":"https:\/\/www.pressenza.com\/es\/2019\/08\/crisis-gubernamental-entre-la-emergencia-y-el-resurgimiento\/"},"author":{"name":"Francesco Gesualdi","@id":"https:\/\/www.pressenza.com\/es\/#\/schema\/person\/917a3e02e872b079ec9f4bdf7fe2b93d"},"headline":"Crisis gubernamental: entre la emergencia y el resurgimiento","datePublished":"2019-08-25T03:36:10+00:00","mainEntityOfPage":{"@id":"https:\/\/www.pressenza.com\/es\/2019\/08\/crisis-gubernamental-entre-la-emergencia-y-el-resurgimiento\/"},"wordCount":916,"publisher":{"@id":"https:\/\/www.pressenza.com\/es\/#organization"},"image":{"@id":"https:\/\/www.pressenza.com\/es\/2019\/08\/crisis-gubernamental-entre-la-emergencia-y-el-resurgimiento\/#primaryimage"},"thumbnailUrl":"https:\/\/www.pressenza.com\/wp-content\/uploads\/2019\/08\/Conte-Di-Maio-e-Salvini.jpg","keywords":["5 Estrellas","crisis de gobierno","Europa","liga","migrantes","transici\u00f3n ecol\u00f3gica"],"articleSection":["Contenido Original","Europa","Opiniones","Pol\u00edtica"],"inLanguage":"es"},{"@type":"WebPage","@id":"https:\/\/www.pressenza.com\/es\/2019\/08\/crisis-gubernamental-entre-la-emergencia-y-el-resurgimiento\/","url":"https:\/\/www.pressenza.com\/es\/2019\/08\/crisis-gubernamental-entre-la-emergencia-y-el-resurgimiento\/","name":"Crisis gubernamental: entre la emergencia y el resurgimiento","isPartOf":{"@id":"https:\/\/www.pressenza.com\/es\/#website"},"primaryImageOfPage":{"@id":"https:\/\/www.pressenza.com\/es\/2019\/08\/crisis-gubernamental-entre-la-emergencia-y-el-resurgimiento\/#primaryimage"},"image":{"@id":"https:\/\/www.pressenza.com\/es\/2019\/08\/crisis-gubernamental-entre-la-emergencia-y-el-resurgimiento\/#primaryimage"},"thumbnailUrl":"https:\/\/www.pressenza.com\/wp-content\/uploads\/2019\/08\/Conte-Di-Maio-e-Salvini.jpg","datePublished":"2019-08-25T03:36:10+00:00","description":"No me sorprende que este gobierno haya ca\u00eddo. Me sorprende que haya iniciado. Sin una visi\u00f3n de sociedad, sin un proyecto social y ambiental, el gobierno","breadcrumb":{"@id":"https:\/\/www.pressenza.com\/es\/2019\/08\/crisis-gubernamental-entre-la-emergencia-y-el-resurgimiento\/#breadcrumb"},"inLanguage":"es","potentialAction":[{"@type":"ReadAction","target":["https:\/\/www.pressenza.com\/es\/2019\/08\/crisis-gubernamental-entre-la-emergencia-y-el-resurgimiento\/"]}]},{"@type":"ImageObject","inLanguage":"es","@id":"https:\/\/www.pressenza.com\/es\/2019\/08\/crisis-gubernamental-entre-la-emergencia-y-el-resurgimiento\/#primaryimage","url":"https:\/\/www.pressenza.com\/wp-content\/uploads\/2019\/08\/Conte-Di-Maio-e-Salvini.jpg","contentUrl":"https:\/\/www.pressenza.com\/wp-content\/uploads\/2019\/08\/Conte-Di-Maio-e-Salvini.jpg","width":1200,"height":798},{"@type":"BreadcrumbList","@id":"https:\/\/www.pressenza.com\/es\/2019\/08\/crisis-gubernamental-entre-la-emergencia-y-el-resurgimiento\/#breadcrumb","itemListElement":[{"@type":"ListItem","position":1,"name":"Accueil","item":"https:\/\/www.pressenza.com\/es\/"},{"@type":"ListItem","position":2,"name":"Crisis gubernamental: entre la emergencia y el resurgimiento"}]},{"@type":"WebSite","@id":"https:\/\/www.pressenza.com\/es\/#website","url":"https:\/\/www.pressenza.com\/es\/","name":"Pressenza","description":"International Press Agency","publisher":{"@id":"https:\/\/www.pressenza.com\/es\/#organization"},"potentialAction":[{"@type":"SearchAction","target":{"@type":"EntryPoint","urlTemplate":"https:\/\/www.pressenza.com\/es\/?s={search_term_string}"},"query-input":{"@type":"PropertyValueSpecification","valueRequired":true,"valueName":"search_term_string"}}],"inLanguage":"es"},{"@type":"Organization","@id":"https:\/\/www.pressenza.com\/es\/#organization","name":"Pressenza","url":"https:\/\/www.pressenza.com\/es\/","logo":{"@type":"ImageObject","inLanguage":"es","@id":"https:\/\/www.pressenza.com\/es\/#\/schema\/logo\/image\/","url":"https:\/\/www.pressenza.com\/wp-content\/uploads\/2022\/10\/pressenza_logo_200x200.jpg","contentUrl":"https:\/\/www.pressenza.com\/wp-content\/uploads\/2022\/10\/pressenza_logo_200x200.jpg","width":200,"height":200,"caption":"Pressenza"},"image":{"@id":"https:\/\/www.pressenza.com\/es\/#\/schema\/logo\/image\/"},"sameAs":["https:\/\/www.facebook.com\/PressenzaItalia","https:\/\/x.com\/PressenzaIPA"]},{"@type":"Person","@id":"https:\/\/www.pressenza.com\/es\/#\/schema\/person\/917a3e02e872b079ec9f4bdf7fe2b93d","name":"Francesco Gesualdi","description":"Francesco Gesualdi, gi\u00e0 allievo di don Milani, \u00e8 fondatore e coordinatore del Centro Nuovo Modello di Sviluppo di Vecchiano (Pisa), che si propone di ricercare nuove formule economiche capaci di garantire a tutti la soddisfazione dei bisogni fondamentali. Coordinatore di numerose campagne di pressione, \u00e8 tra i fondatori insieme ad Alex Zanotelli di Rete Lilliput. www.cnms.it","sameAs":["http:\/\/www.cnms.it\/"],"url":"https:\/\/www.pressenza.com\/es\/author\/francesco-gesualdi\/"}]}},"place":"","original_article_url":"","_links":{"self":[{"href":"https:\/\/www.pressenza.com\/es\/wp-json\/wp\/v2\/posts\/907576","targetHints":{"allow":["GET"]}}],"collection":[{"href":"https:\/\/www.pressenza.com\/es\/wp-json\/wp\/v2\/posts"}],"about":[{"href":"https:\/\/www.pressenza.com\/es\/wp-json\/wp\/v2\/types\/post"}],"author":[{"embeddable":true,"href":"https:\/\/www.pressenza.com\/es\/wp-json\/wp\/v2\/users\/999"}],"replies":[{"embeddable":true,"href":"https:\/\/www.pressenza.com\/es\/wp-json\/wp\/v2\/comments?post=907576"}],"version-history":[{"count":0,"href":"https:\/\/www.pressenza.com\/es\/wp-json\/wp\/v2\/posts\/907576\/revisions"}],"wp:featuredmedia":[{"embeddable":true,"href":"https:\/\/www.pressenza.com\/es\/wp-json\/wp\/v2\/media\/905893"}],"wp:attachment":[{"href":"https:\/\/www.pressenza.com\/es\/wp-json\/wp\/v2\/media?parent=907576"}],"wp:term":[{"taxonomy":"category","embeddable":true,"href":"https:\/\/www.pressenza.com\/es\/wp-json\/wp\/v2\/categories?post=907576"},{"taxonomy":"post_tag","embeddable":true,"href":"https:\/\/www.pressenza.com\/es\/wp-json\/wp\/v2\/tags?post=907576"}],"curies":[{"name":"wp","href":"https:\/\/api.w.org\/{rel}","templated":true}]}}