{"id":90627,"date":"2014-02-26T20:12:18","date_gmt":"2014-02-26T20:12:18","guid":{"rendered":"http:\/\/www.pressenza.com\/?p=90627"},"modified":"2014-02-27T00:51:11","modified_gmt":"2014-02-27T00:51:11","slug":"ecuador-acercamiento-postelectoral","status":"publish","type":"post","link":"https:\/\/www.pressenza.com\/es\/2014\/02\/ecuador-acercamiento-postelectoral\/","title":{"rendered":"Ecuador: acercamiento postelectoral"},"content":{"rendered":"<p>El pasado domingo 23 de febrero se llev\u00f3 adelante la jornada electoral para autoridades locales; autoridades de juntas parroquiales, alcald\u00edas, concejal\u00edas municipales, prefecturas y consejos provinciales, es decir, m\u00e1s de cinco mil cargos de representaci\u00f3n pol\u00edtica estuvieron en juego.\u00a0 Setenta y dos horas despu\u00e9s y con m\u00e1s del 50% de las actas escrutadas,\u00a0 es posible confirmar datos y aventurar algunas interpretaciones al nuevo panorama pol\u00edtico del pa\u00eds, despu\u00e9s del primer a\u00f1o del segundo mandato de Rafael Correa.<\/p>\n<p>&#8211; \u00a0 Alianza Pa\u00eds contin\u00faa siendo la primera fuerza pol\u00edtica en Ecuador. Han ganado al momento 10 de las 24 prefecturas y 60 de las m\u00e1s de 200 alcald\u00edas. Los datos no dejan duda. Sin embargo, el partido de gobierno perdi\u00f3 las alcald\u00edas de Quito, la capital del pa\u00eds y Cuenca, la tercera. En t\u00e9rminos de peso pol\u00edtico y de opini\u00f3n, y considerando que en las dos ciudades, hace un a\u00f1o, Alianza Pa\u00eds obtuvo un triunfo contundente, es lo que el presidente Correa ha denominado un \u201crev\u00e9s electoral\u201d. \u00a0Los resultados en la amazon\u00eda ecuatoriana tampoco favorecieron al partido del presidente Correa. En el territorio amaz\u00f3nico recuper\u00f3 fuerza Pachakutik, el brazo pol\u00edtico de la Confederaci\u00f3n de Nacionalidades Ind\u00edgenas del Ecuador-CONAIE.<\/p>\n<p>&nbsp;<\/p>\n<p>Los an\u00e1lisis no se han hecho esperar y los hay de todo tipo. En primer lugar, estos resultados podr\u00edan estar se\u00f1alando un voto cr\u00edtico a la Revoluci\u00f3n Ciudadana que, durante este primer a\u00f1o de segundo mandato ha tomado decisiones que le han debilitado el apoyo de algunos sectores de la poblaci\u00f3n: la explotaci\u00f3n del Yasun\u00ed ITT, el veto a la despenalizaci\u00f3n del aborto en casos de violaci\u00f3n, el nuevo C\u00f3digo Integral Penal y la sanci\u00f3n al caricaturista Bonil, muy popular en Quito y Guayaquil , son ejemplos de decisiones que han producido un importante descontento. Para el caso de Quito, la decisi\u00f3n del partido de gobierno de\u00a0 apoyar visiblemente, con la figura del presidente, la campa\u00f1a del alcalde Augusto Barrera para su reelecci\u00f3n, parece haber jugado en contra de esta candidatura: Barrera obtuvo el 39% de la votaci\u00f3n mientras su contendor, Mauricio Rodas, quien apareci\u00f3 reci\u00e9n hace un a\u00f1o en la escena pol\u00edtica con el partido SUMA, constituido tambi\u00e9n hace un a\u00f1o, gan\u00f3 el 59% del favor de la poblaci\u00f3n quite\u00f1a.<\/p>\n<p>&nbsp;<\/p>\n<p>&#8211;\u00a0\u00a0\u00a0\u00a0\u00a0\u00a0\u00a0\u00a0\u00a0 En el escenario pol\u00edtico nacional, el partido AVANZA, definido como socialdem\u00f3crata y aliado de la gesti\u00f3n gubernamental (su presidente, Ramiro Gonz\u00e1lez, es el titular del recientemente creado Ministerio de Comercio Exterior), se ha constituido despu\u00e9s de estas elecciones en la segunda fuerza pol\u00edtica del pa\u00eds. En su segunda intervenci\u00f3n post-electoral, el pasado domingo 23 en la noche, el presidente Rafael Correa expres\u00f3 una cr\u00edtica a la dirigencia de Alianza Pa\u00eds por no haberse aliado a nivel nacional con este partido, con el que s\u00ed se aliaron hace un a\u00f1o para las elecciones presidenciales y legislativas. El presidente calific\u00f3 esta actitud como \u201csectarista\u201d y ayer, refiri\u00e9ndose nuevamente a este hecho, afirm\u00f3 que era un error de alguna militancia de PAIS creer que el movimiento era el fin: \u201cel fin es la patria\u201d, afirm\u00f3 con \u00e9nfasis. El presidente anunci\u00f3 tambi\u00e9n que habr\u00eda cambios en la dirigencia del partido en algunas provincias, proceso que seguramente se desarrollar\u00e1 en el marco del debate interno y la normativa del propio partido, como afirm\u00f3 el d\u00eda de hoy Betty Tola, Ministra de la Gesti\u00f3n de la Pol\u00edtica.<\/p>\n<p>&nbsp;<\/p>\n<p>&#8211;\u00a0\u00a0\u00a0\u00a0\u00a0\u00a0\u00a0\u00a0\u00a0 Otra sorpresa electoral la ha dado Pachacutik, el brazo pol\u00edtico de la Confederaci\u00f3n de Nacionalidades Ind\u00edgenas del Ecuador-CONAIE-, la organizaci\u00f3n hist\u00f3rica y m\u00e1s representativa de los pueblos y nacionalidades ind\u00edgenas del pa\u00eds. Pachacutik alcanz\u00f3 un alto porcentaje de cargos en todo el territorio amaz\u00f3nico. La interpretaci\u00f3n no se hace esperar: el desacuerdos de las organizaciones ind\u00edgenas con las decisiones de explotaci\u00f3n minera, petrolera y en general, con la l\u00ednea extractivista, se ha hecho sentir esta vez, a trav\u00e9s del voto.<\/p>\n<p>&nbsp;<\/p>\n<p>&#8211;\u00a0\u00a0\u00a0\u00a0\u00a0\u00a0\u00a0\u00a0\u00a0 En todo caso y como un hecho no menor, las fuerzas sumadas de Alianza Pa\u00eds, Avanza y Pachacutik nos muestran una tendencia al voto hacia la izquierda en todo el territorio nacional sin negar, por supuesto, el avance de la derecha: CREO, el partido del banquero Guillermo Lasso y SUMA, de Mauricio Rodas, se constituyen en t\u00e9rminos globales en la tercera fuerza, y esta s\u00ed de derecha, a nivel nacional.<\/p>\n<p>&nbsp;<\/p>\n<p>Este es un primer dibujo de los resultados electorales en Ecuador. El escenario ha cambiado.\u00a0 Hay m\u00e1s colores y menos verde flex . Quienes acompa\u00f1amos con esperanza el proceso de la Revoluci\u00f3n Ciudadana esperamos una actitud reflexiva y autocr\u00edtica que permita identificar errores, definir nuevas estrategias y corregir algunos rumbos y formas que debilitan el proyecto pol\u00edtico por el que Ecuador ha votado sistem\u00e1ticamente desde el a\u00f1o 2006; una actitud de apertura y di\u00e1logo que permita nuevos acercamientos y alianzas que fortalezcan las ganas del pueblo ecuatoriano de profundizar y radicalizar este proceso.<\/p>\n<p>Nota aclaratoria 1: todos en Ecuador sab\u00edamos que en febrero habr\u00eda cambios en el gabinete ministerial. Era un hecho anunciado. Su causa no son los resultados electorales sino la necesidad de renovar ese gabinete. La \u00fanica variante a este hecho ya anunciado es que ser\u00e1n considerados, como posibles ministros, miembros de Alianza Pa\u00eds que no ganaron en la contienda electoral.<\/p>\n<p>Nota aclaratoria 2: el avance de la derecha en Ecuador no es cosa menor y de ning\u00fan modo est\u00e1 desconectado con la estrategia de avance de la derecha en todo el continente. Pero esto es tema de otra reflexi\u00f3n.<\/p>\n","protected":false},"excerpt":{"rendered":"<p>El pasado domingo 23 de febrero se llev\u00f3 adelante la jornada electoral para autoridades locales; autoridades de juntas parroquiales, alcald\u00edas, concejal\u00edas municipales, prefecturas y consejos provinciales, es decir, m\u00e1s de cinco mil cargos de representaci\u00f3n pol\u00edtica estuvieron en juego.\u00a0 Setenta&hellip;<\/p>\n","protected":false},"author":454,"featured_media":90642,"comment_status":"closed","ping_status":"open","sticky":false,"template":"","format":"standard","meta":{"footnotes":""},"categories":[161,74,67],"tags":[],"class_list":["post-90627","post","type-post","status-publish","format-standard","has-post-thumbnail","hentry","category-opiniones","category-politica-es","category-sudamerica"],"yoast_head":"<!-- This site is optimized with the Yoast SEO plugin v27.1.1 - https:\/\/yoast.com\/product\/yoast-seo-wordpress\/ -->\n<title>Ecuador: acercamiento postelectoral<\/title>\n<meta name=\"description\" content=\"El pasado domingo 23 de febrero se llev\u00f3 adelante la jornada electoral para autoridades locales; autoridades de juntas parroquiales, alcald\u00edas,\" \/>\n<meta name=\"robots\" content=\"index, follow, max-snippet:-1, max-image-preview:large, max-video-preview:-1\" \/>\n<link rel=\"canonical\" href=\"https:\/\/www.pressenza.com\/es\/2014\/02\/ecuador-acercamiento-postelectoral\/\" \/>\n<meta property=\"og:locale\" content=\"es_ES\" \/>\n<meta property=\"og:type\" content=\"article\" \/>\n<meta property=\"og:title\" content=\"Ecuador: acercamiento postelectoral\" \/>\n<meta property=\"og:description\" content=\"El pasado domingo 23 de febrero se llev\u00f3 adelante la jornada electoral para autoridades locales; autoridades de juntas parroquiales, alcald\u00edas,\" \/>\n<meta property=\"og:url\" content=\"https:\/\/www.pressenza.com\/es\/2014\/02\/ecuador-acercamiento-postelectoral\/\" \/>\n<meta property=\"og:site_name\" content=\"Pressenza\" \/>\n<meta property=\"article:publisher\" content=\"https:\/\/www.facebook.com\/PressenzaItalia\" \/>\n<meta property=\"article:published_time\" content=\"2014-02-26T20:12:18+00:00\" \/>\n<meta property=\"article:modified_time\" content=\"2014-02-27T00:51:11+00:00\" \/>\n<meta property=\"og:image\" content=\"https:\/\/www.pressenza.com\/wp-content\/uploads\/2014\/02\/elecciones-ecuador-walker.jpg\" \/>\n\t<meta property=\"og:image:width\" content=\"960\" \/>\n\t<meta property=\"og:image:height\" content=\"711\" \/>\n\t<meta property=\"og:image:type\" content=\"image\/jpeg\" \/>\n<meta name=\"author\" content=\"Nelsy Lizarazo\" \/>\n<meta name=\"twitter:card\" content=\"summary_large_image\" \/>\n<meta name=\"twitter:creator\" content=\"@PressenzaIPA\" \/>\n<meta name=\"twitter:site\" content=\"@PressenzaIPA\" \/>\n<meta name=\"twitter:label1\" content=\"Escrito por\" \/>\n\t<meta name=\"twitter:data1\" content=\"Nelsy Lizarazo\" \/>\n\t<meta name=\"twitter:label2\" content=\"Tiempo de lectura\" \/>\n\t<meta name=\"twitter:data2\" content=\"5 minutos\" \/>\n<script type=\"application\/ld+json\" class=\"yoast-schema-graph\">{\"@context\":\"https:\/\/schema.org\",\"@graph\":[{\"@type\":\"Article\",\"@id\":\"https:\/\/www.pressenza.com\/es\/2014\/02\/ecuador-acercamiento-postelectoral\/#article\",\"isPartOf\":{\"@id\":\"https:\/\/www.pressenza.com\/es\/2014\/02\/ecuador-acercamiento-postelectoral\/\"},\"author\":{\"name\":\"Nelsy Lizarazo\",\"@id\":\"https:\/\/www.pressenza.com\/es\/#\/schema\/person\/25aa5b5c387ba3badce63b165da09f9c\"},\"headline\":\"Ecuador: acercamiento postelectoral\",\"datePublished\":\"2014-02-26T20:12:18+00:00\",\"dateModified\":\"2014-02-27T00:51:11+00:00\",\"mainEntityOfPage\":{\"@id\":\"https:\/\/www.pressenza.com\/es\/2014\/02\/ecuador-acercamiento-postelectoral\/\"},\"wordCount\":985,\"publisher\":{\"@id\":\"https:\/\/www.pressenza.com\/es\/#organization\"},\"image\":{\"@id\":\"https:\/\/www.pressenza.com\/es\/2014\/02\/ecuador-acercamiento-postelectoral\/#primaryimage\"},\"thumbnailUrl\":\"https:\/\/www.pressenza.com\/wp-content\/uploads\/2014\/02\/elecciones-ecuador-walker.jpg\",\"articleSection\":[\"Opiniones\",\"Pol\u00edtica\",\"Sudam\u00e9rica\"],\"inLanguage\":\"es\"},{\"@type\":\"WebPage\",\"@id\":\"https:\/\/www.pressenza.com\/es\/2014\/02\/ecuador-acercamiento-postelectoral\/\",\"url\":\"https:\/\/www.pressenza.com\/es\/2014\/02\/ecuador-acercamiento-postelectoral\/\",\"name\":\"Ecuador: acercamiento postelectoral\",\"isPartOf\":{\"@id\":\"https:\/\/www.pressenza.com\/es\/#website\"},\"primaryImageOfPage\":{\"@id\":\"https:\/\/www.pressenza.com\/es\/2014\/02\/ecuador-acercamiento-postelectoral\/#primaryimage\"},\"image\":{\"@id\":\"https:\/\/www.pressenza.com\/es\/2014\/02\/ecuador-acercamiento-postelectoral\/#primaryimage\"},\"thumbnailUrl\":\"https:\/\/www.pressenza.com\/wp-content\/uploads\/2014\/02\/elecciones-ecuador-walker.jpg\",\"datePublished\":\"2014-02-26T20:12:18+00:00\",\"dateModified\":\"2014-02-27T00:51:11+00:00\",\"description\":\"El pasado domingo 23 de febrero se llev\u00f3 adelante la jornada electoral para autoridades locales; autoridades de juntas parroquiales, alcald\u00edas,\",\"breadcrumb\":{\"@id\":\"https:\/\/www.pressenza.com\/es\/2014\/02\/ecuador-acercamiento-postelectoral\/#breadcrumb\"},\"inLanguage\":\"es\",\"potentialAction\":[{\"@type\":\"ReadAction\",\"target\":[\"https:\/\/www.pressenza.com\/es\/2014\/02\/ecuador-acercamiento-postelectoral\/\"]}]},{\"@type\":\"ImageObject\",\"inLanguage\":\"es\",\"@id\":\"https:\/\/www.pressenza.com\/es\/2014\/02\/ecuador-acercamiento-postelectoral\/#primaryimage\",\"url\":\"https:\/\/www.pressenza.com\/wp-content\/uploads\/2014\/02\/elecciones-ecuador-walker.jpg\",\"contentUrl\":\"https:\/\/www.pressenza.com\/wp-content\/uploads\/2014\/02\/elecciones-ecuador-walker.jpg\",\"width\":960,\"height\":711},{\"@type\":\"BreadcrumbList\",\"@id\":\"https:\/\/www.pressenza.com\/es\/2014\/02\/ecuador-acercamiento-postelectoral\/#breadcrumb\",\"itemListElement\":[{\"@type\":\"ListItem\",\"position\":1,\"name\":\"Accueil\",\"item\":\"https:\/\/www.pressenza.com\/es\/\"},{\"@type\":\"ListItem\",\"position\":2,\"name\":\"Ecuador: acercamiento postelectoral\"}]},{\"@type\":\"WebSite\",\"@id\":\"https:\/\/www.pressenza.com\/es\/#website\",\"url\":\"https:\/\/www.pressenza.com\/es\/\",\"name\":\"Pressenza\",\"description\":\"International Press Agency\",\"publisher\":{\"@id\":\"https:\/\/www.pressenza.com\/es\/#organization\"},\"potentialAction\":[{\"@type\":\"SearchAction\",\"target\":{\"@type\":\"EntryPoint\",\"urlTemplate\":\"https:\/\/www.pressenza.com\/es\/?s={search_term_string}\"},\"query-input\":{\"@type\":\"PropertyValueSpecification\",\"valueRequired\":true,\"valueName\":\"search_term_string\"}}],\"inLanguage\":\"es\"},{\"@type\":\"Organization\",\"@id\":\"https:\/\/www.pressenza.com\/es\/#organization\",\"name\":\"Pressenza\",\"url\":\"https:\/\/www.pressenza.com\/es\/\",\"logo\":{\"@type\":\"ImageObject\",\"inLanguage\":\"es\",\"@id\":\"https:\/\/www.pressenza.com\/es\/#\/schema\/logo\/image\/\",\"url\":\"https:\/\/www.pressenza.com\/wp-content\/uploads\/2022\/10\/pressenza_logo_200x200.jpg\",\"contentUrl\":\"https:\/\/www.pressenza.com\/wp-content\/uploads\/2022\/10\/pressenza_logo_200x200.jpg\",\"width\":200,\"height\":200,\"caption\":\"Pressenza\"},\"image\":{\"@id\":\"https:\/\/www.pressenza.com\/es\/#\/schema\/logo\/image\/\"},\"sameAs\":[\"https:\/\/www.facebook.com\/PressenzaItalia\",\"https:\/\/x.com\/PressenzaIPA\"]},{\"@type\":\"Person\",\"@id\":\"https:\/\/www.pressenza.com\/es\/#\/schema\/person\/25aa5b5c387ba3badce63b165da09f9c\",\"name\":\"Nelsy Lizarazo\",\"description\":\"Nelsy Lizarazo, Colombian, living in Quito, Ecuador. Professional background in philosophy, literature, political sciences and international relations.\",\"url\":\"https:\/\/www.pressenza.com\/es\/author\/nelsy-lizarazo\/\"}]}<\/script>\n<!-- \/ Yoast SEO plugin. -->","yoast_head_json":{"title":"Ecuador: acercamiento postelectoral","description":"El pasado domingo 23 de febrero se llev\u00f3 adelante la jornada electoral para autoridades locales; autoridades de juntas parroquiales, alcald\u00edas,","robots":{"index":"index","follow":"follow","max-snippet":"max-snippet:-1","max-image-preview":"max-image-preview:large","max-video-preview":"max-video-preview:-1"},"canonical":"https:\/\/www.pressenza.com\/es\/2014\/02\/ecuador-acercamiento-postelectoral\/","og_locale":"es_ES","og_type":"article","og_title":"Ecuador: acercamiento postelectoral","og_description":"El pasado domingo 23 de febrero se llev\u00f3 adelante la jornada electoral para autoridades locales; autoridades de juntas parroquiales, alcald\u00edas,","og_url":"https:\/\/www.pressenza.com\/es\/2014\/02\/ecuador-acercamiento-postelectoral\/","og_site_name":"Pressenza","article_publisher":"https:\/\/www.facebook.com\/PressenzaItalia","article_published_time":"2014-02-26T20:12:18+00:00","article_modified_time":"2014-02-27T00:51:11+00:00","og_image":[{"width":960,"height":711,"url":"https:\/\/www.pressenza.com\/wp-content\/uploads\/2014\/02\/elecciones-ecuador-walker.jpg","type":"image\/jpeg"}],"author":"Nelsy Lizarazo","twitter_card":"summary_large_image","twitter_creator":"@PressenzaIPA","twitter_site":"@PressenzaIPA","twitter_misc":{"Escrito por":"Nelsy Lizarazo","Tiempo de lectura":"5 minutos"},"schema":{"@context":"https:\/\/schema.org","@graph":[{"@type":"Article","@id":"https:\/\/www.pressenza.com\/es\/2014\/02\/ecuador-acercamiento-postelectoral\/#article","isPartOf":{"@id":"https:\/\/www.pressenza.com\/es\/2014\/02\/ecuador-acercamiento-postelectoral\/"},"author":{"name":"Nelsy Lizarazo","@id":"https:\/\/www.pressenza.com\/es\/#\/schema\/person\/25aa5b5c387ba3badce63b165da09f9c"},"headline":"Ecuador: acercamiento postelectoral","datePublished":"2014-02-26T20:12:18+00:00","dateModified":"2014-02-27T00:51:11+00:00","mainEntityOfPage":{"@id":"https:\/\/www.pressenza.com\/es\/2014\/02\/ecuador-acercamiento-postelectoral\/"},"wordCount":985,"publisher":{"@id":"https:\/\/www.pressenza.com\/es\/#organization"},"image":{"@id":"https:\/\/www.pressenza.com\/es\/2014\/02\/ecuador-acercamiento-postelectoral\/#primaryimage"},"thumbnailUrl":"https:\/\/www.pressenza.com\/wp-content\/uploads\/2014\/02\/elecciones-ecuador-walker.jpg","articleSection":["Opiniones","Pol\u00edtica","Sudam\u00e9rica"],"inLanguage":"es"},{"@type":"WebPage","@id":"https:\/\/www.pressenza.com\/es\/2014\/02\/ecuador-acercamiento-postelectoral\/","url":"https:\/\/www.pressenza.com\/es\/2014\/02\/ecuador-acercamiento-postelectoral\/","name":"Ecuador: acercamiento postelectoral","isPartOf":{"@id":"https:\/\/www.pressenza.com\/es\/#website"},"primaryImageOfPage":{"@id":"https:\/\/www.pressenza.com\/es\/2014\/02\/ecuador-acercamiento-postelectoral\/#primaryimage"},"image":{"@id":"https:\/\/www.pressenza.com\/es\/2014\/02\/ecuador-acercamiento-postelectoral\/#primaryimage"},"thumbnailUrl":"https:\/\/www.pressenza.com\/wp-content\/uploads\/2014\/02\/elecciones-ecuador-walker.jpg","datePublished":"2014-02-26T20:12:18+00:00","dateModified":"2014-02-27T00:51:11+00:00","description":"El pasado domingo 23 de febrero se llev\u00f3 adelante la jornada electoral para autoridades locales; autoridades de juntas parroquiales, alcald\u00edas,","breadcrumb":{"@id":"https:\/\/www.pressenza.com\/es\/2014\/02\/ecuador-acercamiento-postelectoral\/#breadcrumb"},"inLanguage":"es","potentialAction":[{"@type":"ReadAction","target":["https:\/\/www.pressenza.com\/es\/2014\/02\/ecuador-acercamiento-postelectoral\/"]}]},{"@type":"ImageObject","inLanguage":"es","@id":"https:\/\/www.pressenza.com\/es\/2014\/02\/ecuador-acercamiento-postelectoral\/#primaryimage","url":"https:\/\/www.pressenza.com\/wp-content\/uploads\/2014\/02\/elecciones-ecuador-walker.jpg","contentUrl":"https:\/\/www.pressenza.com\/wp-content\/uploads\/2014\/02\/elecciones-ecuador-walker.jpg","width":960,"height":711},{"@type":"BreadcrumbList","@id":"https:\/\/www.pressenza.com\/es\/2014\/02\/ecuador-acercamiento-postelectoral\/#breadcrumb","itemListElement":[{"@type":"ListItem","position":1,"name":"Accueil","item":"https:\/\/www.pressenza.com\/es\/"},{"@type":"ListItem","position":2,"name":"Ecuador: acercamiento postelectoral"}]},{"@type":"WebSite","@id":"https:\/\/www.pressenza.com\/es\/#website","url":"https:\/\/www.pressenza.com\/es\/","name":"Pressenza","description":"International Press Agency","publisher":{"@id":"https:\/\/www.pressenza.com\/es\/#organization"},"potentialAction":[{"@type":"SearchAction","target":{"@type":"EntryPoint","urlTemplate":"https:\/\/www.pressenza.com\/es\/?s={search_term_string}"},"query-input":{"@type":"PropertyValueSpecification","valueRequired":true,"valueName":"search_term_string"}}],"inLanguage":"es"},{"@type":"Organization","@id":"https:\/\/www.pressenza.com\/es\/#organization","name":"Pressenza","url":"https:\/\/www.pressenza.com\/es\/","logo":{"@type":"ImageObject","inLanguage":"es","@id":"https:\/\/www.pressenza.com\/es\/#\/schema\/logo\/image\/","url":"https:\/\/www.pressenza.com\/wp-content\/uploads\/2022\/10\/pressenza_logo_200x200.jpg","contentUrl":"https:\/\/www.pressenza.com\/wp-content\/uploads\/2022\/10\/pressenza_logo_200x200.jpg","width":200,"height":200,"caption":"Pressenza"},"image":{"@id":"https:\/\/www.pressenza.com\/es\/#\/schema\/logo\/image\/"},"sameAs":["https:\/\/www.facebook.com\/PressenzaItalia","https:\/\/x.com\/PressenzaIPA"]},{"@type":"Person","@id":"https:\/\/www.pressenza.com\/es\/#\/schema\/person\/25aa5b5c387ba3badce63b165da09f9c","name":"Nelsy Lizarazo","description":"Nelsy Lizarazo, Colombian, living in Quito, Ecuador. Professional background in philosophy, literature, political sciences and international relations.","url":"https:\/\/www.pressenza.com\/es\/author\/nelsy-lizarazo\/"}]}},"place":"","original_article_url":"","_links":{"self":[{"href":"https:\/\/www.pressenza.com\/es\/wp-json\/wp\/v2\/posts\/90627","targetHints":{"allow":["GET"]}}],"collection":[{"href":"https:\/\/www.pressenza.com\/es\/wp-json\/wp\/v2\/posts"}],"about":[{"href":"https:\/\/www.pressenza.com\/es\/wp-json\/wp\/v2\/types\/post"}],"author":[{"embeddable":true,"href":"https:\/\/www.pressenza.com\/es\/wp-json\/wp\/v2\/users\/454"}],"replies":[{"embeddable":true,"href":"https:\/\/www.pressenza.com\/es\/wp-json\/wp\/v2\/comments?post=90627"}],"version-history":[{"count":0,"href":"https:\/\/www.pressenza.com\/es\/wp-json\/wp\/v2\/posts\/90627\/revisions"}],"wp:featuredmedia":[{"embeddable":true,"href":"https:\/\/www.pressenza.com\/es\/wp-json\/wp\/v2\/media\/90642"}],"wp:attachment":[{"href":"https:\/\/www.pressenza.com\/es\/wp-json\/wp\/v2\/media?parent=90627"}],"wp:term":[{"taxonomy":"category","embeddable":true,"href":"https:\/\/www.pressenza.com\/es\/wp-json\/wp\/v2\/categories?post=90627"},{"taxonomy":"post_tag","embeddable":true,"href":"https:\/\/www.pressenza.com\/es\/wp-json\/wp\/v2\/tags?post=90627"}],"curies":[{"name":"wp","href":"https:\/\/api.w.org\/{rel}","templated":true}]}}