{"id":906,"date":"2009-08-11T00:00:00","date_gmt":"2009-08-11T00:00:00","guid":{"rendered":""},"modified":"2009-09-28T05:01:03","modified_gmt":"2009-09-28T05:01:03","slug":"nueva-oportunidad-para-la-paz-con-israel-trae-renovacixn-del-comitx-central-de-al-fatah","status":"publish","type":"post","link":"https:\/\/www.pressenza.com\/es\/2009\/08\/nueva-oportunidad-para-la-paz-con-israel-trae-renovacixn-del-comitx-central-de-al-fatah\/","title":{"rendered":"Nueva oportunidad para la Paz con Israel trae renovaci\u00f3n del Comit\u00e9 Central de Al-Fatah"},"content":{"rendered":"<p>Con resultados parciales se ha confirmado que el l\u00edder palestino Mahmoud Abbas ha renovado a 14 de los 18 miembros del Comit\u00e9 Central, en la primera elecci\u00f3n en 20 a\u00f1os.<\/p>\n<p>La \u201cvieja guardia\u201d ha sido acusada de corrupci\u00f3n lo que ayud\u00f3 al surgimiento del grupo Hamas en la Faja de Gaza, un grupo que da apoyo humanitario a la poblaci\u00f3n pero desconoce el derecho de existencia del Estado de Israel.<\/p>\n","protected":false},"excerpt":{"rendered":"<p>Tras 20 a\u00f1os sin elecciones, fue renovado el Comit\u00e9 Central de Al-Fatah, fundado en 1957 por Yasser Arafat. 14 de los 18 miembros han cambiado por representantes m\u00e1s j\u00f3venes. Al-Fatah ha rechazado la violencia y tiene como propuesta \u201cdos estados para dos pueblos\u201d siendo su condici\u00f3n m\u00e1s significativa la remoci\u00f3n por parte de Israel de los asentamientos jud\u00edos.<\/p>\n","protected":false},"author":19,"featured_media":0,"comment_status":"closed","ping_status":"open","sticky":false,"template":"","format":"standard","meta":{"footnotes":""},"categories":[71,74],"tags":[],"class_list":["post-906","post","type-post","status-publish","format-standard","hentry","category-medio-oriente-es","category-politica-es"],"yoast_head":"<!-- This site is optimized with the Yoast SEO plugin v27.1.1 - https:\/\/yoast.com\/product\/yoast-seo-wordpress\/ -->\n<title>Nueva oportunidad para la Paz con Israel trae renovaci\u00f3n del Comit\u00e9 Central de Al-Fatah<\/title>\n<meta name=\"description\" content=\"Tras 20 a\u00f1os sin elecciones, fue renovado el Comit\u00e9 Central de Al-Fatah, fundado en 1957 por Yasser Arafat. 14 de los 18 miembros han cambiado por representantes m\u00e1s j\u00f3venes. Al-Fatah ha rechazado la violencia y tiene como propuesta \u201cdos estados para dos pueblos\u201d siendo su condici\u00f3n m\u00e1s significativa la remoci\u00f3n por parte de Israel de los asentamientos jud\u00edos.\" \/>\n<meta name=\"robots\" content=\"index, follow, max-snippet:-1, max-image-preview:large, max-video-preview:-1\" \/>\n<link rel=\"canonical\" href=\"https:\/\/www.pressenza.com\/es\/2009\/08\/nueva-oportunidad-para-la-paz-con-israel-trae-renovacixn-del-comitx-central-de-al-fatah\/\" \/>\n<meta property=\"og:locale\" content=\"es_ES\" \/>\n<meta property=\"og:type\" content=\"article\" \/>\n<meta property=\"og:title\" content=\"Nueva oportunidad para la Paz con Israel trae renovaci\u00f3n del Comit\u00e9 Central de Al-Fatah\" \/>\n<meta property=\"og:description\" content=\"Tras 20 a\u00f1os sin elecciones, fue renovado el Comit\u00e9 Central de Al-Fatah, fundado en 1957 por Yasser Arafat. 14 de los 18 miembros han cambiado por representantes m\u00e1s j\u00f3venes. Al-Fatah ha rechazado la violencia y tiene como propuesta \u201cdos estados para dos pueblos\u201d siendo su condici\u00f3n m\u00e1s significativa la remoci\u00f3n por parte de Israel de los asentamientos jud\u00edos.\" \/>\n<meta property=\"og:url\" content=\"https:\/\/www.pressenza.com\/es\/2009\/08\/nueva-oportunidad-para-la-paz-con-israel-trae-renovacixn-del-comitx-central-de-al-fatah\/\" \/>\n<meta property=\"og:site_name\" content=\"Pressenza\" \/>\n<meta property=\"article:publisher\" content=\"https:\/\/www.facebook.com\/PressenzaItalia\" \/>\n<meta property=\"article:author\" content=\"https:\/\/www.facebook.com\/pressenza\" \/>\n<meta property=\"article:published_time\" content=\"2009-08-11T00:00:00+00:00\" \/>\n<meta property=\"article:modified_time\" content=\"2009-09-28T05:01:03+00:00\" \/>\n<meta name=\"author\" content=\"Pressenza IPA\" \/>\n<meta name=\"twitter:card\" content=\"summary_large_image\" \/>\n<meta name=\"twitter:creator\" content=\"@PressenzaIPA\" \/>\n<meta name=\"twitter:site\" content=\"@PressenzaIPA\" \/>\n<meta name=\"twitter:label1\" content=\"Escrito por\" \/>\n\t<meta name=\"twitter:data1\" content=\"Pressenza IPA\" \/>\n<script type=\"application\/ld+json\" class=\"yoast-schema-graph\">{\"@context\":\"https:\/\/schema.org\",\"@graph\":[{\"@type\":\"Article\",\"@id\":\"https:\/\/www.pressenza.com\/es\/2009\/08\/nueva-oportunidad-para-la-paz-con-israel-trae-renovacixn-del-comitx-central-de-al-fatah\/#article\",\"isPartOf\":{\"@id\":\"https:\/\/www.pressenza.com\/es\/2009\/08\/nueva-oportunidad-para-la-paz-con-israel-trae-renovacixn-del-comitx-central-de-al-fatah\/\"},\"author\":{\"name\":\"Pressenza IPA\",\"@id\":\"https:\/\/www.pressenza.com\/es\/#\/schema\/person\/010e5d02bcf40965427a1289a4cc8d75\"},\"headline\":\"Nueva oportunidad para la Paz con Israel trae renovaci\u00f3n del Comit\u00e9 Central de Al-Fatah\",\"datePublished\":\"2009-08-11T00:00:00+00:00\",\"dateModified\":\"2009-09-28T05:01:03+00:00\",\"mainEntityOfPage\":{\"@id\":\"https:\/\/www.pressenza.com\/es\/2009\/08\/nueva-oportunidad-para-la-paz-con-israel-trae-renovacixn-del-comitx-central-de-al-fatah\/\"},\"wordCount\":87,\"publisher\":{\"@id\":\"https:\/\/www.pressenza.com\/es\/#organization\"},\"articleSection\":[\"Medio Oriente\",\"Pol\u00edtica\"],\"inLanguage\":\"es\"},{\"@type\":\"WebPage\",\"@id\":\"https:\/\/www.pressenza.com\/es\/2009\/08\/nueva-oportunidad-para-la-paz-con-israel-trae-renovacixn-del-comitx-central-de-al-fatah\/\",\"url\":\"https:\/\/www.pressenza.com\/es\/2009\/08\/nueva-oportunidad-para-la-paz-con-israel-trae-renovacixn-del-comitx-central-de-al-fatah\/\",\"name\":\"Nueva oportunidad para la Paz con Israel trae renovaci\u00f3n del Comit\u00e9 Central de Al-Fatah\",\"isPartOf\":{\"@id\":\"https:\/\/www.pressenza.com\/es\/#website\"},\"datePublished\":\"2009-08-11T00:00:00+00:00\",\"dateModified\":\"2009-09-28T05:01:03+00:00\",\"description\":\"Tras 20 a\u00f1os sin elecciones, fue renovado el Comit\u00e9 Central de Al-Fatah, fundado en 1957 por Yasser Arafat. 14 de los 18 miembros han cambiado por representantes m\u00e1s j\u00f3venes. Al-Fatah ha rechazado la violencia y tiene como propuesta \u201cdos estados para dos pueblos\u201d siendo su condici\u00f3n m\u00e1s significativa la remoci\u00f3n por parte de Israel de los asentamientos jud\u00edos.\",\"breadcrumb\":{\"@id\":\"https:\/\/www.pressenza.com\/es\/2009\/08\/nueva-oportunidad-para-la-paz-con-israel-trae-renovacixn-del-comitx-central-de-al-fatah\/#breadcrumb\"},\"inLanguage\":\"es\",\"potentialAction\":[{\"@type\":\"ReadAction\",\"target\":[\"https:\/\/www.pressenza.com\/es\/2009\/08\/nueva-oportunidad-para-la-paz-con-israel-trae-renovacixn-del-comitx-central-de-al-fatah\/\"]}]},{\"@type\":\"BreadcrumbList\",\"@id\":\"https:\/\/www.pressenza.com\/es\/2009\/08\/nueva-oportunidad-para-la-paz-con-israel-trae-renovacixn-del-comitx-central-de-al-fatah\/#breadcrumb\",\"itemListElement\":[{\"@type\":\"ListItem\",\"position\":1,\"name\":\"Accueil\",\"item\":\"https:\/\/www.pressenza.com\/es\/\"},{\"@type\":\"ListItem\",\"position\":2,\"name\":\"Nueva oportunidad para la Paz con Israel trae renovaci\u00f3n del Comit\u00e9 Central de Al-Fatah\"}]},{\"@type\":\"WebSite\",\"@id\":\"https:\/\/www.pressenza.com\/es\/#website\",\"url\":\"https:\/\/www.pressenza.com\/es\/\",\"name\":\"Pressenza\",\"description\":\"International Press Agency\",\"publisher\":{\"@id\":\"https:\/\/www.pressenza.com\/es\/#organization\"},\"potentialAction\":[{\"@type\":\"SearchAction\",\"target\":{\"@type\":\"EntryPoint\",\"urlTemplate\":\"https:\/\/www.pressenza.com\/es\/?s={search_term_string}\"},\"query-input\":{\"@type\":\"PropertyValueSpecification\",\"valueRequired\":true,\"valueName\":\"search_term_string\"}}],\"inLanguage\":\"es\"},{\"@type\":\"Organization\",\"@id\":\"https:\/\/www.pressenza.com\/es\/#organization\",\"name\":\"Pressenza\",\"url\":\"https:\/\/www.pressenza.com\/es\/\",\"logo\":{\"@type\":\"ImageObject\",\"inLanguage\":\"es\",\"@id\":\"https:\/\/www.pressenza.com\/es\/#\/schema\/logo\/image\/\",\"url\":\"https:\/\/www.pressenza.com\/wp-content\/uploads\/2022\/10\/pressenza_logo_200x200.jpg\",\"contentUrl\":\"https:\/\/www.pressenza.com\/wp-content\/uploads\/2022\/10\/pressenza_logo_200x200.jpg\",\"width\":200,\"height\":200,\"caption\":\"Pressenza\"},\"image\":{\"@id\":\"https:\/\/www.pressenza.com\/es\/#\/schema\/logo\/image\/\"},\"sameAs\":[\"https:\/\/www.facebook.com\/PressenzaItalia\",\"https:\/\/x.com\/PressenzaIPA\"]},{\"@type\":\"Person\",\"@id\":\"https:\/\/www.pressenza.com\/es\/#\/schema\/person\/010e5d02bcf40965427a1289a4cc8d75\",\"name\":\"Pressenza IPA\",\"description\":\"News from Pressenza IPA correspondents\",\"sameAs\":[\"https:\/\/www.facebook.com\/pressenza\",\"https:\/\/x.com\/PressenzaIPA\"],\"url\":\"https:\/\/www.pressenza.com\/es\/author\/pressenza-ipa\/\"}]}<\/script>\n<!-- \/ Yoast SEO plugin. -->","yoast_head_json":{"title":"Nueva oportunidad para la Paz con Israel trae renovaci\u00f3n del Comit\u00e9 Central de Al-Fatah","description":"Tras 20 a\u00f1os sin elecciones, fue renovado el Comit\u00e9 Central de Al-Fatah, fundado en 1957 por Yasser Arafat. 14 de los 18 miembros han cambiado por representantes m\u00e1s j\u00f3venes. Al-Fatah ha rechazado la violencia y tiene como propuesta \u201cdos estados para dos pueblos\u201d siendo su condici\u00f3n m\u00e1s significativa la remoci\u00f3n por parte de Israel de los asentamientos jud\u00edos.","robots":{"index":"index","follow":"follow","max-snippet":"max-snippet:-1","max-image-preview":"max-image-preview:large","max-video-preview":"max-video-preview:-1"},"canonical":"https:\/\/www.pressenza.com\/es\/2009\/08\/nueva-oportunidad-para-la-paz-con-israel-trae-renovacixn-del-comitx-central-de-al-fatah\/","og_locale":"es_ES","og_type":"article","og_title":"Nueva oportunidad para la Paz con Israel trae renovaci\u00f3n del Comit\u00e9 Central de Al-Fatah","og_description":"Tras 20 a\u00f1os sin elecciones, fue renovado el Comit\u00e9 Central de Al-Fatah, fundado en 1957 por Yasser Arafat. 14 de los 18 miembros han cambiado por representantes m\u00e1s j\u00f3venes. Al-Fatah ha rechazado la violencia y tiene como propuesta \u201cdos estados para dos pueblos\u201d siendo su condici\u00f3n m\u00e1s significativa la remoci\u00f3n por parte de Israel de los asentamientos jud\u00edos.","og_url":"https:\/\/www.pressenza.com\/es\/2009\/08\/nueva-oportunidad-para-la-paz-con-israel-trae-renovacixn-del-comitx-central-de-al-fatah\/","og_site_name":"Pressenza","article_publisher":"https:\/\/www.facebook.com\/PressenzaItalia","article_author":"https:\/\/www.facebook.com\/pressenza","article_published_time":"2009-08-11T00:00:00+00:00","article_modified_time":"2009-09-28T05:01:03+00:00","author":"Pressenza IPA","twitter_card":"summary_large_image","twitter_creator":"@PressenzaIPA","twitter_site":"@PressenzaIPA","twitter_misc":{"Escrito por":"Pressenza IPA"},"schema":{"@context":"https:\/\/schema.org","@graph":[{"@type":"Article","@id":"https:\/\/www.pressenza.com\/es\/2009\/08\/nueva-oportunidad-para-la-paz-con-israel-trae-renovacixn-del-comitx-central-de-al-fatah\/#article","isPartOf":{"@id":"https:\/\/www.pressenza.com\/es\/2009\/08\/nueva-oportunidad-para-la-paz-con-israel-trae-renovacixn-del-comitx-central-de-al-fatah\/"},"author":{"name":"Pressenza IPA","@id":"https:\/\/www.pressenza.com\/es\/#\/schema\/person\/010e5d02bcf40965427a1289a4cc8d75"},"headline":"Nueva oportunidad para la Paz con Israel trae renovaci\u00f3n del Comit\u00e9 Central de Al-Fatah","datePublished":"2009-08-11T00:00:00+00:00","dateModified":"2009-09-28T05:01:03+00:00","mainEntityOfPage":{"@id":"https:\/\/www.pressenza.com\/es\/2009\/08\/nueva-oportunidad-para-la-paz-con-israel-trae-renovacixn-del-comitx-central-de-al-fatah\/"},"wordCount":87,"publisher":{"@id":"https:\/\/www.pressenza.com\/es\/#organization"},"articleSection":["Medio Oriente","Pol\u00edtica"],"inLanguage":"es"},{"@type":"WebPage","@id":"https:\/\/www.pressenza.com\/es\/2009\/08\/nueva-oportunidad-para-la-paz-con-israel-trae-renovacixn-del-comitx-central-de-al-fatah\/","url":"https:\/\/www.pressenza.com\/es\/2009\/08\/nueva-oportunidad-para-la-paz-con-israel-trae-renovacixn-del-comitx-central-de-al-fatah\/","name":"Nueva oportunidad para la Paz con Israel trae renovaci\u00f3n del Comit\u00e9 Central de Al-Fatah","isPartOf":{"@id":"https:\/\/www.pressenza.com\/es\/#website"},"datePublished":"2009-08-11T00:00:00+00:00","dateModified":"2009-09-28T05:01:03+00:00","description":"Tras 20 a\u00f1os sin elecciones, fue renovado el Comit\u00e9 Central de Al-Fatah, fundado en 1957 por Yasser Arafat. 14 de los 18 miembros han cambiado por representantes m\u00e1s j\u00f3venes. Al-Fatah ha rechazado la violencia y tiene como propuesta \u201cdos estados para dos pueblos\u201d siendo su condici\u00f3n m\u00e1s significativa la remoci\u00f3n por parte de Israel de los asentamientos jud\u00edos.","breadcrumb":{"@id":"https:\/\/www.pressenza.com\/es\/2009\/08\/nueva-oportunidad-para-la-paz-con-israel-trae-renovacixn-del-comitx-central-de-al-fatah\/#breadcrumb"},"inLanguage":"es","potentialAction":[{"@type":"ReadAction","target":["https:\/\/www.pressenza.com\/es\/2009\/08\/nueva-oportunidad-para-la-paz-con-israel-trae-renovacixn-del-comitx-central-de-al-fatah\/"]}]},{"@type":"BreadcrumbList","@id":"https:\/\/www.pressenza.com\/es\/2009\/08\/nueva-oportunidad-para-la-paz-con-israel-trae-renovacixn-del-comitx-central-de-al-fatah\/#breadcrumb","itemListElement":[{"@type":"ListItem","position":1,"name":"Accueil","item":"https:\/\/www.pressenza.com\/es\/"},{"@type":"ListItem","position":2,"name":"Nueva oportunidad para la Paz con Israel trae renovaci\u00f3n del Comit\u00e9 Central de Al-Fatah"}]},{"@type":"WebSite","@id":"https:\/\/www.pressenza.com\/es\/#website","url":"https:\/\/www.pressenza.com\/es\/","name":"Pressenza","description":"International Press Agency","publisher":{"@id":"https:\/\/www.pressenza.com\/es\/#organization"},"potentialAction":[{"@type":"SearchAction","target":{"@type":"EntryPoint","urlTemplate":"https:\/\/www.pressenza.com\/es\/?s={search_term_string}"},"query-input":{"@type":"PropertyValueSpecification","valueRequired":true,"valueName":"search_term_string"}}],"inLanguage":"es"},{"@type":"Organization","@id":"https:\/\/www.pressenza.com\/es\/#organization","name":"Pressenza","url":"https:\/\/www.pressenza.com\/es\/","logo":{"@type":"ImageObject","inLanguage":"es","@id":"https:\/\/www.pressenza.com\/es\/#\/schema\/logo\/image\/","url":"https:\/\/www.pressenza.com\/wp-content\/uploads\/2022\/10\/pressenza_logo_200x200.jpg","contentUrl":"https:\/\/www.pressenza.com\/wp-content\/uploads\/2022\/10\/pressenza_logo_200x200.jpg","width":200,"height":200,"caption":"Pressenza"},"image":{"@id":"https:\/\/www.pressenza.com\/es\/#\/schema\/logo\/image\/"},"sameAs":["https:\/\/www.facebook.com\/PressenzaItalia","https:\/\/x.com\/PressenzaIPA"]},{"@type":"Person","@id":"https:\/\/www.pressenza.com\/es\/#\/schema\/person\/010e5d02bcf40965427a1289a4cc8d75","name":"Pressenza IPA","description":"News from Pressenza IPA correspondents","sameAs":["https:\/\/www.facebook.com\/pressenza","https:\/\/x.com\/PressenzaIPA"],"url":"https:\/\/www.pressenza.com\/es\/author\/pressenza-ipa\/"}]}},"place":"Jerusalem","original_article_url":"","_links":{"self":[{"href":"https:\/\/www.pressenza.com\/es\/wp-json\/wp\/v2\/posts\/906","targetHints":{"allow":["GET"]}}],"collection":[{"href":"https:\/\/www.pressenza.com\/es\/wp-json\/wp\/v2\/posts"}],"about":[{"href":"https:\/\/www.pressenza.com\/es\/wp-json\/wp\/v2\/types\/post"}],"author":[{"embeddable":true,"href":"https:\/\/www.pressenza.com\/es\/wp-json\/wp\/v2\/users\/19"}],"replies":[{"embeddable":true,"href":"https:\/\/www.pressenza.com\/es\/wp-json\/wp\/v2\/comments?post=906"}],"version-history":[{"count":0,"href":"https:\/\/www.pressenza.com\/es\/wp-json\/wp\/v2\/posts\/906\/revisions"}],"wp:attachment":[{"href":"https:\/\/www.pressenza.com\/es\/wp-json\/wp\/v2\/media?parent=906"}],"wp:term":[{"taxonomy":"category","embeddable":true,"href":"https:\/\/www.pressenza.com\/es\/wp-json\/wp\/v2\/categories?post=906"},{"taxonomy":"post_tag","embeddable":true,"href":"https:\/\/www.pressenza.com\/es\/wp-json\/wp\/v2\/tags?post=906"}],"curies":[{"name":"wp","href":"https:\/\/api.w.org\/{rel}","templated":true}]}}