{"id":905841,"date":"2019-08-21T01:23:59","date_gmt":"2019-08-21T00:23:59","guid":{"rendered":"https:\/\/www.pressenza.com\/?p=905841"},"modified":"2019-08-21T01:23:59","modified_gmt":"2019-08-21T00:23:59","slug":"se-prohibe-la-entrada-a-israel-a-ilhan-omar-y-rashida-tlaib-quienes-llevan-a-cabo-una-conferencia-de-prensa-para-humanizar-la-experiencia-palestina-bajo-la-ocupacion","status":"publish","type":"post","link":"https:\/\/www.pressenza.com\/es\/2019\/08\/se-prohibe-la-entrada-a-israel-a-ilhan-omar-y-rashida-tlaib-quienes-llevan-a-cabo-una-conferencia-de-prensa-para-humanizar-la-experiencia-palestina-bajo-la-ocupacion\/","title":{"rendered":"Se proh\u00edbe la entrada a Israel a Ilhan Omar y Rashida Tlaib, quienes llevan a cabo una conferencia de prensa para \u00abhumanizar\u00bb la experiencia palestina bajo la ocupaci\u00f3n"},"content":{"rendered":"<blockquote><p><strong>\u00abNo podemos permitir que Trump y Netanyahu nos oculten la cruel realidad de la ocupaci\u00f3n.\u00bb<\/strong><\/p><\/blockquote>\n<p>&nbsp;<\/p>\n<p><a href=\"https:\/\/www.commondreams.org\/news\/2019\/08\/19\/banned-israel-ilhan-omar-and-rashida-tlaib-hold-press-conference-humanize\">Por Eoin Higgins, redactor de Common Dreams<\/a><\/p>\n<p>Los representantes Ilhan Omar y Rashida Tlaib llevaron a cabo una conferencia de prensa conjunta el lunes en respuesta a la prohibici\u00f3n de visitar Israel y los Territorios Ocupados la semana pasada.<\/p>\n<p>Omar y Tlaib, las dos primeras mujeres musulmanas estadounidenses en el Congreso, apoyan el movimiento de boicot no violento, desinversi\u00f3n y sanciones (BDS).<\/p>\n<p>Se les impidi\u00f3 que entraran a Israel por esos puntos de vista, pero la verdadera causa por parte del primer ministro israel\u00ed Benjam\u00edn Netanyahu puede haber sido el empuje del presidente estadounidense Donald Trump, quien ha lanzado acusaciones de antisemitismo contra Omar y Tlaib, para mantener a los dos fuera.<\/p>\n<p>Tlaib, de ascendencia palestina, llor\u00f3 mientras describ\u00eda las consecuencias de la ocupaci\u00f3n para la salud mental y emocional de su familia.<\/p>\n<blockquote><p>\u00a0<strong>\u00abTodo lo que puedo hacer&#8230;. como nieta de una mujer que vive en territorio ocupado,\u00bb dijo Tlaib, \u00abes elevar su voz exponiendo la verdad.\u00bb<\/strong><\/p><\/blockquote>\n<p><img loading=\"lazy\" decoding=\"async\" class=\"aligncenter wp-image-905446 size-large\" src=\"https:\/\/www.pressenza.com\/wp-content\/uploads\/2019\/08\/Evan-MacHurry-Tweet-711x1024.jpg\" alt=\"\" width=\"711\" height=\"1024\" srcset=\"https:\/\/www.pressenza.com\/wp-content\/uploads\/2019\/08\/Evan-MacHurry-Tweet-711x1024.jpg 711w, https:\/\/www.pressenza.com\/wp-content\/uploads\/2019\/08\/Evan-MacHurry-Tweet-208x300.jpg 208w, https:\/\/www.pressenza.com\/wp-content\/uploads\/2019\/08\/Evan-MacHurry-Tweet-768x1106.jpg 768w, https:\/\/www.pressenza.com\/wp-content\/uploads\/2019\/08\/Evan-MacHurry-Tweet.jpg 924w\" sizes=\"auto, (max-width: 711px) 100vw, 711px\" \/><\/p>\n<p>En sus comentarios, Omar dijo que agradece la solidaridad de sus colegas dem\u00f3cratas que pidieron una moratoria para visitar Israel hasta que tanto Tlaib como Omar pudieran ir al pa\u00eds sin restricciones. Sin embargo, dijo que, de todos modos, los legisladores deber\u00edan ir a ver la realidad de la ocupaci\u00f3n.<\/p>\n<blockquote><p><strong>\u00a0\u00abNo podemos permitir que Trump y Netanyahu nos oculten la cruel realidad de la ocupaci\u00f3n\u00bb, dijo Omar.<\/strong><\/p><\/blockquote>\n<p><img loading=\"lazy\" decoding=\"async\" class=\"aligncenter wp-image-905456 size-large\" src=\"https:\/\/www.pressenza.com\/wp-content\/uploads\/2019\/08\/this-week-tweet-720x757.jpg\" alt=\"\" width=\"720\" height=\"757\" srcset=\"https:\/\/www.pressenza.com\/wp-content\/uploads\/2019\/08\/this-week-tweet-720x757.jpg 720w, https:\/\/www.pressenza.com\/wp-content\/uploads\/2019\/08\/this-week-tweet-285x300.jpg 285w, https:\/\/www.pressenza.com\/wp-content\/uploads\/2019\/08\/this-week-tweet-768x808.jpg 768w, https:\/\/www.pressenza.com\/wp-content\/uploads\/2019\/08\/this-week-tweet.jpg 1030w\" sizes=\"auto, (max-width: 720px) 100vw, 720px\" \/><\/p>\n<p>A Omar y Tlaib se les sumaron en la conferencia otras v\u00edctimas de las restricciones de viaje del gobierno israel\u00ed.<\/p>\n<blockquote><p><strong>\u00abLa decisi\u00f3n de Netanyahu de negarnos la entrada podr\u00eda no tener precedentes para los miembros del Congreso\u00bb, <\/strong><a href=\"https:\/\/www.i24news.tv\/en\/news\/international\/americas\/1566247202-us-reps-ilhan-omar-rashida-tlaib-blast-israel-over-entrance-ban-during-press-conference\"><strong>dijo<\/strong><\/a><strong> Omar, \u00abpero es la pol\u00edtica de su gobierno cuando se trata de los palestinos\u00bb.<\/strong><\/p><\/blockquote>\n<p>Vea la conferencia de prensa:<\/p>\n<div align=\"center\"><iframe loading=\"lazy\" src=\"https:\/\/www.youtube.com\/embed\/rNhCwpBcY50\" width=\"560\" height=\"315\" frameborder=\"0\" data-mce-fragment=\"1\"><\/iframe><\/div>\n<div align=\"center\">\n<hr \/>\n<\/div>\n<div style=\"text-align: left;\" align=\"center\"><em>Traducci\u00f3n del ingl\u00e9s por Soledad Imbago<\/em><\/div>\n","protected":false},"excerpt":{"rendered":"<p>\u00abNo podemos permitir que Trump y Netanyahu nos oculten la cruel realidad de la ocupaci\u00f3n.\u00bb &nbsp; Por Eoin Higgins, redactor de Common Dreams Los representantes Ilhan Omar y Rashida Tlaib llevaron a cabo una conferencia de prensa conjunta el lunes&hellip;<\/p>\n","protected":false},"author":1126,"featured_media":905443,"comment_status":"closed","ping_status":"closed","sticky":false,"template":"","format":"standard","meta":{"footnotes":""},"categories":[76,79,68,25678],"tags":[27686,62886],"class_list":["post-905841","post","type-post","status-publish","format-standard","has-post-thumbnail","hentry","category-relaciones-exteriores","category-derechos-humanos","category-norteamerica","category-video-es","tag-conflicto-israel-palestina","tag-movimiento-bds"],"yoast_head":"<!-- This site is optimized with the Yoast SEO plugin v27.1.1 - https:\/\/yoast.com\/product\/yoast-seo-wordpress\/ -->\n<title>Se proh\u00edbe la entrada a Israel a Ilhan Omar y Rashida Tlaib, quienes llevan a cabo una conferencia de prensa para &quot;humanizar&quot; la experiencia palestina bajo la ocupaci\u00f3n<\/title>\n<meta name=\"description\" content=\"&quot;No podemos permitir que Trump y Netanyahu nos oculten la cruel realidad de la ocupaci\u00f3n.&quot; &nbsp; Por Eoin Higgins, redactor de Common Dreams Los\" \/>\n<meta name=\"robots\" content=\"index, follow, max-snippet:-1, max-image-preview:large, max-video-preview:-1\" \/>\n<link rel=\"canonical\" href=\"https:\/\/www.pressenza.com\/es\/2019\/08\/se-prohibe-la-entrada-a-israel-a-ilhan-omar-y-rashida-tlaib-quienes-llevan-a-cabo-una-conferencia-de-prensa-para-humanizar-la-experiencia-palestina-bajo-la-ocupacion\/\" \/>\n<meta property=\"og:locale\" content=\"es_ES\" \/>\n<meta property=\"og:type\" content=\"article\" \/>\n<meta property=\"og:title\" content=\"Se proh\u00edbe la entrada a Israel a Ilhan Omar y Rashida Tlaib, quienes llevan a cabo una conferencia de prensa para &quot;humanizar&quot; la experiencia palestina bajo la ocupaci\u00f3n\" \/>\n<meta property=\"og:description\" content=\"&quot;No podemos permitir que Trump y Netanyahu nos oculten la cruel realidad de la ocupaci\u00f3n.&quot; &nbsp; Por Eoin Higgins, redactor de Common Dreams Los\" \/>\n<meta property=\"og:url\" content=\"https:\/\/www.pressenza.com\/es\/2019\/08\/se-prohibe-la-entrada-a-israel-a-ilhan-omar-y-rashida-tlaib-quienes-llevan-a-cabo-una-conferencia-de-prensa-para-humanizar-la-experiencia-palestina-bajo-la-ocupacion\/\" \/>\n<meta property=\"og:site_name\" content=\"Pressenza\" \/>\n<meta property=\"article:publisher\" content=\"https:\/\/www.facebook.com\/PressenzaItalia\" \/>\n<meta property=\"article:author\" content=\"https:\/\/www.facebook.com\/PressenzaEnglish\/\" \/>\n<meta property=\"article:published_time\" content=\"2019-08-21T00:23:59+00:00\" \/>\n<meta property=\"og:image\" content=\"https:\/\/www.pressenza.com\/wp-content\/uploads\/2019\/08\/omar_tlaib.png\" \/>\n\t<meta property=\"og:image:width\" content=\"955\" \/>\n\t<meta property=\"og:image:height\" content=\"500\" \/>\n\t<meta property=\"og:image:type\" content=\"image\/png\" \/>\n<meta name=\"author\" content=\"Pressenza New York\" \/>\n<meta name=\"twitter:card\" content=\"summary_large_image\" \/>\n<meta name=\"twitter:creator\" content=\"@PressenzaIPA\" \/>\n<meta name=\"twitter:site\" content=\"@PressenzaIPA\" \/>\n<meta name=\"twitter:label1\" content=\"Escrito por\" \/>\n\t<meta name=\"twitter:data1\" content=\"Pressenza New York\" \/>\n\t<meta name=\"twitter:label2\" content=\"Tiempo de lectura\" \/>\n\t<meta name=\"twitter:data2\" content=\"2 minutos\" \/>\n<script type=\"application\/ld+json\" class=\"yoast-schema-graph\">{\"@context\":\"https:\/\/schema.org\",\"@graph\":[{\"@type\":\"Article\",\"@id\":\"https:\/\/www.pressenza.com\/es\/2019\/08\/se-prohibe-la-entrada-a-israel-a-ilhan-omar-y-rashida-tlaib-quienes-llevan-a-cabo-una-conferencia-de-prensa-para-humanizar-la-experiencia-palestina-bajo-la-ocupacion\/#article\",\"isPartOf\":{\"@id\":\"https:\/\/www.pressenza.com\/es\/2019\/08\/se-prohibe-la-entrada-a-israel-a-ilhan-omar-y-rashida-tlaib-quienes-llevan-a-cabo-una-conferencia-de-prensa-para-humanizar-la-experiencia-palestina-bajo-la-ocupacion\/\"},\"author\":{\"name\":\"Pressenza New York\",\"@id\":\"https:\/\/www.pressenza.com\/es\/#\/schema\/person\/75ff8ec4b4b03f1d2da977bba83672b3\"},\"headline\":\"Se proh\u00edbe la entrada a Israel a Ilhan Omar y Rashida Tlaib, quienes llevan a cabo una conferencia de prensa para \u00abhumanizar\u00bb la experiencia palestina bajo la ocupaci\u00f3n\",\"datePublished\":\"2019-08-21T00:23:59+00:00\",\"mainEntityOfPage\":{\"@id\":\"https:\/\/www.pressenza.com\/es\/2019\/08\/se-prohibe-la-entrada-a-israel-a-ilhan-omar-y-rashida-tlaib-quienes-llevan-a-cabo-una-conferencia-de-prensa-para-humanizar-la-experiencia-palestina-bajo-la-ocupacion\/\"},\"wordCount\":350,\"publisher\":{\"@id\":\"https:\/\/www.pressenza.com\/es\/#organization\"},\"image\":{\"@id\":\"https:\/\/www.pressenza.com\/es\/2019\/08\/se-prohibe-la-entrada-a-israel-a-ilhan-omar-y-rashida-tlaib-quienes-llevan-a-cabo-una-conferencia-de-prensa-para-humanizar-la-experiencia-palestina-bajo-la-ocupacion\/#primaryimage\"},\"thumbnailUrl\":\"https:\/\/www.pressenza.com\/wp-content\/uploads\/2019\/08\/omar_tlaib.png\",\"keywords\":[\"conflicto Israel-Palestina\",\"Movimiento BDS\"],\"articleSection\":[\"Asuntos internacionales\",\"Derechos Humanos\",\"Norteam\u00e9rica\",\"Video\"],\"inLanguage\":\"es\"},{\"@type\":\"WebPage\",\"@id\":\"https:\/\/www.pressenza.com\/es\/2019\/08\/se-prohibe-la-entrada-a-israel-a-ilhan-omar-y-rashida-tlaib-quienes-llevan-a-cabo-una-conferencia-de-prensa-para-humanizar-la-experiencia-palestina-bajo-la-ocupacion\/\",\"url\":\"https:\/\/www.pressenza.com\/es\/2019\/08\/se-prohibe-la-entrada-a-israel-a-ilhan-omar-y-rashida-tlaib-quienes-llevan-a-cabo-una-conferencia-de-prensa-para-humanizar-la-experiencia-palestina-bajo-la-ocupacion\/\",\"name\":\"Se proh\u00edbe la entrada a Israel a Ilhan Omar y Rashida Tlaib, quienes llevan a cabo una conferencia de prensa para \\\"humanizar\\\" la experiencia palestina bajo la ocupaci\u00f3n\",\"isPartOf\":{\"@id\":\"https:\/\/www.pressenza.com\/es\/#website\"},\"primaryImageOfPage\":{\"@id\":\"https:\/\/www.pressenza.com\/es\/2019\/08\/se-prohibe-la-entrada-a-israel-a-ilhan-omar-y-rashida-tlaib-quienes-llevan-a-cabo-una-conferencia-de-prensa-para-humanizar-la-experiencia-palestina-bajo-la-ocupacion\/#primaryimage\"},\"image\":{\"@id\":\"https:\/\/www.pressenza.com\/es\/2019\/08\/se-prohibe-la-entrada-a-israel-a-ilhan-omar-y-rashida-tlaib-quienes-llevan-a-cabo-una-conferencia-de-prensa-para-humanizar-la-experiencia-palestina-bajo-la-ocupacion\/#primaryimage\"},\"thumbnailUrl\":\"https:\/\/www.pressenza.com\/wp-content\/uploads\/2019\/08\/omar_tlaib.png\",\"datePublished\":\"2019-08-21T00:23:59+00:00\",\"description\":\"\\\"No podemos permitir que Trump y Netanyahu nos oculten la cruel realidad de la ocupaci\u00f3n.\\\" &nbsp; Por Eoin Higgins, redactor de Common Dreams Los\",\"breadcrumb\":{\"@id\":\"https:\/\/www.pressenza.com\/es\/2019\/08\/se-prohibe-la-entrada-a-israel-a-ilhan-omar-y-rashida-tlaib-quienes-llevan-a-cabo-una-conferencia-de-prensa-para-humanizar-la-experiencia-palestina-bajo-la-ocupacion\/#breadcrumb\"},\"inLanguage\":\"es\",\"potentialAction\":[{\"@type\":\"ReadAction\",\"target\":[\"https:\/\/www.pressenza.com\/es\/2019\/08\/se-prohibe-la-entrada-a-israel-a-ilhan-omar-y-rashida-tlaib-quienes-llevan-a-cabo-una-conferencia-de-prensa-para-humanizar-la-experiencia-palestina-bajo-la-ocupacion\/\"]}]},{\"@type\":\"ImageObject\",\"inLanguage\":\"es\",\"@id\":\"https:\/\/www.pressenza.com\/es\/2019\/08\/se-prohibe-la-entrada-a-israel-a-ilhan-omar-y-rashida-tlaib-quienes-llevan-a-cabo-una-conferencia-de-prensa-para-humanizar-la-experiencia-palestina-bajo-la-ocupacion\/#primaryimage\",\"url\":\"https:\/\/www.pressenza.com\/wp-content\/uploads\/2019\/08\/omar_tlaib.png\",\"contentUrl\":\"https:\/\/www.pressenza.com\/wp-content\/uploads\/2019\/08\/omar_tlaib.png\",\"width\":955,\"height\":500,\"caption\":\"Reps. Rashida Tlaib and Ilhan Omar during a press conference Monday.\"},{\"@type\":\"BreadcrumbList\",\"@id\":\"https:\/\/www.pressenza.com\/es\/2019\/08\/se-prohibe-la-entrada-a-israel-a-ilhan-omar-y-rashida-tlaib-quienes-llevan-a-cabo-una-conferencia-de-prensa-para-humanizar-la-experiencia-palestina-bajo-la-ocupacion\/#breadcrumb\",\"itemListElement\":[{\"@type\":\"ListItem\",\"position\":1,\"name\":\"Accueil\",\"item\":\"https:\/\/www.pressenza.com\/es\/\"},{\"@type\":\"ListItem\",\"position\":2,\"name\":\"Se proh\u00edbe la entrada a Israel a Ilhan Omar y Rashida Tlaib, quienes llevan a cabo una conferencia de prensa para \u00abhumanizar\u00bb la experiencia palestina bajo la ocupaci\u00f3n\"}]},{\"@type\":\"WebSite\",\"@id\":\"https:\/\/www.pressenza.com\/es\/#website\",\"url\":\"https:\/\/www.pressenza.com\/es\/\",\"name\":\"Pressenza\",\"description\":\"International Press Agency\",\"publisher\":{\"@id\":\"https:\/\/www.pressenza.com\/es\/#organization\"},\"potentialAction\":[{\"@type\":\"SearchAction\",\"target\":{\"@type\":\"EntryPoint\",\"urlTemplate\":\"https:\/\/www.pressenza.com\/es\/?s={search_term_string}\"},\"query-input\":{\"@type\":\"PropertyValueSpecification\",\"valueRequired\":true,\"valueName\":\"search_term_string\"}}],\"inLanguage\":\"es\"},{\"@type\":\"Organization\",\"@id\":\"https:\/\/www.pressenza.com\/es\/#organization\",\"name\":\"Pressenza\",\"url\":\"https:\/\/www.pressenza.com\/es\/\",\"logo\":{\"@type\":\"ImageObject\",\"inLanguage\":\"es\",\"@id\":\"https:\/\/www.pressenza.com\/es\/#\/schema\/logo\/image\/\",\"url\":\"https:\/\/www.pressenza.com\/wp-content\/uploads\/2022\/10\/pressenza_logo_200x200.jpg\",\"contentUrl\":\"https:\/\/www.pressenza.com\/wp-content\/uploads\/2022\/10\/pressenza_logo_200x200.jpg\",\"width\":200,\"height\":200,\"caption\":\"Pressenza\"},\"image\":{\"@id\":\"https:\/\/www.pressenza.com\/es\/#\/schema\/logo\/image\/\"},\"sameAs\":[\"https:\/\/www.facebook.com\/PressenzaItalia\",\"https:\/\/x.com\/PressenzaIPA\"]},{\"@type\":\"Person\",\"@id\":\"https:\/\/www.pressenza.com\/es\/#\/schema\/person\/75ff8ec4b4b03f1d2da977bba83672b3\",\"name\":\"Pressenza New York\",\"description\":\"News from the Pressenza Bureau in New York, United States\",\"sameAs\":[\"https:\/\/www.facebook.com\/PressenzaEnglish\/\",\"https:\/\/x.com\/PressenzaIPA\"],\"url\":\"https:\/\/www.pressenza.com\/es\/author\/pressenza-new-york\/\"}]}<\/script>\n<!-- \/ Yoast SEO plugin. -->","yoast_head_json":{"title":"Se proh\u00edbe la entrada a Israel a Ilhan Omar y Rashida Tlaib, quienes llevan a cabo una conferencia de prensa para \"humanizar\" la experiencia palestina bajo la ocupaci\u00f3n","description":"\"No podemos permitir que Trump y Netanyahu nos oculten la cruel realidad de la ocupaci\u00f3n.\" &nbsp; Por Eoin Higgins, redactor de Common Dreams Los","robots":{"index":"index","follow":"follow","max-snippet":"max-snippet:-1","max-image-preview":"max-image-preview:large","max-video-preview":"max-video-preview:-1"},"canonical":"https:\/\/www.pressenza.com\/es\/2019\/08\/se-prohibe-la-entrada-a-israel-a-ilhan-omar-y-rashida-tlaib-quienes-llevan-a-cabo-una-conferencia-de-prensa-para-humanizar-la-experiencia-palestina-bajo-la-ocupacion\/","og_locale":"es_ES","og_type":"article","og_title":"Se proh\u00edbe la entrada a Israel a Ilhan Omar y Rashida Tlaib, quienes llevan a cabo una conferencia de prensa para \"humanizar\" la experiencia palestina bajo la ocupaci\u00f3n","og_description":"\"No podemos permitir que Trump y Netanyahu nos oculten la cruel realidad de la ocupaci\u00f3n.\" &nbsp; Por Eoin Higgins, redactor de Common Dreams Los","og_url":"https:\/\/www.pressenza.com\/es\/2019\/08\/se-prohibe-la-entrada-a-israel-a-ilhan-omar-y-rashida-tlaib-quienes-llevan-a-cabo-una-conferencia-de-prensa-para-humanizar-la-experiencia-palestina-bajo-la-ocupacion\/","og_site_name":"Pressenza","article_publisher":"https:\/\/www.facebook.com\/PressenzaItalia","article_author":"https:\/\/www.facebook.com\/PressenzaEnglish\/","article_published_time":"2019-08-21T00:23:59+00:00","og_image":[{"width":955,"height":500,"url":"https:\/\/www.pressenza.com\/wp-content\/uploads\/2019\/08\/omar_tlaib.png","type":"image\/png"}],"author":"Pressenza New York","twitter_card":"summary_large_image","twitter_creator":"@PressenzaIPA","twitter_site":"@PressenzaIPA","twitter_misc":{"Escrito por":"Pressenza New York","Tiempo de lectura":"2 minutos"},"schema":{"@context":"https:\/\/schema.org","@graph":[{"@type":"Article","@id":"https:\/\/www.pressenza.com\/es\/2019\/08\/se-prohibe-la-entrada-a-israel-a-ilhan-omar-y-rashida-tlaib-quienes-llevan-a-cabo-una-conferencia-de-prensa-para-humanizar-la-experiencia-palestina-bajo-la-ocupacion\/#article","isPartOf":{"@id":"https:\/\/www.pressenza.com\/es\/2019\/08\/se-prohibe-la-entrada-a-israel-a-ilhan-omar-y-rashida-tlaib-quienes-llevan-a-cabo-una-conferencia-de-prensa-para-humanizar-la-experiencia-palestina-bajo-la-ocupacion\/"},"author":{"name":"Pressenza New York","@id":"https:\/\/www.pressenza.com\/es\/#\/schema\/person\/75ff8ec4b4b03f1d2da977bba83672b3"},"headline":"Se proh\u00edbe la entrada a Israel a Ilhan Omar y Rashida Tlaib, quienes llevan a cabo una conferencia de prensa para \u00abhumanizar\u00bb la experiencia palestina bajo la ocupaci\u00f3n","datePublished":"2019-08-21T00:23:59+00:00","mainEntityOfPage":{"@id":"https:\/\/www.pressenza.com\/es\/2019\/08\/se-prohibe-la-entrada-a-israel-a-ilhan-omar-y-rashida-tlaib-quienes-llevan-a-cabo-una-conferencia-de-prensa-para-humanizar-la-experiencia-palestina-bajo-la-ocupacion\/"},"wordCount":350,"publisher":{"@id":"https:\/\/www.pressenza.com\/es\/#organization"},"image":{"@id":"https:\/\/www.pressenza.com\/es\/2019\/08\/se-prohibe-la-entrada-a-israel-a-ilhan-omar-y-rashida-tlaib-quienes-llevan-a-cabo-una-conferencia-de-prensa-para-humanizar-la-experiencia-palestina-bajo-la-ocupacion\/#primaryimage"},"thumbnailUrl":"https:\/\/www.pressenza.com\/wp-content\/uploads\/2019\/08\/omar_tlaib.png","keywords":["conflicto Israel-Palestina","Movimiento BDS"],"articleSection":["Asuntos internacionales","Derechos Humanos","Norteam\u00e9rica","Video"],"inLanguage":"es"},{"@type":"WebPage","@id":"https:\/\/www.pressenza.com\/es\/2019\/08\/se-prohibe-la-entrada-a-israel-a-ilhan-omar-y-rashida-tlaib-quienes-llevan-a-cabo-una-conferencia-de-prensa-para-humanizar-la-experiencia-palestina-bajo-la-ocupacion\/","url":"https:\/\/www.pressenza.com\/es\/2019\/08\/se-prohibe-la-entrada-a-israel-a-ilhan-omar-y-rashida-tlaib-quienes-llevan-a-cabo-una-conferencia-de-prensa-para-humanizar-la-experiencia-palestina-bajo-la-ocupacion\/","name":"Se proh\u00edbe la entrada a Israel a Ilhan Omar y Rashida Tlaib, quienes llevan a cabo una conferencia de prensa para \"humanizar\" la experiencia palestina bajo la ocupaci\u00f3n","isPartOf":{"@id":"https:\/\/www.pressenza.com\/es\/#website"},"primaryImageOfPage":{"@id":"https:\/\/www.pressenza.com\/es\/2019\/08\/se-prohibe-la-entrada-a-israel-a-ilhan-omar-y-rashida-tlaib-quienes-llevan-a-cabo-una-conferencia-de-prensa-para-humanizar-la-experiencia-palestina-bajo-la-ocupacion\/#primaryimage"},"image":{"@id":"https:\/\/www.pressenza.com\/es\/2019\/08\/se-prohibe-la-entrada-a-israel-a-ilhan-omar-y-rashida-tlaib-quienes-llevan-a-cabo-una-conferencia-de-prensa-para-humanizar-la-experiencia-palestina-bajo-la-ocupacion\/#primaryimage"},"thumbnailUrl":"https:\/\/www.pressenza.com\/wp-content\/uploads\/2019\/08\/omar_tlaib.png","datePublished":"2019-08-21T00:23:59+00:00","description":"\"No podemos permitir que Trump y Netanyahu nos oculten la cruel realidad de la ocupaci\u00f3n.\" &nbsp; Por Eoin Higgins, redactor de Common Dreams Los","breadcrumb":{"@id":"https:\/\/www.pressenza.com\/es\/2019\/08\/se-prohibe-la-entrada-a-israel-a-ilhan-omar-y-rashida-tlaib-quienes-llevan-a-cabo-una-conferencia-de-prensa-para-humanizar-la-experiencia-palestina-bajo-la-ocupacion\/#breadcrumb"},"inLanguage":"es","potentialAction":[{"@type":"ReadAction","target":["https:\/\/www.pressenza.com\/es\/2019\/08\/se-prohibe-la-entrada-a-israel-a-ilhan-omar-y-rashida-tlaib-quienes-llevan-a-cabo-una-conferencia-de-prensa-para-humanizar-la-experiencia-palestina-bajo-la-ocupacion\/"]}]},{"@type":"ImageObject","inLanguage":"es","@id":"https:\/\/www.pressenza.com\/es\/2019\/08\/se-prohibe-la-entrada-a-israel-a-ilhan-omar-y-rashida-tlaib-quienes-llevan-a-cabo-una-conferencia-de-prensa-para-humanizar-la-experiencia-palestina-bajo-la-ocupacion\/#primaryimage","url":"https:\/\/www.pressenza.com\/wp-content\/uploads\/2019\/08\/omar_tlaib.png","contentUrl":"https:\/\/www.pressenza.com\/wp-content\/uploads\/2019\/08\/omar_tlaib.png","width":955,"height":500,"caption":"Reps. Rashida Tlaib and Ilhan Omar during a press conference Monday."},{"@type":"BreadcrumbList","@id":"https:\/\/www.pressenza.com\/es\/2019\/08\/se-prohibe-la-entrada-a-israel-a-ilhan-omar-y-rashida-tlaib-quienes-llevan-a-cabo-una-conferencia-de-prensa-para-humanizar-la-experiencia-palestina-bajo-la-ocupacion\/#breadcrumb","itemListElement":[{"@type":"ListItem","position":1,"name":"Accueil","item":"https:\/\/www.pressenza.com\/es\/"},{"@type":"ListItem","position":2,"name":"Se proh\u00edbe la entrada a Israel a Ilhan Omar y Rashida Tlaib, quienes llevan a cabo una conferencia de prensa para \u00abhumanizar\u00bb la experiencia palestina bajo la ocupaci\u00f3n"}]},{"@type":"WebSite","@id":"https:\/\/www.pressenza.com\/es\/#website","url":"https:\/\/www.pressenza.com\/es\/","name":"Pressenza","description":"International Press Agency","publisher":{"@id":"https:\/\/www.pressenza.com\/es\/#organization"},"potentialAction":[{"@type":"SearchAction","target":{"@type":"EntryPoint","urlTemplate":"https:\/\/www.pressenza.com\/es\/?s={search_term_string}"},"query-input":{"@type":"PropertyValueSpecification","valueRequired":true,"valueName":"search_term_string"}}],"inLanguage":"es"},{"@type":"Organization","@id":"https:\/\/www.pressenza.com\/es\/#organization","name":"Pressenza","url":"https:\/\/www.pressenza.com\/es\/","logo":{"@type":"ImageObject","inLanguage":"es","@id":"https:\/\/www.pressenza.com\/es\/#\/schema\/logo\/image\/","url":"https:\/\/www.pressenza.com\/wp-content\/uploads\/2022\/10\/pressenza_logo_200x200.jpg","contentUrl":"https:\/\/www.pressenza.com\/wp-content\/uploads\/2022\/10\/pressenza_logo_200x200.jpg","width":200,"height":200,"caption":"Pressenza"},"image":{"@id":"https:\/\/www.pressenza.com\/es\/#\/schema\/logo\/image\/"},"sameAs":["https:\/\/www.facebook.com\/PressenzaItalia","https:\/\/x.com\/PressenzaIPA"]},{"@type":"Person","@id":"https:\/\/www.pressenza.com\/es\/#\/schema\/person\/75ff8ec4b4b03f1d2da977bba83672b3","name":"Pressenza New York","description":"News from the Pressenza Bureau in New York, United States","sameAs":["https:\/\/www.facebook.com\/PressenzaEnglish\/","https:\/\/x.com\/PressenzaIPA"],"url":"https:\/\/www.pressenza.com\/es\/author\/pressenza-new-york\/"}]}},"place":"EEUU, Estados Unidos","original_article_url":"https:\/\/www.commondreams.org\/news\/2019\/08\/19\/banned-israel-ilhan-omar-and-rashida-tlaib-hold-press-conference-humanize","_links":{"self":[{"href":"https:\/\/www.pressenza.com\/es\/wp-json\/wp\/v2\/posts\/905841","targetHints":{"allow":["GET"]}}],"collection":[{"href":"https:\/\/www.pressenza.com\/es\/wp-json\/wp\/v2\/posts"}],"about":[{"href":"https:\/\/www.pressenza.com\/es\/wp-json\/wp\/v2\/types\/post"}],"author":[{"embeddable":true,"href":"https:\/\/www.pressenza.com\/es\/wp-json\/wp\/v2\/users\/1126"}],"replies":[{"embeddable":true,"href":"https:\/\/www.pressenza.com\/es\/wp-json\/wp\/v2\/comments?post=905841"}],"version-history":[{"count":0,"href":"https:\/\/www.pressenza.com\/es\/wp-json\/wp\/v2\/posts\/905841\/revisions"}],"wp:featuredmedia":[{"embeddable":true,"href":"https:\/\/www.pressenza.com\/es\/wp-json\/wp\/v2\/media\/905443"}],"wp:attachment":[{"href":"https:\/\/www.pressenza.com\/es\/wp-json\/wp\/v2\/media?parent=905841"}],"wp:term":[{"taxonomy":"category","embeddable":true,"href":"https:\/\/www.pressenza.com\/es\/wp-json\/wp\/v2\/categories?post=905841"},{"taxonomy":"post_tag","embeddable":true,"href":"https:\/\/www.pressenza.com\/es\/wp-json\/wp\/v2\/tags?post=905841"}],"curies":[{"name":"wp","href":"https:\/\/api.w.org\/{rel}","templated":true}]}}