{"id":904541,"date":"2019-08-16T23:32:49","date_gmt":"2019-08-16T22:32:49","guid":{"rendered":"https:\/\/www.pressenza.com\/?p=904541"},"modified":"2019-08-16T23:33:35","modified_gmt":"2019-08-16T22:33:35","slug":"sesiona-en-trinidad-y-tobago-la-viii-asamblea-de-los-pueblos-del-caribe","status":"publish","type":"post","link":"https:\/\/www.pressenza.com\/es\/2019\/08\/sesiona-en-trinidad-y-tobago-la-viii-asamblea-de-los-pueblos-del-caribe\/","title":{"rendered":"Sesiona en Trinidad y Tobago la VIII Asamblea de los Pueblos del Caribe"},"content":{"rendered":"<p>Hace veinticinco a\u00f1os, en respuesta a \u00abUn mensaje de urgencia\u00bb, m\u00e1s de 400 personas caribe\u00f1as se reunieron en Chaguaramas, Trinidad, para la Primera Asamblea de los Pueblos del Caribe.<\/p>\n<p>Durante tres d\u00edas, hermanas y hermanos caribe\u00f1os, 155 de los cuales viajaron a Trinidad desde 22 territorios del Caribe y 5 comunidades de la di\u00e1spora, compartieron sus experiencias, an\u00e1lisis e ideas bajo el lema \u00abHacia una agenda popular para la soberan\u00eda de la regi\u00f3n y el bienestar de la gente\u201d.<\/p>\n<p>Hoy, nuevamente otro \u201cMensaje de urgencia\u201d se emite para que los pueblos del Caribe se re\u00fanan en Trinidad y Tobago del 15 al 19 de agosto de 2019. Como indica el nombre del encuentro, la tarea es juntos \u201cEnfrentar la<br \/>\nagenda imperialista y fortalecer nuestra resistencia y unidad a trav\u00e9s de la VIII Asamblea de los Pueblos del Caribe\u00bb.<\/p>\n<p>La VIII Asamblea de los Pueblos del Caribe tendr\u00e1 lugar conjuntamente junto con Carifesta XIV, el principal festival cultural y de arte de la regi\u00f3n. Carifesta XIV se realizar\u00e1 del 16 al 25 de agosto en Trinidad y Tobago. De este modo, los pueblos caribe\u00f1os podr\u00e1n beneficiarse de los poderosos debates en la VIII Asamblea de los Pueblos del Caribe y tambi\u00e9n asistir a actuaciones ricas y diversas, as\u00ed como a otras actividades de Carifesta XIV.<\/p>\n<p>Hoy, veinticinco a\u00f1os despu\u00e9s de 1994 y 32 a\u00f1os despu\u00e9s de que el germen de la idea se sembrara en 1987, la Asamblea de los Pueblos del Caribe no solo sobrevivi\u00f3, sino que se renov\u00f3. Este es un testimonio de la validez y el valor de la idea de que es necesario que los pueblos del Caribe se unan por sobre las diversas \u00abdivisiones\u00bb que nos separan, para desarrollar una agenda propia de\u00a0 bienestar, soberan\u00eda y desarrollo.<\/p>\n<div class=\"post-gallery\">\n\t\t\t<figure class=\"post-gallery-item\">\n\t\t\t\t<img decoding=\"async\" src=\"https:\/\/www.pressenza.com\/wp-content\/uploads\/2019\/08\/APC3.jpg\" loading=\"lazy\">\n\t\t\t\t<figcaption>\n\t\t\t\t\t\n\t\t\t\t<\/figcaption>\n\t\t\t<\/figure>\n\t\t\t<figure class=\"post-gallery-item\">\n\t\t\t\t<img decoding=\"async\" src=\"https:\/\/www.pressenza.com\/wp-content\/uploads\/2019\/08\/APC4.jpg\" loading=\"lazy\">\n\t\t\t\t<figcaption>\n\t\t\t\t\t\n\t\t\t\t<\/figcaption>\n\t\t\t<\/figure>\n\t\t\t<figure class=\"post-gallery-item\">\n\t\t\t\t<img decoding=\"async\" src=\"https:\/\/www.pressenza.com\/wp-content\/uploads\/2019\/08\/APC5.jpg\" loading=\"lazy\">\n\t\t\t\t<figcaption>\n\t\t\t\t\t\n\t\t\t\t<\/figcaption>\n\t\t\t<\/figure>\n\t\t\t<figure class=\"post-gallery-item\">\n\t\t\t\t<img decoding=\"async\" src=\"https:\/\/www.pressenza.com\/wp-content\/uploads\/2019\/08\/APC6.jpg\" loading=\"lazy\">\n\t\t\t\t<figcaption>\n\t\t\t\t\t\n\t\t\t\t<\/figcaption>\n\t\t\t<\/figure><\/div>\n<p>Diversos representantes dieron su mensaje en la sesi\u00f3n inaugural. Reproducimos algunas de las presentaciones.<\/p>\n<p>Hilda Guerrero, delegada puertorrique\u00f1a a la <a href=\"https:\/\/www.facebook.com\/hashtag\/viiiapc?source=feed_text&amp;epa=HASHTAG&amp;__xts__%5B0%5D=68.ARDxvFUZiMCaOnIbCBkh3MoxCWcf7vLckW166Bx3x36WWo6gZqvI4t6HeUG2uZHYftZhv1-ZLeb-qJaMQAMt9gjrZcgNeO4EsU_d46hnD0ZwxmKQodeMxFwLgIJ7idEsJloo4Eo32MKB6xKldbXddLcTL2qQ_SEJlm3B1jDUsrQKJ3dfZzb9y7DoUzng1GcqVDxBRSy3PqizRykEBAGHf_r9UIBZX30XymlHk0SwBuFKADS02oIv9EqKbDAWvcd_L1TFFYcOS_HryksTjoDPa5A1cms1m22_3GlUrDNAN96cPwfOi-s1PBO1UEbevZ4GP289jXzaKUNlOmc9wtkOA2Swf3ttY83BZDz_Wg&amp;__tn__=%2ANK-R\" data-ft=\"{&quot;type&quot;:104,&quot;tn&quot;:&quot;*N&quot;}\"><span aria-label=\"hashtag\">#<\/span>VIIIAPC<\/a> \u00abEl pueblo de Puerto Rico dijo basta y ech\u00f3 a andar\u00bb<\/p>\n<p>https:\/\/www.facebook.com\/watch\/?v=2363025927112056<\/p>\n<p>(Video) Iv\u00e1n Rodr\u00edguez, representante de Rep\u00fablica Dominicana: \u00abLa Asamblea de los Pueblos del Caribe es una luz de esperanza en la unidad de los caribe\u00f1os\u00bb \/ Pensando Am\u00e9ricas<\/p>\n<p><a href=\"https:\/\/www.facebook.com\/PensandoAmericas\/videos\/353972895512589\/\">https:\/\/www.facebook.com\/watch\/?v=353972895512589<\/a><\/p>\n<p>(Video) Camille Chalmers, delegado de Hait\u00ed a la <a href=\"https:\/\/www.facebook.com\/hashtag\/viiiapc?source=feed_text&amp;epa=HASHTAG&amp;__xts__%5B0%5D=68.ARDWCVQtyhw6b7_xVLlPWwA3UfE4zN9kryuEh8n7ARCKr0vDs_WLaioqO3dDvszFcndYRxjOCv_SQLUT9990GTCjbPPMRIcOJm6LCcc6Taoodkjv8qkkKIpryRBteP3iyL8egGUKaBrcceQntRtdgNT64cbyh6axxOnfWrbIRLN-7lROvKpm9cldGPylMZbxS2hQ2_8KwAtnnqoWVD7F5MRQLAWAARq9TFwbzj6SOMLX6-kzfKQa5o0znKg_cpy4jtcCbE4usB5CyhBW-y6nggwnEfZ7svL3eCctijIsRR-rbrodp47xTUkm4RUSSt5agB6cteSmStg0J8uJ6BFJzb79zQ8L98JW0A07XQ&amp;__tn__=%2ANK-R\" data-ft=\"{&quot;type&quot;:104,&quot;tn&quot;:&quot;*N&quot;}\"><span aria-label=\"hashtag\">#VIIIAPC<\/span><\/a>: \u00abEstamos en un momento de crisis del capitalismo mundial, frente al cual el imperialismo responde con mucha agresividad\u00bb \/ Pensando Am\u00e9ricas<\/p>\n<p><a href=\"https:\/\/tinyurl.com\/y4wnefhg\">https:\/\/tinyurl.com\/y4wnefhg<\/a><\/p>\n<p>#VIIIAPC| Delegada cubana representando la #FMC, Elpidia Moreno, en panel sobre Migraci\u00f3n<\/p>\n<p>https:\/\/www.facebook.com\/watch\/?v=498276200948058<\/p>\n<p>Fuente: Pensando Am\u00e9ricas<\/p>\n","protected":false},"excerpt":{"rendered":"<p>Hace veinticinco a\u00f1os, en respuesta a \u00abUn mensaje de urgencia\u00bb, m\u00e1s de 400 personas caribe\u00f1as se reunieron en Chaguaramas, Trinidad, para la Primera Asamblea de los Pueblos del Caribe. Durante tres d\u00edas, hermanas y hermanos caribe\u00f1os, 155 de los cuales&hellip;<\/p>\n","protected":false},"author":1300,"featured_media":904586,"comment_status":"closed","ping_status":"closed","sticky":false,"template":"","format":"standard","meta":{"footnotes":""},"categories":[69,11389,79,74],"tags":[62748,20867,1497],"class_list":["post-904541","post","type-post","status-publish","format-standard","has-post-thumbnail","hentry","category-america-central","category-contenido-original","category-derechos-humanos","category-politica-es","tag-asamblea-pueblos-del-caribe","tag-integracion-regional","tag-movimientos-sociales"],"yoast_head":"<!-- This site is optimized with the Yoast SEO plugin v27.1.1 - https:\/\/yoast.com\/product\/yoast-seo-wordpress\/ -->\n<title>Sesiona en Trinidad y Tobago la VIII Asamblea de los Pueblos del Caribe<\/title>\n<meta name=\"description\" content=\"Hace veinticinco a\u00f1os, en respuesta a &quot;Un mensaje de urgencia&quot;, m\u00e1s de 400 personas caribe\u00f1as se reunieron en Chaguaramas, Trinidad, para la Primera\" \/>\n<meta name=\"robots\" content=\"index, follow, max-snippet:-1, max-image-preview:large, max-video-preview:-1\" \/>\n<link rel=\"canonical\" href=\"https:\/\/www.pressenza.com\/es\/2019\/08\/sesiona-en-trinidad-y-tobago-la-viii-asamblea-de-los-pueblos-del-caribe\/\" \/>\n<meta property=\"og:locale\" content=\"es_ES\" \/>\n<meta property=\"og:type\" content=\"article\" \/>\n<meta property=\"og:title\" content=\"Sesiona en Trinidad y Tobago la VIII Asamblea de los Pueblos del Caribe\" \/>\n<meta property=\"og:description\" content=\"Hace veinticinco a\u00f1os, en respuesta a &quot;Un mensaje de urgencia&quot;, m\u00e1s de 400 personas caribe\u00f1as se reunieron en Chaguaramas, Trinidad, para la Primera\" \/>\n<meta property=\"og:url\" content=\"https:\/\/www.pressenza.com\/es\/2019\/08\/sesiona-en-trinidad-y-tobago-la-viii-asamblea-de-los-pueblos-del-caribe\/\" \/>\n<meta property=\"og:site_name\" content=\"Pressenza\" \/>\n<meta property=\"article:publisher\" content=\"https:\/\/www.facebook.com\/PressenzaItalia\" \/>\n<meta property=\"article:published_time\" content=\"2019-08-16T22:32:49+00:00\" \/>\n<meta property=\"article:modified_time\" content=\"2019-08-16T22:33:35+00:00\" \/>\n<meta property=\"og:image\" content=\"https:\/\/www.pressenza.com\/wp-content\/uploads\/2019\/08\/apc1.jpg\" \/>\n\t<meta property=\"og:image:width\" content=\"680\" \/>\n\t<meta property=\"og:image:height\" content=\"510\" \/>\n\t<meta property=\"og:image:type\" content=\"image\/jpeg\" \/>\n<meta name=\"author\" content=\"Redacci\u00f3n M\u00e9xico\" \/>\n<meta name=\"twitter:card\" content=\"summary_large_image\" \/>\n<meta name=\"twitter:creator\" content=\"@PressenzaIPA\" \/>\n<meta name=\"twitter:site\" content=\"@PressenzaIPA\" \/>\n<meta name=\"twitter:label1\" content=\"Escrito por\" \/>\n\t<meta name=\"twitter:data1\" content=\"Redacci\u00f3n M\u00e9xico\" \/>\n\t<meta name=\"twitter:label2\" content=\"Tiempo de lectura\" \/>\n\t<meta name=\"twitter:data2\" content=\"2 minutos\" \/>\n<script type=\"application\/ld+json\" class=\"yoast-schema-graph\">{\"@context\":\"https:\/\/schema.org\",\"@graph\":[{\"@type\":\"Article\",\"@id\":\"https:\/\/www.pressenza.com\/es\/2019\/08\/sesiona-en-trinidad-y-tobago-la-viii-asamblea-de-los-pueblos-del-caribe\/#article\",\"isPartOf\":{\"@id\":\"https:\/\/www.pressenza.com\/es\/2019\/08\/sesiona-en-trinidad-y-tobago-la-viii-asamblea-de-los-pueblos-del-caribe\/\"},\"author\":{\"name\":\"Redacci\u00f3n M\u00e9xico\",\"@id\":\"https:\/\/www.pressenza.com\/es\/#\/schema\/person\/ea3a5d108f4abbf76bec1ad953cf74f4\"},\"headline\":\"Sesiona en Trinidad y Tobago la VIII Asamblea de los Pueblos del Caribe\",\"datePublished\":\"2019-08-16T22:32:49+00:00\",\"dateModified\":\"2019-08-16T22:33:35+00:00\",\"mainEntityOfPage\":{\"@id\":\"https:\/\/www.pressenza.com\/es\/2019\/08\/sesiona-en-trinidad-y-tobago-la-viii-asamblea-de-los-pueblos-del-caribe\/\"},\"wordCount\":450,\"publisher\":{\"@id\":\"https:\/\/www.pressenza.com\/es\/#organization\"},\"image\":{\"@id\":\"https:\/\/www.pressenza.com\/es\/2019\/08\/sesiona-en-trinidad-y-tobago-la-viii-asamblea-de-los-pueblos-del-caribe\/#primaryimage\"},\"thumbnailUrl\":\"https:\/\/www.pressenza.com\/wp-content\/uploads\/2019\/08\/apc1.jpg\",\"keywords\":[\"Asamblea Pueblos del Caribe\",\"integraci\u00f3n regional\",\"movimientos sociales\"],\"articleSection\":[\"Am\u00e9rica Central\",\"Contenido Original\",\"Derechos Humanos\",\"Pol\u00edtica\"],\"inLanguage\":\"es\"},{\"@type\":\"WebPage\",\"@id\":\"https:\/\/www.pressenza.com\/es\/2019\/08\/sesiona-en-trinidad-y-tobago-la-viii-asamblea-de-los-pueblos-del-caribe\/\",\"url\":\"https:\/\/www.pressenza.com\/es\/2019\/08\/sesiona-en-trinidad-y-tobago-la-viii-asamblea-de-los-pueblos-del-caribe\/\",\"name\":\"Sesiona en Trinidad y Tobago la VIII Asamblea de los Pueblos del Caribe\",\"isPartOf\":{\"@id\":\"https:\/\/www.pressenza.com\/es\/#website\"},\"primaryImageOfPage\":{\"@id\":\"https:\/\/www.pressenza.com\/es\/2019\/08\/sesiona-en-trinidad-y-tobago-la-viii-asamblea-de-los-pueblos-del-caribe\/#primaryimage\"},\"image\":{\"@id\":\"https:\/\/www.pressenza.com\/es\/2019\/08\/sesiona-en-trinidad-y-tobago-la-viii-asamblea-de-los-pueblos-del-caribe\/#primaryimage\"},\"thumbnailUrl\":\"https:\/\/www.pressenza.com\/wp-content\/uploads\/2019\/08\/apc1.jpg\",\"datePublished\":\"2019-08-16T22:32:49+00:00\",\"dateModified\":\"2019-08-16T22:33:35+00:00\",\"description\":\"Hace veinticinco a\u00f1os, en respuesta a \\\"Un mensaje de urgencia\\\", m\u00e1s de 400 personas caribe\u00f1as se reunieron en Chaguaramas, Trinidad, para la Primera\",\"breadcrumb\":{\"@id\":\"https:\/\/www.pressenza.com\/es\/2019\/08\/sesiona-en-trinidad-y-tobago-la-viii-asamblea-de-los-pueblos-del-caribe\/#breadcrumb\"},\"inLanguage\":\"es\",\"potentialAction\":[{\"@type\":\"ReadAction\",\"target\":[\"https:\/\/www.pressenza.com\/es\/2019\/08\/sesiona-en-trinidad-y-tobago-la-viii-asamblea-de-los-pueblos-del-caribe\/\"]}]},{\"@type\":\"ImageObject\",\"inLanguage\":\"es\",\"@id\":\"https:\/\/www.pressenza.com\/es\/2019\/08\/sesiona-en-trinidad-y-tobago-la-viii-asamblea-de-los-pueblos-del-caribe\/#primaryimage\",\"url\":\"https:\/\/www.pressenza.com\/wp-content\/uploads\/2019\/08\/apc1.jpg\",\"contentUrl\":\"https:\/\/www.pressenza.com\/wp-content\/uploads\/2019\/08\/apc1.jpg\",\"width\":680,\"height\":510},{\"@type\":\"BreadcrumbList\",\"@id\":\"https:\/\/www.pressenza.com\/es\/2019\/08\/sesiona-en-trinidad-y-tobago-la-viii-asamblea-de-los-pueblos-del-caribe\/#breadcrumb\",\"itemListElement\":[{\"@type\":\"ListItem\",\"position\":1,\"name\":\"Accueil\",\"item\":\"https:\/\/www.pressenza.com\/es\/\"},{\"@type\":\"ListItem\",\"position\":2,\"name\":\"Sesiona en Trinidad y Tobago la VIII Asamblea de los Pueblos del Caribe\"}]},{\"@type\":\"WebSite\",\"@id\":\"https:\/\/www.pressenza.com\/es\/#website\",\"url\":\"https:\/\/www.pressenza.com\/es\/\",\"name\":\"Pressenza\",\"description\":\"International Press Agency\",\"publisher\":{\"@id\":\"https:\/\/www.pressenza.com\/es\/#organization\"},\"potentialAction\":[{\"@type\":\"SearchAction\",\"target\":{\"@type\":\"EntryPoint\",\"urlTemplate\":\"https:\/\/www.pressenza.com\/es\/?s={search_term_string}\"},\"query-input\":{\"@type\":\"PropertyValueSpecification\",\"valueRequired\":true,\"valueName\":\"search_term_string\"}}],\"inLanguage\":\"es\"},{\"@type\":\"Organization\",\"@id\":\"https:\/\/www.pressenza.com\/es\/#organization\",\"name\":\"Pressenza\",\"url\":\"https:\/\/www.pressenza.com\/es\/\",\"logo\":{\"@type\":\"ImageObject\",\"inLanguage\":\"es\",\"@id\":\"https:\/\/www.pressenza.com\/es\/#\/schema\/logo\/image\/\",\"url\":\"https:\/\/www.pressenza.com\/wp-content\/uploads\/2022\/10\/pressenza_logo_200x200.jpg\",\"contentUrl\":\"https:\/\/www.pressenza.com\/wp-content\/uploads\/2022\/10\/pressenza_logo_200x200.jpg\",\"width\":200,\"height\":200,\"caption\":\"Pressenza\"},\"image\":{\"@id\":\"https:\/\/www.pressenza.com\/es\/#\/schema\/logo\/image\/\"},\"sameAs\":[\"https:\/\/www.facebook.com\/PressenzaItalia\",\"https:\/\/x.com\/PressenzaIPA\"]},{\"@type\":\"Person\",\"@id\":\"https:\/\/www.pressenza.com\/es\/#\/schema\/person\/ea3a5d108f4abbf76bec1ad953cf74f4\",\"name\":\"Redacci\u00f3n M\u00e9xico\",\"description\":\"News published by the Pressenza Bureau in Mexico\",\"url\":\"https:\/\/www.pressenza.com\/es\/author\/redaccion-mexico\/\"}]}<\/script>\n<!-- \/ Yoast SEO plugin. -->","yoast_head_json":{"title":"Sesiona en Trinidad y Tobago la VIII Asamblea de los Pueblos del Caribe","description":"Hace veinticinco a\u00f1os, en respuesta a \"Un mensaje de urgencia\", m\u00e1s de 400 personas caribe\u00f1as se reunieron en Chaguaramas, Trinidad, para la Primera","robots":{"index":"index","follow":"follow","max-snippet":"max-snippet:-1","max-image-preview":"max-image-preview:large","max-video-preview":"max-video-preview:-1"},"canonical":"https:\/\/www.pressenza.com\/es\/2019\/08\/sesiona-en-trinidad-y-tobago-la-viii-asamblea-de-los-pueblos-del-caribe\/","og_locale":"es_ES","og_type":"article","og_title":"Sesiona en Trinidad y Tobago la VIII Asamblea de los Pueblos del Caribe","og_description":"Hace veinticinco a\u00f1os, en respuesta a \"Un mensaje de urgencia\", m\u00e1s de 400 personas caribe\u00f1as se reunieron en Chaguaramas, Trinidad, para la Primera","og_url":"https:\/\/www.pressenza.com\/es\/2019\/08\/sesiona-en-trinidad-y-tobago-la-viii-asamblea-de-los-pueblos-del-caribe\/","og_site_name":"Pressenza","article_publisher":"https:\/\/www.facebook.com\/PressenzaItalia","article_published_time":"2019-08-16T22:32:49+00:00","article_modified_time":"2019-08-16T22:33:35+00:00","og_image":[{"width":680,"height":510,"url":"https:\/\/www.pressenza.com\/wp-content\/uploads\/2019\/08\/apc1.jpg","type":"image\/jpeg"}],"author":"Redacci\u00f3n M\u00e9xico","twitter_card":"summary_large_image","twitter_creator":"@PressenzaIPA","twitter_site":"@PressenzaIPA","twitter_misc":{"Escrito por":"Redacci\u00f3n M\u00e9xico","Tiempo de lectura":"2 minutos"},"schema":{"@context":"https:\/\/schema.org","@graph":[{"@type":"Article","@id":"https:\/\/www.pressenza.com\/es\/2019\/08\/sesiona-en-trinidad-y-tobago-la-viii-asamblea-de-los-pueblos-del-caribe\/#article","isPartOf":{"@id":"https:\/\/www.pressenza.com\/es\/2019\/08\/sesiona-en-trinidad-y-tobago-la-viii-asamblea-de-los-pueblos-del-caribe\/"},"author":{"name":"Redacci\u00f3n M\u00e9xico","@id":"https:\/\/www.pressenza.com\/es\/#\/schema\/person\/ea3a5d108f4abbf76bec1ad953cf74f4"},"headline":"Sesiona en Trinidad y Tobago la VIII Asamblea de los Pueblos del Caribe","datePublished":"2019-08-16T22:32:49+00:00","dateModified":"2019-08-16T22:33:35+00:00","mainEntityOfPage":{"@id":"https:\/\/www.pressenza.com\/es\/2019\/08\/sesiona-en-trinidad-y-tobago-la-viii-asamblea-de-los-pueblos-del-caribe\/"},"wordCount":450,"publisher":{"@id":"https:\/\/www.pressenza.com\/es\/#organization"},"image":{"@id":"https:\/\/www.pressenza.com\/es\/2019\/08\/sesiona-en-trinidad-y-tobago-la-viii-asamblea-de-los-pueblos-del-caribe\/#primaryimage"},"thumbnailUrl":"https:\/\/www.pressenza.com\/wp-content\/uploads\/2019\/08\/apc1.jpg","keywords":["Asamblea Pueblos del Caribe","integraci\u00f3n regional","movimientos sociales"],"articleSection":["Am\u00e9rica Central","Contenido Original","Derechos Humanos","Pol\u00edtica"],"inLanguage":"es"},{"@type":"WebPage","@id":"https:\/\/www.pressenza.com\/es\/2019\/08\/sesiona-en-trinidad-y-tobago-la-viii-asamblea-de-los-pueblos-del-caribe\/","url":"https:\/\/www.pressenza.com\/es\/2019\/08\/sesiona-en-trinidad-y-tobago-la-viii-asamblea-de-los-pueblos-del-caribe\/","name":"Sesiona en Trinidad y Tobago la VIII Asamblea de los Pueblos del Caribe","isPartOf":{"@id":"https:\/\/www.pressenza.com\/es\/#website"},"primaryImageOfPage":{"@id":"https:\/\/www.pressenza.com\/es\/2019\/08\/sesiona-en-trinidad-y-tobago-la-viii-asamblea-de-los-pueblos-del-caribe\/#primaryimage"},"image":{"@id":"https:\/\/www.pressenza.com\/es\/2019\/08\/sesiona-en-trinidad-y-tobago-la-viii-asamblea-de-los-pueblos-del-caribe\/#primaryimage"},"thumbnailUrl":"https:\/\/www.pressenza.com\/wp-content\/uploads\/2019\/08\/apc1.jpg","datePublished":"2019-08-16T22:32:49+00:00","dateModified":"2019-08-16T22:33:35+00:00","description":"Hace veinticinco a\u00f1os, en respuesta a \"Un mensaje de urgencia\", m\u00e1s de 400 personas caribe\u00f1as se reunieron en Chaguaramas, Trinidad, para la Primera","breadcrumb":{"@id":"https:\/\/www.pressenza.com\/es\/2019\/08\/sesiona-en-trinidad-y-tobago-la-viii-asamblea-de-los-pueblos-del-caribe\/#breadcrumb"},"inLanguage":"es","potentialAction":[{"@type":"ReadAction","target":["https:\/\/www.pressenza.com\/es\/2019\/08\/sesiona-en-trinidad-y-tobago-la-viii-asamblea-de-los-pueblos-del-caribe\/"]}]},{"@type":"ImageObject","inLanguage":"es","@id":"https:\/\/www.pressenza.com\/es\/2019\/08\/sesiona-en-trinidad-y-tobago-la-viii-asamblea-de-los-pueblos-del-caribe\/#primaryimage","url":"https:\/\/www.pressenza.com\/wp-content\/uploads\/2019\/08\/apc1.jpg","contentUrl":"https:\/\/www.pressenza.com\/wp-content\/uploads\/2019\/08\/apc1.jpg","width":680,"height":510},{"@type":"BreadcrumbList","@id":"https:\/\/www.pressenza.com\/es\/2019\/08\/sesiona-en-trinidad-y-tobago-la-viii-asamblea-de-los-pueblos-del-caribe\/#breadcrumb","itemListElement":[{"@type":"ListItem","position":1,"name":"Accueil","item":"https:\/\/www.pressenza.com\/es\/"},{"@type":"ListItem","position":2,"name":"Sesiona en Trinidad y Tobago la VIII Asamblea de los Pueblos del Caribe"}]},{"@type":"WebSite","@id":"https:\/\/www.pressenza.com\/es\/#website","url":"https:\/\/www.pressenza.com\/es\/","name":"Pressenza","description":"International Press Agency","publisher":{"@id":"https:\/\/www.pressenza.com\/es\/#organization"},"potentialAction":[{"@type":"SearchAction","target":{"@type":"EntryPoint","urlTemplate":"https:\/\/www.pressenza.com\/es\/?s={search_term_string}"},"query-input":{"@type":"PropertyValueSpecification","valueRequired":true,"valueName":"search_term_string"}}],"inLanguage":"es"},{"@type":"Organization","@id":"https:\/\/www.pressenza.com\/es\/#organization","name":"Pressenza","url":"https:\/\/www.pressenza.com\/es\/","logo":{"@type":"ImageObject","inLanguage":"es","@id":"https:\/\/www.pressenza.com\/es\/#\/schema\/logo\/image\/","url":"https:\/\/www.pressenza.com\/wp-content\/uploads\/2022\/10\/pressenza_logo_200x200.jpg","contentUrl":"https:\/\/www.pressenza.com\/wp-content\/uploads\/2022\/10\/pressenza_logo_200x200.jpg","width":200,"height":200,"caption":"Pressenza"},"image":{"@id":"https:\/\/www.pressenza.com\/es\/#\/schema\/logo\/image\/"},"sameAs":["https:\/\/www.facebook.com\/PressenzaItalia","https:\/\/x.com\/PressenzaIPA"]},{"@type":"Person","@id":"https:\/\/www.pressenza.com\/es\/#\/schema\/person\/ea3a5d108f4abbf76bec1ad953cf74f4","name":"Redacci\u00f3n M\u00e9xico","description":"News published by the Pressenza Bureau in Mexico","url":"https:\/\/www.pressenza.com\/es\/author\/redaccion-mexico\/"}]}},"place":"Trinidad y Tobago","original_article_url":"","_links":{"self":[{"href":"https:\/\/www.pressenza.com\/es\/wp-json\/wp\/v2\/posts\/904541","targetHints":{"allow":["GET"]}}],"collection":[{"href":"https:\/\/www.pressenza.com\/es\/wp-json\/wp\/v2\/posts"}],"about":[{"href":"https:\/\/www.pressenza.com\/es\/wp-json\/wp\/v2\/types\/post"}],"author":[{"embeddable":true,"href":"https:\/\/www.pressenza.com\/es\/wp-json\/wp\/v2\/users\/1300"}],"replies":[{"embeddable":true,"href":"https:\/\/www.pressenza.com\/es\/wp-json\/wp\/v2\/comments?post=904541"}],"version-history":[{"count":0,"href":"https:\/\/www.pressenza.com\/es\/wp-json\/wp\/v2\/posts\/904541\/revisions"}],"wp:featuredmedia":[{"embeddable":true,"href":"https:\/\/www.pressenza.com\/es\/wp-json\/wp\/v2\/media\/904586"}],"wp:attachment":[{"href":"https:\/\/www.pressenza.com\/es\/wp-json\/wp\/v2\/media?parent=904541"}],"wp:term":[{"taxonomy":"category","embeddable":true,"href":"https:\/\/www.pressenza.com\/es\/wp-json\/wp\/v2\/categories?post=904541"},{"taxonomy":"post_tag","embeddable":true,"href":"https:\/\/www.pressenza.com\/es\/wp-json\/wp\/v2\/tags?post=904541"}],"curies":[{"name":"wp","href":"https:\/\/api.w.org\/{rel}","templated":true}]}}