{"id":903945,"date":"2019-08-16T17:02:28","date_gmt":"2019-08-16T16:02:28","guid":{"rendered":"https:\/\/www.pressenza.com\/?p=903945"},"modified":"2019-08-16T18:11:50","modified_gmt":"2019-08-16T17:11:50","slug":"el-humor-tomarse-en-serio-no-tiene-ninguna-gracia","status":"publish","type":"post","link":"https:\/\/www.pressenza.com\/es\/2019\/08\/el-humor-tomarse-en-serio-no-tiene-ninguna-gracia\/","title":{"rendered":"El humor. Tomarse en serio no tiene ninguna gracia"},"content":{"rendered":"<div>Reunirnos en una tertulia donde el HUMOR va a ser el protagonista con pretensi\u00f3n de analizarlo en nuestras vidas, ya nos sugiere qu\u00e9 tipo de velada vamos a pasar. Gracias a tener participantes cuyo sentido del humor e inspiraci\u00f3n para contar chistes superaba el promedio de cualquier persona de a pie, la tertulia pudo convertirse en un fest\u00edn de catarsis y distensiones musculares para pasar una noche de verano con buen sentido del humor. El humor es un rol para afrontar situaciones, pero tambi\u00e9n es una virtud que requiere de cierto dominio intelectual y de asociaci\u00f3n de im\u00e1genes.<\/div>\n<div><\/div>\n<div>\n<p>La motivaci\u00f3n desde la que ven\u00eda la propuesta de intercambiar sobre este tema, hab\u00eda sido la observaci\u00f3n de que en los intentos de aumentar la movilidad y diversidad de im\u00e1genes,\u00a0 encontr\u00e1bamos en d\u00e9ficit las humor\u00edsticas, as\u00ed como tambi\u00e9n las esperp\u00e9nticas y grotescas. Es decir, en el pretendidamente completo espectro tragic\u00f3mico. Cuanto m\u00e1s susceptibles fueran las vivencias de ser enfocadas por el lado dram\u00e1tico, m\u00e1s dificultades ten\u00edan en imaginarse\u00a0 desde otra \u00f3ptica m\u00e1s l\u00fadica, ligera, humor\u00edstica o esperp\u00e9ntica.<\/p>\n<\/div>\n<div>\n<p>Describimos el tema con ejemplos de aquello que ayuda a una \u00f3ptica humor\u00edstica as\u00ed como de lo que se opone a ella, situ\u00e1ndolo finalmente en su sistema mayor.<\/p>\n<div class=\"post-gallery\">\n\t\t\t<figure class=\"post-gallery-item\">\n\t\t\t\t<img decoding=\"async\" src=\"https:\/\/www.pressenza.com\/wp-content\/uploads\/2019\/08\/Agora_2019-08-09_55001-720x480.jpg\" loading=\"lazy\">\n\t\t\t\t<figcaption>\n\t\t\t\t\t\n\t\t\t\t<\/figcaption>\n\t\t\t<\/figure>\n\t\t\t<figure class=\"post-gallery-item\">\n\t\t\t\t<img decoding=\"async\" src=\"https:\/\/www.pressenza.com\/wp-content\/uploads\/2019\/08\/Agora_2019-08-09_54671-720x480.jpg\" loading=\"lazy\">\n\t\t\t\t<figcaption>\n\t\t\t\t\t\n\t\t\t\t<\/figcaption>\n\t\t\t<\/figure>\n\t\t\t<figure class=\"post-gallery-item\">\n\t\t\t\t<img decoding=\"async\" src=\"https:\/\/www.pressenza.com\/wp-content\/uploads\/2019\/08\/Agora_2019-08-09_54261-720x480.jpg\" loading=\"lazy\">\n\t\t\t\t<figcaption>\n\t\t\t\t\t\n\t\t\t\t<\/figcaption>\n\t\t\t<\/figure>\n\t\t\t<figure class=\"post-gallery-item\">\n\t\t\t\t<img decoding=\"async\" src=\"https:\/\/www.pressenza.com\/wp-content\/uploads\/2019\/08\/Agora_2019-08-09_54451-720x480.jpg\" loading=\"lazy\">\n\t\t\t\t<figcaption>\n\t\t\t\t\t\n\t\t\t\t<\/figcaption>\n\t\t\t<\/figure>\n\t\t\t<figure class=\"post-gallery-item\">\n\t\t\t\t<img decoding=\"async\" src=\"https:\/\/www.pressenza.com\/wp-content\/uploads\/2019\/08\/Agora_2019-08-09_54661-720x480.jpg\" loading=\"lazy\">\n\t\t\t\t<figcaption>\n\t\t\t\t\t\n\t\t\t\t<\/figcaption>\n\t\t\t<\/figure>\n\t\t\t<figure class=\"post-gallery-item\">\n\t\t\t\t<img decoding=\"async\" src=\"https:\/\/www.pressenza.com\/wp-content\/uploads\/2019\/08\/Agora_2019-08-09_54812-720x480.jpg\" loading=\"lazy\">\n\t\t\t\t<figcaption>\n\t\t\t\t\t\n\t\t\t\t<\/figcaption>\n\t\t\t<\/figure>\n\t\t\t<figure class=\"post-gallery-item\">\n\t\t\t\t<img decoding=\"async\" src=\"https:\/\/www.pressenza.com\/wp-content\/uploads\/2019\/08\/Agora_2019-08-09_5511-720x480.jpg\" loading=\"lazy\">\n\t\t\t\t<figcaption>\n\t\t\t\t\t\n\t\t\t\t<\/figcaption>\n\t\t\t<\/figure>\n\t\t\t<figure class=\"post-gallery-item\">\n\t\t\t\t<img decoding=\"async\" src=\"https:\/\/www.pressenza.com\/wp-content\/uploads\/2019\/08\/Agora_2019-08-09_55011-720x480.jpg\" loading=\"lazy\">\n\t\t\t\t<figcaption>\n\t\t\t\t\t\n\t\t\t\t<\/figcaption>\n\t\t\t<\/figure><\/div>\n<\/div>\n<div>\n<p>Advertimos como la calificaci\u00f3n de una situaci\u00f3n de \u201cdram\u00e1tica\u201d tiene una ra\u00edz cultural, en muchos casos esta \u00f3ptica es utilizada por los poderes para generar miedo en la poblaci\u00f3n y someterla as\u00ed al orden establecido. Observar este funcionamiento nos permite rebelarnos ante tal posicionamiento, haciendo del humor una herramienta adecuada para conseguir una adaptaci\u00f3n creciente.<\/p>\n<p>En general se advierte una clara ra\u00edz cultural, donde re\u00edrse est\u00e1 mal visto, prohibido y numerosas frases hechas lo demuestran: \u201cDe este tipo te puedes fiar, porque es serio\u201d. Ejemplos de hijos de familias que vivieron durante la dictadura, explican las vivencias de sus padres de c\u00f3mo en sus casas todo era serio, donde el humor no ten\u00eda cabida, donde imperaba el miedo y el temor a la autoridad.<\/p>\n<\/div>\n<div>Coincidimos en que actuamos frecuentemente con autocensura: la negaci\u00f3n del placer, entender el trabajo, el amor y el estudio como algo serio, todo validado solamente desde el sufrimiento. En la ra\u00edz encontramos, una base de cristianismo: ning\u00fan santo se r\u00ede en la iconograf\u00eda cristiana, s\u00f3lo el demonio, a diferencia de lo que vemos en los m\u00edsticos de otras culturas, como Buda o Chuang-Tzu (Budismo y Tao\u00edsmo) donde sus ense\u00f1anzas, a veces relatadas con poes\u00eda, otras como acertijos humor\u00edsticos desvelan una maestr\u00eda en explicar misterios profundos referentes al ser humano, su conciencia y su trascendencia vali\u00e9ndose de sarcasmos, iron\u00edas o posturas humor\u00edsticas. Es decir, invitando a re\u00edrse de la condici\u00f3n humana, de su ilusoriedad.<\/div>\n<div><\/div>\n<div>Pero cuando se logra incluir el \u00e1ngulo humor\u00edstico en dichas situaciones, permitiendo una posible movilidad de im\u00e1genes, el registro tambi\u00e9n cambia. As\u00ed relata alg\u00fan participante cuando en sus fracasos personales trata de ver m\u00e1s all\u00e1 de la situaci\u00f3n a la que se ve sometido y vislumbrarla con humor, desdramatizando y desidentific\u00e1ndose con todo aquello que tiene sabor a propio. Al aprender a re\u00edrnos de nosotros mismos, nos permitimos tomar distancia, desdramatizar estados y situaciones, no identificarnos tanto con todo aquello que tiene que ver con uno.<\/div>\n<div><\/div>\n<div>Uno de los tertulianos explica en clave de humor y provocando una situaci\u00f3n c\u00f3mica, una escena cotidiana de su vida en la que opta por cambiar su respuesta mec\u00e1nica:<\/div>\n<div><\/div>\n<div>Cada ma\u00f1ana voy a comprar el peri\u00f3dico y el quiosquero me pregunta:<br \/>\n<em>\u00a0 \u00a0 &#8211; \u00bfQu\u00e9, c\u00f3mo va?\u00bb<\/em><br \/>\n<em>\u00a0 \u00a0 &#8211; Bien (respondo)<\/em><br \/>\n<em>Este bien me deja un sinsabor amargo mientras voy dirigi\u00e9ndome a mi casa, pensando para m\u00ed \u00a0 \u00a0 \u00a0 mismo: \u00bfC\u00f3mo que bien, si me va todo fatal? <\/em><\/div>\n<div><em>\u00a0 \u00a0 D\u00eda tras otro se repite la misma escena, y ese \u201cbien\u201d no deja de ser una tortura de falsedad \u00a0\u00a0 para \u00a0 \u00a0 \u00a0 mi conciencia, as\u00ed que decido que hasta aqu\u00ed hemos llegado con la respuesta t\u00edpica de \u201cbien\u201d, \u00a0 \u00a0 \u00a0 \u00a0 \u00a0 como quien no explica nada.<\/em><\/div>\n<div><em>\u00a0 \u00a0 Al d\u00eda siguiente, vuelvo al quiosco,<br \/>\n&#8211; \u00bfQu\u00e9, c\u00f3mo va?\u00bb<br \/>\n&#8211; Bien (respondo), m\u00e1s que bien, es que me va de maravilla\u2026. mira es que no s\u00e9 por d\u00f3nde \u00a0 \u00a0 \u00a0 \u00a0 \u00a0 \u00a0 empezar, &#8230;.<\/em><\/div>\n<div><\/div>\n<div>A partir de aqu\u00ed, el tertuliano relata una sarta de razones humor\u00edsticas por las cuales le va \u201cm\u00e1s que bien\u201d, provocando una situaci\u00f3n c\u00f3mica y humor\u00edstica para el conjunto.<\/div>\n<div>Ante tal situaci\u00f3n de barbaridades donde el ir \u201cbien\u201d exced\u00eda los l\u00edmites, aquel vecino amable, al que las cosas le iban \u201cbien\u201d pas\u00f3 a ser el vecino grotescamente exagerado por \u201clo bien que le iban las cosas\u201d.<\/div>\n<div><\/div>\n<div>Si analizamos la iron\u00eda, vemos:<br \/>\n1.- que ante una respuesta autom\u00e1tica y falsa de la realidad que uno se cree, hay una inercia a constre\u00f1irse en clich\u00e9s formales, con una gran falta de movilidad y diversidad de im\u00e1genes;<\/div>\n<div>\n2.- la l\u00f3gica dir\u00eda que hay que elaborar entonces posibles respuestas que ilustren mejor y respondan con m\u00e1s verdad la situaci\u00f3n sobre lo mal que uno est\u00e1\u2026pero no, el participante muestra un camino donde se introduce la \u00f3ptica humor\u00edstica y l\u00fadica, maquinando qu\u00e9 cosa graciosa se podr\u00eda responder que ayude a mover clich\u00e9s, a ampliar registros, a sorprender en la comunicaci\u00f3n y en definitiva a transmitir por otra v\u00eda un estado de m\u00e1s despierto.<\/div>\n<div><\/div>\n<div>3.- finalmente, encuentra la v\u00eda de la exageraci\u00f3n, de \u201clo bien que est\u00e1 (expansiones y transformismos), lo cual ya le obliga a troncharse a \u00e9l mismo. En este juego l\u00fadico, ha creado una nueva situaci\u00f3n que le permite preguntar a su interlocutor: \u00bfa que da rabia lo bien que estoy?, permitiendo que \u00e9ste tambi\u00e9n entre en una \u00f3ptica humor\u00edstica.<\/div>\n<div><\/div>\n<div>Podr\u00edamos decir que es un claro ejemplo de c\u00f3mo abordar una situaci\u00f3n personal de fracaso, donde ser capaz de re\u00edrse de la situaci\u00f3n, le quita carga a la posible situaci\u00f3n personal de sufrimiento.<\/div>\n<div><\/div>\n<div>Por otro lado, el humor y sus contenidos est\u00e1n claramente constelados entorno a la direcci\u00f3n mental; no puede ser el mismo humor ni tener los mismos efectos, si viene de una direcci\u00f3n mental bondadosa o de una degradatoria. As\u00ed nos explicamos que haya tambi\u00e9n un humor hiriente, o inoportuno, o de signo regresivo (xen\u00f3fobo, clasista, burl\u00f3n del desfavorecido\u2026).<\/div>\n<div><\/div>\n<div>Los mecanismos de movilidad de im\u00e1genes, si queremos trabajar un tema a fondo, pasan por t\u00e9cnicas primero de catarsis, ante las que uno puede liberarse de aquello que le es sufriente, para pasar luego a hacer un trabajo de conversi\u00f3n de im\u00e1genes.<\/div>\n<div><\/div>\n<div>La clave est\u00e1 en poder re\u00edrse de lo que a uno le pasa y por los mismos motivos no tomarse en serio a los otros cuando lo que vemos son sus mecanismos de compulsiones, de climas no resueltos, al igual que sucede con uno mismo. \u00bfSobre qu\u00e9 dramatizamos? En este escenario, sustituir la actitud violenta hacia uno mismo por el humor, ser\u00eda darle un giro a la situaci\u00f3n.<\/div>\n","protected":false},"excerpt":{"rendered":"<p>Reunirnos en una tertulia donde el HUMOR va a ser el protagonista con pretensi\u00f3n de analizarlo en nuestras vidas, ya nos sugiere qu\u00e9 tipo de velada vamos a pasar. Gracias a tener participantes cuyo sentido del humor e inspiraci\u00f3n para&hellip;<\/p>\n","protected":false},"author":1691,"featured_media":904481,"comment_status":"closed","ping_status":"closed","sticky":false,"template":"","format":"standard","meta":{"footnotes":""},"categories":[11389,1240,161],"tags":[61913,62717,62718,62716],"class_list":["post-903945","post","type-post","status-publish","format-standard","has-post-thumbnail","hentry","category-contenido-original","category-humanismo-espiritualidad","category-opiniones","tag-agora-9b-barcelona","tag-agora-humanista-es","tag-el-humor-es","tag-tertulias-agora"],"yoast_head":"<!-- This site is optimized with the Yoast SEO plugin v27.1.1 - https:\/\/yoast.com\/product\/yoast-seo-wordpress\/ -->\n<title>El humor. Tomarse en serio no tiene ninguna gracia<\/title>\n<meta name=\"description\" content=\"Reunirnos en una tertulia donde el HUMOR va a ser el protagonista con pretensi\u00f3n de analizarlo en nuestras vidas, ya nos sugiere qu\u00e9 tipo de velada vamos\" \/>\n<meta name=\"robots\" content=\"index, follow, max-snippet:-1, max-image-preview:large, max-video-preview:-1\" \/>\n<link rel=\"canonical\" href=\"https:\/\/www.pressenza.com\/es\/2019\/08\/el-humor-tomarse-en-serio-no-tiene-ninguna-gracia\/\" \/>\n<meta property=\"og:locale\" content=\"es_ES\" \/>\n<meta property=\"og:type\" content=\"article\" \/>\n<meta property=\"og:title\" content=\"El humor. Tomarse en serio no tiene ninguna gracia\" \/>\n<meta property=\"og:description\" content=\"Reunirnos en una tertulia donde el HUMOR va a ser el protagonista con pretensi\u00f3n de analizarlo en nuestras vidas, ya nos sugiere qu\u00e9 tipo de velada vamos\" \/>\n<meta property=\"og:url\" content=\"https:\/\/www.pressenza.com\/es\/2019\/08\/el-humor-tomarse-en-serio-no-tiene-ninguna-gracia\/\" \/>\n<meta property=\"og:site_name\" content=\"Pressenza\" \/>\n<meta property=\"article:publisher\" content=\"https:\/\/www.facebook.com\/PressenzaItalia\" \/>\n<meta property=\"article:published_time\" content=\"2019-08-16T16:02:28+00:00\" \/>\n<meta property=\"article:modified_time\" content=\"2019-08-16T17:11:50+00:00\" \/>\n<meta property=\"og:image\" content=\"https:\/\/www.pressenza.com\/wp-content\/uploads\/2019\/08\/el_HUMOR.png\" \/>\n\t<meta property=\"og:image:width\" content=\"800\" \/>\n\t<meta property=\"og:image:height\" content=\"550\" \/>\n\t<meta property=\"og:image:type\" content=\"image\/png\" \/>\n<meta name=\"author\" content=\"\u00c0gora Humanista\" \/>\n<meta name=\"twitter:card\" content=\"summary_large_image\" \/>\n<meta name=\"twitter:creator\" content=\"@PressenzaIPA\" \/>\n<meta name=\"twitter:site\" content=\"@PressenzaIPA\" \/>\n<meta name=\"twitter:label1\" content=\"Escrito por\" \/>\n\t<meta name=\"twitter:data1\" content=\"\u00c0gora Humanista\" \/>\n\t<meta name=\"twitter:label2\" content=\"Tiempo de lectura\" \/>\n\t<meta name=\"twitter:data2\" content=\"6 minutos\" \/>\n<script type=\"application\/ld+json\" class=\"yoast-schema-graph\">{\"@context\":\"https:\/\/schema.org\",\"@graph\":[{\"@type\":\"Article\",\"@id\":\"https:\/\/www.pressenza.com\/es\/2019\/08\/el-humor-tomarse-en-serio-no-tiene-ninguna-gracia\/#article\",\"isPartOf\":{\"@id\":\"https:\/\/www.pressenza.com\/es\/2019\/08\/el-humor-tomarse-en-serio-no-tiene-ninguna-gracia\/\"},\"author\":{\"name\":\"\u00c0gora Humanista\",\"@id\":\"https:\/\/www.pressenza.com\/es\/#\/schema\/person\/0148578445cadbbd1d1adc35f7ab4f96\"},\"headline\":\"El humor. Tomarse en serio no tiene ninguna gracia\",\"datePublished\":\"2019-08-16T16:02:28+00:00\",\"dateModified\":\"2019-08-16T17:11:50+00:00\",\"mainEntityOfPage\":{\"@id\":\"https:\/\/www.pressenza.com\/es\/2019\/08\/el-humor-tomarse-en-serio-no-tiene-ninguna-gracia\/\"},\"wordCount\":1245,\"publisher\":{\"@id\":\"https:\/\/www.pressenza.com\/es\/#organization\"},\"image\":{\"@id\":\"https:\/\/www.pressenza.com\/es\/2019\/08\/el-humor-tomarse-en-serio-no-tiene-ninguna-gracia\/#primaryimage\"},\"thumbnailUrl\":\"https:\/\/www.pressenza.com\/wp-content\/uploads\/2019\/08\/el_HUMOR.png\",\"keywords\":[\"\u00c0gora 9B Barcelona\",\"AGORA HUMANISTA\",\"EL Humor\",\"Tertulias Agora\"],\"articleSection\":[\"Contenido Original\",\"Humanismo y Espiritualidad\",\"Opiniones\"],\"inLanguage\":\"es\"},{\"@type\":\"WebPage\",\"@id\":\"https:\/\/www.pressenza.com\/es\/2019\/08\/el-humor-tomarse-en-serio-no-tiene-ninguna-gracia\/\",\"url\":\"https:\/\/www.pressenza.com\/es\/2019\/08\/el-humor-tomarse-en-serio-no-tiene-ninguna-gracia\/\",\"name\":\"El humor. Tomarse en serio no tiene ninguna gracia\",\"isPartOf\":{\"@id\":\"https:\/\/www.pressenza.com\/es\/#website\"},\"primaryImageOfPage\":{\"@id\":\"https:\/\/www.pressenza.com\/es\/2019\/08\/el-humor-tomarse-en-serio-no-tiene-ninguna-gracia\/#primaryimage\"},\"image\":{\"@id\":\"https:\/\/www.pressenza.com\/es\/2019\/08\/el-humor-tomarse-en-serio-no-tiene-ninguna-gracia\/#primaryimage\"},\"thumbnailUrl\":\"https:\/\/www.pressenza.com\/wp-content\/uploads\/2019\/08\/el_HUMOR.png\",\"datePublished\":\"2019-08-16T16:02:28+00:00\",\"dateModified\":\"2019-08-16T17:11:50+00:00\",\"description\":\"Reunirnos en una tertulia donde el HUMOR va a ser el protagonista con pretensi\u00f3n de analizarlo en nuestras vidas, ya nos sugiere qu\u00e9 tipo de velada vamos\",\"breadcrumb\":{\"@id\":\"https:\/\/www.pressenza.com\/es\/2019\/08\/el-humor-tomarse-en-serio-no-tiene-ninguna-gracia\/#breadcrumb\"},\"inLanguage\":\"es\",\"potentialAction\":[{\"@type\":\"ReadAction\",\"target\":[\"https:\/\/www.pressenza.com\/es\/2019\/08\/el-humor-tomarse-en-serio-no-tiene-ninguna-gracia\/\"]}]},{\"@type\":\"ImageObject\",\"inLanguage\":\"es\",\"@id\":\"https:\/\/www.pressenza.com\/es\/2019\/08\/el-humor-tomarse-en-serio-no-tiene-ninguna-gracia\/#primaryimage\",\"url\":\"https:\/\/www.pressenza.com\/wp-content\/uploads\/2019\/08\/el_HUMOR.png\",\"contentUrl\":\"https:\/\/www.pressenza.com\/wp-content\/uploads\/2019\/08\/el_HUMOR.png\",\"width\":800,\"height\":550},{\"@type\":\"BreadcrumbList\",\"@id\":\"https:\/\/www.pressenza.com\/es\/2019\/08\/el-humor-tomarse-en-serio-no-tiene-ninguna-gracia\/#breadcrumb\",\"itemListElement\":[{\"@type\":\"ListItem\",\"position\":1,\"name\":\"Accueil\",\"item\":\"https:\/\/www.pressenza.com\/es\/\"},{\"@type\":\"ListItem\",\"position\":2,\"name\":\"El humor. Tomarse en serio no tiene ninguna gracia\"}]},{\"@type\":\"WebSite\",\"@id\":\"https:\/\/www.pressenza.com\/es\/#website\",\"url\":\"https:\/\/www.pressenza.com\/es\/\",\"name\":\"Pressenza\",\"description\":\"International Press Agency\",\"publisher\":{\"@id\":\"https:\/\/www.pressenza.com\/es\/#organization\"},\"potentialAction\":[{\"@type\":\"SearchAction\",\"target\":{\"@type\":\"EntryPoint\",\"urlTemplate\":\"https:\/\/www.pressenza.com\/es\/?s={search_term_string}\"},\"query-input\":{\"@type\":\"PropertyValueSpecification\",\"valueRequired\":true,\"valueName\":\"search_term_string\"}}],\"inLanguage\":\"es\"},{\"@type\":\"Organization\",\"@id\":\"https:\/\/www.pressenza.com\/es\/#organization\",\"name\":\"Pressenza\",\"url\":\"https:\/\/www.pressenza.com\/es\/\",\"logo\":{\"@type\":\"ImageObject\",\"inLanguage\":\"es\",\"@id\":\"https:\/\/www.pressenza.com\/es\/#\/schema\/logo\/image\/\",\"url\":\"https:\/\/www.pressenza.com\/wp-content\/uploads\/2022\/10\/pressenza_logo_200x200.jpg\",\"contentUrl\":\"https:\/\/www.pressenza.com\/wp-content\/uploads\/2022\/10\/pressenza_logo_200x200.jpg\",\"width\":200,\"height\":200,\"caption\":\"Pressenza\"},\"image\":{\"@id\":\"https:\/\/www.pressenza.com\/es\/#\/schema\/logo\/image\/\"},\"sameAs\":[\"https:\/\/www.facebook.com\/PressenzaItalia\",\"https:\/\/x.com\/PressenzaIPA\"]},{\"@type\":\"Person\",\"@id\":\"https:\/\/www.pressenza.com\/es\/#\/schema\/person\/0148578445cadbbd1d1adc35f7ab4f96\",\"name\":\"\u00c0gora Humanista\",\"description\":\"\u00c0gora Humanista es un centro socio-cultural ubicado en Barcelona, que abri\u00f3 sus puertas en 2007. Sus promotores se han inspirado en las propuestas del Nuevo Humanismo Universalista. Partiendo de la convicci\u00f3n de que el conjunto mejora al individuo, se organizan encuentros abiertos peri\u00f3dicos para intercambiar sobre temas propuestos por los participantes, en torno a tem\u00e1ticas acordes con el cambio personal y social, la evoluci\u00f3n de la conciencia, los procesos hist\u00f3ricos y la espiritualidad; en estos debates, se intenta profundizar a partir de experiencias personales, adem\u00e1s de los aportes te\u00f3ricos de los participantes. http:\/\/agora9b.blogspot.com\/\",\"sameAs\":[\"http:\/\/agora9b.blogspot.com\/\"],\"url\":\"https:\/\/www.pressenza.com\/es\/author\/agora-humanista\/\"}]}<\/script>\n<!-- \/ Yoast SEO plugin. -->","yoast_head_json":{"title":"El humor. Tomarse en serio no tiene ninguna gracia","description":"Reunirnos en una tertulia donde el HUMOR va a ser el protagonista con pretensi\u00f3n de analizarlo en nuestras vidas, ya nos sugiere qu\u00e9 tipo de velada vamos","robots":{"index":"index","follow":"follow","max-snippet":"max-snippet:-1","max-image-preview":"max-image-preview:large","max-video-preview":"max-video-preview:-1"},"canonical":"https:\/\/www.pressenza.com\/es\/2019\/08\/el-humor-tomarse-en-serio-no-tiene-ninguna-gracia\/","og_locale":"es_ES","og_type":"article","og_title":"El humor. Tomarse en serio no tiene ninguna gracia","og_description":"Reunirnos en una tertulia donde el HUMOR va a ser el protagonista con pretensi\u00f3n de analizarlo en nuestras vidas, ya nos sugiere qu\u00e9 tipo de velada vamos","og_url":"https:\/\/www.pressenza.com\/es\/2019\/08\/el-humor-tomarse-en-serio-no-tiene-ninguna-gracia\/","og_site_name":"Pressenza","article_publisher":"https:\/\/www.facebook.com\/PressenzaItalia","article_published_time":"2019-08-16T16:02:28+00:00","article_modified_time":"2019-08-16T17:11:50+00:00","og_image":[{"width":800,"height":550,"url":"https:\/\/www.pressenza.com\/wp-content\/uploads\/2019\/08\/el_HUMOR.png","type":"image\/png"}],"author":"\u00c0gora Humanista","twitter_card":"summary_large_image","twitter_creator":"@PressenzaIPA","twitter_site":"@PressenzaIPA","twitter_misc":{"Escrito por":"\u00c0gora Humanista","Tiempo de lectura":"6 minutos"},"schema":{"@context":"https:\/\/schema.org","@graph":[{"@type":"Article","@id":"https:\/\/www.pressenza.com\/es\/2019\/08\/el-humor-tomarse-en-serio-no-tiene-ninguna-gracia\/#article","isPartOf":{"@id":"https:\/\/www.pressenza.com\/es\/2019\/08\/el-humor-tomarse-en-serio-no-tiene-ninguna-gracia\/"},"author":{"name":"\u00c0gora Humanista","@id":"https:\/\/www.pressenza.com\/es\/#\/schema\/person\/0148578445cadbbd1d1adc35f7ab4f96"},"headline":"El humor. Tomarse en serio no tiene ninguna gracia","datePublished":"2019-08-16T16:02:28+00:00","dateModified":"2019-08-16T17:11:50+00:00","mainEntityOfPage":{"@id":"https:\/\/www.pressenza.com\/es\/2019\/08\/el-humor-tomarse-en-serio-no-tiene-ninguna-gracia\/"},"wordCount":1245,"publisher":{"@id":"https:\/\/www.pressenza.com\/es\/#organization"},"image":{"@id":"https:\/\/www.pressenza.com\/es\/2019\/08\/el-humor-tomarse-en-serio-no-tiene-ninguna-gracia\/#primaryimage"},"thumbnailUrl":"https:\/\/www.pressenza.com\/wp-content\/uploads\/2019\/08\/el_HUMOR.png","keywords":["\u00c0gora 9B Barcelona","AGORA HUMANISTA","EL Humor","Tertulias Agora"],"articleSection":["Contenido Original","Humanismo y Espiritualidad","Opiniones"],"inLanguage":"es"},{"@type":"WebPage","@id":"https:\/\/www.pressenza.com\/es\/2019\/08\/el-humor-tomarse-en-serio-no-tiene-ninguna-gracia\/","url":"https:\/\/www.pressenza.com\/es\/2019\/08\/el-humor-tomarse-en-serio-no-tiene-ninguna-gracia\/","name":"El humor. Tomarse en serio no tiene ninguna gracia","isPartOf":{"@id":"https:\/\/www.pressenza.com\/es\/#website"},"primaryImageOfPage":{"@id":"https:\/\/www.pressenza.com\/es\/2019\/08\/el-humor-tomarse-en-serio-no-tiene-ninguna-gracia\/#primaryimage"},"image":{"@id":"https:\/\/www.pressenza.com\/es\/2019\/08\/el-humor-tomarse-en-serio-no-tiene-ninguna-gracia\/#primaryimage"},"thumbnailUrl":"https:\/\/www.pressenza.com\/wp-content\/uploads\/2019\/08\/el_HUMOR.png","datePublished":"2019-08-16T16:02:28+00:00","dateModified":"2019-08-16T17:11:50+00:00","description":"Reunirnos en una tertulia donde el HUMOR va a ser el protagonista con pretensi\u00f3n de analizarlo en nuestras vidas, ya nos sugiere qu\u00e9 tipo de velada vamos","breadcrumb":{"@id":"https:\/\/www.pressenza.com\/es\/2019\/08\/el-humor-tomarse-en-serio-no-tiene-ninguna-gracia\/#breadcrumb"},"inLanguage":"es","potentialAction":[{"@type":"ReadAction","target":["https:\/\/www.pressenza.com\/es\/2019\/08\/el-humor-tomarse-en-serio-no-tiene-ninguna-gracia\/"]}]},{"@type":"ImageObject","inLanguage":"es","@id":"https:\/\/www.pressenza.com\/es\/2019\/08\/el-humor-tomarse-en-serio-no-tiene-ninguna-gracia\/#primaryimage","url":"https:\/\/www.pressenza.com\/wp-content\/uploads\/2019\/08\/el_HUMOR.png","contentUrl":"https:\/\/www.pressenza.com\/wp-content\/uploads\/2019\/08\/el_HUMOR.png","width":800,"height":550},{"@type":"BreadcrumbList","@id":"https:\/\/www.pressenza.com\/es\/2019\/08\/el-humor-tomarse-en-serio-no-tiene-ninguna-gracia\/#breadcrumb","itemListElement":[{"@type":"ListItem","position":1,"name":"Accueil","item":"https:\/\/www.pressenza.com\/es\/"},{"@type":"ListItem","position":2,"name":"El humor. Tomarse en serio no tiene ninguna gracia"}]},{"@type":"WebSite","@id":"https:\/\/www.pressenza.com\/es\/#website","url":"https:\/\/www.pressenza.com\/es\/","name":"Pressenza","description":"International Press Agency","publisher":{"@id":"https:\/\/www.pressenza.com\/es\/#organization"},"potentialAction":[{"@type":"SearchAction","target":{"@type":"EntryPoint","urlTemplate":"https:\/\/www.pressenza.com\/es\/?s={search_term_string}"},"query-input":{"@type":"PropertyValueSpecification","valueRequired":true,"valueName":"search_term_string"}}],"inLanguage":"es"},{"@type":"Organization","@id":"https:\/\/www.pressenza.com\/es\/#organization","name":"Pressenza","url":"https:\/\/www.pressenza.com\/es\/","logo":{"@type":"ImageObject","inLanguage":"es","@id":"https:\/\/www.pressenza.com\/es\/#\/schema\/logo\/image\/","url":"https:\/\/www.pressenza.com\/wp-content\/uploads\/2022\/10\/pressenza_logo_200x200.jpg","contentUrl":"https:\/\/www.pressenza.com\/wp-content\/uploads\/2022\/10\/pressenza_logo_200x200.jpg","width":200,"height":200,"caption":"Pressenza"},"image":{"@id":"https:\/\/www.pressenza.com\/es\/#\/schema\/logo\/image\/"},"sameAs":["https:\/\/www.facebook.com\/PressenzaItalia","https:\/\/x.com\/PressenzaIPA"]},{"@type":"Person","@id":"https:\/\/www.pressenza.com\/es\/#\/schema\/person\/0148578445cadbbd1d1adc35f7ab4f96","name":"\u00c0gora Humanista","description":"\u00c0gora Humanista es un centro socio-cultural ubicado en Barcelona, que abri\u00f3 sus puertas en 2007. Sus promotores se han inspirado en las propuestas del Nuevo Humanismo Universalista. Partiendo de la convicci\u00f3n de que el conjunto mejora al individuo, se organizan encuentros abiertos peri\u00f3dicos para intercambiar sobre temas propuestos por los participantes, en torno a tem\u00e1ticas acordes con el cambio personal y social, la evoluci\u00f3n de la conciencia, los procesos hist\u00f3ricos y la espiritualidad; en estos debates, se intenta profundizar a partir de experiencias personales, adem\u00e1s de los aportes te\u00f3ricos de los participantes. http:\/\/agora9b.blogspot.com\/","sameAs":["http:\/\/agora9b.blogspot.com\/"],"url":"https:\/\/www.pressenza.com\/es\/author\/agora-humanista\/"}]}},"place":"","original_article_url":"","_links":{"self":[{"href":"https:\/\/www.pressenza.com\/es\/wp-json\/wp\/v2\/posts\/903945","targetHints":{"allow":["GET"]}}],"collection":[{"href":"https:\/\/www.pressenza.com\/es\/wp-json\/wp\/v2\/posts"}],"about":[{"href":"https:\/\/www.pressenza.com\/es\/wp-json\/wp\/v2\/types\/post"}],"author":[{"embeddable":true,"href":"https:\/\/www.pressenza.com\/es\/wp-json\/wp\/v2\/users\/1691"}],"replies":[{"embeddable":true,"href":"https:\/\/www.pressenza.com\/es\/wp-json\/wp\/v2\/comments?post=903945"}],"version-history":[{"count":0,"href":"https:\/\/www.pressenza.com\/es\/wp-json\/wp\/v2\/posts\/903945\/revisions"}],"wp:featuredmedia":[{"embeddable":true,"href":"https:\/\/www.pressenza.com\/es\/wp-json\/wp\/v2\/media\/904481"}],"wp:attachment":[{"href":"https:\/\/www.pressenza.com\/es\/wp-json\/wp\/v2\/media?parent=903945"}],"wp:term":[{"taxonomy":"category","embeddable":true,"href":"https:\/\/www.pressenza.com\/es\/wp-json\/wp\/v2\/categories?post=903945"},{"taxonomy":"post_tag","embeddable":true,"href":"https:\/\/www.pressenza.com\/es\/wp-json\/wp\/v2\/tags?post=903945"}],"curies":[{"name":"wp","href":"https:\/\/api.w.org\/{rel}","templated":true}]}}