{"id":903329,"date":"2019-08-14T15:04:43","date_gmt":"2019-08-14T14:04:43","guid":{"rendered":"https:\/\/www.pressenza.com\/?p=903329"},"modified":"2019-08-14T15:04:43","modified_gmt":"2019-08-14T14:04:43","slug":"la-derrota-aplastante-de-macri","status":"publish","type":"post","link":"https:\/\/www.pressenza.com\/es\/2019\/08\/la-derrota-aplastante-de-macri\/","title":{"rendered":"La derrota aplastante de Macri"},"content":{"rendered":"<blockquote><p>Macri ha sufrido una derrota aplastante en las primarias presidenciales de Argentina. Es el resultado de un gobierno desastroso, cuyas pol\u00edticas han terminado en una profunda ca\u00edda del producto, elevada inflaci\u00f3n y agudo deterioro del peso. Argentina se encuentra hoy d\u00eda con una deuda impagable, p\u00e9rdida de derechos laborales y sociales, y una pobreza sin precedentes.<\/p><\/blockquote>\n<p>Seg\u00fan el analista Alfredo Zaiat el saldo del producto per c\u00e1pita del periodo macrista ser\u00e1 uno de los m\u00e1s negativos desde la recuperaci\u00f3n de la democracia. Estima, con optimismo, una ca\u00edda del 10 por ciento, y comparable con el gobierno de Alfons\u00edn (1983-1989) d\u00f3nde descendi\u00f3 12 por ciento y De La Rua (2000-2001) con ca\u00edda del 8 por ciento (P\u00e1gina 12, 8 de diciembre, 2018).<\/p>\n<p>En consecuencia, gran parte de la debacle electoral del macrismo, el pasado 11 de agosto, se explica por el desastre econ\u00f3mico y la tragedia social de sus a\u00f1os de gobierno. Las hermosas callecitas de Buenos Aires se encuentran hoy d\u00eda plagadas de mendigos, durmiendo a la intemperie en las h\u00famedas noches de invierno.<\/p>\n<p>Tampoco ayud\u00f3 a Macri una campa\u00f1a electoral, centrada en el miedo y la polarizaci\u00f3n extrema, que sosten\u00eda que el triunfo de Alberto Fern\u00e1ndez convertir\u00eda a la Argentina en otra Venezuela.\u00a0Su credibilidad se vino al suelo y los 15 puntos porcentuales que lo separaron del candidato peronista lo ponen en evidencia.<\/p>\n<p>El triunfador de las primarias, Alberto Fern\u00e1ndez, hab\u00eda sido jefe de gabinete de N\u00e9stor Kirchner, pero posteriormente, en 2010, se separa de Cristina. Sus diferencias fueron manifiestas sobre Venezuela, el cepo cambiario, la ley de medios, y, finalmente sobre la democratizaci\u00f3n de la justicia. Se uni\u00f3 entonces a Sergio Massa, quien encabeza el Frente Renovador, ubicado en el centro peronista.<\/p>\n<p>Despu\u00e9s de largos a\u00f1os de distanciamiento resulta sorprendente que Cristina Kirchner haya propuesto una f\u00f3rmula presidencial encabezada por Alberto Fern\u00e1ndez y ella como vice. Cristina comprendi\u00f3 al fin que el apoyo que ella recibe de la ciudadan\u00eda, aunque considerable, resulta insuficiente para impulsar un gobierno de mayor\u00eda nacional. La candidatura presidencial de Alberto Fern\u00e1ndez busca reconquistar al peronismo de centro, aglutinado en la formaci\u00f3n de Massa.<\/p>\n<p>Cristina le dijo a Fern\u00e1ndez \u201ctu unes, yo divido\u201d en una suerte de autocr\u00edtica respecto de su gesti\u00f3n pasada. Y en su propuesta pol\u00edtica, hecha p\u00fablica a la ciudadan\u00eda, se\u00f1al\u00f3 \u201cLe ped\u00ed a Alberto Fern\u00e1ndez que encabece la f\u00f3rmula\u201d, porque tiene capacidad de \u201cdecidir, organizar, acordar y buscar siempre la mayor amplitud posible del gobierno\u201d.<\/p>\n<p>La propuesta fue exitosa. La disposici\u00f3n de Cristina por ampliarse hacia el centro peronista, encabezado por Massa, fue inteligente. El peronismo alcanza un triunfo contundente en las primarias y todo indica que la dupla Fern\u00e1ndez-Kirchner gobernar\u00e1 Argentina en los pr\u00f3ximos a\u00f1os.<\/p>\n<p>El acuerdo de centro izquierda en el peronismo ha sido determinante electoralmente y tambi\u00e9n lo ser\u00e1 para enfrentar los graves problemas econ\u00f3micos y sociales que vive el pa\u00eds. S\u00f3lo una amplia mayor\u00eda nacional podr\u00e1 superar la debacle a que ha conducido el macrismo. Por otra parte, el probable triunfo peronista es de suma trascendencia para Am\u00e9rica Latina en un periodo que se extiende la presencia de gobiernos de extrema derecha y, adem\u00e1s, con un preocupante gobierno en Brasil, de rasgos neofascistas.<\/p>\n<p>Gobernar una Argentina empobrecida, descapitalizada y endeudada no ser\u00e1 f\u00e1cil. Desempleados, jubilados y peque\u00f1os empresarios exigir\u00e1n recuperar sus derechos expropiados por el macrismo. El esfuerzo ser\u00e1 de envergadura mayor.<\/p>\n<p>Pero, adem\u00e1s, el peronismo, y Fern\u00e1ndez, en particular, tendr\u00e1n que ser capaces de resolver un problema mayor: el flagelo de la corrupci\u00f3n. Es cierto que ha existido desde hace d\u00e9cadas en Argentina, pero se hizo muy evidente durante los gobiernos kirchneristas. Varios ministros, autoridades y asesores de esos gobiernos, y la misma Cristina, se encuentran investigados por actos de cohecho, as\u00ed como por enriquecimiento il\u00edcito.<\/p>\n<p>La justicia argentina tampoco es muy limpia. No ofrece muchas garant\u00edas de imparcialidad y tambi\u00e9n ha sido cuestionada por actos de corrupci\u00f3n, a lo que se agrega la presencia de varios jueces identificados pol\u00edticamente con Macri. Pero, m\u00e1s all\u00e1 de esto, la sociedad exige transparencia y condena a los corruptos.<\/p>\n<p>Los ciudadanos argentinos quieren el t\u00e9rmino de la corrupci\u00f3n y exigen el funcionamiento transparente de sus instituciones. Esta debe ser una tarea prioritaria del gobierno de Alberto Fern\u00e1ndez. Porque adem\u00e1s de la \u00e9tica, el t\u00e9rmino de la corrupci\u00f3n es un requisito indispensable para la recuperaci\u00f3n econ\u00f3mica y el progreso social de Argentina.<\/p>\n<p>Como dice el fil\u00f3sofo Juan Pablo Feimann, el peronismo es una obstinaci\u00f3n argentina. Y la obstinaci\u00f3n puede ser una fuerza poderosa para salir la tragedia actual. Ni Argentina ni el peronismo de izquierda pueden desperdiciar esta nueva oportunidad.<\/p>\n<p>&nbsp;<\/p>\n","protected":false},"excerpt":{"rendered":"<p>Macri ha sufrido una derrota aplastante en las primarias presidenciales de Argentina. Es el resultado de un gobierno desastroso, cuyas pol\u00edticas han terminado en una profunda ca\u00edda del producto, elevada inflaci\u00f3n y agudo deterioro del peso. Argentina se encuentra hoy&hellip;<\/p>\n","protected":false},"author":1451,"featured_media":903333,"comment_status":"closed","ping_status":"closed","sticky":false,"template":"","format":"standard","meta":{"footnotes":""},"categories":[11389,161,74,67],"tags":[58830,26,1146,4862,39109],"class_list":["post-903329","post","type-post","status-publish","format-standard","has-post-thumbnail","hentry","category-contenido-original","category-opiniones","category-politica-es","category-sudamerica","tag-alberto-fernandez","tag-argentina","tag-cristina-fernandez-de-kirchner","tag-mauricio-macri","tag-peronismo"],"yoast_head":"<!-- This site is optimized with the Yoast SEO plugin v27.1.1 - https:\/\/yoast.com\/product\/yoast-seo-wordpress\/ -->\n<title>La derrota aplastante de Macri<\/title>\n<meta name=\"description\" content=\"La derrota aplastante de Macri\" \/>\n<meta name=\"robots\" content=\"index, follow, max-snippet:-1, max-image-preview:large, max-video-preview:-1\" \/>\n<link rel=\"canonical\" href=\"https:\/\/www.pressenza.com\/es\/2019\/08\/la-derrota-aplastante-de-macri\/\" \/>\n<meta property=\"og:locale\" content=\"es_ES\" \/>\n<meta property=\"og:type\" content=\"article\" \/>\n<meta property=\"og:title\" content=\"La derrota aplastante de Macri\" \/>\n<meta property=\"og:description\" content=\"La derrota aplastante de Macri\" \/>\n<meta property=\"og:url\" content=\"https:\/\/www.pressenza.com\/es\/2019\/08\/la-derrota-aplastante-de-macri\/\" \/>\n<meta property=\"og:site_name\" content=\"Pressenza\" \/>\n<meta property=\"article:publisher\" content=\"https:\/\/www.facebook.com\/PressenzaItalia\" \/>\n<meta property=\"article:published_time\" content=\"2019-08-14T14:04:43+00:00\" \/>\n<meta property=\"og:image\" content=\"https:\/\/www.pressenza.com\/wp-content\/uploads\/2019\/08\/Macri-conferencia-2.jpg\" \/>\n\t<meta property=\"og:image:width\" content=\"748\" \/>\n\t<meta property=\"og:image:height\" content=\"498\" \/>\n\t<meta property=\"og:image:type\" content=\"image\/jpeg\" \/>\n<meta name=\"author\" content=\"Roberto Pizarro\" \/>\n<meta name=\"twitter:card\" content=\"summary_large_image\" \/>\n<meta name=\"twitter:creator\" content=\"@PressenzaIPA\" \/>\n<meta name=\"twitter:site\" content=\"@PressenzaIPA\" \/>\n<meta name=\"twitter:label1\" content=\"Escrito por\" \/>\n\t<meta name=\"twitter:data1\" content=\"Roberto Pizarro\" \/>\n\t<meta name=\"twitter:label2\" content=\"Tiempo de lectura\" \/>\n\t<meta name=\"twitter:data2\" content=\"4 minutos\" \/>\n<script type=\"application\/ld+json\" class=\"yoast-schema-graph\">{\"@context\":\"https:\/\/schema.org\",\"@graph\":[{\"@type\":\"Article\",\"@id\":\"https:\/\/www.pressenza.com\/es\/2019\/08\/la-derrota-aplastante-de-macri\/#article\",\"isPartOf\":{\"@id\":\"https:\/\/www.pressenza.com\/es\/2019\/08\/la-derrota-aplastante-de-macri\/\"},\"author\":{\"name\":\"Roberto Pizarro\",\"@id\":\"https:\/\/www.pressenza.com\/es\/#\/schema\/person\/622524797ea4e3bf162461cbc6b81e29\"},\"headline\":\"La derrota aplastante de Macri\",\"datePublished\":\"2019-08-14T14:04:43+00:00\",\"mainEntityOfPage\":{\"@id\":\"https:\/\/www.pressenza.com\/es\/2019\/08\/la-derrota-aplastante-de-macri\/\"},\"wordCount\":839,\"publisher\":{\"@id\":\"https:\/\/www.pressenza.com\/es\/#organization\"},\"image\":{\"@id\":\"https:\/\/www.pressenza.com\/es\/2019\/08\/la-derrota-aplastante-de-macri\/#primaryimage\"},\"thumbnailUrl\":\"https:\/\/www.pressenza.com\/wp-content\/uploads\/2019\/08\/Macri-conferencia-2.jpg\",\"keywords\":[\"Alberto Fern\u00e1ndez\",\"Argentina\",\"Cristina Fernandez de Kirchner\",\"Mauricio Macri\",\"peronismo\"],\"articleSection\":[\"Contenido Original\",\"Opiniones\",\"Pol\u00edtica\",\"Sudam\u00e9rica\"],\"inLanguage\":\"es\"},{\"@type\":\"WebPage\",\"@id\":\"https:\/\/www.pressenza.com\/es\/2019\/08\/la-derrota-aplastante-de-macri\/\",\"url\":\"https:\/\/www.pressenza.com\/es\/2019\/08\/la-derrota-aplastante-de-macri\/\",\"name\":\"La derrota aplastante de Macri\",\"isPartOf\":{\"@id\":\"https:\/\/www.pressenza.com\/es\/#website\"},\"primaryImageOfPage\":{\"@id\":\"https:\/\/www.pressenza.com\/es\/2019\/08\/la-derrota-aplastante-de-macri\/#primaryimage\"},\"image\":{\"@id\":\"https:\/\/www.pressenza.com\/es\/2019\/08\/la-derrota-aplastante-de-macri\/#primaryimage\"},\"thumbnailUrl\":\"https:\/\/www.pressenza.com\/wp-content\/uploads\/2019\/08\/Macri-conferencia-2.jpg\",\"datePublished\":\"2019-08-14T14:04:43+00:00\",\"description\":\"La derrota aplastante de Macri\",\"breadcrumb\":{\"@id\":\"https:\/\/www.pressenza.com\/es\/2019\/08\/la-derrota-aplastante-de-macri\/#breadcrumb\"},\"inLanguage\":\"es\",\"potentialAction\":[{\"@type\":\"ReadAction\",\"target\":[\"https:\/\/www.pressenza.com\/es\/2019\/08\/la-derrota-aplastante-de-macri\/\"]}]},{\"@type\":\"ImageObject\",\"inLanguage\":\"es\",\"@id\":\"https:\/\/www.pressenza.com\/es\/2019\/08\/la-derrota-aplastante-de-macri\/#primaryimage\",\"url\":\"https:\/\/www.pressenza.com\/wp-content\/uploads\/2019\/08\/Macri-conferencia-2.jpg\",\"contentUrl\":\"https:\/\/www.pressenza.com\/wp-content\/uploads\/2019\/08\/Macri-conferencia-2.jpg\",\"width\":748,\"height\":498},{\"@type\":\"BreadcrumbList\",\"@id\":\"https:\/\/www.pressenza.com\/es\/2019\/08\/la-derrota-aplastante-de-macri\/#breadcrumb\",\"itemListElement\":[{\"@type\":\"ListItem\",\"position\":1,\"name\":\"Accueil\",\"item\":\"https:\/\/www.pressenza.com\/es\/\"},{\"@type\":\"ListItem\",\"position\":2,\"name\":\"La derrota aplastante de Macri\"}]},{\"@type\":\"WebSite\",\"@id\":\"https:\/\/www.pressenza.com\/es\/#website\",\"url\":\"https:\/\/www.pressenza.com\/es\/\",\"name\":\"Pressenza\",\"description\":\"International Press Agency\",\"publisher\":{\"@id\":\"https:\/\/www.pressenza.com\/es\/#organization\"},\"potentialAction\":[{\"@type\":\"SearchAction\",\"target\":{\"@type\":\"EntryPoint\",\"urlTemplate\":\"https:\/\/www.pressenza.com\/es\/?s={search_term_string}\"},\"query-input\":{\"@type\":\"PropertyValueSpecification\",\"valueRequired\":true,\"valueName\":\"search_term_string\"}}],\"inLanguage\":\"es\"},{\"@type\":\"Organization\",\"@id\":\"https:\/\/www.pressenza.com\/es\/#organization\",\"name\":\"Pressenza\",\"url\":\"https:\/\/www.pressenza.com\/es\/\",\"logo\":{\"@type\":\"ImageObject\",\"inLanguage\":\"es\",\"@id\":\"https:\/\/www.pressenza.com\/es\/#\/schema\/logo\/image\/\",\"url\":\"https:\/\/www.pressenza.com\/wp-content\/uploads\/2022\/10\/pressenza_logo_200x200.jpg\",\"contentUrl\":\"https:\/\/www.pressenza.com\/wp-content\/uploads\/2022\/10\/pressenza_logo_200x200.jpg\",\"width\":200,\"height\":200,\"caption\":\"Pressenza\"},\"image\":{\"@id\":\"https:\/\/www.pressenza.com\/es\/#\/schema\/logo\/image\/\"},\"sameAs\":[\"https:\/\/www.facebook.com\/PressenzaItalia\",\"https:\/\/x.com\/PressenzaIPA\"]},{\"@type\":\"Person\",\"@id\":\"https:\/\/www.pressenza.com\/es\/#\/schema\/person\/622524797ea4e3bf162461cbc6b81e29\",\"name\":\"Roberto Pizarro\",\"url\":\"https:\/\/www.pressenza.com\/es\/author\/roberto-pizarro\/\"}]}<\/script>\n<!-- \/ Yoast SEO plugin. -->","yoast_head_json":{"title":"La derrota aplastante de Macri","description":"La derrota aplastante de Macri","robots":{"index":"index","follow":"follow","max-snippet":"max-snippet:-1","max-image-preview":"max-image-preview:large","max-video-preview":"max-video-preview:-1"},"canonical":"https:\/\/www.pressenza.com\/es\/2019\/08\/la-derrota-aplastante-de-macri\/","og_locale":"es_ES","og_type":"article","og_title":"La derrota aplastante de Macri","og_description":"La derrota aplastante de Macri","og_url":"https:\/\/www.pressenza.com\/es\/2019\/08\/la-derrota-aplastante-de-macri\/","og_site_name":"Pressenza","article_publisher":"https:\/\/www.facebook.com\/PressenzaItalia","article_published_time":"2019-08-14T14:04:43+00:00","og_image":[{"width":748,"height":498,"url":"https:\/\/www.pressenza.com\/wp-content\/uploads\/2019\/08\/Macri-conferencia-2.jpg","type":"image\/jpeg"}],"author":"Roberto Pizarro","twitter_card":"summary_large_image","twitter_creator":"@PressenzaIPA","twitter_site":"@PressenzaIPA","twitter_misc":{"Escrito por":"Roberto Pizarro","Tiempo de lectura":"4 minutos"},"schema":{"@context":"https:\/\/schema.org","@graph":[{"@type":"Article","@id":"https:\/\/www.pressenza.com\/es\/2019\/08\/la-derrota-aplastante-de-macri\/#article","isPartOf":{"@id":"https:\/\/www.pressenza.com\/es\/2019\/08\/la-derrota-aplastante-de-macri\/"},"author":{"name":"Roberto Pizarro","@id":"https:\/\/www.pressenza.com\/es\/#\/schema\/person\/622524797ea4e3bf162461cbc6b81e29"},"headline":"La derrota aplastante de Macri","datePublished":"2019-08-14T14:04:43+00:00","mainEntityOfPage":{"@id":"https:\/\/www.pressenza.com\/es\/2019\/08\/la-derrota-aplastante-de-macri\/"},"wordCount":839,"publisher":{"@id":"https:\/\/www.pressenza.com\/es\/#organization"},"image":{"@id":"https:\/\/www.pressenza.com\/es\/2019\/08\/la-derrota-aplastante-de-macri\/#primaryimage"},"thumbnailUrl":"https:\/\/www.pressenza.com\/wp-content\/uploads\/2019\/08\/Macri-conferencia-2.jpg","keywords":["Alberto Fern\u00e1ndez","Argentina","Cristina Fernandez de Kirchner","Mauricio Macri","peronismo"],"articleSection":["Contenido Original","Opiniones","Pol\u00edtica","Sudam\u00e9rica"],"inLanguage":"es"},{"@type":"WebPage","@id":"https:\/\/www.pressenza.com\/es\/2019\/08\/la-derrota-aplastante-de-macri\/","url":"https:\/\/www.pressenza.com\/es\/2019\/08\/la-derrota-aplastante-de-macri\/","name":"La derrota aplastante de Macri","isPartOf":{"@id":"https:\/\/www.pressenza.com\/es\/#website"},"primaryImageOfPage":{"@id":"https:\/\/www.pressenza.com\/es\/2019\/08\/la-derrota-aplastante-de-macri\/#primaryimage"},"image":{"@id":"https:\/\/www.pressenza.com\/es\/2019\/08\/la-derrota-aplastante-de-macri\/#primaryimage"},"thumbnailUrl":"https:\/\/www.pressenza.com\/wp-content\/uploads\/2019\/08\/Macri-conferencia-2.jpg","datePublished":"2019-08-14T14:04:43+00:00","description":"La derrota aplastante de Macri","breadcrumb":{"@id":"https:\/\/www.pressenza.com\/es\/2019\/08\/la-derrota-aplastante-de-macri\/#breadcrumb"},"inLanguage":"es","potentialAction":[{"@type":"ReadAction","target":["https:\/\/www.pressenza.com\/es\/2019\/08\/la-derrota-aplastante-de-macri\/"]}]},{"@type":"ImageObject","inLanguage":"es","@id":"https:\/\/www.pressenza.com\/es\/2019\/08\/la-derrota-aplastante-de-macri\/#primaryimage","url":"https:\/\/www.pressenza.com\/wp-content\/uploads\/2019\/08\/Macri-conferencia-2.jpg","contentUrl":"https:\/\/www.pressenza.com\/wp-content\/uploads\/2019\/08\/Macri-conferencia-2.jpg","width":748,"height":498},{"@type":"BreadcrumbList","@id":"https:\/\/www.pressenza.com\/es\/2019\/08\/la-derrota-aplastante-de-macri\/#breadcrumb","itemListElement":[{"@type":"ListItem","position":1,"name":"Accueil","item":"https:\/\/www.pressenza.com\/es\/"},{"@type":"ListItem","position":2,"name":"La derrota aplastante de Macri"}]},{"@type":"WebSite","@id":"https:\/\/www.pressenza.com\/es\/#website","url":"https:\/\/www.pressenza.com\/es\/","name":"Pressenza","description":"International Press Agency","publisher":{"@id":"https:\/\/www.pressenza.com\/es\/#organization"},"potentialAction":[{"@type":"SearchAction","target":{"@type":"EntryPoint","urlTemplate":"https:\/\/www.pressenza.com\/es\/?s={search_term_string}"},"query-input":{"@type":"PropertyValueSpecification","valueRequired":true,"valueName":"search_term_string"}}],"inLanguage":"es"},{"@type":"Organization","@id":"https:\/\/www.pressenza.com\/es\/#organization","name":"Pressenza","url":"https:\/\/www.pressenza.com\/es\/","logo":{"@type":"ImageObject","inLanguage":"es","@id":"https:\/\/www.pressenza.com\/es\/#\/schema\/logo\/image\/","url":"https:\/\/www.pressenza.com\/wp-content\/uploads\/2022\/10\/pressenza_logo_200x200.jpg","contentUrl":"https:\/\/www.pressenza.com\/wp-content\/uploads\/2022\/10\/pressenza_logo_200x200.jpg","width":200,"height":200,"caption":"Pressenza"},"image":{"@id":"https:\/\/www.pressenza.com\/es\/#\/schema\/logo\/image\/"},"sameAs":["https:\/\/www.facebook.com\/PressenzaItalia","https:\/\/x.com\/PressenzaIPA"]},{"@type":"Person","@id":"https:\/\/www.pressenza.com\/es\/#\/schema\/person\/622524797ea4e3bf162461cbc6b81e29","name":"Roberto Pizarro","url":"https:\/\/www.pressenza.com\/es\/author\/roberto-pizarro\/"}]}},"place":"Santiago de Chile","original_article_url":"","_links":{"self":[{"href":"https:\/\/www.pressenza.com\/es\/wp-json\/wp\/v2\/posts\/903329","targetHints":{"allow":["GET"]}}],"collection":[{"href":"https:\/\/www.pressenza.com\/es\/wp-json\/wp\/v2\/posts"}],"about":[{"href":"https:\/\/www.pressenza.com\/es\/wp-json\/wp\/v2\/types\/post"}],"author":[{"embeddable":true,"href":"https:\/\/www.pressenza.com\/es\/wp-json\/wp\/v2\/users\/1451"}],"replies":[{"embeddable":true,"href":"https:\/\/www.pressenza.com\/es\/wp-json\/wp\/v2\/comments?post=903329"}],"version-history":[{"count":0,"href":"https:\/\/www.pressenza.com\/es\/wp-json\/wp\/v2\/posts\/903329\/revisions"}],"wp:featuredmedia":[{"embeddable":true,"href":"https:\/\/www.pressenza.com\/es\/wp-json\/wp\/v2\/media\/903333"}],"wp:attachment":[{"href":"https:\/\/www.pressenza.com\/es\/wp-json\/wp\/v2\/media?parent=903329"}],"wp:term":[{"taxonomy":"category","embeddable":true,"href":"https:\/\/www.pressenza.com\/es\/wp-json\/wp\/v2\/categories?post=903329"},{"taxonomy":"post_tag","embeddable":true,"href":"https:\/\/www.pressenza.com\/es\/wp-json\/wp\/v2\/tags?post=903329"}],"curies":[{"name":"wp","href":"https:\/\/api.w.org\/{rel}","templated":true}]}}