{"id":902223,"date":"2019-08-12T19:00:22","date_gmt":"2019-08-12T18:00:22","guid":{"rendered":"https:\/\/www.pressenza.com\/?p=902223"},"modified":"2019-08-12T19:01:08","modified_gmt":"2019-08-12T18:01:08","slug":"chile-feministas-recuerdan-a-las-39-victimas-de-femicidios-marchando-enmascaradas","status":"publish","type":"post","link":"https:\/\/www.pressenza.com\/es\/2019\/08\/chile-feministas-recuerdan-a-las-39-victimas-de-femicidios-marchando-enmascaradas\/","title":{"rendered":"Chile: Feministas recuerdan a las 39 v\u00edctimas de femicidios marchando enmascaradas"},"content":{"rendered":"<p>Frente a los 39 femicidios consumados en lo que va de este a\u00f1o, activistas de la <a href=\"https:\/\/www.instagram.com\/brigadaarteypropaganda8m\/\">Brigada de Arte y Propaganda<\/a> de la <a href=\"http:\/\/cf8m.cl\/\">Coordinadora Feminista 8 de Marzo (CF8M)<\/a> este viernes 9 de agosto, hemos intervenido nuevamente la ciudad con una acci\u00f3n rel\u00e1mpago llamada <em>\u201cJuntas siempre Vivas. Procesi\u00f3n por los femicidios\u201d<\/em>.<\/p>\n<p>Nuestra forma esta vez ha sido crear una \u201cprotesta esc\u00e9nica\u201d marchando juntas en una hilera m\u00e1s de cincuenta compa\u00f1eras por el concurrido Paseo Ahumada con m\u00e1scaras blancas sosteniendo una vela y en nuestro pecho llevando los nombres bordados de las v\u00edctimas de femicidios, \u201choy con nuestras caras enmascaradas las traemos al presente, les presentamos nuestros cuerpos para que le hablen a esa sociedad que las hizo desaparecer\u201d.<\/p>\n<p>Avanzamos de forma pac\u00edfica hasta llegar a la Plaza de Armas frente a la Catedral de Santiago, una de las instituciones m\u00e1s represivas y patriarcales de nuestra sociedad.<\/p>\n<p>En la catedral, desplegamos un gran lienzo que completamos agregando los nombres bordados que llev\u00e1bamos en nuestro pecho mientras march\u00e1bamos. Nombramos a cada una de las 39 mujeres. \u201cEste a\u00f1o ya no est\u00e1n Mar\u00eda, Delicienne, Genoveva, Lissette, Fernanda junto a otras treinta y cuatro mujeres, ni\u00f1as y j\u00f3venes \u00a1Todas asesinadas! \u00bfQu\u00e9 nos queda de ellas? Su ausencia, treinta y nueve cuerpos violentados y desaparecidos sin arrepentimiento.\u201d<\/p>\n<p>\u201cPara ellas hoy marchamos unidas, nuestra protesta debe sacudir su indiferencia y la apat\u00eda social. Recuerden que el femicidio no es un asunto privado, es producto de una violencia social y cultural que los discursos p\u00fablicos y los medios legitiman. Por eso, interpelamos tambi\u00e9n a los medios de comunicaci\u00f3n, los cuales crean novelas policiales con cada asesinato, un espect\u00e1culo de consumo masivo como cualquier otro. Pero esto no es ficci\u00f3n con sus dramatizaciones morbosas y exageraciones, es la vida real, es donde no hay vuelta atr\u00e1s, es donde duele.\u201d declaramos en nuestro discurso finalizada la acci\u00f3n.<\/p>\n<p>La lucha contra el femicidio exige una respuesta m\u00faltiple de todo el Estado y de la sociedad. Hoy no marchamos por un simple gusto, sino porque esto es una urgencia social y somos las feministas que afirmamos la decisi\u00f3n pol\u00edtica a decir que \u201cNO\u201d.<\/p>\n<p>Decir que NO es un derecho y una posici\u00f3n pol\u00edtica, lo fue ayer, lo es hoy y lo ser\u00e1 ma\u00f1ana.<\/p>\n<p>Es por eso que decimos que NO a la sumisi\u00f3n y obediencia a una sociedad patriarcal que nos mata por el simple hecho de ser mujeres.<\/p>\n<p>Por nuestras compa\u00f1eras vivas y nuestras compa\u00f1eras muertas, a las cuales se les oblig\u00f3 a renunciar a su independencia, a las cuales se les arrebat\u00f3 la vida.<\/p>\n<p>\u00a1Hoy como ayer<\/p>\n<p>SOMOS +!<\/p>\n<p>&nbsp;<\/p>\n<p><strong>Brigada de Arte y Propaganda &#8211; Coordinadora Feminista 8 de Marzo<\/strong><\/p>\n<p>&nbsp;<\/p>\n<p><em>Galer\u00eda de fotos de la acci\u00f3n &#8211; Cr\u00e9ditos: Cynthia Shuffer, B\u00e1rbara Berrios y Carlos Barrueto<\/em><\/p>\n<div class=\"post-gallery\">\n\t\t\t<figure class=\"post-gallery-item\">\n\t\t\t\t<img decoding=\"async\" src=\"https:\/\/www.pressenza.com\/wp-content\/uploads\/2019\/08\/barbara-berrios-1-720x479.jpg\" loading=\"lazy\">\n\t\t\t\t<figcaption>\n\t\t\t\t\t\n\t\t\t\t<\/figcaption>\n\t\t\t<\/figure>\n\t\t\t<figure class=\"post-gallery-item\">\n\t\t\t\t<img decoding=\"async\" src=\"https:\/\/www.pressenza.com\/wp-content\/uploads\/2019\/08\/barbara-berrios-2-720x479.jpg\" loading=\"lazy\">\n\t\t\t\t<figcaption>\n\t\t\t\t\t\n\t\t\t\t<\/figcaption>\n\t\t\t<\/figure>\n\t\t\t<figure class=\"post-gallery-item\">\n\t\t\t\t<img decoding=\"async\" src=\"https:\/\/www.pressenza.com\/wp-content\/uploads\/2019\/08\/barbara-berrios-3-720x479.jpg\" loading=\"lazy\">\n\t\t\t\t<figcaption>\n\t\t\t\t\t\n\t\t\t\t<\/figcaption>\n\t\t\t<\/figure>\n\t\t\t<figure class=\"post-gallery-item\">\n\t\t\t\t<img decoding=\"async\" src=\"https:\/\/www.pressenza.com\/wp-content\/uploads\/2019\/08\/barbara-berrios-4-720x479.jpg\" loading=\"lazy\">\n\t\t\t\t<figcaption>\n\t\t\t\t\t\n\t\t\t\t<\/figcaption>\n\t\t\t<\/figure>\n\t\t\t<figure class=\"post-gallery-item\">\n\t\t\t\t<img decoding=\"async\" src=\"https:\/\/www.pressenza.com\/wp-content\/uploads\/2019\/08\/carlos-barrueto-1-682x1024.jpg\" loading=\"lazy\">\n\t\t\t\t<figcaption>\n\t\t\t\t\t\n\t\t\t\t<\/figcaption>\n\t\t\t<\/figure>\n\t\t\t<figure class=\"post-gallery-item\">\n\t\t\t\t<img decoding=\"async\" src=\"https:\/\/www.pressenza.com\/wp-content\/uploads\/2019\/08\/carlos-barrueto-2-682x1024.jpg\" loading=\"lazy\">\n\t\t\t\t<figcaption>\n\t\t\t\t\t\n\t\t\t\t<\/figcaption>\n\t\t\t<\/figure>\n\t\t\t<figure class=\"post-gallery-item\">\n\t\t\t\t<img decoding=\"async\" src=\"https:\/\/www.pressenza.com\/wp-content\/uploads\/2019\/08\/carlos-barrueto-3-720x480.jpg\" loading=\"lazy\">\n\t\t\t\t<figcaption>\n\t\t\t\t\t\n\t\t\t\t<\/figcaption>\n\t\t\t<\/figure>\n\t\t\t<figure class=\"post-gallery-item\">\n\t\t\t\t<img decoding=\"async\" src=\"https:\/\/www.pressenza.com\/wp-content\/uploads\/2019\/08\/cynthia-shuffer-1-720x480.jpg\" loading=\"lazy\">\n\t\t\t\t<figcaption>\n\t\t\t\t\t\n\t\t\t\t<\/figcaption>\n\t\t\t<\/figure>\n\t\t\t<figure class=\"post-gallery-item\">\n\t\t\t\t<img decoding=\"async\" src=\"https:\/\/www.pressenza.com\/wp-content\/uploads\/2019\/08\/cynthia-shuffer-2-720x480.jpg\" loading=\"lazy\">\n\t\t\t\t<figcaption>\n\t\t\t\t\t\n\t\t\t\t<\/figcaption>\n\t\t\t<\/figure>\n\t\t\t<figure class=\"post-gallery-item\">\n\t\t\t\t<img decoding=\"async\" src=\"https:\/\/www.pressenza.com\/wp-content\/uploads\/2019\/08\/cynthia-shuffer-3-720x480.jpg\" loading=\"lazy\">\n\t\t\t\t<figcaption>\n\t\t\t\t\t\n\t\t\t\t<\/figcaption>\n\t\t\t<\/figure>\n\t\t\t<figure class=\"post-gallery-item\">\n\t\t\t\t<img decoding=\"async\" src=\"https:\/\/www.pressenza.com\/wp-content\/uploads\/2019\/08\/cynthia-shuffer-4-720x480.jpg\" loading=\"lazy\">\n\t\t\t\t<figcaption>\n\t\t\t\t\t\n\t\t\t\t<\/figcaption>\n\t\t\t<\/figure>\n\t\t\t<figure class=\"post-gallery-item\">\n\t\t\t\t<img decoding=\"async\" src=\"https:\/\/www.pressenza.com\/wp-content\/uploads\/2019\/08\/cynthia-shuffer-5-720x480.jpg\" loading=\"lazy\">\n\t\t\t\t<figcaption>\n\t\t\t\t\t\n\t\t\t\t<\/figcaption>\n\t\t\t<\/figure>\n\t\t\t<figure class=\"post-gallery-item\">\n\t\t\t\t<img decoding=\"async\" src=\"https:\/\/www.pressenza.com\/wp-content\/uploads\/2019\/08\/cynthia-shuffer-6-720x480.jpg\" loading=\"lazy\">\n\t\t\t\t<figcaption>\n\t\t\t\t\t\n\t\t\t\t<\/figcaption>\n\t\t\t<\/figure>\n\t\t\t<figure class=\"post-gallery-item\">\n\t\t\t\t<img decoding=\"async\" src=\"https:\/\/www.pressenza.com\/wp-content\/uploads\/2019\/08\/cynthia-shuffer-8-720x480.jpg\" loading=\"lazy\">\n\t\t\t\t<figcaption>\n\t\t\t\t\t\n\t\t\t\t<\/figcaption>\n\t\t\t<\/figure><\/div>\n","protected":false},"excerpt":{"rendered":"<p>Frente a los 39 femicidios consumados en lo que va de este a\u00f1o, activistas de la Brigada de Arte y Propaganda de la Coordinadora Feminista 8 de Marzo (CF8M) este viernes 9 de agosto, hemos intervenido nuevamente la ciudad con&hellip;<\/p>\n","protected":false},"author":43,"featured_media":902224,"comment_status":"closed","ping_status":"closed","sticky":false,"template":"","format":"standard","meta":{"footnotes":""},"categories":[149,54515,67],"tags":[60290,29,60289,17863,9471,17346,6659,1024],"class_list":["post-902223","post","type-post","status-publish","format-standard","has-post-thumbnail","hentry","category-comunicados-de-prensa","category-genero-y-feminismos","category-sudamerica","tag-accion-relampago","tag-chile","tag-coordinadora-feminista-8m","tag-femicidios","tag-feminicidios","tag-feministas","tag-santiago-de-chile","tag-violencia-de-genero"],"yoast_head":"<!-- This site is optimized with the Yoast SEO plugin v27.1.1 - https:\/\/yoast.com\/product\/yoast-seo-wordpress\/ -->\n<title>Chile: Feministas recuerdan a las 39 v\u00edctimas de femicidios marchando enmascaradas<\/title>\n<meta name=\"description\" content=\"Frente a los 39 femicidios consumados en lo que va de este a\u00f1o, activistas de la Brigada de Arte y Propaganda de la Coordinadora Feminista 8 de Marzo\" \/>\n<meta name=\"robots\" content=\"index, follow, max-snippet:-1, max-image-preview:large, max-video-preview:-1\" \/>\n<link rel=\"canonical\" href=\"https:\/\/www.pressenza.com\/es\/2019\/08\/chile-feministas-recuerdan-a-las-39-victimas-de-femicidios-marchando-enmascaradas\/\" \/>\n<meta property=\"og:locale\" content=\"es_ES\" \/>\n<meta property=\"og:type\" content=\"article\" \/>\n<meta property=\"og:title\" content=\"Chile: Feministas recuerdan a las 39 v\u00edctimas de femicidios marchando enmascaradas\" \/>\n<meta property=\"og:description\" content=\"Frente a los 39 femicidios consumados en lo que va de este a\u00f1o, activistas de la Brigada de Arte y Propaganda de la Coordinadora Feminista 8 de Marzo\" \/>\n<meta property=\"og:url\" content=\"https:\/\/www.pressenza.com\/es\/2019\/08\/chile-feministas-recuerdan-a-las-39-victimas-de-femicidios-marchando-enmascaradas\/\" \/>\n<meta property=\"og:site_name\" content=\"Pressenza\" \/>\n<meta property=\"article:publisher\" content=\"https:\/\/www.facebook.com\/PressenzaItalia\" \/>\n<meta property=\"article:author\" content=\"https:\/\/www.facebook.com\/pressenza\" \/>\n<meta property=\"article:published_time\" content=\"2019-08-12T18:00:22+00:00\" \/>\n<meta property=\"article:modified_time\" content=\"2019-08-12T18:01:08+00:00\" \/>\n<meta property=\"og:image\" content=\"https:\/\/www.pressenza.com\/wp-content\/uploads\/2019\/08\/cynthia-shuffer-7.jpg\" \/>\n\t<meta property=\"og:image:width\" content=\"2048\" \/>\n\t<meta property=\"og:image:height\" content=\"1365\" \/>\n\t<meta property=\"og:image:type\" content=\"image\/jpeg\" \/>\n<meta name=\"author\" content=\"Redacci\u00f3n Chile\" \/>\n<meta name=\"twitter:card\" content=\"summary_large_image\" \/>\n<meta name=\"twitter:creator\" content=\"@pressenza\" \/>\n<meta name=\"twitter:site\" content=\"@PressenzaIPA\" \/>\n<meta name=\"twitter:label1\" content=\"Escrito por\" \/>\n\t<meta name=\"twitter:data1\" content=\"Redacci\u00f3n Chile\" \/>\n\t<meta name=\"twitter:label2\" content=\"Tiempo de lectura\" \/>\n\t<meta name=\"twitter:data2\" content=\"2 minutos\" \/>\n<script type=\"application\/ld+json\" class=\"yoast-schema-graph\">{\"@context\":\"https:\/\/schema.org\",\"@graph\":[{\"@type\":\"Article\",\"@id\":\"https:\/\/www.pressenza.com\/es\/2019\/08\/chile-feministas-recuerdan-a-las-39-victimas-de-femicidios-marchando-enmascaradas\/#article\",\"isPartOf\":{\"@id\":\"https:\/\/www.pressenza.com\/es\/2019\/08\/chile-feministas-recuerdan-a-las-39-victimas-de-femicidios-marchando-enmascaradas\/\"},\"author\":{\"name\":\"Redacci\u00f3n Chile\",\"@id\":\"https:\/\/www.pressenza.com\/es\/#\/schema\/person\/d7db40df35d6698ba69ba9ee260944ed\"},\"headline\":\"Chile: Feministas recuerdan a las 39 v\u00edctimas de femicidios marchando enmascaradas\",\"datePublished\":\"2019-08-12T18:00:22+00:00\",\"dateModified\":\"2019-08-12T18:01:08+00:00\",\"mainEntityOfPage\":{\"@id\":\"https:\/\/www.pressenza.com\/es\/2019\/08\/chile-feministas-recuerdan-a-las-39-victimas-de-femicidios-marchando-enmascaradas\/\"},\"wordCount\":507,\"publisher\":{\"@id\":\"https:\/\/www.pressenza.com\/es\/#organization\"},\"image\":{\"@id\":\"https:\/\/www.pressenza.com\/es\/2019\/08\/chile-feministas-recuerdan-a-las-39-victimas-de-femicidios-marchando-enmascaradas\/#primaryimage\"},\"thumbnailUrl\":\"https:\/\/www.pressenza.com\/wp-content\/uploads\/2019\/08\/cynthia-shuffer-7.jpg\",\"keywords\":[\"acci\u00f3n rel\u00e1mpago\",\"Chile\",\"Coordinadora Feminista 8M\",\"femicidios\",\"Feminicidios\",\"feministas\",\"Santiago de Chile\",\"Violencia de g\u00e9nero\"],\"articleSection\":[\"Comunicados de Prensa\",\"G\u00e9nero y Feminismos\",\"Sudam\u00e9rica\"],\"inLanguage\":\"es\"},{\"@type\":\"WebPage\",\"@id\":\"https:\/\/www.pressenza.com\/es\/2019\/08\/chile-feministas-recuerdan-a-las-39-victimas-de-femicidios-marchando-enmascaradas\/\",\"url\":\"https:\/\/www.pressenza.com\/es\/2019\/08\/chile-feministas-recuerdan-a-las-39-victimas-de-femicidios-marchando-enmascaradas\/\",\"name\":\"Chile: Feministas recuerdan a las 39 v\u00edctimas de femicidios marchando enmascaradas\",\"isPartOf\":{\"@id\":\"https:\/\/www.pressenza.com\/es\/#website\"},\"primaryImageOfPage\":{\"@id\":\"https:\/\/www.pressenza.com\/es\/2019\/08\/chile-feministas-recuerdan-a-las-39-victimas-de-femicidios-marchando-enmascaradas\/#primaryimage\"},\"image\":{\"@id\":\"https:\/\/www.pressenza.com\/es\/2019\/08\/chile-feministas-recuerdan-a-las-39-victimas-de-femicidios-marchando-enmascaradas\/#primaryimage\"},\"thumbnailUrl\":\"https:\/\/www.pressenza.com\/wp-content\/uploads\/2019\/08\/cynthia-shuffer-7.jpg\",\"datePublished\":\"2019-08-12T18:00:22+00:00\",\"dateModified\":\"2019-08-12T18:01:08+00:00\",\"description\":\"Frente a los 39 femicidios consumados en lo que va de este a\u00f1o, activistas de la Brigada de Arte y Propaganda de la Coordinadora Feminista 8 de Marzo\",\"breadcrumb\":{\"@id\":\"https:\/\/www.pressenza.com\/es\/2019\/08\/chile-feministas-recuerdan-a-las-39-victimas-de-femicidios-marchando-enmascaradas\/#breadcrumb\"},\"inLanguage\":\"es\",\"potentialAction\":[{\"@type\":\"ReadAction\",\"target\":[\"https:\/\/www.pressenza.com\/es\/2019\/08\/chile-feministas-recuerdan-a-las-39-victimas-de-femicidios-marchando-enmascaradas\/\"]}]},{\"@type\":\"ImageObject\",\"inLanguage\":\"es\",\"@id\":\"https:\/\/www.pressenza.com\/es\/2019\/08\/chile-feministas-recuerdan-a-las-39-victimas-de-femicidios-marchando-enmascaradas\/#primaryimage\",\"url\":\"https:\/\/www.pressenza.com\/wp-content\/uploads\/2019\/08\/cynthia-shuffer-7.jpg\",\"contentUrl\":\"https:\/\/www.pressenza.com\/wp-content\/uploads\/2019\/08\/cynthia-shuffer-7.jpg\",\"width\":2048,\"height\":1365,\"caption\":\"femicidios procesi\u00f3n santiago chile 9 agosto 2019\"},{\"@type\":\"BreadcrumbList\",\"@id\":\"https:\/\/www.pressenza.com\/es\/2019\/08\/chile-feministas-recuerdan-a-las-39-victimas-de-femicidios-marchando-enmascaradas\/#breadcrumb\",\"itemListElement\":[{\"@type\":\"ListItem\",\"position\":1,\"name\":\"Accueil\",\"item\":\"https:\/\/www.pressenza.com\/es\/\"},{\"@type\":\"ListItem\",\"position\":2,\"name\":\"Chile: Feministas recuerdan a las 39 v\u00edctimas de femicidios marchando enmascaradas\"}]},{\"@type\":\"WebSite\",\"@id\":\"https:\/\/www.pressenza.com\/es\/#website\",\"url\":\"https:\/\/www.pressenza.com\/es\/\",\"name\":\"Pressenza\",\"description\":\"International Press Agency\",\"publisher\":{\"@id\":\"https:\/\/www.pressenza.com\/es\/#organization\"},\"potentialAction\":[{\"@type\":\"SearchAction\",\"target\":{\"@type\":\"EntryPoint\",\"urlTemplate\":\"https:\/\/www.pressenza.com\/es\/?s={search_term_string}\"},\"query-input\":{\"@type\":\"PropertyValueSpecification\",\"valueRequired\":true,\"valueName\":\"search_term_string\"}}],\"inLanguage\":\"es\"},{\"@type\":\"Organization\",\"@id\":\"https:\/\/www.pressenza.com\/es\/#organization\",\"name\":\"Pressenza\",\"url\":\"https:\/\/www.pressenza.com\/es\/\",\"logo\":{\"@type\":\"ImageObject\",\"inLanguage\":\"es\",\"@id\":\"https:\/\/www.pressenza.com\/es\/#\/schema\/logo\/image\/\",\"url\":\"https:\/\/www.pressenza.com\/wp-content\/uploads\/2022\/10\/pressenza_logo_200x200.jpg\",\"contentUrl\":\"https:\/\/www.pressenza.com\/wp-content\/uploads\/2022\/10\/pressenza_logo_200x200.jpg\",\"width\":200,\"height\":200,\"caption\":\"Pressenza\"},\"image\":{\"@id\":\"https:\/\/www.pressenza.com\/es\/#\/schema\/logo\/image\/\"},\"sameAs\":[\"https:\/\/www.facebook.com\/PressenzaItalia\",\"https:\/\/x.com\/PressenzaIPA\"]},{\"@type\":\"Person\",\"@id\":\"https:\/\/www.pressenza.com\/es\/#\/schema\/person\/d7db40df35d6698ba69ba9ee260944ed\",\"name\":\"Redacci\u00f3n Chile\",\"description\":\"News from the Pressenza Bureau in Chile\",\"sameAs\":[\"https:\/\/www.facebook.com\/pressenza\",\"https:\/\/x.com\/pressenza\"],\"url\":\"https:\/\/www.pressenza.com\/es\/author\/redaccion-chile\/\"}]}<\/script>\n<!-- \/ Yoast SEO plugin. -->","yoast_head_json":{"title":"Chile: Feministas recuerdan a las 39 v\u00edctimas de femicidios marchando enmascaradas","description":"Frente a los 39 femicidios consumados en lo que va de este a\u00f1o, activistas de la Brigada de Arte y Propaganda de la Coordinadora Feminista 8 de Marzo","robots":{"index":"index","follow":"follow","max-snippet":"max-snippet:-1","max-image-preview":"max-image-preview:large","max-video-preview":"max-video-preview:-1"},"canonical":"https:\/\/www.pressenza.com\/es\/2019\/08\/chile-feministas-recuerdan-a-las-39-victimas-de-femicidios-marchando-enmascaradas\/","og_locale":"es_ES","og_type":"article","og_title":"Chile: Feministas recuerdan a las 39 v\u00edctimas de femicidios marchando enmascaradas","og_description":"Frente a los 39 femicidios consumados en lo que va de este a\u00f1o, activistas de la Brigada de Arte y Propaganda de la Coordinadora Feminista 8 de Marzo","og_url":"https:\/\/www.pressenza.com\/es\/2019\/08\/chile-feministas-recuerdan-a-las-39-victimas-de-femicidios-marchando-enmascaradas\/","og_site_name":"Pressenza","article_publisher":"https:\/\/www.facebook.com\/PressenzaItalia","article_author":"https:\/\/www.facebook.com\/pressenza","article_published_time":"2019-08-12T18:00:22+00:00","article_modified_time":"2019-08-12T18:01:08+00:00","og_image":[{"width":2048,"height":1365,"url":"https:\/\/www.pressenza.com\/wp-content\/uploads\/2019\/08\/cynthia-shuffer-7.jpg","type":"image\/jpeg"}],"author":"Redacci\u00f3n Chile","twitter_card":"summary_large_image","twitter_creator":"@pressenza","twitter_site":"@PressenzaIPA","twitter_misc":{"Escrito por":"Redacci\u00f3n Chile","Tiempo de lectura":"2 minutos"},"schema":{"@context":"https:\/\/schema.org","@graph":[{"@type":"Article","@id":"https:\/\/www.pressenza.com\/es\/2019\/08\/chile-feministas-recuerdan-a-las-39-victimas-de-femicidios-marchando-enmascaradas\/#article","isPartOf":{"@id":"https:\/\/www.pressenza.com\/es\/2019\/08\/chile-feministas-recuerdan-a-las-39-victimas-de-femicidios-marchando-enmascaradas\/"},"author":{"name":"Redacci\u00f3n Chile","@id":"https:\/\/www.pressenza.com\/es\/#\/schema\/person\/d7db40df35d6698ba69ba9ee260944ed"},"headline":"Chile: Feministas recuerdan a las 39 v\u00edctimas de femicidios marchando enmascaradas","datePublished":"2019-08-12T18:00:22+00:00","dateModified":"2019-08-12T18:01:08+00:00","mainEntityOfPage":{"@id":"https:\/\/www.pressenza.com\/es\/2019\/08\/chile-feministas-recuerdan-a-las-39-victimas-de-femicidios-marchando-enmascaradas\/"},"wordCount":507,"publisher":{"@id":"https:\/\/www.pressenza.com\/es\/#organization"},"image":{"@id":"https:\/\/www.pressenza.com\/es\/2019\/08\/chile-feministas-recuerdan-a-las-39-victimas-de-femicidios-marchando-enmascaradas\/#primaryimage"},"thumbnailUrl":"https:\/\/www.pressenza.com\/wp-content\/uploads\/2019\/08\/cynthia-shuffer-7.jpg","keywords":["acci\u00f3n rel\u00e1mpago","Chile","Coordinadora Feminista 8M","femicidios","Feminicidios","feministas","Santiago de Chile","Violencia de g\u00e9nero"],"articleSection":["Comunicados de Prensa","G\u00e9nero y Feminismos","Sudam\u00e9rica"],"inLanguage":"es"},{"@type":"WebPage","@id":"https:\/\/www.pressenza.com\/es\/2019\/08\/chile-feministas-recuerdan-a-las-39-victimas-de-femicidios-marchando-enmascaradas\/","url":"https:\/\/www.pressenza.com\/es\/2019\/08\/chile-feministas-recuerdan-a-las-39-victimas-de-femicidios-marchando-enmascaradas\/","name":"Chile: Feministas recuerdan a las 39 v\u00edctimas de femicidios marchando enmascaradas","isPartOf":{"@id":"https:\/\/www.pressenza.com\/es\/#website"},"primaryImageOfPage":{"@id":"https:\/\/www.pressenza.com\/es\/2019\/08\/chile-feministas-recuerdan-a-las-39-victimas-de-femicidios-marchando-enmascaradas\/#primaryimage"},"image":{"@id":"https:\/\/www.pressenza.com\/es\/2019\/08\/chile-feministas-recuerdan-a-las-39-victimas-de-femicidios-marchando-enmascaradas\/#primaryimage"},"thumbnailUrl":"https:\/\/www.pressenza.com\/wp-content\/uploads\/2019\/08\/cynthia-shuffer-7.jpg","datePublished":"2019-08-12T18:00:22+00:00","dateModified":"2019-08-12T18:01:08+00:00","description":"Frente a los 39 femicidios consumados en lo que va de este a\u00f1o, activistas de la Brigada de Arte y Propaganda de la Coordinadora Feminista 8 de Marzo","breadcrumb":{"@id":"https:\/\/www.pressenza.com\/es\/2019\/08\/chile-feministas-recuerdan-a-las-39-victimas-de-femicidios-marchando-enmascaradas\/#breadcrumb"},"inLanguage":"es","potentialAction":[{"@type":"ReadAction","target":["https:\/\/www.pressenza.com\/es\/2019\/08\/chile-feministas-recuerdan-a-las-39-victimas-de-femicidios-marchando-enmascaradas\/"]}]},{"@type":"ImageObject","inLanguage":"es","@id":"https:\/\/www.pressenza.com\/es\/2019\/08\/chile-feministas-recuerdan-a-las-39-victimas-de-femicidios-marchando-enmascaradas\/#primaryimage","url":"https:\/\/www.pressenza.com\/wp-content\/uploads\/2019\/08\/cynthia-shuffer-7.jpg","contentUrl":"https:\/\/www.pressenza.com\/wp-content\/uploads\/2019\/08\/cynthia-shuffer-7.jpg","width":2048,"height":1365,"caption":"femicidios procesi\u00f3n santiago chile 9 agosto 2019"},{"@type":"BreadcrumbList","@id":"https:\/\/www.pressenza.com\/es\/2019\/08\/chile-feministas-recuerdan-a-las-39-victimas-de-femicidios-marchando-enmascaradas\/#breadcrumb","itemListElement":[{"@type":"ListItem","position":1,"name":"Accueil","item":"https:\/\/www.pressenza.com\/es\/"},{"@type":"ListItem","position":2,"name":"Chile: Feministas recuerdan a las 39 v\u00edctimas de femicidios marchando enmascaradas"}]},{"@type":"WebSite","@id":"https:\/\/www.pressenza.com\/es\/#website","url":"https:\/\/www.pressenza.com\/es\/","name":"Pressenza","description":"International Press Agency","publisher":{"@id":"https:\/\/www.pressenza.com\/es\/#organization"},"potentialAction":[{"@type":"SearchAction","target":{"@type":"EntryPoint","urlTemplate":"https:\/\/www.pressenza.com\/es\/?s={search_term_string}"},"query-input":{"@type":"PropertyValueSpecification","valueRequired":true,"valueName":"search_term_string"}}],"inLanguage":"es"},{"@type":"Organization","@id":"https:\/\/www.pressenza.com\/es\/#organization","name":"Pressenza","url":"https:\/\/www.pressenza.com\/es\/","logo":{"@type":"ImageObject","inLanguage":"es","@id":"https:\/\/www.pressenza.com\/es\/#\/schema\/logo\/image\/","url":"https:\/\/www.pressenza.com\/wp-content\/uploads\/2022\/10\/pressenza_logo_200x200.jpg","contentUrl":"https:\/\/www.pressenza.com\/wp-content\/uploads\/2022\/10\/pressenza_logo_200x200.jpg","width":200,"height":200,"caption":"Pressenza"},"image":{"@id":"https:\/\/www.pressenza.com\/es\/#\/schema\/logo\/image\/"},"sameAs":["https:\/\/www.facebook.com\/PressenzaItalia","https:\/\/x.com\/PressenzaIPA"]},{"@type":"Person","@id":"https:\/\/www.pressenza.com\/es\/#\/schema\/person\/d7db40df35d6698ba69ba9ee260944ed","name":"Redacci\u00f3n Chile","description":"News from the Pressenza Bureau in Chile","sameAs":["https:\/\/www.facebook.com\/pressenza","https:\/\/x.com\/pressenza"],"url":"https:\/\/www.pressenza.com\/es\/author\/redaccion-chile\/"}]}},"place":"Santiago, Chile","original_article_url":"","_links":{"self":[{"href":"https:\/\/www.pressenza.com\/es\/wp-json\/wp\/v2\/posts\/902223","targetHints":{"allow":["GET"]}}],"collection":[{"href":"https:\/\/www.pressenza.com\/es\/wp-json\/wp\/v2\/posts"}],"about":[{"href":"https:\/\/www.pressenza.com\/es\/wp-json\/wp\/v2\/types\/post"}],"author":[{"embeddable":true,"href":"https:\/\/www.pressenza.com\/es\/wp-json\/wp\/v2\/users\/43"}],"replies":[{"embeddable":true,"href":"https:\/\/www.pressenza.com\/es\/wp-json\/wp\/v2\/comments?post=902223"}],"version-history":[{"count":0,"href":"https:\/\/www.pressenza.com\/es\/wp-json\/wp\/v2\/posts\/902223\/revisions"}],"wp:featuredmedia":[{"embeddable":true,"href":"https:\/\/www.pressenza.com\/es\/wp-json\/wp\/v2\/media\/902224"}],"wp:attachment":[{"href":"https:\/\/www.pressenza.com\/es\/wp-json\/wp\/v2\/media?parent=902223"}],"wp:term":[{"taxonomy":"category","embeddable":true,"href":"https:\/\/www.pressenza.com\/es\/wp-json\/wp\/v2\/categories?post=902223"},{"taxonomy":"post_tag","embeddable":true,"href":"https:\/\/www.pressenza.com\/es\/wp-json\/wp\/v2\/tags?post=902223"}],"curies":[{"name":"wp","href":"https:\/\/api.w.org\/{rel}","templated":true}]}}