{"id":902155,"date":"2019-08-12T15:40:32","date_gmt":"2019-08-12T14:40:32","guid":{"rendered":"https:\/\/www.pressenza.com\/?p=902155"},"modified":"2019-08-12T15:40:32","modified_gmt":"2019-08-12T14:40:32","slug":"la-banalidad-del-mal-en-espana","status":"publish","type":"post","link":"https:\/\/www.pressenza.com\/es\/2019\/08\/la-banalidad-del-mal-en-espana\/","title":{"rendered":"La banalidad del mal en Espa\u00f1a"},"content":{"rendered":"<p><em>\u201cLos que niegan injustamente la libertad a los dem\u00e1s, no se la merecen ellos mismos\u201c <\/em>(Abraham Lincoln)<\/p>\n<p><strong>Altsasu, 1.000 d\u00edas en la memoria<\/strong><\/p>\n<p>El pr\u00f3ximo s\u00e1bado, tres chavales de Altsasu cumplir\u00e1n 1.000 d\u00edas de prisi\u00f3n incondicional sin sentencia firme y con total ausencia de seguridad jur\u00eddica al ser rechazados parte de los argumentos de sus abogados defensores por la Fiscal\u00eda del Estado cuya primera misi\u00f3n es \u201c<em>velar por la seguridad jur\u00eddica de los ciudadanos de Espa\u00f1a<\/em>\u201d, lo que confirmar\u00eda el aforismo de Blaise Pascal: \u201c<em>La fuerza sin justicia es tiran\u00eda<\/em>\u201d.<\/p>\n<p>El atestado policial de la noche de autos fue redactado por la Guardia Civil y comunicado simult\u00e1neamente a todos los medios de comunicaci\u00f3n del status quo del Estado espa\u00f1ol y amparado por la \u201c<em>espiral del silencio<\/em>\u201d de los medios de comunicaci\u00f3n de masas, consigui\u00f3 fijar en el subconsciente colectivo la idea de que \u201c<em>el caso Altsasu es terrorismo<\/em>\u201d mediante una deliberada y sofocante acumulaci\u00f3n de mensajes de un solo signo (los chavales de Altsasu son cachorros de ETA).<\/p>\n<p>El Tribunal Supremo decidi\u00f3 que el llamado Caso Alsasua \u201c<em>tendr\u00eda encaje en el art\u00edculo 573.1 del C\u00f3digo Penal<\/em>\u201d y en consecuencia, fuera juzgado por la Audiencia Nacional como \u201c<em>hechos constitutivos de un delito de terrorismo<\/em>\u201d a petici\u00f3n del Fiscal de la Audiencia Nacional. As\u00ed, ocho j\u00f3venes de Altsasu fueron condenados por la Audiencia Nacional a penas que oscilan entre los 2 y los 13 a\u00f1os por un delito de odio y lesiones tras un altercado con dos miembros de la Guardia Civil y sus parejas que deriv\u00f3 en un parte m\u00e9dico de \u201c<em>lesiones<\/em> <em>menores<\/em>\u201d y que en su d\u00eda fue calificado por el Coronel Jefe de la Guardia Civil de Navarra como \u201c<em>delitos de odio<\/em>\u201d, por lo que la sentencia de la Audiencia Nacional ser\u00eda seg\u00fan fuentes judiciales \u201c<em>un aut\u00e9ntico dislate jur\u00eddico<\/em>\u201d, lo que provoc\u00f3 una inmediata reacci\u00f3n de repulsa popular e institucional.<\/p>\n<p><strong>La Audiencia Nacional y el principio \u201c<em>favor libertatis<\/em>\u201d<\/strong><\/p>\n<p>El supuesto IV de la citada resoluci\u00f3n 1900 del Consejo de Europa, se\u00f1ala que existir\u00edan presos pol\u00edticos si \u201c<em>por motivos pol\u00edticos, la detenci\u00f3n e ingreso en prisi\u00f3n se produzca de<\/em> <em>manera discriminatoria en comparaci\u00f3n con otras personas<\/em>\u201d, premisas que se cumplir\u00edan tras el auto firmado por la Sala 2\u00aa de la Audiencia de Navarra. Dicho Auto resolvi\u00f3 mantener en libertad a los cinco miembros de la Manada (condenados a 9 a\u00f1os de prisi\u00f3n y sin sentencia firme) al argumentar que \u201c<em>lo que en ning\u00fan caso puede perseguirse con la prisi\u00f3n<\/em> <em>provisional con fines punitivos o de anticipaci\u00f3n de la pena con el atenuante de haber pasado en prisi\u00f3n provisional cerca de 2 a\u00f1os<\/em>\u201d y concluye con \u201c<em>la aplicaci\u00f3n del principio \u201cfavor libertatis\u201d (a favor de la libertad) que impele a la elecci\u00f3n y aplicaci\u00f3n de la norma menos restrictiva de la libertad<\/em>\u201d, con lo que existir\u00eda un claro agravio comparativo con el caso Altsasu.<\/p>\n<p>Descartado finalmente el \u201c<em>delito de terrorismo<\/em>\u201d solicitado en primera instancia por el Fiscal Jos\u00e9 Perals, la Sala de Apelaciones de la Audiencia Nacional resuelve mantener la condena fijada por la Secci\u00f3n Primera de dicho Tribunal a los siete j\u00f3venes de la localidad navarra de Alsasua (penas que oscilan de los 2 a los 13 a\u00f1os de prisi\u00f3n) tras serles aplicado el agravante de \u201c<em>discriminaci\u00f3n ideol\u00f3gica<\/em>\u201d, lo que seg\u00fan fuentes jur\u00eddicas \u201c<em>podr\u00eda indicar el camino a seguir en casos de ataques a juristas o pol\u00edticos en Catalu\u00f1a<\/em>\u201d.<\/p>\n<p>El 18 de Septiembre el Tribunal Supremo celebrar\u00e1 la vista p\u00fablica en la que revisar\u00e1 las condenas impuestas a los j\u00f3venes de Altsasu por la Audiencia Nacional aunque no se esperan grandes novedades, por lo que el caso Altsasu ser\u00e1 un proceso judicial de largo recorrido (recurso al Tribunal Constitucional) que terminar\u00e1 indefectiblemente en el Tribunal Europeo de Estrasburgo quien volver\u00e1 a dar un tir\u00f3n de orejas a la Justicia espa\u00f1ola pero que no impedir\u00e1 que para entonces los chavales de Altsasu se hayan dejado en prisi\u00f3n sue\u00f1os y jirones de libertad, pues seg\u00fan Robert Green Ingersoll, \u201c<em>lo que la luz es para los ojos, lo que el aire es para los pulmones, lo que el amor es para el coraz\u00f3n, la libertad es para el alma del hombre\u201d.<\/em><\/p>\n<p><strong>Altsasu y la banalidad del mal<\/strong><\/p>\n<p>Para entender la sentencia contra los j\u00f3venes de Altsasu habr\u00eda que recurrir a la Doctrina Aznar que tendr\u00eda como ejes principales la culminaci\u00f3n de la \u201c<em>derrota institucional de ETA<\/em> <em>para impedir que el terrorismo encuentre en sus socios pol\u00edticos el ox\u00edgeno que le permita sobrevivir a su derrota operativa<\/em>\u201d con el objetivo \u00faltimo de \u201c<em>criminalizar a grupos y<\/em> <em>entidades d\u00edscolos y refractarios al mensaje del establishment dominante del Estado espa\u00f1ol<\/em>\u201d, teniendo a la Audiencia nacional como brazo ejecutor y a la Juez Lamela como su m\u00e1s destacado adalid.<\/p>\n<p>Todo ello ser\u00edan elementos constituyentes de la llamada \u201c<em>perfecci\u00f3n negativa<\/em>\u201d, t\u00e9rmino empleado por el novelista Mart\u00edn Amis para designar \u201c<em>la obscena justificaci\u00f3n del uso de la<\/em> <em>crueldad extrema, masiva y premeditada por un supuesto Estado ideal<\/em>\u201d. Sin embargo, la te\u00f3rica pol\u00edtica jud\u00edo-alemana Hannah Arendt en su libro \u201c<em>Eichmann en Jerusal\u00e9n<\/em>\u201d, (subtitulado \u201c<em>Un informe sobre la banalidad del mal<\/em>\u201d), nos ayud\u00f3 a comprender las razones de la renuncia del individuo a su capacidad cr\u00edtica (libertad) al tiempo que nos alerta de la necesidad de estar siempre vigilante ante la previsible repetici\u00f3n de la \u201c<em>banalizaci\u00f3n de la maldad<\/em>\u201d por parte de los gobernantes de cualquier sistema pol\u00edtico, incluida la sui-gen\u00e9ris democracia espa\u00f1ola.<\/p>\n<p>\u201c<em>El miedo y no la banalidad del mal, hace que el hombre renuncie a su voluntad cr\u00edtica pero es importante no perder de vista que en ese acto el sujeto sigue siendo \u00e9ticamente responsable de su renuncia<\/em>\u201d ( Maximiliano Korstanje).<\/p>\n","protected":false},"excerpt":{"rendered":"<p>\u201cLos que niegan injustamente la libertad a los dem\u00e1s, no se la merecen ellos mismos\u201c (Abraham Lincoln) Altsasu, 1.000 d\u00edas en la memoria El pr\u00f3ximo s\u00e1bado, tres chavales de Altsasu cumplir\u00e1n 1.000 d\u00edas de prisi\u00f3n incondicional sin sentencia firme y&hellip;<\/p>\n","protected":false},"author":1505,"featured_media":902159,"comment_status":"closed","ping_status":"closed","sticky":false,"template":"","format":"standard","meta":{"footnotes":""},"categories":[11389,79,66,161],"tags":[62548,1065,15036],"class_list":["post-902155","post","type-post","status-publish","format-standard","has-post-thumbnail","hentry","category-contenido-original","category-derechos-humanos","category-europa-es","category-opiniones","tag-altsasu","tag-espana","tag-eta"],"yoast_head":"<!-- This site is optimized with the Yoast SEO plugin v27.1.1 - https:\/\/yoast.com\/product\/yoast-seo-wordpress\/ -->\n<title>La banalidad del mal en Espa\u00f1a<\/title>\n<meta name=\"description\" content=\"La banalidad del mal en Espa\u00f1a\" \/>\n<meta name=\"robots\" content=\"index, follow, max-snippet:-1, max-image-preview:large, max-video-preview:-1\" \/>\n<link rel=\"canonical\" href=\"https:\/\/www.pressenza.com\/es\/2019\/08\/la-banalidad-del-mal-en-espana\/\" \/>\n<meta property=\"og:locale\" content=\"es_ES\" \/>\n<meta property=\"og:type\" content=\"article\" \/>\n<meta property=\"og:title\" content=\"La banalidad del mal en Espa\u00f1a\" \/>\n<meta property=\"og:description\" content=\"La banalidad del mal en Espa\u00f1a\" \/>\n<meta property=\"og:url\" content=\"https:\/\/www.pressenza.com\/es\/2019\/08\/la-banalidad-del-mal-en-espana\/\" \/>\n<meta property=\"og:site_name\" content=\"Pressenza\" \/>\n<meta property=\"article:publisher\" content=\"https:\/\/www.facebook.com\/PressenzaItalia\" \/>\n<meta property=\"article:published_time\" content=\"2019-08-12T14:40:32+00:00\" \/>\n<meta property=\"og:image\" content=\"https:\/\/www.pressenza.com\/wp-content\/uploads\/2019\/08\/je-susi-altasu-lqs.jpeg\" \/>\n\t<meta property=\"og:image:width\" content=\"480\" \/>\n\t<meta property=\"og:image:height\" content=\"480\" \/>\n\t<meta property=\"og:image:type\" content=\"image\/jpeg\" \/>\n<meta name=\"author\" content=\"Germ\u00e1n Gorraiz L\u00f3pez\" \/>\n<meta name=\"twitter:card\" content=\"summary_large_image\" \/>\n<meta name=\"twitter:creator\" content=\"@PressenzaIPA\" \/>\n<meta name=\"twitter:site\" content=\"@PressenzaIPA\" \/>\n<meta name=\"twitter:label1\" content=\"Escrito por\" \/>\n\t<meta name=\"twitter:data1\" content=\"Germ\u00e1n Gorraiz L\u00f3pez\" \/>\n\t<meta name=\"twitter:label2\" content=\"Tiempo de lectura\" \/>\n\t<meta name=\"twitter:data2\" content=\"5 minutos\" \/>\n<script type=\"application\/ld+json\" class=\"yoast-schema-graph\">{\"@context\":\"https:\/\/schema.org\",\"@graph\":[{\"@type\":\"Article\",\"@id\":\"https:\/\/www.pressenza.com\/es\/2019\/08\/la-banalidad-del-mal-en-espana\/#article\",\"isPartOf\":{\"@id\":\"https:\/\/www.pressenza.com\/es\/2019\/08\/la-banalidad-del-mal-en-espana\/\"},\"author\":{\"name\":\"Germ\u00e1n Gorraiz L\u00f3pez\",\"@id\":\"https:\/\/www.pressenza.com\/es\/#\/schema\/person\/57dba2cbf155df3e3656a436abe74b1b\"},\"headline\":\"La banalidad del mal en Espa\u00f1a\",\"datePublished\":\"2019-08-12T14:40:32+00:00\",\"mainEntityOfPage\":{\"@id\":\"https:\/\/www.pressenza.com\/es\/2019\/08\/la-banalidad-del-mal-en-espana\/\"},\"wordCount\":1022,\"publisher\":{\"@id\":\"https:\/\/www.pressenza.com\/es\/#organization\"},\"image\":{\"@id\":\"https:\/\/www.pressenza.com\/es\/2019\/08\/la-banalidad-del-mal-en-espana\/#primaryimage\"},\"thumbnailUrl\":\"https:\/\/www.pressenza.com\/wp-content\/uploads\/2019\/08\/je-susi-altasu-lqs.jpeg\",\"keywords\":[\"Altsasu\",\"Espa\u00f1a\",\"ETA\"],\"articleSection\":[\"Contenido Original\",\"Derechos Humanos\",\"Europa\",\"Opiniones\"],\"inLanguage\":\"es\"},{\"@type\":\"WebPage\",\"@id\":\"https:\/\/www.pressenza.com\/es\/2019\/08\/la-banalidad-del-mal-en-espana\/\",\"url\":\"https:\/\/www.pressenza.com\/es\/2019\/08\/la-banalidad-del-mal-en-espana\/\",\"name\":\"La banalidad del mal en Espa\u00f1a\",\"isPartOf\":{\"@id\":\"https:\/\/www.pressenza.com\/es\/#website\"},\"primaryImageOfPage\":{\"@id\":\"https:\/\/www.pressenza.com\/es\/2019\/08\/la-banalidad-del-mal-en-espana\/#primaryimage\"},\"image\":{\"@id\":\"https:\/\/www.pressenza.com\/es\/2019\/08\/la-banalidad-del-mal-en-espana\/#primaryimage\"},\"thumbnailUrl\":\"https:\/\/www.pressenza.com\/wp-content\/uploads\/2019\/08\/je-susi-altasu-lqs.jpeg\",\"datePublished\":\"2019-08-12T14:40:32+00:00\",\"description\":\"La banalidad del mal en Espa\u00f1a\",\"breadcrumb\":{\"@id\":\"https:\/\/www.pressenza.com\/es\/2019\/08\/la-banalidad-del-mal-en-espana\/#breadcrumb\"},\"inLanguage\":\"es\",\"potentialAction\":[{\"@type\":\"ReadAction\",\"target\":[\"https:\/\/www.pressenza.com\/es\/2019\/08\/la-banalidad-del-mal-en-espana\/\"]}]},{\"@type\":\"ImageObject\",\"inLanguage\":\"es\",\"@id\":\"https:\/\/www.pressenza.com\/es\/2019\/08\/la-banalidad-del-mal-en-espana\/#primaryimage\",\"url\":\"https:\/\/www.pressenza.com\/wp-content\/uploads\/2019\/08\/je-susi-altasu-lqs.jpeg\",\"contentUrl\":\"https:\/\/www.pressenza.com\/wp-content\/uploads\/2019\/08\/je-susi-altasu-lqs.jpeg\",\"width\":480,\"height\":480},{\"@type\":\"BreadcrumbList\",\"@id\":\"https:\/\/www.pressenza.com\/es\/2019\/08\/la-banalidad-del-mal-en-espana\/#breadcrumb\",\"itemListElement\":[{\"@type\":\"ListItem\",\"position\":1,\"name\":\"Accueil\",\"item\":\"https:\/\/www.pressenza.com\/es\/\"},{\"@type\":\"ListItem\",\"position\":2,\"name\":\"La banalidad del mal en Espa\u00f1a\"}]},{\"@type\":\"WebSite\",\"@id\":\"https:\/\/www.pressenza.com\/es\/#website\",\"url\":\"https:\/\/www.pressenza.com\/es\/\",\"name\":\"Pressenza\",\"description\":\"International Press Agency\",\"publisher\":{\"@id\":\"https:\/\/www.pressenza.com\/es\/#organization\"},\"potentialAction\":[{\"@type\":\"SearchAction\",\"target\":{\"@type\":\"EntryPoint\",\"urlTemplate\":\"https:\/\/www.pressenza.com\/es\/?s={search_term_string}\"},\"query-input\":{\"@type\":\"PropertyValueSpecification\",\"valueRequired\":true,\"valueName\":\"search_term_string\"}}],\"inLanguage\":\"es\"},{\"@type\":\"Organization\",\"@id\":\"https:\/\/www.pressenza.com\/es\/#organization\",\"name\":\"Pressenza\",\"url\":\"https:\/\/www.pressenza.com\/es\/\",\"logo\":{\"@type\":\"ImageObject\",\"inLanguage\":\"es\",\"@id\":\"https:\/\/www.pressenza.com\/es\/#\/schema\/logo\/image\/\",\"url\":\"https:\/\/www.pressenza.com\/wp-content\/uploads\/2022\/10\/pressenza_logo_200x200.jpg\",\"contentUrl\":\"https:\/\/www.pressenza.com\/wp-content\/uploads\/2022\/10\/pressenza_logo_200x200.jpg\",\"width\":200,\"height\":200,\"caption\":\"Pressenza\"},\"image\":{\"@id\":\"https:\/\/www.pressenza.com\/es\/#\/schema\/logo\/image\/\"},\"sameAs\":[\"https:\/\/www.facebook.com\/PressenzaItalia\",\"https:\/\/x.com\/PressenzaIPA\"]},{\"@type\":\"Person\",\"@id\":\"https:\/\/www.pressenza.com\/es\/#\/schema\/person\/57dba2cbf155df3e3656a436abe74b1b\",\"name\":\"Germ\u00e1n Gorraiz L\u00f3pez\",\"description\":\"Germ\u00e1n Gorraiz L\u00f3pez (Navarra-Espa\u00f1a, 1957). Analista econ\u00f3mico y geopol\u00edtico, colabora habitualmente en varias publicaciones digitales e impresas espa\u00f1olas y latinoamericanas.\",\"url\":\"https:\/\/www.pressenza.com\/es\/author\/german-gorraiz-lopez\/\"}]}<\/script>\n<!-- \/ Yoast SEO plugin. -->","yoast_head_json":{"title":"La banalidad del mal en Espa\u00f1a","description":"La banalidad del mal en Espa\u00f1a","robots":{"index":"index","follow":"follow","max-snippet":"max-snippet:-1","max-image-preview":"max-image-preview:large","max-video-preview":"max-video-preview:-1"},"canonical":"https:\/\/www.pressenza.com\/es\/2019\/08\/la-banalidad-del-mal-en-espana\/","og_locale":"es_ES","og_type":"article","og_title":"La banalidad del mal en Espa\u00f1a","og_description":"La banalidad del mal en Espa\u00f1a","og_url":"https:\/\/www.pressenza.com\/es\/2019\/08\/la-banalidad-del-mal-en-espana\/","og_site_name":"Pressenza","article_publisher":"https:\/\/www.facebook.com\/PressenzaItalia","article_published_time":"2019-08-12T14:40:32+00:00","og_image":[{"width":480,"height":480,"url":"https:\/\/www.pressenza.com\/wp-content\/uploads\/2019\/08\/je-susi-altasu-lqs.jpeg","type":"image\/jpeg"}],"author":"Germ\u00e1n Gorraiz L\u00f3pez","twitter_card":"summary_large_image","twitter_creator":"@PressenzaIPA","twitter_site":"@PressenzaIPA","twitter_misc":{"Escrito por":"Germ\u00e1n Gorraiz L\u00f3pez","Tiempo de lectura":"5 minutos"},"schema":{"@context":"https:\/\/schema.org","@graph":[{"@type":"Article","@id":"https:\/\/www.pressenza.com\/es\/2019\/08\/la-banalidad-del-mal-en-espana\/#article","isPartOf":{"@id":"https:\/\/www.pressenza.com\/es\/2019\/08\/la-banalidad-del-mal-en-espana\/"},"author":{"name":"Germ\u00e1n Gorraiz L\u00f3pez","@id":"https:\/\/www.pressenza.com\/es\/#\/schema\/person\/57dba2cbf155df3e3656a436abe74b1b"},"headline":"La banalidad del mal en Espa\u00f1a","datePublished":"2019-08-12T14:40:32+00:00","mainEntityOfPage":{"@id":"https:\/\/www.pressenza.com\/es\/2019\/08\/la-banalidad-del-mal-en-espana\/"},"wordCount":1022,"publisher":{"@id":"https:\/\/www.pressenza.com\/es\/#organization"},"image":{"@id":"https:\/\/www.pressenza.com\/es\/2019\/08\/la-banalidad-del-mal-en-espana\/#primaryimage"},"thumbnailUrl":"https:\/\/www.pressenza.com\/wp-content\/uploads\/2019\/08\/je-susi-altasu-lqs.jpeg","keywords":["Altsasu","Espa\u00f1a","ETA"],"articleSection":["Contenido Original","Derechos Humanos","Europa","Opiniones"],"inLanguage":"es"},{"@type":"WebPage","@id":"https:\/\/www.pressenza.com\/es\/2019\/08\/la-banalidad-del-mal-en-espana\/","url":"https:\/\/www.pressenza.com\/es\/2019\/08\/la-banalidad-del-mal-en-espana\/","name":"La banalidad del mal en Espa\u00f1a","isPartOf":{"@id":"https:\/\/www.pressenza.com\/es\/#website"},"primaryImageOfPage":{"@id":"https:\/\/www.pressenza.com\/es\/2019\/08\/la-banalidad-del-mal-en-espana\/#primaryimage"},"image":{"@id":"https:\/\/www.pressenza.com\/es\/2019\/08\/la-banalidad-del-mal-en-espana\/#primaryimage"},"thumbnailUrl":"https:\/\/www.pressenza.com\/wp-content\/uploads\/2019\/08\/je-susi-altasu-lqs.jpeg","datePublished":"2019-08-12T14:40:32+00:00","description":"La banalidad del mal en Espa\u00f1a","breadcrumb":{"@id":"https:\/\/www.pressenza.com\/es\/2019\/08\/la-banalidad-del-mal-en-espana\/#breadcrumb"},"inLanguage":"es","potentialAction":[{"@type":"ReadAction","target":["https:\/\/www.pressenza.com\/es\/2019\/08\/la-banalidad-del-mal-en-espana\/"]}]},{"@type":"ImageObject","inLanguage":"es","@id":"https:\/\/www.pressenza.com\/es\/2019\/08\/la-banalidad-del-mal-en-espana\/#primaryimage","url":"https:\/\/www.pressenza.com\/wp-content\/uploads\/2019\/08\/je-susi-altasu-lqs.jpeg","contentUrl":"https:\/\/www.pressenza.com\/wp-content\/uploads\/2019\/08\/je-susi-altasu-lqs.jpeg","width":480,"height":480},{"@type":"BreadcrumbList","@id":"https:\/\/www.pressenza.com\/es\/2019\/08\/la-banalidad-del-mal-en-espana\/#breadcrumb","itemListElement":[{"@type":"ListItem","position":1,"name":"Accueil","item":"https:\/\/www.pressenza.com\/es\/"},{"@type":"ListItem","position":2,"name":"La banalidad del mal en Espa\u00f1a"}]},{"@type":"WebSite","@id":"https:\/\/www.pressenza.com\/es\/#website","url":"https:\/\/www.pressenza.com\/es\/","name":"Pressenza","description":"International Press Agency","publisher":{"@id":"https:\/\/www.pressenza.com\/es\/#organization"},"potentialAction":[{"@type":"SearchAction","target":{"@type":"EntryPoint","urlTemplate":"https:\/\/www.pressenza.com\/es\/?s={search_term_string}"},"query-input":{"@type":"PropertyValueSpecification","valueRequired":true,"valueName":"search_term_string"}}],"inLanguage":"es"},{"@type":"Organization","@id":"https:\/\/www.pressenza.com\/es\/#organization","name":"Pressenza","url":"https:\/\/www.pressenza.com\/es\/","logo":{"@type":"ImageObject","inLanguage":"es","@id":"https:\/\/www.pressenza.com\/es\/#\/schema\/logo\/image\/","url":"https:\/\/www.pressenza.com\/wp-content\/uploads\/2022\/10\/pressenza_logo_200x200.jpg","contentUrl":"https:\/\/www.pressenza.com\/wp-content\/uploads\/2022\/10\/pressenza_logo_200x200.jpg","width":200,"height":200,"caption":"Pressenza"},"image":{"@id":"https:\/\/www.pressenza.com\/es\/#\/schema\/logo\/image\/"},"sameAs":["https:\/\/www.facebook.com\/PressenzaItalia","https:\/\/x.com\/PressenzaIPA"]},{"@type":"Person","@id":"https:\/\/www.pressenza.com\/es\/#\/schema\/person\/57dba2cbf155df3e3656a436abe74b1b","name":"Germ\u00e1n Gorraiz L\u00f3pez","description":"Germ\u00e1n Gorraiz L\u00f3pez (Navarra-Espa\u00f1a, 1957). Analista econ\u00f3mico y geopol\u00edtico, colabora habitualmente en varias publicaciones digitales e impresas espa\u00f1olas y latinoamericanas.","url":"https:\/\/www.pressenza.com\/es\/author\/german-gorraiz-lopez\/"}]}},"place":"Madrid, Espa\u00f1a","original_article_url":"","_links":{"self":[{"href":"https:\/\/www.pressenza.com\/es\/wp-json\/wp\/v2\/posts\/902155","targetHints":{"allow":["GET"]}}],"collection":[{"href":"https:\/\/www.pressenza.com\/es\/wp-json\/wp\/v2\/posts"}],"about":[{"href":"https:\/\/www.pressenza.com\/es\/wp-json\/wp\/v2\/types\/post"}],"author":[{"embeddable":true,"href":"https:\/\/www.pressenza.com\/es\/wp-json\/wp\/v2\/users\/1505"}],"replies":[{"embeddable":true,"href":"https:\/\/www.pressenza.com\/es\/wp-json\/wp\/v2\/comments?post=902155"}],"version-history":[{"count":0,"href":"https:\/\/www.pressenza.com\/es\/wp-json\/wp\/v2\/posts\/902155\/revisions"}],"wp:featuredmedia":[{"embeddable":true,"href":"https:\/\/www.pressenza.com\/es\/wp-json\/wp\/v2\/media\/902159"}],"wp:attachment":[{"href":"https:\/\/www.pressenza.com\/es\/wp-json\/wp\/v2\/media?parent=902155"}],"wp:term":[{"taxonomy":"category","embeddable":true,"href":"https:\/\/www.pressenza.com\/es\/wp-json\/wp\/v2\/categories?post=902155"},{"taxonomy":"post_tag","embeddable":true,"href":"https:\/\/www.pressenza.com\/es\/wp-json\/wp\/v2\/tags?post=902155"}],"curies":[{"name":"wp","href":"https:\/\/api.w.org\/{rel}","templated":true}]}}