{"id":902,"date":"2009-08-11T00:00:00","date_gmt":"2009-08-11T00:00:00","guid":{"rendered":""},"modified":"2009-08-11T09:50:02","modified_gmt":"2009-08-11T09:50:02","slug":"albax-un-proyecto-de-paz","status":"publish","type":"post","link":"https:\/\/www.pressenza.com\/es\/2009\/08\/albax-un-proyecto-de-paz\/","title":{"rendered":"ALBA: un proyecto de paz"},"content":{"rendered":"<p>Comenzar\u00e9 recordando que un 10 de agosto de 1809, fue pronunciado por el valeroso Pueblo ecuatoriano, el Primer Grito de su anhelada Independencia en Quito. La misma ciudad en la que hoy, a 200 a\u00f1os de emprendido nuestro incesante proceso de Independencia, nos hemos reunido en raz\u00f3n de responder a un compromiso ineludible y una esperanza concreta: honrar el esfuerzo de toda una generaci\u00f3n de libertadores, que traz\u00f3 el camino de las nuevas rep\u00fablicas de Nuestra Am\u00e9rica. <\/p>\n<p>A la luz y sombra de este germen libertario esparcido por nuestros predecesores en estas imponentes tierras de la Abya Yala, se reanim\u00f3 la idea de la uni\u00f3n de rep\u00fablicas, planteada por El Libertador, durante toda su vida pol\u00edtica. <\/p>\n<p>El mismo Bol\u00edvar que nos dejara estas premonitorias palabras el 6 de septiembre de 1815, en su Carta de Jamaica, la cual fue dirigida en respuesta al ciudadano Henry Cullen, un s\u00fabdito brit\u00e1nico residenciado en Falmouth; como una grandiosa bit\u00e1cora ideol\u00f3gica que por oportuna y verdadera, me permito incluir en estas l\u00edneas: Seguramente la uni\u00f3n es la que nos falta para completar la obra de nuestra regeneraci\u00f3n. Sin embargo, nuestra divisi\u00f3n no es extra\u00f1a, porque tal es el distintivo de las guerras civiles formadas generalmente entre dos partidos: conservadores y reformadores. Los primeros son, por lo com\u00fan, m\u00e1s numerosos, porque el imperio de la costumbre produce el efecto de la obediencia a las potestades establecidas; los \u00faltimos son siempre menos numerosos aunque m\u00e1s vehementes e ilustrados. De este modo la masa f\u00edsica se equilibra con la fuerza moral, y la contienda se prolonga siendo sus resultados muy inciertos. Por fortuna, entre nosotros, la masa ha seguido a la inteligencia. <\/p>\n<p>Revelaba el Padre Bol\u00edvar, una de sus grandes angustias: ver unidas a las naciones todas de nuestro ancho y largo continente en la Patria Grande. <\/p>\n<p>El esp\u00edritu de la naci\u00f3n de Colombia, se expres\u00f3 por vez primera en la Angostura ba\u00f1ada por nuestro ind\u00f3mito Orinoco, all\u00e1 en el a\u00f1o de 1819. Surgida de los sue\u00f1os de Miranda, Colombia fue hecha realidad por nuestro Bol\u00edvar aqu\u00e9l a\u00f1o y aunque fue desmembrada, su \u00e1nimo, hoy m\u00e1s que nunca, debe expresarse para darnos constancia de que nunca se perder\u00e1. <\/p>\n<p>Nuestra Uni\u00f3n era para Bol\u00edvar, un pr\u00f3digo fin, al que se llegar\u00eda \u00fanicamente a trav\u00e9s de efectos sensibles y esfuerzos bien dirigidos. Y hoy, \u2014a 200 a\u00f1os de aquella enorme gesta hist\u00f3rica\u2014, el nacimiento de Uni\u00f3n Suramericana de Naciones (UNASUR), es la fiel muestra de que el proceso de liberaci\u00f3n de nuestras naciones contin\u00faa imponi\u00e9ndose con m\u00e1s vigor que nunca. <\/p>\n<p>Sin embargo, y trayendo al presente toda esta s\u00edntesis hist\u00f3rica, debo decir con absoluta desaz\u00f3n que la uni\u00f3n y la independencia de nuestros pa\u00edses, constituye una amenaza para quienes aspiran seguir controlando nuestras riquezas naturales, nuestras econom\u00edas y nuestra voluntad pol\u00edtica, es decir, nuestra soberan\u00eda. <\/p>\n<p>Es evidente que, ante los avances progresistas y democr\u00e1ticos en nuestro continente, el imperio norteamericano \u2014que en los \u00faltimos cien a\u00f1os ejerci\u00f3 su hegemon\u00eda sobre la vida de nuestras rep\u00fablicas\u2014 ha iniciado una contraofensiva, antihist\u00f3rica y retr\u00f3grada con el prop\u00f3sito de revertir la uni\u00f3n, la soberan\u00eda y la democracia en nuestro continente, e imponer la restauraci\u00f3n de la dominaci\u00f3n imperial en todos los \u00e1mbitos de la vida de nuestras sociedades. <\/p>\n<p>En este sentido, compartimos la visi\u00f3n de muchos en Latinoam\u00e9rica y el mundo: esta contraofensiva se inici\u00f3 el 28 de junio de este a\u00f1o, con el perverso Golpe de Estado cometido en la hermana Patria hondure\u00f1a. Dicen los militares golpistas de Honduras, y los poderosos voceros conservadores de Washington, que esta operaci\u00f3n contra el presidente Zelaya, fue una maniobra pensada en funci\u00f3n de destruir la Alianza Bolivariana de los Pueblos de Nuestra Am\u00e9rica (ALBA). <\/p>\n<p>Una alianza que es un proyecto de paz, de justicia social, de uni\u00f3n solidaria, de democracia participativa con y para las mayor\u00edas de nuestros pa\u00edses; y a la vez es un proyecto independentista guiado por liderazgos leg\u00edtimos de los humildes de hoy. <\/p>\n<p>Este infame golpe, ha sido respondido dignamente por el Pueblo hondure\u00f1o, enfrentando la represi\u00f3n y demostrando que son dignos herederos del heroico Moraz\u00e1n que, pasados 200 a\u00f1os, aun vigila.  <\/p>\n<p>Por ello, en funci\u00f3n de la unidad que nos ha convocado desde siempre, y tambi\u00e9n siguiendo los acontecimientos de estos \u00faltimos tiempos, me permito hacerles un llamado de atenci\u00f3n. <\/p>\n<p>Compa\u00f1eros y compa\u00f1eras: desde mi Gobierno estamos real y profundamente preocupados, por la situaci\u00f3n de tensi\u00f3n con la hermana Rep\u00fablica de Colombia, frente a la instalaci\u00f3n de, al menos, siete bases militares norteamericanas en ese entra\u00f1able y hermano territorio suramericano. <\/p>\n<p>Queremos denunciar, aqu\u00ed y ahora, que este hecho es parte de un plan pol\u00edtico y militar, orquestado para acabar con el proyecto de la Uni\u00f3n de Naciones Suramericanas (UNASUR), adem\u00e1s de ser la m\u00e1s grande amenaza en este momento hist\u00f3rico, para las infinitas riquezas que yacen en nuestro continente, esto es: el oro negro, nuestro petr\u00f3leo; el oro azul, las grandes reservas acu\u00edferas; el oro verde, nuestra amazon\u00eda. <\/p>\n<p>En los \u00faltimos a\u00f1os, hemos denunciado un acoso permanente contra nuestro pa\u00eds y nuestra Revoluci\u00f3n Bolivariana, por parte de las elites que dirigen el imperio estadounidense. Nuestro Pueblo ha derrotado, \u2014ante el asombro de la opini\u00f3n internacional\u2014  Golpes de Estado, saboteos econ\u00f3micos y la embestida de un descarnado terrorismo medi\u00e1tico de alcance nacional e internacional. Hermanos y hermanas de Suram\u00e9rica: la justificaci\u00f3n pol\u00edtica y medi\u00e1tica del gobierno de Colombia y los jefes de estas bases militares, son una amenaza concreta a la paz, la independencia y los derechos del Pueblo de Venezuela. <\/p>\n<p>En los \u00faltimos d\u00edas, hemos recibido las manifestaciones de preocupaci\u00f3n y de solidaridad de los Pueblos y gobiernos del continente; as\u00ed como tambi\u00e9n, de un importante sector de la sociedad colombiana. Creen quienes nos amenazan que pueden detener el curso de la nueva y heroica historia que hoy escribimos en paz: hacernos respetables es la garant\u00eda indestructible de vuestros afanes ulteriores por conservarles, dijo Jos\u00e9 Gervasio Artigas.  <\/p>\n<p>Pero, as\u00ed como hace 200 a\u00f1os, nuestros Pueblos hicieron retroceder el decadente imperio espa\u00f1ol, hoy contamos con superiores condiciones morales y pol\u00edticas para neutralizar a estos sectores guerreristas y as\u00ed garantizar que nuestro continente sea una tierra de paz, sin amenaza militar.<\/p>\n<p>Ser\u00eda un error grave pensar que la amenaza es s\u00f3lo contra Venezuela; va dirigida a todos los pa\u00edses del Sur del continente, sentencia el compa\u00f1ero Fidel en sus reflexiones tituladas \u201cSiete pu\u00f1ales en el coraz\u00f3n de Am\u00e9rica\u201d. Geopol\u00edticamente, estamos al Sur de la hegemon\u00eda, y es una realidad que, trascendiendo la tendencia pol\u00edtica de los gobiernos del mundo, el problema de la guerra concierne a la humanidad entera. <\/p>\n<p>Nunca nuestras angustias han sido secretas, y de esa verdad eterna dio muestra el Ap\u00f3stol de Am\u00e9rica, Jos\u00e9 Mart\u00ed, al dejar en 1884, para \u00e9ste nuestro tiempo, una inc\u00f3gnita vigente: \u00bfQu\u00e9 somos, General (M\u00e1ximo G\u00f3mez)? \u00bfLos servidores heroicos y modestos de una idea que nos calienta el coraz\u00f3n, los amigos leales de un pueblo en desventura, o los caudillos valientes y afortunados que con el l\u00e1tigo en la mano y la espuela en el tac\u00f3n se disponen a llevar la guerra a un pueblo, para ense\u00f1orearse despu\u00e9s de \u00e9l?<\/p>\n<p>No podemos ocultar el clamor de todo el Pueblo colombiano  y su deseo de alcanzar la paz en su pa\u00eds. Siete d\u00e9cadas de guerras al interior de Colombia, s\u00f3lo hallar\u00e1n resoluci\u00f3n en una salida pol\u00edtica y negociada que respete las garant\u00edas y goce del respaldo de toda Suram\u00e9rica. <\/p>\n<p>El pueblo de Colombia tiene derecho a la paz. No puede pretender una elite servil, cuyo negocio es la guerra en el hermano pa\u00eds, expandir e imponer su conflicto armado con la pretensi\u00f3n de estigmatizar y desestabilizar a los movimientos progresistas y revolucionarios que de manera leg\u00edtima, democr\u00e1tica y pac\u00edfica avanzamos con los sue\u00f1os y banderas de los libertadores, a cumplir las tareas aun pendientes de uni\u00f3n, justicia e independencia. <\/p>\n<p>No creemos en una sociedad carente de conflictos, eso ser\u00eda una entelequia, pero entendemos que estamos llamados a asumir mejores conflictos, a reconocerlos y contenerlos, de vivir no a pesar de ellos sino productiva e inteligentemente con ellos. S\u00f3lo un pueblo esc\u00e9ptico maduro para el conflicto, es un pueblo maduro para la paz, parafraseando a nuestro hermano colombiano Estanislao Zuleta. <\/p>\n<p>Y si queremos una paz verdadera, debemos responder a tiempo con claridad y valent\u00eda a las necesidades m\u00e1s sentidas de nuestros Pueblos. <\/p>\n<p>Lleg\u00f3 la hora de Suram\u00e9rica, la hora de UNASUR, confiamos en la capacidad pol\u00edtica de nuestra naciente uni\u00f3n para enfrentar en la actualidad esta amenaza, que compromete el porvenir de nuestras rep\u00fablicas, el porvenir de nuestros Pueblos y el porvenir de toda la humanidad. <\/p>\n<p>Sigamos, pues, compa\u00f1eras y compa\u00f1eros la m\u00e1xima de Bol\u00edvar, constituyamos ese gran Pacto Americano que formando de todas nuestras rep\u00fablicas un cuerpo pol\u00edtico, presente la Am\u00e9rica al mundo con un aspecto de majestad y grandeza sin ejemplo en las naciones antiguas. La Am\u00e9rica as\u00ed unida, si el cielo nos concede este deseado voto, podr\u00e1 llamarse la reina de las naciones y la madre de las rep\u00fablicas.   <\/p>\n","protected":false},"excerpt":{"rendered":"<p>En su discurso en el encuentro de Unasur, en Quito, Ch\u00e1vez dijo que el ALBA es una alianza, es un proyecto de paz, de justicia social, de uni\u00f3n solidaria, de democracia participativa con y para las mayor\u00edas de nuestros pa\u00edses y a la vez es un proyecto independentista guiado por liderazgos leg\u00edtimos de los humildes de hoy. <\/p>\n","protected":false},"author":19,"featured_media":0,"comment_status":"closed","ping_status":"open","sticky":false,"template":"","format":"standard","meta":{"footnotes":""},"categories":[76,161,67],"tags":[],"class_list":["post-902","post","type-post","status-publish","format-standard","hentry","category-relaciones-exteriores","category-opiniones","category-sudamerica"],"yoast_head":"<!-- This site is optimized with the Yoast SEO plugin v27.1.1 - https:\/\/yoast.com\/product\/yoast-seo-wordpress\/ -->\n<title>ALBA: un proyecto de paz<\/title>\n<meta name=\"description\" content=\"En su discurso en el encuentro de Unasur, en Quito, Ch\u00e1vez dijo que el ALBA es una alianza, es un proyecto de paz, de justicia social, de uni\u00f3n solidaria, de democracia participativa con y para las mayor\u00edas de nuestros pa\u00edses y a la vez es un proyecto independentista guiado por liderazgos leg\u00edtimos de los humildes de hoy.\" \/>\n<meta name=\"robots\" content=\"index, follow, max-snippet:-1, max-image-preview:large, max-video-preview:-1\" \/>\n<link rel=\"canonical\" href=\"https:\/\/www.pressenza.com\/es\/2009\/08\/albax-un-proyecto-de-paz\/\" \/>\n<meta property=\"og:locale\" content=\"es_ES\" \/>\n<meta property=\"og:type\" content=\"article\" \/>\n<meta property=\"og:title\" content=\"ALBA: un proyecto de paz\" \/>\n<meta property=\"og:description\" content=\"En su discurso en el encuentro de Unasur, en Quito, Ch\u00e1vez dijo que el ALBA es una alianza, es un proyecto de paz, de justicia social, de uni\u00f3n solidaria, de democracia participativa con y para las mayor\u00edas de nuestros pa\u00edses y a la vez es un proyecto independentista guiado por liderazgos leg\u00edtimos de los humildes de hoy.\" \/>\n<meta property=\"og:url\" content=\"https:\/\/www.pressenza.com\/es\/2009\/08\/albax-un-proyecto-de-paz\/\" \/>\n<meta property=\"og:site_name\" content=\"Pressenza\" \/>\n<meta property=\"article:publisher\" content=\"https:\/\/www.facebook.com\/PressenzaItalia\" \/>\n<meta property=\"article:author\" content=\"https:\/\/www.facebook.com\/pressenza\" \/>\n<meta property=\"article:published_time\" content=\"2009-08-11T00:00:00+00:00\" \/>\n<meta property=\"article:modified_time\" content=\"2009-08-11T09:50:02+00:00\" \/>\n<meta name=\"author\" content=\"Pressenza IPA\" \/>\n<meta name=\"twitter:card\" content=\"summary_large_image\" \/>\n<meta name=\"twitter:creator\" content=\"@PressenzaIPA\" \/>\n<meta name=\"twitter:site\" content=\"@PressenzaIPA\" \/>\n<meta name=\"twitter:label1\" content=\"Escrito por\" \/>\n\t<meta name=\"twitter:data1\" content=\"Pressenza IPA\" \/>\n\t<meta name=\"twitter:label2\" content=\"Tiempo de lectura\" \/>\n\t<meta name=\"twitter:data2\" content=\"8 minutos\" \/>\n<script type=\"application\/ld+json\" class=\"yoast-schema-graph\">{\"@context\":\"https:\/\/schema.org\",\"@graph\":[{\"@type\":\"Article\",\"@id\":\"https:\/\/www.pressenza.com\/es\/2009\/08\/albax-un-proyecto-de-paz\/#article\",\"isPartOf\":{\"@id\":\"https:\/\/www.pressenza.com\/es\/2009\/08\/albax-un-proyecto-de-paz\/\"},\"author\":{\"name\":\"Pressenza IPA\",\"@id\":\"https:\/\/www.pressenza.com\/es\/#\/schema\/person\/010e5d02bcf40965427a1289a4cc8d75\"},\"headline\":\"ALBA: un proyecto de paz\",\"datePublished\":\"2009-08-11T00:00:00+00:00\",\"dateModified\":\"2009-08-11T09:50:02+00:00\",\"mainEntityOfPage\":{\"@id\":\"https:\/\/www.pressenza.com\/es\/2009\/08\/albax-un-proyecto-de-paz\/\"},\"wordCount\":1647,\"publisher\":{\"@id\":\"https:\/\/www.pressenza.com\/es\/#organization\"},\"articleSection\":[\"Asuntos internacionales\",\"Opiniones\",\"Sudam\u00e9rica\"],\"inLanguage\":\"es\"},{\"@type\":\"WebPage\",\"@id\":\"https:\/\/www.pressenza.com\/es\/2009\/08\/albax-un-proyecto-de-paz\/\",\"url\":\"https:\/\/www.pressenza.com\/es\/2009\/08\/albax-un-proyecto-de-paz\/\",\"name\":\"ALBA: un proyecto de paz\",\"isPartOf\":{\"@id\":\"https:\/\/www.pressenza.com\/es\/#website\"},\"datePublished\":\"2009-08-11T00:00:00+00:00\",\"dateModified\":\"2009-08-11T09:50:02+00:00\",\"description\":\"En su discurso en el encuentro de Unasur, en Quito, Ch\u00e1vez dijo que el ALBA es una alianza, es un proyecto de paz, de justicia social, de uni\u00f3n solidaria, de democracia participativa con y para las mayor\u00edas de nuestros pa\u00edses y a la vez es un proyecto independentista guiado por liderazgos leg\u00edtimos de los humildes de hoy.\",\"breadcrumb\":{\"@id\":\"https:\/\/www.pressenza.com\/es\/2009\/08\/albax-un-proyecto-de-paz\/#breadcrumb\"},\"inLanguage\":\"es\",\"potentialAction\":[{\"@type\":\"ReadAction\",\"target\":[\"https:\/\/www.pressenza.com\/es\/2009\/08\/albax-un-proyecto-de-paz\/\"]}]},{\"@type\":\"BreadcrumbList\",\"@id\":\"https:\/\/www.pressenza.com\/es\/2009\/08\/albax-un-proyecto-de-paz\/#breadcrumb\",\"itemListElement\":[{\"@type\":\"ListItem\",\"position\":1,\"name\":\"Accueil\",\"item\":\"https:\/\/www.pressenza.com\/es\/\"},{\"@type\":\"ListItem\",\"position\":2,\"name\":\"ALBA: un proyecto de paz\"}]},{\"@type\":\"WebSite\",\"@id\":\"https:\/\/www.pressenza.com\/es\/#website\",\"url\":\"https:\/\/www.pressenza.com\/es\/\",\"name\":\"Pressenza\",\"description\":\"International Press Agency\",\"publisher\":{\"@id\":\"https:\/\/www.pressenza.com\/es\/#organization\"},\"potentialAction\":[{\"@type\":\"SearchAction\",\"target\":{\"@type\":\"EntryPoint\",\"urlTemplate\":\"https:\/\/www.pressenza.com\/es\/?s={search_term_string}\"},\"query-input\":{\"@type\":\"PropertyValueSpecification\",\"valueRequired\":true,\"valueName\":\"search_term_string\"}}],\"inLanguage\":\"es\"},{\"@type\":\"Organization\",\"@id\":\"https:\/\/www.pressenza.com\/es\/#organization\",\"name\":\"Pressenza\",\"url\":\"https:\/\/www.pressenza.com\/es\/\",\"logo\":{\"@type\":\"ImageObject\",\"inLanguage\":\"es\",\"@id\":\"https:\/\/www.pressenza.com\/es\/#\/schema\/logo\/image\/\",\"url\":\"https:\/\/www.pressenza.com\/wp-content\/uploads\/2022\/10\/pressenza_logo_200x200.jpg\",\"contentUrl\":\"https:\/\/www.pressenza.com\/wp-content\/uploads\/2022\/10\/pressenza_logo_200x200.jpg\",\"width\":200,\"height\":200,\"caption\":\"Pressenza\"},\"image\":{\"@id\":\"https:\/\/www.pressenza.com\/es\/#\/schema\/logo\/image\/\"},\"sameAs\":[\"https:\/\/www.facebook.com\/PressenzaItalia\",\"https:\/\/x.com\/PressenzaIPA\"]},{\"@type\":\"Person\",\"@id\":\"https:\/\/www.pressenza.com\/es\/#\/schema\/person\/010e5d02bcf40965427a1289a4cc8d75\",\"name\":\"Pressenza IPA\",\"description\":\"News from Pressenza IPA correspondents\",\"sameAs\":[\"https:\/\/www.facebook.com\/pressenza\",\"https:\/\/x.com\/PressenzaIPA\"],\"url\":\"https:\/\/www.pressenza.com\/es\/author\/pressenza-ipa\/\"}]}<\/script>\n<!-- \/ Yoast SEO plugin. -->","yoast_head_json":{"title":"ALBA: un proyecto de paz","description":"En su discurso en el encuentro de Unasur, en Quito, Ch\u00e1vez dijo que el ALBA es una alianza, es un proyecto de paz, de justicia social, de uni\u00f3n solidaria, de democracia participativa con y para las mayor\u00edas de nuestros pa\u00edses y a la vez es un proyecto independentista guiado por liderazgos leg\u00edtimos de los humildes de hoy.","robots":{"index":"index","follow":"follow","max-snippet":"max-snippet:-1","max-image-preview":"max-image-preview:large","max-video-preview":"max-video-preview:-1"},"canonical":"https:\/\/www.pressenza.com\/es\/2009\/08\/albax-un-proyecto-de-paz\/","og_locale":"es_ES","og_type":"article","og_title":"ALBA: un proyecto de paz","og_description":"En su discurso en el encuentro de Unasur, en Quito, Ch\u00e1vez dijo que el ALBA es una alianza, es un proyecto de paz, de justicia social, de uni\u00f3n solidaria, de democracia participativa con y para las mayor\u00edas de nuestros pa\u00edses y a la vez es un proyecto independentista guiado por liderazgos leg\u00edtimos de los humildes de hoy.","og_url":"https:\/\/www.pressenza.com\/es\/2009\/08\/albax-un-proyecto-de-paz\/","og_site_name":"Pressenza","article_publisher":"https:\/\/www.facebook.com\/PressenzaItalia","article_author":"https:\/\/www.facebook.com\/pressenza","article_published_time":"2009-08-11T00:00:00+00:00","article_modified_time":"2009-08-11T09:50:02+00:00","author":"Pressenza IPA","twitter_card":"summary_large_image","twitter_creator":"@PressenzaIPA","twitter_site":"@PressenzaIPA","twitter_misc":{"Escrito por":"Pressenza IPA","Tiempo de lectura":"8 minutos"},"schema":{"@context":"https:\/\/schema.org","@graph":[{"@type":"Article","@id":"https:\/\/www.pressenza.com\/es\/2009\/08\/albax-un-proyecto-de-paz\/#article","isPartOf":{"@id":"https:\/\/www.pressenza.com\/es\/2009\/08\/albax-un-proyecto-de-paz\/"},"author":{"name":"Pressenza IPA","@id":"https:\/\/www.pressenza.com\/es\/#\/schema\/person\/010e5d02bcf40965427a1289a4cc8d75"},"headline":"ALBA: un proyecto de paz","datePublished":"2009-08-11T00:00:00+00:00","dateModified":"2009-08-11T09:50:02+00:00","mainEntityOfPage":{"@id":"https:\/\/www.pressenza.com\/es\/2009\/08\/albax-un-proyecto-de-paz\/"},"wordCount":1647,"publisher":{"@id":"https:\/\/www.pressenza.com\/es\/#organization"},"articleSection":["Asuntos internacionales","Opiniones","Sudam\u00e9rica"],"inLanguage":"es"},{"@type":"WebPage","@id":"https:\/\/www.pressenza.com\/es\/2009\/08\/albax-un-proyecto-de-paz\/","url":"https:\/\/www.pressenza.com\/es\/2009\/08\/albax-un-proyecto-de-paz\/","name":"ALBA: un proyecto de paz","isPartOf":{"@id":"https:\/\/www.pressenza.com\/es\/#website"},"datePublished":"2009-08-11T00:00:00+00:00","dateModified":"2009-08-11T09:50:02+00:00","description":"En su discurso en el encuentro de Unasur, en Quito, Ch\u00e1vez dijo que el ALBA es una alianza, es un proyecto de paz, de justicia social, de uni\u00f3n solidaria, de democracia participativa con y para las mayor\u00edas de nuestros pa\u00edses y a la vez es un proyecto independentista guiado por liderazgos leg\u00edtimos de los humildes de hoy.","breadcrumb":{"@id":"https:\/\/www.pressenza.com\/es\/2009\/08\/albax-un-proyecto-de-paz\/#breadcrumb"},"inLanguage":"es","potentialAction":[{"@type":"ReadAction","target":["https:\/\/www.pressenza.com\/es\/2009\/08\/albax-un-proyecto-de-paz\/"]}]},{"@type":"BreadcrumbList","@id":"https:\/\/www.pressenza.com\/es\/2009\/08\/albax-un-proyecto-de-paz\/#breadcrumb","itemListElement":[{"@type":"ListItem","position":1,"name":"Accueil","item":"https:\/\/www.pressenza.com\/es\/"},{"@type":"ListItem","position":2,"name":"ALBA: un proyecto de paz"}]},{"@type":"WebSite","@id":"https:\/\/www.pressenza.com\/es\/#website","url":"https:\/\/www.pressenza.com\/es\/","name":"Pressenza","description":"International Press Agency","publisher":{"@id":"https:\/\/www.pressenza.com\/es\/#organization"},"potentialAction":[{"@type":"SearchAction","target":{"@type":"EntryPoint","urlTemplate":"https:\/\/www.pressenza.com\/es\/?s={search_term_string}"},"query-input":{"@type":"PropertyValueSpecification","valueRequired":true,"valueName":"search_term_string"}}],"inLanguage":"es"},{"@type":"Organization","@id":"https:\/\/www.pressenza.com\/es\/#organization","name":"Pressenza","url":"https:\/\/www.pressenza.com\/es\/","logo":{"@type":"ImageObject","inLanguage":"es","@id":"https:\/\/www.pressenza.com\/es\/#\/schema\/logo\/image\/","url":"https:\/\/www.pressenza.com\/wp-content\/uploads\/2022\/10\/pressenza_logo_200x200.jpg","contentUrl":"https:\/\/www.pressenza.com\/wp-content\/uploads\/2022\/10\/pressenza_logo_200x200.jpg","width":200,"height":200,"caption":"Pressenza"},"image":{"@id":"https:\/\/www.pressenza.com\/es\/#\/schema\/logo\/image\/"},"sameAs":["https:\/\/www.facebook.com\/PressenzaItalia","https:\/\/x.com\/PressenzaIPA"]},{"@type":"Person","@id":"https:\/\/www.pressenza.com\/es\/#\/schema\/person\/010e5d02bcf40965427a1289a4cc8d75","name":"Pressenza IPA","description":"News from Pressenza IPA correspondents","sameAs":["https:\/\/www.facebook.com\/pressenza","https:\/\/x.com\/PressenzaIPA"],"url":"https:\/\/www.pressenza.com\/es\/author\/pressenza-ipa\/"}]}},"place":"Quito","original_article_url":"","_links":{"self":[{"href":"https:\/\/www.pressenza.com\/es\/wp-json\/wp\/v2\/posts\/902","targetHints":{"allow":["GET"]}}],"collection":[{"href":"https:\/\/www.pressenza.com\/es\/wp-json\/wp\/v2\/posts"}],"about":[{"href":"https:\/\/www.pressenza.com\/es\/wp-json\/wp\/v2\/types\/post"}],"author":[{"embeddable":true,"href":"https:\/\/www.pressenza.com\/es\/wp-json\/wp\/v2\/users\/19"}],"replies":[{"embeddable":true,"href":"https:\/\/www.pressenza.com\/es\/wp-json\/wp\/v2\/comments?post=902"}],"version-history":[{"count":0,"href":"https:\/\/www.pressenza.com\/es\/wp-json\/wp\/v2\/posts\/902\/revisions"}],"wp:attachment":[{"href":"https:\/\/www.pressenza.com\/es\/wp-json\/wp\/v2\/media?parent=902"}],"wp:term":[{"taxonomy":"category","embeddable":true,"href":"https:\/\/www.pressenza.com\/es\/wp-json\/wp\/v2\/categories?post=902"},{"taxonomy":"post_tag","embeddable":true,"href":"https:\/\/www.pressenza.com\/es\/wp-json\/wp\/v2\/tags?post=902"}],"curies":[{"name":"wp","href":"https:\/\/api.w.org\/{rel}","templated":true}]}}