{"id":9013,"date":"2012-05-09T00:00:00","date_gmt":"2012-05-09T00:00:00","guid":{"rendered":""},"modified":"2012-05-10T09:11:17","modified_gmt":"2012-05-10T09:11:17","slug":"hoy-nueve-de-mayox-dia-funesto-para-aysen-y-para-chile","status":"publish","type":"post","link":"https:\/\/www.pressenza.com\/es\/2012\/05\/hoy-nueve-de-mayox-dia-funesto-para-aysen-y-para-chile\/","title":{"rendered":"Hoy nueve de mayo, d\u00eda funesto para ays\u00e9n y para chile"},"content":{"rendered":"<p>Ese d\u00eda lleg\u00f3 de nuevo a la patagonia la represi\u00f3n, la brutalidad policial, la violencia de piedras, la lucha de chilenos contra chilenos, situaci\u00f3n que me han aclarado, no se ve\u00eda desde la dictadura.<\/p>\n<p>Comparto con ustedes un texto de Peter Hartmann Director de Codeff Aysen:<\/p>\n<p>\u00abHoy 9 de mayo, se cumple un a\u00f1o desde que la Comisi\u00f3n Ambiental Regional de Ays\u00e9n diera su aprobaci\u00f3n, con un solo voto disidente, al estudio de evaluaci\u00f3n ambiental, EIA, del proyecto HidroAys\u00e9n. Un acto hist\u00f3rico en lo negativo para la regi\u00f3n, que fue precedido de innumerables irregularidades, presiones a los servicios p\u00fablicos revisores y hasta ilegalidades, en una tramitaci\u00f3n que tomo casi tres a\u00f1os y en la que ya durante el gobierno anterior el Intendente S. Carrasco le hab\u00eda dado un cuestionado pase, cuando un tercio de los servicios revisores lo hab\u00edan calificado con informaci\u00f3n insuficiente e ilegal. Si a Carrasco esa vez lo llam\u00f3 el ministro del interior P\u00e9rez Yoma, ese 9 de mayo, fue el ministro Hinzpeter quien paute\u00f3 p\u00fablicamente desde La Moneda la aprobaci\u00f3n.<\/p>\n<p>Esa aprobaci\u00f3n, sin lugar a dudas fue un acto pol\u00e9mico por parte de funcionarios de confianza del gobierno a quienes sus coterr\u00e1neos calificaron de traidores y \u201cvendepatrias\u201d \u00bfC\u00f3mo es que alguien nacido y criado en esta regi\u00f3n se pod\u00eda prestar para algo as\u00ed? Mientras, otros funcionarios, claramente cumpl\u00edan su rol en un Estado invasor. El que Ays\u00e9n para el Estado de Chile sea una colonia-despensa hacia la cual hist\u00f3ricamente ha mostrado desprecio por su integridad, ya lo sab\u00edamos desde la \u201cley de quema\u201d, el \u201cboom pesquero\u201d, la invasi\u00f3n salmonera salvaje, entre otros actos deplorables en los que siempre tuvo un papel por decir lo menos, impresentable.<\/p>\n<p>Ese 9 de mayo del 2011, sin embargo, la ciudadan\u00eda de Ays\u00e9n defendi\u00f3 de pi\u00e9 y con dignidad la integridad regional. Y en eso cont\u00f3 con la solidaridad de todo el pa\u00eds. As\u00ed, la Comisi\u00f3n se encontr\u00f3 con cientos de manifestantes enfervorizados en las puertas y el interior del Servicio de Evaluaci\u00f3n Ambiental. Manifestantes que a su vez se encontraron con un dispositivo de seguridad nunca antes visto en Coyhaique y el cual, a pesar de estar autorizados y en actitud no violenta, termin\u00f3 reprimi\u00e9ndolos al atardecer. As\u00ed Coyhaique conoci\u00f3 por primera vez las bombas lacrim\u00f3genas y un enfrentamiento con la fuerza p\u00fablica. Lo mismo ocurri\u00f3 en otros lugares del pa\u00eds con un saldo de cientos de detenidos.<\/p>\n<p>La indignaci\u00f3n consecuente, transform\u00f3 ese acto ignominioso en un despertar social y condujo a que tras m\u00e1s de veinte a\u00f1os de relativa calma, las y los chilenos nuevamente salieran por miles a las calles a protestar. Y as\u00ed, al poco tiempo 74% de los chilenos llegaron a repudiar las represas en la Patagonia, volviendo pol\u00edticamente inviable esos proyectos.<\/p>\n<p>A la movilizaci\u00f3n social se sumaron luego siete recursos de protecci\u00f3n y varias otras acciones judiciales, con lo que a un a\u00f1o de aquel entonces las represas de HidroAys\u00e9n siguen paralizadas esperando la resoluci\u00f3n del Concejo de Ministros, el que debe ver los reclamos y objeciones presentados y que impugnan la resoluci\u00f3n regional. Por cierto, cualesquiera sea la decisi\u00f3n de ese Consejo, llevar\u00e1 a nuevas acciones ante la justicia. Y si le dan el pase a HidroAys\u00e9n, tambi\u00e9n a nuevas manifestaciones y una nueva baja en las encuestas para el gobierno.<\/p>\n<p>A estas alturas, a m\u00e1s de seis a\u00f1os de anunciado el proyecto, a tres y medio de cuando se supon\u00eda ya se estar\u00eda construyendo y a uno de los acontecimientos ya descritos, HidroAys\u00e9n se ha convertido en s\u00edmbolo del oligopolio el\u00e9ctrico nacional, del monopolio del agua en especial en la segunda cuenca hidrogr\u00e1fica en tama\u00f1o del pa\u00eds, en falta de \u00e9tica y corrupci\u00f3n, en divisionismo en las comunidades, en ejemplo de irregularidades en servicios p\u00fablicos, en el no respeto a tratados internacionales.<br \/>\nTambi\u00e9n, en s\u00edmbolo de la frontera del desarrollo, aquel de la injusticia y falta de equidad, aquel en el cual pocos se quedan con mucho y muchos con las migajas. Y en s\u00edmbolo de las corporaciones transnacionales gobernando Chile a su antojo, para que as\u00ed unas pretendan destruir la Patagonia para que otras, las mineras, puedan contar con energ\u00eda para llevarse los minerales pr\u00e1cticamente gratis y a vista y paciencia de quienes nos gobiernan. A tanto, que actualmente el gobierno se dispone a hacer lo posible para facilitarles la l\u00ednea de alta tensi\u00f3n, enviando una a la medida al Parlamento e ideando una \u201ccarretera p\u00fablica el\u00e9ctrica\u201d justo donde la l\u00ednea de HidroAys\u00e9n contar\u00eda con mayor resistencia.<\/p>\n<p>Es por eso, que la campa\u00f1a Patagonia sin Represas tambi\u00e9n se ha constituido en un s\u00edmbolo, pero, de logros ciudadanos, de movilizaci\u00f3n y participaci\u00f3n social, de propuesta de pol\u00edtica y matriz energ\u00e9tica nacional, de mayor transparencia en las decisiones y legislaci\u00f3n el\u00e9ctrica y de la necesidad de recuperar el control sobre nuestros recursos, empezando por el elemento m\u00e1s vital, el agua.<\/p>\n<p>Y por \u00faltimo: \u00bfCu\u00e1l habr\u00e1 sido la \u201cgenial\u201d idea de votar la calificaci\u00f3n ambiental del megaproyecto de las represas geol\u00f3gicamente inviables en el R\u00edo Cuervo justo un d\u00eda antes del aniversario de la fechor\u00eda? \u00bfRe\u00edrse de las y los ayseninos? \u00bfDesafiarlos? \u00bfTropezar con la misma piedra? O, \u00a1Dios los ilumine! mostrar que en este a\u00f1o algo han aprendido\u00bb. <\/p>\n<p>Quisiera terminar esta carta expresando mi profunda preocupaci\u00f3n porque hubo un preacuerdo de la mesa Social firmado con el Subsecretario de Desarrollo regional, preacuerdo que NO se cumpli\u00f3.<br \/>\nEs grave tambi\u00e9n que nuestros voceros de la Mesa social en este momento no est\u00e1n en la regi\u00f3n.<\/p>\n<p>Hoy nos juntaremos a una velat\u00f3n, ayer estuvimos en la calle como les cont\u00e9 en los mensajes de ayer. Como mand\u00e9 algunas fotos, a algunos de ustedes no les lleg\u00f3 mi mail. Los invito a leer m\u00e1s informaci\u00f3n en:<br \/>\n[rompiendoelcercoinformativo](http:\/\/rompiendoelcercoinformativo.blogspot.com\/)<\/p>\n<p>Muchos cari\u00f1os a todas y todos,<br \/>\nMagdalena<br \/>\nEl d\u00eda no est\u00e1 tan helado, hay algo de sol.<\/p>\n","protected":false},"excerpt":{"rendered":"<p>Querida Familia, amig@s, compa\u00f1er@s:<br \/>\nHace un a\u00f1o escrib\u00ed que patagonia nunca m\u00e1s ser\u00e1 la misma, porque mientras un hermano votaba a favor de la instalaci\u00f3n de las represas de HidroAys\u00e9n, otro era apresado en la calle por rechazarlas.<br \/>\nA la patagonia lleg\u00f3 de nuevo la lucha de chilenos contra chilenos, ausente desde la dictadura<\/p>\n","protected":false},"author":788,"featured_media":0,"comment_status":"closed","ping_status":"open","sticky":false,"template":"","format":"standard","meta":{"footnotes":""},"categories":[74,67],"tags":[],"class_list":["post-9013","post","type-post","status-publish","format-standard","hentry","category-politica-es","category-sudamerica"],"yoast_head":"<!-- This site is optimized with the Yoast SEO plugin v27.1.1 - https:\/\/yoast.com\/product\/yoast-seo-wordpress\/ -->\n<title>Hoy nueve de mayo, d\u00eda funesto para ays\u00e9n y para chile<\/title>\n<meta name=\"description\" content=\"Querida Familia, amig@s, compa\u00f1er@s:   Hace un a\u00f1o escrib\u00ed que patagonia nunca m\u00e1s ser\u00e1 la misma, porque mientras un hermano votaba a favor de la instalaci\u00f3n de las represas de HidroAys\u00e9n, otro era apresado en la calle por rechazarlas.   A la patagonia lleg\u00f3 de nuevo la lucha de chilenos contra chilenos, ausente desde la dictadura\" \/>\n<meta name=\"robots\" content=\"index, follow, max-snippet:-1, max-image-preview:large, max-video-preview:-1\" \/>\n<link rel=\"canonical\" href=\"https:\/\/www.pressenza.com\/es\/2012\/05\/hoy-nueve-de-mayox-dia-funesto-para-aysen-y-para-chile\/\" \/>\n<meta property=\"og:locale\" content=\"es_ES\" \/>\n<meta property=\"og:type\" content=\"article\" \/>\n<meta property=\"og:title\" content=\"Hoy nueve de mayo, d\u00eda funesto para ays\u00e9n y para chile\" \/>\n<meta property=\"og:description\" content=\"Querida Familia, amig@s, compa\u00f1er@s:   Hace un a\u00f1o escrib\u00ed que patagonia nunca m\u00e1s ser\u00e1 la misma, porque mientras un hermano votaba a favor de la instalaci\u00f3n de las represas de HidroAys\u00e9n, otro era apresado en la calle por rechazarlas.   A la patagonia lleg\u00f3 de nuevo la lucha de chilenos contra chilenos, ausente desde la dictadura\" \/>\n<meta property=\"og:url\" content=\"https:\/\/www.pressenza.com\/es\/2012\/05\/hoy-nueve-de-mayox-dia-funesto-para-aysen-y-para-chile\/\" \/>\n<meta property=\"og:site_name\" content=\"Pressenza\" \/>\n<meta property=\"article:publisher\" content=\"https:\/\/www.facebook.com\/PressenzaItalia\" \/>\n<meta property=\"article:published_time\" content=\"2012-05-09T00:00:00+00:00\" \/>\n<meta property=\"article:modified_time\" content=\"2012-05-10T09:11:17+00:00\" \/>\n<meta name=\"author\" content=\"Magdalena Rosas Ossa\" \/>\n<meta name=\"twitter:card\" content=\"summary_large_image\" \/>\n<meta name=\"twitter:creator\" content=\"@PressenzaIPA\" \/>\n<meta name=\"twitter:site\" content=\"@PressenzaIPA\" \/>\n<meta name=\"twitter:label1\" content=\"Escrito por\" \/>\n\t<meta name=\"twitter:data1\" content=\"Magdalena  Rosas Ossa\" \/>\n\t<meta name=\"twitter:label2\" content=\"Tiempo de lectura\" \/>\n\t<meta name=\"twitter:data2\" content=\"5 minutos\" \/>\n<script type=\"application\/ld+json\" class=\"yoast-schema-graph\">{\"@context\":\"https:\/\/schema.org\",\"@graph\":[{\"@type\":\"Article\",\"@id\":\"https:\/\/www.pressenza.com\/es\/2012\/05\/hoy-nueve-de-mayox-dia-funesto-para-aysen-y-para-chile\/#article\",\"isPartOf\":{\"@id\":\"https:\/\/www.pressenza.com\/es\/2012\/05\/hoy-nueve-de-mayox-dia-funesto-para-aysen-y-para-chile\/\"},\"author\":{\"name\":\"Magdalena Rosas Ossa\",\"@id\":\"https:\/\/www.pressenza.com\/es\/#\/schema\/person\/6b4afd6e482fcd187973f7d825c0690f\"},\"headline\":\"Hoy nueve de mayo, d\u00eda funesto para ays\u00e9n y para chile\",\"datePublished\":\"2012-05-09T00:00:00+00:00\",\"dateModified\":\"2012-05-10T09:11:17+00:00\",\"mainEntityOfPage\":{\"@id\":\"https:\/\/www.pressenza.com\/es\/2012\/05\/hoy-nueve-de-mayox-dia-funesto-para-aysen-y-para-chile\/\"},\"wordCount\":1084,\"publisher\":{\"@id\":\"https:\/\/www.pressenza.com\/es\/#organization\"},\"articleSection\":[\"Pol\u00edtica\",\"Sudam\u00e9rica\"],\"inLanguage\":\"es\"},{\"@type\":\"WebPage\",\"@id\":\"https:\/\/www.pressenza.com\/es\/2012\/05\/hoy-nueve-de-mayox-dia-funesto-para-aysen-y-para-chile\/\",\"url\":\"https:\/\/www.pressenza.com\/es\/2012\/05\/hoy-nueve-de-mayox-dia-funesto-para-aysen-y-para-chile\/\",\"name\":\"Hoy nueve de mayo, d\u00eda funesto para ays\u00e9n y para chile\",\"isPartOf\":{\"@id\":\"https:\/\/www.pressenza.com\/es\/#website\"},\"datePublished\":\"2012-05-09T00:00:00+00:00\",\"dateModified\":\"2012-05-10T09:11:17+00:00\",\"description\":\"Querida Familia, amig@s, compa\u00f1er@s: Hace un a\u00f1o escrib\u00ed que patagonia nunca m\u00e1s ser\u00e1 la misma, porque mientras un hermano votaba a favor de la instalaci\u00f3n de las represas de HidroAys\u00e9n, otro era apresado en la calle por rechazarlas. A la patagonia lleg\u00f3 de nuevo la lucha de chilenos contra chilenos, ausente desde la dictadura\",\"breadcrumb\":{\"@id\":\"https:\/\/www.pressenza.com\/es\/2012\/05\/hoy-nueve-de-mayox-dia-funesto-para-aysen-y-para-chile\/#breadcrumb\"},\"inLanguage\":\"es\",\"potentialAction\":[{\"@type\":\"ReadAction\",\"target\":[\"https:\/\/www.pressenza.com\/es\/2012\/05\/hoy-nueve-de-mayox-dia-funesto-para-aysen-y-para-chile\/\"]}]},{\"@type\":\"BreadcrumbList\",\"@id\":\"https:\/\/www.pressenza.com\/es\/2012\/05\/hoy-nueve-de-mayox-dia-funesto-para-aysen-y-para-chile\/#breadcrumb\",\"itemListElement\":[{\"@type\":\"ListItem\",\"position\":1,\"name\":\"Accueil\",\"item\":\"https:\/\/www.pressenza.com\/es\/\"},{\"@type\":\"ListItem\",\"position\":2,\"name\":\"Hoy nueve de mayo, d\u00eda funesto para ays\u00e9n y para chile\"}]},{\"@type\":\"WebSite\",\"@id\":\"https:\/\/www.pressenza.com\/es\/#website\",\"url\":\"https:\/\/www.pressenza.com\/es\/\",\"name\":\"Pressenza\",\"description\":\"International Press Agency\",\"publisher\":{\"@id\":\"https:\/\/www.pressenza.com\/es\/#organization\"},\"potentialAction\":[{\"@type\":\"SearchAction\",\"target\":{\"@type\":\"EntryPoint\",\"urlTemplate\":\"https:\/\/www.pressenza.com\/es\/?s={search_term_string}\"},\"query-input\":{\"@type\":\"PropertyValueSpecification\",\"valueRequired\":true,\"valueName\":\"search_term_string\"}}],\"inLanguage\":\"es\"},{\"@type\":\"Organization\",\"@id\":\"https:\/\/www.pressenza.com\/es\/#organization\",\"name\":\"Pressenza\",\"url\":\"https:\/\/www.pressenza.com\/es\/\",\"logo\":{\"@type\":\"ImageObject\",\"inLanguage\":\"es\",\"@id\":\"https:\/\/www.pressenza.com\/es\/#\/schema\/logo\/image\/\",\"url\":\"https:\/\/www.pressenza.com\/wp-content\/uploads\/2022\/10\/pressenza_logo_200x200.jpg\",\"contentUrl\":\"https:\/\/www.pressenza.com\/wp-content\/uploads\/2022\/10\/pressenza_logo_200x200.jpg\",\"width\":200,\"height\":200,\"caption\":\"Pressenza\"},\"image\":{\"@id\":\"https:\/\/www.pressenza.com\/es\/#\/schema\/logo\/image\/\"},\"sameAs\":[\"https:\/\/www.facebook.com\/PressenzaItalia\",\"https:\/\/x.com\/PressenzaIPA\"]},{\"@type\":\"Person\",\"@id\":\"https:\/\/www.pressenza.com\/es\/#\/schema\/person\/6b4afd6e482fcd187973f7d825c0690f\",\"name\":\"Magdalena Rosas Ossa\",\"url\":\"https:\/\/www.pressenza.com\/es\/author\/magdalena-rosas-ossa\/\"}]}<\/script>\n<!-- \/ Yoast SEO plugin. -->","yoast_head_json":{"title":"Hoy nueve de mayo, d\u00eda funesto para ays\u00e9n y para chile","description":"Querida Familia, amig@s, compa\u00f1er@s:   Hace un a\u00f1o escrib\u00ed que patagonia nunca m\u00e1s ser\u00e1 la misma, porque mientras un hermano votaba a favor de la instalaci\u00f3n de las represas de HidroAys\u00e9n, otro era apresado en la calle por rechazarlas.   A la patagonia lleg\u00f3 de nuevo la lucha de chilenos contra chilenos, ausente desde la dictadura","robots":{"index":"index","follow":"follow","max-snippet":"max-snippet:-1","max-image-preview":"max-image-preview:large","max-video-preview":"max-video-preview:-1"},"canonical":"https:\/\/www.pressenza.com\/es\/2012\/05\/hoy-nueve-de-mayox-dia-funesto-para-aysen-y-para-chile\/","og_locale":"es_ES","og_type":"article","og_title":"Hoy nueve de mayo, d\u00eda funesto para ays\u00e9n y para chile","og_description":"Querida Familia, amig@s, compa\u00f1er@s:   Hace un a\u00f1o escrib\u00ed que patagonia nunca m\u00e1s ser\u00e1 la misma, porque mientras un hermano votaba a favor de la instalaci\u00f3n de las represas de HidroAys\u00e9n, otro era apresado en la calle por rechazarlas.   A la patagonia lleg\u00f3 de nuevo la lucha de chilenos contra chilenos, ausente desde la dictadura","og_url":"https:\/\/www.pressenza.com\/es\/2012\/05\/hoy-nueve-de-mayox-dia-funesto-para-aysen-y-para-chile\/","og_site_name":"Pressenza","article_publisher":"https:\/\/www.facebook.com\/PressenzaItalia","article_published_time":"2012-05-09T00:00:00+00:00","article_modified_time":"2012-05-10T09:11:17+00:00","author":"Magdalena Rosas Ossa","twitter_card":"summary_large_image","twitter_creator":"@PressenzaIPA","twitter_site":"@PressenzaIPA","twitter_misc":{"Escrito por":"Magdalena  Rosas Ossa","Tiempo de lectura":"5 minutos"},"schema":{"@context":"https:\/\/schema.org","@graph":[{"@type":"Article","@id":"https:\/\/www.pressenza.com\/es\/2012\/05\/hoy-nueve-de-mayox-dia-funesto-para-aysen-y-para-chile\/#article","isPartOf":{"@id":"https:\/\/www.pressenza.com\/es\/2012\/05\/hoy-nueve-de-mayox-dia-funesto-para-aysen-y-para-chile\/"},"author":{"name":"Magdalena Rosas Ossa","@id":"https:\/\/www.pressenza.com\/es\/#\/schema\/person\/6b4afd6e482fcd187973f7d825c0690f"},"headline":"Hoy nueve de mayo, d\u00eda funesto para ays\u00e9n y para chile","datePublished":"2012-05-09T00:00:00+00:00","dateModified":"2012-05-10T09:11:17+00:00","mainEntityOfPage":{"@id":"https:\/\/www.pressenza.com\/es\/2012\/05\/hoy-nueve-de-mayox-dia-funesto-para-aysen-y-para-chile\/"},"wordCount":1084,"publisher":{"@id":"https:\/\/www.pressenza.com\/es\/#organization"},"articleSection":["Pol\u00edtica","Sudam\u00e9rica"],"inLanguage":"es"},{"@type":"WebPage","@id":"https:\/\/www.pressenza.com\/es\/2012\/05\/hoy-nueve-de-mayox-dia-funesto-para-aysen-y-para-chile\/","url":"https:\/\/www.pressenza.com\/es\/2012\/05\/hoy-nueve-de-mayox-dia-funesto-para-aysen-y-para-chile\/","name":"Hoy nueve de mayo, d\u00eda funesto para ays\u00e9n y para chile","isPartOf":{"@id":"https:\/\/www.pressenza.com\/es\/#website"},"datePublished":"2012-05-09T00:00:00+00:00","dateModified":"2012-05-10T09:11:17+00:00","description":"Querida Familia, amig@s, compa\u00f1er@s: Hace un a\u00f1o escrib\u00ed que patagonia nunca m\u00e1s ser\u00e1 la misma, porque mientras un hermano votaba a favor de la instalaci\u00f3n de las represas de HidroAys\u00e9n, otro era apresado en la calle por rechazarlas. A la patagonia lleg\u00f3 de nuevo la lucha de chilenos contra chilenos, ausente desde la dictadura","breadcrumb":{"@id":"https:\/\/www.pressenza.com\/es\/2012\/05\/hoy-nueve-de-mayox-dia-funesto-para-aysen-y-para-chile\/#breadcrumb"},"inLanguage":"es","potentialAction":[{"@type":"ReadAction","target":["https:\/\/www.pressenza.com\/es\/2012\/05\/hoy-nueve-de-mayox-dia-funesto-para-aysen-y-para-chile\/"]}]},{"@type":"BreadcrumbList","@id":"https:\/\/www.pressenza.com\/es\/2012\/05\/hoy-nueve-de-mayox-dia-funesto-para-aysen-y-para-chile\/#breadcrumb","itemListElement":[{"@type":"ListItem","position":1,"name":"Accueil","item":"https:\/\/www.pressenza.com\/es\/"},{"@type":"ListItem","position":2,"name":"Hoy nueve de mayo, d\u00eda funesto para ays\u00e9n y para chile"}]},{"@type":"WebSite","@id":"https:\/\/www.pressenza.com\/es\/#website","url":"https:\/\/www.pressenza.com\/es\/","name":"Pressenza","description":"International Press Agency","publisher":{"@id":"https:\/\/www.pressenza.com\/es\/#organization"},"potentialAction":[{"@type":"SearchAction","target":{"@type":"EntryPoint","urlTemplate":"https:\/\/www.pressenza.com\/es\/?s={search_term_string}"},"query-input":{"@type":"PropertyValueSpecification","valueRequired":true,"valueName":"search_term_string"}}],"inLanguage":"es"},{"@type":"Organization","@id":"https:\/\/www.pressenza.com\/es\/#organization","name":"Pressenza","url":"https:\/\/www.pressenza.com\/es\/","logo":{"@type":"ImageObject","inLanguage":"es","@id":"https:\/\/www.pressenza.com\/es\/#\/schema\/logo\/image\/","url":"https:\/\/www.pressenza.com\/wp-content\/uploads\/2022\/10\/pressenza_logo_200x200.jpg","contentUrl":"https:\/\/www.pressenza.com\/wp-content\/uploads\/2022\/10\/pressenza_logo_200x200.jpg","width":200,"height":200,"caption":"Pressenza"},"image":{"@id":"https:\/\/www.pressenza.com\/es\/#\/schema\/logo\/image\/"},"sameAs":["https:\/\/www.facebook.com\/PressenzaItalia","https:\/\/x.com\/PressenzaIPA"]},{"@type":"Person","@id":"https:\/\/www.pressenza.com\/es\/#\/schema\/person\/6b4afd6e482fcd187973f7d825c0690f","name":"Magdalena Rosas Ossa","url":"https:\/\/www.pressenza.com\/es\/author\/magdalena-rosas-ossa\/"}]}},"place":"Coyhaique","original_article_url":"","_links":{"self":[{"href":"https:\/\/www.pressenza.com\/es\/wp-json\/wp\/v2\/posts\/9013","targetHints":{"allow":["GET"]}}],"collection":[{"href":"https:\/\/www.pressenza.com\/es\/wp-json\/wp\/v2\/posts"}],"about":[{"href":"https:\/\/www.pressenza.com\/es\/wp-json\/wp\/v2\/types\/post"}],"author":[{"embeddable":true,"href":"https:\/\/www.pressenza.com\/es\/wp-json\/wp\/v2\/users\/788"}],"replies":[{"embeddable":true,"href":"https:\/\/www.pressenza.com\/es\/wp-json\/wp\/v2\/comments?post=9013"}],"version-history":[{"count":0,"href":"https:\/\/www.pressenza.com\/es\/wp-json\/wp\/v2\/posts\/9013\/revisions"}],"wp:attachment":[{"href":"https:\/\/www.pressenza.com\/es\/wp-json\/wp\/v2\/media?parent=9013"}],"wp:term":[{"taxonomy":"category","embeddable":true,"href":"https:\/\/www.pressenza.com\/es\/wp-json\/wp\/v2\/categories?post=9013"},{"taxonomy":"post_tag","embeddable":true,"href":"https:\/\/www.pressenza.com\/es\/wp-json\/wp\/v2\/tags?post=9013"}],"curies":[{"name":"wp","href":"https:\/\/api.w.org\/{rel}","templated":true}]}}