{"id":898913,"date":"2019-08-06T22:56:34","date_gmt":"2019-08-06T21:56:34","guid":{"rendered":"https:\/\/www.pressenza.com\/?p=898913"},"modified":"2019-08-06T23:00:32","modified_gmt":"2019-08-06T22:00:32","slug":"entre-la-tierra-y-el-canto-documental-de-ana-lhomme","status":"publish","type":"post","link":"https:\/\/www.pressenza.com\/es\/2019\/08\/entre-la-tierra-y-el-canto-documental-de-ana-lhomme\/","title":{"rendered":"\u201cEntre la tierra y el canto\u201d, documental de Ana L\u2019Homme"},"content":{"rendered":"<p>Se presentar\u00e1 en SANFIC 15 (Santiago Festival Internacional de Cine) en la Secci\u00f3n de Competencia Talento Nacional, en el cine de Plaza Ega\u00f1a, en la sala 9, el d\u00eda 21 de agosto a las 22:00 horas. Tambi\u00e9n se presentar\u00e1 en Cine Hoytz de Parque Arauco, sala 9, el d\u00eda 23 de agosto a las 21:30 horas en la ciudad de Santiago.<\/p>\n<p>El documental, que obtuvo el premio de la Biznaga de Plata Mujeres en Escena al Mejor Documental en el festival de M\u00e1laga, trata sobre una poeta chilena campesina. A trav\u00e9s de esta cinta, conocemos el dur\u00edsimo d\u00eda a d\u00eda de las mujeres que trabajan la tierra: abandonos, machismo, alcohol\u2026 \u201cQuer\u00eda mostrar esa fuerza incre\u00edble que tenemos las mujeres frente a la adversidad\u201d, explica Ana. As\u00ed lleg\u00f3 a Mauricia Saavedra, su protagonista: una joven que vive con su compa\u00f1era Paola y que se reconcilia con la vida gracias a ese amor y a su voz, que usa para denunciar la opresi\u00f3n. \u201cSaca su fuerza de sus ra\u00edces y de su canto, que es un grito de libertad y de fe en que las cosas van para mejor. Para m\u00ed, es una Violeta Parra en potencia\u201d, dice la cineasta.<\/p>\n<p>Luego detalla la importancia de la canci\u00f3n: \u201cA trav\u00e9s del arte pueden expresarse las formas de opresi\u00f3n de una sociedad, pero tambi\u00e9n el futuro. Y el canto popular, a\u00fan el m\u00e1s tradicional, expresa ese inconformismo, ese grito de libertad\u201d. En la zona central de Chile ese canto se expresa en d\u00e9cimas y octos\u00edlabas, con rimas complejas (\u201ces una tradici\u00f3n que viene de los espa\u00f1oles\u201d). Mauricia, en su repertorio, habla de los personajes del campo. \u201cPero no se queda en la protesta, dice la directora. Paola le ense\u00f1\u00f3 a buscar una salida positiva, algo que cambie esa situaci\u00f3n de opresi\u00f3n o sufrimiento\u201d.<\/p>\n<p>Su pel\u00edcula comienza y acaba con j\u00f3venes campesinas y cuesta no preocuparse por ellas. \u201cLas zonas rurales son muy conservadoras. El hombre manda y la mujer est\u00e1 sometida a esa violencia, a las actitudes machistas, a un alcoholismo tremendo. Mauricia me habl\u00f3 de una mujer cantora que no pod\u00eda tener hijos. El marido, celoso, le prohib\u00eda cantar en fiestas y, cuando volv\u00eda borracho, la sacaba de debajo de la cama y la pon\u00eda entre las patas del caballo, que la pateaba. As\u00ed hab\u00eda perdido un hijo tras otro\u201d.<\/p>\n<p>A\u00fan as\u00ed, ve motivos para la esperanza. \u201c\u00bfQu\u00e9 pasar\u00eda si a estas personas discriminadas y traumatizadas por violaciones y abusos se les dieran herramientas para empoderarse?\u201d, se pregunta L\u2019Homme.<\/p>\n<p>Ac\u00e1 el teaser de la cinta que se exhibir\u00e1 el pr\u00f3ximo 21 de agosto: <a href=\"https:\/\/vimeo.com\/278225758\">https:\/\/vimeo.com\/278225758<\/a><\/p>\n","protected":false},"excerpt":{"rendered":"<p>Se presentar\u00e1 en SANFIC 15 (Santiago Festival Internacional de Cine) en la Secci\u00f3n de Competencia Talento Nacional, en el cine de Plaza Ega\u00f1a, en la sala 9, el d\u00eda 21 de agosto a las 22:00 horas. Tambi\u00e9n se presentar\u00e1 en&hellip;<\/p>\n","protected":false},"author":43,"featured_media":898915,"comment_status":"closed","ping_status":"closed","sticky":false,"template":"","format":"standard","meta":{"footnotes":""},"categories":[11389,75,67],"tags":[62269,62270,29,544,62268],"class_list":["post-898913","post","type-post","status-publish","format-standard","has-post-thumbnail","hentry","category-contenido-original","category-cultura-es","category-sudamerica","tag-entre-la-tierra-y-el-canto","tag-ana-lhomme-es","tag-chile","tag-documental","tag-mauricia-saavedra"],"yoast_head":"<!-- This site is optimized with the Yoast SEO plugin v27.1.1 - https:\/\/yoast.com\/product\/yoast-seo-wordpress\/ -->\n<title>\u201cEntre la tierra y el canto\u201d, documental de Ana L\u2019Homme<\/title>\n<meta name=\"description\" content=\"&quot;Entre la tierra y el canto&quot;, documental de Ana L&#039;Homme\" \/>\n<meta name=\"robots\" content=\"index, follow, max-snippet:-1, max-image-preview:large, max-video-preview:-1\" \/>\n<link rel=\"canonical\" href=\"https:\/\/www.pressenza.com\/es\/2019\/08\/entre-la-tierra-y-el-canto-documental-de-ana-lhomme\/\" \/>\n<meta property=\"og:locale\" content=\"es_ES\" \/>\n<meta property=\"og:type\" content=\"article\" \/>\n<meta property=\"og:title\" content=\"\u201cEntre la tierra y el canto\u201d, documental de Ana L\u2019Homme\" \/>\n<meta property=\"og:description\" content=\"&quot;Entre la tierra y el canto&quot;, documental de Ana L&#039;Homme\" \/>\n<meta property=\"og:url\" content=\"https:\/\/www.pressenza.com\/es\/2019\/08\/entre-la-tierra-y-el-canto-documental-de-ana-lhomme\/\" \/>\n<meta property=\"og:site_name\" content=\"Pressenza\" \/>\n<meta property=\"article:publisher\" content=\"https:\/\/www.facebook.com\/PressenzaItalia\" \/>\n<meta property=\"article:author\" content=\"https:\/\/www.facebook.com\/pressenza\" \/>\n<meta property=\"article:published_time\" content=\"2019-08-06T21:56:34+00:00\" \/>\n<meta property=\"article:modified_time\" content=\"2019-08-06T22:00:32+00:00\" \/>\n<meta property=\"og:image\" content=\"https:\/\/www.pressenza.com\/wp-content\/uploads\/2019\/08\/20190304131316_foto2.jpg\" \/>\n\t<meta property=\"og:image:width\" content=\"770\" \/>\n\t<meta property=\"og:image:height\" content=\"432\" \/>\n\t<meta property=\"og:image:type\" content=\"image\/jpeg\" \/>\n<meta name=\"author\" content=\"Redacci\u00f3n Chile\" \/>\n<meta name=\"twitter:card\" content=\"summary_large_image\" \/>\n<meta name=\"twitter:creator\" content=\"@pressenza\" \/>\n<meta name=\"twitter:site\" content=\"@PressenzaIPA\" \/>\n<meta name=\"twitter:label1\" content=\"Escrito por\" \/>\n\t<meta name=\"twitter:data1\" content=\"Redacci\u00f3n Chile\" \/>\n\t<meta name=\"twitter:label2\" content=\"Tiempo de lectura\" \/>\n\t<meta name=\"twitter:data2\" content=\"2 minutos\" \/>\n<script type=\"application\/ld+json\" class=\"yoast-schema-graph\">{\"@context\":\"https:\/\/schema.org\",\"@graph\":[{\"@type\":\"Article\",\"@id\":\"https:\/\/www.pressenza.com\/es\/2019\/08\/entre-la-tierra-y-el-canto-documental-de-ana-lhomme\/#article\",\"isPartOf\":{\"@id\":\"https:\/\/www.pressenza.com\/es\/2019\/08\/entre-la-tierra-y-el-canto-documental-de-ana-lhomme\/\"},\"author\":{\"name\":\"Redacci\u00f3n Chile\",\"@id\":\"https:\/\/www.pressenza.com\/es\/#\/schema\/person\/d7db40df35d6698ba69ba9ee260944ed\"},\"headline\":\"\u201cEntre la tierra y el canto\u201d, documental de Ana L\u2019Homme\",\"datePublished\":\"2019-08-06T21:56:34+00:00\",\"dateModified\":\"2019-08-06T22:00:32+00:00\",\"mainEntityOfPage\":{\"@id\":\"https:\/\/www.pressenza.com\/es\/2019\/08\/entre-la-tierra-y-el-canto-documental-de-ana-lhomme\/\"},\"wordCount\":474,\"publisher\":{\"@id\":\"https:\/\/www.pressenza.com\/es\/#organization\"},\"image\":{\"@id\":\"https:\/\/www.pressenza.com\/es\/2019\/08\/entre-la-tierra-y-el-canto-documental-de-ana-lhomme\/#primaryimage\"},\"thumbnailUrl\":\"https:\/\/www.pressenza.com\/wp-content\/uploads\/2019\/08\/20190304131316_foto2.jpg\",\"keywords\":[\"\\\"Entre la tierra y el canto\\\"\",\"Ana L'Homme\",\"Chile\",\"documental\",\"Mauricia Saavedra\"],\"articleSection\":[\"Contenido Original\",\"Cultura y Medios\",\"Sudam\u00e9rica\"],\"inLanguage\":\"es\"},{\"@type\":\"WebPage\",\"@id\":\"https:\/\/www.pressenza.com\/es\/2019\/08\/entre-la-tierra-y-el-canto-documental-de-ana-lhomme\/\",\"url\":\"https:\/\/www.pressenza.com\/es\/2019\/08\/entre-la-tierra-y-el-canto-documental-de-ana-lhomme\/\",\"name\":\"\u201cEntre la tierra y el canto\u201d, documental de Ana L\u2019Homme\",\"isPartOf\":{\"@id\":\"https:\/\/www.pressenza.com\/es\/#website\"},\"primaryImageOfPage\":{\"@id\":\"https:\/\/www.pressenza.com\/es\/2019\/08\/entre-la-tierra-y-el-canto-documental-de-ana-lhomme\/#primaryimage\"},\"image\":{\"@id\":\"https:\/\/www.pressenza.com\/es\/2019\/08\/entre-la-tierra-y-el-canto-documental-de-ana-lhomme\/#primaryimage\"},\"thumbnailUrl\":\"https:\/\/www.pressenza.com\/wp-content\/uploads\/2019\/08\/20190304131316_foto2.jpg\",\"datePublished\":\"2019-08-06T21:56:34+00:00\",\"dateModified\":\"2019-08-06T22:00:32+00:00\",\"description\":\"\\\"Entre la tierra y el canto\\\", documental de Ana L'Homme\",\"breadcrumb\":{\"@id\":\"https:\/\/www.pressenza.com\/es\/2019\/08\/entre-la-tierra-y-el-canto-documental-de-ana-lhomme\/#breadcrumb\"},\"inLanguage\":\"es\",\"potentialAction\":[{\"@type\":\"ReadAction\",\"target\":[\"https:\/\/www.pressenza.com\/es\/2019\/08\/entre-la-tierra-y-el-canto-documental-de-ana-lhomme\/\"]}]},{\"@type\":\"ImageObject\",\"inLanguage\":\"es\",\"@id\":\"https:\/\/www.pressenza.com\/es\/2019\/08\/entre-la-tierra-y-el-canto-documental-de-ana-lhomme\/#primaryimage\",\"url\":\"https:\/\/www.pressenza.com\/wp-content\/uploads\/2019\/08\/20190304131316_foto2.jpg\",\"contentUrl\":\"https:\/\/www.pressenza.com\/wp-content\/uploads\/2019\/08\/20190304131316_foto2.jpg\",\"width\":770,\"height\":432},{\"@type\":\"BreadcrumbList\",\"@id\":\"https:\/\/www.pressenza.com\/es\/2019\/08\/entre-la-tierra-y-el-canto-documental-de-ana-lhomme\/#breadcrumb\",\"itemListElement\":[{\"@type\":\"ListItem\",\"position\":1,\"name\":\"Accueil\",\"item\":\"https:\/\/www.pressenza.com\/es\/\"},{\"@type\":\"ListItem\",\"position\":2,\"name\":\"\u201cEntre la tierra y el canto\u201d, documental de Ana L\u2019Homme\"}]},{\"@type\":\"WebSite\",\"@id\":\"https:\/\/www.pressenza.com\/es\/#website\",\"url\":\"https:\/\/www.pressenza.com\/es\/\",\"name\":\"Pressenza\",\"description\":\"International Press Agency\",\"publisher\":{\"@id\":\"https:\/\/www.pressenza.com\/es\/#organization\"},\"potentialAction\":[{\"@type\":\"SearchAction\",\"target\":{\"@type\":\"EntryPoint\",\"urlTemplate\":\"https:\/\/www.pressenza.com\/es\/?s={search_term_string}\"},\"query-input\":{\"@type\":\"PropertyValueSpecification\",\"valueRequired\":true,\"valueName\":\"search_term_string\"}}],\"inLanguage\":\"es\"},{\"@type\":\"Organization\",\"@id\":\"https:\/\/www.pressenza.com\/es\/#organization\",\"name\":\"Pressenza\",\"url\":\"https:\/\/www.pressenza.com\/es\/\",\"logo\":{\"@type\":\"ImageObject\",\"inLanguage\":\"es\",\"@id\":\"https:\/\/www.pressenza.com\/es\/#\/schema\/logo\/image\/\",\"url\":\"https:\/\/www.pressenza.com\/wp-content\/uploads\/2022\/10\/pressenza_logo_200x200.jpg\",\"contentUrl\":\"https:\/\/www.pressenza.com\/wp-content\/uploads\/2022\/10\/pressenza_logo_200x200.jpg\",\"width\":200,\"height\":200,\"caption\":\"Pressenza\"},\"image\":{\"@id\":\"https:\/\/www.pressenza.com\/es\/#\/schema\/logo\/image\/\"},\"sameAs\":[\"https:\/\/www.facebook.com\/PressenzaItalia\",\"https:\/\/x.com\/PressenzaIPA\"]},{\"@type\":\"Person\",\"@id\":\"https:\/\/www.pressenza.com\/es\/#\/schema\/person\/d7db40df35d6698ba69ba9ee260944ed\",\"name\":\"Redacci\u00f3n Chile\",\"description\":\"News from the Pressenza Bureau in Chile\",\"sameAs\":[\"https:\/\/www.facebook.com\/pressenza\",\"https:\/\/x.com\/pressenza\"],\"url\":\"https:\/\/www.pressenza.com\/es\/author\/redaccion-chile\/\"}]}<\/script>\n<!-- \/ Yoast SEO plugin. -->","yoast_head_json":{"title":"\u201cEntre la tierra y el canto\u201d, documental de Ana L\u2019Homme","description":"\"Entre la tierra y el canto\", documental de Ana L'Homme","robots":{"index":"index","follow":"follow","max-snippet":"max-snippet:-1","max-image-preview":"max-image-preview:large","max-video-preview":"max-video-preview:-1"},"canonical":"https:\/\/www.pressenza.com\/es\/2019\/08\/entre-la-tierra-y-el-canto-documental-de-ana-lhomme\/","og_locale":"es_ES","og_type":"article","og_title":"\u201cEntre la tierra y el canto\u201d, documental de Ana L\u2019Homme","og_description":"\"Entre la tierra y el canto\", documental de Ana L'Homme","og_url":"https:\/\/www.pressenza.com\/es\/2019\/08\/entre-la-tierra-y-el-canto-documental-de-ana-lhomme\/","og_site_name":"Pressenza","article_publisher":"https:\/\/www.facebook.com\/PressenzaItalia","article_author":"https:\/\/www.facebook.com\/pressenza","article_published_time":"2019-08-06T21:56:34+00:00","article_modified_time":"2019-08-06T22:00:32+00:00","og_image":[{"width":770,"height":432,"url":"https:\/\/www.pressenza.com\/wp-content\/uploads\/2019\/08\/20190304131316_foto2.jpg","type":"image\/jpeg"}],"author":"Redacci\u00f3n Chile","twitter_card":"summary_large_image","twitter_creator":"@pressenza","twitter_site":"@PressenzaIPA","twitter_misc":{"Escrito por":"Redacci\u00f3n Chile","Tiempo de lectura":"2 minutos"},"schema":{"@context":"https:\/\/schema.org","@graph":[{"@type":"Article","@id":"https:\/\/www.pressenza.com\/es\/2019\/08\/entre-la-tierra-y-el-canto-documental-de-ana-lhomme\/#article","isPartOf":{"@id":"https:\/\/www.pressenza.com\/es\/2019\/08\/entre-la-tierra-y-el-canto-documental-de-ana-lhomme\/"},"author":{"name":"Redacci\u00f3n Chile","@id":"https:\/\/www.pressenza.com\/es\/#\/schema\/person\/d7db40df35d6698ba69ba9ee260944ed"},"headline":"\u201cEntre la tierra y el canto\u201d, documental de Ana L\u2019Homme","datePublished":"2019-08-06T21:56:34+00:00","dateModified":"2019-08-06T22:00:32+00:00","mainEntityOfPage":{"@id":"https:\/\/www.pressenza.com\/es\/2019\/08\/entre-la-tierra-y-el-canto-documental-de-ana-lhomme\/"},"wordCount":474,"publisher":{"@id":"https:\/\/www.pressenza.com\/es\/#organization"},"image":{"@id":"https:\/\/www.pressenza.com\/es\/2019\/08\/entre-la-tierra-y-el-canto-documental-de-ana-lhomme\/#primaryimage"},"thumbnailUrl":"https:\/\/www.pressenza.com\/wp-content\/uploads\/2019\/08\/20190304131316_foto2.jpg","keywords":["\"Entre la tierra y el canto\"","Ana L'Homme","Chile","documental","Mauricia Saavedra"],"articleSection":["Contenido Original","Cultura y Medios","Sudam\u00e9rica"],"inLanguage":"es"},{"@type":"WebPage","@id":"https:\/\/www.pressenza.com\/es\/2019\/08\/entre-la-tierra-y-el-canto-documental-de-ana-lhomme\/","url":"https:\/\/www.pressenza.com\/es\/2019\/08\/entre-la-tierra-y-el-canto-documental-de-ana-lhomme\/","name":"\u201cEntre la tierra y el canto\u201d, documental de Ana L\u2019Homme","isPartOf":{"@id":"https:\/\/www.pressenza.com\/es\/#website"},"primaryImageOfPage":{"@id":"https:\/\/www.pressenza.com\/es\/2019\/08\/entre-la-tierra-y-el-canto-documental-de-ana-lhomme\/#primaryimage"},"image":{"@id":"https:\/\/www.pressenza.com\/es\/2019\/08\/entre-la-tierra-y-el-canto-documental-de-ana-lhomme\/#primaryimage"},"thumbnailUrl":"https:\/\/www.pressenza.com\/wp-content\/uploads\/2019\/08\/20190304131316_foto2.jpg","datePublished":"2019-08-06T21:56:34+00:00","dateModified":"2019-08-06T22:00:32+00:00","description":"\"Entre la tierra y el canto\", documental de Ana L'Homme","breadcrumb":{"@id":"https:\/\/www.pressenza.com\/es\/2019\/08\/entre-la-tierra-y-el-canto-documental-de-ana-lhomme\/#breadcrumb"},"inLanguage":"es","potentialAction":[{"@type":"ReadAction","target":["https:\/\/www.pressenza.com\/es\/2019\/08\/entre-la-tierra-y-el-canto-documental-de-ana-lhomme\/"]}]},{"@type":"ImageObject","inLanguage":"es","@id":"https:\/\/www.pressenza.com\/es\/2019\/08\/entre-la-tierra-y-el-canto-documental-de-ana-lhomme\/#primaryimage","url":"https:\/\/www.pressenza.com\/wp-content\/uploads\/2019\/08\/20190304131316_foto2.jpg","contentUrl":"https:\/\/www.pressenza.com\/wp-content\/uploads\/2019\/08\/20190304131316_foto2.jpg","width":770,"height":432},{"@type":"BreadcrumbList","@id":"https:\/\/www.pressenza.com\/es\/2019\/08\/entre-la-tierra-y-el-canto-documental-de-ana-lhomme\/#breadcrumb","itemListElement":[{"@type":"ListItem","position":1,"name":"Accueil","item":"https:\/\/www.pressenza.com\/es\/"},{"@type":"ListItem","position":2,"name":"\u201cEntre la tierra y el canto\u201d, documental de Ana L\u2019Homme"}]},{"@type":"WebSite","@id":"https:\/\/www.pressenza.com\/es\/#website","url":"https:\/\/www.pressenza.com\/es\/","name":"Pressenza","description":"International Press Agency","publisher":{"@id":"https:\/\/www.pressenza.com\/es\/#organization"},"potentialAction":[{"@type":"SearchAction","target":{"@type":"EntryPoint","urlTemplate":"https:\/\/www.pressenza.com\/es\/?s={search_term_string}"},"query-input":{"@type":"PropertyValueSpecification","valueRequired":true,"valueName":"search_term_string"}}],"inLanguage":"es"},{"@type":"Organization","@id":"https:\/\/www.pressenza.com\/es\/#organization","name":"Pressenza","url":"https:\/\/www.pressenza.com\/es\/","logo":{"@type":"ImageObject","inLanguage":"es","@id":"https:\/\/www.pressenza.com\/es\/#\/schema\/logo\/image\/","url":"https:\/\/www.pressenza.com\/wp-content\/uploads\/2022\/10\/pressenza_logo_200x200.jpg","contentUrl":"https:\/\/www.pressenza.com\/wp-content\/uploads\/2022\/10\/pressenza_logo_200x200.jpg","width":200,"height":200,"caption":"Pressenza"},"image":{"@id":"https:\/\/www.pressenza.com\/es\/#\/schema\/logo\/image\/"},"sameAs":["https:\/\/www.facebook.com\/PressenzaItalia","https:\/\/x.com\/PressenzaIPA"]},{"@type":"Person","@id":"https:\/\/www.pressenza.com\/es\/#\/schema\/person\/d7db40df35d6698ba69ba9ee260944ed","name":"Redacci\u00f3n Chile","description":"News from the Pressenza Bureau in Chile","sameAs":["https:\/\/www.facebook.com\/pressenza","https:\/\/x.com\/pressenza"],"url":"https:\/\/www.pressenza.com\/es\/author\/redaccion-chile\/"}]}},"place":"Santiago de Chile","original_article_url":"","_links":{"self":[{"href":"https:\/\/www.pressenza.com\/es\/wp-json\/wp\/v2\/posts\/898913","targetHints":{"allow":["GET"]}}],"collection":[{"href":"https:\/\/www.pressenza.com\/es\/wp-json\/wp\/v2\/posts"}],"about":[{"href":"https:\/\/www.pressenza.com\/es\/wp-json\/wp\/v2\/types\/post"}],"author":[{"embeddable":true,"href":"https:\/\/www.pressenza.com\/es\/wp-json\/wp\/v2\/users\/43"}],"replies":[{"embeddable":true,"href":"https:\/\/www.pressenza.com\/es\/wp-json\/wp\/v2\/comments?post=898913"}],"version-history":[{"count":0,"href":"https:\/\/www.pressenza.com\/es\/wp-json\/wp\/v2\/posts\/898913\/revisions"}],"wp:featuredmedia":[{"embeddable":true,"href":"https:\/\/www.pressenza.com\/es\/wp-json\/wp\/v2\/media\/898915"}],"wp:attachment":[{"href":"https:\/\/www.pressenza.com\/es\/wp-json\/wp\/v2\/media?parent=898913"}],"wp:term":[{"taxonomy":"category","embeddable":true,"href":"https:\/\/www.pressenza.com\/es\/wp-json\/wp\/v2\/categories?post=898913"},{"taxonomy":"post_tag","embeddable":true,"href":"https:\/\/www.pressenza.com\/es\/wp-json\/wp\/v2\/tags?post=898913"}],"curies":[{"name":"wp","href":"https:\/\/api.w.org\/{rel}","templated":true}]}}