{"id":898242,"date":"2019-08-05T20:39:41","date_gmt":"2019-08-05T19:39:41","guid":{"rendered":"https:\/\/www.pressenza.com\/?p=898242"},"modified":"2019-08-05T20:39:41","modified_gmt":"2019-08-05T19:39:41","slug":"oscuros-acuerdos-militares-entre-chile-y-estados-unidos","status":"publish","type":"post","link":"https:\/\/www.pressenza.com\/es\/2019\/08\/oscuros-acuerdos-militares-entre-chile-y-estados-unidos\/","title":{"rendered":"Oscuros acuerdos militares entre Chile y Estados Unidos"},"content":{"rendered":"<p>Aunque no se not\u00f3, por estos d\u00edas Chile fue la meca de la guerra en la regi\u00f3n. Barcos norteamericanos surcaron las costas para la operaci\u00f3n Unitas n\u00famero 60 y fuerzas especiales de 20 pa\u00edses se juntaron ac\u00e1 para entrenar y competir. Es verdad que esto no es nuevo y se hace de distintas maneras por lo menos desde 1952, cuando Chile y Estados Unidos firmaron un Convenio de Ayuda Militar, pero durante los \u00faltimos a\u00f1os Chile ha adquirido un rol cada vez m\u00e1s importante, liderando todo tipo de ejercicios militares con sus cong\u00e9neres estadounidenses, desde maniobras de rescate de submarinos a ejercicios conjuntos de fuerzas navales y terrestres.<\/p>\n<p>El asunto no para all\u00ed.<\/p>\n<p>Se ha comenzado a implementar una serie de intercambios militares de informaci\u00f3n, de cient\u00edficos y de ingenieros, que han escalado -al parecer de forma ilegal- hasta desarrollar mejoras de armamentos y prototipos de equipos de uso militar, amparados en un acuerdo que a\u00fan no ha sido ratificado por el Congreso.<\/p>\n<p>Otro acuerdo, que nunca pas\u00f3 por la C\u00e1mara, pero que habr\u00eda entrado en vigencia en enero de este a\u00f1o, llega al extremo de autorizar -por decreto ministerial- la transferencia de personal de defensa chileno al Ej\u00e9rcito estadounidense \u201ccon la finalidad de satisfacer los requerimientos operacionales\u201d de la fuerza militar de ese pa\u00eds.<\/p>\n<p>Actividades y acuerdos que se mantienen fuera de la discusi\u00f3n p\u00fablica e incluso de la parlamentaria, a pesar de las graves implicancias que podr\u00edan tener para la soberan\u00eda y las relaciones internacionales de Chile.<\/p>\n<p><strong>No hay acuerdo sobre los acuerdos<\/strong><\/p>\n<p>Los actuales proyectos militares conjuntos entre Estados Unidos y Chile, presentados como de simple intercambios de informaci\u00f3n, o de cient\u00edficos e ingenieros, datan desde hace varios a\u00f1os y se estar\u00edan llevando a cabo bajo el alero de dos antiguos acuerdos: uno de 2007, referido al Intercambio de Informaci\u00f3n sobre Investigaci\u00f3n y Desarrollo y el otro, firmado en abril de 2008, bajo la administraci\u00f3n de Bachelet, referido al Intercambio de Cient\u00edficos e Ingenieros.<\/p>\n<p>Un nuevo pacto llamado \u201cAcuerdo entre el gobierno de la Rep\u00fablica de Chile y el gobierno de los Estados Unidos de Am\u00e9rica para la Investigaci\u00f3n, Desarrollo, Prueba y Evaluaci\u00f3n de proyectos en materia de defensa\u201d fue firmado en Trinidad Tobago en 2016, pero a\u00fan no ha sido ratificado por el Congreso. \u00c9ste propone \u201cuna relaci\u00f3n m\u00e1s estrecha y fluida entre las partes, de manera de fomentar, facilitar y desarrollar la cooperaci\u00f3n cient\u00edfica y tecnol\u00f3gica en el sector de la defensa\u201d.<\/p>\n<p>Desde agosto del a\u00f1o pasado el gobierno de Sebasti\u00e1n Pi\u00f1era est\u00e1 empecinado -sin \u00e9xito- en que el Congreso ratifique este nuevo pacto, que llevar\u00eda la relaci\u00f3n entre las fuerzas armadas chilenas y las norteamericanas a niveles superiores de acciones conjuntas, para algunos peligrosas e inconvenientes.<\/p>\n<p>Si bien hubo fuertes cr\u00edticas la \u00fanica vez que se ha discutido en el plenario de la C\u00e1mara de Diputados, el 9 de enero del 2019, el convenio pas\u00f3 soplado por dos comisiones de la C\u00e1mara Baja: la de Relaciones Exteriores, Asuntos Interparlamentarios e Integraci\u00f3n Latinoamericana, y la de Defensa. En ambas comisiones logr\u00f3 ser aprobado, con s\u00f3lo dos votos en contra, de los frenteamplistas Jorge Brito y Pablo Vidal y con el voto aprobatorio de la derecha y todos los diputados de la ex-Nueva Mayor\u00eda (excepto la abstenci\u00f3n de Guillermo Tellier).<\/p>\n<p><strong>Poca transparencia<\/strong><\/p>\n<p>Seg\u00fan dijo en la C\u00e1mara el ministro de Defensa Alberto Espina, este \u00faltimo acuerdo \u201ctuvo su origen en un Memor\u00e1ndum de Entendimiento que data del a\u00f1o 1996\u201d y que condujo a los acuerdos de Intercambio de Informaci\u00f3n de 2007, el de Cient\u00edficos e Ingenieros de 2008 y al de Investigaci\u00f3n, Desarrollo, Prueba y<\/p>\n<p>Evaluaci\u00f3n firmado de 2016, que est\u00e1 siendo actualmente revisado en el Congreso.<\/p>\n<p><a href=\"https:\/\/www.pressenza.com\/wp-content\/uploads\/2019\/08\/Espina.jpg\"><img loading=\"lazy\" decoding=\"async\" class=\"aligncenter size-full wp-image-898243\" src=\"https:\/\/www.pressenza.com\/wp-content\/uploads\/2019\/08\/Espina.jpg\" alt=\"\" width=\"2048\" height=\"1365\" srcset=\"https:\/\/www.pressenza.com\/wp-content\/uploads\/2019\/08\/Espina.jpg 2048w, https:\/\/www.pressenza.com\/wp-content\/uploads\/2019\/08\/Espina-300x200.jpg 300w, https:\/\/www.pressenza.com\/wp-content\/uploads\/2019\/08\/Espina-768x512.jpg 768w, https:\/\/www.pressenza.com\/wp-content\/uploads\/2019\/08\/Espina-720x480.jpg 720w\" sizes=\"auto, (max-width: 2048px) 100vw, 2048px\" \/><\/a><\/p>\n<p>\u201cMe gustar\u00eda poder contarles m\u00e1s a ciencia cierta qu\u00e9 implicancias tiene este Tratado, pero la verdad que ni siquiera nosotros sabemos, porque no nos han podido decir\u201d, comenta a The Clinic el diputado Jorge Brito, presidente de la Comisi\u00f3n de Defensa de la C\u00e1mara.<\/p>\n<p>No es que no se haya entregado ning\u00fan tipo de informaci\u00f3n. Un vistoso y aparentemente detallado PPT presentado ante la comisi\u00f3n que lidera Brito por el subsecretario de Defensa (y ex vicealmirante de la Armada), Cristi\u00e1n de la Maza, mostraba informaci\u00f3n sobre la g\u00e9nesis del acuerdo que se est\u00e1 tratando de ratificar, sobre el personal militar chileno y estadounidense que ha participado en una serie de proyectos al alero de los tratados anteriores e incluso las materias de los intercambios.<\/p>\n<p>El diputado Brito se\u00f1ala, sin embargo, que aunque se entreg\u00f3 esta informaci\u00f3n, y es p\u00fablico lo principal del Tratado, esto no ser\u00eda suficiente:<\/p>\n<p>-El tratado hace referencia a documentos que s\u00ed son reservados. Ustedes, al leer el Tratado no notar\u00e1n qu\u00e9 acciones se har\u00e1n en conjunto, no pueden saber si estas acciones tienen lugar en territorio nacional o en Estados Unidos. No dice si esas acciones se limitar\u00e1n a la Ant\u00e1rtida, particularmente, que creo es donde Estados Unidos est\u00e1 teniendo mayor inter\u00e9s, y no dice tampoco cu\u00e1ntos recursos le va a costar al Estado de Chile suscribir este Tratado.<\/p>\n<p>Esta falta de transparencia est\u00e1 afectando tambi\u00e9n a la prensa. En una respuesta ins\u00f3lita a una petici\u00f3n por Ley de Transparencia presentada a la Subsecretar\u00eda de Defensa, en que The Clinic ped\u00eda informaci\u00f3n sobre el texto de los acuerdos anteriores y detalles de las personas y objetivos de los diez proyectos que el subsecretario present\u00f3 en la C\u00e1mara como \u201clogros alcanzados\u201d, la respuesta fue limitarse a remitir el texto de los antiguos acuerdos y se\u00f1alar que: \u201cNo hay proyectos en virtud de los acuerdos que se acompa\u00f1an\u201d, a pesar de la tabla presentada (y reproducida junto a este art\u00edculo) especifica diez \u00e1reas de trabajo conjunto en virtud del Acuerdo de intercambio de Informaci\u00f3n (IEA, Information Exchange Agreements) y 11 cient\u00edficos e ingenieros (cinco chilenos y seis estadounidenses) como parte del intercambio de ingenieros y cient\u00edficos (ESEP, Engineer and Scientist Exchange Program). Como puede verse en el gr\u00e1fico, bajo Investigaci\u00f3n, Desarrollo, Prueba y Evaluaci\u00f3n (RDT&amp;E, Research, Development Testing and Evaluation), no aparece nada.<\/p>\n<p>Sin embargo, los actuales proyectos estar\u00edan yendo mucho m\u00e1s all\u00e1 de un simple intercambio de informaci\u00f3n y de ingenieros y de cient\u00edficos. Estar\u00edan implement\u00e1ndose ya verdaderos proyectos de investigaci\u00f3n y desarrollo conjunto de armas y otros sofisticados equipos militares, asunto expresamente prohibido en los tratados vigentes, y con graves implicancias en t\u00e9rminos pol\u00edticos y de soberan\u00eda, seg\u00fan afirma el diputado Brito: \u201cEl gobierno no debiera poder realizar proyectos que requieren la aprobaci\u00f3n del Congreso, sin antes tenerla. El Estado de derecho implica que el Congreso tiene que ratificar estos tratados. Si el Congreso no lo ha ratificado, no entiendo por qu\u00e9 ya est\u00e1 en implementaci\u00f3n. No puede ser que el gobierno escuche m\u00e1s al gobierno estadounidense que a su propio Congreso Nacional, donde debiera estar manifestada la libertad soberana de Chile\u201d.<\/p>\n<p>Si bien para el diputado Brito la implementaci\u00f3n de los proyectos sin autorizaci\u00f3n del Congreso es claramente ilegal, otros diputados, tambi\u00e9n cr\u00edticos al Acuerdo, no est\u00e1n tan seguros.\u201cPueden estar amparados en otros convenios, no lo s\u00e9. Si se est\u00e1n implementando convenios en virtud de este Tratado, que no ha sido aprobado, es un acto ilegal, derechamente\u201d, dijo el diputado (PS) Marcelo D\u00edaz.<\/p>\n<p><strong>Gato por liebre<\/strong><\/p>\n<p>Los antecedentes recabados por The Clinic, a pesar de la negativa de Defensa a entregarlos, apuntan al desarrollo y prueba de equipos militares y\/o tecnolog\u00edas aplicadas para esos fines, y no a un simple intercambio de informaci\u00f3n, ni simple intercambio de cient\u00edficos e ingenieros, que es lo \u00fanico que permiten los tratados vigentes.<\/p>\n<p>Lo que se est\u00e1 llevando a cabo, al alero de los acuerdos anteriores, estar\u00eda expl\u00edcitamente prohibido al se\u00f1alarse en el Acuerdo sobre Intercambio de Informaci\u00f3n del 2007 que: \u201cNo se intercambiar\u00e1 informaci\u00f3n sobre producci\u00f3n al amparo del presente acuerdo\u201d y en el otro, el de Intercambio de Cient\u00edficos e Ingenieros del 2008, se se\u00f1ala, en su art\u00edculo 2 que: \u201cEste programa e intercambio (\u2026 ) no se utilizar\u00e1 como un mecanismo para obtener informaci\u00f3n relacionada con el dise\u00f1o, desarrollo y fabricaci\u00f3n de sistemas militares\u201d.<\/p>\n<p>Pero entre los proyectos conjuntos que hemos logrado identificar -menos de los que se estar\u00edan ejecutando- hemos constatado que por lo menos un par claramente es de desarrollo, prueba y evaluaci\u00f3n de equipo b\u00e9lico, y lo est\u00e1n llevando a cabo las fuerzas armadas chilenas con sus contrapartes militares de EE.UU. (con el apoyo tambi\u00e9n de universidades y entidades privadas chilenas).<\/p>\n<p>Dicha informaci\u00f3n la hemos rastreado a partir de fuentes norteamericanas p\u00fablicas, la mayor\u00eda sitios militares y diplom\u00e1ticos.<\/p>\n<p><strong>Mejorando tanques<\/strong><\/p>\n<p>A comienzos del a\u00f1o 2017, Di\u00e1logo, publicaci\u00f3n del Southcom, Comando Sur del Ej\u00e9rcito Norteamericano, (comando conjunto de las Fuerzas Armadas para Am\u00e9rica Latina y el Caribe con base en Miami) public\u00f3 una entrevista al brigadier general Anthony Potts, segundo a bordo del Rdecom (Comando de Investigaci\u00f3n, Desarrollo e Ingenier\u00eda del Ej\u00e9rcito de Estados Unidos), quien reci\u00e9n hab\u00eda visitado las instalaciones del Instituto Geogr\u00e1fico Militar en Santiago.<\/p>\n<p>En la entrevista, Potts, al evaluar el nivel de los militares chilenos en cuanto a ciencia, investigaci\u00f3n y desarrollo, declar\u00f3 estar muy impresionado con un \u201cgran socio\u201d, de \u201cgran capacidad\u201d y entreg\u00f3 detalles de un proyecto que ya en esa \u00e9poca se llevaba a cabo para mejorar la operaci\u00f3n de tanques de su pa\u00eds.<\/p>\n<p><a href=\"https:\/\/www.pressenza.com\/wp-content\/uploads\/2019\/08\/LogoComandos.jpg\"><img loading=\"lazy\" decoding=\"async\" class=\"aligncenter size-full wp-image-898252\" src=\"https:\/\/www.pressenza.com\/wp-content\/uploads\/2019\/08\/LogoComandos.jpg\" alt=\"\" width=\"2045\" height=\"2048\" srcset=\"https:\/\/www.pressenza.com\/wp-content\/uploads\/2019\/08\/LogoComandos.jpg 2045w, https:\/\/www.pressenza.com\/wp-content\/uploads\/2019\/08\/LogoComandos-150x150.jpg 150w, https:\/\/www.pressenza.com\/wp-content\/uploads\/2019\/08\/LogoComandos-300x300.jpg 300w, https:\/\/www.pressenza.com\/wp-content\/uploads\/2019\/08\/LogoComandos-768x769.jpg 768w, https:\/\/www.pressenza.com\/wp-content\/uploads\/2019\/08\/LogoComandos-720x721.jpg 720w\" sizes=\"auto, (max-width: 2045px) 100vw, 2045px\" \/><\/a><\/p>\n<p>\u201cEn espec\u00edfico, tenemos una asociaci\u00f3n con ellos (militares chilenos) relacionada a la intrusi\u00f3n en sus tanques de la arena de los desiertos de la parte norte de Chile. Es de gran inter\u00e9s para nosotros asociarnos en esta iniciativa, porque tenemos algunas de las mismas condiciones con nuestros veh\u00edculos blindados. Pero, sencillamente, no tenemos el mismo tipo de polvo muy fino que se introduce, arena que parece polvo de talco\u201d, relat\u00f3 el brigadier general a la publicaci\u00f3n de las fuerzas armadas estadounidenses.<\/p>\n<p>En el mismo art\u00edculo, se\u00f1al\u00f3 tambi\u00e9n el trabajo conjunto que se realizaba en un centro de investigaci\u00f3n y desarrollo del pa\u00eds del norte para resolver este problema muy concreto para Chile y eventualmente para Estados Unidos. \u201cEst\u00e1n mandando una persona a Detroit, Michigan, para el ESEP (Programa de Intercambio de Ingenieros y Cient\u00edficos), para que trabaje con nuestro Tardec (Centro de Investigaci\u00f3n, Desarrollo e Ingenier\u00eda para Tanques y Veh\u00edculos) y juntos vamos a resolver, colectivamente, c\u00f3mo ayudar a nuestras flotas de veh\u00edculos blindados en este tipo de condiciones\u201d, explic\u00f3.<\/p>\n<p>Casi dos a\u00f1os despu\u00e9s, en noviembre el 2018, la versi\u00f3n digital de la revista espa\u00f1ola Defensa, dio cuenta de la visita de uno de los directivos del centro Tardec (Centro de Investigaci\u00f3n, Desarrollo e Ingenier\u00eda para Tanques y Veh\u00edculos, que ya el Comando Sur el a\u00f1o anterior hab\u00eda anunciado como destino de personal chileno) a diversas instalaciones militares en Santiago, Talagante, Pozo Almonte e Iquique, visita enmarcada, seg\u00fan la nota, en el Acuerdo de Ciencia y Tecnolog\u00eda suscrito entre Chile y EEUU (RDT&amp;E, Investigaci\u00f3n, Desarrollo, Prueba y Evaluaci\u00f3n), el mismo que a\u00fan no ha sido ratificado por el Congreso chileno.<\/p>\n<p>En aquella entrevista el militar estadounidense reconoci\u00f3, aunque sin entregar detalles, la existencia de un proyecto de procesamiento de se\u00f1ales para el reconocimiento de voz que se estar\u00eda llevando a cabo entre la Marina y los ej\u00e9rcitos de Chile y de EE.UU., en conjunto con universidades chilenas, proyecto que pudimos rastrear investigando a una empresa citada por otro alto militar estadounidense.<\/p>\n<p>Fue en agosto de 2018 cuando el exgeneral y entonces ministro de Defensa del gobierno de Trump, James Mattis, alababa la tierra de Pablo Neruda y de Gabriela Mistral, adem\u00e1s de sus Fuerzas Armadas, por supuesto, frente a altas autoridades chilenas con las cuales reci\u00e9n hab\u00eda acordado cooperar en ciberseguridad. En ese discurso, pronunciado en La Moneda y reproducido por una p\u00e1gina del Pent\u00e1gono, el alto funcionario mencion\u00f3 el liderazgo chileno en operaciones militares regionales e indic\u00f3 que tambi\u00e9n \u201capoyaban una colaboraci\u00f3n m\u00e1s profunda en ciencia y tecnolog\u00eda\u201d y mencionaba a una \u201cinstituci\u00f3n innovadora\u201d en ese \u00e1mbito: Innervycs.<\/p>\n<p><strong>Pruebas en la Ant\u00e1rtida<\/strong><\/p>\n<p>Revisando la p\u00e1gina de Innervycs, a primera vista solo destaca un centro de talentosos j\u00f3venes emprendedores en el Cerro Alegre de Valpara\u00edso, la mayor\u00eda exalumnos de la Pontificia Universidad Cat\u00f3lica de Valpara\u00edso (PUCV). Pero, al indagar con mayor detenimiento, aparecen mencionados diversos proyectos que est\u00e1n desarrollando con fondos del Departamento de Defensa de Estados Unidos y por lo menos uno, en alianza con universidades chilenas, en este caso con la Universidad de Chile, y que al parecer es el proyecto de procesamiento de se\u00f1ales reconocido por el brigadier general Potts en su visita de 2017.<\/p>\n<p>Lo dice una nota, sin fecha, sobre la innovadora empresa, en la secci\u00f3n exalumnos del sitio web de la PUCV: \u201cSu principal financista es el Departamento de Defensa de Estados Unidos, con quien ha impulsado ya varios proyectos. Uno de ellos fue financiado por la Oficina de Investigaci\u00f3n Naval en cooperaci\u00f3n con la Universidad de Chile, el cual involucra la construcci\u00f3n de un cuadric\u00f3ptero controlado por un sistema de comando por voz\u201d.<\/p>\n<p>Curiosamente, hace m\u00e1s de medio siglo, el a\u00f1o 1965, cuando la opini\u00f3n p\u00fablica chilena supo de un programa de investigaci\u00f3n financiado por el Ej\u00e9rcito de Estados Unidos a trav\u00e9s de la Universidad de Chile, se arm\u00f3 tal esc\u00e1ndalo que el proyecto, conocido como Camelot, tuvo que ser suspendido por el gobierno norteamericano.<\/p>\n<p>La nota menciona adem\u00e1s otros proyectos llevados a cabo por Innervycs: \u201cTambi\u00e9n el Ej\u00e9rcito de Estados Unidos financi\u00f3 un proyecto relacionado con el camuflaje, basado en el desarrollo de un software que simula una funci\u00f3n del ojo humano que recibe distintos patrones de camuflaje del entorno, hace una evaluaci\u00f3n y entrega un determinado resultado, el que se traduce en un patr\u00f3n a utilizar por la instituci\u00f3n\u201d.<\/p>\n<p>Adem\u00e1s se habla en la p\u00e1gina de la PUCV de la existencia de otro proyecto, cuya existencia y antig\u00fcedad constatamos en la p\u00e1gina de la empresa de Valpara\u00edso, que muestra tambi\u00e9n fotos y videos. Se trata de un sofisticado veh\u00edculo para zonas polares que -pese a no haberse ratificado el acuerdo de investigaci\u00f3n y prueba- habr\u00eda comenzado a ser desarrollado y probado hace ya varios a\u00f1os.<\/p>\n<p>Este proyecto, impulsado por una oficina de la Marina de Estados Unidos en Santiago, ser\u00eda clave dentro de las nuevas estrategias geopol\u00edticas y militares de Estados Unidos, que organiza un consorcio militar internacional con sus aliados, alianza de la cual Chile estar\u00eda evaluando hacerse parte.<\/p>\n<p>Este inter\u00e9s en las zonas polares coincide con algunas de las aprensiones manifestadas por el diputado Brito.<\/p>\n<p><strong>El Polo Sur en la mira<\/strong><\/p>\n<p>\u201cLa soberan\u00eda no solo se ve amenazada ante la presencia inminente de p\u00f3lvora y acero. Tambi\u00e9n la soberan\u00eda se ve amenazada, o se puede ver perjudicada, ante la posesi\u00f3n de conocimiento geopol\u00edtico estrat\u00e9gico sobre nuestros recursos naturales, sobre la variaci\u00f3n en las condiciones clim\u00e1ticas y sobre los movimientos que tiene Chile y los otros pa\u00edses en lugares tan estrat\u00e9gicos como la Ant\u00e1rtica chilena. Yo creo que la Ant\u00e1rtica puede ser escenario prontamente de disputa internacional\u201d, afirma el diputado Brito.<\/p>\n<p>La p\u00e1gina de Innervycs entrega mayores pormenores de la historia de este proyecto. Se cuenta, por ejemplo, de una visita realizada a fines de 2013, en que el gerente general de la empresa, el joven ingeniero Ian Hughes, reconoce que se hab\u00eda terminado la etapa de \u201ccapturar las muestras y hacer las mediciones requeridas por el proyecto\u201d y que se daba entonces \u201cinicio, oficialmente, a las etapas de investigaci\u00f3n y desarrollo de T.R.A.C.E.R.\u201d. Hughes planteaba tambi\u00e9n un viaje para fines de 2016, para \u201cprobar prototipos\u201d.<\/p>\n<p>El prototipo desarrollado y posiblemente ya probado y evaluado por la empresa porte\u00f1a ser\u00eda vital para la Marina norteamericana en el marco de la importancia estrat\u00e9gica de las zonas polares para los militares de ese pa\u00eds, quienes en una publicaci\u00f3n se\u00f1alan no reconocen reclamaciones territoriales, como la chilena, sobre esa zona.<\/p>\n<p>\u201c(Las polares) constituyen vastas extensiones congeladas de tierra y mar. Est\u00e1n escasamente pobladas. Y ser\u00e1n claves en la d\u00e9cada que viene, tanto para las fuerzas navales norteamericanas como para el resto del mundo (\u2026.) De hecho, las dos regiones son radicalmente distintas, tanto en su composici\u00f3n geol\u00f3gica como en su impacto naval. El \u00c1rtico es un oc\u00e9ano, con reclamaciones territoriales de m\u00faltiples naciones costeras que lo rodean. En contraste, la Ant\u00e1rtica es un continente sin demandas territoriales, por acuerdo internacional, y rodeada por aguas internacionales\u201d, se\u00f1ala la nota de Future Force (Fuerza Futura), que se identifica como publicaci\u00f3n oficial de la marina norteamericana.<\/p>\n<p>Esa revista nombra al proyecto Polar Tracer (Polar Traversing Robotics for Autonomous, Collaborative and Efficient Reconnaissance; es decir, Rob\u00f3tica de Traves\u00edas Polares para Exploraci\u00f3n Aut\u00f3noma, Colaborativa y Eficiente) y se\u00f1ala que es un proyecto de la Oficina de Investigaci\u00f3n Naval de Santiago, asociada al Ej\u00e9rcito, la Fuerza A\u00e9rea norteamericana y a una \u201cdestacada empresa chilena\u201d.<\/p>\n<p>El largo art\u00edculo habla tambi\u00e9n de un acuerdo internacional entre los militares de siete pa\u00edses (EE.UU., Canad\u00e1, Dinamarca, Nueva Zelandia, Noruega, Suecia, Finlandia e Islandia que se han unido para estudiar el \u00c1rtico). Curiosamente, un material digital de ese programa, se\u00f1ala textualmente en una l\u00e1mina, que en la actualidad \u201cChile est\u00e1 considerando opciones para unirse en una fecha futura\u201d.<\/p>\n<p>Raz\u00f3n tendr\u00eda entonces Jorge Brito al pensar que la Ant\u00e1rtica es un objetivo estrat\u00e9gico para Estados Unidos: \u201cEl territorio que aparece en los mapas como chileno tambi\u00e9n aparece en los mapas de otros pa\u00edses. Hay acuerdos internacionales que van a llevar a que en un plazo cercano a diez a\u00f1os tengamos en la Ant\u00e1rtida disputas territoriales\u201d.<\/p>\n<p>Las contradicciones respecto al financiamiento del nuevo Acuerdo con el Pent\u00e1gono son otro tema que le provoca desconfianza: \u201cTiene muchas preguntas sin respuesta. Dice (el tratado) que los costos ser\u00e1n asumidos equitativamente entre ambas partes. Sin embargo, el ministerio de Defensa dijo que esto no tra\u00eda costos para el Estado de Chile. Entonces, ac\u00e1 tenemos la palabra del ministerio de Defensa contra lo que sale escrito en el acuerdo\u201d, acota el actual presidente de la Comisi\u00f3n de Defensa.<\/p>\n<p><strong>Asoci\u00e1ndose con el victimario<\/strong><\/p>\n<p>Pero las incertidumbres por el presupuesto, la poca transparencia, y la supuesta ilegalidad al implementarse los proyectos sin haberse ratificado el nuevo acuerdo por parte del Parlamento, no son las \u00fanicas cr\u00edticas que se han levantado.<\/p>\n<p>Las implicancias pol\u00edticas que tiene en la actualidad hacer acuerdos con la administraci\u00f3n Trump y la necesidad de no olvidar lo que significaron las relaciones militares con ese pa\u00eds en el pasado reciente de Chile, han surgido tambi\u00e9n con fuerza en el muy poco tiempo que hasta ahora se ha debatido el acuerdo en el plenario de la Sala, donde, hasta el momento, solo se ha visto en una ocasi\u00f3n, el pasado 9 de enero. En la opini\u00f3n p\u00fablica, por otra parte, hasta ahora el tema ha pasado totalmente desapercibido.<\/p>\n<p>En el plenario de enero, uno de los que plante\u00f3 objeciones fue el diputado Ren\u00e9 Saffirio, quien afirm\u00f3 que se hab\u00eda tratado de aprobar el tratado sin siquiera conocer el texto y aduciendo err\u00f3neamente que no significaba gastos: \u201cEl informe financiero del ministerio de Hacienda, que era el informe con el que quer\u00edan que resolvi\u00e9ramos este acuerdo, sin el texto del acuerdo -que despu\u00e9s logramos que se tradujera-, dice que la implementaci\u00f3n del acuerdo no tiene efectos sobre el presupuesto del sector p\u00fablico. \u00a1Falso! \u00a1Mentira! \u00a1No es cierto!\u201d, expres\u00f3 enf\u00e1tico el diputado, quien en la misma ocasi\u00f3n agreg\u00f3: \u201c\u00a1Esto s\u00ed que es una violaci\u00f3n a la soberan\u00eda! \u00a1Esta s\u00ed que es una concesi\u00f3n gratuita a la soberan\u00eda! \u00bfCreen ustedes, acaso, distinguidos colegas, que Estados Unidos nos va a entregar informaci\u00f3n confidencial sobre lo que ocurre al interior y al exterior de sus fronteras, cuando tiene un jefe de Estado, el Presidente Trump, que cierra las fronteras f\u00edsicas construyendo muros y que cierra las fronteras econ\u00f3micas abriendo una guerra comercial con China, que no solo busca proteger los intereses econ\u00f3micos de los Estados Unidos sino da\u00f1ar, a\u00fan a ese riesgo, y paralizar pr\u00e1cticamente la econom\u00eda en el mundo?\u201d.<\/p>\n<p>&nbsp;<\/p>\n","protected":false},"excerpt":{"rendered":"<p>Aunque no se not\u00f3, por estos d\u00edas Chile fue la meca de la guerra en la regi\u00f3n. Barcos norteamericanos surcaron las costas para la operaci\u00f3n Unitas n\u00famero 60 y fuerzas especiales de 20 pa\u00edses se juntaron ac\u00e1 para entrenar y&hellip;<\/p>\n","protected":false},"author":503,"featured_media":898261,"comment_status":"closed","ping_status":"closed","sticky":false,"template":"","format":"standard","meta":{"footnotes":""},"categories":[11389,161,1243,67],"tags":[21004,62218,28103,29,10793],"class_list":["post-898242","post","type-post","status-publish","format-standard","has-post-thumbnail","hentry","category-contenido-original","category-opiniones","category-paz-desarme","category-sudamerica","tag-acuerdos","tag-administracion-trump","tag-antartida","tag-chile","tag-estados-unidos-de-norteamerica"],"yoast_head":"<!-- This site is optimized with the Yoast SEO plugin v27.1.1 - https:\/\/yoast.com\/product\/yoast-seo-wordpress\/ -->\n<title>Oscuros acuerdos militares entre Chile y Estados Unidos<\/title>\n<meta name=\"description\" content=\"Oscuros acuerdos militares entre Chile y Estados Unidos\" \/>\n<meta name=\"robots\" content=\"index, follow, max-snippet:-1, max-image-preview:large, max-video-preview:-1\" \/>\n<link rel=\"canonical\" href=\"https:\/\/www.pressenza.com\/es\/2019\/08\/oscuros-acuerdos-militares-entre-chile-y-estados-unidos\/\" \/>\n<meta property=\"og:locale\" content=\"es_ES\" \/>\n<meta property=\"og:type\" content=\"article\" \/>\n<meta property=\"og:title\" content=\"Oscuros acuerdos militares entre Chile y Estados Unidos\" \/>\n<meta property=\"og:description\" content=\"Oscuros acuerdos militares entre Chile y Estados Unidos\" \/>\n<meta property=\"og:url\" content=\"https:\/\/www.pressenza.com\/es\/2019\/08\/oscuros-acuerdos-militares-entre-chile-y-estados-unidos\/\" \/>\n<meta property=\"og:site_name\" content=\"Pressenza\" \/>\n<meta property=\"article:publisher\" content=\"https:\/\/www.facebook.com\/PressenzaItalia\" \/>\n<meta property=\"article:published_time\" content=\"2019-08-05T19:39:41+00:00\" \/>\n<meta property=\"og:image\" content=\"https:\/\/www.pressenza.com\/wp-content\/uploads\/2019\/08\/EjerciciosComando.jpg\" \/>\n\t<meta property=\"og:image:width\" content=\"2048\" \/>\n\t<meta property=\"og:image:height\" content=\"1356\" \/>\n\t<meta property=\"og:image:type\" content=\"image\/jpeg\" \/>\n<meta name=\"author\" content=\"Cristi\u00e1n Opaso\" \/>\n<meta name=\"twitter:card\" content=\"summary_large_image\" \/>\n<meta name=\"twitter:creator\" content=\"@PressenzaIPA\" \/>\n<meta name=\"twitter:site\" content=\"@PressenzaIPA\" \/>\n<meta name=\"twitter:label1\" content=\"Escrito por\" \/>\n\t<meta name=\"twitter:data1\" content=\"Cristi\u00e1n Opaso\" \/>\n\t<meta name=\"twitter:label2\" content=\"Tiempo de lectura\" \/>\n\t<meta name=\"twitter:data2\" content=\"18 minutos\" \/>\n<script type=\"application\/ld+json\" class=\"yoast-schema-graph\">{\"@context\":\"https:\/\/schema.org\",\"@graph\":[{\"@type\":\"Article\",\"@id\":\"https:\/\/www.pressenza.com\/es\/2019\/08\/oscuros-acuerdos-militares-entre-chile-y-estados-unidos\/#article\",\"isPartOf\":{\"@id\":\"https:\/\/www.pressenza.com\/es\/2019\/08\/oscuros-acuerdos-militares-entre-chile-y-estados-unidos\/\"},\"author\":{\"name\":\"Cristi\u00e1n Opaso\",\"@id\":\"https:\/\/www.pressenza.com\/es\/#\/schema\/person\/dd00e51892f217bdf56e4fa536819d85\"},\"headline\":\"Oscuros acuerdos militares entre Chile y Estados Unidos\",\"datePublished\":\"2019-08-05T19:39:41+00:00\",\"mainEntityOfPage\":{\"@id\":\"https:\/\/www.pressenza.com\/es\/2019\/08\/oscuros-acuerdos-militares-entre-chile-y-estados-unidos\/\"},\"wordCount\":3598,\"publisher\":{\"@id\":\"https:\/\/www.pressenza.com\/es\/#organization\"},\"image\":{\"@id\":\"https:\/\/www.pressenza.com\/es\/2019\/08\/oscuros-acuerdos-militares-entre-chile-y-estados-unidos\/#primaryimage\"},\"thumbnailUrl\":\"https:\/\/www.pressenza.com\/wp-content\/uploads\/2019\/08\/EjerciciosComando.jpg\",\"keywords\":[\"acuerdos\",\"administraci\u00f3n Trump\",\"Ant\u00e1rtida\",\"Chile\",\"Estados Unidos de Norteam\u00e9rica\"],\"articleSection\":[\"Contenido Original\",\"Opiniones\",\"Paz y Desarme\",\"Sudam\u00e9rica\"],\"inLanguage\":\"es\"},{\"@type\":\"WebPage\",\"@id\":\"https:\/\/www.pressenza.com\/es\/2019\/08\/oscuros-acuerdos-militares-entre-chile-y-estados-unidos\/\",\"url\":\"https:\/\/www.pressenza.com\/es\/2019\/08\/oscuros-acuerdos-militares-entre-chile-y-estados-unidos\/\",\"name\":\"Oscuros acuerdos militares entre Chile y Estados Unidos\",\"isPartOf\":{\"@id\":\"https:\/\/www.pressenza.com\/es\/#website\"},\"primaryImageOfPage\":{\"@id\":\"https:\/\/www.pressenza.com\/es\/2019\/08\/oscuros-acuerdos-militares-entre-chile-y-estados-unidos\/#primaryimage\"},\"image\":{\"@id\":\"https:\/\/www.pressenza.com\/es\/2019\/08\/oscuros-acuerdos-militares-entre-chile-y-estados-unidos\/#primaryimage\"},\"thumbnailUrl\":\"https:\/\/www.pressenza.com\/wp-content\/uploads\/2019\/08\/EjerciciosComando.jpg\",\"datePublished\":\"2019-08-05T19:39:41+00:00\",\"description\":\"Oscuros acuerdos militares entre Chile y Estados Unidos\",\"breadcrumb\":{\"@id\":\"https:\/\/www.pressenza.com\/es\/2019\/08\/oscuros-acuerdos-militares-entre-chile-y-estados-unidos\/#breadcrumb\"},\"inLanguage\":\"es\",\"potentialAction\":[{\"@type\":\"ReadAction\",\"target\":[\"https:\/\/www.pressenza.com\/es\/2019\/08\/oscuros-acuerdos-militares-entre-chile-y-estados-unidos\/\"]}]},{\"@type\":\"ImageObject\",\"inLanguage\":\"es\",\"@id\":\"https:\/\/www.pressenza.com\/es\/2019\/08\/oscuros-acuerdos-militares-entre-chile-y-estados-unidos\/#primaryimage\",\"url\":\"https:\/\/www.pressenza.com\/wp-content\/uploads\/2019\/08\/EjerciciosComando.jpg\",\"contentUrl\":\"https:\/\/www.pressenza.com\/wp-content\/uploads\/2019\/08\/EjerciciosComando.jpg\",\"width\":2048,\"height\":1356},{\"@type\":\"BreadcrumbList\",\"@id\":\"https:\/\/www.pressenza.com\/es\/2019\/08\/oscuros-acuerdos-militares-entre-chile-y-estados-unidos\/#breadcrumb\",\"itemListElement\":[{\"@type\":\"ListItem\",\"position\":1,\"name\":\"Accueil\",\"item\":\"https:\/\/www.pressenza.com\/es\/\"},{\"@type\":\"ListItem\",\"position\":2,\"name\":\"Oscuros acuerdos militares entre Chile y Estados Unidos\"}]},{\"@type\":\"WebSite\",\"@id\":\"https:\/\/www.pressenza.com\/es\/#website\",\"url\":\"https:\/\/www.pressenza.com\/es\/\",\"name\":\"Pressenza\",\"description\":\"International Press Agency\",\"publisher\":{\"@id\":\"https:\/\/www.pressenza.com\/es\/#organization\"},\"potentialAction\":[{\"@type\":\"SearchAction\",\"target\":{\"@type\":\"EntryPoint\",\"urlTemplate\":\"https:\/\/www.pressenza.com\/es\/?s={search_term_string}\"},\"query-input\":{\"@type\":\"PropertyValueSpecification\",\"valueRequired\":true,\"valueName\":\"search_term_string\"}}],\"inLanguage\":\"es\"},{\"@type\":\"Organization\",\"@id\":\"https:\/\/www.pressenza.com\/es\/#organization\",\"name\":\"Pressenza\",\"url\":\"https:\/\/www.pressenza.com\/es\/\",\"logo\":{\"@type\":\"ImageObject\",\"inLanguage\":\"es\",\"@id\":\"https:\/\/www.pressenza.com\/es\/#\/schema\/logo\/image\/\",\"url\":\"https:\/\/www.pressenza.com\/wp-content\/uploads\/2022\/10\/pressenza_logo_200x200.jpg\",\"contentUrl\":\"https:\/\/www.pressenza.com\/wp-content\/uploads\/2022\/10\/pressenza_logo_200x200.jpg\",\"width\":200,\"height\":200,\"caption\":\"Pressenza\"},\"image\":{\"@id\":\"https:\/\/www.pressenza.com\/es\/#\/schema\/logo\/image\/\"},\"sameAs\":[\"https:\/\/www.facebook.com\/PressenzaItalia\",\"https:\/\/x.com\/PressenzaIPA\"]},{\"@type\":\"Person\",\"@id\":\"https:\/\/www.pressenza.com\/es\/#\/schema\/person\/dd00e51892f217bdf56e4fa536819d85\",\"name\":\"Cristi\u00e1n Opaso\",\"url\":\"https:\/\/www.pressenza.com\/es\/author\/cristian-opaso\/\"}]}<\/script>\n<!-- \/ Yoast SEO plugin. -->","yoast_head_json":{"title":"Oscuros acuerdos militares entre Chile y Estados Unidos","description":"Oscuros acuerdos militares entre Chile y Estados Unidos","robots":{"index":"index","follow":"follow","max-snippet":"max-snippet:-1","max-image-preview":"max-image-preview:large","max-video-preview":"max-video-preview:-1"},"canonical":"https:\/\/www.pressenza.com\/es\/2019\/08\/oscuros-acuerdos-militares-entre-chile-y-estados-unidos\/","og_locale":"es_ES","og_type":"article","og_title":"Oscuros acuerdos militares entre Chile y Estados Unidos","og_description":"Oscuros acuerdos militares entre Chile y Estados Unidos","og_url":"https:\/\/www.pressenza.com\/es\/2019\/08\/oscuros-acuerdos-militares-entre-chile-y-estados-unidos\/","og_site_name":"Pressenza","article_publisher":"https:\/\/www.facebook.com\/PressenzaItalia","article_published_time":"2019-08-05T19:39:41+00:00","og_image":[{"width":2048,"height":1356,"url":"https:\/\/www.pressenza.com\/wp-content\/uploads\/2019\/08\/EjerciciosComando.jpg","type":"image\/jpeg"}],"author":"Cristi\u00e1n Opaso","twitter_card":"summary_large_image","twitter_creator":"@PressenzaIPA","twitter_site":"@PressenzaIPA","twitter_misc":{"Escrito por":"Cristi\u00e1n Opaso","Tiempo de lectura":"18 minutos"},"schema":{"@context":"https:\/\/schema.org","@graph":[{"@type":"Article","@id":"https:\/\/www.pressenza.com\/es\/2019\/08\/oscuros-acuerdos-militares-entre-chile-y-estados-unidos\/#article","isPartOf":{"@id":"https:\/\/www.pressenza.com\/es\/2019\/08\/oscuros-acuerdos-militares-entre-chile-y-estados-unidos\/"},"author":{"name":"Cristi\u00e1n Opaso","@id":"https:\/\/www.pressenza.com\/es\/#\/schema\/person\/dd00e51892f217bdf56e4fa536819d85"},"headline":"Oscuros acuerdos militares entre Chile y Estados Unidos","datePublished":"2019-08-05T19:39:41+00:00","mainEntityOfPage":{"@id":"https:\/\/www.pressenza.com\/es\/2019\/08\/oscuros-acuerdos-militares-entre-chile-y-estados-unidos\/"},"wordCount":3598,"publisher":{"@id":"https:\/\/www.pressenza.com\/es\/#organization"},"image":{"@id":"https:\/\/www.pressenza.com\/es\/2019\/08\/oscuros-acuerdos-militares-entre-chile-y-estados-unidos\/#primaryimage"},"thumbnailUrl":"https:\/\/www.pressenza.com\/wp-content\/uploads\/2019\/08\/EjerciciosComando.jpg","keywords":["acuerdos","administraci\u00f3n Trump","Ant\u00e1rtida","Chile","Estados Unidos de Norteam\u00e9rica"],"articleSection":["Contenido Original","Opiniones","Paz y Desarme","Sudam\u00e9rica"],"inLanguage":"es"},{"@type":"WebPage","@id":"https:\/\/www.pressenza.com\/es\/2019\/08\/oscuros-acuerdos-militares-entre-chile-y-estados-unidos\/","url":"https:\/\/www.pressenza.com\/es\/2019\/08\/oscuros-acuerdos-militares-entre-chile-y-estados-unidos\/","name":"Oscuros acuerdos militares entre Chile y Estados Unidos","isPartOf":{"@id":"https:\/\/www.pressenza.com\/es\/#website"},"primaryImageOfPage":{"@id":"https:\/\/www.pressenza.com\/es\/2019\/08\/oscuros-acuerdos-militares-entre-chile-y-estados-unidos\/#primaryimage"},"image":{"@id":"https:\/\/www.pressenza.com\/es\/2019\/08\/oscuros-acuerdos-militares-entre-chile-y-estados-unidos\/#primaryimage"},"thumbnailUrl":"https:\/\/www.pressenza.com\/wp-content\/uploads\/2019\/08\/EjerciciosComando.jpg","datePublished":"2019-08-05T19:39:41+00:00","description":"Oscuros acuerdos militares entre Chile y Estados Unidos","breadcrumb":{"@id":"https:\/\/www.pressenza.com\/es\/2019\/08\/oscuros-acuerdos-militares-entre-chile-y-estados-unidos\/#breadcrumb"},"inLanguage":"es","potentialAction":[{"@type":"ReadAction","target":["https:\/\/www.pressenza.com\/es\/2019\/08\/oscuros-acuerdos-militares-entre-chile-y-estados-unidos\/"]}]},{"@type":"ImageObject","inLanguage":"es","@id":"https:\/\/www.pressenza.com\/es\/2019\/08\/oscuros-acuerdos-militares-entre-chile-y-estados-unidos\/#primaryimage","url":"https:\/\/www.pressenza.com\/wp-content\/uploads\/2019\/08\/EjerciciosComando.jpg","contentUrl":"https:\/\/www.pressenza.com\/wp-content\/uploads\/2019\/08\/EjerciciosComando.jpg","width":2048,"height":1356},{"@type":"BreadcrumbList","@id":"https:\/\/www.pressenza.com\/es\/2019\/08\/oscuros-acuerdos-militares-entre-chile-y-estados-unidos\/#breadcrumb","itemListElement":[{"@type":"ListItem","position":1,"name":"Accueil","item":"https:\/\/www.pressenza.com\/es\/"},{"@type":"ListItem","position":2,"name":"Oscuros acuerdos militares entre Chile y Estados Unidos"}]},{"@type":"WebSite","@id":"https:\/\/www.pressenza.com\/es\/#website","url":"https:\/\/www.pressenza.com\/es\/","name":"Pressenza","description":"International Press Agency","publisher":{"@id":"https:\/\/www.pressenza.com\/es\/#organization"},"potentialAction":[{"@type":"SearchAction","target":{"@type":"EntryPoint","urlTemplate":"https:\/\/www.pressenza.com\/es\/?s={search_term_string}"},"query-input":{"@type":"PropertyValueSpecification","valueRequired":true,"valueName":"search_term_string"}}],"inLanguage":"es"},{"@type":"Organization","@id":"https:\/\/www.pressenza.com\/es\/#organization","name":"Pressenza","url":"https:\/\/www.pressenza.com\/es\/","logo":{"@type":"ImageObject","inLanguage":"es","@id":"https:\/\/www.pressenza.com\/es\/#\/schema\/logo\/image\/","url":"https:\/\/www.pressenza.com\/wp-content\/uploads\/2022\/10\/pressenza_logo_200x200.jpg","contentUrl":"https:\/\/www.pressenza.com\/wp-content\/uploads\/2022\/10\/pressenza_logo_200x200.jpg","width":200,"height":200,"caption":"Pressenza"},"image":{"@id":"https:\/\/www.pressenza.com\/es\/#\/schema\/logo\/image\/"},"sameAs":["https:\/\/www.facebook.com\/PressenzaItalia","https:\/\/x.com\/PressenzaIPA"]},{"@type":"Person","@id":"https:\/\/www.pressenza.com\/es\/#\/schema\/person\/dd00e51892f217bdf56e4fa536819d85","name":"Cristi\u00e1n Opaso","url":"https:\/\/www.pressenza.com\/es\/author\/cristian-opaso\/"}]}},"place":"Santiago de Chile","original_article_url":"https:\/\/www.theclinic.cl\/2019\/08\/01\/oscuros-acuerdos-militares-entre-chile-y-estados-unidos\/","_links":{"self":[{"href":"https:\/\/www.pressenza.com\/es\/wp-json\/wp\/v2\/posts\/898242","targetHints":{"allow":["GET"]}}],"collection":[{"href":"https:\/\/www.pressenza.com\/es\/wp-json\/wp\/v2\/posts"}],"about":[{"href":"https:\/\/www.pressenza.com\/es\/wp-json\/wp\/v2\/types\/post"}],"author":[{"embeddable":true,"href":"https:\/\/www.pressenza.com\/es\/wp-json\/wp\/v2\/users\/503"}],"replies":[{"embeddable":true,"href":"https:\/\/www.pressenza.com\/es\/wp-json\/wp\/v2\/comments?post=898242"}],"version-history":[{"count":0,"href":"https:\/\/www.pressenza.com\/es\/wp-json\/wp\/v2\/posts\/898242\/revisions"}],"wp:featuredmedia":[{"embeddable":true,"href":"https:\/\/www.pressenza.com\/es\/wp-json\/wp\/v2\/media\/898261"}],"wp:attachment":[{"href":"https:\/\/www.pressenza.com\/es\/wp-json\/wp\/v2\/media?parent=898242"}],"wp:term":[{"taxonomy":"category","embeddable":true,"href":"https:\/\/www.pressenza.com\/es\/wp-json\/wp\/v2\/categories?post=898242"},{"taxonomy":"post_tag","embeddable":true,"href":"https:\/\/www.pressenza.com\/es\/wp-json\/wp\/v2\/tags?post=898242"}],"curies":[{"name":"wp","href":"https:\/\/api.w.org\/{rel}","templated":true}]}}