{"id":897839,"date":"2019-08-04T23:15:29","date_gmt":"2019-08-04T22:15:29","guid":{"rendered":"https:\/\/www.pressenza.com\/?p=897839"},"modified":"2019-08-04T23:15:29","modified_gmt":"2019-08-04T22:15:29","slug":"colegio-de-profesores-de-chile-balance-de-lo-que-fue-el-paro-nacional-docente-2019","status":"publish","type":"post","link":"https:\/\/www.pressenza.com\/es\/2019\/08\/colegio-de-profesores-de-chile-balance-de-lo-que-fue-el-paro-nacional-docente-2019\/","title":{"rendered":"Colegio de Profesores de Chile: Balance de lo que fue el Paro Nacional Docente 2019"},"content":{"rendered":"<p>El siguiente material compara punto por punto el petitorio que demandaron los profesores durante el Paro Nacional versus lo que comprometi\u00f3 el Mineduc como respuesta a la movilizaci\u00f3n docente. Cada demanda deber\u00e1 ser implementada en los pr\u00f3ximos meses y el desde el Magisterio existir\u00e1 un plan de acci\u00f3n para exigir su cumplimiento. Este d\u00edptico es un material de difusi\u00f3n para las comunidades educativas y la sociedad.<\/p>\n<p><a href=\"https:\/\/www.pressenza.com\/wp-content\/uploads\/2019\/08\/Balance-Paro-1.jpg\"><img loading=\"lazy\" decoding=\"async\" class=\"aligncenter size-full wp-image-897840\" src=\"https:\/\/www.pressenza.com\/wp-content\/uploads\/2019\/08\/Balance-Paro-1.jpg\" alt=\"\" width=\"947\" height=\"1329\" srcset=\"https:\/\/www.pressenza.com\/wp-content\/uploads\/2019\/08\/Balance-Paro-1.jpg 947w, https:\/\/www.pressenza.com\/wp-content\/uploads\/2019\/08\/Balance-Paro-1-214x300.jpg 214w, https:\/\/www.pressenza.com\/wp-content\/uploads\/2019\/08\/Balance-Paro-1-768x1078.jpg 768w, https:\/\/www.pressenza.com\/wp-content\/uploads\/2019\/08\/Balance-Paro-1-720x1010.jpg 720w\" sizes=\"auto, (max-width: 947px) 100vw, 947px\" \/><\/a><a href=\"https:\/\/www.pressenza.com\/wp-content\/uploads\/2019\/08\/Balance-Paro-2.jpg\"><img loading=\"lazy\" decoding=\"async\" class=\"aligncenter size-full wp-image-897849\" src=\"https:\/\/www.pressenza.com\/wp-content\/uploads\/2019\/08\/Balance-Paro-2.jpg\" alt=\"\" width=\"947\" height=\"1329\" srcset=\"https:\/\/www.pressenza.com\/wp-content\/uploads\/2019\/08\/Balance-Paro-2.jpg 947w, https:\/\/www.pressenza.com\/wp-content\/uploads\/2019\/08\/Balance-Paro-2-214x300.jpg 214w, https:\/\/www.pressenza.com\/wp-content\/uploads\/2019\/08\/Balance-Paro-2-768x1078.jpg 768w, https:\/\/www.pressenza.com\/wp-content\/uploads\/2019\/08\/Balance-Paro-2-720x1010.jpg 720w\" sizes=\"auto, (max-width: 947px) 100vw, 947px\" \/><\/a><\/p>\n<p><a href=\"https:\/\/www.pressenza.com\/wp-content\/uploads\/2019\/08\/Balance-Paro-3.jpg\"><img loading=\"lazy\" decoding=\"async\" class=\"aligncenter size-full wp-image-897858\" src=\"https:\/\/www.pressenza.com\/wp-content\/uploads\/2019\/08\/Balance-Paro-3.jpg\" alt=\"\" width=\"947\" height=\"1329\" srcset=\"https:\/\/www.pressenza.com\/wp-content\/uploads\/2019\/08\/Balance-Paro-3.jpg 947w, https:\/\/www.pressenza.com\/wp-content\/uploads\/2019\/08\/Balance-Paro-3-214x300.jpg 214w, https:\/\/www.pressenza.com\/wp-content\/uploads\/2019\/08\/Balance-Paro-3-768x1078.jpg 768w, https:\/\/www.pressenza.com\/wp-content\/uploads\/2019\/08\/Balance-Paro-3-720x1010.jpg 720w\" sizes=\"auto, (max-width: 947px) 100vw, 947px\" \/><\/a><\/p>\n<p><a href=\"https:\/\/www.pressenza.com\/wp-content\/uploads\/2019\/08\/Balance-Paro-4.jpg\"><img loading=\"lazy\" decoding=\"async\" class=\"aligncenter size-full wp-image-897867\" src=\"https:\/\/www.pressenza.com\/wp-content\/uploads\/2019\/08\/Balance-Paro-4.jpg\" alt=\"\" width=\"947\" height=\"1329\" srcset=\"https:\/\/www.pressenza.com\/wp-content\/uploads\/2019\/08\/Balance-Paro-4.jpg 947w, https:\/\/www.pressenza.com\/wp-content\/uploads\/2019\/08\/Balance-Paro-4-214x300.jpg 214w, https:\/\/www.pressenza.com\/wp-content\/uploads\/2019\/08\/Balance-Paro-4-768x1078.jpg 768w, https:\/\/www.pressenza.com\/wp-content\/uploads\/2019\/08\/Balance-Paro-4-720x1010.jpg 720w\" sizes=\"auto, (max-width: 947px) 100vw, 947px\" \/><\/a><\/p>\n","protected":false},"excerpt":{"rendered":"<p>El siguiente material compara punto por punto el petitorio que demandaron los profesores durante el Paro Nacional versus lo que comprometi\u00f3 el Mineduc como respuesta a la movilizaci\u00f3n docente. Cada demanda deber\u00e1 ser implementada en los pr\u00f3ximos meses y el&hellip;<\/p>\n","protected":false},"author":43,"featured_media":897876,"comment_status":"closed","ping_status":"closed","sticky":false,"template":"","format":"standard","meta":{"footnotes":""},"categories":[149,1230,67],"tags":[29,31339,61316],"class_list":["post-897839","post","type-post","status-publish","format-standard","has-post-thumbnail","hentry","category-comunicados-de-prensa","category-educacion-tema","category-sudamerica","tag-chile","tag-colegio-de-profesores-de-chile","tag-paro-nacional-docente"],"yoast_head":"<!-- This site is optimized with the Yoast SEO plugin v27.1.1 - https:\/\/yoast.com\/product\/yoast-seo-wordpress\/ -->\n<title>Colegio de Profesores de Chile: Balance de lo que fue el Paro Nacional Docente 2019<\/title>\n<meta name=\"description\" content=\"Colegio de Profesores de Chile: Balance de lo que fue el Paro Nacional Docente 2019\" \/>\n<meta name=\"robots\" content=\"index, follow, max-snippet:-1, max-image-preview:large, max-video-preview:-1\" \/>\n<link rel=\"canonical\" href=\"https:\/\/www.pressenza.com\/es\/2019\/08\/colegio-de-profesores-de-chile-balance-de-lo-que-fue-el-paro-nacional-docente-2019\/\" \/>\n<meta property=\"og:locale\" content=\"es_ES\" \/>\n<meta property=\"og:type\" content=\"article\" \/>\n<meta property=\"og:title\" content=\"Colegio de Profesores de Chile: Balance de lo que fue el Paro Nacional Docente 2019\" \/>\n<meta property=\"og:description\" content=\"Colegio de Profesores de Chile: Balance de lo que fue el Paro Nacional Docente 2019\" \/>\n<meta property=\"og:url\" content=\"https:\/\/www.pressenza.com\/es\/2019\/08\/colegio-de-profesores-de-chile-balance-de-lo-que-fue-el-paro-nacional-docente-2019\/\" \/>\n<meta property=\"og:site_name\" content=\"Pressenza\" \/>\n<meta property=\"article:publisher\" content=\"https:\/\/www.facebook.com\/PressenzaItalia\" \/>\n<meta property=\"article:author\" content=\"https:\/\/www.facebook.com\/pressenza\" \/>\n<meta property=\"article:published_time\" content=\"2019-08-04T22:15:29+00:00\" \/>\n<meta property=\"og:image\" content=\"https:\/\/www.pressenza.com\/wp-content\/uploads\/2019\/08\/MG_9082_2592x1728.jpg\" \/>\n\t<meta property=\"og:image:width\" content=\"2048\" \/>\n\t<meta property=\"og:image:height\" content=\"1365\" \/>\n\t<meta property=\"og:image:type\" content=\"image\/jpeg\" \/>\n<meta name=\"author\" content=\"Redacci\u00f3n Chile\" \/>\n<meta name=\"twitter:card\" content=\"summary_large_image\" \/>\n<meta name=\"twitter:creator\" content=\"@pressenza\" \/>\n<meta name=\"twitter:site\" content=\"@PressenzaIPA\" \/>\n<meta name=\"twitter:label1\" content=\"Escrito por\" \/>\n\t<meta name=\"twitter:data1\" content=\"Redacci\u00f3n Chile\" \/>\n<script type=\"application\/ld+json\" class=\"yoast-schema-graph\">{\"@context\":\"https:\/\/schema.org\",\"@graph\":[{\"@type\":\"Article\",\"@id\":\"https:\/\/www.pressenza.com\/es\/2019\/08\/colegio-de-profesores-de-chile-balance-de-lo-que-fue-el-paro-nacional-docente-2019\/#article\",\"isPartOf\":{\"@id\":\"https:\/\/www.pressenza.com\/es\/2019\/08\/colegio-de-profesores-de-chile-balance-de-lo-que-fue-el-paro-nacional-docente-2019\/\"},\"author\":{\"name\":\"Redacci\u00f3n Chile\",\"@id\":\"https:\/\/www.pressenza.com\/es\/#\/schema\/person\/d7db40df35d6698ba69ba9ee260944ed\"},\"headline\":\"Colegio de Profesores de Chile: Balance de lo que fue el Paro Nacional Docente 2019\",\"datePublished\":\"2019-08-04T22:15:29+00:00\",\"mainEntityOfPage\":{\"@id\":\"https:\/\/www.pressenza.com\/es\/2019\/08\/colegio-de-profesores-de-chile-balance-de-lo-que-fue-el-paro-nacional-docente-2019\/\"},\"wordCount\":85,\"publisher\":{\"@id\":\"https:\/\/www.pressenza.com\/es\/#organization\"},\"image\":{\"@id\":\"https:\/\/www.pressenza.com\/es\/2019\/08\/colegio-de-profesores-de-chile-balance-de-lo-que-fue-el-paro-nacional-docente-2019\/#primaryimage\"},\"thumbnailUrl\":\"https:\/\/www.pressenza.com\/wp-content\/uploads\/2019\/08\/MG_9082_2592x1728.jpg\",\"keywords\":[\"Chile\",\"Colegio de Profesores de Chile\",\"paro nacional docente\"],\"articleSection\":[\"Comunicados de Prensa\",\"Educaci\u00f3n\",\"Sudam\u00e9rica\"],\"inLanguage\":\"es\"},{\"@type\":\"WebPage\",\"@id\":\"https:\/\/www.pressenza.com\/es\/2019\/08\/colegio-de-profesores-de-chile-balance-de-lo-que-fue-el-paro-nacional-docente-2019\/\",\"url\":\"https:\/\/www.pressenza.com\/es\/2019\/08\/colegio-de-profesores-de-chile-balance-de-lo-que-fue-el-paro-nacional-docente-2019\/\",\"name\":\"Colegio de Profesores de Chile: Balance de lo que fue el Paro Nacional Docente 2019\",\"isPartOf\":{\"@id\":\"https:\/\/www.pressenza.com\/es\/#website\"},\"primaryImageOfPage\":{\"@id\":\"https:\/\/www.pressenza.com\/es\/2019\/08\/colegio-de-profesores-de-chile-balance-de-lo-que-fue-el-paro-nacional-docente-2019\/#primaryimage\"},\"image\":{\"@id\":\"https:\/\/www.pressenza.com\/es\/2019\/08\/colegio-de-profesores-de-chile-balance-de-lo-que-fue-el-paro-nacional-docente-2019\/#primaryimage\"},\"thumbnailUrl\":\"https:\/\/www.pressenza.com\/wp-content\/uploads\/2019\/08\/MG_9082_2592x1728.jpg\",\"datePublished\":\"2019-08-04T22:15:29+00:00\",\"description\":\"Colegio de Profesores de Chile: Balance de lo que fue el Paro Nacional Docente 2019\",\"breadcrumb\":{\"@id\":\"https:\/\/www.pressenza.com\/es\/2019\/08\/colegio-de-profesores-de-chile-balance-de-lo-que-fue-el-paro-nacional-docente-2019\/#breadcrumb\"},\"inLanguage\":\"es\",\"potentialAction\":[{\"@type\":\"ReadAction\",\"target\":[\"https:\/\/www.pressenza.com\/es\/2019\/08\/colegio-de-profesores-de-chile-balance-de-lo-que-fue-el-paro-nacional-docente-2019\/\"]}]},{\"@type\":\"ImageObject\",\"inLanguage\":\"es\",\"@id\":\"https:\/\/www.pressenza.com\/es\/2019\/08\/colegio-de-profesores-de-chile-balance-de-lo-que-fue-el-paro-nacional-docente-2019\/#primaryimage\",\"url\":\"https:\/\/www.pressenza.com\/wp-content\/uploads\/2019\/08\/MG_9082_2592x1728.jpg\",\"contentUrl\":\"https:\/\/www.pressenza.com\/wp-content\/uploads\/2019\/08\/MG_9082_2592x1728.jpg\",\"width\":2048,\"height\":1365},{\"@type\":\"BreadcrumbList\",\"@id\":\"https:\/\/www.pressenza.com\/es\/2019\/08\/colegio-de-profesores-de-chile-balance-de-lo-que-fue-el-paro-nacional-docente-2019\/#breadcrumb\",\"itemListElement\":[{\"@type\":\"ListItem\",\"position\":1,\"name\":\"Accueil\",\"item\":\"https:\/\/www.pressenza.com\/es\/\"},{\"@type\":\"ListItem\",\"position\":2,\"name\":\"Colegio de Profesores de Chile: Balance de lo que fue el Paro Nacional Docente 2019\"}]},{\"@type\":\"WebSite\",\"@id\":\"https:\/\/www.pressenza.com\/es\/#website\",\"url\":\"https:\/\/www.pressenza.com\/es\/\",\"name\":\"Pressenza\",\"description\":\"International Press Agency\",\"publisher\":{\"@id\":\"https:\/\/www.pressenza.com\/es\/#organization\"},\"potentialAction\":[{\"@type\":\"SearchAction\",\"target\":{\"@type\":\"EntryPoint\",\"urlTemplate\":\"https:\/\/www.pressenza.com\/es\/?s={search_term_string}\"},\"query-input\":{\"@type\":\"PropertyValueSpecification\",\"valueRequired\":true,\"valueName\":\"search_term_string\"}}],\"inLanguage\":\"es\"},{\"@type\":\"Organization\",\"@id\":\"https:\/\/www.pressenza.com\/es\/#organization\",\"name\":\"Pressenza\",\"url\":\"https:\/\/www.pressenza.com\/es\/\",\"logo\":{\"@type\":\"ImageObject\",\"inLanguage\":\"es\",\"@id\":\"https:\/\/www.pressenza.com\/es\/#\/schema\/logo\/image\/\",\"url\":\"https:\/\/www.pressenza.com\/wp-content\/uploads\/2022\/10\/pressenza_logo_200x200.jpg\",\"contentUrl\":\"https:\/\/www.pressenza.com\/wp-content\/uploads\/2022\/10\/pressenza_logo_200x200.jpg\",\"width\":200,\"height\":200,\"caption\":\"Pressenza\"},\"image\":{\"@id\":\"https:\/\/www.pressenza.com\/es\/#\/schema\/logo\/image\/\"},\"sameAs\":[\"https:\/\/www.facebook.com\/PressenzaItalia\",\"https:\/\/x.com\/PressenzaIPA\"]},{\"@type\":\"Person\",\"@id\":\"https:\/\/www.pressenza.com\/es\/#\/schema\/person\/d7db40df35d6698ba69ba9ee260944ed\",\"name\":\"Redacci\u00f3n Chile\",\"description\":\"News from the Pressenza Bureau in Chile\",\"sameAs\":[\"https:\/\/www.facebook.com\/pressenza\",\"https:\/\/x.com\/pressenza\"],\"url\":\"https:\/\/www.pressenza.com\/es\/author\/redaccion-chile\/\"}]}<\/script>\n<!-- \/ Yoast SEO plugin. -->","yoast_head_json":{"title":"Colegio de Profesores de Chile: Balance de lo que fue el Paro Nacional Docente 2019","description":"Colegio de Profesores de Chile: Balance de lo que fue el Paro Nacional Docente 2019","robots":{"index":"index","follow":"follow","max-snippet":"max-snippet:-1","max-image-preview":"max-image-preview:large","max-video-preview":"max-video-preview:-1"},"canonical":"https:\/\/www.pressenza.com\/es\/2019\/08\/colegio-de-profesores-de-chile-balance-de-lo-que-fue-el-paro-nacional-docente-2019\/","og_locale":"es_ES","og_type":"article","og_title":"Colegio de Profesores de Chile: Balance de lo que fue el Paro Nacional Docente 2019","og_description":"Colegio de Profesores de Chile: Balance de lo que fue el Paro Nacional Docente 2019","og_url":"https:\/\/www.pressenza.com\/es\/2019\/08\/colegio-de-profesores-de-chile-balance-de-lo-que-fue-el-paro-nacional-docente-2019\/","og_site_name":"Pressenza","article_publisher":"https:\/\/www.facebook.com\/PressenzaItalia","article_author":"https:\/\/www.facebook.com\/pressenza","article_published_time":"2019-08-04T22:15:29+00:00","og_image":[{"width":2048,"height":1365,"url":"https:\/\/www.pressenza.com\/wp-content\/uploads\/2019\/08\/MG_9082_2592x1728.jpg","type":"image\/jpeg"}],"author":"Redacci\u00f3n Chile","twitter_card":"summary_large_image","twitter_creator":"@pressenza","twitter_site":"@PressenzaIPA","twitter_misc":{"Escrito por":"Redacci\u00f3n Chile"},"schema":{"@context":"https:\/\/schema.org","@graph":[{"@type":"Article","@id":"https:\/\/www.pressenza.com\/es\/2019\/08\/colegio-de-profesores-de-chile-balance-de-lo-que-fue-el-paro-nacional-docente-2019\/#article","isPartOf":{"@id":"https:\/\/www.pressenza.com\/es\/2019\/08\/colegio-de-profesores-de-chile-balance-de-lo-que-fue-el-paro-nacional-docente-2019\/"},"author":{"name":"Redacci\u00f3n Chile","@id":"https:\/\/www.pressenza.com\/es\/#\/schema\/person\/d7db40df35d6698ba69ba9ee260944ed"},"headline":"Colegio de Profesores de Chile: Balance de lo que fue el Paro Nacional Docente 2019","datePublished":"2019-08-04T22:15:29+00:00","mainEntityOfPage":{"@id":"https:\/\/www.pressenza.com\/es\/2019\/08\/colegio-de-profesores-de-chile-balance-de-lo-que-fue-el-paro-nacional-docente-2019\/"},"wordCount":85,"publisher":{"@id":"https:\/\/www.pressenza.com\/es\/#organization"},"image":{"@id":"https:\/\/www.pressenza.com\/es\/2019\/08\/colegio-de-profesores-de-chile-balance-de-lo-que-fue-el-paro-nacional-docente-2019\/#primaryimage"},"thumbnailUrl":"https:\/\/www.pressenza.com\/wp-content\/uploads\/2019\/08\/MG_9082_2592x1728.jpg","keywords":["Chile","Colegio de Profesores de Chile","paro nacional docente"],"articleSection":["Comunicados de Prensa","Educaci\u00f3n","Sudam\u00e9rica"],"inLanguage":"es"},{"@type":"WebPage","@id":"https:\/\/www.pressenza.com\/es\/2019\/08\/colegio-de-profesores-de-chile-balance-de-lo-que-fue-el-paro-nacional-docente-2019\/","url":"https:\/\/www.pressenza.com\/es\/2019\/08\/colegio-de-profesores-de-chile-balance-de-lo-que-fue-el-paro-nacional-docente-2019\/","name":"Colegio de Profesores de Chile: Balance de lo que fue el Paro Nacional Docente 2019","isPartOf":{"@id":"https:\/\/www.pressenza.com\/es\/#website"},"primaryImageOfPage":{"@id":"https:\/\/www.pressenza.com\/es\/2019\/08\/colegio-de-profesores-de-chile-balance-de-lo-que-fue-el-paro-nacional-docente-2019\/#primaryimage"},"image":{"@id":"https:\/\/www.pressenza.com\/es\/2019\/08\/colegio-de-profesores-de-chile-balance-de-lo-que-fue-el-paro-nacional-docente-2019\/#primaryimage"},"thumbnailUrl":"https:\/\/www.pressenza.com\/wp-content\/uploads\/2019\/08\/MG_9082_2592x1728.jpg","datePublished":"2019-08-04T22:15:29+00:00","description":"Colegio de Profesores de Chile: Balance de lo que fue el Paro Nacional Docente 2019","breadcrumb":{"@id":"https:\/\/www.pressenza.com\/es\/2019\/08\/colegio-de-profesores-de-chile-balance-de-lo-que-fue-el-paro-nacional-docente-2019\/#breadcrumb"},"inLanguage":"es","potentialAction":[{"@type":"ReadAction","target":["https:\/\/www.pressenza.com\/es\/2019\/08\/colegio-de-profesores-de-chile-balance-de-lo-que-fue-el-paro-nacional-docente-2019\/"]}]},{"@type":"ImageObject","inLanguage":"es","@id":"https:\/\/www.pressenza.com\/es\/2019\/08\/colegio-de-profesores-de-chile-balance-de-lo-que-fue-el-paro-nacional-docente-2019\/#primaryimage","url":"https:\/\/www.pressenza.com\/wp-content\/uploads\/2019\/08\/MG_9082_2592x1728.jpg","contentUrl":"https:\/\/www.pressenza.com\/wp-content\/uploads\/2019\/08\/MG_9082_2592x1728.jpg","width":2048,"height":1365},{"@type":"BreadcrumbList","@id":"https:\/\/www.pressenza.com\/es\/2019\/08\/colegio-de-profesores-de-chile-balance-de-lo-que-fue-el-paro-nacional-docente-2019\/#breadcrumb","itemListElement":[{"@type":"ListItem","position":1,"name":"Accueil","item":"https:\/\/www.pressenza.com\/es\/"},{"@type":"ListItem","position":2,"name":"Colegio de Profesores de Chile: Balance de lo que fue el Paro Nacional Docente 2019"}]},{"@type":"WebSite","@id":"https:\/\/www.pressenza.com\/es\/#website","url":"https:\/\/www.pressenza.com\/es\/","name":"Pressenza","description":"International Press Agency","publisher":{"@id":"https:\/\/www.pressenza.com\/es\/#organization"},"potentialAction":[{"@type":"SearchAction","target":{"@type":"EntryPoint","urlTemplate":"https:\/\/www.pressenza.com\/es\/?s={search_term_string}"},"query-input":{"@type":"PropertyValueSpecification","valueRequired":true,"valueName":"search_term_string"}}],"inLanguage":"es"},{"@type":"Organization","@id":"https:\/\/www.pressenza.com\/es\/#organization","name":"Pressenza","url":"https:\/\/www.pressenza.com\/es\/","logo":{"@type":"ImageObject","inLanguage":"es","@id":"https:\/\/www.pressenza.com\/es\/#\/schema\/logo\/image\/","url":"https:\/\/www.pressenza.com\/wp-content\/uploads\/2022\/10\/pressenza_logo_200x200.jpg","contentUrl":"https:\/\/www.pressenza.com\/wp-content\/uploads\/2022\/10\/pressenza_logo_200x200.jpg","width":200,"height":200,"caption":"Pressenza"},"image":{"@id":"https:\/\/www.pressenza.com\/es\/#\/schema\/logo\/image\/"},"sameAs":["https:\/\/www.facebook.com\/PressenzaItalia","https:\/\/x.com\/PressenzaIPA"]},{"@type":"Person","@id":"https:\/\/www.pressenza.com\/es\/#\/schema\/person\/d7db40df35d6698ba69ba9ee260944ed","name":"Redacci\u00f3n Chile","description":"News from the Pressenza Bureau in Chile","sameAs":["https:\/\/www.facebook.com\/pressenza","https:\/\/x.com\/pressenza"],"url":"https:\/\/www.pressenza.com\/es\/author\/redaccion-chile\/"}]}},"place":"Santiago de Chile","original_article_url":"","_links":{"self":[{"href":"https:\/\/www.pressenza.com\/es\/wp-json\/wp\/v2\/posts\/897839","targetHints":{"allow":["GET"]}}],"collection":[{"href":"https:\/\/www.pressenza.com\/es\/wp-json\/wp\/v2\/posts"}],"about":[{"href":"https:\/\/www.pressenza.com\/es\/wp-json\/wp\/v2\/types\/post"}],"author":[{"embeddable":true,"href":"https:\/\/www.pressenza.com\/es\/wp-json\/wp\/v2\/users\/43"}],"replies":[{"embeddable":true,"href":"https:\/\/www.pressenza.com\/es\/wp-json\/wp\/v2\/comments?post=897839"}],"version-history":[{"count":0,"href":"https:\/\/www.pressenza.com\/es\/wp-json\/wp\/v2\/posts\/897839\/revisions"}],"wp:featuredmedia":[{"embeddable":true,"href":"https:\/\/www.pressenza.com\/es\/wp-json\/wp\/v2\/media\/897876"}],"wp:attachment":[{"href":"https:\/\/www.pressenza.com\/es\/wp-json\/wp\/v2\/media?parent=897839"}],"wp:term":[{"taxonomy":"category","embeddable":true,"href":"https:\/\/www.pressenza.com\/es\/wp-json\/wp\/v2\/categories?post=897839"},{"taxonomy":"post_tag","embeddable":true,"href":"https:\/\/www.pressenza.com\/es\/wp-json\/wp\/v2\/tags?post=897839"}],"curies":[{"name":"wp","href":"https:\/\/api.w.org\/{rel}","templated":true}]}}