{"id":896454,"date":"2019-08-01T11:03:04","date_gmt":"2019-08-01T10:03:04","guid":{"rendered":"https:\/\/www.pressenza.com\/?p=896454"},"modified":"2019-08-01T11:03:04","modified_gmt":"2019-08-01T10:03:04","slug":"organizaciones-sociales-exigen-una-nueva-regulacion-que-recupere-el-derecho-a-la-salud-de-todas-las-personas","status":"publish","type":"post","link":"https:\/\/www.pressenza.com\/es\/2019\/08\/organizaciones-sociales-exigen-una-nueva-regulacion-que-recupere-el-derecho-a-la-salud-de-todas-las-personas\/","title":{"rendered":"Organizaciones sociales exigen una nueva regulaci\u00f3n que recupere el derecho a la salud de todas las personas"},"content":{"rendered":"<blockquote><p>Embarazadas, menores y solicitantes de asilo sin derecho a ser atendidos en el Sistema Nacional de Salud, apoyadas por organizaciones de salud y derechos humanos, llevan a cabo un acto de protesta frente al Ministerio de Sanidad<\/p><\/blockquote>\n<p>Un a\u00f1o despu\u00e9s de la entrada en vigor del\u00a0Real Decreto-Ley 7\/2018 sobre acceso universal al Sistema Nacional de Salud, organizaciones de la sociedad civil exigen de manera urgente al Gobierno de Espa\u00f1a una nueva regulaci\u00f3n integral y garantista que sit\u00fae en el centro de las pol\u00edticas el derecho a la salud y garantice el acceso al sistema sanitario en condiciones de igualdad a todas las personas que viven en Espa\u00f1a, sin distinci\u00f3n alguna.<\/p>\n<p>Amnist\u00eda Internacional, la Red de Denuncia y Resistencia al RDL 16\/2012 (REDER) -integrada por m\u00e1s de 300 organizaciones y entre las que est\u00e1 M\u00e9dicos del Mundo- y Yo S\u00cd Sanidad Universal manifiestan una profunda preocupaci\u00f3n ante la actual exclusi\u00f3n sanitaria que viven cientos de personas migrantes en Espa\u00f1a a pesar de que hace un a\u00f1o el Gobierno anunciara que el pa\u00eds recuperaba el acceso universal al Sistema Nacional de Salud.<\/p>\n<p>Por ello, las organizaciones se han concentrado ayer, 31 de julio, frente al Ministerio de Sanidad, Consumo y Bienestar Social para protestar por esta situaci\u00f3n mediante la construcci\u00f3n de un muro que representa las dificultades a las que muchas personas tienen que enfrentarse d\u00eda a d\u00eda. Varias personas que han sufrido la exclusi\u00f3n del Sistema de Salud han compartido sus testimonios y finalmente han derribado el muro.<\/p>\n<p>Resulta particularmente preocupante que, m\u00e1s all\u00e1 de estas barreras, la nueva legislaci\u00f3n no garantice en todo caso y sin excepci\u00f3n la atenci\u00f3n sanitaria de las personas extranjeras en situaci\u00f3n de mayor vulnerabilidad: mujeres embarazadas, menores de edad, v\u00edctimas de trata y solicitantes de asilo, as\u00ed como la atenci\u00f3n en urgencias hasta el alta m\u00e9dica. Cabe recordar que la obligaci\u00f3n de prestar especial protecci\u00f3n a estas situaciones est\u00e1 reconocida por la Organizaci\u00f3n Mundial de la Salud (OMS), hasta el punto de que incluso una norma tan restrictiva de derechos como fue el RDL 16\/2012, la contemplaba de manera expresa.<\/p>\n<p><strong>No son casos aislados<\/strong><\/p>\n<p>Durante este \u00faltimo a\u00f1o, asociaciones como M\u00e9dicos del Mundo han recogido m\u00e1s de 1300 casos de vulneraci\u00f3n del derecho a la salud, entre los que se incluyen 55 mujeres embarazadas; 116 menores de edad, 44 solicitantes de asilo, 85 facturaciones en urgencias, 35 personas reagrupadas y 626 personas que no han podido ver reconocido su derecho como consecuencia de las barreras administrativas existentes y la ambig\u00fcedad de la legislaci\u00f3n.<\/p>\n<p>Como resultado de estas exclusiones, no han sido debidamente atendidas enfermedades tan graves como el c\u00e1ncer, enfermedades cardiovasculares, hipertensi\u00f3n, VIH y salud mental.<\/p>\n<p>\u201cRecorrimos seis centros de salud y en todos nos negaron la asistencia. Estaba de casi de ocho meses y no hab\u00eda pasado ning\u00fan monitoreo. No sab\u00eda si el beb\u00e9 estaba colocado, si ven\u00eda enrollado (\u2026) tampoco el sexo. Solo me quedaba esperar que todo estuviera bien el d\u00eda del parto\u201d, explica Josefina \u2013nombre ficticio para proteger su identidad-, de nacionalidad peruana y reiteradamente excluida de los servicios sanitarios de la Comunidad de Madrid.<\/p>\n<p>\u201cLa informaci\u00f3n cruzada te angustia. Cada vez que iba al centro de salud me dec\u00edan una cosa distinta\u201d, dice Francisca, de origen chileno y con menos de tres meses de estancia en Espa\u00f1a.<\/p>\n<p>Adem\u00e1s, las organizaciones denuncian que el Gobierno se ha negado a abordar la exclusi\u00f3n de las personas mayores que llegan a Espa\u00f1a fruto de un proceso de reagrupaci\u00f3n familiar para vivir con sus hijos e hijas. Tras la reciente sentencia del Tribunal Supremo que cierra la puerta al reconocimiento de su derecho por la v\u00eda judicial, se impone la necesidad urgente de una modificaci\u00f3n legislativa que garantice el acceso al sistema sanitario para este colectivo, cuya edad avanzada y fr\u00e1gil estado de salud no admite dilaciones.<\/p>\n<p><strong>Una normativa ambigua que da lugar a la interpretaci\u00f3n<\/strong><\/p>\n<p>Tal y como ya advirtieron las organizaciones firmantes durante el proceso de elaboraci\u00f3n del RDL 7\/2018, la excesiva ambig\u00fcedad en la redacci\u00f3n del texto, as\u00ed como la introducci\u00f3n de m\u00faltiples condicionantes para el reconocimiento del derecho a la atenci\u00f3n sanitaria \u2013la estancia superior a 90 d\u00edas, la obligaci\u00f3n de aportar documentaci\u00f3n de dif\u00edcil obtenci\u00f3n como es el certificado de no exportaci\u00f3n del derecho o la exigencia de que no exista un tercero obligado al pago (por ejemplo un seguro m\u00e9dico)- son una puerta abierta a la persistencia de situaciones de exclusi\u00f3n, pues levantan barreras infranqueables para muchas personas.<\/p>\n<p>A pesar de que el RDL 7\/2018\u00a0ha\u00a0constituido\u00a0un avance para el Sistema Nacional de Salud en la medida en que\u00a0reniega\u00a0del modelo de aseguramiento del anterior reglamento -RDL 16\/2012-, la nueva regulaci\u00f3n es claramente insuficiente, ya que no solo no recupera el nivel de acceso previo a la reforma de 2012 sino que, en algunos aspectos, es incluso regresiva respecto a lo recogido en dicha reforma, al no mencionar expresamente en todo caso y sin excepci\u00f3n, tal y como se indica m\u00e1s arriba, la atenci\u00f3n sanitaria de las personas extranjeras en situaci\u00f3n de mayor vulnerabilidad.<\/p>\n<p>Por ello, las organizaciones recuerdan una vez m\u00e1s al Gobierno los compromisos adquiridos en virtud de los acuerdos internacionales sobre derechos humanos, en particular\u00a0las recomendaciones emitidas por el Comit\u00e9 de Derechos Econ\u00f3micos Sociales y Culturales al Gobierno espa\u00f1ol en abril de 2018 que instan a adoptar las medidas necesarias para que las personas migrantes tengan acceso a los servicios de salud sin discriminaci\u00f3n alguna.<\/p>\n<p>Una sanidad que priorice la prevenci\u00f3n otorgando cobertura a toda la poblaci\u00f3n, sin exclusiones, es una sanidad m\u00e1s eficiente y menos costosa \u2013pues reduce el n\u00famero de hospitalizaciones y minimiza los riesgos de salud p\u00fablica, entre otras\u2013 fortaleciendo el Sistema Nacional de Salud en beneficio de toda la sociedad.<\/p>\n<p><strong>Las organizaciones rompen el muro de la exclusi\u00f3n frente al Ministerio<\/strong><\/p>\n<p>Fruto del compromiso de estas organizaciones con el acceso universal a la salud, se concentraron esta ma\u00f1ana frente a las puertas del Ministerio de Sanidad,\u00a0Consumo y Bienestar Social para reclamar un derecho que es de todos y todas.<\/p>\n<p>Han sido las propias personas excluidas quienes hoy han compartido sus testimonios frente a un muro ficticio que se ha construido con mensajes de denuncia y que representa ese muro real que las ahoga d\u00eda a d\u00eda.<\/p>\n<p>Al final de la lectura del manifiesto, las organizaciones han tirado de forma simb\u00f3lica el muro levantado, con la esperanza de que a corto plazo cientos de personas que sufren exclusi\u00f3n puedan derribar el que levanta el Gobierno a diario contra ellas y que la exclusi\u00f3n sanitaria deje de ser un hecho en nuestra sociedad.<\/p>\n","protected":false},"excerpt":{"rendered":"<p>Embarazadas, menores y solicitantes de asilo sin derecho a ser atendidos en el Sistema Nacional de Salud, apoyadas por organizaciones de salud y derechos humanos, llevan a cabo un acto de protesta frente al Ministerio de Sanidad Un a\u00f1o despu\u00e9s&hellip;<\/p>\n","protected":false},"author":1681,"featured_media":896457,"comment_status":"closed","ping_status":"closed","sticky":false,"template":"","format":"standard","meta":{"footnotes":""},"categories":[149,66,63,1239],"tags":[18921,18038,62047,51819,11325,12359],"class_list":["post-896454","post","type-post","status-publish","format-standard","has-post-thumbnail","hentry","category-comunicados-de-prensa","category-europa-es","category-region-es","category-salud","tag-amnistia-internacional","tag-derechos-sociales","tag-exclusion-sanitaria","tag-reder","tag-sanidad-publica","tag-yo-si-sanidad-universal"],"yoast_head":"<!-- This site is optimized with the Yoast SEO plugin v27.1.1 - https:\/\/yoast.com\/product\/yoast-seo-wordpress\/ -->\n<title>Organizaciones sociales exigen una nueva regulaci\u00f3n que recupere el derecho a la salud de todas las personas<\/title>\n<meta name=\"description\" content=\"Embarazadas, menores y solicitantes de asilo sin derecho a ser atendidos en el Sistema Nacional de Salud, apoyadas por organizaciones de salud y derechos Organizaciones sociales exigen al gobierno espa\u00f1ol la aplicaci\u00f3n de la sanidad universal a todos los migrantes.\" \/>\n<meta name=\"robots\" content=\"index, follow, max-snippet:-1, max-image-preview:large, max-video-preview:-1\" \/>\n<link rel=\"canonical\" href=\"https:\/\/www.pressenza.com\/es\/2019\/08\/organizaciones-sociales-exigen-una-nueva-regulacion-que-recupere-el-derecho-a-la-salud-de-todas-las-personas\/\" \/>\n<meta property=\"og:locale\" content=\"es_ES\" \/>\n<meta property=\"og:type\" content=\"article\" \/>\n<meta property=\"og:title\" content=\"Organizaciones sociales exigen una nueva regulaci\u00f3n que recupere el derecho a la salud de todas las personas\" \/>\n<meta property=\"og:description\" content=\"Embarazadas, menores y solicitantes de asilo sin derecho a ser atendidos en el Sistema Nacional de Salud, apoyadas por organizaciones de salud y derechos Organizaciones sociales exigen al gobierno espa\u00f1ol la aplicaci\u00f3n de la sanidad universal a todos los migrantes.\" \/>\n<meta property=\"og:url\" content=\"https:\/\/www.pressenza.com\/es\/2019\/08\/organizaciones-sociales-exigen-una-nueva-regulacion-que-recupere-el-derecho-a-la-salud-de-todas-las-personas\/\" \/>\n<meta property=\"og:site_name\" content=\"Pressenza\" \/>\n<meta property=\"article:publisher\" content=\"https:\/\/www.facebook.com\/PressenzaItalia\" \/>\n<meta property=\"article:published_time\" content=\"2019-08-01T10:03:04+00:00\" \/>\n<meta property=\"og:image\" content=\"https:\/\/www.pressenza.com\/wp-content\/uploads\/2019\/08\/acto-sanidad-jul19-Amnistia-Internacional.jpg\" \/>\n\t<meta property=\"og:image:width\" content=\"1040\" \/>\n\t<meta property=\"og:image:height\" content=\"585\" \/>\n\t<meta property=\"og:image:type\" content=\"image\/jpeg\" \/>\n<meta name=\"author\" content=\"Redacci\u00f3n Espa\u00f1a\" \/>\n<meta name=\"twitter:card\" content=\"summary_large_image\" \/>\n<meta name=\"twitter:creator\" content=\"@PressenzaIPA\" \/>\n<meta name=\"twitter:site\" content=\"@PressenzaIPA\" \/>\n<meta name=\"twitter:label1\" content=\"Escrito por\" \/>\n\t<meta name=\"twitter:data1\" content=\"Redacci\u00f3n Espa\u00f1a\" \/>\n\t<meta name=\"twitter:label2\" content=\"Tiempo de lectura\" \/>\n\t<meta name=\"twitter:data2\" content=\"6 minutos\" \/>\n<script type=\"application\/ld+json\" class=\"yoast-schema-graph\">{\"@context\":\"https:\/\/schema.org\",\"@graph\":[{\"@type\":\"Article\",\"@id\":\"https:\/\/www.pressenza.com\/es\/2019\/08\/organizaciones-sociales-exigen-una-nueva-regulacion-que-recupere-el-derecho-a-la-salud-de-todas-las-personas\/#article\",\"isPartOf\":{\"@id\":\"https:\/\/www.pressenza.com\/es\/2019\/08\/organizaciones-sociales-exigen-una-nueva-regulacion-que-recupere-el-derecho-a-la-salud-de-todas-las-personas\/\"},\"author\":{\"name\":\"Redacci\u00f3n Espa\u00f1a\",\"@id\":\"https:\/\/www.pressenza.com\/es\/#\/schema\/person\/fffbbe2f14495897417f313a954dae23\"},\"headline\":\"Organizaciones sociales exigen una nueva regulaci\u00f3n que recupere el derecho a la salud de todas las personas\",\"datePublished\":\"2019-08-01T10:03:04+00:00\",\"mainEntityOfPage\":{\"@id\":\"https:\/\/www.pressenza.com\/es\/2019\/08\/organizaciones-sociales-exigen-una-nueva-regulacion-que-recupere-el-derecho-a-la-salud-de-todas-las-personas\/\"},\"wordCount\":1187,\"publisher\":{\"@id\":\"https:\/\/www.pressenza.com\/es\/#organization\"},\"image\":{\"@id\":\"https:\/\/www.pressenza.com\/es\/2019\/08\/organizaciones-sociales-exigen-una-nueva-regulacion-que-recupere-el-derecho-a-la-salud-de-todas-las-personas\/#primaryimage\"},\"thumbnailUrl\":\"https:\/\/www.pressenza.com\/wp-content\/uploads\/2019\/08\/acto-sanidad-jul19-Amnistia-Internacional.jpg\",\"keywords\":[\"Amnist\u00eda Internacional\",\"Derechos sociales\",\"exclusi\u00f3n sanitaria\",\"REDER\",\"Sanidad P\u00fablica\",\"Yo S\u00ed Sanidad Universal\"],\"articleSection\":[\"Comunicados de Prensa\",\"Europa\",\"Regi\u00f3n\",\"Salud\"],\"inLanguage\":\"es\"},{\"@type\":\"WebPage\",\"@id\":\"https:\/\/www.pressenza.com\/es\/2019\/08\/organizaciones-sociales-exigen-una-nueva-regulacion-que-recupere-el-derecho-a-la-salud-de-todas-las-personas\/\",\"url\":\"https:\/\/www.pressenza.com\/es\/2019\/08\/organizaciones-sociales-exigen-una-nueva-regulacion-que-recupere-el-derecho-a-la-salud-de-todas-las-personas\/\",\"name\":\"Organizaciones sociales exigen una nueva regulaci\u00f3n que recupere el derecho a la salud de todas las personas\",\"isPartOf\":{\"@id\":\"https:\/\/www.pressenza.com\/es\/#website\"},\"primaryImageOfPage\":{\"@id\":\"https:\/\/www.pressenza.com\/es\/2019\/08\/organizaciones-sociales-exigen-una-nueva-regulacion-que-recupere-el-derecho-a-la-salud-de-todas-las-personas\/#primaryimage\"},\"image\":{\"@id\":\"https:\/\/www.pressenza.com\/es\/2019\/08\/organizaciones-sociales-exigen-una-nueva-regulacion-que-recupere-el-derecho-a-la-salud-de-todas-las-personas\/#primaryimage\"},\"thumbnailUrl\":\"https:\/\/www.pressenza.com\/wp-content\/uploads\/2019\/08\/acto-sanidad-jul19-Amnistia-Internacional.jpg\",\"datePublished\":\"2019-08-01T10:03:04+00:00\",\"description\":\"Embarazadas, menores y solicitantes de asilo sin derecho a ser atendidos en el Sistema Nacional de Salud, apoyadas por organizaciones de salud y derechos Organizaciones sociales exigen al gobierno espa\u00f1ol la aplicaci\u00f3n de la sanidad universal a todos los migrantes.\",\"breadcrumb\":{\"@id\":\"https:\/\/www.pressenza.com\/es\/2019\/08\/organizaciones-sociales-exigen-una-nueva-regulacion-que-recupere-el-derecho-a-la-salud-de-todas-las-personas\/#breadcrumb\"},\"inLanguage\":\"es\",\"potentialAction\":[{\"@type\":\"ReadAction\",\"target\":[\"https:\/\/www.pressenza.com\/es\/2019\/08\/organizaciones-sociales-exigen-una-nueva-regulacion-que-recupere-el-derecho-a-la-salud-de-todas-las-personas\/\"]}]},{\"@type\":\"ImageObject\",\"inLanguage\":\"es\",\"@id\":\"https:\/\/www.pressenza.com\/es\/2019\/08\/organizaciones-sociales-exigen-una-nueva-regulacion-que-recupere-el-derecho-a-la-salud-de-todas-las-personas\/#primaryimage\",\"url\":\"https:\/\/www.pressenza.com\/wp-content\/uploads\/2019\/08\/acto-sanidad-jul19-Amnistia-Internacional.jpg\",\"contentUrl\":\"https:\/\/www.pressenza.com\/wp-content\/uploads\/2019\/08\/acto-sanidad-jul19-Amnistia-Internacional.jpg\",\"width\":1040,\"height\":585},{\"@type\":\"BreadcrumbList\",\"@id\":\"https:\/\/www.pressenza.com\/es\/2019\/08\/organizaciones-sociales-exigen-una-nueva-regulacion-que-recupere-el-derecho-a-la-salud-de-todas-las-personas\/#breadcrumb\",\"itemListElement\":[{\"@type\":\"ListItem\",\"position\":1,\"name\":\"Accueil\",\"item\":\"https:\/\/www.pressenza.com\/es\/\"},{\"@type\":\"ListItem\",\"position\":2,\"name\":\"Organizaciones sociales exigen una nueva regulaci\u00f3n que recupere el derecho a la salud de todas las personas\"}]},{\"@type\":\"WebSite\",\"@id\":\"https:\/\/www.pressenza.com\/es\/#website\",\"url\":\"https:\/\/www.pressenza.com\/es\/\",\"name\":\"Pressenza\",\"description\":\"International Press Agency\",\"publisher\":{\"@id\":\"https:\/\/www.pressenza.com\/es\/#organization\"},\"potentialAction\":[{\"@type\":\"SearchAction\",\"target\":{\"@type\":\"EntryPoint\",\"urlTemplate\":\"https:\/\/www.pressenza.com\/es\/?s={search_term_string}\"},\"query-input\":{\"@type\":\"PropertyValueSpecification\",\"valueRequired\":true,\"valueName\":\"search_term_string\"}}],\"inLanguage\":\"es\"},{\"@type\":\"Organization\",\"@id\":\"https:\/\/www.pressenza.com\/es\/#organization\",\"name\":\"Pressenza\",\"url\":\"https:\/\/www.pressenza.com\/es\/\",\"logo\":{\"@type\":\"ImageObject\",\"inLanguage\":\"es\",\"@id\":\"https:\/\/www.pressenza.com\/es\/#\/schema\/logo\/image\/\",\"url\":\"https:\/\/www.pressenza.com\/wp-content\/uploads\/2022\/10\/pressenza_logo_200x200.jpg\",\"contentUrl\":\"https:\/\/www.pressenza.com\/wp-content\/uploads\/2022\/10\/pressenza_logo_200x200.jpg\",\"width\":200,\"height\":200,\"caption\":\"Pressenza\"},\"image\":{\"@id\":\"https:\/\/www.pressenza.com\/es\/#\/schema\/logo\/image\/\"},\"sameAs\":[\"https:\/\/www.facebook.com\/PressenzaItalia\",\"https:\/\/x.com\/PressenzaIPA\"]},{\"@type\":\"Person\",\"@id\":\"https:\/\/www.pressenza.com\/es\/#\/schema\/person\/fffbbe2f14495897417f313a954dae23\",\"name\":\"Redacci\u00f3n Espa\u00f1a\",\"url\":\"https:\/\/www.pressenza.com\/es\/author\/redaccion-espana\/\"}]}<\/script>\n<!-- \/ Yoast SEO plugin. -->","yoast_head_json":{"title":"Organizaciones sociales exigen una nueva regulaci\u00f3n que recupere el derecho a la salud de todas las personas","description":"Embarazadas, menores y solicitantes de asilo sin derecho a ser atendidos en el Sistema Nacional de Salud, apoyadas por organizaciones de salud y derechos Organizaciones sociales exigen al gobierno espa\u00f1ol la aplicaci\u00f3n de la sanidad universal a todos los migrantes.","robots":{"index":"index","follow":"follow","max-snippet":"max-snippet:-1","max-image-preview":"max-image-preview:large","max-video-preview":"max-video-preview:-1"},"canonical":"https:\/\/www.pressenza.com\/es\/2019\/08\/organizaciones-sociales-exigen-una-nueva-regulacion-que-recupere-el-derecho-a-la-salud-de-todas-las-personas\/","og_locale":"es_ES","og_type":"article","og_title":"Organizaciones sociales exigen una nueva regulaci\u00f3n que recupere el derecho a la salud de todas las personas","og_description":"Embarazadas, menores y solicitantes de asilo sin derecho a ser atendidos en el Sistema Nacional de Salud, apoyadas por organizaciones de salud y derechos Organizaciones sociales exigen al gobierno espa\u00f1ol la aplicaci\u00f3n de la sanidad universal a todos los migrantes.","og_url":"https:\/\/www.pressenza.com\/es\/2019\/08\/organizaciones-sociales-exigen-una-nueva-regulacion-que-recupere-el-derecho-a-la-salud-de-todas-las-personas\/","og_site_name":"Pressenza","article_publisher":"https:\/\/www.facebook.com\/PressenzaItalia","article_published_time":"2019-08-01T10:03:04+00:00","og_image":[{"width":1040,"height":585,"url":"https:\/\/www.pressenza.com\/wp-content\/uploads\/2019\/08\/acto-sanidad-jul19-Amnistia-Internacional.jpg","type":"image\/jpeg"}],"author":"Redacci\u00f3n Espa\u00f1a","twitter_card":"summary_large_image","twitter_creator":"@PressenzaIPA","twitter_site":"@PressenzaIPA","twitter_misc":{"Escrito por":"Redacci\u00f3n Espa\u00f1a","Tiempo de lectura":"6 minutos"},"schema":{"@context":"https:\/\/schema.org","@graph":[{"@type":"Article","@id":"https:\/\/www.pressenza.com\/es\/2019\/08\/organizaciones-sociales-exigen-una-nueva-regulacion-que-recupere-el-derecho-a-la-salud-de-todas-las-personas\/#article","isPartOf":{"@id":"https:\/\/www.pressenza.com\/es\/2019\/08\/organizaciones-sociales-exigen-una-nueva-regulacion-que-recupere-el-derecho-a-la-salud-de-todas-las-personas\/"},"author":{"name":"Redacci\u00f3n Espa\u00f1a","@id":"https:\/\/www.pressenza.com\/es\/#\/schema\/person\/fffbbe2f14495897417f313a954dae23"},"headline":"Organizaciones sociales exigen una nueva regulaci\u00f3n que recupere el derecho a la salud de todas las personas","datePublished":"2019-08-01T10:03:04+00:00","mainEntityOfPage":{"@id":"https:\/\/www.pressenza.com\/es\/2019\/08\/organizaciones-sociales-exigen-una-nueva-regulacion-que-recupere-el-derecho-a-la-salud-de-todas-las-personas\/"},"wordCount":1187,"publisher":{"@id":"https:\/\/www.pressenza.com\/es\/#organization"},"image":{"@id":"https:\/\/www.pressenza.com\/es\/2019\/08\/organizaciones-sociales-exigen-una-nueva-regulacion-que-recupere-el-derecho-a-la-salud-de-todas-las-personas\/#primaryimage"},"thumbnailUrl":"https:\/\/www.pressenza.com\/wp-content\/uploads\/2019\/08\/acto-sanidad-jul19-Amnistia-Internacional.jpg","keywords":["Amnist\u00eda Internacional","Derechos sociales","exclusi\u00f3n sanitaria","REDER","Sanidad P\u00fablica","Yo S\u00ed Sanidad Universal"],"articleSection":["Comunicados de Prensa","Europa","Regi\u00f3n","Salud"],"inLanguage":"es"},{"@type":"WebPage","@id":"https:\/\/www.pressenza.com\/es\/2019\/08\/organizaciones-sociales-exigen-una-nueva-regulacion-que-recupere-el-derecho-a-la-salud-de-todas-las-personas\/","url":"https:\/\/www.pressenza.com\/es\/2019\/08\/organizaciones-sociales-exigen-una-nueva-regulacion-que-recupere-el-derecho-a-la-salud-de-todas-las-personas\/","name":"Organizaciones sociales exigen una nueva regulaci\u00f3n que recupere el derecho a la salud de todas las personas","isPartOf":{"@id":"https:\/\/www.pressenza.com\/es\/#website"},"primaryImageOfPage":{"@id":"https:\/\/www.pressenza.com\/es\/2019\/08\/organizaciones-sociales-exigen-una-nueva-regulacion-que-recupere-el-derecho-a-la-salud-de-todas-las-personas\/#primaryimage"},"image":{"@id":"https:\/\/www.pressenza.com\/es\/2019\/08\/organizaciones-sociales-exigen-una-nueva-regulacion-que-recupere-el-derecho-a-la-salud-de-todas-las-personas\/#primaryimage"},"thumbnailUrl":"https:\/\/www.pressenza.com\/wp-content\/uploads\/2019\/08\/acto-sanidad-jul19-Amnistia-Internacional.jpg","datePublished":"2019-08-01T10:03:04+00:00","description":"Embarazadas, menores y solicitantes de asilo sin derecho a ser atendidos en el Sistema Nacional de Salud, apoyadas por organizaciones de salud y derechos Organizaciones sociales exigen al gobierno espa\u00f1ol la aplicaci\u00f3n de la sanidad universal a todos los migrantes.","breadcrumb":{"@id":"https:\/\/www.pressenza.com\/es\/2019\/08\/organizaciones-sociales-exigen-una-nueva-regulacion-que-recupere-el-derecho-a-la-salud-de-todas-las-personas\/#breadcrumb"},"inLanguage":"es","potentialAction":[{"@type":"ReadAction","target":["https:\/\/www.pressenza.com\/es\/2019\/08\/organizaciones-sociales-exigen-una-nueva-regulacion-que-recupere-el-derecho-a-la-salud-de-todas-las-personas\/"]}]},{"@type":"ImageObject","inLanguage":"es","@id":"https:\/\/www.pressenza.com\/es\/2019\/08\/organizaciones-sociales-exigen-una-nueva-regulacion-que-recupere-el-derecho-a-la-salud-de-todas-las-personas\/#primaryimage","url":"https:\/\/www.pressenza.com\/wp-content\/uploads\/2019\/08\/acto-sanidad-jul19-Amnistia-Internacional.jpg","contentUrl":"https:\/\/www.pressenza.com\/wp-content\/uploads\/2019\/08\/acto-sanidad-jul19-Amnistia-Internacional.jpg","width":1040,"height":585},{"@type":"BreadcrumbList","@id":"https:\/\/www.pressenza.com\/es\/2019\/08\/organizaciones-sociales-exigen-una-nueva-regulacion-que-recupere-el-derecho-a-la-salud-de-todas-las-personas\/#breadcrumb","itemListElement":[{"@type":"ListItem","position":1,"name":"Accueil","item":"https:\/\/www.pressenza.com\/es\/"},{"@type":"ListItem","position":2,"name":"Organizaciones sociales exigen una nueva regulaci\u00f3n que recupere el derecho a la salud de todas las personas"}]},{"@type":"WebSite","@id":"https:\/\/www.pressenza.com\/es\/#website","url":"https:\/\/www.pressenza.com\/es\/","name":"Pressenza","description":"International Press Agency","publisher":{"@id":"https:\/\/www.pressenza.com\/es\/#organization"},"potentialAction":[{"@type":"SearchAction","target":{"@type":"EntryPoint","urlTemplate":"https:\/\/www.pressenza.com\/es\/?s={search_term_string}"},"query-input":{"@type":"PropertyValueSpecification","valueRequired":true,"valueName":"search_term_string"}}],"inLanguage":"es"},{"@type":"Organization","@id":"https:\/\/www.pressenza.com\/es\/#organization","name":"Pressenza","url":"https:\/\/www.pressenza.com\/es\/","logo":{"@type":"ImageObject","inLanguage":"es","@id":"https:\/\/www.pressenza.com\/es\/#\/schema\/logo\/image\/","url":"https:\/\/www.pressenza.com\/wp-content\/uploads\/2022\/10\/pressenza_logo_200x200.jpg","contentUrl":"https:\/\/www.pressenza.com\/wp-content\/uploads\/2022\/10\/pressenza_logo_200x200.jpg","width":200,"height":200,"caption":"Pressenza"},"image":{"@id":"https:\/\/www.pressenza.com\/es\/#\/schema\/logo\/image\/"},"sameAs":["https:\/\/www.facebook.com\/PressenzaItalia","https:\/\/x.com\/PressenzaIPA"]},{"@type":"Person","@id":"https:\/\/www.pressenza.com\/es\/#\/schema\/person\/fffbbe2f14495897417f313a954dae23","name":"Redacci\u00f3n Espa\u00f1a","url":"https:\/\/www.pressenza.com\/es\/author\/redaccion-espana\/"}]}},"place":"Madrid","original_article_url":"","_links":{"self":[{"href":"https:\/\/www.pressenza.com\/es\/wp-json\/wp\/v2\/posts\/896454","targetHints":{"allow":["GET"]}}],"collection":[{"href":"https:\/\/www.pressenza.com\/es\/wp-json\/wp\/v2\/posts"}],"about":[{"href":"https:\/\/www.pressenza.com\/es\/wp-json\/wp\/v2\/types\/post"}],"author":[{"embeddable":true,"href":"https:\/\/www.pressenza.com\/es\/wp-json\/wp\/v2\/users\/1681"}],"replies":[{"embeddable":true,"href":"https:\/\/www.pressenza.com\/es\/wp-json\/wp\/v2\/comments?post=896454"}],"version-history":[{"count":0,"href":"https:\/\/www.pressenza.com\/es\/wp-json\/wp\/v2\/posts\/896454\/revisions"}],"wp:featuredmedia":[{"embeddable":true,"href":"https:\/\/www.pressenza.com\/es\/wp-json\/wp\/v2\/media\/896457"}],"wp:attachment":[{"href":"https:\/\/www.pressenza.com\/es\/wp-json\/wp\/v2\/media?parent=896454"}],"wp:term":[{"taxonomy":"category","embeddable":true,"href":"https:\/\/www.pressenza.com\/es\/wp-json\/wp\/v2\/categories?post=896454"},{"taxonomy":"post_tag","embeddable":true,"href":"https:\/\/www.pressenza.com\/es\/wp-json\/wp\/v2\/tags?post=896454"}],"curies":[{"name":"wp","href":"https:\/\/api.w.org\/{rel}","templated":true}]}}