{"id":895813,"date":"2019-07-31T06:42:37","date_gmt":"2019-07-31T05:42:37","guid":{"rendered":"https:\/\/www.pressenza.com\/?p=895813"},"modified":"2019-07-31T06:42:37","modified_gmt":"2019-07-31T05:42:37","slug":"el-trabajo-invisible-del-sistema-unico-de-salud-sus","status":"publish","type":"post","link":"https:\/\/www.pressenza.com\/es\/2019\/07\/el-trabajo-invisible-del-sistema-unico-de-salud-sus\/","title":{"rendered":"El trabajo invisible del Sistema \u00danico de Salud (SUS)"},"content":{"rendered":"<p>El nuevo gobierno federal ha estado atacando con ferocidad al Sistema \u00danico de Salud, o al menos eso demuestra con sus acciones de desacreditaci\u00f3n a laboratorios que proporcionan medicamentos de alto costo para pacientes que se someten a un de trasplante de \u00f3rganos. Adem\u00e1s de terminar con el Programa M\u00e1s M\u00e9dicos, que ha afectado a millones de personas en todo el pa\u00eds. Las vacantes hasta ahora no han sido ocupadas.<\/p>\n<p>El Sistema \u00danico de Salud es un logro para el pueblo brasile\u00f1o. El modelo incluso es estudiado y replicado en diversos pa\u00edses del mundo. Este tiene como principios: la atenci\u00f3n integral (atendiendo a todas las necesidades), la equidad y la universalidad (derecho a la salud para todas las personas).<\/p>\n<p>El SUS est\u00e1 financiado por la Uni\u00f3n, Estados, el Distrito Federal y municipios. Est\u00e1 centralizado con directrices establecidas por el Ministerio de Salud, y al mismo tiempo descentralizado, ya que cada municipio realiza acciones enfocadas a la realidad local. Lea a continuaci\u00f3n un relato hist\u00f3rico sobre la salud en Brasil:<\/p>\n<ul>\n<li><strong>Per\u00edodo Colonial (1500 &#8211; 1808): <\/strong>Escasez de profesionales de la salud en general. Ausencia de saneamiento b\u00e1sico, diversas epidemias como la viruela y la fiebre amarilla. Cuando hab\u00eda atenci\u00f3n disponible esta era costosa, de manera que, los curanderos atend\u00edan al sector popular.<\/li>\n<li><strong>Imperio portugu\u00e9s y traslado de la Corte a Brasil (1808 \u2013 1889):<\/strong> Fundaci\u00f3n de las primeras escuelas de medicina en RJ (1813) y en BA (1815). Inicio de campa\u00f1as de vacunaci\u00f3n masiva para erradicar enfermedades infecciosas.<\/li>\n<li><strong><em>Rep\u00fablica Velha <\/em><\/strong><strong>(1889 \u2013 1930):<\/strong> El gobierno aumenta el valor del presupuesto invertido en prevenci\u00f3n y sanitaci\u00f3n de las ciudades. La atenci\u00f3n m\u00e9dica era solo para los trabajadores con contrato fijo.<\/li>\n<li><strong>1934 \u2013 1980:<\/strong> La atenci\u00f3n tambi\u00e9n se expandi\u00f3 a las personas dependientes de los trabajadores con contrato fijo.<\/li>\n<li><strong>1980 \u2013 1990:<\/strong> Implementaci\u00f3n del Sistema \u00danico de Salud.<\/li>\n<\/ul>\n<p>Apenas en los \u00faltimos 30 a\u00f1os en la historia de Brasil, existe un sistema p\u00fablico, gratuito, y universal. Por lo tanto, el SUS es un logro hist\u00f3rico reciente que est\u00e1 siendo amenazado.<\/p>\n<p>El sentido com\u00fan entiende el trabajo del SUS apenas como algo que se realiza en centros de salud y hospitales p\u00fablicos, sin embargo, el sistema es amplio y desempe\u00f1a un servicio vasto e importante. Incluso afecta a personas que tienen seguro de salud y utilizan el sistema privado. Dentro los \u00f3rganos que forman parte del sistema est\u00e1n:<\/p>\n<ul>\n<li><strong>Fiocruz<\/strong>: <em>Funda\u00e7\u00e3o Oswaldo Cruz<\/em>. Realiza investigaciones en el campo de la salud, que promueven mejoras en la calidad de vida de la poblaci\u00f3n brasile\u00f1a.<\/li>\n<li><strong>Funasa<\/strong>: <em>Funda\u00e7\u00e3o Nacional da Sa\u00fade<\/em>. Promueve la salud p\u00fablica y la inclusi\u00f3n social por medio de acciones de salud ambiental y sanitaci\u00f3n.<\/li>\n<li><strong>Anvisa<\/strong>: <em>Ag\u00eancia Nacional de Vigil\u00e2ncia Sanit\u00e1ria<\/em>. Realiza la supervisi\u00f3n de la producci\u00f3n y consumo de productos ofrecidos a la poblaci\u00f3n, adem\u00e1s de puertos y aeropuertos, fronteras y recintos aduaneros.<\/li>\n<li><strong>ANS<\/strong>: <em>Ag\u00eancia Nacional de Sa\u00fade Suplementar<\/em>. Realiza la acreditaci\u00f3n y control de los seguros m\u00e9dicos privados.<\/li>\n<li><strong>Hemobr\u00e1s<\/strong>: Empresa Brasile\u00f1a de hemoderivados y biotecnolog\u00eda. Busca disminuir la dependencia externa de Brasil con respecto a los derivados de sangre y biofarmace\u00faticos, produciendo medicamentos esenciales para los brasile\u00f1os con enfermedades como cirrosis, SIDA y c\u00e1ncer.<\/li>\n<li><strong>Into<\/strong>: Instituto Nacional de Traumatolog\u00eda y Ortopedia. Realiza tratamientos quir\u00fargicos ortop\u00e9dicos de alta complejidad, adem\u00e1s de investigaciones. Es parte del <em>International Society of Orthopaedic Centers<\/em> (ISOC), que congrega a los mejores hospitales ortop\u00e9dicos del mundo.<\/li>\n<li><strong>INCA<\/strong>: Instituto Nacional de C\u00e1ncer.\u00a0Realiza acciones de control y prevenci\u00f3n del c\u00e1ncer en todo Brasil.<\/li>\n<\/ul>\n<p>El SUS es un logro, un derecho social. El sistema es importante, especialmente, para los sectores m\u00e1s pobres de la poblaci\u00f3n que no cuentan con otras alternativas para ser tratados.<\/p>\n<hr \/>\n<p><em>Traducci\u00f3n del portugu\u00e9s por Erika Rodriguez<\/em><\/p>\n","protected":false},"excerpt":{"rendered":"<p>El nuevo gobierno federal ha estado atacando con ferocidad al Sistema \u00danico de Salud, o al menos eso demuestra con sus acciones de desacreditaci\u00f3n a laboratorios que proporcionan medicamentos de alto costo para pacientes que se someten a un de&hellip;<\/p>\n","protected":false},"author":44,"featured_media":892850,"comment_status":"closed","ping_status":"closed","sticky":false,"template":"","format":"standard","meta":{"footnotes":""},"categories":[11389,1239,67],"tags":[57641],"class_list":["post-895813","post","type-post","status-publish","format-standard","has-post-thumbnail","hentry","category-contenido-original","category-salud","category-sudamerica","tag-sus-es"],"yoast_head":"<!-- This site is optimized with the Yoast SEO plugin v27.1.1 - https:\/\/yoast.com\/product\/yoast-seo-wordpress\/ -->\n<title>El trabajo invisible del Sistema \u00danico de Salud (SUS)<\/title>\n<meta name=\"description\" content=\"El nuevo gobierno federal ha estado atacando con ferocidad al Sistema \u00danico de Salud, o al menos eso demuestra con sus acciones de desacreditaci\u00f3n a\" \/>\n<meta name=\"robots\" content=\"index, follow, max-snippet:-1, max-image-preview:large, max-video-preview:-1\" \/>\n<link rel=\"canonical\" href=\"https:\/\/www.pressenza.com\/es\/2019\/07\/el-trabajo-invisible-del-sistema-unico-de-salud-sus\/\" \/>\n<meta property=\"og:locale\" content=\"es_ES\" \/>\n<meta property=\"og:type\" content=\"article\" \/>\n<meta property=\"og:title\" content=\"El trabajo invisible del Sistema \u00danico de Salud (SUS)\" \/>\n<meta property=\"og:description\" content=\"El nuevo gobierno federal ha estado atacando con ferocidad al Sistema \u00danico de Salud, o al menos eso demuestra con sus acciones de desacreditaci\u00f3n a\" \/>\n<meta property=\"og:url\" content=\"https:\/\/www.pressenza.com\/es\/2019\/07\/el-trabajo-invisible-del-sistema-unico-de-salud-sus\/\" \/>\n<meta property=\"og:site_name\" content=\"Pressenza\" \/>\n<meta property=\"article:publisher\" content=\"https:\/\/www.facebook.com\/PressenzaItalia\" \/>\n<meta property=\"article:author\" content=\"https:\/\/www.facebook.com\/PressenzaPortugues\" \/>\n<meta property=\"article:published_time\" content=\"2019-07-31T05:42:37+00:00\" \/>\n<meta property=\"og:image\" content=\"https:\/\/www.pressenza.com\/wp-content\/uploads\/2019\/07\/o-trabalho-inivisi\u0301vel-do-sistema-u\u0301nico-de-sau\u0301de.jpg\" \/>\n\t<meta property=\"og:image:width\" content=\"1000\" \/>\n\t<meta property=\"og:image:height\" content=\"600\" \/>\n\t<meta property=\"og:image:type\" content=\"image\/jpeg\" \/>\n<meta name=\"author\" content=\"Reda\u00e7\u00e3o S\u00e3o Paulo\" \/>\n<meta name=\"twitter:card\" content=\"summary_large_image\" \/>\n<meta name=\"twitter:creator\" content=\"@pressenza_pt\" \/>\n<meta name=\"twitter:site\" content=\"@PressenzaIPA\" \/>\n<meta name=\"twitter:label1\" content=\"Escrito por\" \/>\n\t<meta name=\"twitter:data1\" content=\"Reda\u00e7\u00e3o S\u00e3o Paulo\" \/>\n\t<meta name=\"twitter:label2\" content=\"Tiempo de lectura\" \/>\n\t<meta name=\"twitter:data2\" content=\"3 minutos\" \/>\n<script type=\"application\/ld+json\" class=\"yoast-schema-graph\">{\"@context\":\"https:\/\/schema.org\",\"@graph\":[{\"@type\":\"Article\",\"@id\":\"https:\/\/www.pressenza.com\/es\/2019\/07\/el-trabajo-invisible-del-sistema-unico-de-salud-sus\/#article\",\"isPartOf\":{\"@id\":\"https:\/\/www.pressenza.com\/es\/2019\/07\/el-trabajo-invisible-del-sistema-unico-de-salud-sus\/\"},\"author\":{\"name\":\"Reda\u00e7\u00e3o S\u00e3o Paulo\",\"@id\":\"https:\/\/www.pressenza.com\/es\/#\/schema\/person\/d171826afb7693cfc394da95892bfd93\"},\"headline\":\"El trabajo invisible del Sistema \u00danico de Salud (SUS)\",\"datePublished\":\"2019-07-31T05:42:37+00:00\",\"mainEntityOfPage\":{\"@id\":\"https:\/\/www.pressenza.com\/es\/2019\/07\/el-trabajo-invisible-del-sistema-unico-de-salud-sus\/\"},\"wordCount\":672,\"publisher\":{\"@id\":\"https:\/\/www.pressenza.com\/es\/#organization\"},\"image\":{\"@id\":\"https:\/\/www.pressenza.com\/es\/2019\/07\/el-trabajo-invisible-del-sistema-unico-de-salud-sus\/#primaryimage\"},\"thumbnailUrl\":\"https:\/\/www.pressenza.com\/wp-content\/uploads\/2019\/07\/o-trabalho-inivisi\u0301vel-do-sistema-u\u0301nico-de-sau\u0301de.jpg\",\"keywords\":[\"SUS\"],\"articleSection\":[\"Contenido Original\",\"Salud\",\"Sudam\u00e9rica\"],\"inLanguage\":\"es\"},{\"@type\":\"WebPage\",\"@id\":\"https:\/\/www.pressenza.com\/es\/2019\/07\/el-trabajo-invisible-del-sistema-unico-de-salud-sus\/\",\"url\":\"https:\/\/www.pressenza.com\/es\/2019\/07\/el-trabajo-invisible-del-sistema-unico-de-salud-sus\/\",\"name\":\"El trabajo invisible del Sistema \u00danico de Salud (SUS)\",\"isPartOf\":{\"@id\":\"https:\/\/www.pressenza.com\/es\/#website\"},\"primaryImageOfPage\":{\"@id\":\"https:\/\/www.pressenza.com\/es\/2019\/07\/el-trabajo-invisible-del-sistema-unico-de-salud-sus\/#primaryimage\"},\"image\":{\"@id\":\"https:\/\/www.pressenza.com\/es\/2019\/07\/el-trabajo-invisible-del-sistema-unico-de-salud-sus\/#primaryimage\"},\"thumbnailUrl\":\"https:\/\/www.pressenza.com\/wp-content\/uploads\/2019\/07\/o-trabalho-inivisi\u0301vel-do-sistema-u\u0301nico-de-sau\u0301de.jpg\",\"datePublished\":\"2019-07-31T05:42:37+00:00\",\"description\":\"El nuevo gobierno federal ha estado atacando con ferocidad al Sistema \u00danico de Salud, o al menos eso demuestra con sus acciones de desacreditaci\u00f3n a\",\"breadcrumb\":{\"@id\":\"https:\/\/www.pressenza.com\/es\/2019\/07\/el-trabajo-invisible-del-sistema-unico-de-salud-sus\/#breadcrumb\"},\"inLanguage\":\"es\",\"potentialAction\":[{\"@type\":\"ReadAction\",\"target\":[\"https:\/\/www.pressenza.com\/es\/2019\/07\/el-trabajo-invisible-del-sistema-unico-de-salud-sus\/\"]}]},{\"@type\":\"ImageObject\",\"inLanguage\":\"es\",\"@id\":\"https:\/\/www.pressenza.com\/es\/2019\/07\/el-trabajo-invisible-del-sistema-unico-de-salud-sus\/#primaryimage\",\"url\":\"https:\/\/www.pressenza.com\/wp-content\/uploads\/2019\/07\/o-trabalho-inivisi\u0301vel-do-sistema-u\u0301nico-de-sau\u0301de.jpg\",\"contentUrl\":\"https:\/\/www.pressenza.com\/wp-content\/uploads\/2019\/07\/o-trabalho-inivisi\u0301vel-do-sistema-u\u0301nico-de-sau\u0301de.jpg\",\"width\":1000,\"height\":600},{\"@type\":\"BreadcrumbList\",\"@id\":\"https:\/\/www.pressenza.com\/es\/2019\/07\/el-trabajo-invisible-del-sistema-unico-de-salud-sus\/#breadcrumb\",\"itemListElement\":[{\"@type\":\"ListItem\",\"position\":1,\"name\":\"Accueil\",\"item\":\"https:\/\/www.pressenza.com\/es\/\"},{\"@type\":\"ListItem\",\"position\":2,\"name\":\"El trabajo invisible del Sistema \u00danico de Salud (SUS)\"}]},{\"@type\":\"WebSite\",\"@id\":\"https:\/\/www.pressenza.com\/es\/#website\",\"url\":\"https:\/\/www.pressenza.com\/es\/\",\"name\":\"Pressenza\",\"description\":\"International Press Agency\",\"publisher\":{\"@id\":\"https:\/\/www.pressenza.com\/es\/#organization\"},\"potentialAction\":[{\"@type\":\"SearchAction\",\"target\":{\"@type\":\"EntryPoint\",\"urlTemplate\":\"https:\/\/www.pressenza.com\/es\/?s={search_term_string}\"},\"query-input\":{\"@type\":\"PropertyValueSpecification\",\"valueRequired\":true,\"valueName\":\"search_term_string\"}}],\"inLanguage\":\"es\"},{\"@type\":\"Organization\",\"@id\":\"https:\/\/www.pressenza.com\/es\/#organization\",\"name\":\"Pressenza\",\"url\":\"https:\/\/www.pressenza.com\/es\/\",\"logo\":{\"@type\":\"ImageObject\",\"inLanguage\":\"es\",\"@id\":\"https:\/\/www.pressenza.com\/es\/#\/schema\/logo\/image\/\",\"url\":\"https:\/\/www.pressenza.com\/wp-content\/uploads\/2022\/10\/pressenza_logo_200x200.jpg\",\"contentUrl\":\"https:\/\/www.pressenza.com\/wp-content\/uploads\/2022\/10\/pressenza_logo_200x200.jpg\",\"width\":200,\"height\":200,\"caption\":\"Pressenza\"},\"image\":{\"@id\":\"https:\/\/www.pressenza.com\/es\/#\/schema\/logo\/image\/\"},\"sameAs\":[\"https:\/\/www.facebook.com\/PressenzaItalia\",\"https:\/\/x.com\/PressenzaIPA\"]},{\"@type\":\"Person\",\"@id\":\"https:\/\/www.pressenza.com\/es\/#\/schema\/person\/d171826afb7693cfc394da95892bfd93\",\"name\":\"Reda\u00e7\u00e3o S\u00e3o Paulo\",\"description\":\"News from the Pressenza bureau in Sao Paulo, Brazil\",\"sameAs\":[\"https:\/\/www.facebook.com\/PressenzaPortugues\",\"https:\/\/x.com\/pressenza_pt\"],\"url\":\"https:\/\/www.pressenza.com\/es\/author\/redaccao-sao-paulo\/\"}]}<\/script>\n<!-- \/ Yoast SEO plugin. -->","yoast_head_json":{"title":"El trabajo invisible del Sistema \u00danico de Salud (SUS)","description":"El nuevo gobierno federal ha estado atacando con ferocidad al Sistema \u00danico de Salud, o al menos eso demuestra con sus acciones de desacreditaci\u00f3n a","robots":{"index":"index","follow":"follow","max-snippet":"max-snippet:-1","max-image-preview":"max-image-preview:large","max-video-preview":"max-video-preview:-1"},"canonical":"https:\/\/www.pressenza.com\/es\/2019\/07\/el-trabajo-invisible-del-sistema-unico-de-salud-sus\/","og_locale":"es_ES","og_type":"article","og_title":"El trabajo invisible del Sistema \u00danico de Salud (SUS)","og_description":"El nuevo gobierno federal ha estado atacando con ferocidad al Sistema \u00danico de Salud, o al menos eso demuestra con sus acciones de desacreditaci\u00f3n a","og_url":"https:\/\/www.pressenza.com\/es\/2019\/07\/el-trabajo-invisible-del-sistema-unico-de-salud-sus\/","og_site_name":"Pressenza","article_publisher":"https:\/\/www.facebook.com\/PressenzaItalia","article_author":"https:\/\/www.facebook.com\/PressenzaPortugues","article_published_time":"2019-07-31T05:42:37+00:00","og_image":[{"width":1000,"height":600,"url":"https:\/\/www.pressenza.com\/wp-content\/uploads\/2019\/07\/o-trabalho-inivisi\u0301vel-do-sistema-u\u0301nico-de-sau\u0301de.jpg","type":"image\/jpeg"}],"author":"Reda\u00e7\u00e3o S\u00e3o Paulo","twitter_card":"summary_large_image","twitter_creator":"@pressenza_pt","twitter_site":"@PressenzaIPA","twitter_misc":{"Escrito por":"Reda\u00e7\u00e3o S\u00e3o Paulo","Tiempo de lectura":"3 minutos"},"schema":{"@context":"https:\/\/schema.org","@graph":[{"@type":"Article","@id":"https:\/\/www.pressenza.com\/es\/2019\/07\/el-trabajo-invisible-del-sistema-unico-de-salud-sus\/#article","isPartOf":{"@id":"https:\/\/www.pressenza.com\/es\/2019\/07\/el-trabajo-invisible-del-sistema-unico-de-salud-sus\/"},"author":{"name":"Reda\u00e7\u00e3o S\u00e3o Paulo","@id":"https:\/\/www.pressenza.com\/es\/#\/schema\/person\/d171826afb7693cfc394da95892bfd93"},"headline":"El trabajo invisible del Sistema \u00danico de Salud (SUS)","datePublished":"2019-07-31T05:42:37+00:00","mainEntityOfPage":{"@id":"https:\/\/www.pressenza.com\/es\/2019\/07\/el-trabajo-invisible-del-sistema-unico-de-salud-sus\/"},"wordCount":672,"publisher":{"@id":"https:\/\/www.pressenza.com\/es\/#organization"},"image":{"@id":"https:\/\/www.pressenza.com\/es\/2019\/07\/el-trabajo-invisible-del-sistema-unico-de-salud-sus\/#primaryimage"},"thumbnailUrl":"https:\/\/www.pressenza.com\/wp-content\/uploads\/2019\/07\/o-trabalho-inivisi\u0301vel-do-sistema-u\u0301nico-de-sau\u0301de.jpg","keywords":["SUS"],"articleSection":["Contenido Original","Salud","Sudam\u00e9rica"],"inLanguage":"es"},{"@type":"WebPage","@id":"https:\/\/www.pressenza.com\/es\/2019\/07\/el-trabajo-invisible-del-sistema-unico-de-salud-sus\/","url":"https:\/\/www.pressenza.com\/es\/2019\/07\/el-trabajo-invisible-del-sistema-unico-de-salud-sus\/","name":"El trabajo invisible del Sistema \u00danico de Salud (SUS)","isPartOf":{"@id":"https:\/\/www.pressenza.com\/es\/#website"},"primaryImageOfPage":{"@id":"https:\/\/www.pressenza.com\/es\/2019\/07\/el-trabajo-invisible-del-sistema-unico-de-salud-sus\/#primaryimage"},"image":{"@id":"https:\/\/www.pressenza.com\/es\/2019\/07\/el-trabajo-invisible-del-sistema-unico-de-salud-sus\/#primaryimage"},"thumbnailUrl":"https:\/\/www.pressenza.com\/wp-content\/uploads\/2019\/07\/o-trabalho-inivisi\u0301vel-do-sistema-u\u0301nico-de-sau\u0301de.jpg","datePublished":"2019-07-31T05:42:37+00:00","description":"El nuevo gobierno federal ha estado atacando con ferocidad al Sistema \u00danico de Salud, o al menos eso demuestra con sus acciones de desacreditaci\u00f3n a","breadcrumb":{"@id":"https:\/\/www.pressenza.com\/es\/2019\/07\/el-trabajo-invisible-del-sistema-unico-de-salud-sus\/#breadcrumb"},"inLanguage":"es","potentialAction":[{"@type":"ReadAction","target":["https:\/\/www.pressenza.com\/es\/2019\/07\/el-trabajo-invisible-del-sistema-unico-de-salud-sus\/"]}]},{"@type":"ImageObject","inLanguage":"es","@id":"https:\/\/www.pressenza.com\/es\/2019\/07\/el-trabajo-invisible-del-sistema-unico-de-salud-sus\/#primaryimage","url":"https:\/\/www.pressenza.com\/wp-content\/uploads\/2019\/07\/o-trabalho-inivisi\u0301vel-do-sistema-u\u0301nico-de-sau\u0301de.jpg","contentUrl":"https:\/\/www.pressenza.com\/wp-content\/uploads\/2019\/07\/o-trabalho-inivisi\u0301vel-do-sistema-u\u0301nico-de-sau\u0301de.jpg","width":1000,"height":600},{"@type":"BreadcrumbList","@id":"https:\/\/www.pressenza.com\/es\/2019\/07\/el-trabajo-invisible-del-sistema-unico-de-salud-sus\/#breadcrumb","itemListElement":[{"@type":"ListItem","position":1,"name":"Accueil","item":"https:\/\/www.pressenza.com\/es\/"},{"@type":"ListItem","position":2,"name":"El trabajo invisible del Sistema \u00danico de Salud (SUS)"}]},{"@type":"WebSite","@id":"https:\/\/www.pressenza.com\/es\/#website","url":"https:\/\/www.pressenza.com\/es\/","name":"Pressenza","description":"International Press Agency","publisher":{"@id":"https:\/\/www.pressenza.com\/es\/#organization"},"potentialAction":[{"@type":"SearchAction","target":{"@type":"EntryPoint","urlTemplate":"https:\/\/www.pressenza.com\/es\/?s={search_term_string}"},"query-input":{"@type":"PropertyValueSpecification","valueRequired":true,"valueName":"search_term_string"}}],"inLanguage":"es"},{"@type":"Organization","@id":"https:\/\/www.pressenza.com\/es\/#organization","name":"Pressenza","url":"https:\/\/www.pressenza.com\/es\/","logo":{"@type":"ImageObject","inLanguage":"es","@id":"https:\/\/www.pressenza.com\/es\/#\/schema\/logo\/image\/","url":"https:\/\/www.pressenza.com\/wp-content\/uploads\/2022\/10\/pressenza_logo_200x200.jpg","contentUrl":"https:\/\/www.pressenza.com\/wp-content\/uploads\/2022\/10\/pressenza_logo_200x200.jpg","width":200,"height":200,"caption":"Pressenza"},"image":{"@id":"https:\/\/www.pressenza.com\/es\/#\/schema\/logo\/image\/"},"sameAs":["https:\/\/www.facebook.com\/PressenzaItalia","https:\/\/x.com\/PressenzaIPA"]},{"@type":"Person","@id":"https:\/\/www.pressenza.com\/es\/#\/schema\/person\/d171826afb7693cfc394da95892bfd93","name":"Reda\u00e7\u00e3o S\u00e3o Paulo","description":"News from the Pressenza bureau in Sao Paulo, Brazil","sameAs":["https:\/\/www.facebook.com\/PressenzaPortugues","https:\/\/x.com\/pressenza_pt"],"url":"https:\/\/www.pressenza.com\/es\/author\/redaccao-sao-paulo\/"}]}},"place":"","original_article_url":"","_links":{"self":[{"href":"https:\/\/www.pressenza.com\/es\/wp-json\/wp\/v2\/posts\/895813","targetHints":{"allow":["GET"]}}],"collection":[{"href":"https:\/\/www.pressenza.com\/es\/wp-json\/wp\/v2\/posts"}],"about":[{"href":"https:\/\/www.pressenza.com\/es\/wp-json\/wp\/v2\/types\/post"}],"author":[{"embeddable":true,"href":"https:\/\/www.pressenza.com\/es\/wp-json\/wp\/v2\/users\/44"}],"replies":[{"embeddable":true,"href":"https:\/\/www.pressenza.com\/es\/wp-json\/wp\/v2\/comments?post=895813"}],"version-history":[{"count":0,"href":"https:\/\/www.pressenza.com\/es\/wp-json\/wp\/v2\/posts\/895813\/revisions"}],"wp:featuredmedia":[{"embeddable":true,"href":"https:\/\/www.pressenza.com\/es\/wp-json\/wp\/v2\/media\/892850"}],"wp:attachment":[{"href":"https:\/\/www.pressenza.com\/es\/wp-json\/wp\/v2\/media?parent=895813"}],"wp:term":[{"taxonomy":"category","embeddable":true,"href":"https:\/\/www.pressenza.com\/es\/wp-json\/wp\/v2\/categories?post=895813"},{"taxonomy":"post_tag","embeddable":true,"href":"https:\/\/www.pressenza.com\/es\/wp-json\/wp\/v2\/tags?post=895813"}],"curies":[{"name":"wp","href":"https:\/\/api.w.org\/{rel}","templated":true}]}}