{"id":8937,"date":"2012-04-30T00:00:00","date_gmt":"2012-04-30T00:00:00","guid":{"rendered":""},"modified":"2012-05-04T17:14:50","modified_gmt":"2012-05-04T17:14:50","slug":"xcomo-fortalecer-las-comunidades-para-un-estado-plurinacionalx","status":"publish","type":"post","link":"https:\/\/www.pressenza.com\/es\/2012\/04\/xcomo-fortalecer-las-comunidades-para-un-estado-plurinacionalx\/","title":{"rendered":"\u00bfC\u00f3mo Fortalecer las Comunidades para un Estado Plurinacional?"},"content":{"rendered":"<p>**Encuentro nacional de ex dirigentes ind\u00edgenas**<\/p>\n<p>El cierre del encuentro el d\u00eda domingo 29 en la ma\u00f1ana cont\u00f3 con la presencia de la compa\u00f1era Rigoberta Mench\u00fa, Premio Nobel de la Paz quien al iniciar su intervenci\u00f3n hizo esta aclaraci\u00f3n: \u201cEste encuentro empez\u00f3 con una convocatoria a ex-dirigentes del movimiento ind\u00edgena del Ecuador, pero que a lo largo de nuestro debate se dio un cambio. De aqu\u00ed en adelante, ninguno de los hombres, ninguna de las mujeres notables, distinguidas, honorables dirigentes y luchadores a lo largo de la historia de nuestros pueblos, se llamaran ex-dirigentes\u201d. <\/p>\n<p>En relaci\u00f3n al objetivo del encuentro manifest\u00f3 que \u201cEl objetivo de nosotros es lograr un puente, un acercamiento entre los pueblos ind\u00edgenas y los gobiernos progresistas de nuestro continente, Esos gobiernos progresistas, o revolucionarios, o transformadores, tienen una puerta abierta y nosotros queremos entrar por esa puerta, con toda la pertinencia para presentar una propuesta que ha sido construida en estos d\u00edas\u00bb.<\/p>\n<p>Particip\u00f3 tambi\u00e9n de este \u00faltimo momento del encuentro, el Ministro de Planificaci\u00f3n del Ecuador Fander Falc\u00f3n, quien luego de la entrega que le hicieron de las conclusiones y la declaraci\u00f3n construida colectivamente inicio su intervenci\u00f3n diciendo que \u201cPor eso es tan importante, no s\u00f3lo en t\u00e9rminos de la pol\u00edtica p\u00fablica, no s\u00f3lo la conservaci\u00f3n, la preservaci\u00f3n (de la agrodiversidad andina), sino fundamentalmente como nosotros podemos tener y entrar en toda la cadena de valor productiva comercial. Esta es una ventaja, pero por el otro lado est\u00e1n todos los oscuros que tienen algunas negociaciones comerciales que nos enfrentan necesariamente hacia tratativas de libre comercio que nos har\u00edan perder esa riqueza que tenemos en t\u00e9rminos de constituci\u00f3n de agrodiversidad\u201d. <\/p>\n<p>El Ministro de la planificaci\u00f3n Fander Falc\u00f3n, hac\u00eda esta reflexi\u00f3n mencionando el caso de M\u00e9xico que a partir del tratado de libre comercio -el NAFTA-, perdi\u00f3 la diversidad alrededor de toda la conceptualizaci\u00f3n del ma\u00edz , porque fue impuesta una semilla m\u00e1s comercial que ven\u00eda de los Estados Unidos. Lo que plantea el reto de proponer desde el cuidado y conservaci\u00f3n de la agrodiversidad andina en el cultivo de la papa, y de otros productos agr\u00edcolas, se pueda establecer otra econom\u00eda u otro tipo de producci\u00f3n. Y este es un tema central en la construcci\u00f3n de un estado plurinacional. <\/p>\n<p>\u201cLa Senplades y el gobierno nacional son una puerta abierta para planificar, para formular pol\u00edticas activas en los territorios, pero tambi\u00e9n para procesar este tipo de demandas\u201d afirm\u00f3  el Ministro Falc\u00f3n.<\/p>\n<p>Y entre la dirigencia ind\u00edgena que particip\u00f3 la compa\u00f1era Delfi\u00f1a Magua , de la parroquia Gima, canto Sigse de la provincia del Azuay quien trabaja el la provincia con la salud intercultural y la recuperaci\u00f3n de los conocimientos de las medicinas ancestrales. De su voz testimonial, compartimos para cerrar esta nota, algunas de sus reflexiones sobre este evento: <\/p>\n<p>\u201cEn este caso lo que estamos demandando al gobierno a trav\u00e9s de sus respectivos ministerios, son las atenciones debidas y oportunas, pero siempre consultando y escuchando desde las comunidades. Porque a veces cuando se llega a acuerdos ac\u00e1 arriba, nosotros no conocemos y nos encontramos en dificultades. Incluso para hacer uso de los derechos ya establecidos en la constituci\u00f3n. Por desconocimiento, a veces caemos en contradicciones y en lo cual creo que este encuentro ha sido preciso como para poder continuar y dar las sugerencias respectivas, tanto desde las comunidades como una reflexi\u00f3n propia del proceso, y tambi\u00e9n para el cuestionamiento y el cumplimiento de la ley\u201d. <\/p>\n","protected":false},"excerpt":{"rendered":"<p>Del 27 al 29 de abril se reunieron cerca de 100 dirigentes de 17 provincias del Ecuador. Uno de los organizadores ratific\u00f3 que el objetivo del encuentro era \u201cProfundizar y ampliar los an\u00e1lisis y propuestas para el fortalecimiento de las comunidades, condici\u00f3n para un aut\u00e9ntico proceso de construcci\u00f3n del Estado Plurinacional y el Buen Vivir\/ Sumak Kawsay\u201d. <\/p>\n","protected":false},"author":19,"featured_media":0,"comment_status":"closed","ping_status":"open","sticky":false,"template":"","format":"standard","meta":{"footnotes":""},"categories":[80,67],"tags":[],"class_list":["post-8937","post","type-post","status-publish","format-standard","hentry","category-pueblos-originarios","category-sudamerica"],"yoast_head":"<!-- This site is optimized with the Yoast SEO plugin v27.1.1 - https:\/\/yoast.com\/product\/yoast-seo-wordpress\/ -->\n<title>\u00bfC\u00f3mo Fortalecer las Comunidades para un Estado Plurinacional?<\/title>\n<meta name=\"description\" content=\"Del 27 al 29 de abril se reunieron cerca de 100 dirigentes de 17 provincias del Ecuador. Uno de los organizadores ratific\u00f3 que el objetivo del encuentro era \u201cProfundizar y ampliar los an\u00e1lisis y propuestas para el fortalecimiento de las comunidades, condici\u00f3n para un aut\u00e9ntico proceso de construcci\u00f3n del Estado Plurinacional y el Buen Vivir\/ Sumak Kawsay\u201d.\" \/>\n<meta name=\"robots\" content=\"index, follow, max-snippet:-1, max-image-preview:large, max-video-preview:-1\" \/>\n<link rel=\"canonical\" href=\"https:\/\/www.pressenza.com\/es\/2012\/04\/xcomo-fortalecer-las-comunidades-para-un-estado-plurinacionalx\/\" \/>\n<meta property=\"og:locale\" content=\"es_ES\" \/>\n<meta property=\"og:type\" content=\"article\" \/>\n<meta property=\"og:title\" content=\"\u00bfC\u00f3mo Fortalecer las Comunidades para un Estado Plurinacional?\" \/>\n<meta property=\"og:description\" content=\"Del 27 al 29 de abril se reunieron cerca de 100 dirigentes de 17 provincias del Ecuador. Uno de los organizadores ratific\u00f3 que el objetivo del encuentro era \u201cProfundizar y ampliar los an\u00e1lisis y propuestas para el fortalecimiento de las comunidades, condici\u00f3n para un aut\u00e9ntico proceso de construcci\u00f3n del Estado Plurinacional y el Buen Vivir\/ Sumak Kawsay\u201d.\" \/>\n<meta property=\"og:url\" content=\"https:\/\/www.pressenza.com\/es\/2012\/04\/xcomo-fortalecer-las-comunidades-para-un-estado-plurinacionalx\/\" \/>\n<meta property=\"og:site_name\" content=\"Pressenza\" \/>\n<meta property=\"article:publisher\" content=\"https:\/\/www.facebook.com\/PressenzaItalia\" \/>\n<meta property=\"article:author\" content=\"https:\/\/www.facebook.com\/pressenza\" \/>\n<meta property=\"article:published_time\" content=\"2012-04-30T00:00:00+00:00\" \/>\n<meta property=\"article:modified_time\" content=\"2012-05-04T17:14:50+00:00\" \/>\n<meta name=\"author\" content=\"Pressenza IPA\" \/>\n<meta name=\"twitter:card\" content=\"summary_large_image\" \/>\n<meta name=\"twitter:creator\" content=\"@PressenzaIPA\" \/>\n<meta name=\"twitter:site\" content=\"@PressenzaIPA\" \/>\n<meta name=\"twitter:label1\" content=\"Escrito por\" \/>\n\t<meta name=\"twitter:data1\" content=\"Pressenza IPA\" \/>\n\t<meta name=\"twitter:label2\" content=\"Tiempo de lectura\" \/>\n\t<meta name=\"twitter:data2\" content=\"3 minutos\" \/>\n<script type=\"application\/ld+json\" class=\"yoast-schema-graph\">{\"@context\":\"https:\/\/schema.org\",\"@graph\":[{\"@type\":\"Article\",\"@id\":\"https:\/\/www.pressenza.com\/es\/2012\/04\/xcomo-fortalecer-las-comunidades-para-un-estado-plurinacionalx\/#article\",\"isPartOf\":{\"@id\":\"https:\/\/www.pressenza.com\/es\/2012\/04\/xcomo-fortalecer-las-comunidades-para-un-estado-plurinacionalx\/\"},\"author\":{\"name\":\"Pressenza IPA\",\"@id\":\"https:\/\/www.pressenza.com\/es\/#\/schema\/person\/010e5d02bcf40965427a1289a4cc8d75\"},\"headline\":\"\u00bfC\u00f3mo Fortalecer las Comunidades para un Estado Plurinacional?\",\"datePublished\":\"2012-04-30T00:00:00+00:00\",\"dateModified\":\"2012-05-04T17:14:50+00:00\",\"mainEntityOfPage\":{\"@id\":\"https:\/\/www.pressenza.com\/es\/2012\/04\/xcomo-fortalecer-las-comunidades-para-un-estado-plurinacionalx\/\"},\"wordCount\":625,\"publisher\":{\"@id\":\"https:\/\/www.pressenza.com\/es\/#organization\"},\"articleSection\":[\"Pueblos Originarios\",\"Sudam\u00e9rica\"],\"inLanguage\":\"es\"},{\"@type\":\"WebPage\",\"@id\":\"https:\/\/www.pressenza.com\/es\/2012\/04\/xcomo-fortalecer-las-comunidades-para-un-estado-plurinacionalx\/\",\"url\":\"https:\/\/www.pressenza.com\/es\/2012\/04\/xcomo-fortalecer-las-comunidades-para-un-estado-plurinacionalx\/\",\"name\":\"\u00bfC\u00f3mo Fortalecer las Comunidades para un Estado Plurinacional?\",\"isPartOf\":{\"@id\":\"https:\/\/www.pressenza.com\/es\/#website\"},\"datePublished\":\"2012-04-30T00:00:00+00:00\",\"dateModified\":\"2012-05-04T17:14:50+00:00\",\"description\":\"Del 27 al 29 de abril se reunieron cerca de 100 dirigentes de 17 provincias del Ecuador. Uno de los organizadores ratific\u00f3 que el objetivo del encuentro era \u201cProfundizar y ampliar los an\u00e1lisis y propuestas para el fortalecimiento de las comunidades, condici\u00f3n para un aut\u00e9ntico proceso de construcci\u00f3n del Estado Plurinacional y el Buen Vivir\/ Sumak Kawsay\u201d.\",\"breadcrumb\":{\"@id\":\"https:\/\/www.pressenza.com\/es\/2012\/04\/xcomo-fortalecer-las-comunidades-para-un-estado-plurinacionalx\/#breadcrumb\"},\"inLanguage\":\"es\",\"potentialAction\":[{\"@type\":\"ReadAction\",\"target\":[\"https:\/\/www.pressenza.com\/es\/2012\/04\/xcomo-fortalecer-las-comunidades-para-un-estado-plurinacionalx\/\"]}]},{\"@type\":\"BreadcrumbList\",\"@id\":\"https:\/\/www.pressenza.com\/es\/2012\/04\/xcomo-fortalecer-las-comunidades-para-un-estado-plurinacionalx\/#breadcrumb\",\"itemListElement\":[{\"@type\":\"ListItem\",\"position\":1,\"name\":\"Accueil\",\"item\":\"https:\/\/www.pressenza.com\/es\/\"},{\"@type\":\"ListItem\",\"position\":2,\"name\":\"\u00bfC\u00f3mo Fortalecer las Comunidades para un Estado Plurinacional?\"}]},{\"@type\":\"WebSite\",\"@id\":\"https:\/\/www.pressenza.com\/es\/#website\",\"url\":\"https:\/\/www.pressenza.com\/es\/\",\"name\":\"Pressenza\",\"description\":\"International Press Agency\",\"publisher\":{\"@id\":\"https:\/\/www.pressenza.com\/es\/#organization\"},\"potentialAction\":[{\"@type\":\"SearchAction\",\"target\":{\"@type\":\"EntryPoint\",\"urlTemplate\":\"https:\/\/www.pressenza.com\/es\/?s={search_term_string}\"},\"query-input\":{\"@type\":\"PropertyValueSpecification\",\"valueRequired\":true,\"valueName\":\"search_term_string\"}}],\"inLanguage\":\"es\"},{\"@type\":\"Organization\",\"@id\":\"https:\/\/www.pressenza.com\/es\/#organization\",\"name\":\"Pressenza\",\"url\":\"https:\/\/www.pressenza.com\/es\/\",\"logo\":{\"@type\":\"ImageObject\",\"inLanguage\":\"es\",\"@id\":\"https:\/\/www.pressenza.com\/es\/#\/schema\/logo\/image\/\",\"url\":\"https:\/\/www.pressenza.com\/wp-content\/uploads\/2022\/10\/pressenza_logo_200x200.jpg\",\"contentUrl\":\"https:\/\/www.pressenza.com\/wp-content\/uploads\/2022\/10\/pressenza_logo_200x200.jpg\",\"width\":200,\"height\":200,\"caption\":\"Pressenza\"},\"image\":{\"@id\":\"https:\/\/www.pressenza.com\/es\/#\/schema\/logo\/image\/\"},\"sameAs\":[\"https:\/\/www.facebook.com\/PressenzaItalia\",\"https:\/\/x.com\/PressenzaIPA\"]},{\"@type\":\"Person\",\"@id\":\"https:\/\/www.pressenza.com\/es\/#\/schema\/person\/010e5d02bcf40965427a1289a4cc8d75\",\"name\":\"Pressenza IPA\",\"description\":\"News from Pressenza IPA correspondents\",\"sameAs\":[\"https:\/\/www.facebook.com\/pressenza\",\"https:\/\/x.com\/PressenzaIPA\"],\"url\":\"https:\/\/www.pressenza.com\/es\/author\/pressenza-ipa\/\"}]}<\/script>\n<!-- \/ Yoast SEO plugin. -->","yoast_head_json":{"title":"\u00bfC\u00f3mo Fortalecer las Comunidades para un Estado Plurinacional?","description":"Del 27 al 29 de abril se reunieron cerca de 100 dirigentes de 17 provincias del Ecuador. Uno de los organizadores ratific\u00f3 que el objetivo del encuentro era \u201cProfundizar y ampliar los an\u00e1lisis y propuestas para el fortalecimiento de las comunidades, condici\u00f3n para un aut\u00e9ntico proceso de construcci\u00f3n del Estado Plurinacional y el Buen Vivir\/ Sumak Kawsay\u201d.","robots":{"index":"index","follow":"follow","max-snippet":"max-snippet:-1","max-image-preview":"max-image-preview:large","max-video-preview":"max-video-preview:-1"},"canonical":"https:\/\/www.pressenza.com\/es\/2012\/04\/xcomo-fortalecer-las-comunidades-para-un-estado-plurinacionalx\/","og_locale":"es_ES","og_type":"article","og_title":"\u00bfC\u00f3mo Fortalecer las Comunidades para un Estado Plurinacional?","og_description":"Del 27 al 29 de abril se reunieron cerca de 100 dirigentes de 17 provincias del Ecuador. Uno de los organizadores ratific\u00f3 que el objetivo del encuentro era \u201cProfundizar y ampliar los an\u00e1lisis y propuestas para el fortalecimiento de las comunidades, condici\u00f3n para un aut\u00e9ntico proceso de construcci\u00f3n del Estado Plurinacional y el Buen Vivir\/ Sumak Kawsay\u201d.","og_url":"https:\/\/www.pressenza.com\/es\/2012\/04\/xcomo-fortalecer-las-comunidades-para-un-estado-plurinacionalx\/","og_site_name":"Pressenza","article_publisher":"https:\/\/www.facebook.com\/PressenzaItalia","article_author":"https:\/\/www.facebook.com\/pressenza","article_published_time":"2012-04-30T00:00:00+00:00","article_modified_time":"2012-05-04T17:14:50+00:00","author":"Pressenza IPA","twitter_card":"summary_large_image","twitter_creator":"@PressenzaIPA","twitter_site":"@PressenzaIPA","twitter_misc":{"Escrito por":"Pressenza IPA","Tiempo de lectura":"3 minutos"},"schema":{"@context":"https:\/\/schema.org","@graph":[{"@type":"Article","@id":"https:\/\/www.pressenza.com\/es\/2012\/04\/xcomo-fortalecer-las-comunidades-para-un-estado-plurinacionalx\/#article","isPartOf":{"@id":"https:\/\/www.pressenza.com\/es\/2012\/04\/xcomo-fortalecer-las-comunidades-para-un-estado-plurinacionalx\/"},"author":{"name":"Pressenza IPA","@id":"https:\/\/www.pressenza.com\/es\/#\/schema\/person\/010e5d02bcf40965427a1289a4cc8d75"},"headline":"\u00bfC\u00f3mo Fortalecer las Comunidades para un Estado Plurinacional?","datePublished":"2012-04-30T00:00:00+00:00","dateModified":"2012-05-04T17:14:50+00:00","mainEntityOfPage":{"@id":"https:\/\/www.pressenza.com\/es\/2012\/04\/xcomo-fortalecer-las-comunidades-para-un-estado-plurinacionalx\/"},"wordCount":625,"publisher":{"@id":"https:\/\/www.pressenza.com\/es\/#organization"},"articleSection":["Pueblos Originarios","Sudam\u00e9rica"],"inLanguage":"es"},{"@type":"WebPage","@id":"https:\/\/www.pressenza.com\/es\/2012\/04\/xcomo-fortalecer-las-comunidades-para-un-estado-plurinacionalx\/","url":"https:\/\/www.pressenza.com\/es\/2012\/04\/xcomo-fortalecer-las-comunidades-para-un-estado-plurinacionalx\/","name":"\u00bfC\u00f3mo Fortalecer las Comunidades para un Estado Plurinacional?","isPartOf":{"@id":"https:\/\/www.pressenza.com\/es\/#website"},"datePublished":"2012-04-30T00:00:00+00:00","dateModified":"2012-05-04T17:14:50+00:00","description":"Del 27 al 29 de abril se reunieron cerca de 100 dirigentes de 17 provincias del Ecuador. Uno de los organizadores ratific\u00f3 que el objetivo del encuentro era \u201cProfundizar y ampliar los an\u00e1lisis y propuestas para el fortalecimiento de las comunidades, condici\u00f3n para un aut\u00e9ntico proceso de construcci\u00f3n del Estado Plurinacional y el Buen Vivir\/ Sumak Kawsay\u201d.","breadcrumb":{"@id":"https:\/\/www.pressenza.com\/es\/2012\/04\/xcomo-fortalecer-las-comunidades-para-un-estado-plurinacionalx\/#breadcrumb"},"inLanguage":"es","potentialAction":[{"@type":"ReadAction","target":["https:\/\/www.pressenza.com\/es\/2012\/04\/xcomo-fortalecer-las-comunidades-para-un-estado-plurinacionalx\/"]}]},{"@type":"BreadcrumbList","@id":"https:\/\/www.pressenza.com\/es\/2012\/04\/xcomo-fortalecer-las-comunidades-para-un-estado-plurinacionalx\/#breadcrumb","itemListElement":[{"@type":"ListItem","position":1,"name":"Accueil","item":"https:\/\/www.pressenza.com\/es\/"},{"@type":"ListItem","position":2,"name":"\u00bfC\u00f3mo Fortalecer las Comunidades para un Estado Plurinacional?"}]},{"@type":"WebSite","@id":"https:\/\/www.pressenza.com\/es\/#website","url":"https:\/\/www.pressenza.com\/es\/","name":"Pressenza","description":"International Press Agency","publisher":{"@id":"https:\/\/www.pressenza.com\/es\/#organization"},"potentialAction":[{"@type":"SearchAction","target":{"@type":"EntryPoint","urlTemplate":"https:\/\/www.pressenza.com\/es\/?s={search_term_string}"},"query-input":{"@type":"PropertyValueSpecification","valueRequired":true,"valueName":"search_term_string"}}],"inLanguage":"es"},{"@type":"Organization","@id":"https:\/\/www.pressenza.com\/es\/#organization","name":"Pressenza","url":"https:\/\/www.pressenza.com\/es\/","logo":{"@type":"ImageObject","inLanguage":"es","@id":"https:\/\/www.pressenza.com\/es\/#\/schema\/logo\/image\/","url":"https:\/\/www.pressenza.com\/wp-content\/uploads\/2022\/10\/pressenza_logo_200x200.jpg","contentUrl":"https:\/\/www.pressenza.com\/wp-content\/uploads\/2022\/10\/pressenza_logo_200x200.jpg","width":200,"height":200,"caption":"Pressenza"},"image":{"@id":"https:\/\/www.pressenza.com\/es\/#\/schema\/logo\/image\/"},"sameAs":["https:\/\/www.facebook.com\/PressenzaItalia","https:\/\/x.com\/PressenzaIPA"]},{"@type":"Person","@id":"https:\/\/www.pressenza.com\/es\/#\/schema\/person\/010e5d02bcf40965427a1289a4cc8d75","name":"Pressenza IPA","description":"News from Pressenza IPA correspondents","sameAs":["https:\/\/www.facebook.com\/pressenza","https:\/\/x.com\/PressenzaIPA"],"url":"https:\/\/www.pressenza.com\/es\/author\/pressenza-ipa\/"}]}},"place":"Quito","original_article_url":"","_links":{"self":[{"href":"https:\/\/www.pressenza.com\/es\/wp-json\/wp\/v2\/posts\/8937","targetHints":{"allow":["GET"]}}],"collection":[{"href":"https:\/\/www.pressenza.com\/es\/wp-json\/wp\/v2\/posts"}],"about":[{"href":"https:\/\/www.pressenza.com\/es\/wp-json\/wp\/v2\/types\/post"}],"author":[{"embeddable":true,"href":"https:\/\/www.pressenza.com\/es\/wp-json\/wp\/v2\/users\/19"}],"replies":[{"embeddable":true,"href":"https:\/\/www.pressenza.com\/es\/wp-json\/wp\/v2\/comments?post=8937"}],"version-history":[{"count":0,"href":"https:\/\/www.pressenza.com\/es\/wp-json\/wp\/v2\/posts\/8937\/revisions"}],"wp:attachment":[{"href":"https:\/\/www.pressenza.com\/es\/wp-json\/wp\/v2\/media?parent=8937"}],"wp:term":[{"taxonomy":"category","embeddable":true,"href":"https:\/\/www.pressenza.com\/es\/wp-json\/wp\/v2\/categories?post=8937"},{"taxonomy":"post_tag","embeddable":true,"href":"https:\/\/www.pressenza.com\/es\/wp-json\/wp\/v2\/tags?post=8937"}],"curies":[{"name":"wp","href":"https:\/\/api.w.org\/{rel}","templated":true}]}}