{"id":89348,"date":"2014-02-17T20:39:44","date_gmt":"2014-02-17T20:39:44","guid":{"rendered":"http:\/\/www.pressenza.com\/?p=89348"},"modified":"2014-02-17T20:39:44","modified_gmt":"2014-02-17T20:39:44","slug":"15-negritos","status":"publish","type":"post","link":"https:\/\/www.pressenza.com\/es\/2014\/02\/15-negritos\/","title":{"rendered":"15 negritos"},"content":{"rendered":"<p><em>Los hechos sucedidos en Ceuta resultan tan terribles como injustificables. Da igual la versi\u00f3n que escojan, la que era mentira o \u00e9sta que ahora nos aseguran que es verdad, salvo algunas cosas. Ninguna cabe en un pa\u00eds civilizado.<\/em><\/p>\n<p><strong><em>Por Ant\u00f3n Losada para <a href=\"http:\/\/www.eldiario.es\/zonacritica\/negritos_6_229637039.html\">eldiario.es<\/a><\/em><\/strong><\/p>\n<div class=\"mce-body mce\">\n<p class=\"zw-paragraph\">En democracia conviene llamar a las cosas por su nombre. Cuando dos centenares de seres humanos intentan cruzar por mar una frontera entre pelotas de goma y disparos al aire, mientras la Guardia Civil duda entre socorrerlos o no, la muerte de quince personas no es un accidente. Es un acto de inhumanidad que roza lo criminal. No hace falta que Europa nos llame la atenci\u00f3n desde la hipocres\u00eda de un continente repleto de gobiernos que solo se indignan ante los inmigrantes muertos de los dem\u00e1s. Deber\u00eda ca\u00e9rsenos a todos la cara de verg\u00fcenza como pa\u00eds.<\/p>\n<p class=\"zw-paragraph\">Los hechos sucedidos en Ceuta resultan tan terribles como injustificables. Da igual la versi\u00f3n que escojan, la que era mentira o \u00e9sta que ahora nos aseguran que es verdad, salvo algunas cosas. Ninguna cabe en un pa\u00eds civilizado. La prioridad nunca puede ser impedir que cruce la frontera un pu\u00f1ado de seres humanos desesperados huyendo de la miseria y buscando una vida mejor. La prioridad debe centrarse siempre en que la playa no se llene de cad\u00e1veres devueltos por el mar. El c\u00ednico relato ofrecido finalmente por el Gobierno ante el Parlamento constituye una verg\u00fcenza democr\u00e1tica. Exige reparaci\u00f3n y responsabilidades.<\/p>\n<p class=\"zw-paragraph\">La gesti\u00f3n de la informaci\u00f3n y las explicaciones oficiales del drama de Ceuta han a\u00f1adido adem\u00e1s una secuencia de incompetencia y propaganda. Primero se minti\u00f3 para hacernos creer que las v\u00edctimas se lo hab\u00edan buscado. Luego se manipularon las pruebas para mantener a toda costa la mentira. Finalmente se amenaz\u00f3 a cualquiera que osase denunciar la versi\u00f3n oficial. Las excusas del Ministerio, alegando que en cada momento informaba seg\u00fan lo que sab\u00eda, solo a\u00f1ade a la mentira el cargo de incompetencia.<\/p>\n<p class=\"zw-paragraph\">Han tenido que morir quince seres humanos para enterarnos de que nuestras fuerzas del orden devuelven a los detenidos al ej\u00e9rcito marroqu\u00ed en el momento y en mano, como si fueran productos caducados o en mal estado. El lenguaje nunca es inocente, menos en este drama. Son devoluciones ilegales, no \u00abdevoluciones en caliente\u00bb. Tampoco se trata de \u00abdeficiencias\u00bb en la aplicaci\u00f3n de la Ley de Extranjer\u00eda, como fr\u00edamente ha afirmado la vicepresidenta\u00a0S\u00e1enz\u00a0de\u00a0Santamar\u00eda. Es una indecencia y un acto ilegal. No se trata de inconvenientes inmigrantes ilegales de quienes est\u00e9 justificado librarse por cualquier medio, incluso pisoteando sus derechos. Se trata de personas con derechos y garant\u00edas legales que deben ser respetadas y protegidas por las autoridades de un Estado que se llame a s\u00ed mismo democr\u00e1tico.<\/p>\n<p class=\"zw-paragraph\">Alguien en este Gobierno tan devoto y al que tanto le gusta recurrir al \u00abejemplo alem\u00e1n\u00bb para justificar las pol\u00edticas de sufrimiento masivo aplicadas a la gente que ni ha causado ni se ha beneficiado de la crisis econ\u00f3mica, deber\u00eda aplicarse tanta ejemplaridad. Har\u00eda bien en seguir el camino del ministro de Agricultura germano, que acaba de dimitir por filtrar una operaci\u00f3n policial cuando era responsable de Interior. Fern\u00e1ndez de Mesa ya ha tenido premio suficiente por su nefasta gesti\u00f3n del\u00a0Prestige\u00a0cuando era Delegado del Gobierno en\u00a0Galicia.<\/p>\n<p class=\"mce\">Los muertos de Ceuta no son quince negritos en una mala novela negra escrita por el Ministro Fern\u00e1ndez D\u00edaz. Tampoco son inmigrantes ilegales. Son v\u00edctimas, nuestras v\u00edctimas. Merecen el mismo respeto y dignidad, la misma memoria que todas las dem\u00e1s v\u00edctimas. No lo olviden. No les olviden.<\/p>\n<\/div>\n<p>&nbsp;<\/p>\n","protected":false},"excerpt":{"rendered":"<p>Los hechos sucedidos en Ceuta resultan tan terribles como injustificables. Da igual la versi\u00f3n que escojan, la que era mentira o \u00e9sta que ahora nos aseguran que es verdad, salvo algunas cosas. Ninguna cabe en un pa\u00eds civilizado. Por Ant\u00f3n&hellip;<\/p>\n","protected":false},"author":94,"featured_media":0,"comment_status":"closed","ping_status":"open","sticky":false,"template":"","format":"standard","meta":{"footnotes":""},"categories":[76,79,66,161,74],"tags":[355,696,441,1065,1398,1812,523,631,397],"class_list":["post-89348","post","type-post","status-publish","format-standard","hentry","category-relaciones-exteriores","category-derechos-humanos","category-europa-es","category-opiniones","category-politica-es","tag-crisis-es","tag-democracia","tag-derechos-humanos","tag-espana","tag-estado-espanol","tag-inmigrantes","tag-medios-de-comunicacion","tag-violencia-economica","tag-violencia-estatal"],"yoast_head":"<!-- This site is optimized with the Yoast SEO plugin v27.1.1 - https:\/\/yoast.com\/product\/yoast-seo-wordpress\/ -->\n<title>15 negritos<\/title>\n<meta name=\"description\" content=\"Los hechos sucedidos en Ceuta resultan tan terribles como injustificables. Da igual la versi\u00f3n que escojan, la que era mentira o \u00e9sta que ahora nos\" \/>\n<meta name=\"robots\" content=\"index, follow, max-snippet:-1, max-image-preview:large, max-video-preview:-1\" \/>\n<link rel=\"canonical\" href=\"https:\/\/www.pressenza.com\/es\/2014\/02\/15-negritos\/\" \/>\n<meta property=\"og:locale\" content=\"es_ES\" \/>\n<meta property=\"og:type\" content=\"article\" \/>\n<meta property=\"og:title\" content=\"15 negritos\" \/>\n<meta property=\"og:description\" content=\"Los hechos sucedidos en Ceuta resultan tan terribles como injustificables. Da igual la versi\u00f3n que escojan, la que era mentira o \u00e9sta que ahora nos\" \/>\n<meta property=\"og:url\" content=\"https:\/\/www.pressenza.com\/es\/2014\/02\/15-negritos\/\" \/>\n<meta property=\"og:site_name\" content=\"Pressenza\" \/>\n<meta property=\"article:publisher\" content=\"https:\/\/www.facebook.com\/PressenzaItalia\" \/>\n<meta property=\"article:author\" content=\"https:\/\/www.facebook.com\/pressenza\" \/>\n<meta property=\"article:published_time\" content=\"2014-02-17T20:39:44+00:00\" \/>\n<meta name=\"author\" content=\"Redacci\u00f3n Madrid\" \/>\n<meta name=\"twitter:card\" content=\"summary_large_image\" \/>\n<meta name=\"twitter:creator\" content=\"@pressenza\" \/>\n<meta name=\"twitter:site\" content=\"@PressenzaIPA\" \/>\n<meta name=\"twitter:label1\" content=\"Escrito por\" \/>\n\t<meta name=\"twitter:data1\" content=\"Redacci\u00f3n Madrid\" \/>\n\t<meta name=\"twitter:label2\" content=\"Tiempo de lectura\" \/>\n\t<meta name=\"twitter:data2\" content=\"3 minutos\" \/>\n<script type=\"application\/ld+json\" class=\"yoast-schema-graph\">{\"@context\":\"https:\/\/schema.org\",\"@graph\":[{\"@type\":\"Article\",\"@id\":\"https:\/\/www.pressenza.com\/es\/2014\/02\/15-negritos\/#article\",\"isPartOf\":{\"@id\":\"https:\/\/www.pressenza.com\/es\/2014\/02\/15-negritos\/\"},\"author\":{\"name\":\"Redacci\u00f3n Madrid\",\"@id\":\"https:\/\/www.pressenza.com\/es\/#\/schema\/person\/828fc40eeca2ad7be3630e5a46adba94\"},\"headline\":\"15 negritos\",\"datePublished\":\"2014-02-17T20:39:44+00:00\",\"mainEntityOfPage\":{\"@id\":\"https:\/\/www.pressenza.com\/es\/2014\/02\/15-negritos\/\"},\"wordCount\":638,\"publisher\":{\"@id\":\"https:\/\/www.pressenza.com\/es\/#organization\"},\"keywords\":[\"crisis\",\"Democracia\",\"Derechos humanos\",\"Espa\u00f1a\",\"Estado espa\u00f1ol\",\"inmigrantes\",\"medios de comunicaci\u00f3n\",\"Violencia econ\u00f3mica\",\"Violencia estatal\"],\"articleSection\":[\"Asuntos internacionales\",\"Derechos Humanos\",\"Europa\",\"Opiniones\",\"Pol\u00edtica\"],\"inLanguage\":\"es\"},{\"@type\":\"WebPage\",\"@id\":\"https:\/\/www.pressenza.com\/es\/2014\/02\/15-negritos\/\",\"url\":\"https:\/\/www.pressenza.com\/es\/2014\/02\/15-negritos\/\",\"name\":\"15 negritos\",\"isPartOf\":{\"@id\":\"https:\/\/www.pressenza.com\/es\/#website\"},\"datePublished\":\"2014-02-17T20:39:44+00:00\",\"description\":\"Los hechos sucedidos en Ceuta resultan tan terribles como injustificables. Da igual la versi\u00f3n que escojan, la que era mentira o \u00e9sta que ahora nos\",\"breadcrumb\":{\"@id\":\"https:\/\/www.pressenza.com\/es\/2014\/02\/15-negritos\/#breadcrumb\"},\"inLanguage\":\"es\",\"potentialAction\":[{\"@type\":\"ReadAction\",\"target\":[\"https:\/\/www.pressenza.com\/es\/2014\/02\/15-negritos\/\"]}]},{\"@type\":\"BreadcrumbList\",\"@id\":\"https:\/\/www.pressenza.com\/es\/2014\/02\/15-negritos\/#breadcrumb\",\"itemListElement\":[{\"@type\":\"ListItem\",\"position\":1,\"name\":\"Accueil\",\"item\":\"https:\/\/www.pressenza.com\/es\/\"},{\"@type\":\"ListItem\",\"position\":2,\"name\":\"15 negritos\"}]},{\"@type\":\"WebSite\",\"@id\":\"https:\/\/www.pressenza.com\/es\/#website\",\"url\":\"https:\/\/www.pressenza.com\/es\/\",\"name\":\"Pressenza\",\"description\":\"International Press Agency\",\"publisher\":{\"@id\":\"https:\/\/www.pressenza.com\/es\/#organization\"},\"potentialAction\":[{\"@type\":\"SearchAction\",\"target\":{\"@type\":\"EntryPoint\",\"urlTemplate\":\"https:\/\/www.pressenza.com\/es\/?s={search_term_string}\"},\"query-input\":{\"@type\":\"PropertyValueSpecification\",\"valueRequired\":true,\"valueName\":\"search_term_string\"}}],\"inLanguage\":\"es\"},{\"@type\":\"Organization\",\"@id\":\"https:\/\/www.pressenza.com\/es\/#organization\",\"name\":\"Pressenza\",\"url\":\"https:\/\/www.pressenza.com\/es\/\",\"logo\":{\"@type\":\"ImageObject\",\"inLanguage\":\"es\",\"@id\":\"https:\/\/www.pressenza.com\/es\/#\/schema\/logo\/image\/\",\"url\":\"https:\/\/www.pressenza.com\/wp-content\/uploads\/2022\/10\/pressenza_logo_200x200.jpg\",\"contentUrl\":\"https:\/\/www.pressenza.com\/wp-content\/uploads\/2022\/10\/pressenza_logo_200x200.jpg\",\"width\":200,\"height\":200,\"caption\":\"Pressenza\"},\"image\":{\"@id\":\"https:\/\/www.pressenza.com\/es\/#\/schema\/logo\/image\/\"},\"sameAs\":[\"https:\/\/www.facebook.com\/PressenzaItalia\",\"https:\/\/x.com\/PressenzaIPA\"]},{\"@type\":\"Person\",\"@id\":\"https:\/\/www.pressenza.com\/es\/#\/schema\/person\/828fc40eeca2ad7be3630e5a46adba94\",\"name\":\"Redacci\u00f3n Madrid\",\"description\":\"News from the Pressenza Bureau in Madrid, Spain\",\"sameAs\":[\"https:\/\/www.facebook.com\/pressenza\",\"https:\/\/x.com\/pressenza\"],\"url\":\"https:\/\/www.pressenza.com\/es\/author\/redaccion-madrid\/\"}]}<\/script>\n<!-- \/ Yoast SEO plugin. -->","yoast_head_json":{"title":"15 negritos","description":"Los hechos sucedidos en Ceuta resultan tan terribles como injustificables. Da igual la versi\u00f3n que escojan, la que era mentira o \u00e9sta que ahora nos","robots":{"index":"index","follow":"follow","max-snippet":"max-snippet:-1","max-image-preview":"max-image-preview:large","max-video-preview":"max-video-preview:-1"},"canonical":"https:\/\/www.pressenza.com\/es\/2014\/02\/15-negritos\/","og_locale":"es_ES","og_type":"article","og_title":"15 negritos","og_description":"Los hechos sucedidos en Ceuta resultan tan terribles como injustificables. Da igual la versi\u00f3n que escojan, la que era mentira o \u00e9sta que ahora nos","og_url":"https:\/\/www.pressenza.com\/es\/2014\/02\/15-negritos\/","og_site_name":"Pressenza","article_publisher":"https:\/\/www.facebook.com\/PressenzaItalia","article_author":"https:\/\/www.facebook.com\/pressenza","article_published_time":"2014-02-17T20:39:44+00:00","author":"Redacci\u00f3n Madrid","twitter_card":"summary_large_image","twitter_creator":"@pressenza","twitter_site":"@PressenzaIPA","twitter_misc":{"Escrito por":"Redacci\u00f3n Madrid","Tiempo de lectura":"3 minutos"},"schema":{"@context":"https:\/\/schema.org","@graph":[{"@type":"Article","@id":"https:\/\/www.pressenza.com\/es\/2014\/02\/15-negritos\/#article","isPartOf":{"@id":"https:\/\/www.pressenza.com\/es\/2014\/02\/15-negritos\/"},"author":{"name":"Redacci\u00f3n Madrid","@id":"https:\/\/www.pressenza.com\/es\/#\/schema\/person\/828fc40eeca2ad7be3630e5a46adba94"},"headline":"15 negritos","datePublished":"2014-02-17T20:39:44+00:00","mainEntityOfPage":{"@id":"https:\/\/www.pressenza.com\/es\/2014\/02\/15-negritos\/"},"wordCount":638,"publisher":{"@id":"https:\/\/www.pressenza.com\/es\/#organization"},"keywords":["crisis","Democracia","Derechos humanos","Espa\u00f1a","Estado espa\u00f1ol","inmigrantes","medios de comunicaci\u00f3n","Violencia econ\u00f3mica","Violencia estatal"],"articleSection":["Asuntos internacionales","Derechos Humanos","Europa","Opiniones","Pol\u00edtica"],"inLanguage":"es"},{"@type":"WebPage","@id":"https:\/\/www.pressenza.com\/es\/2014\/02\/15-negritos\/","url":"https:\/\/www.pressenza.com\/es\/2014\/02\/15-negritos\/","name":"15 negritos","isPartOf":{"@id":"https:\/\/www.pressenza.com\/es\/#website"},"datePublished":"2014-02-17T20:39:44+00:00","description":"Los hechos sucedidos en Ceuta resultan tan terribles como injustificables. Da igual la versi\u00f3n que escojan, la que era mentira o \u00e9sta que ahora nos","breadcrumb":{"@id":"https:\/\/www.pressenza.com\/es\/2014\/02\/15-negritos\/#breadcrumb"},"inLanguage":"es","potentialAction":[{"@type":"ReadAction","target":["https:\/\/www.pressenza.com\/es\/2014\/02\/15-negritos\/"]}]},{"@type":"BreadcrumbList","@id":"https:\/\/www.pressenza.com\/es\/2014\/02\/15-negritos\/#breadcrumb","itemListElement":[{"@type":"ListItem","position":1,"name":"Accueil","item":"https:\/\/www.pressenza.com\/es\/"},{"@type":"ListItem","position":2,"name":"15 negritos"}]},{"@type":"WebSite","@id":"https:\/\/www.pressenza.com\/es\/#website","url":"https:\/\/www.pressenza.com\/es\/","name":"Pressenza","description":"International Press Agency","publisher":{"@id":"https:\/\/www.pressenza.com\/es\/#organization"},"potentialAction":[{"@type":"SearchAction","target":{"@type":"EntryPoint","urlTemplate":"https:\/\/www.pressenza.com\/es\/?s={search_term_string}"},"query-input":{"@type":"PropertyValueSpecification","valueRequired":true,"valueName":"search_term_string"}}],"inLanguage":"es"},{"@type":"Organization","@id":"https:\/\/www.pressenza.com\/es\/#organization","name":"Pressenza","url":"https:\/\/www.pressenza.com\/es\/","logo":{"@type":"ImageObject","inLanguage":"es","@id":"https:\/\/www.pressenza.com\/es\/#\/schema\/logo\/image\/","url":"https:\/\/www.pressenza.com\/wp-content\/uploads\/2022\/10\/pressenza_logo_200x200.jpg","contentUrl":"https:\/\/www.pressenza.com\/wp-content\/uploads\/2022\/10\/pressenza_logo_200x200.jpg","width":200,"height":200,"caption":"Pressenza"},"image":{"@id":"https:\/\/www.pressenza.com\/es\/#\/schema\/logo\/image\/"},"sameAs":["https:\/\/www.facebook.com\/PressenzaItalia","https:\/\/x.com\/PressenzaIPA"]},{"@type":"Person","@id":"https:\/\/www.pressenza.com\/es\/#\/schema\/person\/828fc40eeca2ad7be3630e5a46adba94","name":"Redacci\u00f3n Madrid","description":"News from the Pressenza Bureau in Madrid, Spain","sameAs":["https:\/\/www.facebook.com\/pressenza","https:\/\/x.com\/pressenza"],"url":"https:\/\/www.pressenza.com\/es\/author\/redaccion-madrid\/"}]}},"place":"Lugo","original_article_url":"","_links":{"self":[{"href":"https:\/\/www.pressenza.com\/es\/wp-json\/wp\/v2\/posts\/89348","targetHints":{"allow":["GET"]}}],"collection":[{"href":"https:\/\/www.pressenza.com\/es\/wp-json\/wp\/v2\/posts"}],"about":[{"href":"https:\/\/www.pressenza.com\/es\/wp-json\/wp\/v2\/types\/post"}],"author":[{"embeddable":true,"href":"https:\/\/www.pressenza.com\/es\/wp-json\/wp\/v2\/users\/94"}],"replies":[{"embeddable":true,"href":"https:\/\/www.pressenza.com\/es\/wp-json\/wp\/v2\/comments?post=89348"}],"version-history":[{"count":0,"href":"https:\/\/www.pressenza.com\/es\/wp-json\/wp\/v2\/posts\/89348\/revisions"}],"wp:attachment":[{"href":"https:\/\/www.pressenza.com\/es\/wp-json\/wp\/v2\/media?parent=89348"}],"wp:term":[{"taxonomy":"category","embeddable":true,"href":"https:\/\/www.pressenza.com\/es\/wp-json\/wp\/v2\/categories?post=89348"},{"taxonomy":"post_tag","embeddable":true,"href":"https:\/\/www.pressenza.com\/es\/wp-json\/wp\/v2\/tags?post=89348"}],"curies":[{"name":"wp","href":"https:\/\/api.w.org\/{rel}","templated":true}]}}