{"id":892521,"date":"2019-07-25T00:30:33","date_gmt":"2019-07-24T23:30:33","guid":{"rendered":"https:\/\/www.pressenza.com\/?p=892521"},"modified":"2019-07-25T00:30:33","modified_gmt":"2019-07-24T23:30:33","slug":"chile-trabajadores-de-kdm-que-laboran-con-basura-de-region-metropolitana-inician-huelga-por-derechos-basicos","status":"publish","type":"post","link":"https:\/\/www.pressenza.com\/es\/2019\/07\/chile-trabajadores-de-kdm-que-laboran-con-basura-de-region-metropolitana-inician-huelga-por-derechos-basicos\/","title":{"rendered":"Chile. Trabajadores de KDM que laboran con basura de Regi\u00f3n Metropolitana inician huelga por derechos b\u00e1sicos"},"content":{"rendered":"<p>Por Andr\u00e9s Figueroa Cornejo<\/p>\n<div>\n<p><strong>A 60 kil\u00f3metros de Santiago se encuentra el vertedero del 70 por ciento de desechos y basura de la Regi\u00f3n Metropolitana, en la planta KDM de Til Til. El holding KDM de capitales hispanos y estadounidenses le llama relleno sanitario a la procesadora de desperdicios. Este mi\u00e9rcoles 24 de julio, las y los trabajadores de KDM Energ\u00eda, filial del grupo, iniciaron la huelga por el reajuste de poco m\u00e1s de mil pesos al d\u00eda (menos de un d\u00f3lar y medio). La empresa lo consider\u00f3 un aumento excesivo y se fue de negativa.<\/strong><\/p>\n<p>El Presidente del Sindicato de Trabajadores de KDM Energ\u00eda, Bryan Ulloa, explic\u00f3 que los empleados se desempe\u00f1an \u00abcaptando el biog\u00e1s del relleno sanitario de KDM. Luego lo convertimos en la energ\u00eda el\u00e9ctrica que pasa al sistema de interconectado central\u00bb, y a\u00f1adi\u00f3 que, \u00abestamos permanentemente expuestos a los gases contaminantes provenientes directo de la basura y los lodos industriales, que en realidad son fecas humanas elaboradas\u00bb.<\/p>\n<p>Despu\u00e9s de cumplir con los tiempos legales de la negociaci\u00f3n reglada, frente a la negativa de la empresa a todas las demandas y derechos de los asalariados, se vot\u00f3 de manera un\u00e1nime la huelga que se hizo efectiva este mi\u00e9rcoles 24 de julio, desde las 8.30 horas. La representaci\u00f3n de los intereses de la firma, encarnada en el gerente general Rodrigo Pardo, rechaz\u00f3 todas las reivindicaciones de los empleados, pr\u00e1cticamente, arroj\u00e1ndolos a la huelga.<\/p>\n<p><strong>-\u00bfCu\u00e1les son sus demandas centrales?<\/strong><\/p>\n<p>\u00abUn reajuste a nuestro salario de alrededor de 20 mil pesos mensuales (29 d\u00f3lares); el incremento del precio de algunos bonos; y un bono de fin de conflicto de 2 millones de pesos (2.900 d\u00f3lares). Ac\u00e1 nosotros negociamos nuestro contrato laboral cada cuatro a\u00f1os. La \u00faltima vez que lo hicimos fue el 2015, y s\u00f3lo obtuvimos el IPC (la indexaci\u00f3n de la inflaci\u00f3n de entonces). O sea que nuestro salario est\u00e1 retrasado 4 a\u00f1os respecto de la inflaci\u00f3n acumulada. De cualquier manera todo el mundo sabe que el costo de la vida, en la pr\u00e1ctica, aumenta mucho m\u00e1s que la inflaci\u00f3n oficial.\u00bb<\/p>\n<p><strong>-\u00bfY qu\u00e9 propone la empresa?<\/strong><\/p>\n<p>\u00abNada. Dejar las cosas tal cual como est\u00e1n. Es m\u00e1s, amenazan con externalizar nuestras funciones y nos dicen que no tienen recursos para mejorar nuestras condiciones salariales y laborales. Ahora bien, hace tres meses despidieron a 50 trabajadores y los finiquitaron con casi mil millones de pesos (un mill\u00f3n 500 mil d\u00f3lares). \u00bfEntonces c\u00f3mo se excusan con que no tienen recursos para retribuir mejor nuestro trabajo?\u00bb.<\/p>\n<p>El Sindicato est\u00e1 en el d\u00eda uno de la huelga. Junto con los derechos b\u00e1sicos que exigen a la multinacional KDM Energ\u00eda, se trata de personas que trabajan con la basura de una ciudad de m\u00e1s de 7 millones de habitantes.<\/p>\n<p>\u00abLo que m\u00e1s requerimos ahora es la solidaridad de la gente y que se sepa que ac\u00e1, en un rinc\u00f3n de Til Til, hay una huelga justa de trabajadores\u00bb, termin\u00f3 el dirigente Bryan Ulloa.<\/p>\n<p>Quien desee, organizaci\u00f3n o persona, tender la mano a quienes luchan por sus derechos en un Chile donde el salario es la medida de todas las cosas, y el ego\u00edsmo es el enemigo principal del pueblo trabajador, pueden comunicarse con el Presidente del Sindicato, Bryan Ulloa, a trav\u00e9s de su n\u00famero de tel\u00e9fono m\u00f3vil 9 5954 3345.<\/p>\n<\/div>\n","protected":false},"excerpt":{"rendered":"<p>Por Andr\u00e9s Figueroa Cornejo A 60 kil\u00f3metros de Santiago se encuentra el vertedero del 70 por ciento de desechos y basura de la Regi\u00f3n Metropolitana, en la planta KDM de Til Til. El holding KDM de capitales hispanos y estadounidenses&hellip;<\/p>\n","protected":false},"author":43,"featured_media":892522,"comment_status":"closed","ping_status":"closed","sticky":false,"template":"","format":"standard","meta":{"footnotes":""},"categories":[11389,79,67],"tags":[29,7625,586,61657],"class_list":["post-892521","post","type-post","status-publish","format-standard","has-post-thumbnail","hentry","category-contenido-original","category-derechos-humanos","category-sudamerica","tag-chile","tag-derechos-laborales","tag-huelga","tag-kdm"],"yoast_head":"<!-- This site is optimized with the Yoast SEO plugin v27.1.1 - https:\/\/yoast.com\/product\/yoast-seo-wordpress\/ -->\n<title>Chile. Trabajadores de KDM que laboran con basura de Regi\u00f3n Metropolitana inician huelga por derechos b\u00e1sicos<\/title>\n<meta name=\"description\" content=\"Chile. Trabajadores de KDM inician huelga\" \/>\n<meta name=\"robots\" content=\"index, follow, max-snippet:-1, max-image-preview:large, max-video-preview:-1\" \/>\n<link rel=\"canonical\" href=\"https:\/\/www.pressenza.com\/es\/2019\/07\/chile-trabajadores-de-kdm-que-laboran-con-basura-de-region-metropolitana-inician-huelga-por-derechos-basicos\/\" \/>\n<meta property=\"og:locale\" content=\"es_ES\" \/>\n<meta property=\"og:type\" content=\"article\" \/>\n<meta property=\"og:title\" content=\"Chile. Trabajadores de KDM que laboran con basura de Regi\u00f3n Metropolitana inician huelga por derechos b\u00e1sicos\" \/>\n<meta property=\"og:description\" content=\"Chile. Trabajadores de KDM inician huelga\" \/>\n<meta property=\"og:url\" content=\"https:\/\/www.pressenza.com\/es\/2019\/07\/chile-trabajadores-de-kdm-que-laboran-con-basura-de-region-metropolitana-inician-huelga-por-derechos-basicos\/\" \/>\n<meta property=\"og:site_name\" content=\"Pressenza\" \/>\n<meta property=\"article:publisher\" content=\"https:\/\/www.facebook.com\/PressenzaItalia\" \/>\n<meta property=\"article:author\" content=\"https:\/\/www.facebook.com\/pressenza\" \/>\n<meta property=\"article:published_time\" content=\"2019-07-24T23:30:33+00:00\" \/>\n<meta property=\"og:image\" content=\"https:\/\/www.pressenza.com\/wp-content\/uploads\/2019\/07\/24-de-julio-KDM-2.jpg\" \/>\n\t<meta property=\"og:image:width\" content=\"2048\" \/>\n\t<meta property=\"og:image:height\" content=\"1193\" \/>\n\t<meta property=\"og:image:type\" content=\"image\/jpeg\" \/>\n<meta name=\"author\" content=\"Redacci\u00f3n Chile\" \/>\n<meta name=\"twitter:card\" content=\"summary_large_image\" \/>\n<meta name=\"twitter:creator\" content=\"@pressenza\" \/>\n<meta name=\"twitter:site\" content=\"@PressenzaIPA\" \/>\n<meta name=\"twitter:label1\" content=\"Escrito por\" \/>\n\t<meta name=\"twitter:data1\" content=\"Redacci\u00f3n Chile\" \/>\n\t<meta name=\"twitter:label2\" content=\"Tiempo de lectura\" \/>\n\t<meta name=\"twitter:data2\" content=\"3 minutos\" \/>\n<script type=\"application\/ld+json\" class=\"yoast-schema-graph\">{\"@context\":\"https:\/\/schema.org\",\"@graph\":[{\"@type\":\"Article\",\"@id\":\"https:\/\/www.pressenza.com\/es\/2019\/07\/chile-trabajadores-de-kdm-que-laboran-con-basura-de-region-metropolitana-inician-huelga-por-derechos-basicos\/#article\",\"isPartOf\":{\"@id\":\"https:\/\/www.pressenza.com\/es\/2019\/07\/chile-trabajadores-de-kdm-que-laboran-con-basura-de-region-metropolitana-inician-huelga-por-derechos-basicos\/\"},\"author\":{\"name\":\"Redacci\u00f3n Chile\",\"@id\":\"https:\/\/www.pressenza.com\/es\/#\/schema\/person\/d7db40df35d6698ba69ba9ee260944ed\"},\"headline\":\"Chile. Trabajadores de KDM que laboran con basura de Regi\u00f3n Metropolitana inician huelga por derechos b\u00e1sicos\",\"datePublished\":\"2019-07-24T23:30:33+00:00\",\"mainEntityOfPage\":{\"@id\":\"https:\/\/www.pressenza.com\/es\/2019\/07\/chile-trabajadores-de-kdm-que-laboran-con-basura-de-region-metropolitana-inician-huelga-por-derechos-basicos\/\"},\"wordCount\":598,\"publisher\":{\"@id\":\"https:\/\/www.pressenza.com\/es\/#organization\"},\"image\":{\"@id\":\"https:\/\/www.pressenza.com\/es\/2019\/07\/chile-trabajadores-de-kdm-que-laboran-con-basura-de-region-metropolitana-inician-huelga-por-derechos-basicos\/#primaryimage\"},\"thumbnailUrl\":\"https:\/\/www.pressenza.com\/wp-content\/uploads\/2019\/07\/24-de-julio-KDM-2.jpg\",\"keywords\":[\"Chile\",\"Derechos laborales\",\"huelga\",\"KDM\"],\"articleSection\":[\"Contenido Original\",\"Derechos Humanos\",\"Sudam\u00e9rica\"],\"inLanguage\":\"es\"},{\"@type\":\"WebPage\",\"@id\":\"https:\/\/www.pressenza.com\/es\/2019\/07\/chile-trabajadores-de-kdm-que-laboran-con-basura-de-region-metropolitana-inician-huelga-por-derechos-basicos\/\",\"url\":\"https:\/\/www.pressenza.com\/es\/2019\/07\/chile-trabajadores-de-kdm-que-laboran-con-basura-de-region-metropolitana-inician-huelga-por-derechos-basicos\/\",\"name\":\"Chile. Trabajadores de KDM que laboran con basura de Regi\u00f3n Metropolitana inician huelga por derechos b\u00e1sicos\",\"isPartOf\":{\"@id\":\"https:\/\/www.pressenza.com\/es\/#website\"},\"primaryImageOfPage\":{\"@id\":\"https:\/\/www.pressenza.com\/es\/2019\/07\/chile-trabajadores-de-kdm-que-laboran-con-basura-de-region-metropolitana-inician-huelga-por-derechos-basicos\/#primaryimage\"},\"image\":{\"@id\":\"https:\/\/www.pressenza.com\/es\/2019\/07\/chile-trabajadores-de-kdm-que-laboran-con-basura-de-region-metropolitana-inician-huelga-por-derechos-basicos\/#primaryimage\"},\"thumbnailUrl\":\"https:\/\/www.pressenza.com\/wp-content\/uploads\/2019\/07\/24-de-julio-KDM-2.jpg\",\"datePublished\":\"2019-07-24T23:30:33+00:00\",\"description\":\"Chile. Trabajadores de KDM inician huelga\",\"breadcrumb\":{\"@id\":\"https:\/\/www.pressenza.com\/es\/2019\/07\/chile-trabajadores-de-kdm-que-laboran-con-basura-de-region-metropolitana-inician-huelga-por-derechos-basicos\/#breadcrumb\"},\"inLanguage\":\"es\",\"potentialAction\":[{\"@type\":\"ReadAction\",\"target\":[\"https:\/\/www.pressenza.com\/es\/2019\/07\/chile-trabajadores-de-kdm-que-laboran-con-basura-de-region-metropolitana-inician-huelga-por-derechos-basicos\/\"]}]},{\"@type\":\"ImageObject\",\"inLanguage\":\"es\",\"@id\":\"https:\/\/www.pressenza.com\/es\/2019\/07\/chile-trabajadores-de-kdm-que-laboran-con-basura-de-region-metropolitana-inician-huelga-por-derechos-basicos\/#primaryimage\",\"url\":\"https:\/\/www.pressenza.com\/wp-content\/uploads\/2019\/07\/24-de-julio-KDM-2.jpg\",\"contentUrl\":\"https:\/\/www.pressenza.com\/wp-content\/uploads\/2019\/07\/24-de-julio-KDM-2.jpg\",\"width\":2048,\"height\":1193},{\"@type\":\"BreadcrumbList\",\"@id\":\"https:\/\/www.pressenza.com\/es\/2019\/07\/chile-trabajadores-de-kdm-que-laboran-con-basura-de-region-metropolitana-inician-huelga-por-derechos-basicos\/#breadcrumb\",\"itemListElement\":[{\"@type\":\"ListItem\",\"position\":1,\"name\":\"Accueil\",\"item\":\"https:\/\/www.pressenza.com\/es\/\"},{\"@type\":\"ListItem\",\"position\":2,\"name\":\"Chile. Trabajadores de KDM que laboran con basura de Regi\u00f3n Metropolitana inician huelga por derechos b\u00e1sicos\"}]},{\"@type\":\"WebSite\",\"@id\":\"https:\/\/www.pressenza.com\/es\/#website\",\"url\":\"https:\/\/www.pressenza.com\/es\/\",\"name\":\"Pressenza\",\"description\":\"International Press Agency\",\"publisher\":{\"@id\":\"https:\/\/www.pressenza.com\/es\/#organization\"},\"potentialAction\":[{\"@type\":\"SearchAction\",\"target\":{\"@type\":\"EntryPoint\",\"urlTemplate\":\"https:\/\/www.pressenza.com\/es\/?s={search_term_string}\"},\"query-input\":{\"@type\":\"PropertyValueSpecification\",\"valueRequired\":true,\"valueName\":\"search_term_string\"}}],\"inLanguage\":\"es\"},{\"@type\":\"Organization\",\"@id\":\"https:\/\/www.pressenza.com\/es\/#organization\",\"name\":\"Pressenza\",\"url\":\"https:\/\/www.pressenza.com\/es\/\",\"logo\":{\"@type\":\"ImageObject\",\"inLanguage\":\"es\",\"@id\":\"https:\/\/www.pressenza.com\/es\/#\/schema\/logo\/image\/\",\"url\":\"https:\/\/www.pressenza.com\/wp-content\/uploads\/2022\/10\/pressenza_logo_200x200.jpg\",\"contentUrl\":\"https:\/\/www.pressenza.com\/wp-content\/uploads\/2022\/10\/pressenza_logo_200x200.jpg\",\"width\":200,\"height\":200,\"caption\":\"Pressenza\"},\"image\":{\"@id\":\"https:\/\/www.pressenza.com\/es\/#\/schema\/logo\/image\/\"},\"sameAs\":[\"https:\/\/www.facebook.com\/PressenzaItalia\",\"https:\/\/x.com\/PressenzaIPA\"]},{\"@type\":\"Person\",\"@id\":\"https:\/\/www.pressenza.com\/es\/#\/schema\/person\/d7db40df35d6698ba69ba9ee260944ed\",\"name\":\"Redacci\u00f3n Chile\",\"description\":\"News from the Pressenza Bureau in Chile\",\"sameAs\":[\"https:\/\/www.facebook.com\/pressenza\",\"https:\/\/x.com\/pressenza\"],\"url\":\"https:\/\/www.pressenza.com\/es\/author\/redaccion-chile\/\"}]}<\/script>\n<!-- \/ Yoast SEO plugin. -->","yoast_head_json":{"title":"Chile. Trabajadores de KDM que laboran con basura de Regi\u00f3n Metropolitana inician huelga por derechos b\u00e1sicos","description":"Chile. Trabajadores de KDM inician huelga","robots":{"index":"index","follow":"follow","max-snippet":"max-snippet:-1","max-image-preview":"max-image-preview:large","max-video-preview":"max-video-preview:-1"},"canonical":"https:\/\/www.pressenza.com\/es\/2019\/07\/chile-trabajadores-de-kdm-que-laboran-con-basura-de-region-metropolitana-inician-huelga-por-derechos-basicos\/","og_locale":"es_ES","og_type":"article","og_title":"Chile. Trabajadores de KDM que laboran con basura de Regi\u00f3n Metropolitana inician huelga por derechos b\u00e1sicos","og_description":"Chile. Trabajadores de KDM inician huelga","og_url":"https:\/\/www.pressenza.com\/es\/2019\/07\/chile-trabajadores-de-kdm-que-laboran-con-basura-de-region-metropolitana-inician-huelga-por-derechos-basicos\/","og_site_name":"Pressenza","article_publisher":"https:\/\/www.facebook.com\/PressenzaItalia","article_author":"https:\/\/www.facebook.com\/pressenza","article_published_time":"2019-07-24T23:30:33+00:00","og_image":[{"width":2048,"height":1193,"url":"https:\/\/www.pressenza.com\/wp-content\/uploads\/2019\/07\/24-de-julio-KDM-2.jpg","type":"image\/jpeg"}],"author":"Redacci\u00f3n Chile","twitter_card":"summary_large_image","twitter_creator":"@pressenza","twitter_site":"@PressenzaIPA","twitter_misc":{"Escrito por":"Redacci\u00f3n Chile","Tiempo de lectura":"3 minutos"},"schema":{"@context":"https:\/\/schema.org","@graph":[{"@type":"Article","@id":"https:\/\/www.pressenza.com\/es\/2019\/07\/chile-trabajadores-de-kdm-que-laboran-con-basura-de-region-metropolitana-inician-huelga-por-derechos-basicos\/#article","isPartOf":{"@id":"https:\/\/www.pressenza.com\/es\/2019\/07\/chile-trabajadores-de-kdm-que-laboran-con-basura-de-region-metropolitana-inician-huelga-por-derechos-basicos\/"},"author":{"name":"Redacci\u00f3n Chile","@id":"https:\/\/www.pressenza.com\/es\/#\/schema\/person\/d7db40df35d6698ba69ba9ee260944ed"},"headline":"Chile. Trabajadores de KDM que laboran con basura de Regi\u00f3n Metropolitana inician huelga por derechos b\u00e1sicos","datePublished":"2019-07-24T23:30:33+00:00","mainEntityOfPage":{"@id":"https:\/\/www.pressenza.com\/es\/2019\/07\/chile-trabajadores-de-kdm-que-laboran-con-basura-de-region-metropolitana-inician-huelga-por-derechos-basicos\/"},"wordCount":598,"publisher":{"@id":"https:\/\/www.pressenza.com\/es\/#organization"},"image":{"@id":"https:\/\/www.pressenza.com\/es\/2019\/07\/chile-trabajadores-de-kdm-que-laboran-con-basura-de-region-metropolitana-inician-huelga-por-derechos-basicos\/#primaryimage"},"thumbnailUrl":"https:\/\/www.pressenza.com\/wp-content\/uploads\/2019\/07\/24-de-julio-KDM-2.jpg","keywords":["Chile","Derechos laborales","huelga","KDM"],"articleSection":["Contenido Original","Derechos Humanos","Sudam\u00e9rica"],"inLanguage":"es"},{"@type":"WebPage","@id":"https:\/\/www.pressenza.com\/es\/2019\/07\/chile-trabajadores-de-kdm-que-laboran-con-basura-de-region-metropolitana-inician-huelga-por-derechos-basicos\/","url":"https:\/\/www.pressenza.com\/es\/2019\/07\/chile-trabajadores-de-kdm-que-laboran-con-basura-de-region-metropolitana-inician-huelga-por-derechos-basicos\/","name":"Chile. Trabajadores de KDM que laboran con basura de Regi\u00f3n Metropolitana inician huelga por derechos b\u00e1sicos","isPartOf":{"@id":"https:\/\/www.pressenza.com\/es\/#website"},"primaryImageOfPage":{"@id":"https:\/\/www.pressenza.com\/es\/2019\/07\/chile-trabajadores-de-kdm-que-laboran-con-basura-de-region-metropolitana-inician-huelga-por-derechos-basicos\/#primaryimage"},"image":{"@id":"https:\/\/www.pressenza.com\/es\/2019\/07\/chile-trabajadores-de-kdm-que-laboran-con-basura-de-region-metropolitana-inician-huelga-por-derechos-basicos\/#primaryimage"},"thumbnailUrl":"https:\/\/www.pressenza.com\/wp-content\/uploads\/2019\/07\/24-de-julio-KDM-2.jpg","datePublished":"2019-07-24T23:30:33+00:00","description":"Chile. Trabajadores de KDM inician huelga","breadcrumb":{"@id":"https:\/\/www.pressenza.com\/es\/2019\/07\/chile-trabajadores-de-kdm-que-laboran-con-basura-de-region-metropolitana-inician-huelga-por-derechos-basicos\/#breadcrumb"},"inLanguage":"es","potentialAction":[{"@type":"ReadAction","target":["https:\/\/www.pressenza.com\/es\/2019\/07\/chile-trabajadores-de-kdm-que-laboran-con-basura-de-region-metropolitana-inician-huelga-por-derechos-basicos\/"]}]},{"@type":"ImageObject","inLanguage":"es","@id":"https:\/\/www.pressenza.com\/es\/2019\/07\/chile-trabajadores-de-kdm-que-laboran-con-basura-de-region-metropolitana-inician-huelga-por-derechos-basicos\/#primaryimage","url":"https:\/\/www.pressenza.com\/wp-content\/uploads\/2019\/07\/24-de-julio-KDM-2.jpg","contentUrl":"https:\/\/www.pressenza.com\/wp-content\/uploads\/2019\/07\/24-de-julio-KDM-2.jpg","width":2048,"height":1193},{"@type":"BreadcrumbList","@id":"https:\/\/www.pressenza.com\/es\/2019\/07\/chile-trabajadores-de-kdm-que-laboran-con-basura-de-region-metropolitana-inician-huelga-por-derechos-basicos\/#breadcrumb","itemListElement":[{"@type":"ListItem","position":1,"name":"Accueil","item":"https:\/\/www.pressenza.com\/es\/"},{"@type":"ListItem","position":2,"name":"Chile. Trabajadores de KDM que laboran con basura de Regi\u00f3n Metropolitana inician huelga por derechos b\u00e1sicos"}]},{"@type":"WebSite","@id":"https:\/\/www.pressenza.com\/es\/#website","url":"https:\/\/www.pressenza.com\/es\/","name":"Pressenza","description":"International Press Agency","publisher":{"@id":"https:\/\/www.pressenza.com\/es\/#organization"},"potentialAction":[{"@type":"SearchAction","target":{"@type":"EntryPoint","urlTemplate":"https:\/\/www.pressenza.com\/es\/?s={search_term_string}"},"query-input":{"@type":"PropertyValueSpecification","valueRequired":true,"valueName":"search_term_string"}}],"inLanguage":"es"},{"@type":"Organization","@id":"https:\/\/www.pressenza.com\/es\/#organization","name":"Pressenza","url":"https:\/\/www.pressenza.com\/es\/","logo":{"@type":"ImageObject","inLanguage":"es","@id":"https:\/\/www.pressenza.com\/es\/#\/schema\/logo\/image\/","url":"https:\/\/www.pressenza.com\/wp-content\/uploads\/2022\/10\/pressenza_logo_200x200.jpg","contentUrl":"https:\/\/www.pressenza.com\/wp-content\/uploads\/2022\/10\/pressenza_logo_200x200.jpg","width":200,"height":200,"caption":"Pressenza"},"image":{"@id":"https:\/\/www.pressenza.com\/es\/#\/schema\/logo\/image\/"},"sameAs":["https:\/\/www.facebook.com\/PressenzaItalia","https:\/\/x.com\/PressenzaIPA"]},{"@type":"Person","@id":"https:\/\/www.pressenza.com\/es\/#\/schema\/person\/d7db40df35d6698ba69ba9ee260944ed","name":"Redacci\u00f3n Chile","description":"News from the Pressenza Bureau in Chile","sameAs":["https:\/\/www.facebook.com\/pressenza","https:\/\/x.com\/pressenza"],"url":"https:\/\/www.pressenza.com\/es\/author\/redaccion-chile\/"}]}},"place":"Santiago de Chile","original_article_url":"","_links":{"self":[{"href":"https:\/\/www.pressenza.com\/es\/wp-json\/wp\/v2\/posts\/892521","targetHints":{"allow":["GET"]}}],"collection":[{"href":"https:\/\/www.pressenza.com\/es\/wp-json\/wp\/v2\/posts"}],"about":[{"href":"https:\/\/www.pressenza.com\/es\/wp-json\/wp\/v2\/types\/post"}],"author":[{"embeddable":true,"href":"https:\/\/www.pressenza.com\/es\/wp-json\/wp\/v2\/users\/43"}],"replies":[{"embeddable":true,"href":"https:\/\/www.pressenza.com\/es\/wp-json\/wp\/v2\/comments?post=892521"}],"version-history":[{"count":0,"href":"https:\/\/www.pressenza.com\/es\/wp-json\/wp\/v2\/posts\/892521\/revisions"}],"wp:featuredmedia":[{"embeddable":true,"href":"https:\/\/www.pressenza.com\/es\/wp-json\/wp\/v2\/media\/892522"}],"wp:attachment":[{"href":"https:\/\/www.pressenza.com\/es\/wp-json\/wp\/v2\/media?parent=892521"}],"wp:term":[{"taxonomy":"category","embeddable":true,"href":"https:\/\/www.pressenza.com\/es\/wp-json\/wp\/v2\/categories?post=892521"},{"taxonomy":"post_tag","embeddable":true,"href":"https:\/\/www.pressenza.com\/es\/wp-json\/wp\/v2\/tags?post=892521"}],"curies":[{"name":"wp","href":"https:\/\/api.w.org\/{rel}","templated":true}]}}