{"id":892471,"date":"2019-07-24T22:58:18","date_gmt":"2019-07-24T21:58:18","guid":{"rendered":"https:\/\/www.pressenza.com\/?p=892471"},"modified":"2019-07-24T22:58:18","modified_gmt":"2019-07-24T21:58:18","slug":"el-agujero-negro-de-la-politica-italiana","status":"publish","type":"post","link":"https:\/\/www.pressenza.com\/es\/2019\/07\/el-agujero-negro-de-la-politica-italiana\/","title":{"rendered":"El agujero negro de la pol\u00edtica italiana"},"content":{"rendered":"<p>Quien piense que la pol\u00edtica italiana se ha convertido ahora en un conflicto entre fan\u00e1ticos, intentan dar la impresi\u00f3n de una imparcialidad falsa e imposible. Los partidarios se han alineado y representar\u00edan la simplificaci\u00f3n medi\u00e1tica de un trasfondo cultural actual y real que se est\u00e1 convirtiendo en una verdadera guerra civil. En realidad, en dos guerras civiles. La de los ricos contra los pobres, y aquella entre los \u00abde izquierda\u00bb y los \u00absoberanistas\u00bb. La primera es la real, la segunda es la medi\u00e1tica. Salvini ha reemplazado la segunda con la primera, invirtiendo e interrumpiendo la estructura existente. Al hacerlo, reemplaz\u00f3 los \u00abproblemas reales\u00bb con los \u00abproblemas de los italianos\u00bb.<\/p>\n<p>A trav\u00e9s de esta sustituci\u00f3n impuso una fuerte polarizaci\u00f3n del debate, gracias a una mediatizaci\u00f3n que lo alimenta y lo simplifica al punto de transformar a protagonistas y extras en las caricaturas que ejecutan un di\u00e1logo entre sordos. Trataremos aqu\u00ed de hacer abstracci\u00f3n en este universo donde las distancias entre las personas no dejen de aumentar.<\/p>\n<p><span style=\"color: #800000;\"><strong>Un universo pol\u00edtico y medi\u00e1tico polarizado<\/strong><\/span><\/p>\n<p>Por un lado, est\u00e1 quien, considerando que la competencia, la raz\u00f3n y el profesionalismo de la clase pol\u00edtica no han resuelto los problemas de la gente, ahora piensa que cualquiera puede ocuparse de los asuntos p\u00fablicos. A esta afirmaci\u00f3n se une la t\u00edpica de esos italianos, que en lugar de los asuntos p\u00fablicos, prefieren ocuparse de esa peque\u00f1a porci\u00f3n de lo p\u00fablico que les concierne. Esto no solo indica una ganancia personal, sino tambi\u00e9n la capacidad de identificarse con una mediocridad ostentosa y exaltada con un rasgo de autenticidad contra la creciente hipocres\u00eda.<\/p>\n<p>Se dice que, despu\u00e9s de todo, este gobierno no es m\u00e1s que la sublimaci\u00f3n pol\u00edtica de aquellos que nunca han hecho gran cosa en la vida, de los que ahora, finalmente, encuentran una raz\u00f3n para sentirse mejor que otros luego de una vida de fracaso. De ah\u00ed toda <a href=\"https:\/\/www.pressenza.com\/it\/2018\/07\/politica-della-paura\/\"><em>la teor\u00eda del chivo expiatorio<\/em><\/a> de las tantas que ya conocemos.<\/p>\n<p>Adem\u00e1s, estas personas piensan que la pol\u00edtica de competencia, de las \u00e9lites intelectuales, de los m\u00e1s preparados, no solo no crearon bienestar, sino que explican este fracaso con el plan de conspiraci\u00f3n de \u00absustituci\u00f3n \u00e9tnica\u00bb, como si la clase dominante anterior tuviera una pasi\u00f3n masoquista por no pensar en los intereses de los italianos, prefiriendo a los extranjeros e inmigrantes. Conocemos la consecuencia de este pensamiento en las redes sociales: el enemigo serial se desata de las ataduras de la camiseta subversiva contra el chico bueno radical-<em>chic<\/em>.<\/p>\n<p>Estos \u00faltimos, sin embargo, siempre creen que est\u00e1n en el lado justo del universo pol\u00edtico y que hay una cruzada contra el mal, el soberanismo o el fascismo, que se alimentan de la ignorancia de la gente.<\/p>\n<p>Contrariamente a los primeros, piensan que la Raz\u00f3n y la Competencia lo son todo y no hacen nada por el da\u00f1o que estas entidades han causado despu\u00e9s de a\u00f1os de oposici\u00f3n insustancial al berlusconismo o al gobierno liberal. Han abandonado su capacidad de buscar el atractivo de todos los cuerpos celestes intermedios (las pol\u00edticas de abstenci\u00f3n), se\u00f1alando con el dedo la ignorancia de las personas en lugar de analizar sus necesidades, los llamados \u00abproblemas reales\u00bb.<\/p>\n<p>Los protagonistas de esta izquierda que \u00abdeber\u00eda empezar de nuevo\u00bb cada vez, desde Greta, Mimmo, Carola, elevan a estos h\u00e9roes de un antifascismo, que para la onda m\u00e1s radical siempre ha sido t\u00f3pico, pero que a veces es solo un instrumento prefabricado de conveniencia y de emergencia, erigida por toda esa \u00e1rea liberal que cre\u00f3 el virus y ahora pretender\u00eda tener la cura.<\/p>\n<p>Este universo est\u00e1 gobernado por un hechizo hecho de leyes f\u00edsicas, creado por un agujero negro, Salvini, que genera esta polarizaci\u00f3n a partir de su verbo social o en vivo, dictando con una velocidad espasm\u00f3dica los tiempos y los temas de la agenda pol\u00edtica y medi\u00e1tica del pa\u00eds, causando una satisfacci\u00f3n en el vientre y los intestinos del pa\u00eds comparable solo a la causada por la evacuaci\u00f3n de estos \u00f3rganos.<\/p>\n<p>Este agujero negro no hace m\u00e1s que dividir el pa\u00eds, hasta el punto de que ahora ya no es posible mediar.<\/p>\n<p><span style=\"color: #800000;\"><strong>El agujero negro atrae y polariza. Es imposible permanecer imparcial<\/strong><\/span><\/p>\n<p>Es imposible hacer entender a las dos partes. Basta con medio comentario en Facebook para aplastar al otro en uno de los dos partidarios y, al responder, pretender ser m\u00e1s justos e imparciales que nuestros interlocutores, basados \u200b\u200ben nuestra presunci\u00f3n ignorante de saber.<\/p>\n<p>Incluso aquellos que han tratado de ejercer la imparcialidad, los <em>pentastellatos<\/em>, est\u00e1n ahora completamente atra\u00eddos por la \u00f3rbita fascista-leguista, v\u00edctimas de su pol\u00edtica vacilante y neutral, que ya no puede m\u00e1s que aspirar a representarse a s\u00ed misma como \u00ab<a href=\"https:\/\/www.pressenza.com\/it\/2018\/10\/ne-di-destra-ne-di-sinistra-il-ritorno-del-grande-inganno\/\">ni de derecha ni de izquierda<\/a>\u00bb. La vacuidad pol\u00edtica del liderazgo <em>cinquestelle<\/em> (del Movimiento 5 Estrellas) es la misma que la de su electorado incierto, y est\u00e1 claro que ha sido elegido contra la casta. Ahora que gobierna, teme perder el consenso, y en la incertidumbre y la vaguedad ideol\u00f3gica, tal vez entienda la raz\u00f3n principal de su triste ca\u00edda.<\/p>\n<p>Pero la fuerza del agujero negro es tal que, en parte, se encontraron reciclando el voto de abstenci\u00f3n por consenso de los leguistas, permitiendo que salgan a la luz muchos fascistas reprimidos presentes en sus filas. Al hacerlo, ahora han entrado en el cono oscuro o agujero negro de la propaganda de la Liga, convirti\u00e9ndose en m\u00e1s o menos c\u00f3mplices.<\/p>\n<p>Incluso estos indecisos, que han representado para muchos la esperanza de una verdadera renovaci\u00f3n, han sido empujados a uno de los dos polos, permitiendo a una fracci\u00f3n del electorado, que se abstuvo en los \u00faltimos a\u00f1os, ser parte de un proyecto en el que son protagonistas.<\/p>\n<p><span style=\"color: #800000;\"><strong>\u00bfQui\u00e9n se encuentra en el medio?<\/strong><\/span><\/p>\n<p>Al observar el r\u00e1pido paso del consenso que llev\u00f3 a los <em>Cinquestelle<\/em> al poder y a la Liga a revertir el equilibrio de fuerzas durante las elecciones europeas, observamos un electorado muy fluido. Antes, solo contestatarios de la oposici\u00f3n; ahora, los perros guardianes del gobierno.<\/p>\n<p>Esto demuestra que precisamente de este \u00abcaldo primigenio\u00bb y magm\u00e1tico se nutre el consenso que fluye en los dos polos mencionados anteriormente, que atrae a miles de personas, meteoritos del pensamiento, perfiles que, por un lado, repiten como loros lo que ya se ha dicho y elaborado en los respectivos sitios; y aquellos que tratan de razonar, en el medio, que, teniendo ideas simpatizantes, resultan aplastados de un lado o del otro.<\/p>\n<p>Convencer, discutir, animar un debate en las redes sociales es tan in\u00fatil como contraproducente debido a la naturaleza misma del soporte.<\/p>\n<p>Sin embargo, estoy convencido de que es dentro de este caldo, en medio de los dos extremos, en donde ocurre y se refuerza el paso de una persona indecisa hacia una persona racista y xen\u00f3foba. Este paso es lento e inexorable y ah\u00ed es donde debemos intervenir.<\/p>\n<hr \/>\n<p><em>Traducci\u00f3n del italiano por Melina Miketta<\/em><\/p>\n","protected":false},"excerpt":{"rendered":"<p>Quien piense que la pol\u00edtica italiana se ha convertido ahora en un conflicto entre fan\u00e1ticos, intentan dar la impresi\u00f3n de una imparcialidad falsa e imposible. Los partidarios se han alineado y representar\u00edan la simplificaci\u00f3n medi\u00e1tica de un trasfondo cultural actual&hellip;<\/p>\n","protected":false},"author":1496,"featured_media":891412,"comment_status":"closed","ping_status":"closed","sticky":false,"template":"","format":"standard","meta":{"footnotes":""},"categories":[11389,54574,161,74],"tags":[61647,61648,58686],"class_list":["post-892471","post","type-post","status-publish","format-standard","has-post-thumbnail","hentry","category-contenido-original","category-migrantes-es","category-opiniones","category-politica-es","tag-partidarios","tag-politica-italiana-es","tag-salvini-es"],"yoast_head":"<!-- This site is optimized with the Yoast SEO plugin v27.1.1 - https:\/\/yoast.com\/product\/yoast-seo-wordpress\/ -->\n<title>El agujero negro de la pol\u00edtica italiana<\/title>\n<meta name=\"description\" content=\"Quien piense que la pol\u00edtica italiana se ha convertido ahora en un conflicto entre fan\u00e1ticos, intentan dar la impresi\u00f3n de una imparcialidad falsa e\" \/>\n<meta name=\"robots\" content=\"index, follow, max-snippet:-1, max-image-preview:large, max-video-preview:-1\" \/>\n<link rel=\"canonical\" href=\"https:\/\/www.pressenza.com\/es\/2019\/07\/el-agujero-negro-de-la-politica-italiana\/\" \/>\n<meta property=\"og:locale\" content=\"es_ES\" \/>\n<meta property=\"og:type\" content=\"article\" \/>\n<meta property=\"og:title\" content=\"El agujero negro de la pol\u00edtica italiana\" \/>\n<meta property=\"og:description\" content=\"Quien piense que la pol\u00edtica italiana se ha convertido ahora en un conflicto entre fan\u00e1ticos, intentan dar la impresi\u00f3n de una imparcialidad falsa e\" \/>\n<meta property=\"og:url\" content=\"https:\/\/www.pressenza.com\/es\/2019\/07\/el-agujero-negro-de-la-politica-italiana\/\" \/>\n<meta property=\"og:site_name\" content=\"Pressenza\" \/>\n<meta property=\"article:publisher\" content=\"https:\/\/www.facebook.com\/PressenzaItalia\" \/>\n<meta property=\"article:author\" content=\"https:\/\/www.facebook.com\/tobiasavoca\" \/>\n<meta property=\"article:published_time\" content=\"2019-07-24T21:58:18+00:00\" \/>\n<meta property=\"og:image\" content=\"https:\/\/www.pressenza.com\/wp-content\/uploads\/2019\/07\/buconero2.png\" \/>\n\t<meta property=\"og:image:width\" content=\"960\" \/>\n\t<meta property=\"og:image:height\" content=\"782\" \/>\n\t<meta property=\"og:image:type\" content=\"image\/png\" \/>\n<meta name=\"author\" content=\"Tobia Savoca\" \/>\n<meta name=\"twitter:card\" content=\"summary_large_image\" \/>\n<meta name=\"twitter:creator\" content=\"@PressenzaIPA\" \/>\n<meta name=\"twitter:site\" content=\"@PressenzaIPA\" \/>\n<meta name=\"twitter:label1\" content=\"Escrito por\" \/>\n\t<meta name=\"twitter:data1\" content=\"Tobia Savoca\" \/>\n\t<meta name=\"twitter:label2\" content=\"Tiempo de lectura\" \/>\n\t<meta name=\"twitter:data2\" content=\"6 minutos\" \/>\n<script type=\"application\/ld+json\" class=\"yoast-schema-graph\">{\"@context\":\"https:\/\/schema.org\",\"@graph\":[{\"@type\":\"Article\",\"@id\":\"https:\/\/www.pressenza.com\/es\/2019\/07\/el-agujero-negro-de-la-politica-italiana\/#article\",\"isPartOf\":{\"@id\":\"https:\/\/www.pressenza.com\/es\/2019\/07\/el-agujero-negro-de-la-politica-italiana\/\"},\"author\":{\"name\":\"Tobia Savoca\",\"@id\":\"https:\/\/www.pressenza.com\/es\/#\/schema\/person\/db5d60896b03571ff2fbf2fdf7a48c84\"},\"headline\":\"El agujero negro de la pol\u00edtica italiana\",\"datePublished\":\"2019-07-24T21:58:18+00:00\",\"mainEntityOfPage\":{\"@id\":\"https:\/\/www.pressenza.com\/es\/2019\/07\/el-agujero-negro-de-la-politica-italiana\/\"},\"wordCount\":1227,\"publisher\":{\"@id\":\"https:\/\/www.pressenza.com\/es\/#organization\"},\"image\":{\"@id\":\"https:\/\/www.pressenza.com\/es\/2019\/07\/el-agujero-negro-de-la-politica-italiana\/#primaryimage\"},\"thumbnailUrl\":\"https:\/\/www.pressenza.com\/wp-content\/uploads\/2019\/07\/buconero2.png\",\"keywords\":[\"partidarios\",\"politica italiana\",\"Salvini\"],\"articleSection\":[\"Contenido Original\",\"Migrantes\",\"Opiniones\",\"Pol\u00edtica\"],\"inLanguage\":\"es\"},{\"@type\":\"WebPage\",\"@id\":\"https:\/\/www.pressenza.com\/es\/2019\/07\/el-agujero-negro-de-la-politica-italiana\/\",\"url\":\"https:\/\/www.pressenza.com\/es\/2019\/07\/el-agujero-negro-de-la-politica-italiana\/\",\"name\":\"El agujero negro de la pol\u00edtica italiana\",\"isPartOf\":{\"@id\":\"https:\/\/www.pressenza.com\/es\/#website\"},\"primaryImageOfPage\":{\"@id\":\"https:\/\/www.pressenza.com\/es\/2019\/07\/el-agujero-negro-de-la-politica-italiana\/#primaryimage\"},\"image\":{\"@id\":\"https:\/\/www.pressenza.com\/es\/2019\/07\/el-agujero-negro-de-la-politica-italiana\/#primaryimage\"},\"thumbnailUrl\":\"https:\/\/www.pressenza.com\/wp-content\/uploads\/2019\/07\/buconero2.png\",\"datePublished\":\"2019-07-24T21:58:18+00:00\",\"description\":\"Quien piense que la pol\u00edtica italiana se ha convertido ahora en un conflicto entre fan\u00e1ticos, intentan dar la impresi\u00f3n de una imparcialidad falsa e\",\"breadcrumb\":{\"@id\":\"https:\/\/www.pressenza.com\/es\/2019\/07\/el-agujero-negro-de-la-politica-italiana\/#breadcrumb\"},\"inLanguage\":\"es\",\"potentialAction\":[{\"@type\":\"ReadAction\",\"target\":[\"https:\/\/www.pressenza.com\/es\/2019\/07\/el-agujero-negro-de-la-politica-italiana\/\"]}]},{\"@type\":\"ImageObject\",\"inLanguage\":\"es\",\"@id\":\"https:\/\/www.pressenza.com\/es\/2019\/07\/el-agujero-negro-de-la-politica-italiana\/#primaryimage\",\"url\":\"https:\/\/www.pressenza.com\/wp-content\/uploads\/2019\/07\/buconero2.png\",\"contentUrl\":\"https:\/\/www.pressenza.com\/wp-content\/uploads\/2019\/07\/buconero2.png\",\"width\":960,\"height\":782},{\"@type\":\"BreadcrumbList\",\"@id\":\"https:\/\/www.pressenza.com\/es\/2019\/07\/el-agujero-negro-de-la-politica-italiana\/#breadcrumb\",\"itemListElement\":[{\"@type\":\"ListItem\",\"position\":1,\"name\":\"Accueil\",\"item\":\"https:\/\/www.pressenza.com\/es\/\"},{\"@type\":\"ListItem\",\"position\":2,\"name\":\"El agujero negro de la pol\u00edtica italiana\"}]},{\"@type\":\"WebSite\",\"@id\":\"https:\/\/www.pressenza.com\/es\/#website\",\"url\":\"https:\/\/www.pressenza.com\/es\/\",\"name\":\"Pressenza\",\"description\":\"International Press Agency\",\"publisher\":{\"@id\":\"https:\/\/www.pressenza.com\/es\/#organization\"},\"potentialAction\":[{\"@type\":\"SearchAction\",\"target\":{\"@type\":\"EntryPoint\",\"urlTemplate\":\"https:\/\/www.pressenza.com\/es\/?s={search_term_string}\"},\"query-input\":{\"@type\":\"PropertyValueSpecification\",\"valueRequired\":true,\"valueName\":\"search_term_string\"}}],\"inLanguage\":\"es\"},{\"@type\":\"Organization\",\"@id\":\"https:\/\/www.pressenza.com\/es\/#organization\",\"name\":\"Pressenza\",\"url\":\"https:\/\/www.pressenza.com\/es\/\",\"logo\":{\"@type\":\"ImageObject\",\"inLanguage\":\"es\",\"@id\":\"https:\/\/www.pressenza.com\/es\/#\/schema\/logo\/image\/\",\"url\":\"https:\/\/www.pressenza.com\/wp-content\/uploads\/2022\/10\/pressenza_logo_200x200.jpg\",\"contentUrl\":\"https:\/\/www.pressenza.com\/wp-content\/uploads\/2022\/10\/pressenza_logo_200x200.jpg\",\"width\":200,\"height\":200,\"caption\":\"Pressenza\"},\"image\":{\"@id\":\"https:\/\/www.pressenza.com\/es\/#\/schema\/logo\/image\/\"},\"sameAs\":[\"https:\/\/www.facebook.com\/PressenzaItalia\",\"https:\/\/x.com\/PressenzaIPA\"]},{\"@type\":\"Person\",\"@id\":\"https:\/\/www.pressenza.com\/es\/#\/schema\/person\/db5d60896b03571ff2fbf2fdf7a48c84\",\"name\":\"Tobia Savoca\",\"description\":\"Palermitano. Laureato in Giurisprudenza in Italia dove si \u00e8 abilitato alla pratica forense, e laureato in Storia in Francia, dove attualmente insegna. Scrive di storia, politica, societ\u00e0 ed educazione.\",\"sameAs\":[\"https:\/\/www.facebook.com\/tobiasavoca\"],\"url\":\"https:\/\/www.pressenza.com\/es\/author\/tobia-savoca\/\"}]}<\/script>\n<!-- \/ Yoast SEO plugin. -->","yoast_head_json":{"title":"El agujero negro de la pol\u00edtica italiana","description":"Quien piense que la pol\u00edtica italiana se ha convertido ahora en un conflicto entre fan\u00e1ticos, intentan dar la impresi\u00f3n de una imparcialidad falsa e","robots":{"index":"index","follow":"follow","max-snippet":"max-snippet:-1","max-image-preview":"max-image-preview:large","max-video-preview":"max-video-preview:-1"},"canonical":"https:\/\/www.pressenza.com\/es\/2019\/07\/el-agujero-negro-de-la-politica-italiana\/","og_locale":"es_ES","og_type":"article","og_title":"El agujero negro de la pol\u00edtica italiana","og_description":"Quien piense que la pol\u00edtica italiana se ha convertido ahora en un conflicto entre fan\u00e1ticos, intentan dar la impresi\u00f3n de una imparcialidad falsa e","og_url":"https:\/\/www.pressenza.com\/es\/2019\/07\/el-agujero-negro-de-la-politica-italiana\/","og_site_name":"Pressenza","article_publisher":"https:\/\/www.facebook.com\/PressenzaItalia","article_author":"https:\/\/www.facebook.com\/tobiasavoca","article_published_time":"2019-07-24T21:58:18+00:00","og_image":[{"width":960,"height":782,"url":"https:\/\/www.pressenza.com\/wp-content\/uploads\/2019\/07\/buconero2.png","type":"image\/png"}],"author":"Tobia Savoca","twitter_card":"summary_large_image","twitter_creator":"@PressenzaIPA","twitter_site":"@PressenzaIPA","twitter_misc":{"Escrito por":"Tobia Savoca","Tiempo de lectura":"6 minutos"},"schema":{"@context":"https:\/\/schema.org","@graph":[{"@type":"Article","@id":"https:\/\/www.pressenza.com\/es\/2019\/07\/el-agujero-negro-de-la-politica-italiana\/#article","isPartOf":{"@id":"https:\/\/www.pressenza.com\/es\/2019\/07\/el-agujero-negro-de-la-politica-italiana\/"},"author":{"name":"Tobia Savoca","@id":"https:\/\/www.pressenza.com\/es\/#\/schema\/person\/db5d60896b03571ff2fbf2fdf7a48c84"},"headline":"El agujero negro de la pol\u00edtica italiana","datePublished":"2019-07-24T21:58:18+00:00","mainEntityOfPage":{"@id":"https:\/\/www.pressenza.com\/es\/2019\/07\/el-agujero-negro-de-la-politica-italiana\/"},"wordCount":1227,"publisher":{"@id":"https:\/\/www.pressenza.com\/es\/#organization"},"image":{"@id":"https:\/\/www.pressenza.com\/es\/2019\/07\/el-agujero-negro-de-la-politica-italiana\/#primaryimage"},"thumbnailUrl":"https:\/\/www.pressenza.com\/wp-content\/uploads\/2019\/07\/buconero2.png","keywords":["partidarios","politica italiana","Salvini"],"articleSection":["Contenido Original","Migrantes","Opiniones","Pol\u00edtica"],"inLanguage":"es"},{"@type":"WebPage","@id":"https:\/\/www.pressenza.com\/es\/2019\/07\/el-agujero-negro-de-la-politica-italiana\/","url":"https:\/\/www.pressenza.com\/es\/2019\/07\/el-agujero-negro-de-la-politica-italiana\/","name":"El agujero negro de la pol\u00edtica italiana","isPartOf":{"@id":"https:\/\/www.pressenza.com\/es\/#website"},"primaryImageOfPage":{"@id":"https:\/\/www.pressenza.com\/es\/2019\/07\/el-agujero-negro-de-la-politica-italiana\/#primaryimage"},"image":{"@id":"https:\/\/www.pressenza.com\/es\/2019\/07\/el-agujero-negro-de-la-politica-italiana\/#primaryimage"},"thumbnailUrl":"https:\/\/www.pressenza.com\/wp-content\/uploads\/2019\/07\/buconero2.png","datePublished":"2019-07-24T21:58:18+00:00","description":"Quien piense que la pol\u00edtica italiana se ha convertido ahora en un conflicto entre fan\u00e1ticos, intentan dar la impresi\u00f3n de una imparcialidad falsa e","breadcrumb":{"@id":"https:\/\/www.pressenza.com\/es\/2019\/07\/el-agujero-negro-de-la-politica-italiana\/#breadcrumb"},"inLanguage":"es","potentialAction":[{"@type":"ReadAction","target":["https:\/\/www.pressenza.com\/es\/2019\/07\/el-agujero-negro-de-la-politica-italiana\/"]}]},{"@type":"ImageObject","inLanguage":"es","@id":"https:\/\/www.pressenza.com\/es\/2019\/07\/el-agujero-negro-de-la-politica-italiana\/#primaryimage","url":"https:\/\/www.pressenza.com\/wp-content\/uploads\/2019\/07\/buconero2.png","contentUrl":"https:\/\/www.pressenza.com\/wp-content\/uploads\/2019\/07\/buconero2.png","width":960,"height":782},{"@type":"BreadcrumbList","@id":"https:\/\/www.pressenza.com\/es\/2019\/07\/el-agujero-negro-de-la-politica-italiana\/#breadcrumb","itemListElement":[{"@type":"ListItem","position":1,"name":"Accueil","item":"https:\/\/www.pressenza.com\/es\/"},{"@type":"ListItem","position":2,"name":"El agujero negro de la pol\u00edtica italiana"}]},{"@type":"WebSite","@id":"https:\/\/www.pressenza.com\/es\/#website","url":"https:\/\/www.pressenza.com\/es\/","name":"Pressenza","description":"International Press Agency","publisher":{"@id":"https:\/\/www.pressenza.com\/es\/#organization"},"potentialAction":[{"@type":"SearchAction","target":{"@type":"EntryPoint","urlTemplate":"https:\/\/www.pressenza.com\/es\/?s={search_term_string}"},"query-input":{"@type":"PropertyValueSpecification","valueRequired":true,"valueName":"search_term_string"}}],"inLanguage":"es"},{"@type":"Organization","@id":"https:\/\/www.pressenza.com\/es\/#organization","name":"Pressenza","url":"https:\/\/www.pressenza.com\/es\/","logo":{"@type":"ImageObject","inLanguage":"es","@id":"https:\/\/www.pressenza.com\/es\/#\/schema\/logo\/image\/","url":"https:\/\/www.pressenza.com\/wp-content\/uploads\/2022\/10\/pressenza_logo_200x200.jpg","contentUrl":"https:\/\/www.pressenza.com\/wp-content\/uploads\/2022\/10\/pressenza_logo_200x200.jpg","width":200,"height":200,"caption":"Pressenza"},"image":{"@id":"https:\/\/www.pressenza.com\/es\/#\/schema\/logo\/image\/"},"sameAs":["https:\/\/www.facebook.com\/PressenzaItalia","https:\/\/x.com\/PressenzaIPA"]},{"@type":"Person","@id":"https:\/\/www.pressenza.com\/es\/#\/schema\/person\/db5d60896b03571ff2fbf2fdf7a48c84","name":"Tobia Savoca","description":"Palermitano. Laureato in Giurisprudenza in Italia dove si \u00e8 abilitato alla pratica forense, e laureato in Storia in Francia, dove attualmente insegna. Scrive di storia, politica, societ\u00e0 ed educazione.","sameAs":["https:\/\/www.facebook.com\/tobiasavoca"],"url":"https:\/\/www.pressenza.com\/es\/author\/tobia-savoca\/"}]}},"place":"","original_article_url":"","_links":{"self":[{"href":"https:\/\/www.pressenza.com\/es\/wp-json\/wp\/v2\/posts\/892471","targetHints":{"allow":["GET"]}}],"collection":[{"href":"https:\/\/www.pressenza.com\/es\/wp-json\/wp\/v2\/posts"}],"about":[{"href":"https:\/\/www.pressenza.com\/es\/wp-json\/wp\/v2\/types\/post"}],"author":[{"embeddable":true,"href":"https:\/\/www.pressenza.com\/es\/wp-json\/wp\/v2\/users\/1496"}],"replies":[{"embeddable":true,"href":"https:\/\/www.pressenza.com\/es\/wp-json\/wp\/v2\/comments?post=892471"}],"version-history":[{"count":0,"href":"https:\/\/www.pressenza.com\/es\/wp-json\/wp\/v2\/posts\/892471\/revisions"}],"wp:featuredmedia":[{"embeddable":true,"href":"https:\/\/www.pressenza.com\/es\/wp-json\/wp\/v2\/media\/891412"}],"wp:attachment":[{"href":"https:\/\/www.pressenza.com\/es\/wp-json\/wp\/v2\/media?parent=892471"}],"wp:term":[{"taxonomy":"category","embeddable":true,"href":"https:\/\/www.pressenza.com\/es\/wp-json\/wp\/v2\/categories?post=892471"},{"taxonomy":"post_tag","embeddable":true,"href":"https:\/\/www.pressenza.com\/es\/wp-json\/wp\/v2\/tags?post=892471"}],"curies":[{"name":"wp","href":"https:\/\/api.w.org\/{rel}","templated":true}]}}