{"id":891442,"date":"2019-07-22T21:20:49","date_gmt":"2019-07-22T20:20:49","guid":{"rendered":"https:\/\/www.pressenza.com\/?p=891442"},"modified":"2019-07-22T21:20:49","modified_gmt":"2019-07-22T20:20:49","slug":"democracia-directa-el-caso-especial-de-suiza","status":"publish","type":"post","link":"https:\/\/www.pressenza.com\/es\/2019\/07\/democracia-directa-el-caso-especial-de-suiza\/","title":{"rendered":"Democracia directa \u2013 el caso especial de Suiza"},"content":{"rendered":"<p><strong>Suiza encuesta a la poblaci\u00f3n cuatro veces al a\u00f1o, a nivel nacional, cantonal y municipal. La poblaci\u00f3n suiza decide hasta 20 propuestas por a\u00f1o. Ning\u00fan otro pa\u00eds del mundo pregunta a la poblaci\u00f3n con tanta frecuencia como Suiza.<\/strong><\/p>\n<p>Sin embargo, a nivel nacional y cantonal se necesita un pasaporte suizo para este fin. A los extranjeros s\u00f3lo se les permite tener voz y voto a nivel comunal, en 605 de las 2 255 comunas suizas. Esto significa que los 1,7 millones de extranjeros, es decir, casi el 25% de la poblaci\u00f3n permanente residente, est\u00e1n en gran medida excluidos del derecho de voto.<\/p>\n<p>La participaci\u00f3n electoral fluct\u00faa marcadamente entre el 79% con respecto a la adhesi\u00f3n al Espacio Econ\u00f3mico Europeo en 1992 y el 25% a finales de 2012 en el refer\u00e9ndum contra la Ley de Epidemias de los Animales. Las fluctuaciones pueden explicarse por la complejidad de los temas y la alta frecuencia de los votos.<\/p>\n<p>Seg\u00fan el polit\u00f3logo Nenad Stojanovic, el 25% de los suizos vota siempre, el 20% nunca y el 55% decide en cada caso concreto. Despu\u00e9s de todo, el 80% de la poblaci\u00f3n con derecho a voto se expresa regularmente. As\u00ed que Stojanovic cita como posibles razones para la abstenci\u00f3n el desinter\u00e9s por la pol\u00edtica o la desilusi\u00f3n. Se evidencia una participaci\u00f3n extremadamente baja entre los j\u00f3venes de 18 a 24 a\u00f1os de edad.<\/p>\n<p><em><strong>Fuentes:<\/strong><\/em><\/p>\n<p><a href=\"https:\/\/www.swissinfo.ch\/ger\/direktedemokratie\/politische-rechte-fuer-auslaender_auslaenderstimmrecht-das-grosse-dilemma-der-direkten-demokratie\/42031562\">https:\/\/www.swissinfo.ch\/ger\/direktedemokratie\/politische-rechte-fuer-auslaender_auslaenderstimmrecht-das-grosse-dilemma-der-direkten-demokratie\/42031562<\/a><br \/>\n<a href=\"https:\/\/www.revue.ch\/ausgaben\/2019\/03\/detail\/news\/detail\/News\/kein-land-befragt-seine-bevoelkerung-so-oft-wie-die-schweiz\/\">https:\/\/www.revue.ch\/ausgaben\/2019\/03\/detail\/news\/detail\/News\/kein-land-befragt-seine-bevoelkerung-so-oft-wie-die-schweiz\/<\/a><\/p>\n<hr \/>\n<p><em>Traducci\u00f3n del alem\u00e1n por Sof\u00eda Yunga<\/em><\/p>\n","protected":false},"excerpt":{"rendered":"<p>Suiza encuesta a la poblaci\u00f3n cuatro veces al a\u00f1o, a nivel nacional, cantonal y municipal. La poblaci\u00f3n suiza decide hasta 20 propuestas por a\u00f1o. Ning\u00fan otro pa\u00eds del mundo pregunta a la poblaci\u00f3n con tanta frecuencia como Suiza. Sin embargo,&hellip;<\/p>\n","protected":false},"author":1089,"featured_media":890616,"comment_status":"closed","ping_status":"closed","sticky":false,"template":"","format":"standard","meta":{"footnotes":""},"categories":[11389,66,74],"tags":[696,420,61518,9062],"class_list":["post-891442","post","type-post","status-publish","format-standard","has-post-thumbnail","hentry","category-contenido-original","category-europa-es","category-politica-es","tag-democracia","tag-democracia-directa","tag-extranjeros-que-votan","tag-suiza"],"yoast_head":"<!-- This site is optimized with the Yoast SEO plugin v27.1.1 - https:\/\/yoast.com\/product\/yoast-seo-wordpress\/ -->\n<title>Democracia directa \u2013 el caso especial de Suiza<\/title>\n<meta name=\"description\" content=\"Suiza encuesta a la poblaci\u00f3n cuatro veces al a\u00f1o, a nivel nacional, cantonal y municipal. La poblaci\u00f3n suiza decide hasta 20 propuestas por a\u00f1o. Ning\u00fan\" \/>\n<meta name=\"robots\" content=\"index, follow, max-snippet:-1, max-image-preview:large, max-video-preview:-1\" \/>\n<link rel=\"canonical\" href=\"https:\/\/www.pressenza.com\/es\/2019\/07\/democracia-directa-el-caso-especial-de-suiza\/\" \/>\n<meta property=\"og:locale\" content=\"es_ES\" \/>\n<meta property=\"og:type\" content=\"article\" \/>\n<meta property=\"og:title\" content=\"Democracia directa \u2013 el caso especial de Suiza\" \/>\n<meta property=\"og:description\" content=\"Suiza encuesta a la poblaci\u00f3n cuatro veces al a\u00f1o, a nivel nacional, cantonal y municipal. La poblaci\u00f3n suiza decide hasta 20 propuestas por a\u00f1o. Ning\u00fan\" \/>\n<meta property=\"og:url\" content=\"https:\/\/www.pressenza.com\/es\/2019\/07\/democracia-directa-el-caso-especial-de-suiza\/\" \/>\n<meta property=\"og:site_name\" content=\"Pressenza\" \/>\n<meta property=\"article:publisher\" content=\"https:\/\/www.facebook.com\/PressenzaItalia\" \/>\n<meta property=\"article:author\" content=\"https:\/\/www.facebook.com\/rthumiger\" \/>\n<meta property=\"article:published_time\" content=\"2019-07-22T20:20:49+00:00\" \/>\n<meta property=\"og:image\" content=\"https:\/\/www.pressenza.com\/wp-content\/uploads\/2019\/07\/Direkte_Demokratie_Sonderfall_Schweiz.jpg\" \/>\n\t<meta property=\"og:image:width\" content=\"750\" \/>\n\t<meta property=\"og:image:height\" content=\"415\" \/>\n\t<meta property=\"og:image:type\" content=\"image\/jpeg\" \/>\n<meta name=\"author\" content=\"Reto Thumiger\" \/>\n<meta name=\"twitter:card\" content=\"summary_large_image\" \/>\n<meta name=\"twitter:creator\" content=\"@pressenza_ger\" \/>\n<meta name=\"twitter:site\" content=\"@PressenzaIPA\" \/>\n<meta name=\"twitter:label1\" content=\"Escrito por\" \/>\n\t<meta name=\"twitter:data1\" content=\"Reto Thumiger\" \/>\n\t<meta name=\"twitter:label2\" content=\"Tiempo de lectura\" \/>\n\t<meta name=\"twitter:data2\" content=\"1 minuto\" \/>\n<script type=\"application\/ld+json\" class=\"yoast-schema-graph\">{\"@context\":\"https:\/\/schema.org\",\"@graph\":[{\"@type\":\"Article\",\"@id\":\"https:\/\/www.pressenza.com\/es\/2019\/07\/democracia-directa-el-caso-especial-de-suiza\/#article\",\"isPartOf\":{\"@id\":\"https:\/\/www.pressenza.com\/es\/2019\/07\/democracia-directa-el-caso-especial-de-suiza\/\"},\"author\":{\"name\":\"Reto Thumiger\",\"@id\":\"https:\/\/www.pressenza.com\/es\/#\/schema\/person\/e233667f8b5764bd84b766de5286a5fa\"},\"headline\":\"Democracia directa \u2013 el caso especial de Suiza\",\"datePublished\":\"2019-07-22T20:20:49+00:00\",\"mainEntityOfPage\":{\"@id\":\"https:\/\/www.pressenza.com\/es\/2019\/07\/democracia-directa-el-caso-especial-de-suiza\/\"},\"wordCount\":273,\"publisher\":{\"@id\":\"https:\/\/www.pressenza.com\/es\/#organization\"},\"image\":{\"@id\":\"https:\/\/www.pressenza.com\/es\/2019\/07\/democracia-directa-el-caso-especial-de-suiza\/#primaryimage\"},\"thumbnailUrl\":\"https:\/\/www.pressenza.com\/wp-content\/uploads\/2019\/07\/Direkte_Demokratie_Sonderfall_Schweiz.jpg\",\"keywords\":[\"Democracia\",\"Democracia directa\",\"Extranjeros que votan\",\"Suiza\"],\"articleSection\":[\"Contenido Original\",\"Europa\",\"Pol\u00edtica\"],\"inLanguage\":\"es\"},{\"@type\":\"WebPage\",\"@id\":\"https:\/\/www.pressenza.com\/es\/2019\/07\/democracia-directa-el-caso-especial-de-suiza\/\",\"url\":\"https:\/\/www.pressenza.com\/es\/2019\/07\/democracia-directa-el-caso-especial-de-suiza\/\",\"name\":\"Democracia directa \u2013 el caso especial de Suiza\",\"isPartOf\":{\"@id\":\"https:\/\/www.pressenza.com\/es\/#website\"},\"primaryImageOfPage\":{\"@id\":\"https:\/\/www.pressenza.com\/es\/2019\/07\/democracia-directa-el-caso-especial-de-suiza\/#primaryimage\"},\"image\":{\"@id\":\"https:\/\/www.pressenza.com\/es\/2019\/07\/democracia-directa-el-caso-especial-de-suiza\/#primaryimage\"},\"thumbnailUrl\":\"https:\/\/www.pressenza.com\/wp-content\/uploads\/2019\/07\/Direkte_Demokratie_Sonderfall_Schweiz.jpg\",\"datePublished\":\"2019-07-22T20:20:49+00:00\",\"description\":\"Suiza encuesta a la poblaci\u00f3n cuatro veces al a\u00f1o, a nivel nacional, cantonal y municipal. La poblaci\u00f3n suiza decide hasta 20 propuestas por a\u00f1o. Ning\u00fan\",\"breadcrumb\":{\"@id\":\"https:\/\/www.pressenza.com\/es\/2019\/07\/democracia-directa-el-caso-especial-de-suiza\/#breadcrumb\"},\"inLanguage\":\"es\",\"potentialAction\":[{\"@type\":\"ReadAction\",\"target\":[\"https:\/\/www.pressenza.com\/es\/2019\/07\/democracia-directa-el-caso-especial-de-suiza\/\"]}]},{\"@type\":\"ImageObject\",\"inLanguage\":\"es\",\"@id\":\"https:\/\/www.pressenza.com\/es\/2019\/07\/democracia-directa-el-caso-especial-de-suiza\/#primaryimage\",\"url\":\"https:\/\/www.pressenza.com\/wp-content\/uploads\/2019\/07\/Direkte_Demokratie_Sonderfall_Schweiz.jpg\",\"contentUrl\":\"https:\/\/www.pressenza.com\/wp-content\/uploads\/2019\/07\/Direkte_Demokratie_Sonderfall_Schweiz.jpg\",\"width\":750,\"height\":415,\"caption\":\"Direkte Demokratie \u2013 Sonderfall Schweiz\"},{\"@type\":\"BreadcrumbList\",\"@id\":\"https:\/\/www.pressenza.com\/es\/2019\/07\/democracia-directa-el-caso-especial-de-suiza\/#breadcrumb\",\"itemListElement\":[{\"@type\":\"ListItem\",\"position\":1,\"name\":\"Accueil\",\"item\":\"https:\/\/www.pressenza.com\/es\/\"},{\"@type\":\"ListItem\",\"position\":2,\"name\":\"Democracia directa \u2013 el caso especial de Suiza\"}]},{\"@type\":\"WebSite\",\"@id\":\"https:\/\/www.pressenza.com\/es\/#website\",\"url\":\"https:\/\/www.pressenza.com\/es\/\",\"name\":\"Pressenza\",\"description\":\"International Press Agency\",\"publisher\":{\"@id\":\"https:\/\/www.pressenza.com\/es\/#organization\"},\"potentialAction\":[{\"@type\":\"SearchAction\",\"target\":{\"@type\":\"EntryPoint\",\"urlTemplate\":\"https:\/\/www.pressenza.com\/es\/?s={search_term_string}\"},\"query-input\":{\"@type\":\"PropertyValueSpecification\",\"valueRequired\":true,\"valueName\":\"search_term_string\"}}],\"inLanguage\":\"es\"},{\"@type\":\"Organization\",\"@id\":\"https:\/\/www.pressenza.com\/es\/#organization\",\"name\":\"Pressenza\",\"url\":\"https:\/\/www.pressenza.com\/es\/\",\"logo\":{\"@type\":\"ImageObject\",\"inLanguage\":\"es\",\"@id\":\"https:\/\/www.pressenza.com\/es\/#\/schema\/logo\/image\/\",\"url\":\"https:\/\/www.pressenza.com\/wp-content\/uploads\/2022\/10\/pressenza_logo_200x200.jpg\",\"contentUrl\":\"https:\/\/www.pressenza.com\/wp-content\/uploads\/2022\/10\/pressenza_logo_200x200.jpg\",\"width\":200,\"height\":200,\"caption\":\"Pressenza\"},\"image\":{\"@id\":\"https:\/\/www.pressenza.com\/es\/#\/schema\/logo\/image\/\"},\"sameAs\":[\"https:\/\/www.facebook.com\/PressenzaItalia\",\"https:\/\/x.com\/PressenzaIPA\"]},{\"@type\":\"Person\",\"@id\":\"https:\/\/www.pressenza.com\/es\/#\/schema\/person\/e233667f8b5764bd84b766de5286a5fa\",\"name\":\"Reto Thumiger\",\"description\":\"The Swiss-born business administrator has been an activist for the New Humanism for over 25 years. He is committed to the promotion of cultural diversity, equal rights and the creation of equal opportunities for all people. He is committed to an internal and external revolution based on active non-violence. Through his voluntary work at Pressenza, he endeavours to contribute to overcoming violence through journalism that focuses on peace and non-violence.\",\"sameAs\":[\"http:\/\/www.pressenza.com\/de\",\"https:\/\/www.facebook.com\/rthumiger\",\"https:\/\/x.com\/pressenza_ger\"],\"url\":\"https:\/\/www.pressenza.com\/es\/author\/reto-thumiger\/\"}]}<\/script>\n<!-- \/ Yoast SEO plugin. -->","yoast_head_json":{"title":"Democracia directa \u2013 el caso especial de Suiza","description":"Suiza encuesta a la poblaci\u00f3n cuatro veces al a\u00f1o, a nivel nacional, cantonal y municipal. La poblaci\u00f3n suiza decide hasta 20 propuestas por a\u00f1o. Ning\u00fan","robots":{"index":"index","follow":"follow","max-snippet":"max-snippet:-1","max-image-preview":"max-image-preview:large","max-video-preview":"max-video-preview:-1"},"canonical":"https:\/\/www.pressenza.com\/es\/2019\/07\/democracia-directa-el-caso-especial-de-suiza\/","og_locale":"es_ES","og_type":"article","og_title":"Democracia directa \u2013 el caso especial de Suiza","og_description":"Suiza encuesta a la poblaci\u00f3n cuatro veces al a\u00f1o, a nivel nacional, cantonal y municipal. La poblaci\u00f3n suiza decide hasta 20 propuestas por a\u00f1o. Ning\u00fan","og_url":"https:\/\/www.pressenza.com\/es\/2019\/07\/democracia-directa-el-caso-especial-de-suiza\/","og_site_name":"Pressenza","article_publisher":"https:\/\/www.facebook.com\/PressenzaItalia","article_author":"https:\/\/www.facebook.com\/rthumiger","article_published_time":"2019-07-22T20:20:49+00:00","og_image":[{"width":750,"height":415,"url":"https:\/\/www.pressenza.com\/wp-content\/uploads\/2019\/07\/Direkte_Demokratie_Sonderfall_Schweiz.jpg","type":"image\/jpeg"}],"author":"Reto Thumiger","twitter_card":"summary_large_image","twitter_creator":"@pressenza_ger","twitter_site":"@PressenzaIPA","twitter_misc":{"Escrito por":"Reto Thumiger","Tiempo de lectura":"1 minuto"},"schema":{"@context":"https:\/\/schema.org","@graph":[{"@type":"Article","@id":"https:\/\/www.pressenza.com\/es\/2019\/07\/democracia-directa-el-caso-especial-de-suiza\/#article","isPartOf":{"@id":"https:\/\/www.pressenza.com\/es\/2019\/07\/democracia-directa-el-caso-especial-de-suiza\/"},"author":{"name":"Reto Thumiger","@id":"https:\/\/www.pressenza.com\/es\/#\/schema\/person\/e233667f8b5764bd84b766de5286a5fa"},"headline":"Democracia directa \u2013 el caso especial de Suiza","datePublished":"2019-07-22T20:20:49+00:00","mainEntityOfPage":{"@id":"https:\/\/www.pressenza.com\/es\/2019\/07\/democracia-directa-el-caso-especial-de-suiza\/"},"wordCount":273,"publisher":{"@id":"https:\/\/www.pressenza.com\/es\/#organization"},"image":{"@id":"https:\/\/www.pressenza.com\/es\/2019\/07\/democracia-directa-el-caso-especial-de-suiza\/#primaryimage"},"thumbnailUrl":"https:\/\/www.pressenza.com\/wp-content\/uploads\/2019\/07\/Direkte_Demokratie_Sonderfall_Schweiz.jpg","keywords":["Democracia","Democracia directa","Extranjeros que votan","Suiza"],"articleSection":["Contenido Original","Europa","Pol\u00edtica"],"inLanguage":"es"},{"@type":"WebPage","@id":"https:\/\/www.pressenza.com\/es\/2019\/07\/democracia-directa-el-caso-especial-de-suiza\/","url":"https:\/\/www.pressenza.com\/es\/2019\/07\/democracia-directa-el-caso-especial-de-suiza\/","name":"Democracia directa \u2013 el caso especial de Suiza","isPartOf":{"@id":"https:\/\/www.pressenza.com\/es\/#website"},"primaryImageOfPage":{"@id":"https:\/\/www.pressenza.com\/es\/2019\/07\/democracia-directa-el-caso-especial-de-suiza\/#primaryimage"},"image":{"@id":"https:\/\/www.pressenza.com\/es\/2019\/07\/democracia-directa-el-caso-especial-de-suiza\/#primaryimage"},"thumbnailUrl":"https:\/\/www.pressenza.com\/wp-content\/uploads\/2019\/07\/Direkte_Demokratie_Sonderfall_Schweiz.jpg","datePublished":"2019-07-22T20:20:49+00:00","description":"Suiza encuesta a la poblaci\u00f3n cuatro veces al a\u00f1o, a nivel nacional, cantonal y municipal. La poblaci\u00f3n suiza decide hasta 20 propuestas por a\u00f1o. Ning\u00fan","breadcrumb":{"@id":"https:\/\/www.pressenza.com\/es\/2019\/07\/democracia-directa-el-caso-especial-de-suiza\/#breadcrumb"},"inLanguage":"es","potentialAction":[{"@type":"ReadAction","target":["https:\/\/www.pressenza.com\/es\/2019\/07\/democracia-directa-el-caso-especial-de-suiza\/"]}]},{"@type":"ImageObject","inLanguage":"es","@id":"https:\/\/www.pressenza.com\/es\/2019\/07\/democracia-directa-el-caso-especial-de-suiza\/#primaryimage","url":"https:\/\/www.pressenza.com\/wp-content\/uploads\/2019\/07\/Direkte_Demokratie_Sonderfall_Schweiz.jpg","contentUrl":"https:\/\/www.pressenza.com\/wp-content\/uploads\/2019\/07\/Direkte_Demokratie_Sonderfall_Schweiz.jpg","width":750,"height":415,"caption":"Direkte Demokratie \u2013 Sonderfall Schweiz"},{"@type":"BreadcrumbList","@id":"https:\/\/www.pressenza.com\/es\/2019\/07\/democracia-directa-el-caso-especial-de-suiza\/#breadcrumb","itemListElement":[{"@type":"ListItem","position":1,"name":"Accueil","item":"https:\/\/www.pressenza.com\/es\/"},{"@type":"ListItem","position":2,"name":"Democracia directa \u2013 el caso especial de Suiza"}]},{"@type":"WebSite","@id":"https:\/\/www.pressenza.com\/es\/#website","url":"https:\/\/www.pressenza.com\/es\/","name":"Pressenza","description":"International Press Agency","publisher":{"@id":"https:\/\/www.pressenza.com\/es\/#organization"},"potentialAction":[{"@type":"SearchAction","target":{"@type":"EntryPoint","urlTemplate":"https:\/\/www.pressenza.com\/es\/?s={search_term_string}"},"query-input":{"@type":"PropertyValueSpecification","valueRequired":true,"valueName":"search_term_string"}}],"inLanguage":"es"},{"@type":"Organization","@id":"https:\/\/www.pressenza.com\/es\/#organization","name":"Pressenza","url":"https:\/\/www.pressenza.com\/es\/","logo":{"@type":"ImageObject","inLanguage":"es","@id":"https:\/\/www.pressenza.com\/es\/#\/schema\/logo\/image\/","url":"https:\/\/www.pressenza.com\/wp-content\/uploads\/2022\/10\/pressenza_logo_200x200.jpg","contentUrl":"https:\/\/www.pressenza.com\/wp-content\/uploads\/2022\/10\/pressenza_logo_200x200.jpg","width":200,"height":200,"caption":"Pressenza"},"image":{"@id":"https:\/\/www.pressenza.com\/es\/#\/schema\/logo\/image\/"},"sameAs":["https:\/\/www.facebook.com\/PressenzaItalia","https:\/\/x.com\/PressenzaIPA"]},{"@type":"Person","@id":"https:\/\/www.pressenza.com\/es\/#\/schema\/person\/e233667f8b5764bd84b766de5286a5fa","name":"Reto Thumiger","description":"The Swiss-born business administrator has been an activist for the New Humanism for over 25 years. He is committed to the promotion of cultural diversity, equal rights and the creation of equal opportunities for all people. He is committed to an internal and external revolution based on active non-violence. Through his voluntary work at Pressenza, he endeavours to contribute to overcoming violence through journalism that focuses on peace and non-violence.","sameAs":["http:\/\/www.pressenza.com\/de","https:\/\/www.facebook.com\/rthumiger","https:\/\/x.com\/pressenza_ger"],"url":"https:\/\/www.pressenza.com\/es\/author\/reto-thumiger\/"}]}},"place":"Berl\u00edn","original_article_url":"","_links":{"self":[{"href":"https:\/\/www.pressenza.com\/es\/wp-json\/wp\/v2\/posts\/891442","targetHints":{"allow":["GET"]}}],"collection":[{"href":"https:\/\/www.pressenza.com\/es\/wp-json\/wp\/v2\/posts"}],"about":[{"href":"https:\/\/www.pressenza.com\/es\/wp-json\/wp\/v2\/types\/post"}],"author":[{"embeddable":true,"href":"https:\/\/www.pressenza.com\/es\/wp-json\/wp\/v2\/users\/1089"}],"replies":[{"embeddable":true,"href":"https:\/\/www.pressenza.com\/es\/wp-json\/wp\/v2\/comments?post=891442"}],"version-history":[{"count":0,"href":"https:\/\/www.pressenza.com\/es\/wp-json\/wp\/v2\/posts\/891442\/revisions"}],"wp:featuredmedia":[{"embeddable":true,"href":"https:\/\/www.pressenza.com\/es\/wp-json\/wp\/v2\/media\/890616"}],"wp:attachment":[{"href":"https:\/\/www.pressenza.com\/es\/wp-json\/wp\/v2\/media?parent=891442"}],"wp:term":[{"taxonomy":"category","embeddable":true,"href":"https:\/\/www.pressenza.com\/es\/wp-json\/wp\/v2\/categories?post=891442"},{"taxonomy":"post_tag","embeddable":true,"href":"https:\/\/www.pressenza.com\/es\/wp-json\/wp\/v2\/tags?post=891442"}],"curies":[{"name":"wp","href":"https:\/\/api.w.org\/{rel}","templated":true}]}}