{"id":889817,"date":"2019-07-19T04:25:57","date_gmt":"2019-07-19T03:25:57","guid":{"rendered":"https:\/\/www.pressenza.com\/?p=889817"},"modified":"2019-07-19T04:25:57","modified_gmt":"2019-07-19T03:25:57","slug":"colegio-de-profesores-de-chile-nueva-consulta-nacional-definira-futuro-de-la-movilizacion","status":"publish","type":"post","link":"https:\/\/www.pressenza.com\/es\/2019\/07\/colegio-de-profesores-de-chile-nueva-consulta-nacional-definira-futuro-de-la-movilizacion\/","title":{"rendered":"Colegio de Profesores de Chile: nueva consulta nacional definir\u00e1 futuro de la movilizaci\u00f3n"},"content":{"rendered":"<p>Para el lunes 22 de julio, tras su s\u00e9ptima semana de paro nacional, acord\u00f3 la Asamblea Nacional del Colegio de Profesores realizar una nueva consulta nacional para decidir el futuro de la movilizaci\u00f3n.<\/p>\n<p>El presidente del gremio, Mario Aguilar, explic\u00f3 que fue consenso en la Asamblea el considerar insuficiente las propuestas ofrecidas por el gobierno como respuesta al petitorio de 12 puntos presentado por los profesores. Se reviso la situaci\u00f3n regi\u00f3n a regi\u00f3n, nivelando as\u00ed la informaci\u00f3n para todos los miembros. Se descart\u00f3 la propuesta de otorgar al directorio nacional la facultad de definir la continuidad o no del paro indefinido, valor\u00e1ndose mantener el mecanismo de consulta a todo el profesorado, buscando su instalaci\u00f3n como procedimiento permanente a futuro.<\/p>\n<p>Esta no es una repetici\u00f3n de la consulta anterior, destac\u00f3 Aguilar, ya que, si bien hubo objeciones a lo que sucedi\u00f3 en algunos lugares -que profesores que no estaban en paro votaron por la continuidad del mismo- ese resultado se estaba respetando y se estaba asumiendo, mas all\u00e1 de esto y la peque\u00f1a diferencia de votos en la consulta anterior, respetar la decisi\u00f3n que result\u00f3 mayoritaria.<\/p>\n<p>No se est\u00e1 consultando, dijo el presidente del Colegio de Profesores, sobre la aceptaci\u00f3n o no de la propuesta del gobierno, si no que continuar con el paro indefinido como forma de lucha y de presi\u00f3n, o bien, deponerlo, dar continuidad a otras que est\u00e1n en curso y die\u00f1ar nuevas formas de presi\u00f3n para el mejor logro de todos los puntos incluidos en el petitorio.<\/p>\n<p>Como puntos sensibles no resueltos en la negociaci\u00f3n con el gobierno destac\u00f3: el pago de la menci\u00f3n a las educadoras diferenciales y de p\u00e1rvulos, la reforma curricular y la deuda hist\u00f3rica.<\/p>\n<p>El dirigente de los profesores hizo menci\u00f3n repetidas veces que, tanto para el directorio como para toda la Asamblea, el mayor logro obtenido durante estas siete semanas de paro era \u201cla comuni\u00f3n lograda entre los profesores y el pueblo de Chile\u201d.<\/p>\n","protected":false},"excerpt":{"rendered":"<p>Para el lunes 22 de julio, tras su s\u00e9ptima semana de paro nacional, acord\u00f3 la Asamblea Nacional del Colegio de Profesores realizar una nueva consulta nacional para decidir el futuro de la movilizaci\u00f3n. El presidente del gremio, Mario Aguilar, explic\u00f3&hellip;<\/p>\n","protected":false},"author":43,"featured_media":889827,"comment_status":"closed","ping_status":"closed","sticky":false,"template":"","format":"standard","meta":{"footnotes":""},"categories":[11389,1230,67],"tags":[29,31339,7784,61316],"class_list":["post-889817","post","type-post","status-publish","format-standard","has-post-thumbnail","hentry","category-contenido-original","category-educacion-tema","category-sudamerica","tag-chile","tag-colegio-de-profesores-de-chile","tag-mario-aguilar","tag-paro-nacional-docente"],"yoast_head":"<!-- This site is optimized with the Yoast SEO plugin v27.1.1 - https:\/\/yoast.com\/product\/yoast-seo-wordpress\/ -->\n<title>Colegio de Profesores de Chile: nueva consulta nacional definir\u00e1 futuro de la movilizaci\u00f3n<\/title>\n<meta name=\"description\" content=\"Colegio de Profesores de Chile: nueva consulta nacional definir\u00e1 el futuro de la movilizaci\u00f3n\" \/>\n<meta name=\"robots\" content=\"index, follow, max-snippet:-1, max-image-preview:large, max-video-preview:-1\" \/>\n<link rel=\"canonical\" href=\"https:\/\/www.pressenza.com\/es\/2019\/07\/colegio-de-profesores-de-chile-nueva-consulta-nacional-definira-futuro-de-la-movilizacion\/\" \/>\n<meta property=\"og:locale\" content=\"es_ES\" \/>\n<meta property=\"og:type\" content=\"article\" \/>\n<meta property=\"og:title\" content=\"Colegio de Profesores de Chile: nueva consulta nacional definir\u00e1 futuro de la movilizaci\u00f3n\" \/>\n<meta property=\"og:description\" content=\"Colegio de Profesores de Chile: nueva consulta nacional definir\u00e1 el futuro de la movilizaci\u00f3n\" \/>\n<meta property=\"og:url\" content=\"https:\/\/www.pressenza.com\/es\/2019\/07\/colegio-de-profesores-de-chile-nueva-consulta-nacional-definira-futuro-de-la-movilizacion\/\" \/>\n<meta property=\"og:site_name\" content=\"Pressenza\" \/>\n<meta property=\"article:publisher\" content=\"https:\/\/www.facebook.com\/PressenzaItalia\" \/>\n<meta property=\"article:author\" content=\"https:\/\/www.facebook.com\/pressenza\" \/>\n<meta property=\"article:published_time\" content=\"2019-07-19T03:25:57+00:00\" \/>\n<meta property=\"og:image\" content=\"https:\/\/www.pressenza.com\/wp-content\/uploads\/2019\/07\/Nueva-consulta.jpg\" \/>\n\t<meta property=\"og:image:width\" content=\"710\" \/>\n\t<meta property=\"og:image:height\" content=\"399\" \/>\n\t<meta property=\"og:image:type\" content=\"image\/jpeg\" \/>\n<meta name=\"author\" content=\"Redacci\u00f3n Chile\" \/>\n<meta name=\"twitter:card\" content=\"summary_large_image\" \/>\n<meta name=\"twitter:creator\" content=\"@pressenza\" \/>\n<meta name=\"twitter:site\" content=\"@PressenzaIPA\" \/>\n<meta name=\"twitter:label1\" content=\"Escrito por\" \/>\n\t<meta name=\"twitter:data1\" content=\"Redacci\u00f3n Chile\" \/>\n\t<meta name=\"twitter:label2\" content=\"Tiempo de lectura\" \/>\n\t<meta name=\"twitter:data2\" content=\"2 minutos\" \/>\n<script type=\"application\/ld+json\" class=\"yoast-schema-graph\">{\"@context\":\"https:\/\/schema.org\",\"@graph\":[{\"@type\":\"Article\",\"@id\":\"https:\/\/www.pressenza.com\/es\/2019\/07\/colegio-de-profesores-de-chile-nueva-consulta-nacional-definira-futuro-de-la-movilizacion\/#article\",\"isPartOf\":{\"@id\":\"https:\/\/www.pressenza.com\/es\/2019\/07\/colegio-de-profesores-de-chile-nueva-consulta-nacional-definira-futuro-de-la-movilizacion\/\"},\"author\":{\"name\":\"Redacci\u00f3n Chile\",\"@id\":\"https:\/\/www.pressenza.com\/es\/#\/schema\/person\/d7db40df35d6698ba69ba9ee260944ed\"},\"headline\":\"Colegio de Profesores de Chile: nueva consulta nacional definir\u00e1 futuro de la movilizaci\u00f3n\",\"datePublished\":\"2019-07-19T03:25:57+00:00\",\"mainEntityOfPage\":{\"@id\":\"https:\/\/www.pressenza.com\/es\/2019\/07\/colegio-de-profesores-de-chile-nueva-consulta-nacional-definira-futuro-de-la-movilizacion\/\"},\"wordCount\":356,\"publisher\":{\"@id\":\"https:\/\/www.pressenza.com\/es\/#organization\"},\"image\":{\"@id\":\"https:\/\/www.pressenza.com\/es\/2019\/07\/colegio-de-profesores-de-chile-nueva-consulta-nacional-definira-futuro-de-la-movilizacion\/#primaryimage\"},\"thumbnailUrl\":\"https:\/\/www.pressenza.com\/wp-content\/uploads\/2019\/07\/Nueva-consulta.jpg\",\"keywords\":[\"Chile\",\"Colegio de Profesores de Chile\",\"Mario Aguilar\",\"paro nacional docente\"],\"articleSection\":[\"Contenido Original\",\"Educaci\u00f3n\",\"Sudam\u00e9rica\"],\"inLanguage\":\"es\"},{\"@type\":\"WebPage\",\"@id\":\"https:\/\/www.pressenza.com\/es\/2019\/07\/colegio-de-profesores-de-chile-nueva-consulta-nacional-definira-futuro-de-la-movilizacion\/\",\"url\":\"https:\/\/www.pressenza.com\/es\/2019\/07\/colegio-de-profesores-de-chile-nueva-consulta-nacional-definira-futuro-de-la-movilizacion\/\",\"name\":\"Colegio de Profesores de Chile: nueva consulta nacional definir\u00e1 futuro de la movilizaci\u00f3n\",\"isPartOf\":{\"@id\":\"https:\/\/www.pressenza.com\/es\/#website\"},\"primaryImageOfPage\":{\"@id\":\"https:\/\/www.pressenza.com\/es\/2019\/07\/colegio-de-profesores-de-chile-nueva-consulta-nacional-definira-futuro-de-la-movilizacion\/#primaryimage\"},\"image\":{\"@id\":\"https:\/\/www.pressenza.com\/es\/2019\/07\/colegio-de-profesores-de-chile-nueva-consulta-nacional-definira-futuro-de-la-movilizacion\/#primaryimage\"},\"thumbnailUrl\":\"https:\/\/www.pressenza.com\/wp-content\/uploads\/2019\/07\/Nueva-consulta.jpg\",\"datePublished\":\"2019-07-19T03:25:57+00:00\",\"description\":\"Colegio de Profesores de Chile: nueva consulta nacional definir\u00e1 el futuro de la movilizaci\u00f3n\",\"breadcrumb\":{\"@id\":\"https:\/\/www.pressenza.com\/es\/2019\/07\/colegio-de-profesores-de-chile-nueva-consulta-nacional-definira-futuro-de-la-movilizacion\/#breadcrumb\"},\"inLanguage\":\"es\",\"potentialAction\":[{\"@type\":\"ReadAction\",\"target\":[\"https:\/\/www.pressenza.com\/es\/2019\/07\/colegio-de-profesores-de-chile-nueva-consulta-nacional-definira-futuro-de-la-movilizacion\/\"]}]},{\"@type\":\"ImageObject\",\"inLanguage\":\"es\",\"@id\":\"https:\/\/www.pressenza.com\/es\/2019\/07\/colegio-de-profesores-de-chile-nueva-consulta-nacional-definira-futuro-de-la-movilizacion\/#primaryimage\",\"url\":\"https:\/\/www.pressenza.com\/wp-content\/uploads\/2019\/07\/Nueva-consulta.jpg\",\"contentUrl\":\"https:\/\/www.pressenza.com\/wp-content\/uploads\/2019\/07\/Nueva-consulta.jpg\",\"width\":710,\"height\":399},{\"@type\":\"BreadcrumbList\",\"@id\":\"https:\/\/www.pressenza.com\/es\/2019\/07\/colegio-de-profesores-de-chile-nueva-consulta-nacional-definira-futuro-de-la-movilizacion\/#breadcrumb\",\"itemListElement\":[{\"@type\":\"ListItem\",\"position\":1,\"name\":\"Accueil\",\"item\":\"https:\/\/www.pressenza.com\/es\/\"},{\"@type\":\"ListItem\",\"position\":2,\"name\":\"Colegio de Profesores de Chile: nueva consulta nacional definir\u00e1 futuro de la movilizaci\u00f3n\"}]},{\"@type\":\"WebSite\",\"@id\":\"https:\/\/www.pressenza.com\/es\/#website\",\"url\":\"https:\/\/www.pressenza.com\/es\/\",\"name\":\"Pressenza\",\"description\":\"International Press Agency\",\"publisher\":{\"@id\":\"https:\/\/www.pressenza.com\/es\/#organization\"},\"potentialAction\":[{\"@type\":\"SearchAction\",\"target\":{\"@type\":\"EntryPoint\",\"urlTemplate\":\"https:\/\/www.pressenza.com\/es\/?s={search_term_string}\"},\"query-input\":{\"@type\":\"PropertyValueSpecification\",\"valueRequired\":true,\"valueName\":\"search_term_string\"}}],\"inLanguage\":\"es\"},{\"@type\":\"Organization\",\"@id\":\"https:\/\/www.pressenza.com\/es\/#organization\",\"name\":\"Pressenza\",\"url\":\"https:\/\/www.pressenza.com\/es\/\",\"logo\":{\"@type\":\"ImageObject\",\"inLanguage\":\"es\",\"@id\":\"https:\/\/www.pressenza.com\/es\/#\/schema\/logo\/image\/\",\"url\":\"https:\/\/www.pressenza.com\/wp-content\/uploads\/2022\/10\/pressenza_logo_200x200.jpg\",\"contentUrl\":\"https:\/\/www.pressenza.com\/wp-content\/uploads\/2022\/10\/pressenza_logo_200x200.jpg\",\"width\":200,\"height\":200,\"caption\":\"Pressenza\"},\"image\":{\"@id\":\"https:\/\/www.pressenza.com\/es\/#\/schema\/logo\/image\/\"},\"sameAs\":[\"https:\/\/www.facebook.com\/PressenzaItalia\",\"https:\/\/x.com\/PressenzaIPA\"]},{\"@type\":\"Person\",\"@id\":\"https:\/\/www.pressenza.com\/es\/#\/schema\/person\/d7db40df35d6698ba69ba9ee260944ed\",\"name\":\"Redacci\u00f3n Chile\",\"description\":\"News from the Pressenza Bureau in Chile\",\"sameAs\":[\"https:\/\/www.facebook.com\/pressenza\",\"https:\/\/x.com\/pressenza\"],\"url\":\"https:\/\/www.pressenza.com\/es\/author\/redaccion-chile\/\"}]}<\/script>\n<!-- \/ Yoast SEO plugin. -->","yoast_head_json":{"title":"Colegio de Profesores de Chile: nueva consulta nacional definir\u00e1 futuro de la movilizaci\u00f3n","description":"Colegio de Profesores de Chile: nueva consulta nacional definir\u00e1 el futuro de la movilizaci\u00f3n","robots":{"index":"index","follow":"follow","max-snippet":"max-snippet:-1","max-image-preview":"max-image-preview:large","max-video-preview":"max-video-preview:-1"},"canonical":"https:\/\/www.pressenza.com\/es\/2019\/07\/colegio-de-profesores-de-chile-nueva-consulta-nacional-definira-futuro-de-la-movilizacion\/","og_locale":"es_ES","og_type":"article","og_title":"Colegio de Profesores de Chile: nueva consulta nacional definir\u00e1 futuro de la movilizaci\u00f3n","og_description":"Colegio de Profesores de Chile: nueva consulta nacional definir\u00e1 el futuro de la movilizaci\u00f3n","og_url":"https:\/\/www.pressenza.com\/es\/2019\/07\/colegio-de-profesores-de-chile-nueva-consulta-nacional-definira-futuro-de-la-movilizacion\/","og_site_name":"Pressenza","article_publisher":"https:\/\/www.facebook.com\/PressenzaItalia","article_author":"https:\/\/www.facebook.com\/pressenza","article_published_time":"2019-07-19T03:25:57+00:00","og_image":[{"width":710,"height":399,"url":"https:\/\/www.pressenza.com\/wp-content\/uploads\/2019\/07\/Nueva-consulta.jpg","type":"image\/jpeg"}],"author":"Redacci\u00f3n Chile","twitter_card":"summary_large_image","twitter_creator":"@pressenza","twitter_site":"@PressenzaIPA","twitter_misc":{"Escrito por":"Redacci\u00f3n Chile","Tiempo de lectura":"2 minutos"},"schema":{"@context":"https:\/\/schema.org","@graph":[{"@type":"Article","@id":"https:\/\/www.pressenza.com\/es\/2019\/07\/colegio-de-profesores-de-chile-nueva-consulta-nacional-definira-futuro-de-la-movilizacion\/#article","isPartOf":{"@id":"https:\/\/www.pressenza.com\/es\/2019\/07\/colegio-de-profesores-de-chile-nueva-consulta-nacional-definira-futuro-de-la-movilizacion\/"},"author":{"name":"Redacci\u00f3n Chile","@id":"https:\/\/www.pressenza.com\/es\/#\/schema\/person\/d7db40df35d6698ba69ba9ee260944ed"},"headline":"Colegio de Profesores de Chile: nueva consulta nacional definir\u00e1 futuro de la movilizaci\u00f3n","datePublished":"2019-07-19T03:25:57+00:00","mainEntityOfPage":{"@id":"https:\/\/www.pressenza.com\/es\/2019\/07\/colegio-de-profesores-de-chile-nueva-consulta-nacional-definira-futuro-de-la-movilizacion\/"},"wordCount":356,"publisher":{"@id":"https:\/\/www.pressenza.com\/es\/#organization"},"image":{"@id":"https:\/\/www.pressenza.com\/es\/2019\/07\/colegio-de-profesores-de-chile-nueva-consulta-nacional-definira-futuro-de-la-movilizacion\/#primaryimage"},"thumbnailUrl":"https:\/\/www.pressenza.com\/wp-content\/uploads\/2019\/07\/Nueva-consulta.jpg","keywords":["Chile","Colegio de Profesores de Chile","Mario Aguilar","paro nacional docente"],"articleSection":["Contenido Original","Educaci\u00f3n","Sudam\u00e9rica"],"inLanguage":"es"},{"@type":"WebPage","@id":"https:\/\/www.pressenza.com\/es\/2019\/07\/colegio-de-profesores-de-chile-nueva-consulta-nacional-definira-futuro-de-la-movilizacion\/","url":"https:\/\/www.pressenza.com\/es\/2019\/07\/colegio-de-profesores-de-chile-nueva-consulta-nacional-definira-futuro-de-la-movilizacion\/","name":"Colegio de Profesores de Chile: nueva consulta nacional definir\u00e1 futuro de la movilizaci\u00f3n","isPartOf":{"@id":"https:\/\/www.pressenza.com\/es\/#website"},"primaryImageOfPage":{"@id":"https:\/\/www.pressenza.com\/es\/2019\/07\/colegio-de-profesores-de-chile-nueva-consulta-nacional-definira-futuro-de-la-movilizacion\/#primaryimage"},"image":{"@id":"https:\/\/www.pressenza.com\/es\/2019\/07\/colegio-de-profesores-de-chile-nueva-consulta-nacional-definira-futuro-de-la-movilizacion\/#primaryimage"},"thumbnailUrl":"https:\/\/www.pressenza.com\/wp-content\/uploads\/2019\/07\/Nueva-consulta.jpg","datePublished":"2019-07-19T03:25:57+00:00","description":"Colegio de Profesores de Chile: nueva consulta nacional definir\u00e1 el futuro de la movilizaci\u00f3n","breadcrumb":{"@id":"https:\/\/www.pressenza.com\/es\/2019\/07\/colegio-de-profesores-de-chile-nueva-consulta-nacional-definira-futuro-de-la-movilizacion\/#breadcrumb"},"inLanguage":"es","potentialAction":[{"@type":"ReadAction","target":["https:\/\/www.pressenza.com\/es\/2019\/07\/colegio-de-profesores-de-chile-nueva-consulta-nacional-definira-futuro-de-la-movilizacion\/"]}]},{"@type":"ImageObject","inLanguage":"es","@id":"https:\/\/www.pressenza.com\/es\/2019\/07\/colegio-de-profesores-de-chile-nueva-consulta-nacional-definira-futuro-de-la-movilizacion\/#primaryimage","url":"https:\/\/www.pressenza.com\/wp-content\/uploads\/2019\/07\/Nueva-consulta.jpg","contentUrl":"https:\/\/www.pressenza.com\/wp-content\/uploads\/2019\/07\/Nueva-consulta.jpg","width":710,"height":399},{"@type":"BreadcrumbList","@id":"https:\/\/www.pressenza.com\/es\/2019\/07\/colegio-de-profesores-de-chile-nueva-consulta-nacional-definira-futuro-de-la-movilizacion\/#breadcrumb","itemListElement":[{"@type":"ListItem","position":1,"name":"Accueil","item":"https:\/\/www.pressenza.com\/es\/"},{"@type":"ListItem","position":2,"name":"Colegio de Profesores de Chile: nueva consulta nacional definir\u00e1 futuro de la movilizaci\u00f3n"}]},{"@type":"WebSite","@id":"https:\/\/www.pressenza.com\/es\/#website","url":"https:\/\/www.pressenza.com\/es\/","name":"Pressenza","description":"International Press Agency","publisher":{"@id":"https:\/\/www.pressenza.com\/es\/#organization"},"potentialAction":[{"@type":"SearchAction","target":{"@type":"EntryPoint","urlTemplate":"https:\/\/www.pressenza.com\/es\/?s={search_term_string}"},"query-input":{"@type":"PropertyValueSpecification","valueRequired":true,"valueName":"search_term_string"}}],"inLanguage":"es"},{"@type":"Organization","@id":"https:\/\/www.pressenza.com\/es\/#organization","name":"Pressenza","url":"https:\/\/www.pressenza.com\/es\/","logo":{"@type":"ImageObject","inLanguage":"es","@id":"https:\/\/www.pressenza.com\/es\/#\/schema\/logo\/image\/","url":"https:\/\/www.pressenza.com\/wp-content\/uploads\/2022\/10\/pressenza_logo_200x200.jpg","contentUrl":"https:\/\/www.pressenza.com\/wp-content\/uploads\/2022\/10\/pressenza_logo_200x200.jpg","width":200,"height":200,"caption":"Pressenza"},"image":{"@id":"https:\/\/www.pressenza.com\/es\/#\/schema\/logo\/image\/"},"sameAs":["https:\/\/www.facebook.com\/PressenzaItalia","https:\/\/x.com\/PressenzaIPA"]},{"@type":"Person","@id":"https:\/\/www.pressenza.com\/es\/#\/schema\/person\/d7db40df35d6698ba69ba9ee260944ed","name":"Redacci\u00f3n Chile","description":"News from the Pressenza Bureau in Chile","sameAs":["https:\/\/www.facebook.com\/pressenza","https:\/\/x.com\/pressenza"],"url":"https:\/\/www.pressenza.com\/es\/author\/redaccion-chile\/"}]}},"place":"Santiago de Chile","original_article_url":"","_links":{"self":[{"href":"https:\/\/www.pressenza.com\/es\/wp-json\/wp\/v2\/posts\/889817","targetHints":{"allow":["GET"]}}],"collection":[{"href":"https:\/\/www.pressenza.com\/es\/wp-json\/wp\/v2\/posts"}],"about":[{"href":"https:\/\/www.pressenza.com\/es\/wp-json\/wp\/v2\/types\/post"}],"author":[{"embeddable":true,"href":"https:\/\/www.pressenza.com\/es\/wp-json\/wp\/v2\/users\/43"}],"replies":[{"embeddable":true,"href":"https:\/\/www.pressenza.com\/es\/wp-json\/wp\/v2\/comments?post=889817"}],"version-history":[{"count":0,"href":"https:\/\/www.pressenza.com\/es\/wp-json\/wp\/v2\/posts\/889817\/revisions"}],"wp:featuredmedia":[{"embeddable":true,"href":"https:\/\/www.pressenza.com\/es\/wp-json\/wp\/v2\/media\/889827"}],"wp:attachment":[{"href":"https:\/\/www.pressenza.com\/es\/wp-json\/wp\/v2\/media?parent=889817"}],"wp:term":[{"taxonomy":"category","embeddable":true,"href":"https:\/\/www.pressenza.com\/es\/wp-json\/wp\/v2\/categories?post=889817"},{"taxonomy":"post_tag","embeddable":true,"href":"https:\/\/www.pressenza.com\/es\/wp-json\/wp\/v2\/tags?post=889817"}],"curies":[{"name":"wp","href":"https:\/\/api.w.org\/{rel}","templated":true}]}}