{"id":889057,"date":"2019-07-17T18:12:06","date_gmt":"2019-07-17T17:12:06","guid":{"rendered":"https:\/\/www.pressenza.com\/?p=889057"},"modified":"2019-07-17T18:12:06","modified_gmt":"2019-07-17T17:12:06","slug":"brasil-exdirector-de-odebrecht-admite-que-fue-obligado-por-los-fiscales-a-construir-un-relato-contra-lula","status":"publish","type":"post","link":"https:\/\/www.pressenza.com\/es\/2019\/07\/brasil-exdirector-de-odebrecht-admite-que-fue-obligado-por-los-fiscales-a-construir-un-relato-contra-lula\/","title":{"rendered":"Brasil: exdirector de Odebrecht admite que fue obligado por los fiscales a \u201cconstruir un relato\u201d contra Lula"},"content":{"rendered":"<p>Un informante en la causa contra el expresidente de Brasil, Luiz Inacio Lula Da Silva, quien se encuentra en prisi\u00f3n condenado por actos de corrupci\u00f3n, dijo que fue \u201ccasi obligado\u201d por los fiscales en la causa de Lava Jato a \u201cconstruir una historia\u201d para incriminar al exgobernante Partido del Trabajo (PT).<\/p>\n<p>El exsuperintendente de Odebrecht, Carlos Armando Paschoal, al testificar en otro caso, el pasado 6 de julio, abord\u00f3 la investigaci\u00f3n en la que se present\u00f3 como \u201ccolaborador\u201d en la causa \u201cLava Jato\u201d. Gracias a ese testimonio, Paschoal fue condenado \u00fanicamente a dos a\u00f1os de prisi\u00f3n con r\u00e9gimen abierto.<\/p>\n<p>El pasado 6 de julio, el exejecutivo de Odebrecht se\u00f1al\u00f3 a los funcionarios del Ministerio P\u00fablico de Brasil cuando se le pregunt\u00f3 qu\u00e9 es lo que motiva a las personas a hacer delaciones.<\/p>\n<p>\u201cEn el caso del sitio (la casa atribuida al expresidente Lula que fue remodelada por Odebrecht supuestamente en pago de un soborno), que no tengo absolutamente nada que ver, por ejemplo, casi me coaccionaron para que diera cuenta de lo que hab\u00eda sucedido\u201d, dijo.<\/p>\n<p>\u201cY yo, en realidad, en ese caso, identifiqu\u00e9 al ingeniero para hacer el trabajo. Tuve que construir una historia\u201d, acept\u00f3 Paschoal.<\/p>\n<p>Seg\u00fan su relato, se vio obligado a que dijera algo como \u201cmira, esto sucedi\u00f3, esto, esto y aquello\u201d, y se\u00f1al\u00f3 \u201cal ingeniero que hiciera las obras\u201d.<\/p>\n<p>En febrero de 2019, la justicia afirm\u00f3 que el l\u00edder del PT recibi\u00f3 un mill\u00f3n de reales (unos 270 mil d\u00f3lares) por las reformas del inmueble y conden\u00f3 al expresidente a 13 a\u00f1os de prisi\u00f3n por presunta corrupci\u00f3n y lavado de activos, en lo que fue la segunda sentencia contra Lula.<\/p>\n<p>Al conocer el relato del exdirectivo de Odebrecht, el abogado de Lula, Cristiano Zanin Martins, reiter\u00f3 que existe una estrategia pol\u00edtico-judicial para encarcelar a su cliente. \u201cSolo refuerza lo que dijimos\u201d, manifest\u00f3.<\/p>\n","protected":false},"excerpt":{"rendered":"<p>Un informante en la causa contra el expresidente de Brasil, Luiz Inacio Lula Da Silva, quien se encuentra en prisi\u00f3n condenado por actos de corrupci\u00f3n, dijo que fue \u201ccasi obligado\u201d por los fiscales en la causa de Lava Jato a&hellip;<\/p>\n","protected":false},"author":1075,"featured_media":889058,"comment_status":"closed","ping_status":"closed","sticky":false,"template":"","format":"standard","meta":{"footnotes":""},"categories":[74,67],"tags":[2749,773,46434,27231,34233],"class_list":["post-889057","post","type-post","status-publish","format-standard","has-post-thumbnail","hentry","category-politica-es","category-sudamerica","tag-brasil-es","tag-corrupcion","tag-fiscales","tag-lula","tag-odebrecht"],"yoast_head":"<!-- This site is optimized with the Yoast SEO plugin v27.1.1 - https:\/\/yoast.com\/product\/yoast-seo-wordpress\/ -->\n<title>Brasil: exdirector de Odebrecht admite que fue obligado por los fiscales a \u201cconstruir un relato\u201d contra Lula<\/title>\n<meta name=\"description\" content=\"Odebrecht admite que &quot;construyeron un relato&quot; contra Lula\" \/>\n<meta name=\"robots\" content=\"index, follow, max-snippet:-1, max-image-preview:large, max-video-preview:-1\" \/>\n<link rel=\"canonical\" href=\"https:\/\/www.pressenza.com\/es\/2019\/07\/brasil-exdirector-de-odebrecht-admite-que-fue-obligado-por-los-fiscales-a-construir-un-relato-contra-lula\/\" \/>\n<meta property=\"og:locale\" content=\"es_ES\" \/>\n<meta property=\"og:type\" content=\"article\" \/>\n<meta property=\"og:title\" content=\"Brasil: exdirector de Odebrecht admite que fue obligado por los fiscales a \u201cconstruir un relato\u201d contra Lula\" \/>\n<meta property=\"og:description\" content=\"Odebrecht admite que &quot;construyeron un relato&quot; contra Lula\" \/>\n<meta property=\"og:url\" content=\"https:\/\/www.pressenza.com\/es\/2019\/07\/brasil-exdirector-de-odebrecht-admite-que-fue-obligado-por-los-fiscales-a-construir-un-relato-contra-lula\/\" \/>\n<meta property=\"og:site_name\" content=\"Pressenza\" \/>\n<meta property=\"article:publisher\" content=\"https:\/\/www.facebook.com\/PressenzaItalia\" \/>\n<meta property=\"article:author\" content=\"https:\/\/www.facebook.com\/pages\/NODAL\/504497112975235\" \/>\n<meta property=\"article:published_time\" content=\"2019-07-17T17:12:06+00:00\" \/>\n<meta property=\"og:image\" content=\"https:\/\/www.pressenza.com\/wp-content\/uploads\/2019\/07\/48971670_303.jpg\" \/>\n\t<meta property=\"og:image:width\" content=\"700\" \/>\n\t<meta property=\"og:image:height\" content=\"394\" \/>\n\t<meta property=\"og:image:type\" content=\"image\/jpeg\" \/>\n<meta name=\"author\" content=\"Noticias de Am\u00e9rica Latina y el Caribe\" \/>\n<meta name=\"twitter:card\" content=\"summary_large_image\" \/>\n<meta name=\"twitter:creator\" content=\"@infoNodal\" \/>\n<meta name=\"twitter:site\" content=\"@PressenzaIPA\" \/>\n<meta name=\"twitter:label1\" content=\"Escrito por\" \/>\n\t<meta name=\"twitter:data1\" content=\"Noticias de Am\u00e9rica Latina y el Caribe\" \/>\n\t<meta name=\"twitter:label2\" content=\"Tiempo de lectura\" \/>\n\t<meta name=\"twitter:data2\" content=\"2 minutos\" \/>\n<script type=\"application\/ld+json\" class=\"yoast-schema-graph\">{\"@context\":\"https:\/\/schema.org\",\"@graph\":[{\"@type\":\"Article\",\"@id\":\"https:\/\/www.pressenza.com\/es\/2019\/07\/brasil-exdirector-de-odebrecht-admite-que-fue-obligado-por-los-fiscales-a-construir-un-relato-contra-lula\/#article\",\"isPartOf\":{\"@id\":\"https:\/\/www.pressenza.com\/es\/2019\/07\/brasil-exdirector-de-odebrecht-admite-que-fue-obligado-por-los-fiscales-a-construir-un-relato-contra-lula\/\"},\"author\":{\"name\":\"Noticias de Am\u00e9rica Latina y el Caribe\",\"@id\":\"https:\/\/www.pressenza.com\/es\/#\/schema\/person\/2589ceb48064b9d4249652e5d275a2ec\"},\"headline\":\"Brasil: exdirector de Odebrecht admite que fue obligado por los fiscales a \u201cconstruir un relato\u201d contra Lula\",\"datePublished\":\"2019-07-17T17:12:06+00:00\",\"mainEntityOfPage\":{\"@id\":\"https:\/\/www.pressenza.com\/es\/2019\/07\/brasil-exdirector-de-odebrecht-admite-que-fue-obligado-por-los-fiscales-a-construir-un-relato-contra-lula\/\"},\"wordCount\":336,\"publisher\":{\"@id\":\"https:\/\/www.pressenza.com\/es\/#organization\"},\"image\":{\"@id\":\"https:\/\/www.pressenza.com\/es\/2019\/07\/brasil-exdirector-de-odebrecht-admite-que-fue-obligado-por-los-fiscales-a-construir-un-relato-contra-lula\/#primaryimage\"},\"thumbnailUrl\":\"https:\/\/www.pressenza.com\/wp-content\/uploads\/2019\/07\/48971670_303.jpg\",\"keywords\":[\"Brasil\",\"corrupci\u00f3n\",\"Fiscales\",\"Lula\",\"Odebrecht\"],\"articleSection\":[\"Pol\u00edtica\",\"Sudam\u00e9rica\"],\"inLanguage\":\"es\"},{\"@type\":\"WebPage\",\"@id\":\"https:\/\/www.pressenza.com\/es\/2019\/07\/brasil-exdirector-de-odebrecht-admite-que-fue-obligado-por-los-fiscales-a-construir-un-relato-contra-lula\/\",\"url\":\"https:\/\/www.pressenza.com\/es\/2019\/07\/brasil-exdirector-de-odebrecht-admite-que-fue-obligado-por-los-fiscales-a-construir-un-relato-contra-lula\/\",\"name\":\"Brasil: exdirector de Odebrecht admite que fue obligado por los fiscales a \u201cconstruir un relato\u201d contra Lula\",\"isPartOf\":{\"@id\":\"https:\/\/www.pressenza.com\/es\/#website\"},\"primaryImageOfPage\":{\"@id\":\"https:\/\/www.pressenza.com\/es\/2019\/07\/brasil-exdirector-de-odebrecht-admite-que-fue-obligado-por-los-fiscales-a-construir-un-relato-contra-lula\/#primaryimage\"},\"image\":{\"@id\":\"https:\/\/www.pressenza.com\/es\/2019\/07\/brasil-exdirector-de-odebrecht-admite-que-fue-obligado-por-los-fiscales-a-construir-un-relato-contra-lula\/#primaryimage\"},\"thumbnailUrl\":\"https:\/\/www.pressenza.com\/wp-content\/uploads\/2019\/07\/48971670_303.jpg\",\"datePublished\":\"2019-07-17T17:12:06+00:00\",\"description\":\"Odebrecht admite que \\\"construyeron un relato\\\" contra Lula\",\"breadcrumb\":{\"@id\":\"https:\/\/www.pressenza.com\/es\/2019\/07\/brasil-exdirector-de-odebrecht-admite-que-fue-obligado-por-los-fiscales-a-construir-un-relato-contra-lula\/#breadcrumb\"},\"inLanguage\":\"es\",\"potentialAction\":[{\"@type\":\"ReadAction\",\"target\":[\"https:\/\/www.pressenza.com\/es\/2019\/07\/brasil-exdirector-de-odebrecht-admite-que-fue-obligado-por-los-fiscales-a-construir-un-relato-contra-lula\/\"]}]},{\"@type\":\"ImageObject\",\"inLanguage\":\"es\",\"@id\":\"https:\/\/www.pressenza.com\/es\/2019\/07\/brasil-exdirector-de-odebrecht-admite-que-fue-obligado-por-los-fiscales-a-construir-un-relato-contra-lula\/#primaryimage\",\"url\":\"https:\/\/www.pressenza.com\/wp-content\/uploads\/2019\/07\/48971670_303.jpg\",\"contentUrl\":\"https:\/\/www.pressenza.com\/wp-content\/uploads\/2019\/07\/48971670_303.jpg\",\"width\":700,\"height\":394},{\"@type\":\"BreadcrumbList\",\"@id\":\"https:\/\/www.pressenza.com\/es\/2019\/07\/brasil-exdirector-de-odebrecht-admite-que-fue-obligado-por-los-fiscales-a-construir-un-relato-contra-lula\/#breadcrumb\",\"itemListElement\":[{\"@type\":\"ListItem\",\"position\":1,\"name\":\"Accueil\",\"item\":\"https:\/\/www.pressenza.com\/es\/\"},{\"@type\":\"ListItem\",\"position\":2,\"name\":\"Brasil: exdirector de Odebrecht admite que fue obligado por los fiscales a \u201cconstruir un relato\u201d contra Lula\"}]},{\"@type\":\"WebSite\",\"@id\":\"https:\/\/www.pressenza.com\/es\/#website\",\"url\":\"https:\/\/www.pressenza.com\/es\/\",\"name\":\"Pressenza\",\"description\":\"International Press Agency\",\"publisher\":{\"@id\":\"https:\/\/www.pressenza.com\/es\/#organization\"},\"potentialAction\":[{\"@type\":\"SearchAction\",\"target\":{\"@type\":\"EntryPoint\",\"urlTemplate\":\"https:\/\/www.pressenza.com\/es\/?s={search_term_string}\"},\"query-input\":{\"@type\":\"PropertyValueSpecification\",\"valueRequired\":true,\"valueName\":\"search_term_string\"}}],\"inLanguage\":\"es\"},{\"@type\":\"Organization\",\"@id\":\"https:\/\/www.pressenza.com\/es\/#organization\",\"name\":\"Pressenza\",\"url\":\"https:\/\/www.pressenza.com\/es\/\",\"logo\":{\"@type\":\"ImageObject\",\"inLanguage\":\"es\",\"@id\":\"https:\/\/www.pressenza.com\/es\/#\/schema\/logo\/image\/\",\"url\":\"https:\/\/www.pressenza.com\/wp-content\/uploads\/2022\/10\/pressenza_logo_200x200.jpg\",\"contentUrl\":\"https:\/\/www.pressenza.com\/wp-content\/uploads\/2022\/10\/pressenza_logo_200x200.jpg\",\"width\":200,\"height\":200,\"caption\":\"Pressenza\"},\"image\":{\"@id\":\"https:\/\/www.pressenza.com\/es\/#\/schema\/logo\/image\/\"},\"sameAs\":[\"https:\/\/www.facebook.com\/PressenzaItalia\",\"https:\/\/x.com\/PressenzaIPA\"]},{\"@type\":\"Person\",\"@id\":\"https:\/\/www.pressenza.com\/es\/#\/schema\/person\/2589ceb48064b9d4249652e5d275a2ec\",\"name\":\"Noticias de Am\u00e9rica Latina y el Caribe\",\"description\":\"Primer portal de noticias de Am\u00e9rica Latina y el Caribe. Director: Pedro Brieger Con el apoyo de la Fundaci\u00f3n para la Integraci\u00f3n Latinoamericana (FILA) www.nodal.am\",\"sameAs\":[\"https:\/\/www.facebook.com\/pages\/NODAL\/504497112975235\",\"https:\/\/x.com\/infoNodal\"],\"url\":\"https:\/\/www.pressenza.com\/es\/author\/nodal\/\"}]}<\/script>\n<!-- \/ Yoast SEO plugin. -->","yoast_head_json":{"title":"Brasil: exdirector de Odebrecht admite que fue obligado por los fiscales a \u201cconstruir un relato\u201d contra Lula","description":"Odebrecht admite que \"construyeron un relato\" contra Lula","robots":{"index":"index","follow":"follow","max-snippet":"max-snippet:-1","max-image-preview":"max-image-preview:large","max-video-preview":"max-video-preview:-1"},"canonical":"https:\/\/www.pressenza.com\/es\/2019\/07\/brasil-exdirector-de-odebrecht-admite-que-fue-obligado-por-los-fiscales-a-construir-un-relato-contra-lula\/","og_locale":"es_ES","og_type":"article","og_title":"Brasil: exdirector de Odebrecht admite que fue obligado por los fiscales a \u201cconstruir un relato\u201d contra Lula","og_description":"Odebrecht admite que \"construyeron un relato\" contra Lula","og_url":"https:\/\/www.pressenza.com\/es\/2019\/07\/brasil-exdirector-de-odebrecht-admite-que-fue-obligado-por-los-fiscales-a-construir-un-relato-contra-lula\/","og_site_name":"Pressenza","article_publisher":"https:\/\/www.facebook.com\/PressenzaItalia","article_author":"https:\/\/www.facebook.com\/pages\/NODAL\/504497112975235","article_published_time":"2019-07-17T17:12:06+00:00","og_image":[{"width":700,"height":394,"url":"https:\/\/www.pressenza.com\/wp-content\/uploads\/2019\/07\/48971670_303.jpg","type":"image\/jpeg"}],"author":"Noticias de Am\u00e9rica Latina y el Caribe","twitter_card":"summary_large_image","twitter_creator":"@infoNodal","twitter_site":"@PressenzaIPA","twitter_misc":{"Escrito por":"Noticias de Am\u00e9rica Latina y el Caribe","Tiempo de lectura":"2 minutos"},"schema":{"@context":"https:\/\/schema.org","@graph":[{"@type":"Article","@id":"https:\/\/www.pressenza.com\/es\/2019\/07\/brasil-exdirector-de-odebrecht-admite-que-fue-obligado-por-los-fiscales-a-construir-un-relato-contra-lula\/#article","isPartOf":{"@id":"https:\/\/www.pressenza.com\/es\/2019\/07\/brasil-exdirector-de-odebrecht-admite-que-fue-obligado-por-los-fiscales-a-construir-un-relato-contra-lula\/"},"author":{"name":"Noticias de Am\u00e9rica Latina y el Caribe","@id":"https:\/\/www.pressenza.com\/es\/#\/schema\/person\/2589ceb48064b9d4249652e5d275a2ec"},"headline":"Brasil: exdirector de Odebrecht admite que fue obligado por los fiscales a \u201cconstruir un relato\u201d contra Lula","datePublished":"2019-07-17T17:12:06+00:00","mainEntityOfPage":{"@id":"https:\/\/www.pressenza.com\/es\/2019\/07\/brasil-exdirector-de-odebrecht-admite-que-fue-obligado-por-los-fiscales-a-construir-un-relato-contra-lula\/"},"wordCount":336,"publisher":{"@id":"https:\/\/www.pressenza.com\/es\/#organization"},"image":{"@id":"https:\/\/www.pressenza.com\/es\/2019\/07\/brasil-exdirector-de-odebrecht-admite-que-fue-obligado-por-los-fiscales-a-construir-un-relato-contra-lula\/#primaryimage"},"thumbnailUrl":"https:\/\/www.pressenza.com\/wp-content\/uploads\/2019\/07\/48971670_303.jpg","keywords":["Brasil","corrupci\u00f3n","Fiscales","Lula","Odebrecht"],"articleSection":["Pol\u00edtica","Sudam\u00e9rica"],"inLanguage":"es"},{"@type":"WebPage","@id":"https:\/\/www.pressenza.com\/es\/2019\/07\/brasil-exdirector-de-odebrecht-admite-que-fue-obligado-por-los-fiscales-a-construir-un-relato-contra-lula\/","url":"https:\/\/www.pressenza.com\/es\/2019\/07\/brasil-exdirector-de-odebrecht-admite-que-fue-obligado-por-los-fiscales-a-construir-un-relato-contra-lula\/","name":"Brasil: exdirector de Odebrecht admite que fue obligado por los fiscales a \u201cconstruir un relato\u201d contra Lula","isPartOf":{"@id":"https:\/\/www.pressenza.com\/es\/#website"},"primaryImageOfPage":{"@id":"https:\/\/www.pressenza.com\/es\/2019\/07\/brasil-exdirector-de-odebrecht-admite-que-fue-obligado-por-los-fiscales-a-construir-un-relato-contra-lula\/#primaryimage"},"image":{"@id":"https:\/\/www.pressenza.com\/es\/2019\/07\/brasil-exdirector-de-odebrecht-admite-que-fue-obligado-por-los-fiscales-a-construir-un-relato-contra-lula\/#primaryimage"},"thumbnailUrl":"https:\/\/www.pressenza.com\/wp-content\/uploads\/2019\/07\/48971670_303.jpg","datePublished":"2019-07-17T17:12:06+00:00","description":"Odebrecht admite que \"construyeron un relato\" contra Lula","breadcrumb":{"@id":"https:\/\/www.pressenza.com\/es\/2019\/07\/brasil-exdirector-de-odebrecht-admite-que-fue-obligado-por-los-fiscales-a-construir-un-relato-contra-lula\/#breadcrumb"},"inLanguage":"es","potentialAction":[{"@type":"ReadAction","target":["https:\/\/www.pressenza.com\/es\/2019\/07\/brasil-exdirector-de-odebrecht-admite-que-fue-obligado-por-los-fiscales-a-construir-un-relato-contra-lula\/"]}]},{"@type":"ImageObject","inLanguage":"es","@id":"https:\/\/www.pressenza.com\/es\/2019\/07\/brasil-exdirector-de-odebrecht-admite-que-fue-obligado-por-los-fiscales-a-construir-un-relato-contra-lula\/#primaryimage","url":"https:\/\/www.pressenza.com\/wp-content\/uploads\/2019\/07\/48971670_303.jpg","contentUrl":"https:\/\/www.pressenza.com\/wp-content\/uploads\/2019\/07\/48971670_303.jpg","width":700,"height":394},{"@type":"BreadcrumbList","@id":"https:\/\/www.pressenza.com\/es\/2019\/07\/brasil-exdirector-de-odebrecht-admite-que-fue-obligado-por-los-fiscales-a-construir-un-relato-contra-lula\/#breadcrumb","itemListElement":[{"@type":"ListItem","position":1,"name":"Accueil","item":"https:\/\/www.pressenza.com\/es\/"},{"@type":"ListItem","position":2,"name":"Brasil: exdirector de Odebrecht admite que fue obligado por los fiscales a \u201cconstruir un relato\u201d contra Lula"}]},{"@type":"WebSite","@id":"https:\/\/www.pressenza.com\/es\/#website","url":"https:\/\/www.pressenza.com\/es\/","name":"Pressenza","description":"International Press Agency","publisher":{"@id":"https:\/\/www.pressenza.com\/es\/#organization"},"potentialAction":[{"@type":"SearchAction","target":{"@type":"EntryPoint","urlTemplate":"https:\/\/www.pressenza.com\/es\/?s={search_term_string}"},"query-input":{"@type":"PropertyValueSpecification","valueRequired":true,"valueName":"search_term_string"}}],"inLanguage":"es"},{"@type":"Organization","@id":"https:\/\/www.pressenza.com\/es\/#organization","name":"Pressenza","url":"https:\/\/www.pressenza.com\/es\/","logo":{"@type":"ImageObject","inLanguage":"es","@id":"https:\/\/www.pressenza.com\/es\/#\/schema\/logo\/image\/","url":"https:\/\/www.pressenza.com\/wp-content\/uploads\/2022\/10\/pressenza_logo_200x200.jpg","contentUrl":"https:\/\/www.pressenza.com\/wp-content\/uploads\/2022\/10\/pressenza_logo_200x200.jpg","width":200,"height":200,"caption":"Pressenza"},"image":{"@id":"https:\/\/www.pressenza.com\/es\/#\/schema\/logo\/image\/"},"sameAs":["https:\/\/www.facebook.com\/PressenzaItalia","https:\/\/x.com\/PressenzaIPA"]},{"@type":"Person","@id":"https:\/\/www.pressenza.com\/es\/#\/schema\/person\/2589ceb48064b9d4249652e5d275a2ec","name":"Noticias de Am\u00e9rica Latina y el Caribe","description":"Primer portal de noticias de Am\u00e9rica Latina y el Caribe. Director: Pedro Brieger Con el apoyo de la Fundaci\u00f3n para la Integraci\u00f3n Latinoamericana (FILA) www.nodal.am","sameAs":["https:\/\/www.facebook.com\/pages\/NODAL\/504497112975235","https:\/\/x.com\/infoNodal"],"url":"https:\/\/www.pressenza.com\/es\/author\/nodal\/"}]}},"place":"Brasil","original_article_url":"https:\/\/www.nodal.am\/2019\/07\/brasil-exdirector-de-odebrecht-admite-que-fue-obligado-por-los-fiscales-a-construir-un-relato-contra-lula\/","_links":{"self":[{"href":"https:\/\/www.pressenza.com\/es\/wp-json\/wp\/v2\/posts\/889057","targetHints":{"allow":["GET"]}}],"collection":[{"href":"https:\/\/www.pressenza.com\/es\/wp-json\/wp\/v2\/posts"}],"about":[{"href":"https:\/\/www.pressenza.com\/es\/wp-json\/wp\/v2\/types\/post"}],"author":[{"embeddable":true,"href":"https:\/\/www.pressenza.com\/es\/wp-json\/wp\/v2\/users\/1075"}],"replies":[{"embeddable":true,"href":"https:\/\/www.pressenza.com\/es\/wp-json\/wp\/v2\/comments?post=889057"}],"version-history":[{"count":0,"href":"https:\/\/www.pressenza.com\/es\/wp-json\/wp\/v2\/posts\/889057\/revisions"}],"wp:featuredmedia":[{"embeddable":true,"href":"https:\/\/www.pressenza.com\/es\/wp-json\/wp\/v2\/media\/889058"}],"wp:attachment":[{"href":"https:\/\/www.pressenza.com\/es\/wp-json\/wp\/v2\/media?parent=889057"}],"wp:term":[{"taxonomy":"category","embeddable":true,"href":"https:\/\/www.pressenza.com\/es\/wp-json\/wp\/v2\/categories?post=889057"},{"taxonomy":"post_tag","embeddable":true,"href":"https:\/\/www.pressenza.com\/es\/wp-json\/wp\/v2\/tags?post=889057"}],"curies":[{"name":"wp","href":"https:\/\/api.w.org\/{rel}","templated":true}]}}