{"id":889,"date":"2009-08-10T00:00:00","date_gmt":"2009-08-10T00:00:00","guid":{"rendered":""},"modified":"2009-09-28T05:01:03","modified_gmt":"2009-09-28T05:01:03","slug":"iii-reunixn-ordinaria-del-consejo-de-jefas-y-jefes-de-estado-y-de-gobierno-de-la-unixn-de-naciones-suramericanas","status":"publish","type":"post","link":"https:\/\/www.pressenza.com\/es\/2009\/08\/iii-reunixn-ordinaria-del-consejo-de-jefas-y-jefes-de-estado-y-de-gobierno-de-la-unixn-de-naciones-suramericanas\/","title":{"rendered":"III Reuni\u00f3n Ordinaria del Consejo de Jefas y Jefes de Estado y de Gobierno de la Uni\u00f3n de Naciones Suramericanas"},"content":{"rendered":"<p>1. El mundo enfrenta hoy uno de los desaf\u00edos pol\u00edticos, econ\u00f3micos, sociales y ambientales m\u00e1s serios de su historia moderna, que resulta de la combinaci\u00f3n de la peor recesi\u00f3n internacional desde hace m\u00e1s de medio siglo y que, a diferencia de otros episodios de inestabilidad financiera, es una crisis generada en el sistema econ\u00f3mico financiero del mundo desarrollado, situaci\u00f3n que trae consecuencias altamente negativas para el crecimiento de la econom\u00eda de los pa\u00edses emergentes.<\/p>\n<p>2. Una respuesta pol\u00edtica a la crisis exige un conjunto equilibrado de acciones que estabilicen el sistema financiero, reactiven la econom\u00eda, prioricen la creaci\u00f3n del empleo y el fortalecimiento de la protecci\u00f3n social asegurando la recuperaci\u00f3n econ\u00f3mica sobre la base de un desarrollo sostenible. Por ello, es necesario avanzar en la b\u00fasqueda de un mecanismo para el intercambio de informaci\u00f3n sobre el impacto de la crisis financiera y para la adopci\u00f3n de iniciativas comunes, que fortalezcan la cooperaci\u00f3n para el impulso de una nueva arquitectura financiera internacional, as\u00ed como de las medidas adoptadas para el control de sus efectos.<\/p>\n<p>3. La necesidad de una adecuada seguridad alimentaria y nutricional evidencia la conveniencia de trabajar en conjunto contra la desigualdad. La UNASUR, como actor de concertaci\u00f3n regional, puede contribuir identificando programas pol\u00edticos, econ\u00f3micos, sociales y ambientales dirigidos a superar esta situaci\u00f3n.<\/p>\n<p>4. Corresponde enfrentar los desaf\u00edos que impone el calentamiento global y sus efectos en el clima del mundo, dentro del \u00e1mbito conceptual y procesal establecido por la Convenci\u00f3n Marco de Naciones Unidas sobre Cambio Clim\u00e1tico y el Protocolo de Kyoto, poniendo de relieve el principio de responsabilidades comunes pero diferenciadas y las respectivas capacidades nacionales.<\/p>\n<p>De cara a la Cumbre de Copenhague, debemos esforzarnos para que la crisis econ\u00f3mica y financiera no constituya una excusa para desatender este imperativo, para que el nuevo r\u00e9gimen de mitigaci\u00f3n sea efectivo, justo y equitativo, comprenda metas m\u00e1s ambiciosas de reducci\u00f3n de emisiones y refleje las distintas responsabilidades de los pa\u00edses industrializados y en desarrollo, as\u00ed como sus diferentes niveles socioecon\u00f3micos.<\/p>\n<p>Es necesario subrayar que los pa\u00edses desarrollados cumplan sus compromisos en virtud de la Convenci\u00f3n Marco de las Naciones Unidas sobre el Cambio Clim\u00e1tico relacionadas con la financiaci\u00f3n, la transferencia tecnol\u00f3gica y creaci\u00f3n de capacidad en los pa\u00edses en desarrollo m\u00e1s vulnerables a los efectos adversos del cambio clim\u00e1tico, en particular los peque\u00f1os Estados insulares en desarrollo y los pa\u00edses costeros de tierras bajas, con el fin de ayudarlos a hacer frente a sus necesidades en las \u00e1reas de mitigaci\u00f3n y adaptaci\u00f3n, sin condicionalidades.<\/p>\n<p>5. Tomar nota de la iniciativa nacional emprendida por Ecuador, denominada \u00abYasun\u00ed-ITT\u00bb, que busca, entre otros aspectos, la exploraci\u00f3n y desarrollo de fuentes alternativas de obtenci\u00f3n de ingresos, reducir la explotaci\u00f3n no sostenible de recursos naturales y optimizar la conservaci\u00f3n de la diversidad biol\u00f3gica.<\/p>\n<p>Asimismo, toman nota de la posici\u00f3n de Guyana concerniente a los efectos adversos del calentamiento global en su documento de posici\u00f3n sobre la \u00abCreaci\u00f3n de incentivos para evitar la deforestaci\u00f3n\u00bb, y m\u00e1s recientemente \u00abEstrategia de Desarrollo con bajo carbono\u00bb las cuales est\u00e1n actualmente siendo consultadas nacional y regionalmente.<\/p>\n<p>Desaf\u00edos de la UNASUR<\/p>\n<p>Las Jefas y los Jefes de Estado y de Gobierno de la UNASUR:<\/p>\n<p>6. Reconocen que, en el actual contexto mundial, es fundamental profundizar y acelerar la integraci\u00f3n y la cooperaci\u00f3n regional para enfrentar concertadamente estas preocupaciones. Frente al deterioro del bienestar b\u00e1sico de millones de ciudadanos y ciudadanas de toda la regi\u00f3n, reafirman la necesidad de impulsar un desarrollo sostenible, teniendo en cuenta la noci\u00f3n de libertad e inclusi\u00f3n social.<\/p>\n<p>Reiteran su compromiso de buscar mecanismos de ayuda y cooperaci\u00f3n hacia los pa\u00edses m\u00e1s afectados por estas situaciones de crisis, para fortalecer la integraci\u00f3n y cooperaci\u00f3n<\/p>\n<p>Ante este escenario la UNASUR reitera su objetivo de construir, de manera participativa y consensuada, un espacio de integraci\u00f3n y uni\u00f3n en lo cultural, social, econ\u00f3mico y pol\u00edtico entre sus pueblos, otorgando prioridad al di\u00e1logo pol\u00edtico, las pol\u00edticas sociales, la educaci\u00f3n, la energ\u00eda, la infraestructura, el financiamiento y el medio ambiente, entre otros, con miras a eliminar la desigualdad socioecon\u00f3mica, lograr la inclusi\u00f3n social y la participaci\u00f3n ciudadana, fortalecer la democracia y reducir las asimetr\u00edas en el marco del fortalecimiento de la soberan\u00eda e independencia de los Estados.<\/p>\n<p>En este marco, reconocen que las dificultades estructurales por las que atraviesan los pa\u00edses en desarrollo sin litoral, merecen la promoci\u00f3n de instrumentos regionales que atiendan sus necesidades y problemas espec\u00edficos.<\/p>\n<p>7. Reafirman su compromiso con la democracia como \u00fanico sistema para resolver los desaf\u00edos y brindar mayores esperanzas y oportunidades a nuestros pueblos, con pleno respeto a los Derechos Humanos y a las libertades fundamentales. En este sentido, en el marco de la institucionalidad democr\u00e1tica y el estado de derecho, la v\u00eda del di\u00e1logo y la negociaci\u00f3n son los \u00fanicos caminos para resolver las diferencias, construir la paz y la convivencia duradera. No habr\u00e1 reconocimiento, de ninguna manera, a la ruptura del orden institucional democr\u00e1tico.<\/p>\n<p>8. Al reafirmar el compromiso con la libertad de opini\u00f3n y expresi\u00f3n y el derecho a la informaci\u00f3n en sus pa\u00edses, resaltan la importancia de que los medios de comunicaci\u00f3n, tanto p\u00fablicos como privados, contribuyan, con responsabilidad social en el marco del estado de derecho al debate de ideas y a la promoci\u00f3n del pluralismo pol\u00edtico, fortaleciendo la democracia y la participaci\u00f3n ciudadana en la regi\u00f3n<\/p>\n<p>9. Destacan el compromiso de los pa\u00edses de la UNASUR, en el \u00e1mbito de la promoci\u00f3n y protecci\u00f3n de los Derechos Humanos, de manera especial en las iniciativas regionales como la Carta Andina de Derechos Humanos, y la labor que viene desarrollando la Reuni\u00f3n de Altas Autoridades de Derechos Humanos y Canciller\u00edas del MERCOSUR y Estados Asociados (RAADDHH) a nivel regional. Asimismo reconocen la importancia de la participaci\u00f3n de nuestros pa\u00edses en otros foros multilaterales de Derechos Humanos.<\/p>\n<p>10. La UNASUR apoyar\u00e1 las iniciativas para introducir energ\u00edas alternativas y renovables, as\u00ed como la promoci\u00f3n de la eficiencia en el uso de combustibles, como estrategia a implementar para avanzar hacia un desarrollo econ\u00f3mico y social en el marco de una producci\u00f3n medioambiental sostenible.<\/p>\n<p>Reiteran su compromiso con la integraci\u00f3n energ\u00e9tica regional y subrayan su potencial para promover el desarrollo social, econ\u00f3mico y la erradicaci\u00f3n de la pobreza. En ese sentido, renuevan su empe\u00f1o en impulsar el desarrollo de la infraestructura energ\u00e9tica de los pa\u00edses como elemento de apoyo a la sustentabilidad de la integraci\u00f3n suramericana, fundada en la determinaci\u00f3n de los pueblos para avanzar con autonom\u00eda en el camino de la uni\u00f3n y la solidaridad.<\/p>\n<p>Logros y avances de la UNASUR<\/p>\n<p>Las Jefas y los Jefes de Estado y de Gobierno de la UNASUR:<\/p>\n<p>11. Reafirman la clara voluntad pol\u00edtica de avanzar en el proceso de integraci\u00f3n regional, conforme se expres\u00f3 en la Cumbre de Jefas y Jefes de Estado y de Gobierno en Brasilia, el 23 de mayo de 2008, con la aprobaci\u00f3n del Tratado Constitutivo de la UNASUR, ocasi\u00f3n en que Chile asumi\u00f3 la Presidencia Pro Tempore hasta agosto de 2009.<\/p>\n<p>12. Destacan la importancia de seguir avanzando en el proceso de ratificaci\u00f3n del Tratado Constitutivo de la UNASUR que permita su pronta entrada en vigor, para consolidar la etapa fundacional de la integraci\u00f3n suramericana.<\/p>\n<p>13. Subrayan que la UNASUR, en su fase temprana fundacional, ha dado se\u00f1ales concretas para profundizar el proceso de integraci\u00f3n adoptando medidas espec\u00edficas, tales como la creaci\u00f3n de los Consejos Suramericanos de Salud y de Defensa.<\/p>\n<p>14. Se congratulan por los resultados de la Primera Reuni\u00f3n del Consejo de Salud Suramericano, el 21 de abril de 2009, en Santiago de Chile, en particular la definici\u00f3n de las atribuciones del Consejo, la reafirmaci\u00f3n de los objetivos de la Agenda Suramericana de Salud y la creaci\u00f3n de los Grupos T\u00e9cnicos sobre Escudo Epidemiol\u00f3gico; Desarrollo de los Sistemas de Salud Universales; Acceso Universal a Medicamentos; Desarrollo y Gesti\u00f3n de Recursos Humanos en Salud.<\/p>\n<p>15. Asimismo se congratulan por las iniciativas abordadas en la Primera Reuni\u00f3n del Consejo de Defensa Suramericano, donde se logr\u00f3 consensuar medidas de corto y mediano plazo para dar operatividad a los objetivos del Consejo de Defensa Suramericano lo que permitir\u00e1 fortalecer las acciones en pol\u00edtica de defensa, cooperaci\u00f3n militar, acciones humanitarias, operaciones de paz, formaci\u00f3n y capacitaci\u00f3n.<\/p>\n<p>16. Expresan su satisfacci\u00f3n por la creaci\u00f3n, en esta Cumbre Ordinaria, de los Consejos Suramericanos de Lucha contra el Narcotr\u00e1fico; Infraestructura y Planeamiento; Desarrollo Social; Educaci\u00f3n, Cultura, Ciencia, Tecnolog\u00eda e Innovaci\u00f3n de la UNASUR, que contribuir\u00e1n a un avance sustantivo en materia de integraci\u00f3n y cooperaci\u00f3n regionales. Las decisiones de creaci\u00f3n de los referidos consejos son adoptadas en esta fecha y sus textos constan como anexo de esta Declaraci\u00f3n. En este sentido se instruye a dichos Consejos a iniciar sus tareas a la brevedad posible, de tal forma de complementar y desarrollar la plataforma de acci\u00f3n de la UNASUR<\/p>\n<p>Presencia regional e internacional de la UNASUR<\/p>\n<p>Las Jefas y los Jefes de Estado y de Gobierno de la UNASUR:<\/p>\n<p>17. Reconocen el importante y creciente rol que la UNASUR ha adoptado como instancia de generaci\u00f3n de consensos en nuestra regi\u00f3n.<\/p>\n<p>La UNASUR ha mostrado una gran eficacia para enfrentar una situaci\u00f3n de tensi\u00f3n en la regi\u00f3n, como se demostr\u00f3 en la Cumbre Extraordinaria de Santiago en septiembre de 2008, a ra\u00edz de los problemas pol\u00edticos enfrentados por el Estado Plurinacional de Bolivia. Los acuerdos alcanzados en Santiago, arrojaron resultados positivos a partir de las Comisiones creadas mediante la \u00abDeclaraci\u00f3n de La Moneda\u00bb.<\/p>\n<p>Destacan la participaci\u00f3n de todos los pa\u00edses miembros de la UNASUR en la Comisi\u00f3n de Apoyo a la Mesa de Di\u00e1logo, establecida durante los meses de septiembre y octubre del 2008, que coadyuv\u00f3 a la pacificaci\u00f3n interna y a la consolidaci\u00f3n de la institucionalidad del Estado Plurinacional de Bolivia.<\/p>\n<p>Recuerdan que el 25 de noviembre de 2008 en Santiago de Chile, se efectu\u00f3 la entrega a la Presidenta Pro Tempore de la UNASUR, S.E. Michelle Bachelet, del informe de la \u00abComisi\u00f3n de la UNASUR para el esclarecimiento de los hechos de Pando\u00bb sobre los llamados \u00abSucesos de Pando\u00bb. El Informe es una importante contribuci\u00f3n de la Uni\u00f3n de Naciones Suramericanas al Estado de Derecho, a la justicia y a la superaci\u00f3n de la impunidad en la regi\u00f3n. Esta iniciativa de promoci\u00f3n y protecci\u00f3n de los Derechos Humanos y de apoyo a la institucionalidad democr\u00e1tica, se ha constituido en un hito destacable sobre la materia a nivel suramericano.<\/p>\n<p>18. Resaltan que, atendiendo a la invitaci\u00f3n formulada por el Gobierno de Bolivia, la UNASUR envi\u00f3 una segunda Misi\u00f3n de Observadores Electorales que acompa\u00f1\u00f3 el proceso de Refer\u00e9ndum Dirimidor y de Aprobaci\u00f3n de la Nueva Constituci\u00f3n Pol\u00edtica del Estado Plurinacional de Bolivia en enero de 2009.<\/p>\n<p>19. Teniendo en cuenta que uno de los objetivos de UNASUR establecido en su Tratado Constitutivo es \u00abla promoci\u00f3n de la diversidad cultural y de las expresiones de la memoria y de los conocimientos y saberes de los pueblos de la regi\u00f3n, para el fortalecimiento de sus identidades\u00bb, reconocemos que el masticado de la hoja de coca es una manifestaci\u00f3n cultural ancestral del pueblo de Bolivia que debe ser respetada por la Comunidad Internacional.<\/p>\n<p>20. Condenan el Golpe de Estado en Honduras y reiteran los t\u00e9rminos contenidos en los comunicados de la UNASUR del 28 de junio y del 20 de julio de 2009 sobre el golpe de Estado en Honduras, as\u00ed como las resoluciones y declaraciones emitidas por la ONU, OEA, MERCOSUR, CAN y otras instancias internacionales. Reafirman que no reconocer\u00e1n ninguna convocatoria a elecciones por el gobierno de facto. Respaldan la misi\u00f3n del Secretario General y de los Cancilleres de la Organizaci\u00f3n de Estados Americanos. Convocan a la comunidad internacional a extremar los recursos necesarios y adoptar nuevas medidas para asegurar el restablecimiento del Presidente Jos\u00e9 Manuel Zelaya en el ejercicio pleno de sus funciones y la restauraci\u00f3n pac\u00edfica de la democracia en Honduras, en el marco de la reconciliaci\u00f3n nacional y de la paz, con nuestra irrestricta solidaridad con el pueblo hondure\u00f1o.<\/p>\n<p>21. Se congratulan por los \u00e9xitos logrados por la UNASUR en su proceso de consolidaci\u00f3n como espacio de integraci\u00f3n y uni\u00f3n de sus Estados miembros y pueblos y su afirmaci\u00f3n como interlocutor central para la discusi\u00f3n de los grandes temas de la agenda internacional, por medio del di\u00e1logo interregional con \u00c1frica y con los Pa\u00edses \u00c1rabes, en otras reuniones y foros multilaterales y regionales con la participaci\u00f3n de pa\u00edses desarrollados y en desarrollo.<\/p>\n<p>Expresan su complacencia por la realizaci\u00f3n de la II Cumbre ASPA, en marzo de 2009 y saludan la iniciativa del Per\u00fa para realizar la III Cumbre de ASPA en el a\u00f1o 2011.<\/p>\n<p>Reafirman que la UNASUR fortalecer\u00e1 el dialogo pol\u00edtico y social entre los pa\u00edses suramericanos y africanos, mediante las acciones realizadas en el marco de los pa\u00edses de Am\u00e9rica del Sur-\u00c1frica (ASA). Saludan la iniciativa de Venezuela para realizar la II Cumbre de los pa\u00edses de Am\u00e9rica del Sur-\u00c1frica, en septiembre del presente a\u00f1o.<\/p>\n<p>Acogen con satisfacci\u00f3n, los resultados de la Cumbre de Am\u00e9rica Latina y el Caribe (CALC), realizada en diciembre de 2008, y reafirman el firme compromiso de asegurar el seguimiento de las iniciativas adoptadas.<\/p>\n<p>Destacan la importancia de la XXXVII Reuni\u00f3n del Consejo del Mercado Com\u00fan, ocasi\u00f3n en la cual los Presidentes de los Estados Partes y Asociados del MERCOSUR, reunidos en Asunci\u00f3n, expresaron sus posiciones respecto de diversos ejes del proyecto regional, entre los que se destacan la reafirmaci\u00f3n de sus compromisos en materia de protecci\u00f3n y preservaci\u00f3n de las instituciones democr\u00e1ticas as\u00ed como su decidida voluntad de fortalecer y profundizar la dimensi\u00f3n pol\u00edtica y social del proceso de integraci\u00f3n.<\/p>\n<p>Hacen notar que, en el marco de la V Cumbre de las Am\u00e9ricas, se dio inicio a un nuevo tipo de relaci\u00f3n hemisf\u00e9rica basada en el entendimiento y respeto mutuo.<\/p>\n<p>Acciones de la UNASUR<\/p>\n<p>Las Jefas y los Jefes de Estado y de Gobierno de la UNASUR:<\/p>\n<p>22. En relaci\u00f3n a los procesos de integraci\u00f3n energ\u00e9tica regional, expresan su satisfacci\u00f3n por la constituci\u00f3n e inicio de trabajos del Consejo Energ\u00e9tico Suramericano, as\u00ed como por los avances sustantivos logrados en relaci\u00f3n a lineamientos de la estrategia energ\u00e9tica, el plan de acci\u00f3n y la estructura del proyecto de tratado energ\u00e9tico de Suram\u00e9rica. Al respecto, instruyen al Consejo Energ\u00e9tico a concluir prontamente dichas tareas para su aprobaci\u00f3n en una pr\u00f3xima reuni\u00f3n cumbre.<\/p>\n<p>23. Acogen con benepl\u00e1cito la Declaraci\u00f3n de la Reuni\u00f3n Extraordinaria del Consejo de Salud Suramericano, reunido en la ciudad de Quito, Ecuador, el 8 de agosto de 2009, en la que, entre otras materias, se ratifica el concepto de la supremac\u00eda de la salud p\u00fablica sobre los intereses econ\u00f3micos y comerciales; se se\u00f1ala que los medicamentos, vacunas y equipos que se requieren para atender enfermedades de importancia en salud p\u00fablica, entre ellas la pandemia de influenza, deben considerarse bienes p\u00fablicos globales; declaran que los derechos de propiedad intelectual no impiden, ni deber\u00e1n impedir, que los Estados Partes adopten medidas para proteger la Salud P\u00fablica; y reafirman lo se\u00f1alado en la Declaraci\u00f3n Ministerial de Doha relativa al Acuerdo sobre los ADPIC y la Salud P\u00fablica, as\u00ed como el derecho de hacer uso de las flexibilidades previstas en caso de ser necesario (Salud).<\/p>\n<p>24. Instruyen a los ministros de Economia y Finanzas a concluir en el presente semestre la consideraci\u00f3n de las conclusiones que les ser\u00e1n presentadas por el Grupo de Trabajo de Integraci\u00f3n Financiera sobre la base de los \u00abLineamientos para el Plan de Acci\u00f3n 2008-2009 de UNASUR\u00bb, aprobado en Brasilia el 23 de mayo de 2008. Dicho Grupo de Trabajo tendr\u00e1 en cuenta en su debate las iniciativas, proyectos y experiencias bilaterales y multilaterales existentes, por ejemplo: el Banco del Sur, para aquellos Estados que hayan aprobado su estatuto constitutivo; la construcci\u00f3n de un fondo de reserva com\u00fan; un sistema de pagos regionales; un sistema de compensaci\u00f3n regional, como el SUCRE; as\u00ed como otras que puedan surgir, atendiendo siempre el car\u00e1cter flexible y voluntario de la participaci\u00f3n de los pa\u00edses de la UNASUR en las iniciativas que lleguen a concretarse.<\/p>\n<p>25. Reafirman su compromiso de avanzar en la construcci\u00f3n de la ciudadan\u00eda suramericana, abordando el tema de la migraci\u00f3n con un enfoque integral y comprensivo, bajo el respeto irrestricto de los Derechos Humanos de los migrantes y sus familias, conforme lo dispuesto en la Declaraci\u00f3n de Cochabamba, de diciembre de 2006. Para ello, es necesario reforzar la cooperaci\u00f3n y coordinaci\u00f3n regional entre los estados miembros de la UNASUR y la Conferencia Sudamericana de Migraciones, a fin de construir un enfoque com\u00fan regional que facilite la circulaci\u00f3n de personas. Asimismo, reiteran la necesidad de alcanzar un di\u00e1logo comprehensivo y estructurado sobre la migraci\u00f3n entre los pa\u00edses de Am\u00e9rica Latina, el Caribe y la Uni\u00f3n Europea, de conformidad con lo expresado en la Declaraci\u00f3n de Lima, de mayo de 2008, reiterando la importancia de contar con una instancia pol\u00edtica para dicho di\u00e1logo birregional.<\/p>\n<p>26. Reconocen la importancia que la UNASUR, en su proceso de consolidaci\u00f3n institucional, examine la conveniencia de creaci\u00f3n de mecanismos adecuados, incluso la propuesta de establecer un Consejo Suramericano de Derechos Humanos, que recoja el acervo regional existente, con miras a fortalecer la cooperaci\u00f3n entre sus Estados Miembros en la materia.<\/p>\n<p>27. En cumplimiento con el Art\u00edculo Transitorio del Tratado Constitutivo, expresan su renovado compromiso con el Parlamento Suramericano, destacando la realizaci\u00f3n, en octubre de 2008, de la Reuni\u00f3n de Representantes Parlamentarios Nacionales y Subregionales de la UNASUR en Cochabamba, Bolivia, oportunidad en la que se reafirm\u00f3 la importancia de la integraci\u00f3n suramericana y la necesidad de avanzar hacia un Parlamento Suramericano.<\/p>\n<p>28. Tomamos nota con inter\u00e9s de las deliberaciones que han llevado a cabo las Altas Autoridades Judiciales de nuestros pa\u00edses , en particular las recogidas en la Declaraci\u00f3n de Nueva Esparta de fecha 3 de octubre de 2008.<\/p>\n<p>29. Saludamos la propuesta del Poder Electoral de la Rep\u00fablica Bolivariana de Venezuela de organizar, durante el segundo semestre del a\u00f1o 2009, la I Reuni\u00f3n de Organismos y Autoridades Electorales de los Estados Miembros de la UNASUR, la cual se realizar\u00e1 en Venezuela.<\/p>\n<p>30. Destacan la eficiente labor desplegada por S.E. la Presidenta Se\u00f1ora Michelle Bachelet en la Presidencia Pro Tempore de la UNASUR y resaltan el significativo impulso y el liderazgo que la Presidencia de Chile le ha dado a nuestro proceso de Integraci\u00f3n.<\/p>\n<p>31. Manifiestan la trascendencia hist\u00f3rica de que esta Reuni\u00f3n, en la cual se transfiere dicha Presidencia Pro Tempore de la UNASUR de Chile a Ecuador, se celebre en la Ciudad de Quito, en una fecha tan significativa para la historia del Ecuador y de nuestra regi\u00f3n y que sea precisamente en el escenario de la Sala Capitular del Convento de San Agust\u00edn, lugar emblem\u00e1tico donde se proclam\u00f3 el Primer Grito de Independencia del Ecuador hace exactamente doscientos a\u00f1os. La celebraci\u00f3n del Bicentenario de las gestas independentistas de la mayor\u00eda de nuestras naciones, debe crear espacios de reflexi\u00f3n frente a los retos de la integraci\u00f3n suramericana y el destino futuro de nuestros pueblos. <\/p>\n","protected":false},"excerpt":{"rendered":"<p>Las Jefas y los Jefes de Estado y de Gobierno de la UNASUR concluyeron su tercera reuni\u00f3n ordinaria con la siguiente declaraci\u00f3n, que consta de 31 puntos respecto de los desaf\u00edos que enfrenta actualmente el mundo en los campos pol\u00edticos, econ\u00f3micos, sociales y ambientales, as\u00ed como sus consecuencias inmediatas para la Regi\u00f3n Suramericana:<\/p>\n","protected":false},"author":19,"featured_media":0,"comment_status":"closed","ping_status":"open","sticky":false,"template":"","format":"standard","meta":{"footnotes":""},"categories":[74,67],"tags":[],"class_list":["post-889","post","type-post","status-publish","format-standard","hentry","category-politica-es","category-sudamerica"],"yoast_head":"<!-- This site is optimized with the Yoast SEO plugin v27.1.1 - https:\/\/yoast.com\/product\/yoast-seo-wordpress\/ -->\n<title>III Reuni\u00f3n Ordinaria del Consejo de Jefas y Jefes de Estado y de Gobierno de la Uni\u00f3n de Naciones Suramericanas<\/title>\n<meta name=\"description\" content=\"Las Jefas y los Jefes de Estado y de Gobierno de la UNASUR concluyeron su tercera reuni\u00f3n ordinaria con la siguiente declaraci\u00f3n, que consta de 31 puntos respecto de los desaf\u00edos que enfrenta actualmente el mundo en los campos pol\u00edticos, econ\u00f3micos, sociales y ambientales, as\u00ed como sus consecuencias inmediatas para la Regi\u00f3n Suramericana:\" \/>\n<meta name=\"robots\" content=\"index, follow, max-snippet:-1, max-image-preview:large, max-video-preview:-1\" \/>\n<link rel=\"canonical\" href=\"https:\/\/www.pressenza.com\/es\/2009\/08\/iii-reunixn-ordinaria-del-consejo-de-jefas-y-jefes-de-estado-y-de-gobierno-de-la-unixn-de-naciones-suramericanas\/\" \/>\n<meta property=\"og:locale\" content=\"es_ES\" \/>\n<meta property=\"og:type\" content=\"article\" \/>\n<meta property=\"og:title\" content=\"III Reuni\u00f3n Ordinaria del Consejo de Jefas y Jefes de Estado y de Gobierno de la Uni\u00f3n de Naciones Suramericanas\" \/>\n<meta property=\"og:description\" content=\"Las Jefas y los Jefes de Estado y de Gobierno de la UNASUR concluyeron su tercera reuni\u00f3n ordinaria con la siguiente declaraci\u00f3n, que consta de 31 puntos respecto de los desaf\u00edos que enfrenta actualmente el mundo en los campos pol\u00edticos, econ\u00f3micos, sociales y ambientales, as\u00ed como sus consecuencias inmediatas para la Regi\u00f3n Suramericana:\" \/>\n<meta property=\"og:url\" content=\"https:\/\/www.pressenza.com\/es\/2009\/08\/iii-reunixn-ordinaria-del-consejo-de-jefas-y-jefes-de-estado-y-de-gobierno-de-la-unixn-de-naciones-suramericanas\/\" \/>\n<meta property=\"og:site_name\" content=\"Pressenza\" \/>\n<meta property=\"article:publisher\" content=\"https:\/\/www.facebook.com\/PressenzaItalia\" \/>\n<meta property=\"article:author\" content=\"https:\/\/www.facebook.com\/pressenza\" \/>\n<meta property=\"article:published_time\" content=\"2009-08-10T00:00:00+00:00\" \/>\n<meta property=\"article:modified_time\" content=\"2009-09-28T05:01:03+00:00\" \/>\n<meta name=\"author\" content=\"Pressenza IPA\" \/>\n<meta name=\"twitter:card\" content=\"summary_large_image\" \/>\n<meta name=\"twitter:creator\" content=\"@PressenzaIPA\" \/>\n<meta name=\"twitter:site\" content=\"@PressenzaIPA\" \/>\n<meta name=\"twitter:label1\" content=\"Escrito por\" \/>\n\t<meta name=\"twitter:data1\" content=\"Pressenza IPA\" \/>\n\t<meta name=\"twitter:label2\" content=\"Tiempo de lectura\" \/>\n\t<meta name=\"twitter:data2\" content=\"17 minutos\" \/>\n<script type=\"application\/ld+json\" class=\"yoast-schema-graph\">{\"@context\":\"https:\/\/schema.org\",\"@graph\":[{\"@type\":\"Article\",\"@id\":\"https:\/\/www.pressenza.com\/es\/2009\/08\/iii-reunixn-ordinaria-del-consejo-de-jefas-y-jefes-de-estado-y-de-gobierno-de-la-unixn-de-naciones-suramericanas\/#article\",\"isPartOf\":{\"@id\":\"https:\/\/www.pressenza.com\/es\/2009\/08\/iii-reunixn-ordinaria-del-consejo-de-jefas-y-jefes-de-estado-y-de-gobierno-de-la-unixn-de-naciones-suramericanas\/\"},\"author\":{\"name\":\"Pressenza IPA\",\"@id\":\"https:\/\/www.pressenza.com\/es\/#\/schema\/person\/010e5d02bcf40965427a1289a4cc8d75\"},\"headline\":\"III Reuni\u00f3n Ordinaria del Consejo de Jefas y Jefes de Estado y de Gobierno de la Uni\u00f3n de Naciones Suramericanas\",\"datePublished\":\"2009-08-10T00:00:00+00:00\",\"dateModified\":\"2009-09-28T05:01:03+00:00\",\"mainEntityOfPage\":{\"@id\":\"https:\/\/www.pressenza.com\/es\/2009\/08\/iii-reunixn-ordinaria-del-consejo-de-jefas-y-jefes-de-estado-y-de-gobierno-de-la-unixn-de-naciones-suramericanas\/\"},\"wordCount\":3409,\"publisher\":{\"@id\":\"https:\/\/www.pressenza.com\/es\/#organization\"},\"articleSection\":[\"Pol\u00edtica\",\"Sudam\u00e9rica\"],\"inLanguage\":\"es\"},{\"@type\":\"WebPage\",\"@id\":\"https:\/\/www.pressenza.com\/es\/2009\/08\/iii-reunixn-ordinaria-del-consejo-de-jefas-y-jefes-de-estado-y-de-gobierno-de-la-unixn-de-naciones-suramericanas\/\",\"url\":\"https:\/\/www.pressenza.com\/es\/2009\/08\/iii-reunixn-ordinaria-del-consejo-de-jefas-y-jefes-de-estado-y-de-gobierno-de-la-unixn-de-naciones-suramericanas\/\",\"name\":\"III Reuni\u00f3n Ordinaria del Consejo de Jefas y Jefes de Estado y de Gobierno de la Uni\u00f3n de Naciones Suramericanas\",\"isPartOf\":{\"@id\":\"https:\/\/www.pressenza.com\/es\/#website\"},\"datePublished\":\"2009-08-10T00:00:00+00:00\",\"dateModified\":\"2009-09-28T05:01:03+00:00\",\"description\":\"Las Jefas y los Jefes de Estado y de Gobierno de la UNASUR concluyeron su tercera reuni\u00f3n ordinaria con la siguiente declaraci\u00f3n, que consta de 31 puntos respecto de los desaf\u00edos que enfrenta actualmente el mundo en los campos pol\u00edticos, econ\u00f3micos, sociales y ambientales, as\u00ed como sus consecuencias inmediatas para la Regi\u00f3n Suramericana:\",\"breadcrumb\":{\"@id\":\"https:\/\/www.pressenza.com\/es\/2009\/08\/iii-reunixn-ordinaria-del-consejo-de-jefas-y-jefes-de-estado-y-de-gobierno-de-la-unixn-de-naciones-suramericanas\/#breadcrumb\"},\"inLanguage\":\"es\",\"potentialAction\":[{\"@type\":\"ReadAction\",\"target\":[\"https:\/\/www.pressenza.com\/es\/2009\/08\/iii-reunixn-ordinaria-del-consejo-de-jefas-y-jefes-de-estado-y-de-gobierno-de-la-unixn-de-naciones-suramericanas\/\"]}]},{\"@type\":\"BreadcrumbList\",\"@id\":\"https:\/\/www.pressenza.com\/es\/2009\/08\/iii-reunixn-ordinaria-del-consejo-de-jefas-y-jefes-de-estado-y-de-gobierno-de-la-unixn-de-naciones-suramericanas\/#breadcrumb\",\"itemListElement\":[{\"@type\":\"ListItem\",\"position\":1,\"name\":\"Accueil\",\"item\":\"https:\/\/www.pressenza.com\/es\/\"},{\"@type\":\"ListItem\",\"position\":2,\"name\":\"III Reuni\u00f3n Ordinaria del Consejo de Jefas y Jefes de Estado y de Gobierno de la Uni\u00f3n de Naciones Suramericanas\"}]},{\"@type\":\"WebSite\",\"@id\":\"https:\/\/www.pressenza.com\/es\/#website\",\"url\":\"https:\/\/www.pressenza.com\/es\/\",\"name\":\"Pressenza\",\"description\":\"International Press Agency\",\"publisher\":{\"@id\":\"https:\/\/www.pressenza.com\/es\/#organization\"},\"potentialAction\":[{\"@type\":\"SearchAction\",\"target\":{\"@type\":\"EntryPoint\",\"urlTemplate\":\"https:\/\/www.pressenza.com\/es\/?s={search_term_string}\"},\"query-input\":{\"@type\":\"PropertyValueSpecification\",\"valueRequired\":true,\"valueName\":\"search_term_string\"}}],\"inLanguage\":\"es\"},{\"@type\":\"Organization\",\"@id\":\"https:\/\/www.pressenza.com\/es\/#organization\",\"name\":\"Pressenza\",\"url\":\"https:\/\/www.pressenza.com\/es\/\",\"logo\":{\"@type\":\"ImageObject\",\"inLanguage\":\"es\",\"@id\":\"https:\/\/www.pressenza.com\/es\/#\/schema\/logo\/image\/\",\"url\":\"https:\/\/www.pressenza.com\/wp-content\/uploads\/2022\/10\/pressenza_logo_200x200.jpg\",\"contentUrl\":\"https:\/\/www.pressenza.com\/wp-content\/uploads\/2022\/10\/pressenza_logo_200x200.jpg\",\"width\":200,\"height\":200,\"caption\":\"Pressenza\"},\"image\":{\"@id\":\"https:\/\/www.pressenza.com\/es\/#\/schema\/logo\/image\/\"},\"sameAs\":[\"https:\/\/www.facebook.com\/PressenzaItalia\",\"https:\/\/x.com\/PressenzaIPA\"]},{\"@type\":\"Person\",\"@id\":\"https:\/\/www.pressenza.com\/es\/#\/schema\/person\/010e5d02bcf40965427a1289a4cc8d75\",\"name\":\"Pressenza IPA\",\"description\":\"News from Pressenza IPA correspondents\",\"sameAs\":[\"https:\/\/www.facebook.com\/pressenza\",\"https:\/\/x.com\/PressenzaIPA\"],\"url\":\"https:\/\/www.pressenza.com\/es\/author\/pressenza-ipa\/\"}]}<\/script>\n<!-- \/ Yoast SEO plugin. -->","yoast_head_json":{"title":"III Reuni\u00f3n Ordinaria del Consejo de Jefas y Jefes de Estado y de Gobierno de la Uni\u00f3n de Naciones Suramericanas","description":"Las Jefas y los Jefes de Estado y de Gobierno de la UNASUR concluyeron su tercera reuni\u00f3n ordinaria con la siguiente declaraci\u00f3n, que consta de 31 puntos respecto de los desaf\u00edos que enfrenta actualmente el mundo en los campos pol\u00edticos, econ\u00f3micos, sociales y ambientales, as\u00ed como sus consecuencias inmediatas para la Regi\u00f3n Suramericana:","robots":{"index":"index","follow":"follow","max-snippet":"max-snippet:-1","max-image-preview":"max-image-preview:large","max-video-preview":"max-video-preview:-1"},"canonical":"https:\/\/www.pressenza.com\/es\/2009\/08\/iii-reunixn-ordinaria-del-consejo-de-jefas-y-jefes-de-estado-y-de-gobierno-de-la-unixn-de-naciones-suramericanas\/","og_locale":"es_ES","og_type":"article","og_title":"III Reuni\u00f3n Ordinaria del Consejo de Jefas y Jefes de Estado y de Gobierno de la Uni\u00f3n de Naciones Suramericanas","og_description":"Las Jefas y los Jefes de Estado y de Gobierno de la UNASUR concluyeron su tercera reuni\u00f3n ordinaria con la siguiente declaraci\u00f3n, que consta de 31 puntos respecto de los desaf\u00edos que enfrenta actualmente el mundo en los campos pol\u00edticos, econ\u00f3micos, sociales y ambientales, as\u00ed como sus consecuencias inmediatas para la Regi\u00f3n Suramericana:","og_url":"https:\/\/www.pressenza.com\/es\/2009\/08\/iii-reunixn-ordinaria-del-consejo-de-jefas-y-jefes-de-estado-y-de-gobierno-de-la-unixn-de-naciones-suramericanas\/","og_site_name":"Pressenza","article_publisher":"https:\/\/www.facebook.com\/PressenzaItalia","article_author":"https:\/\/www.facebook.com\/pressenza","article_published_time":"2009-08-10T00:00:00+00:00","article_modified_time":"2009-09-28T05:01:03+00:00","author":"Pressenza IPA","twitter_card":"summary_large_image","twitter_creator":"@PressenzaIPA","twitter_site":"@PressenzaIPA","twitter_misc":{"Escrito por":"Pressenza IPA","Tiempo de lectura":"17 minutos"},"schema":{"@context":"https:\/\/schema.org","@graph":[{"@type":"Article","@id":"https:\/\/www.pressenza.com\/es\/2009\/08\/iii-reunixn-ordinaria-del-consejo-de-jefas-y-jefes-de-estado-y-de-gobierno-de-la-unixn-de-naciones-suramericanas\/#article","isPartOf":{"@id":"https:\/\/www.pressenza.com\/es\/2009\/08\/iii-reunixn-ordinaria-del-consejo-de-jefas-y-jefes-de-estado-y-de-gobierno-de-la-unixn-de-naciones-suramericanas\/"},"author":{"name":"Pressenza IPA","@id":"https:\/\/www.pressenza.com\/es\/#\/schema\/person\/010e5d02bcf40965427a1289a4cc8d75"},"headline":"III Reuni\u00f3n Ordinaria del Consejo de Jefas y Jefes de Estado y de Gobierno de la Uni\u00f3n de Naciones Suramericanas","datePublished":"2009-08-10T00:00:00+00:00","dateModified":"2009-09-28T05:01:03+00:00","mainEntityOfPage":{"@id":"https:\/\/www.pressenza.com\/es\/2009\/08\/iii-reunixn-ordinaria-del-consejo-de-jefas-y-jefes-de-estado-y-de-gobierno-de-la-unixn-de-naciones-suramericanas\/"},"wordCount":3409,"publisher":{"@id":"https:\/\/www.pressenza.com\/es\/#organization"},"articleSection":["Pol\u00edtica","Sudam\u00e9rica"],"inLanguage":"es"},{"@type":"WebPage","@id":"https:\/\/www.pressenza.com\/es\/2009\/08\/iii-reunixn-ordinaria-del-consejo-de-jefas-y-jefes-de-estado-y-de-gobierno-de-la-unixn-de-naciones-suramericanas\/","url":"https:\/\/www.pressenza.com\/es\/2009\/08\/iii-reunixn-ordinaria-del-consejo-de-jefas-y-jefes-de-estado-y-de-gobierno-de-la-unixn-de-naciones-suramericanas\/","name":"III Reuni\u00f3n Ordinaria del Consejo de Jefas y Jefes de Estado y de Gobierno de la Uni\u00f3n de Naciones Suramericanas","isPartOf":{"@id":"https:\/\/www.pressenza.com\/es\/#website"},"datePublished":"2009-08-10T00:00:00+00:00","dateModified":"2009-09-28T05:01:03+00:00","description":"Las Jefas y los Jefes de Estado y de Gobierno de la UNASUR concluyeron su tercera reuni\u00f3n ordinaria con la siguiente declaraci\u00f3n, que consta de 31 puntos respecto de los desaf\u00edos que enfrenta actualmente el mundo en los campos pol\u00edticos, econ\u00f3micos, sociales y ambientales, as\u00ed como sus consecuencias inmediatas para la Regi\u00f3n Suramericana:","breadcrumb":{"@id":"https:\/\/www.pressenza.com\/es\/2009\/08\/iii-reunixn-ordinaria-del-consejo-de-jefas-y-jefes-de-estado-y-de-gobierno-de-la-unixn-de-naciones-suramericanas\/#breadcrumb"},"inLanguage":"es","potentialAction":[{"@type":"ReadAction","target":["https:\/\/www.pressenza.com\/es\/2009\/08\/iii-reunixn-ordinaria-del-consejo-de-jefas-y-jefes-de-estado-y-de-gobierno-de-la-unixn-de-naciones-suramericanas\/"]}]},{"@type":"BreadcrumbList","@id":"https:\/\/www.pressenza.com\/es\/2009\/08\/iii-reunixn-ordinaria-del-consejo-de-jefas-y-jefes-de-estado-y-de-gobierno-de-la-unixn-de-naciones-suramericanas\/#breadcrumb","itemListElement":[{"@type":"ListItem","position":1,"name":"Accueil","item":"https:\/\/www.pressenza.com\/es\/"},{"@type":"ListItem","position":2,"name":"III Reuni\u00f3n Ordinaria del Consejo de Jefas y Jefes de Estado y de Gobierno de la Uni\u00f3n de Naciones Suramericanas"}]},{"@type":"WebSite","@id":"https:\/\/www.pressenza.com\/es\/#website","url":"https:\/\/www.pressenza.com\/es\/","name":"Pressenza","description":"International Press Agency","publisher":{"@id":"https:\/\/www.pressenza.com\/es\/#organization"},"potentialAction":[{"@type":"SearchAction","target":{"@type":"EntryPoint","urlTemplate":"https:\/\/www.pressenza.com\/es\/?s={search_term_string}"},"query-input":{"@type":"PropertyValueSpecification","valueRequired":true,"valueName":"search_term_string"}}],"inLanguage":"es"},{"@type":"Organization","@id":"https:\/\/www.pressenza.com\/es\/#organization","name":"Pressenza","url":"https:\/\/www.pressenza.com\/es\/","logo":{"@type":"ImageObject","inLanguage":"es","@id":"https:\/\/www.pressenza.com\/es\/#\/schema\/logo\/image\/","url":"https:\/\/www.pressenza.com\/wp-content\/uploads\/2022\/10\/pressenza_logo_200x200.jpg","contentUrl":"https:\/\/www.pressenza.com\/wp-content\/uploads\/2022\/10\/pressenza_logo_200x200.jpg","width":200,"height":200,"caption":"Pressenza"},"image":{"@id":"https:\/\/www.pressenza.com\/es\/#\/schema\/logo\/image\/"},"sameAs":["https:\/\/www.facebook.com\/PressenzaItalia","https:\/\/x.com\/PressenzaIPA"]},{"@type":"Person","@id":"https:\/\/www.pressenza.com\/es\/#\/schema\/person\/010e5d02bcf40965427a1289a4cc8d75","name":"Pressenza IPA","description":"News from Pressenza IPA correspondents","sameAs":["https:\/\/www.facebook.com\/pressenza","https:\/\/x.com\/PressenzaIPA"],"url":"https:\/\/www.pressenza.com\/es\/author\/pressenza-ipa\/"}]}},"place":"Quito","original_article_url":"","_links":{"self":[{"href":"https:\/\/www.pressenza.com\/es\/wp-json\/wp\/v2\/posts\/889","targetHints":{"allow":["GET"]}}],"collection":[{"href":"https:\/\/www.pressenza.com\/es\/wp-json\/wp\/v2\/posts"}],"about":[{"href":"https:\/\/www.pressenza.com\/es\/wp-json\/wp\/v2\/types\/post"}],"author":[{"embeddable":true,"href":"https:\/\/www.pressenza.com\/es\/wp-json\/wp\/v2\/users\/19"}],"replies":[{"embeddable":true,"href":"https:\/\/www.pressenza.com\/es\/wp-json\/wp\/v2\/comments?post=889"}],"version-history":[{"count":0,"href":"https:\/\/www.pressenza.com\/es\/wp-json\/wp\/v2\/posts\/889\/revisions"}],"wp:attachment":[{"href":"https:\/\/www.pressenza.com\/es\/wp-json\/wp\/v2\/media?parent=889"}],"wp:term":[{"taxonomy":"category","embeddable":true,"href":"https:\/\/www.pressenza.com\/es\/wp-json\/wp\/v2\/categories?post=889"},{"taxonomy":"post_tag","embeddable":true,"href":"https:\/\/www.pressenza.com\/es\/wp-json\/wp\/v2\/tags?post=889"}],"curies":[{"name":"wp","href":"https:\/\/api.w.org\/{rel}","templated":true}]}}