{"id":888955,"date":"2019-07-17T14:05:34","date_gmt":"2019-07-17T13:05:34","guid":{"rendered":"https:\/\/www.pressenza.com\/?p=888955"},"modified":"2019-07-17T14:05:34","modified_gmt":"2019-07-17T13:05:34","slug":"quien-salvara-a-europa-de-las-ultimas-amenazas-de-guerra-nuclear","status":"publish","type":"post","link":"https:\/\/www.pressenza.com\/es\/2019\/07\/quien-salvara-a-europa-de-las-ultimas-amenazas-de-guerra-nuclear\/","title":{"rendered":"\u00bfQui\u00e9n salvar\u00e1 a Europa de las \u00faltimas amenazas de guerra nuclear?"},"content":{"rendered":"<p><em>Este art\u00edculo de opini\u00f3n escrito por Rafael Poch-de-Feliu<a href=\"#_ftn1\" name=\"_ftnref1\"><strong>[1]<\/strong><\/a> fue publicado en su blog con el t\u00edtulo original \u00ab<a href=\"https:\/\/rafaelpoch.com\/2019\/07\/10\/el-discreto-entierro-del-inf\/\" target=\"_blank\" rel=\"noopener\">El discreto entierro del\u00a0INF<\/a>\u00ab.<br \/>\n<\/em><\/p>\n<p><u>El acuerdo de desarme nuclear m\u00e1s crucial para Europa y los europeos se va al garete en tres semanas entre la ab\u00falica indiferencia de nuestras sociedades<\/u><\/p>\n<p>Entre diciembre de 1987 y julio de 1991, la URSS y Estados Unidos firmaron acuerdos de desarme sin precedentes que cambiaron radicalmente la situaci\u00f3n internacional. En diciembre de 1987 Gorbachov y Reagan firmaron en Washington el acuerdo INF, sobre fuerzas nucleares intermedias, de alcance entre 500 y 5500 kil\u00f3metros. Aquel acuerdo supuso la eliminaci\u00f3n de los euromisiles: 826 de alcance medio y 926 de corto alcance por parte de la URSS, y 689 y 170, respectivamente, por parte de Estados Unidos.<\/p>\n<p>Aunque s\u00f3lo representaba el 5% de los arsenales nucleares conjuntos, el acuerdo libr\u00f3 a los europeos de una pesadilla y era un inicio para algo m\u00e1s. Atr\u00e1s quedaba el impresionante \u201cmovimiento por la paz\u201d, que, particularmente en Alemania, moviliz\u00f3 a la sociedades europeas con un vigor y una energ\u00eda inusitados. Sobre aquella estela de sentido com\u00fan, en julio de 1991 Bush y Gorbachov firmaron en Mosc\u00fa el primer acuerdo START para una reducci\u00f3n del 40% de los respectivos arsenales estrat\u00e9gicos, es decir de largo alcance.<span id=\"more-311\"><\/span><\/p>\n<p>Adem\u00e1s, en noviembre de 1990 se hab\u00eda firmado en Par\u00eds el acuerdo sobre reducci\u00f3n de fuerzas convencionales en Europa (CFE), y la URSS inici\u00f3 enseguida la retirada de tropas de Hungr\u00eda, Checoslovaquia, Rep\u00fablica Democr\u00e1tica Alemana y Mongolia. La importancia de todo esto no precisa ser resaltada: se alter\u00f3 el clima en una Europa dos veces asolada por la guerra mundial en el siglo XX y se desmilitarizaron y normalizaron las relaciones de Mosc\u00fa con Estados Unidos y China.<\/p>\n<p>Todo esto se va ahora al garete a iniciativa de Estados Unidos, de la mano de dementes criminales como John Bolton. El uno de febrero Washington anunci\u00f3 su abandono del acuerdo INF. El pretexto es la acusaci\u00f3n de que Rusia hab\u00eda vulnerado dicho tratado, argumento que nuestra prensa ha divulgado profusamente. La simple realidad es que Estados Unidos viol\u00f3 el INF desde el mismo momento en que, hace ya a\u00f1os, despleg\u00f3 junto a las fronteras rusas el famoso \u201cescudo antimisiles\u201d. Tras reiteradas protestas de Mosc\u00fa, siempre ignoradas, Rusia tom\u00f3 medidas de respuesta que ahora son las mencionadas para justificar el abandono de Estados Unidos.<\/p>\n<p>El procedimiento de denuncia del acuerdo tiene un calendario de seis meses que termina en tres semanas, el uno de agosto. Para los europeos es muy mala noticia, porque volveremos a tener euromisiles nucleares. Los pol\u00edticos europeos reaccionaron a este asunto enseguida.<\/p>\n<p>En julio de 2018 la canciller Angela Merkel hab\u00eda declarado en una reuni\u00f3n de jefes de estado y de gobierno de la OTAN que el INF era un acuerdo \u201cdecisivo para la seguridad euroatl\u00e1ntica\u201d. Siete meses despu\u00e9s, en la Conferencia de Seguridad de Munich, la misma canciller calificaba el abandono del acuerdo como \u201cinevitable\u201d. El denostado Putin propuso, ya en febrero, dedicar los seis meses de plazo de salida del acuerdo para renegociar el asunto conjuntamente con Estados Unidos y China, y el Secretario General de la OTAN, Jens Stoltenberg, anunci\u00f3 que har\u00eda todo lo posible por \u201csalvar el INF\u201d. En realidad nadie hizo nada.<\/p>\n<p>Todo esto es dram\u00e1tico, pero a\u00fan lo es m\u00e1s si se atiende a lo que el comentarista alem\u00e1n Leo Ensel, define como \u201cun desastroso frente popular de la ignorancia, la indolencia y la conveniencia\u201d. La pasividad social ante este peligroso desastre, al que probablemente seguir\u00e1 la denuncia del acuerdo START cuando expire su vigencia en 2021, es inaudita. En los primeros a\u00f1os ochenta toda Alemania estaba revolucionada por los euromisiles. Hasta en Alemania del Este hab\u00eda un \u201cmovimiento por la paz\u201d que protestaba contra el despliegue de los SS-20 sovi\u00e9ticos y no solo contra los Pershing americanos. La Iglesia Evang\u00e9lica se volcaba, en las dos Alemanias, en la campa\u00f1a por el desarme. Los verdes, que entonces eran un partido de izquierdas que acababa de llegar a las instituciones, sin nada que ver con el actual partido belicista actual de burgueses neoliberales, ten\u00edan una posici\u00f3n principal. En Inglaterra estaba en marcha la Campa\u00f1a por el Desarme Nuclear (CDN), el movimiento entonces liderado por el historiador E.P. Thompson que hab\u00eda fundado en los cincuenta el magn\u00edfico Bertrand Russell\u2026<\/p>\n<p>\u00bfD\u00f3nde est\u00e1n los equivalentes de hoy, esos intelectuales, esas iniciativas civiles? Quiz\u00e1 viendo series tontorronas en la televisi\u00f3n a la carta. \u00bfY los j\u00f3venes?, enfrascados en su tel\u00e9fono m\u00f3vil. Ni siquiera la estupenda iniciativa <em>Fridays for Future<\/em> ha sido capaz de relacionar este peligro nuclear concreto con la protesta contra el cambio clim\u00e1tico. En tres semanas se da una tremenda involuci\u00f3n y aqu\u00ed nadie se entera.<\/p>\n<hr \/>\n<p><a href=\"#_ftnref1\" name=\"_ftn1\">[1]<\/a> <strong>Rafael Poch-de-Feliu<\/strong> (Barcelona, 1956) ha sido veinte a\u00f1os corresponsal de\u00a0<em>La Vanguardia<\/em>\u00a0en Mosc\u00fa (1988-2002) y Pek\u00edn (2002-2008). Luego fue corresponsal en Berl\u00edn, de 2008 a 2014. Antes, en los a\u00f1os setenta y ochenta, estudi\u00f3 historia contempor\u00e1nea en Barcelona y Berl\u00edn Oeste, fue corresponsal en Espa\u00f1a de\u00a0<em>Die Tageszeitung<\/em>, redactor de la agencia alemana de prensa DPA en Hamburgo y corresponsal itinerante en Europa del Este (1983 a 1987).<\/p>\n<p>Autor de varios libros; sobre el fin de la URSS (traducido al ruso, chino y portugu\u00e9s), sobre la Rusia de Putin, sobre China, y un peque\u00f1o ensayo colectivo sobre la Alemania\u00a0 de la eurocrisis (traducido al italiano).<\/p>\n<p>En enero de 2018 fue despedido como corresponsal de\u00a0<em>La Vanguardia<\/em>\u00a0en Par\u00eds.<\/p>\n","protected":false},"excerpt":{"rendered":"<p>Este art\u00edculo de opini\u00f3n escrito por Rafael Poch-de-Feliu[1] fue publicado en su blog con el t\u00edtulo original \u00abEl discreto entierro del\u00a0INF\u00ab. El acuerdo de desarme nuclear m\u00e1s crucial para Europa y los europeos se va al garete en tres semanas&hellip;<\/p>\n","protected":false},"author":1013,"featured_media":888942,"comment_status":"closed","ping_status":"closed","sticky":false,"template":"","format":"standard","meta":{"footnotes":""},"categories":[66,161,1243],"tags":[4302,26602,42974],"class_list":["post-888955","post","type-post","status-publish","format-standard","has-post-thumbnail","hentry","category-europa-es","category-opiniones","category-paz-desarme","tag-armas-nucleares","tag-rafael-poch","tag-tratado-inf"],"yoast_head":"<!-- This site is optimized with the Yoast SEO plugin v27.1.1 - https:\/\/yoast.com\/product\/yoast-seo-wordpress\/ -->\n<title>\u00bfQui\u00e9n salvar\u00e1 a Europa de las \u00faltimas amenazas de guerra nuclear?<\/title>\n<meta name=\"description\" content=\"Este art\u00edculo de opini\u00f3n escrito por Rafael Poch-de-Feliu fue publicado en su blog con el t\u00edtulo original &quot;El discreto entierro del\u00a0INF&quot;. El acuerdo de\" \/>\n<meta name=\"robots\" content=\"index, follow, max-snippet:-1, max-image-preview:large, max-video-preview:-1\" \/>\n<link rel=\"canonical\" href=\"https:\/\/www.pressenza.com\/es\/2019\/07\/quien-salvara-a-europa-de-las-ultimas-amenazas-de-guerra-nuclear\/\" \/>\n<meta property=\"og:locale\" content=\"es_ES\" \/>\n<meta property=\"og:type\" content=\"article\" \/>\n<meta property=\"og:title\" content=\"\u00bfQui\u00e9n salvar\u00e1 a Europa de las \u00faltimas amenazas de guerra nuclear?\" \/>\n<meta property=\"og:description\" content=\"Este art\u00edculo de opini\u00f3n escrito por Rafael Poch-de-Feliu fue publicado en su blog con el t\u00edtulo original &quot;El discreto entierro del\u00a0INF&quot;. El acuerdo de\" \/>\n<meta property=\"og:url\" content=\"https:\/\/www.pressenza.com\/es\/2019\/07\/quien-salvara-a-europa-de-las-ultimas-amenazas-de-guerra-nuclear\/\" \/>\n<meta property=\"og:site_name\" content=\"Pressenza\" \/>\n<meta property=\"article:publisher\" content=\"https:\/\/www.facebook.com\/PressenzaItalia\" \/>\n<meta property=\"article:author\" content=\"https:\/\/www.facebook.com\/PressenzaEnglish\/\" \/>\n<meta property=\"article:published_time\" content=\"2019-07-17T13:05:34+00:00\" \/>\n<meta property=\"og:image\" content=\"https:\/\/www.pressenza.com\/wp-content\/uploads\/2019\/07\/Reagan-and-Gorbachev-signing-the-INF-treaty.jpg\" \/>\n\t<meta property=\"og:image:width\" content=\"800\" \/>\n\t<meta property=\"og:image:height\" content=\"493\" \/>\n\t<meta property=\"og:image:type\" content=\"image\/jpeg\" \/>\n<meta name=\"author\" content=\"Pressenza London\" \/>\n<meta name=\"twitter:card\" content=\"summary_large_image\" \/>\n<meta name=\"twitter:creator\" content=\"@PressenzaIPA\" \/>\n<meta name=\"twitter:site\" content=\"@PressenzaIPA\" \/>\n<meta name=\"twitter:label1\" content=\"Escrito por\" \/>\n\t<meta name=\"twitter:data1\" content=\"Pressenza London\" \/>\n\t<meta name=\"twitter:label2\" content=\"Tiempo de lectura\" \/>\n\t<meta name=\"twitter:data2\" content=\"5 minutos\" \/>\n<script type=\"application\/ld+json\" class=\"yoast-schema-graph\">{\"@context\":\"https:\/\/schema.org\",\"@graph\":[{\"@type\":\"Article\",\"@id\":\"https:\/\/www.pressenza.com\/es\/2019\/07\/quien-salvara-a-europa-de-las-ultimas-amenazas-de-guerra-nuclear\/#article\",\"isPartOf\":{\"@id\":\"https:\/\/www.pressenza.com\/es\/2019\/07\/quien-salvara-a-europa-de-las-ultimas-amenazas-de-guerra-nuclear\/\"},\"author\":{\"name\":\"Pressenza London\",\"@id\":\"https:\/\/www.pressenza.com\/es\/#\/schema\/person\/17c976cc856ec7e8e3f8cdd1a45eb1b0\"},\"headline\":\"\u00bfQui\u00e9n salvar\u00e1 a Europa de las \u00faltimas amenazas de guerra nuclear?\",\"datePublished\":\"2019-07-17T13:05:34+00:00\",\"mainEntityOfPage\":{\"@id\":\"https:\/\/www.pressenza.com\/es\/2019\/07\/quien-salvara-a-europa-de-las-ultimas-amenazas-de-guerra-nuclear\/\"},\"wordCount\":959,\"publisher\":{\"@id\":\"https:\/\/www.pressenza.com\/es\/#organization\"},\"image\":{\"@id\":\"https:\/\/www.pressenza.com\/es\/2019\/07\/quien-salvara-a-europa-de-las-ultimas-amenazas-de-guerra-nuclear\/#primaryimage\"},\"thumbnailUrl\":\"https:\/\/www.pressenza.com\/wp-content\/uploads\/2019\/07\/Reagan-and-Gorbachev-signing-the-INF-treaty.jpg\",\"keywords\":[\"Armas nucleares\",\"Rafael Poch\",\"Tratado INF\"],\"articleSection\":[\"Europa\",\"Opiniones\",\"Paz y Desarme\"],\"inLanguage\":\"es\"},{\"@type\":\"WebPage\",\"@id\":\"https:\/\/www.pressenza.com\/es\/2019\/07\/quien-salvara-a-europa-de-las-ultimas-amenazas-de-guerra-nuclear\/\",\"url\":\"https:\/\/www.pressenza.com\/es\/2019\/07\/quien-salvara-a-europa-de-las-ultimas-amenazas-de-guerra-nuclear\/\",\"name\":\"\u00bfQui\u00e9n salvar\u00e1 a Europa de las \u00faltimas amenazas de guerra nuclear?\",\"isPartOf\":{\"@id\":\"https:\/\/www.pressenza.com\/es\/#website\"},\"primaryImageOfPage\":{\"@id\":\"https:\/\/www.pressenza.com\/es\/2019\/07\/quien-salvara-a-europa-de-las-ultimas-amenazas-de-guerra-nuclear\/#primaryimage\"},\"image\":{\"@id\":\"https:\/\/www.pressenza.com\/es\/2019\/07\/quien-salvara-a-europa-de-las-ultimas-amenazas-de-guerra-nuclear\/#primaryimage\"},\"thumbnailUrl\":\"https:\/\/www.pressenza.com\/wp-content\/uploads\/2019\/07\/Reagan-and-Gorbachev-signing-the-INF-treaty.jpg\",\"datePublished\":\"2019-07-17T13:05:34+00:00\",\"description\":\"Este art\u00edculo de opini\u00f3n escrito por Rafael Poch-de-Feliu fue publicado en su blog con el t\u00edtulo original \\\"El discreto entierro del\u00a0INF\\\". El acuerdo de\",\"breadcrumb\":{\"@id\":\"https:\/\/www.pressenza.com\/es\/2019\/07\/quien-salvara-a-europa-de-las-ultimas-amenazas-de-guerra-nuclear\/#breadcrumb\"},\"inLanguage\":\"es\",\"potentialAction\":[{\"@type\":\"ReadAction\",\"target\":[\"https:\/\/www.pressenza.com\/es\/2019\/07\/quien-salvara-a-europa-de-las-ultimas-amenazas-de-guerra-nuclear\/\"]}]},{\"@type\":\"ImageObject\",\"inLanguage\":\"es\",\"@id\":\"https:\/\/www.pressenza.com\/es\/2019\/07\/quien-salvara-a-europa-de-las-ultimas-amenazas-de-guerra-nuclear\/#primaryimage\",\"url\":\"https:\/\/www.pressenza.com\/wp-content\/uploads\/2019\/07\/Reagan-and-Gorbachev-signing-the-INF-treaty.jpg\",\"contentUrl\":\"https:\/\/www.pressenza.com\/wp-content\/uploads\/2019\/07\/Reagan-and-Gorbachev-signing-the-INF-treaty.jpg\",\"width\":800,\"height\":493,\"caption\":\"President Reagan and General Secretary Gorbachev signing the INF Treaty in the East Room of the White House.\"},{\"@type\":\"BreadcrumbList\",\"@id\":\"https:\/\/www.pressenza.com\/es\/2019\/07\/quien-salvara-a-europa-de-las-ultimas-amenazas-de-guerra-nuclear\/#breadcrumb\",\"itemListElement\":[{\"@type\":\"ListItem\",\"position\":1,\"name\":\"Accueil\",\"item\":\"https:\/\/www.pressenza.com\/es\/\"},{\"@type\":\"ListItem\",\"position\":2,\"name\":\"\u00bfQui\u00e9n salvar\u00e1 a Europa de las \u00faltimas amenazas de guerra nuclear?\"}]},{\"@type\":\"WebSite\",\"@id\":\"https:\/\/www.pressenza.com\/es\/#website\",\"url\":\"https:\/\/www.pressenza.com\/es\/\",\"name\":\"Pressenza\",\"description\":\"International Press Agency\",\"publisher\":{\"@id\":\"https:\/\/www.pressenza.com\/es\/#organization\"},\"potentialAction\":[{\"@type\":\"SearchAction\",\"target\":{\"@type\":\"EntryPoint\",\"urlTemplate\":\"https:\/\/www.pressenza.com\/es\/?s={search_term_string}\"},\"query-input\":{\"@type\":\"PropertyValueSpecification\",\"valueRequired\":true,\"valueName\":\"search_term_string\"}}],\"inLanguage\":\"es\"},{\"@type\":\"Organization\",\"@id\":\"https:\/\/www.pressenza.com\/es\/#organization\",\"name\":\"Pressenza\",\"url\":\"https:\/\/www.pressenza.com\/es\/\",\"logo\":{\"@type\":\"ImageObject\",\"inLanguage\":\"es\",\"@id\":\"https:\/\/www.pressenza.com\/es\/#\/schema\/logo\/image\/\",\"url\":\"https:\/\/www.pressenza.com\/wp-content\/uploads\/2022\/10\/pressenza_logo_200x200.jpg\",\"contentUrl\":\"https:\/\/www.pressenza.com\/wp-content\/uploads\/2022\/10\/pressenza_logo_200x200.jpg\",\"width\":200,\"height\":200,\"caption\":\"Pressenza\"},\"image\":{\"@id\":\"https:\/\/www.pressenza.com\/es\/#\/schema\/logo\/image\/\"},\"sameAs\":[\"https:\/\/www.facebook.com\/PressenzaItalia\",\"https:\/\/x.com\/PressenzaIPA\"]},{\"@type\":\"Person\",\"@id\":\"https:\/\/www.pressenza.com\/es\/#\/schema\/person\/17c976cc856ec7e8e3f8cdd1a45eb1b0\",\"name\":\"Pressenza London\",\"description\":\"News published by the Pressenza Bureau in London, United Kingdom\",\"sameAs\":[\"https:\/\/www.facebook.com\/PressenzaEnglish\/\",\"https:\/\/x.com\/PressenzaIPA\"],\"url\":\"https:\/\/www.pressenza.com\/es\/author\/pressenza-london\/\"}]}<\/script>\n<!-- \/ Yoast SEO plugin. -->","yoast_head_json":{"title":"\u00bfQui\u00e9n salvar\u00e1 a Europa de las \u00faltimas amenazas de guerra nuclear?","description":"Este art\u00edculo de opini\u00f3n escrito por Rafael Poch-de-Feliu fue publicado en su blog con el t\u00edtulo original \"El discreto entierro del\u00a0INF\". El acuerdo de","robots":{"index":"index","follow":"follow","max-snippet":"max-snippet:-1","max-image-preview":"max-image-preview:large","max-video-preview":"max-video-preview:-1"},"canonical":"https:\/\/www.pressenza.com\/es\/2019\/07\/quien-salvara-a-europa-de-las-ultimas-amenazas-de-guerra-nuclear\/","og_locale":"es_ES","og_type":"article","og_title":"\u00bfQui\u00e9n salvar\u00e1 a Europa de las \u00faltimas amenazas de guerra nuclear?","og_description":"Este art\u00edculo de opini\u00f3n escrito por Rafael Poch-de-Feliu fue publicado en su blog con el t\u00edtulo original \"El discreto entierro del\u00a0INF\". El acuerdo de","og_url":"https:\/\/www.pressenza.com\/es\/2019\/07\/quien-salvara-a-europa-de-las-ultimas-amenazas-de-guerra-nuclear\/","og_site_name":"Pressenza","article_publisher":"https:\/\/www.facebook.com\/PressenzaItalia","article_author":"https:\/\/www.facebook.com\/PressenzaEnglish\/","article_published_time":"2019-07-17T13:05:34+00:00","og_image":[{"width":800,"height":493,"url":"https:\/\/www.pressenza.com\/wp-content\/uploads\/2019\/07\/Reagan-and-Gorbachev-signing-the-INF-treaty.jpg","type":"image\/jpeg"}],"author":"Pressenza London","twitter_card":"summary_large_image","twitter_creator":"@PressenzaIPA","twitter_site":"@PressenzaIPA","twitter_misc":{"Escrito por":"Pressenza London","Tiempo de lectura":"5 minutos"},"schema":{"@context":"https:\/\/schema.org","@graph":[{"@type":"Article","@id":"https:\/\/www.pressenza.com\/es\/2019\/07\/quien-salvara-a-europa-de-las-ultimas-amenazas-de-guerra-nuclear\/#article","isPartOf":{"@id":"https:\/\/www.pressenza.com\/es\/2019\/07\/quien-salvara-a-europa-de-las-ultimas-amenazas-de-guerra-nuclear\/"},"author":{"name":"Pressenza London","@id":"https:\/\/www.pressenza.com\/es\/#\/schema\/person\/17c976cc856ec7e8e3f8cdd1a45eb1b0"},"headline":"\u00bfQui\u00e9n salvar\u00e1 a Europa de las \u00faltimas amenazas de guerra nuclear?","datePublished":"2019-07-17T13:05:34+00:00","mainEntityOfPage":{"@id":"https:\/\/www.pressenza.com\/es\/2019\/07\/quien-salvara-a-europa-de-las-ultimas-amenazas-de-guerra-nuclear\/"},"wordCount":959,"publisher":{"@id":"https:\/\/www.pressenza.com\/es\/#organization"},"image":{"@id":"https:\/\/www.pressenza.com\/es\/2019\/07\/quien-salvara-a-europa-de-las-ultimas-amenazas-de-guerra-nuclear\/#primaryimage"},"thumbnailUrl":"https:\/\/www.pressenza.com\/wp-content\/uploads\/2019\/07\/Reagan-and-Gorbachev-signing-the-INF-treaty.jpg","keywords":["Armas nucleares","Rafael Poch","Tratado INF"],"articleSection":["Europa","Opiniones","Paz y Desarme"],"inLanguage":"es"},{"@type":"WebPage","@id":"https:\/\/www.pressenza.com\/es\/2019\/07\/quien-salvara-a-europa-de-las-ultimas-amenazas-de-guerra-nuclear\/","url":"https:\/\/www.pressenza.com\/es\/2019\/07\/quien-salvara-a-europa-de-las-ultimas-amenazas-de-guerra-nuclear\/","name":"\u00bfQui\u00e9n salvar\u00e1 a Europa de las \u00faltimas amenazas de guerra nuclear?","isPartOf":{"@id":"https:\/\/www.pressenza.com\/es\/#website"},"primaryImageOfPage":{"@id":"https:\/\/www.pressenza.com\/es\/2019\/07\/quien-salvara-a-europa-de-las-ultimas-amenazas-de-guerra-nuclear\/#primaryimage"},"image":{"@id":"https:\/\/www.pressenza.com\/es\/2019\/07\/quien-salvara-a-europa-de-las-ultimas-amenazas-de-guerra-nuclear\/#primaryimage"},"thumbnailUrl":"https:\/\/www.pressenza.com\/wp-content\/uploads\/2019\/07\/Reagan-and-Gorbachev-signing-the-INF-treaty.jpg","datePublished":"2019-07-17T13:05:34+00:00","description":"Este art\u00edculo de opini\u00f3n escrito por Rafael Poch-de-Feliu fue publicado en su blog con el t\u00edtulo original \"El discreto entierro del\u00a0INF\". El acuerdo de","breadcrumb":{"@id":"https:\/\/www.pressenza.com\/es\/2019\/07\/quien-salvara-a-europa-de-las-ultimas-amenazas-de-guerra-nuclear\/#breadcrumb"},"inLanguage":"es","potentialAction":[{"@type":"ReadAction","target":["https:\/\/www.pressenza.com\/es\/2019\/07\/quien-salvara-a-europa-de-las-ultimas-amenazas-de-guerra-nuclear\/"]}]},{"@type":"ImageObject","inLanguage":"es","@id":"https:\/\/www.pressenza.com\/es\/2019\/07\/quien-salvara-a-europa-de-las-ultimas-amenazas-de-guerra-nuclear\/#primaryimage","url":"https:\/\/www.pressenza.com\/wp-content\/uploads\/2019\/07\/Reagan-and-Gorbachev-signing-the-INF-treaty.jpg","contentUrl":"https:\/\/www.pressenza.com\/wp-content\/uploads\/2019\/07\/Reagan-and-Gorbachev-signing-the-INF-treaty.jpg","width":800,"height":493,"caption":"President Reagan and General Secretary Gorbachev signing the INF Treaty in the East Room of the White House."},{"@type":"BreadcrumbList","@id":"https:\/\/www.pressenza.com\/es\/2019\/07\/quien-salvara-a-europa-de-las-ultimas-amenazas-de-guerra-nuclear\/#breadcrumb","itemListElement":[{"@type":"ListItem","position":1,"name":"Accueil","item":"https:\/\/www.pressenza.com\/es\/"},{"@type":"ListItem","position":2,"name":"\u00bfQui\u00e9n salvar\u00e1 a Europa de las \u00faltimas amenazas de guerra nuclear?"}]},{"@type":"WebSite","@id":"https:\/\/www.pressenza.com\/es\/#website","url":"https:\/\/www.pressenza.com\/es\/","name":"Pressenza","description":"International Press Agency","publisher":{"@id":"https:\/\/www.pressenza.com\/es\/#organization"},"potentialAction":[{"@type":"SearchAction","target":{"@type":"EntryPoint","urlTemplate":"https:\/\/www.pressenza.com\/es\/?s={search_term_string}"},"query-input":{"@type":"PropertyValueSpecification","valueRequired":true,"valueName":"search_term_string"}}],"inLanguage":"es"},{"@type":"Organization","@id":"https:\/\/www.pressenza.com\/es\/#organization","name":"Pressenza","url":"https:\/\/www.pressenza.com\/es\/","logo":{"@type":"ImageObject","inLanguage":"es","@id":"https:\/\/www.pressenza.com\/es\/#\/schema\/logo\/image\/","url":"https:\/\/www.pressenza.com\/wp-content\/uploads\/2022\/10\/pressenza_logo_200x200.jpg","contentUrl":"https:\/\/www.pressenza.com\/wp-content\/uploads\/2022\/10\/pressenza_logo_200x200.jpg","width":200,"height":200,"caption":"Pressenza"},"image":{"@id":"https:\/\/www.pressenza.com\/es\/#\/schema\/logo\/image\/"},"sameAs":["https:\/\/www.facebook.com\/PressenzaItalia","https:\/\/x.com\/PressenzaIPA"]},{"@type":"Person","@id":"https:\/\/www.pressenza.com\/es\/#\/schema\/person\/17c976cc856ec7e8e3f8cdd1a45eb1b0","name":"Pressenza London","description":"News published by the Pressenza Bureau in London, United Kingdom","sameAs":["https:\/\/www.facebook.com\/PressenzaEnglish\/","https:\/\/x.com\/PressenzaIPA"],"url":"https:\/\/www.pressenza.com\/es\/author\/pressenza-london\/"}]}},"place":"Barcelona, Espa\u00f1a","original_article_url":"","_links":{"self":[{"href":"https:\/\/www.pressenza.com\/es\/wp-json\/wp\/v2\/posts\/888955","targetHints":{"allow":["GET"]}}],"collection":[{"href":"https:\/\/www.pressenza.com\/es\/wp-json\/wp\/v2\/posts"}],"about":[{"href":"https:\/\/www.pressenza.com\/es\/wp-json\/wp\/v2\/types\/post"}],"author":[{"embeddable":true,"href":"https:\/\/www.pressenza.com\/es\/wp-json\/wp\/v2\/users\/1013"}],"replies":[{"embeddable":true,"href":"https:\/\/www.pressenza.com\/es\/wp-json\/wp\/v2\/comments?post=888955"}],"version-history":[{"count":0,"href":"https:\/\/www.pressenza.com\/es\/wp-json\/wp\/v2\/posts\/888955\/revisions"}],"wp:featuredmedia":[{"embeddable":true,"href":"https:\/\/www.pressenza.com\/es\/wp-json\/wp\/v2\/media\/888942"}],"wp:attachment":[{"href":"https:\/\/www.pressenza.com\/es\/wp-json\/wp\/v2\/media?parent=888955"}],"wp:term":[{"taxonomy":"category","embeddable":true,"href":"https:\/\/www.pressenza.com\/es\/wp-json\/wp\/v2\/categories?post=888955"},{"taxonomy":"post_tag","embeddable":true,"href":"https:\/\/www.pressenza.com\/es\/wp-json\/wp\/v2\/tags?post=888955"}],"curies":[{"name":"wp","href":"https:\/\/api.w.org\/{rel}","templated":true}]}}