{"id":8889,"date":"2012-04-27T00:00:00","date_gmt":"2012-04-27T00:00:00","guid":{"rendered":""},"modified":"2012-04-30T13:44:57","modified_gmt":"2012-04-30T13:44:57","slug":"infante-de-marina-de-eeuu-es-despedido-por-criticar-a-obama-en-su-facebook","status":"publish","type":"post","link":"https:\/\/www.pressenza.com\/es\/2012\/04\/infante-de-marina-de-eeuu-es-despedido-por-criticar-a-obama-en-su-facebook\/","title":{"rendered":"Infante de Marina de EEUU es despedido por criticar a Obama en su Facebook"},"content":{"rendered":"<p>Anteriormente, el Comit\u00e9 Disciplinario de la Fuerza Armada de EEUU exigi\u00f3 dar de baja a Stein sin conservaci\u00f3n de honores.<\/p>\n<p>El abogado del sargento prometi\u00f3 recurrir la decisi\u00f3n de la Infanter\u00eda de Marina porque va en contra de la Constituci\u00f3n estadounidense, que garantiza la libertad de expresi\u00f3n de los ciudadanos.<\/p>\n","protected":false},"excerpt":{"rendered":"<p>La Infanter\u00eda de Marina de los Estados Unidos tom\u00f3 la decisi\u00f3n de despedir al sargento Gary Stein por criticar al presidente Barack Obama en su muro de Facebook, informaron agencias. Asimismo, el oficial fue despedido por desobedecer las normas establecidas en el Pent\u00e1gono, que limitan las a los militares en sus declaraciones pol\u00edticas.<\/p>\n","protected":false},"author":241,"featured_media":0,"comment_status":"closed","ping_status":"open","sticky":false,"template":"","format":"standard","meta":{"footnotes":""},"categories":[76,39,67],"tags":[],"class_list":["post-8889","post","type-post","status-publish","format-standard","hentry","category-relaciones-exteriores","category-internacional","category-sudamerica"],"yoast_head":"<!-- This site is optimized with the Yoast SEO plugin v27.1.1 - https:\/\/yoast.com\/product\/yoast-seo-wordpress\/ -->\n<title>Infante de Marina de EEUU es despedido por criticar a Obama en su Facebook<\/title>\n<meta name=\"description\" content=\"La Infanter\u00eda de Marina de los Estados Unidos tom\u00f3 la decisi\u00f3n de despedir al sargento Gary Stein por criticar al presidente Barack Obama en su muro de Facebook, informaron agencias. Asimismo, el oficial fue despedido por desobedecer las normas establecidas en el Pent\u00e1gono, que limitan las a los militares en sus declaraciones pol\u00edticas.\" \/>\n<meta name=\"robots\" content=\"index, follow, max-snippet:-1, max-image-preview:large, max-video-preview:-1\" \/>\n<link rel=\"canonical\" href=\"https:\/\/www.pressenza.com\/es\/2012\/04\/infante-de-marina-de-eeuu-es-despedido-por-criticar-a-obama-en-su-facebook\/\" \/>\n<meta property=\"og:locale\" content=\"es_ES\" \/>\n<meta property=\"og:type\" content=\"article\" \/>\n<meta property=\"og:title\" content=\"Infante de Marina de EEUU es despedido por criticar a Obama en su Facebook\" \/>\n<meta property=\"og:description\" content=\"La Infanter\u00eda de Marina de los Estados Unidos tom\u00f3 la decisi\u00f3n de despedir al sargento Gary Stein por criticar al presidente Barack Obama en su muro de Facebook, informaron agencias. Asimismo, el oficial fue despedido por desobedecer las normas establecidas en el Pent\u00e1gono, que limitan las a los militares en sus declaraciones pol\u00edticas.\" \/>\n<meta property=\"og:url\" content=\"https:\/\/www.pressenza.com\/es\/2012\/04\/infante-de-marina-de-eeuu-es-despedido-por-criticar-a-obama-en-su-facebook\/\" \/>\n<meta property=\"og:site_name\" content=\"Pressenza\" \/>\n<meta property=\"article:publisher\" content=\"https:\/\/www.facebook.com\/PressenzaItalia\" \/>\n<meta property=\"article:published_time\" content=\"2012-04-27T00:00:00+00:00\" \/>\n<meta property=\"article:modified_time\" content=\"2012-04-30T13:44:57+00:00\" \/>\n<meta name=\"author\" content=\"Mar\u00eda Eugenia Vidal\" \/>\n<meta name=\"twitter:card\" content=\"summary_large_image\" \/>\n<meta name=\"twitter:creator\" content=\"@PressenzaIPA\" \/>\n<meta name=\"twitter:site\" content=\"@PressenzaIPA\" \/>\n<meta name=\"twitter:label1\" content=\"Escrito por\" \/>\n\t<meta name=\"twitter:data1\" content=\"Mar\u00eda Eugenia Vidal\" \/>\n<script type=\"application\/ld+json\" class=\"yoast-schema-graph\">{\"@context\":\"https:\/\/schema.org\",\"@graph\":[{\"@type\":\"Article\",\"@id\":\"https:\/\/www.pressenza.com\/es\/2012\/04\/infante-de-marina-de-eeuu-es-despedido-por-criticar-a-obama-en-su-facebook\/#article\",\"isPartOf\":{\"@id\":\"https:\/\/www.pressenza.com\/es\/2012\/04\/infante-de-marina-de-eeuu-es-despedido-por-criticar-a-obama-en-su-facebook\/\"},\"author\":{\"name\":\"Mar\u00eda Eugenia Vidal\",\"@id\":\"https:\/\/www.pressenza.com\/es\/#\/schema\/person\/581ca6911033cf7692a431688b37e6dd\"},\"headline\":\"Infante de Marina de EEUU es despedido por criticar a Obama en su Facebook\",\"datePublished\":\"2012-04-27T00:00:00+00:00\",\"dateModified\":\"2012-04-30T13:44:57+00:00\",\"mainEntityOfPage\":{\"@id\":\"https:\/\/www.pressenza.com\/es\/2012\/04\/infante-de-marina-de-eeuu-es-despedido-por-criticar-a-obama-en-su-facebook\/\"},\"wordCount\":69,\"publisher\":{\"@id\":\"https:\/\/www.pressenza.com\/es\/#organization\"},\"articleSection\":[\"Asuntos internacionales\",\"Internacional\",\"Sudam\u00e9rica\"],\"inLanguage\":\"es\"},{\"@type\":\"WebPage\",\"@id\":\"https:\/\/www.pressenza.com\/es\/2012\/04\/infante-de-marina-de-eeuu-es-despedido-por-criticar-a-obama-en-su-facebook\/\",\"url\":\"https:\/\/www.pressenza.com\/es\/2012\/04\/infante-de-marina-de-eeuu-es-despedido-por-criticar-a-obama-en-su-facebook\/\",\"name\":\"Infante de Marina de EEUU es despedido por criticar a Obama en su Facebook\",\"isPartOf\":{\"@id\":\"https:\/\/www.pressenza.com\/es\/#website\"},\"datePublished\":\"2012-04-27T00:00:00+00:00\",\"dateModified\":\"2012-04-30T13:44:57+00:00\",\"description\":\"La Infanter\u00eda de Marina de los Estados Unidos tom\u00f3 la decisi\u00f3n de despedir al sargento Gary Stein por criticar al presidente Barack Obama en su muro de Facebook, informaron agencias. Asimismo, el oficial fue despedido por desobedecer las normas establecidas en el Pent\u00e1gono, que limitan las a los militares en sus declaraciones pol\u00edticas.\",\"breadcrumb\":{\"@id\":\"https:\/\/www.pressenza.com\/es\/2012\/04\/infante-de-marina-de-eeuu-es-despedido-por-criticar-a-obama-en-su-facebook\/#breadcrumb\"},\"inLanguage\":\"es\",\"potentialAction\":[{\"@type\":\"ReadAction\",\"target\":[\"https:\/\/www.pressenza.com\/es\/2012\/04\/infante-de-marina-de-eeuu-es-despedido-por-criticar-a-obama-en-su-facebook\/\"]}]},{\"@type\":\"BreadcrumbList\",\"@id\":\"https:\/\/www.pressenza.com\/es\/2012\/04\/infante-de-marina-de-eeuu-es-despedido-por-criticar-a-obama-en-su-facebook\/#breadcrumb\",\"itemListElement\":[{\"@type\":\"ListItem\",\"position\":1,\"name\":\"Accueil\",\"item\":\"https:\/\/www.pressenza.com\/es\/\"},{\"@type\":\"ListItem\",\"position\":2,\"name\":\"Infante de Marina de EEUU es despedido por criticar a Obama en su Facebook\"}]},{\"@type\":\"WebSite\",\"@id\":\"https:\/\/www.pressenza.com\/es\/#website\",\"url\":\"https:\/\/www.pressenza.com\/es\/\",\"name\":\"Pressenza\",\"description\":\"International Press Agency\",\"publisher\":{\"@id\":\"https:\/\/www.pressenza.com\/es\/#organization\"},\"potentialAction\":[{\"@type\":\"SearchAction\",\"target\":{\"@type\":\"EntryPoint\",\"urlTemplate\":\"https:\/\/www.pressenza.com\/es\/?s={search_term_string}\"},\"query-input\":{\"@type\":\"PropertyValueSpecification\",\"valueRequired\":true,\"valueName\":\"search_term_string\"}}],\"inLanguage\":\"es\"},{\"@type\":\"Organization\",\"@id\":\"https:\/\/www.pressenza.com\/es\/#organization\",\"name\":\"Pressenza\",\"url\":\"https:\/\/www.pressenza.com\/es\/\",\"logo\":{\"@type\":\"ImageObject\",\"inLanguage\":\"es\",\"@id\":\"https:\/\/www.pressenza.com\/es\/#\/schema\/logo\/image\/\",\"url\":\"https:\/\/www.pressenza.com\/wp-content\/uploads\/2022\/10\/pressenza_logo_200x200.jpg\",\"contentUrl\":\"https:\/\/www.pressenza.com\/wp-content\/uploads\/2022\/10\/pressenza_logo_200x200.jpg\",\"width\":200,\"height\":200,\"caption\":\"Pressenza\"},\"image\":{\"@id\":\"https:\/\/www.pressenza.com\/es\/#\/schema\/logo\/image\/\"},\"sameAs\":[\"https:\/\/www.facebook.com\/PressenzaItalia\",\"https:\/\/x.com\/PressenzaIPA\"]},{\"@type\":\"Person\",\"@id\":\"https:\/\/www.pressenza.com\/es\/#\/schema\/person\/581ca6911033cf7692a431688b37e6dd\",\"name\":\"Mar\u00eda Eugenia Vidal\",\"url\":\"https:\/\/www.pressenza.com\/es\/author\/maria-eugenia-vidal\/\"}]}<\/script>\n<!-- \/ Yoast SEO plugin. -->","yoast_head_json":{"title":"Infante de Marina de EEUU es despedido por criticar a Obama en su Facebook","description":"La Infanter\u00eda de Marina de los Estados Unidos tom\u00f3 la decisi\u00f3n de despedir al sargento Gary Stein por criticar al presidente Barack Obama en su muro de Facebook, informaron agencias. Asimismo, el oficial fue despedido por desobedecer las normas establecidas en el Pent\u00e1gono, que limitan las a los militares en sus declaraciones pol\u00edticas.","robots":{"index":"index","follow":"follow","max-snippet":"max-snippet:-1","max-image-preview":"max-image-preview:large","max-video-preview":"max-video-preview:-1"},"canonical":"https:\/\/www.pressenza.com\/es\/2012\/04\/infante-de-marina-de-eeuu-es-despedido-por-criticar-a-obama-en-su-facebook\/","og_locale":"es_ES","og_type":"article","og_title":"Infante de Marina de EEUU es despedido por criticar a Obama en su Facebook","og_description":"La Infanter\u00eda de Marina de los Estados Unidos tom\u00f3 la decisi\u00f3n de despedir al sargento Gary Stein por criticar al presidente Barack Obama en su muro de Facebook, informaron agencias. Asimismo, el oficial fue despedido por desobedecer las normas establecidas en el Pent\u00e1gono, que limitan las a los militares en sus declaraciones pol\u00edticas.","og_url":"https:\/\/www.pressenza.com\/es\/2012\/04\/infante-de-marina-de-eeuu-es-despedido-por-criticar-a-obama-en-su-facebook\/","og_site_name":"Pressenza","article_publisher":"https:\/\/www.facebook.com\/PressenzaItalia","article_published_time":"2012-04-27T00:00:00+00:00","article_modified_time":"2012-04-30T13:44:57+00:00","author":"Mar\u00eda Eugenia Vidal","twitter_card":"summary_large_image","twitter_creator":"@PressenzaIPA","twitter_site":"@PressenzaIPA","twitter_misc":{"Escrito por":"Mar\u00eda Eugenia Vidal"},"schema":{"@context":"https:\/\/schema.org","@graph":[{"@type":"Article","@id":"https:\/\/www.pressenza.com\/es\/2012\/04\/infante-de-marina-de-eeuu-es-despedido-por-criticar-a-obama-en-su-facebook\/#article","isPartOf":{"@id":"https:\/\/www.pressenza.com\/es\/2012\/04\/infante-de-marina-de-eeuu-es-despedido-por-criticar-a-obama-en-su-facebook\/"},"author":{"name":"Mar\u00eda Eugenia Vidal","@id":"https:\/\/www.pressenza.com\/es\/#\/schema\/person\/581ca6911033cf7692a431688b37e6dd"},"headline":"Infante de Marina de EEUU es despedido por criticar a Obama en su Facebook","datePublished":"2012-04-27T00:00:00+00:00","dateModified":"2012-04-30T13:44:57+00:00","mainEntityOfPage":{"@id":"https:\/\/www.pressenza.com\/es\/2012\/04\/infante-de-marina-de-eeuu-es-despedido-por-criticar-a-obama-en-su-facebook\/"},"wordCount":69,"publisher":{"@id":"https:\/\/www.pressenza.com\/es\/#organization"},"articleSection":["Asuntos internacionales","Internacional","Sudam\u00e9rica"],"inLanguage":"es"},{"@type":"WebPage","@id":"https:\/\/www.pressenza.com\/es\/2012\/04\/infante-de-marina-de-eeuu-es-despedido-por-criticar-a-obama-en-su-facebook\/","url":"https:\/\/www.pressenza.com\/es\/2012\/04\/infante-de-marina-de-eeuu-es-despedido-por-criticar-a-obama-en-su-facebook\/","name":"Infante de Marina de EEUU es despedido por criticar a Obama en su Facebook","isPartOf":{"@id":"https:\/\/www.pressenza.com\/es\/#website"},"datePublished":"2012-04-27T00:00:00+00:00","dateModified":"2012-04-30T13:44:57+00:00","description":"La Infanter\u00eda de Marina de los Estados Unidos tom\u00f3 la decisi\u00f3n de despedir al sargento Gary Stein por criticar al presidente Barack Obama en su muro de Facebook, informaron agencias. Asimismo, el oficial fue despedido por desobedecer las normas establecidas en el Pent\u00e1gono, que limitan las a los militares en sus declaraciones pol\u00edticas.","breadcrumb":{"@id":"https:\/\/www.pressenza.com\/es\/2012\/04\/infante-de-marina-de-eeuu-es-despedido-por-criticar-a-obama-en-su-facebook\/#breadcrumb"},"inLanguage":"es","potentialAction":[{"@type":"ReadAction","target":["https:\/\/www.pressenza.com\/es\/2012\/04\/infante-de-marina-de-eeuu-es-despedido-por-criticar-a-obama-en-su-facebook\/"]}]},{"@type":"BreadcrumbList","@id":"https:\/\/www.pressenza.com\/es\/2012\/04\/infante-de-marina-de-eeuu-es-despedido-por-criticar-a-obama-en-su-facebook\/#breadcrumb","itemListElement":[{"@type":"ListItem","position":1,"name":"Accueil","item":"https:\/\/www.pressenza.com\/es\/"},{"@type":"ListItem","position":2,"name":"Infante de Marina de EEUU es despedido por criticar a Obama en su Facebook"}]},{"@type":"WebSite","@id":"https:\/\/www.pressenza.com\/es\/#website","url":"https:\/\/www.pressenza.com\/es\/","name":"Pressenza","description":"International Press Agency","publisher":{"@id":"https:\/\/www.pressenza.com\/es\/#organization"},"potentialAction":[{"@type":"SearchAction","target":{"@type":"EntryPoint","urlTemplate":"https:\/\/www.pressenza.com\/es\/?s={search_term_string}"},"query-input":{"@type":"PropertyValueSpecification","valueRequired":true,"valueName":"search_term_string"}}],"inLanguage":"es"},{"@type":"Organization","@id":"https:\/\/www.pressenza.com\/es\/#organization","name":"Pressenza","url":"https:\/\/www.pressenza.com\/es\/","logo":{"@type":"ImageObject","inLanguage":"es","@id":"https:\/\/www.pressenza.com\/es\/#\/schema\/logo\/image\/","url":"https:\/\/www.pressenza.com\/wp-content\/uploads\/2022\/10\/pressenza_logo_200x200.jpg","contentUrl":"https:\/\/www.pressenza.com\/wp-content\/uploads\/2022\/10\/pressenza_logo_200x200.jpg","width":200,"height":200,"caption":"Pressenza"},"image":{"@id":"https:\/\/www.pressenza.com\/es\/#\/schema\/logo\/image\/"},"sameAs":["https:\/\/www.facebook.com\/PressenzaItalia","https:\/\/x.com\/PressenzaIPA"]},{"@type":"Person","@id":"https:\/\/www.pressenza.com\/es\/#\/schema\/person\/581ca6911033cf7692a431688b37e6dd","name":"Mar\u00eda Eugenia Vidal","url":"https:\/\/www.pressenza.com\/es\/author\/maria-eugenia-vidal\/"}]}},"place":"Buenos Aires","original_article_url":"","_links":{"self":[{"href":"https:\/\/www.pressenza.com\/es\/wp-json\/wp\/v2\/posts\/8889","targetHints":{"allow":["GET"]}}],"collection":[{"href":"https:\/\/www.pressenza.com\/es\/wp-json\/wp\/v2\/posts"}],"about":[{"href":"https:\/\/www.pressenza.com\/es\/wp-json\/wp\/v2\/types\/post"}],"author":[{"embeddable":true,"href":"https:\/\/www.pressenza.com\/es\/wp-json\/wp\/v2\/users\/241"}],"replies":[{"embeddable":true,"href":"https:\/\/www.pressenza.com\/es\/wp-json\/wp\/v2\/comments?post=8889"}],"version-history":[{"count":0,"href":"https:\/\/www.pressenza.com\/es\/wp-json\/wp\/v2\/posts\/8889\/revisions"}],"wp:attachment":[{"href":"https:\/\/www.pressenza.com\/es\/wp-json\/wp\/v2\/media?parent=8889"}],"wp:term":[{"taxonomy":"category","embeddable":true,"href":"https:\/\/www.pressenza.com\/es\/wp-json\/wp\/v2\/categories?post=8889"},{"taxonomy":"post_tag","embeddable":true,"href":"https:\/\/www.pressenza.com\/es\/wp-json\/wp\/v2\/tags?post=8889"}],"curies":[{"name":"wp","href":"https:\/\/api.w.org\/{rel}","templated":true}]}}