{"id":888768,"date":"2019-07-16T20:04:50","date_gmt":"2019-07-16T19:04:50","guid":{"rendered":"https:\/\/www.pressenza.com\/?p=888768"},"modified":"2019-07-16T20:04:50","modified_gmt":"2019-07-16T19:04:50","slug":"caravana-abriendo-fronteras-denuncia-el-trato-inhumano-de-los-cie-y-cate-en-algeciras-y-tarifa","status":"publish","type":"post","link":"https:\/\/www.pressenza.com\/es\/2019\/07\/caravana-abriendo-fronteras-denuncia-el-trato-inhumano-de-los-cie-y-cate-en-algeciras-y-tarifa\/","title":{"rendered":"Caravana Abriendo Fronteras denuncia el trato inhumano de los C\u00cdE y CATE en Algeciras y Tarifa"},"content":{"rendered":"<blockquote><p>La Caravana Abriendo Fronteras se ha movilizado hasta el CATE de San Roque-Algeciras para evidenciar lo innecesario de estas instalaciones.<\/p>\n<p>Algunos de las manifestantes han sido increpados y retenidos por uno de los polic\u00edas de inc\u00f3gnito en la manifestaci\u00f3n en el CATE.<\/p>\n<p>Las participantes en la Caravana han querido visibilizar las vulneraciones de derechos humanos que se producen en los CIE.<\/p>\n<p>La Caravana Abriendo Fronteras ha iniciado hoy su etapa por la zona del Estrecho con sendas manifestaciones a las puertas del CATE Crinavis, en San Roque-Algeciras, y del CIE de Isla de las Palomas, Tarifa.<\/p><\/blockquote>\n<p>En la que es la cuarta jornada de la Caravana Abriendo Fronteras por la frontera sur de Europa, las 300 personas que la integran han viajado hasta Algeciras y Tarifa, en C\u00e1diz.En Algeciras, las integrantes de la Caravana han ido hasta el Centro de Atenci\u00f3n Temporal de Extranjeros (CATE) de Cranavis, donde han manifestado su total rechazo a este tipo de instalaciones.<\/p>\n<p>A la entrada del mismo, Jos\u00e9 Villahoz, portavoz de Algeciras Acoge, ha recordado que este centro se convirti\u00f3 en una extensi\u00f3n de los calabozos de la Polic\u00eda Nacional en agosto de 2018, cuando se vieron incrementadas las llegadas de personas migrantes.<\/p>\n<p>\u201cSolo pueden estar aqu\u00ed 72 horas, despu\u00e9s son enviados a los CIE (Centros de Internamiento para Extranjeros), en autobuses a recursos humanitarios o son puestos en la calle\u201d, ha aseverado Villahoz.<\/p>\n<p>La manifestaci\u00f3n pac\u00edfica de la Caravana ha logrado acceder hasta el interior del recinto porturario en el que est\u00e1 ubicado el CATE. Al llegar hasta la puerta, algunos de las participantes han sido increpados por uno de los polic\u00edas de inc\u00f3gnito que se hab\u00edan introducido en la manifestaci\u00f3n.<\/p>\n<p>Como resultado, uno de las manifestantes ha sido \u201cretenido\u201d en las instalaciones policiales, mientras el resto de la Caravana esperaba, de nuevo de forma pac\u00edfica, a las puertas. Desde la Caravana, lamentamos profundamente y denunciamos este tipo de comportamientos y actitudes policiales.<\/p>\n<p><strong>Los CIE, c\u00e1rceles racistas encubiertas<\/strong><\/p>\n<p>Tras el altercado, la Caravana Abriendo Fronteras se ha movilizado hasta el CIE de Isla de las Palomas, en Tarifa. Este centro no est\u00e1 reconocido legalmente, solo como un anexo del CIE de Algeciras.<\/p>\n<p>Distintas organizaciones y organismos han denunciado las vulneraciones de derechos humanos que se producen tanto en el interior de este como en los otros existentes en el resto de Espa\u00f1a (en Barcelona, Madrid, Valencia, Murcia, Algeciras y Tenerife).<\/p>\n<p>Lamentablemente, hoy hemos sabido que una persona ha muerto en el CIE de Zapadores, en Valencia. Por razones como esta, desde Caravana denunciamos que estos centros son c\u00e1rceles racistas encubiertas que privan de libertad, durante un m\u00e1ximo de 60 d\u00edas, a personas extranjeras en situaci\u00f3n administrativa irregular para facilitar su expulsi\u00f3n. Y pedimos su total desaparici\u00f3n.<\/p>\n<p>Contrario a esto, en Algeciras est\u00e1 prevista la futura construcci\u00f3n de un nuevo CIE, el de Botafuegos, dentro de un plan ideado por Juan Ignacio Zoido, ex ministro del Interior del Gobierno de Espa\u00f1a, y que Fernando Grande-Marlaska, actual ministro del Interior, mantiene presupuestado.<\/p>\n<p>Ma\u00f1ana la Caravana continuar\u00e1 su recorrido-denuncia por la zona del Estrecho y viajar\u00e1 hasta Ceuta y, m\u00e1s en concreto, hasta la playa de El Tarajal.<\/p>\n","protected":false},"excerpt":{"rendered":"<p>La Caravana Abriendo Fronteras se ha movilizado hasta el CATE de San Roque-Algeciras para evidenciar lo innecesario de estas instalaciones. Algunos de las manifestantes han sido increpados y retenidos por uno de los polic\u00edas de inc\u00f3gnito en la manifestaci\u00f3n en&hellip;<\/p>\n","protected":false},"author":94,"featured_media":888769,"comment_status":"closed","ping_status":"closed","sticky":false,"template":"","format":"standard","meta":{"footnotes":""},"categories":[149,79,39,54574],"tags":[61227,16294,54175,3022],"class_list":["post-888768","post","type-post","status-publish","format-standard","has-post-thumbnail","hentry","category-comunicados-de-prensa","category-derechos-humanos","category-internacional","category-migrantes-es","tag-abriendo-fronteras","tag-fronteras","tag-migrantes-es","tag-refugiados"],"yoast_head":"<!-- This site is optimized with the Yoast SEO plugin v27.1.1 - https:\/\/yoast.com\/product\/yoast-seo-wordpress\/ -->\n<title>Caravana Abriendo Fronteras denuncia el trato inhumano de los C\u00cdE y CATE en Algeciras y Tarifa<\/title>\n<meta name=\"description\" content=\"La Caravana Abriendo Fronteras se ha movilizado hasta el CATE de San Roque-Algeciras para evidenciar lo innecesario de estas instalaciones. Algunos de las\" \/>\n<meta name=\"robots\" content=\"index, follow, max-snippet:-1, max-image-preview:large, max-video-preview:-1\" \/>\n<link rel=\"canonical\" href=\"https:\/\/www.pressenza.com\/es\/2019\/07\/caravana-abriendo-fronteras-denuncia-el-trato-inhumano-de-los-cie-y-cate-en-algeciras-y-tarifa\/\" \/>\n<meta property=\"og:locale\" content=\"es_ES\" \/>\n<meta property=\"og:type\" content=\"article\" \/>\n<meta property=\"og:title\" content=\"Caravana Abriendo Fronteras denuncia el trato inhumano de los C\u00cdE y CATE en Algeciras y Tarifa\" \/>\n<meta property=\"og:description\" content=\"La Caravana Abriendo Fronteras se ha movilizado hasta el CATE de San Roque-Algeciras para evidenciar lo innecesario de estas instalaciones. Algunos de las\" \/>\n<meta property=\"og:url\" content=\"https:\/\/www.pressenza.com\/es\/2019\/07\/caravana-abriendo-fronteras-denuncia-el-trato-inhumano-de-los-cie-y-cate-en-algeciras-y-tarifa\/\" \/>\n<meta property=\"og:site_name\" content=\"Pressenza\" \/>\n<meta property=\"article:publisher\" content=\"https:\/\/www.facebook.com\/PressenzaItalia\" \/>\n<meta property=\"article:author\" content=\"https:\/\/www.facebook.com\/pressenza\" \/>\n<meta property=\"article:published_time\" content=\"2019-07-16T19:04:50+00:00\" \/>\n<meta property=\"og:image\" content=\"https:\/\/www.pressenza.com\/wp-content\/uploads\/2019\/07\/Caravana-Abriendo-Fronteras-2019-Algeciras.jpg\" \/>\n\t<meta property=\"og:image:width\" content=\"1200\" \/>\n\t<meta property=\"og:image:height\" content=\"900\" \/>\n\t<meta property=\"og:image:type\" content=\"image\/jpeg\" \/>\n<meta name=\"author\" content=\"Redacci\u00f3n Madrid\" \/>\n<meta name=\"twitter:card\" content=\"summary_large_image\" \/>\n<meta name=\"twitter:creator\" content=\"@pressenza\" \/>\n<meta name=\"twitter:site\" content=\"@PressenzaIPA\" \/>\n<meta name=\"twitter:label1\" content=\"Escrito por\" \/>\n\t<meta name=\"twitter:data1\" content=\"Redacci\u00f3n Madrid\" \/>\n\t<meta name=\"twitter:label2\" content=\"Tiempo de lectura\" \/>\n\t<meta name=\"twitter:data2\" content=\"3 minutos\" \/>\n<script type=\"application\/ld+json\" class=\"yoast-schema-graph\">{\"@context\":\"https:\/\/schema.org\",\"@graph\":[{\"@type\":\"Article\",\"@id\":\"https:\/\/www.pressenza.com\/es\/2019\/07\/caravana-abriendo-fronteras-denuncia-el-trato-inhumano-de-los-cie-y-cate-en-algeciras-y-tarifa\/#article\",\"isPartOf\":{\"@id\":\"https:\/\/www.pressenza.com\/es\/2019\/07\/caravana-abriendo-fronteras-denuncia-el-trato-inhumano-de-los-cie-y-cate-en-algeciras-y-tarifa\/\"},\"author\":{\"name\":\"Redacci\u00f3n Madrid\",\"@id\":\"https:\/\/www.pressenza.com\/es\/#\/schema\/person\/828fc40eeca2ad7be3630e5a46adba94\"},\"headline\":\"Caravana Abriendo Fronteras denuncia el trato inhumano de los C\u00cdE y CATE en Algeciras y Tarifa\",\"datePublished\":\"2019-07-16T19:04:50+00:00\",\"mainEntityOfPage\":{\"@id\":\"https:\/\/www.pressenza.com\/es\/2019\/07\/caravana-abriendo-fronteras-denuncia-el-trato-inhumano-de-los-cie-y-cate-en-algeciras-y-tarifa\/\"},\"wordCount\":563,\"publisher\":{\"@id\":\"https:\/\/www.pressenza.com\/es\/#organization\"},\"image\":{\"@id\":\"https:\/\/www.pressenza.com\/es\/2019\/07\/caravana-abriendo-fronteras-denuncia-el-trato-inhumano-de-los-cie-y-cate-en-algeciras-y-tarifa\/#primaryimage\"},\"thumbnailUrl\":\"https:\/\/www.pressenza.com\/wp-content\/uploads\/2019\/07\/Caravana-Abriendo-Fronteras-2019-Algeciras.jpg\",\"keywords\":[\"Abriendo Fronteras\",\"fronteras\",\"migrantes\",\"refugiados\"],\"articleSection\":[\"Comunicados de Prensa\",\"Derechos Humanos\",\"Internacional\",\"Migrantes\"],\"inLanguage\":\"es\"},{\"@type\":\"WebPage\",\"@id\":\"https:\/\/www.pressenza.com\/es\/2019\/07\/caravana-abriendo-fronteras-denuncia-el-trato-inhumano-de-los-cie-y-cate-en-algeciras-y-tarifa\/\",\"url\":\"https:\/\/www.pressenza.com\/es\/2019\/07\/caravana-abriendo-fronteras-denuncia-el-trato-inhumano-de-los-cie-y-cate-en-algeciras-y-tarifa\/\",\"name\":\"Caravana Abriendo Fronteras denuncia el trato inhumano de los C\u00cdE y CATE en Algeciras y Tarifa\",\"isPartOf\":{\"@id\":\"https:\/\/www.pressenza.com\/es\/#website\"},\"primaryImageOfPage\":{\"@id\":\"https:\/\/www.pressenza.com\/es\/2019\/07\/caravana-abriendo-fronteras-denuncia-el-trato-inhumano-de-los-cie-y-cate-en-algeciras-y-tarifa\/#primaryimage\"},\"image\":{\"@id\":\"https:\/\/www.pressenza.com\/es\/2019\/07\/caravana-abriendo-fronteras-denuncia-el-trato-inhumano-de-los-cie-y-cate-en-algeciras-y-tarifa\/#primaryimage\"},\"thumbnailUrl\":\"https:\/\/www.pressenza.com\/wp-content\/uploads\/2019\/07\/Caravana-Abriendo-Fronteras-2019-Algeciras.jpg\",\"datePublished\":\"2019-07-16T19:04:50+00:00\",\"description\":\"La Caravana Abriendo Fronteras se ha movilizado hasta el CATE de San Roque-Algeciras para evidenciar lo innecesario de estas instalaciones. Algunos de las\",\"breadcrumb\":{\"@id\":\"https:\/\/www.pressenza.com\/es\/2019\/07\/caravana-abriendo-fronteras-denuncia-el-trato-inhumano-de-los-cie-y-cate-en-algeciras-y-tarifa\/#breadcrumb\"},\"inLanguage\":\"es\",\"potentialAction\":[{\"@type\":\"ReadAction\",\"target\":[\"https:\/\/www.pressenza.com\/es\/2019\/07\/caravana-abriendo-fronteras-denuncia-el-trato-inhumano-de-los-cie-y-cate-en-algeciras-y-tarifa\/\"]}]},{\"@type\":\"ImageObject\",\"inLanguage\":\"es\",\"@id\":\"https:\/\/www.pressenza.com\/es\/2019\/07\/caravana-abriendo-fronteras-denuncia-el-trato-inhumano-de-los-cie-y-cate-en-algeciras-y-tarifa\/#primaryimage\",\"url\":\"https:\/\/www.pressenza.com\/wp-content\/uploads\/2019\/07\/Caravana-Abriendo-Fronteras-2019-Algeciras.jpg\",\"contentUrl\":\"https:\/\/www.pressenza.com\/wp-content\/uploads\/2019\/07\/Caravana-Abriendo-Fronteras-2019-Algeciras.jpg\",\"width\":1200,\"height\":900},{\"@type\":\"BreadcrumbList\",\"@id\":\"https:\/\/www.pressenza.com\/es\/2019\/07\/caravana-abriendo-fronteras-denuncia-el-trato-inhumano-de-los-cie-y-cate-en-algeciras-y-tarifa\/#breadcrumb\",\"itemListElement\":[{\"@type\":\"ListItem\",\"position\":1,\"name\":\"Accueil\",\"item\":\"https:\/\/www.pressenza.com\/es\/\"},{\"@type\":\"ListItem\",\"position\":2,\"name\":\"Caravana Abriendo Fronteras denuncia el trato inhumano de los C\u00cdE y CATE en Algeciras y Tarifa\"}]},{\"@type\":\"WebSite\",\"@id\":\"https:\/\/www.pressenza.com\/es\/#website\",\"url\":\"https:\/\/www.pressenza.com\/es\/\",\"name\":\"Pressenza\",\"description\":\"International Press Agency\",\"publisher\":{\"@id\":\"https:\/\/www.pressenza.com\/es\/#organization\"},\"potentialAction\":[{\"@type\":\"SearchAction\",\"target\":{\"@type\":\"EntryPoint\",\"urlTemplate\":\"https:\/\/www.pressenza.com\/es\/?s={search_term_string}\"},\"query-input\":{\"@type\":\"PropertyValueSpecification\",\"valueRequired\":true,\"valueName\":\"search_term_string\"}}],\"inLanguage\":\"es\"},{\"@type\":\"Organization\",\"@id\":\"https:\/\/www.pressenza.com\/es\/#organization\",\"name\":\"Pressenza\",\"url\":\"https:\/\/www.pressenza.com\/es\/\",\"logo\":{\"@type\":\"ImageObject\",\"inLanguage\":\"es\",\"@id\":\"https:\/\/www.pressenza.com\/es\/#\/schema\/logo\/image\/\",\"url\":\"https:\/\/www.pressenza.com\/wp-content\/uploads\/2022\/10\/pressenza_logo_200x200.jpg\",\"contentUrl\":\"https:\/\/www.pressenza.com\/wp-content\/uploads\/2022\/10\/pressenza_logo_200x200.jpg\",\"width\":200,\"height\":200,\"caption\":\"Pressenza\"},\"image\":{\"@id\":\"https:\/\/www.pressenza.com\/es\/#\/schema\/logo\/image\/\"},\"sameAs\":[\"https:\/\/www.facebook.com\/PressenzaItalia\",\"https:\/\/x.com\/PressenzaIPA\"]},{\"@type\":\"Person\",\"@id\":\"https:\/\/www.pressenza.com\/es\/#\/schema\/person\/828fc40eeca2ad7be3630e5a46adba94\",\"name\":\"Redacci\u00f3n Madrid\",\"description\":\"News from the Pressenza Bureau in Madrid, Spain\",\"sameAs\":[\"https:\/\/www.facebook.com\/pressenza\",\"https:\/\/x.com\/pressenza\"],\"url\":\"https:\/\/www.pressenza.com\/es\/author\/redaccion-madrid\/\"}]}<\/script>\n<!-- \/ Yoast SEO plugin. -->","yoast_head_json":{"title":"Caravana Abriendo Fronteras denuncia el trato inhumano de los C\u00cdE y CATE en Algeciras y Tarifa","description":"La Caravana Abriendo Fronteras se ha movilizado hasta el CATE de San Roque-Algeciras para evidenciar lo innecesario de estas instalaciones. Algunos de las","robots":{"index":"index","follow":"follow","max-snippet":"max-snippet:-1","max-image-preview":"max-image-preview:large","max-video-preview":"max-video-preview:-1"},"canonical":"https:\/\/www.pressenza.com\/es\/2019\/07\/caravana-abriendo-fronteras-denuncia-el-trato-inhumano-de-los-cie-y-cate-en-algeciras-y-tarifa\/","og_locale":"es_ES","og_type":"article","og_title":"Caravana Abriendo Fronteras denuncia el trato inhumano de los C\u00cdE y CATE en Algeciras y Tarifa","og_description":"La Caravana Abriendo Fronteras se ha movilizado hasta el CATE de San Roque-Algeciras para evidenciar lo innecesario de estas instalaciones. Algunos de las","og_url":"https:\/\/www.pressenza.com\/es\/2019\/07\/caravana-abriendo-fronteras-denuncia-el-trato-inhumano-de-los-cie-y-cate-en-algeciras-y-tarifa\/","og_site_name":"Pressenza","article_publisher":"https:\/\/www.facebook.com\/PressenzaItalia","article_author":"https:\/\/www.facebook.com\/pressenza","article_published_time":"2019-07-16T19:04:50+00:00","og_image":[{"width":1200,"height":900,"url":"https:\/\/www.pressenza.com\/wp-content\/uploads\/2019\/07\/Caravana-Abriendo-Fronteras-2019-Algeciras.jpg","type":"image\/jpeg"}],"author":"Redacci\u00f3n Madrid","twitter_card":"summary_large_image","twitter_creator":"@pressenza","twitter_site":"@PressenzaIPA","twitter_misc":{"Escrito por":"Redacci\u00f3n Madrid","Tiempo de lectura":"3 minutos"},"schema":{"@context":"https:\/\/schema.org","@graph":[{"@type":"Article","@id":"https:\/\/www.pressenza.com\/es\/2019\/07\/caravana-abriendo-fronteras-denuncia-el-trato-inhumano-de-los-cie-y-cate-en-algeciras-y-tarifa\/#article","isPartOf":{"@id":"https:\/\/www.pressenza.com\/es\/2019\/07\/caravana-abriendo-fronteras-denuncia-el-trato-inhumano-de-los-cie-y-cate-en-algeciras-y-tarifa\/"},"author":{"name":"Redacci\u00f3n Madrid","@id":"https:\/\/www.pressenza.com\/es\/#\/schema\/person\/828fc40eeca2ad7be3630e5a46adba94"},"headline":"Caravana Abriendo Fronteras denuncia el trato inhumano de los C\u00cdE y CATE en Algeciras y Tarifa","datePublished":"2019-07-16T19:04:50+00:00","mainEntityOfPage":{"@id":"https:\/\/www.pressenza.com\/es\/2019\/07\/caravana-abriendo-fronteras-denuncia-el-trato-inhumano-de-los-cie-y-cate-en-algeciras-y-tarifa\/"},"wordCount":563,"publisher":{"@id":"https:\/\/www.pressenza.com\/es\/#organization"},"image":{"@id":"https:\/\/www.pressenza.com\/es\/2019\/07\/caravana-abriendo-fronteras-denuncia-el-trato-inhumano-de-los-cie-y-cate-en-algeciras-y-tarifa\/#primaryimage"},"thumbnailUrl":"https:\/\/www.pressenza.com\/wp-content\/uploads\/2019\/07\/Caravana-Abriendo-Fronteras-2019-Algeciras.jpg","keywords":["Abriendo Fronteras","fronteras","migrantes","refugiados"],"articleSection":["Comunicados de Prensa","Derechos Humanos","Internacional","Migrantes"],"inLanguage":"es"},{"@type":"WebPage","@id":"https:\/\/www.pressenza.com\/es\/2019\/07\/caravana-abriendo-fronteras-denuncia-el-trato-inhumano-de-los-cie-y-cate-en-algeciras-y-tarifa\/","url":"https:\/\/www.pressenza.com\/es\/2019\/07\/caravana-abriendo-fronteras-denuncia-el-trato-inhumano-de-los-cie-y-cate-en-algeciras-y-tarifa\/","name":"Caravana Abriendo Fronteras denuncia el trato inhumano de los C\u00cdE y CATE en Algeciras y Tarifa","isPartOf":{"@id":"https:\/\/www.pressenza.com\/es\/#website"},"primaryImageOfPage":{"@id":"https:\/\/www.pressenza.com\/es\/2019\/07\/caravana-abriendo-fronteras-denuncia-el-trato-inhumano-de-los-cie-y-cate-en-algeciras-y-tarifa\/#primaryimage"},"image":{"@id":"https:\/\/www.pressenza.com\/es\/2019\/07\/caravana-abriendo-fronteras-denuncia-el-trato-inhumano-de-los-cie-y-cate-en-algeciras-y-tarifa\/#primaryimage"},"thumbnailUrl":"https:\/\/www.pressenza.com\/wp-content\/uploads\/2019\/07\/Caravana-Abriendo-Fronteras-2019-Algeciras.jpg","datePublished":"2019-07-16T19:04:50+00:00","description":"La Caravana Abriendo Fronteras se ha movilizado hasta el CATE de San Roque-Algeciras para evidenciar lo innecesario de estas instalaciones. Algunos de las","breadcrumb":{"@id":"https:\/\/www.pressenza.com\/es\/2019\/07\/caravana-abriendo-fronteras-denuncia-el-trato-inhumano-de-los-cie-y-cate-en-algeciras-y-tarifa\/#breadcrumb"},"inLanguage":"es","potentialAction":[{"@type":"ReadAction","target":["https:\/\/www.pressenza.com\/es\/2019\/07\/caravana-abriendo-fronteras-denuncia-el-trato-inhumano-de-los-cie-y-cate-en-algeciras-y-tarifa\/"]}]},{"@type":"ImageObject","inLanguage":"es","@id":"https:\/\/www.pressenza.com\/es\/2019\/07\/caravana-abriendo-fronteras-denuncia-el-trato-inhumano-de-los-cie-y-cate-en-algeciras-y-tarifa\/#primaryimage","url":"https:\/\/www.pressenza.com\/wp-content\/uploads\/2019\/07\/Caravana-Abriendo-Fronteras-2019-Algeciras.jpg","contentUrl":"https:\/\/www.pressenza.com\/wp-content\/uploads\/2019\/07\/Caravana-Abriendo-Fronteras-2019-Algeciras.jpg","width":1200,"height":900},{"@type":"BreadcrumbList","@id":"https:\/\/www.pressenza.com\/es\/2019\/07\/caravana-abriendo-fronteras-denuncia-el-trato-inhumano-de-los-cie-y-cate-en-algeciras-y-tarifa\/#breadcrumb","itemListElement":[{"@type":"ListItem","position":1,"name":"Accueil","item":"https:\/\/www.pressenza.com\/es\/"},{"@type":"ListItem","position":2,"name":"Caravana Abriendo Fronteras denuncia el trato inhumano de los C\u00cdE y CATE en Algeciras y Tarifa"}]},{"@type":"WebSite","@id":"https:\/\/www.pressenza.com\/es\/#website","url":"https:\/\/www.pressenza.com\/es\/","name":"Pressenza","description":"International Press Agency","publisher":{"@id":"https:\/\/www.pressenza.com\/es\/#organization"},"potentialAction":[{"@type":"SearchAction","target":{"@type":"EntryPoint","urlTemplate":"https:\/\/www.pressenza.com\/es\/?s={search_term_string}"},"query-input":{"@type":"PropertyValueSpecification","valueRequired":true,"valueName":"search_term_string"}}],"inLanguage":"es"},{"@type":"Organization","@id":"https:\/\/www.pressenza.com\/es\/#organization","name":"Pressenza","url":"https:\/\/www.pressenza.com\/es\/","logo":{"@type":"ImageObject","inLanguage":"es","@id":"https:\/\/www.pressenza.com\/es\/#\/schema\/logo\/image\/","url":"https:\/\/www.pressenza.com\/wp-content\/uploads\/2022\/10\/pressenza_logo_200x200.jpg","contentUrl":"https:\/\/www.pressenza.com\/wp-content\/uploads\/2022\/10\/pressenza_logo_200x200.jpg","width":200,"height":200,"caption":"Pressenza"},"image":{"@id":"https:\/\/www.pressenza.com\/es\/#\/schema\/logo\/image\/"},"sameAs":["https:\/\/www.facebook.com\/PressenzaItalia","https:\/\/x.com\/PressenzaIPA"]},{"@type":"Person","@id":"https:\/\/www.pressenza.com\/es\/#\/schema\/person\/828fc40eeca2ad7be3630e5a46adba94","name":"Redacci\u00f3n Madrid","description":"News from the Pressenza Bureau in Madrid, Spain","sameAs":["https:\/\/www.facebook.com\/pressenza","https:\/\/x.com\/pressenza"],"url":"https:\/\/www.pressenza.com\/es\/author\/redaccion-madrid\/"}]}},"place":"Algeciras (C\u00e1diz)","original_article_url":"","_links":{"self":[{"href":"https:\/\/www.pressenza.com\/es\/wp-json\/wp\/v2\/posts\/888768","targetHints":{"allow":["GET"]}}],"collection":[{"href":"https:\/\/www.pressenza.com\/es\/wp-json\/wp\/v2\/posts"}],"about":[{"href":"https:\/\/www.pressenza.com\/es\/wp-json\/wp\/v2\/types\/post"}],"author":[{"embeddable":true,"href":"https:\/\/www.pressenza.com\/es\/wp-json\/wp\/v2\/users\/94"}],"replies":[{"embeddable":true,"href":"https:\/\/www.pressenza.com\/es\/wp-json\/wp\/v2\/comments?post=888768"}],"version-history":[{"count":0,"href":"https:\/\/www.pressenza.com\/es\/wp-json\/wp\/v2\/posts\/888768\/revisions"}],"wp:featuredmedia":[{"embeddable":true,"href":"https:\/\/www.pressenza.com\/es\/wp-json\/wp\/v2\/media\/888769"}],"wp:attachment":[{"href":"https:\/\/www.pressenza.com\/es\/wp-json\/wp\/v2\/media?parent=888768"}],"wp:term":[{"taxonomy":"category","embeddable":true,"href":"https:\/\/www.pressenza.com\/es\/wp-json\/wp\/v2\/categories?post=888768"},{"taxonomy":"post_tag","embeddable":true,"href":"https:\/\/www.pressenza.com\/es\/wp-json\/wp\/v2\/tags?post=888768"}],"curies":[{"name":"wp","href":"https:\/\/api.w.org\/{rel}","templated":true}]}}