{"id":8880,"date":"2012-04-25T00:00:00","date_gmt":"2012-04-25T00:00:00","guid":{"rendered":""},"modified":"2012-04-26T13:21:13","modified_gmt":"2012-04-26T13:21:13","slug":"la-liberacion-del-dinero","status":"publish","type":"post","link":"https:\/\/www.pressenza.com\/es\/2012\/04\/la-liberacion-del-dinero\/","title":{"rendered":"La liberaci\u00f3n del Dinero"},"content":{"rendered":"<p>Alguien escandalizado dir\u00e1 enseguida: \u00ab\u00bfpero c\u00f3mo pueden librarse de una cosa tan necesaria?\u00bb. Estamos hablando del Dinero, escrito con may\u00fasculas; no estamos hablando del instrumento de trabajo, hist\u00f3rico-social tan eficazmente descrito por los manuales de econom\u00eda (*), sino m\u00e1s bien nos referimos al Mito desacralizado al que se refiri\u00f3 Silo en su conferencia de presentaci\u00f3n de su libro \u00abMitos ra\u00edces Universales\u00bb (**) en d\u00f3nde discuti\u00f3 la necesidad de cuestionar los mitos modernos (el Dinero, el Banco).<\/p>\n<p>El Dinero y el Provecho son los mitos que han engendrado la actual situaci\u00f3n econ\u00f3mica: la progresiva expropiaci\u00f3n del trabajo y del mismo capital hacia la especulaci\u00f3n financiera, es decir la creaci\u00f3n de dinero completamente virtual. En este sentido solo es suficiente un dato: en los a\u00f1os &#8217;70 del siglo pasado, el 70% de la econom\u00eda fue econom\u00eda productiva y el 30% econom\u00eda especulativa: hoy los porcentajes se han revertido. Y en nombre del Dinero y el Provecho se pueden suspender todas las consideraciones \u00e9ticas: se puede matar, tener hambre, explotar. Y si alguien del primer mundo se suicida por deudas, alguien m\u00e1s se muere de hambre en un pa\u00eds desconocido del \u00abtercer mundo\u00bb; activistas van a la c\u00e1rcel en otro pa\u00eds y tenemos a disposici\u00f3n la ideolog\u00eda del Poder para se\u00f1alar que se trat\u00f3 de personas d\u00e9biles y sin personalidad de \u00e9xito. \u201cEstamos pues, ante la tiran\u00eda del dinero. Una tiran\u00eda que no es abstracta porque tiene nombre, representantes, ejecutores y procedimientos indudables.\u00bb (***)<\/p>\n<p>Aclaramos un asunto: existen los que creen que la situaci\u00f3n de crisis mundial en que estamos dependa sencillamente de una serie de personas que han usado impropiamente a favor de sus intereses los instrumentos de la econom\u00eda financiera: \u00e9ste es un error grueso, porque todos los instrumentos en cuesti\u00f3n invitan, expl\u00edcitamente, a comportamientos cuyo \u00fanico fin es el provecho a costa de cualquiera otra cosa; en segundo lugar, cualquier an\u00e1lisis lleva a las mismas conclusiones: la tendencia al aumento de la especulaci\u00f3n financiera es imparable y procede en la direcci\u00f3n del colapso del sistema financiero mismo.<\/p>\n<p>Por su misma din\u00e1mica, el Dinero y el Provecho est\u00e1n destinados a fracasar. \u00abCuando hay\u00e1is secado al \u00faltimo r\u00edo y matado el \u00faltimo bisonte os percatar\u00e9is que el dinero no se come\u00bb, recit\u00f3 el viejo refr\u00e1n Cherokee. <\/p>\n<p>Pero somos humanistas, y los humanistas son optimistas, creen en el progreso social y no piensan que todo acabar\u00e1 en el absurdo: ya registramos los s\u00edntomas de un nuevo mundo en el que, mientras \u00e9ste va en ruinas, ya se est\u00e1n construyendo nuevos paradigmas: muchas mentalidades que reconocen la importancia de cuidar la Tierra, las relaciones humanas, de pensar en un nuevo modelo econ\u00f3mico, cultural, pol\u00edtico, de nuevas relaciones entre las personas: una nueva sensibilidad en marcha.<\/p>\n<p>Coyunturalmente querr\u00eda se\u00f1alar, a t\u00edtulo de ejemplo, un servicio de \u00abR\u00e9port\u00bb transmitido hace algunos d\u00edas, donde se ilustraron numerosos ejemplos concretos de econom\u00eda basada en el Ser Humano como valor central y no del Provecho o de la ganancia:<\/p>\n<p>[http:\/\/www.report.rai.it\/dl\/Report\/puntata\/ContentItem-571e19e3-6925-4313-acd8-d90453d280c4.html](http:\/\/www.report.rai.it\/dl\/Report\/puntata\/ContentItem-571e19e3-6925-4313-acd8-d90453d280c4.html)<\/p>\n<p>Un simple ejemplo de como otro mundo ya est\u00e1 en marcha.<\/p>\n<p>Necesitamos Liberaci\u00f3n: tenemos que liberarnos de los prejuicios, de los mitos, de las creencias que el Viejo Mundo nos ha dejado; tenemos que superar la crisis del presente y lanzarnos hacia un futuro d\u00f3nde el valor central sea el Ser Humano libre, diverso, que no sea mercanc\u00eda o fuerza-trabajo: el ser humano luminoso que espera nacer en el coraz\u00f3n de cada uno de nosotros.<\/p>\n<p>(*)\tV\u00e9ase por ej. el excelente art\u00edculo de Jos\u00e9 Collado Medina \u201cElementos de Ciencia de la Econom\u00eda\u00bb en \u00abIntroducci\u00f3n a la econom\u00eda del Nuevo Humanismo\u00bb, Multimage 2005<\/p>\n<p>** Silo, \u201cObras Completas, Vol I\u201d, Multimage 2000<\/p>\n<p>*** Ivi, Documento del Movimento Humanista, en \u201cCarta a Mis Amigos\u201d<\/p>\n","protected":false},"excerpt":{"rendered":"<p>Hoy en Italia se celebra la liberaci\u00f3n respecto del nazi-fascismo. Pero yo creo que una liberaci\u00f3n, de cualquier tipo que sea, se celebra adecuadamente con los ojos mirando hacia el futuro, so pena del caer est\u00e9ril en la ret\u00f3rica conmemorativa. As\u00ed vamos celebrando desde ya la pr\u00f3xima liberaci\u00f3n de otro gran mal para la Humanidad: el Dinero.<\/p>\n","protected":false},"author":10,"featured_media":0,"comment_status":"closed","ping_status":"open","sticky":false,"template":"","format":"standard","meta":{"footnotes":""},"categories":[81,66,39,161],"tags":[],"class_list":["post-8880","post","type-post","status-publish","format-standard","hentry","category-economia-es","category-europa-es","category-internacional","category-opiniones"],"yoast_head":"<!-- This site is optimized with the Yoast SEO plugin v27.1.1 - https:\/\/yoast.com\/product\/yoast-seo-wordpress\/ -->\n<title>La liberaci\u00f3n del Dinero<\/title>\n<meta name=\"description\" content=\"Hoy en Italia se celebra la liberaci\u00f3n respecto del nazi-fascismo. Pero yo creo que una liberaci\u00f3n, de cualquier tipo que sea, se celebra adecuadamente con los ojos mirando hacia el futuro, so pena del caer est\u00e9ril en la ret\u00f3rica conmemorativa. As\u00ed vamos celebrando desde ya la pr\u00f3xima liberaci\u00f3n de otro gran mal para la Humanidad: el Dinero.\" \/>\n<meta name=\"robots\" content=\"index, follow, max-snippet:-1, max-image-preview:large, max-video-preview:-1\" \/>\n<link rel=\"canonical\" href=\"https:\/\/www.pressenza.com\/es\/2012\/04\/la-liberacion-del-dinero\/\" \/>\n<meta property=\"og:locale\" content=\"es_ES\" \/>\n<meta property=\"og:type\" content=\"article\" \/>\n<meta property=\"og:title\" content=\"La liberaci\u00f3n del Dinero\" \/>\n<meta property=\"og:description\" content=\"Hoy en Italia se celebra la liberaci\u00f3n respecto del nazi-fascismo. Pero yo creo que una liberaci\u00f3n, de cualquier tipo que sea, se celebra adecuadamente con los ojos mirando hacia el futuro, so pena del caer est\u00e9ril en la ret\u00f3rica conmemorativa. As\u00ed vamos celebrando desde ya la pr\u00f3xima liberaci\u00f3n de otro gran mal para la Humanidad: el Dinero.\" \/>\n<meta property=\"og:url\" content=\"https:\/\/www.pressenza.com\/es\/2012\/04\/la-liberacion-del-dinero\/\" \/>\n<meta property=\"og:site_name\" content=\"Pressenza\" \/>\n<meta property=\"article:publisher\" content=\"https:\/\/www.facebook.com\/PressenzaItalia\" \/>\n<meta property=\"article:published_time\" content=\"2012-04-25T00:00:00+00:00\" \/>\n<meta property=\"article:modified_time\" content=\"2012-04-26T13:21:13+00:00\" \/>\n<meta name=\"author\" content=\"Olivier Turquet\" \/>\n<meta name=\"twitter:card\" content=\"summary_large_image\" \/>\n<meta name=\"twitter:creator\" content=\"@PressenzaIPA\" \/>\n<meta name=\"twitter:site\" content=\"@PressenzaIPA\" \/>\n<meta name=\"twitter:label1\" content=\"Escrito por\" \/>\n\t<meta name=\"twitter:data1\" content=\"Olivier Turquet\" \/>\n\t<meta name=\"twitter:label2\" content=\"Tiempo de lectura\" \/>\n\t<meta name=\"twitter:data2\" content=\"3 minutos\" \/>\n<script type=\"application\/ld+json\" class=\"yoast-schema-graph\">{\"@context\":\"https:\/\/schema.org\",\"@graph\":[{\"@type\":\"Article\",\"@id\":\"https:\/\/www.pressenza.com\/es\/2012\/04\/la-liberacion-del-dinero\/#article\",\"isPartOf\":{\"@id\":\"https:\/\/www.pressenza.com\/es\/2012\/04\/la-liberacion-del-dinero\/\"},\"author\":{\"name\":\"Olivier Turquet\",\"@id\":\"https:\/\/www.pressenza.com\/es\/#\/schema\/person\/636f8feb51f63f34e7378d5fcdd1de53\"},\"headline\":\"La liberaci\u00f3n del Dinero\",\"datePublished\":\"2012-04-25T00:00:00+00:00\",\"dateModified\":\"2012-04-26T13:21:13+00:00\",\"mainEntityOfPage\":{\"@id\":\"https:\/\/www.pressenza.com\/es\/2012\/04\/la-liberacion-del-dinero\/\"},\"wordCount\":700,\"publisher\":{\"@id\":\"https:\/\/www.pressenza.com\/es\/#organization\"},\"articleSection\":[\"Econom\u00eda\",\"Europa\",\"Internacional\",\"Opiniones\"],\"inLanguage\":\"es\"},{\"@type\":\"WebPage\",\"@id\":\"https:\/\/www.pressenza.com\/es\/2012\/04\/la-liberacion-del-dinero\/\",\"url\":\"https:\/\/www.pressenza.com\/es\/2012\/04\/la-liberacion-del-dinero\/\",\"name\":\"La liberaci\u00f3n del Dinero\",\"isPartOf\":{\"@id\":\"https:\/\/www.pressenza.com\/es\/#website\"},\"datePublished\":\"2012-04-25T00:00:00+00:00\",\"dateModified\":\"2012-04-26T13:21:13+00:00\",\"description\":\"Hoy en Italia se celebra la liberaci\u00f3n respecto del nazi-fascismo. Pero yo creo que una liberaci\u00f3n, de cualquier tipo que sea, se celebra adecuadamente con los ojos mirando hacia el futuro, so pena del caer est\u00e9ril en la ret\u00f3rica conmemorativa. As\u00ed vamos celebrando desde ya la pr\u00f3xima liberaci\u00f3n de otro gran mal para la Humanidad: el Dinero.\",\"breadcrumb\":{\"@id\":\"https:\/\/www.pressenza.com\/es\/2012\/04\/la-liberacion-del-dinero\/#breadcrumb\"},\"inLanguage\":\"es\",\"potentialAction\":[{\"@type\":\"ReadAction\",\"target\":[\"https:\/\/www.pressenza.com\/es\/2012\/04\/la-liberacion-del-dinero\/\"]}]},{\"@type\":\"BreadcrumbList\",\"@id\":\"https:\/\/www.pressenza.com\/es\/2012\/04\/la-liberacion-del-dinero\/#breadcrumb\",\"itemListElement\":[{\"@type\":\"ListItem\",\"position\":1,\"name\":\"Accueil\",\"item\":\"https:\/\/www.pressenza.com\/es\/\"},{\"@type\":\"ListItem\",\"position\":2,\"name\":\"La liberaci\u00f3n del Dinero\"}]},{\"@type\":\"WebSite\",\"@id\":\"https:\/\/www.pressenza.com\/es\/#website\",\"url\":\"https:\/\/www.pressenza.com\/es\/\",\"name\":\"Pressenza\",\"description\":\"International Press Agency\",\"publisher\":{\"@id\":\"https:\/\/www.pressenza.com\/es\/#organization\"},\"potentialAction\":[{\"@type\":\"SearchAction\",\"target\":{\"@type\":\"EntryPoint\",\"urlTemplate\":\"https:\/\/www.pressenza.com\/es\/?s={search_term_string}\"},\"query-input\":{\"@type\":\"PropertyValueSpecification\",\"valueRequired\":true,\"valueName\":\"search_term_string\"}}],\"inLanguage\":\"es\"},{\"@type\":\"Organization\",\"@id\":\"https:\/\/www.pressenza.com\/es\/#organization\",\"name\":\"Pressenza\",\"url\":\"https:\/\/www.pressenza.com\/es\/\",\"logo\":{\"@type\":\"ImageObject\",\"inLanguage\":\"es\",\"@id\":\"https:\/\/www.pressenza.com\/es\/#\/schema\/logo\/image\/\",\"url\":\"https:\/\/www.pressenza.com\/wp-content\/uploads\/2022\/10\/pressenza_logo_200x200.jpg\",\"contentUrl\":\"https:\/\/www.pressenza.com\/wp-content\/uploads\/2022\/10\/pressenza_logo_200x200.jpg\",\"width\":200,\"height\":200,\"caption\":\"Pressenza\"},\"image\":{\"@id\":\"https:\/\/www.pressenza.com\/es\/#\/schema\/logo\/image\/\"},\"sameAs\":[\"https:\/\/www.facebook.com\/PressenzaItalia\",\"https:\/\/x.com\/PressenzaIPA\"]},{\"@type\":\"Person\",\"@id\":\"https:\/\/www.pressenza.com\/es\/#\/schema\/person\/636f8feb51f63f34e7378d5fcdd1de53\",\"name\":\"Olivier Turquet\",\"description\":\"Takes care of writing to tell the reality for about 40 years. He has worked with paper publications, radio and electronic He founded the electronic news agency humanist Good News. He was press secretary to various events such as: the International Humanist, Florence Play, the World March for Peace and Nonviolence. Currently coordinates the Italian team of Pressenza. olivierturquet.wordpress.com\",\"sameAs\":[\"http:\/\/olivierturquet.wordpress.com\"],\"url\":\"https:\/\/www.pressenza.com\/es\/author\/olivier-turquet\/\"}]}<\/script>\n<!-- \/ Yoast SEO plugin. -->","yoast_head_json":{"title":"La liberaci\u00f3n del Dinero","description":"Hoy en Italia se celebra la liberaci\u00f3n respecto del nazi-fascismo. Pero yo creo que una liberaci\u00f3n, de cualquier tipo que sea, se celebra adecuadamente con los ojos mirando hacia el futuro, so pena del caer est\u00e9ril en la ret\u00f3rica conmemorativa. As\u00ed vamos celebrando desde ya la pr\u00f3xima liberaci\u00f3n de otro gran mal para la Humanidad: el Dinero.","robots":{"index":"index","follow":"follow","max-snippet":"max-snippet:-1","max-image-preview":"max-image-preview:large","max-video-preview":"max-video-preview:-1"},"canonical":"https:\/\/www.pressenza.com\/es\/2012\/04\/la-liberacion-del-dinero\/","og_locale":"es_ES","og_type":"article","og_title":"La liberaci\u00f3n del Dinero","og_description":"Hoy en Italia se celebra la liberaci\u00f3n respecto del nazi-fascismo. Pero yo creo que una liberaci\u00f3n, de cualquier tipo que sea, se celebra adecuadamente con los ojos mirando hacia el futuro, so pena del caer est\u00e9ril en la ret\u00f3rica conmemorativa. As\u00ed vamos celebrando desde ya la pr\u00f3xima liberaci\u00f3n de otro gran mal para la Humanidad: el Dinero.","og_url":"https:\/\/www.pressenza.com\/es\/2012\/04\/la-liberacion-del-dinero\/","og_site_name":"Pressenza","article_publisher":"https:\/\/www.facebook.com\/PressenzaItalia","article_published_time":"2012-04-25T00:00:00+00:00","article_modified_time":"2012-04-26T13:21:13+00:00","author":"Olivier Turquet","twitter_card":"summary_large_image","twitter_creator":"@PressenzaIPA","twitter_site":"@PressenzaIPA","twitter_misc":{"Escrito por":"Olivier Turquet","Tiempo de lectura":"3 minutos"},"schema":{"@context":"https:\/\/schema.org","@graph":[{"@type":"Article","@id":"https:\/\/www.pressenza.com\/es\/2012\/04\/la-liberacion-del-dinero\/#article","isPartOf":{"@id":"https:\/\/www.pressenza.com\/es\/2012\/04\/la-liberacion-del-dinero\/"},"author":{"name":"Olivier Turquet","@id":"https:\/\/www.pressenza.com\/es\/#\/schema\/person\/636f8feb51f63f34e7378d5fcdd1de53"},"headline":"La liberaci\u00f3n del Dinero","datePublished":"2012-04-25T00:00:00+00:00","dateModified":"2012-04-26T13:21:13+00:00","mainEntityOfPage":{"@id":"https:\/\/www.pressenza.com\/es\/2012\/04\/la-liberacion-del-dinero\/"},"wordCount":700,"publisher":{"@id":"https:\/\/www.pressenza.com\/es\/#organization"},"articleSection":["Econom\u00eda","Europa","Internacional","Opiniones"],"inLanguage":"es"},{"@type":"WebPage","@id":"https:\/\/www.pressenza.com\/es\/2012\/04\/la-liberacion-del-dinero\/","url":"https:\/\/www.pressenza.com\/es\/2012\/04\/la-liberacion-del-dinero\/","name":"La liberaci\u00f3n del Dinero","isPartOf":{"@id":"https:\/\/www.pressenza.com\/es\/#website"},"datePublished":"2012-04-25T00:00:00+00:00","dateModified":"2012-04-26T13:21:13+00:00","description":"Hoy en Italia se celebra la liberaci\u00f3n respecto del nazi-fascismo. Pero yo creo que una liberaci\u00f3n, de cualquier tipo que sea, se celebra adecuadamente con los ojos mirando hacia el futuro, so pena del caer est\u00e9ril en la ret\u00f3rica conmemorativa. As\u00ed vamos celebrando desde ya la pr\u00f3xima liberaci\u00f3n de otro gran mal para la Humanidad: el Dinero.","breadcrumb":{"@id":"https:\/\/www.pressenza.com\/es\/2012\/04\/la-liberacion-del-dinero\/#breadcrumb"},"inLanguage":"es","potentialAction":[{"@type":"ReadAction","target":["https:\/\/www.pressenza.com\/es\/2012\/04\/la-liberacion-del-dinero\/"]}]},{"@type":"BreadcrumbList","@id":"https:\/\/www.pressenza.com\/es\/2012\/04\/la-liberacion-del-dinero\/#breadcrumb","itemListElement":[{"@type":"ListItem","position":1,"name":"Accueil","item":"https:\/\/www.pressenza.com\/es\/"},{"@type":"ListItem","position":2,"name":"La liberaci\u00f3n del Dinero"}]},{"@type":"WebSite","@id":"https:\/\/www.pressenza.com\/es\/#website","url":"https:\/\/www.pressenza.com\/es\/","name":"Pressenza","description":"International Press Agency","publisher":{"@id":"https:\/\/www.pressenza.com\/es\/#organization"},"potentialAction":[{"@type":"SearchAction","target":{"@type":"EntryPoint","urlTemplate":"https:\/\/www.pressenza.com\/es\/?s={search_term_string}"},"query-input":{"@type":"PropertyValueSpecification","valueRequired":true,"valueName":"search_term_string"}}],"inLanguage":"es"},{"@type":"Organization","@id":"https:\/\/www.pressenza.com\/es\/#organization","name":"Pressenza","url":"https:\/\/www.pressenza.com\/es\/","logo":{"@type":"ImageObject","inLanguage":"es","@id":"https:\/\/www.pressenza.com\/es\/#\/schema\/logo\/image\/","url":"https:\/\/www.pressenza.com\/wp-content\/uploads\/2022\/10\/pressenza_logo_200x200.jpg","contentUrl":"https:\/\/www.pressenza.com\/wp-content\/uploads\/2022\/10\/pressenza_logo_200x200.jpg","width":200,"height":200,"caption":"Pressenza"},"image":{"@id":"https:\/\/www.pressenza.com\/es\/#\/schema\/logo\/image\/"},"sameAs":["https:\/\/www.facebook.com\/PressenzaItalia","https:\/\/x.com\/PressenzaIPA"]},{"@type":"Person","@id":"https:\/\/www.pressenza.com\/es\/#\/schema\/person\/636f8feb51f63f34e7378d5fcdd1de53","name":"Olivier Turquet","description":"Takes care of writing to tell the reality for about 40 years. He has worked with paper publications, radio and electronic He founded the electronic news agency humanist Good News. He was press secretary to various events such as: the International Humanist, Florence Play, the World March for Peace and Nonviolence. Currently coordinates the Italian team of Pressenza. olivierturquet.wordpress.com","sameAs":["http:\/\/olivierturquet.wordpress.com"],"url":"https:\/\/www.pressenza.com\/es\/author\/olivier-turquet\/"}]}},"place":"Internet","original_article_url":"","_links":{"self":[{"href":"https:\/\/www.pressenza.com\/es\/wp-json\/wp\/v2\/posts\/8880","targetHints":{"allow":["GET"]}}],"collection":[{"href":"https:\/\/www.pressenza.com\/es\/wp-json\/wp\/v2\/posts"}],"about":[{"href":"https:\/\/www.pressenza.com\/es\/wp-json\/wp\/v2\/types\/post"}],"author":[{"embeddable":true,"href":"https:\/\/www.pressenza.com\/es\/wp-json\/wp\/v2\/users\/10"}],"replies":[{"embeddable":true,"href":"https:\/\/www.pressenza.com\/es\/wp-json\/wp\/v2\/comments?post=8880"}],"version-history":[{"count":0,"href":"https:\/\/www.pressenza.com\/es\/wp-json\/wp\/v2\/posts\/8880\/revisions"}],"wp:attachment":[{"href":"https:\/\/www.pressenza.com\/es\/wp-json\/wp\/v2\/media?parent=8880"}],"wp:term":[{"taxonomy":"category","embeddable":true,"href":"https:\/\/www.pressenza.com\/es\/wp-json\/wp\/v2\/categories?post=8880"},{"taxonomy":"post_tag","embeddable":true,"href":"https:\/\/www.pressenza.com\/es\/wp-json\/wp\/v2\/tags?post=8880"}],"curies":[{"name":"wp","href":"https:\/\/api.w.org\/{rel}","templated":true}]}}