{"id":887988,"date":"2019-07-15T21:14:53","date_gmt":"2019-07-15T20:14:53","guid":{"rendered":"https:\/\/www.pressenza.com\/?p=887988"},"modified":"2019-07-15T21:14:53","modified_gmt":"2019-07-15T20:14:53","slug":"el-desencuentro-psoe-podemos-solo-beneficia-a-la-derecha-segun-el-partido-socialista-libre-federacion","status":"publish","type":"post","link":"https:\/\/www.pressenza.com\/es\/2019\/07\/el-desencuentro-psoe-podemos-solo-beneficia-a-la-derecha-segun-el-partido-socialista-libre-federacion\/","title":{"rendered":"El desencuentro PSOE-Podemos s\u00f3lo beneficia a la derecha, seg\u00fan el Partido Socialista Libre Federaci\u00f3n"},"content":{"rendered":"<p>En un comunicado que reproducimos a continuaci\u00f3n, el<a href=\"https:\/\/partidosocialistalibrefederacion.com\/conocenos\/\"> Partido Socialista Libre Federaci\u00f3n<\/a> -heredero de la que fuera una escisi\u00f3n del PSOE despu\u00e9s de que Felipe Gonz\u00e1lez firmara la entrada de Espa\u00f1a en la OTAN- pide que tanto PSOE\u00a0 como Podemos dejen a un lado los personalismos y negocien para llegar a buen puerto la formaci\u00f3n de un gobierno. Lo contrario, seg\u00fan el PSLF, s\u00f3lo beneficia a la derecha.<\/p>\n<p><strong>Comunicado<\/strong><\/p>\n<p>Estamos viviendo una situaci\u00f3n decepcionante ante el rumbo que han tomado las negociaciones para la investidura del presidente del gobierno Pedro S\u00e1nchez, que ya ha dado f\u00e1cticamente rotas las negociaciones, evidencia su posici\u00f3n cerrada a negociar con Podemos al tiempo que hace confusos llamamientos abstencionistas a la derecha Pablo Igl\u00e9sias, por su parte, mantiene una posici\u00f3n no menos cerrada que se sustenta en t\u00e9rminos personales y nominales qu\u00e9 no de programa, pretendiendo representar m\u00e1s que lo que representa.<\/p>\n<p>Nada que no surja de un acuerdo program\u00e1tico nos sirve, pues no lleva a ning\u00fan lado.<\/p>\n<p>Dejar de lado las fuerzas nacionalistas tampoco augura nada bueno ante una situaci\u00f3n cr\u00edtica para toda la ciudadan\u00eda.<\/p>\n<p>Ante esto llamamos nuevamente a la unidad para frenar a las derechas y constituir un gobierno que defienda los verdaderos intereses de la clase trabajadora. Las derechas mientras tanto se frotan las manos y encima hacen ver las necedades de las dos fuerzas parlamentarias en litigio.<\/p>\n<p>Ante esto, la gente espera respuestas a sus verdaderos problemas y a su desasosiego por lo que vendr\u00e1 :<\/p>\n<p><strong>\u00bf C\u00f3mo se garantizar\u00e1n las pensiones p\u00fablicas frente a modelos como la \u201cmochila austriaca\u201d que<\/strong><br \/>\n<strong>buscan privatizarlas?.<\/strong><\/p>\n<p><strong>\u00bfSe exigir\u00e1 a las patronales que cumplan con la subida del salario m\u00ednimo?<\/strong><\/p>\n<p><strong>\u00bfC\u00f3mo se reducir\u00e1n la brecha salarial, la feminizaci\u00f3n de la pobreza y la precariedad?.<\/strong><\/p>\n<p><strong>\u00bfSe pondr\u00e1 coto a los alquileres abusivos a precios de robo y la burbuja indecente del alquiler?.<\/strong><\/p>\n<p><strong>\u00bfC\u00f3mo se acabar\u00e1 con con la desigualdad cada vez mayor. el terrorismo machista, la precariedad?<\/strong><\/p>\n<p>Nada de esto est\u00e1 encima de la mesa.<\/p>\n<p>El programa de avance social exige unidad, la unidad de las y los trabajadores, una mayor\u00eda superior a la suma Pedro\/Pablo, exige un programa realista concreto y cerrado.<\/p>\n<p>En estos momentos, lo que se est\u00e1 provocando es el desconcierto de las clases populares y su hartazgo.<\/p>\n<p>Es por ello que decimos basta ya y exigimos un trabajo concreto y unitario, que no m\u00e1s debates medi\u00e1ticos, ruedas de prensa o excusas&#8230;<\/p>\n<p>Estamos hartos de los dos protagonistas del sainete.<\/p>\n","protected":false},"excerpt":{"rendered":"<p>En un comunicado que reproducimos a continuaci\u00f3n, el Partido Socialista Libre Federaci\u00f3n -heredero de la que fuera una escisi\u00f3n del PSOE despu\u00e9s de que Felipe Gonz\u00e1lez firmara la entrada de Espa\u00f1a en la OTAN- pide que tanto PSOE\u00a0 como Podemos&hellip;<\/p>\n","protected":false},"author":94,"featured_media":888026,"comment_status":"closed","ping_status":"closed","sticky":false,"template":"","format":"standard","meta":{"footnotes":""},"categories":[149,66,74,63],"tags":[23571,1065,8647,10642,1390],"class_list":["post-887988","post","type-post","status-publish","format-standard","has-post-thumbnail","hentry","category-comunicados-de-prensa","category-europa-es","category-politica-es","category-region-es","tag-conformacion-gobierno","tag-espana","tag-negociaciones","tag-podemos","tag-psoe"],"yoast_head":"<!-- This site is optimized with the Yoast SEO plugin v27.1.1 - https:\/\/yoast.com\/product\/yoast-seo-wordpress\/ -->\n<title>El desencuentro PSOE-Podemos s\u00f3lo beneficia a la derecha, seg\u00fan el Partido Socialista Libre Federaci\u00f3n<\/title>\n<meta name=\"description\" content=\"En un comunicado que reproducimos a continuaci\u00f3n, el Partido Socialista Libre Federaci\u00f3n -heredero de la que fuera una escisi\u00f3n del PSOE despu\u00e9s de que\" \/>\n<meta name=\"robots\" content=\"index, follow, max-snippet:-1, max-image-preview:large, max-video-preview:-1\" \/>\n<link rel=\"canonical\" href=\"https:\/\/www.pressenza.com\/es\/2019\/07\/el-desencuentro-psoe-podemos-solo-beneficia-a-la-derecha-segun-el-partido-socialista-libre-federacion\/\" \/>\n<meta property=\"og:locale\" content=\"es_ES\" \/>\n<meta property=\"og:type\" content=\"article\" \/>\n<meta property=\"og:title\" content=\"El desencuentro PSOE-Podemos s\u00f3lo beneficia a la derecha, seg\u00fan el Partido Socialista Libre Federaci\u00f3n\" \/>\n<meta property=\"og:description\" content=\"En un comunicado que reproducimos a continuaci\u00f3n, el Partido Socialista Libre Federaci\u00f3n -heredero de la que fuera una escisi\u00f3n del PSOE despu\u00e9s de que\" \/>\n<meta property=\"og:url\" content=\"https:\/\/www.pressenza.com\/es\/2019\/07\/el-desencuentro-psoe-podemos-solo-beneficia-a-la-derecha-segun-el-partido-socialista-libre-federacion\/\" \/>\n<meta property=\"og:site_name\" content=\"Pressenza\" \/>\n<meta property=\"article:publisher\" content=\"https:\/\/www.facebook.com\/PressenzaItalia\" \/>\n<meta property=\"article:author\" content=\"https:\/\/www.facebook.com\/pressenza\" \/>\n<meta property=\"article:published_time\" content=\"2019-07-15T20:14:53+00:00\" \/>\n<meta property=\"og:image\" content=\"https:\/\/www.pressenza.com\/wp-content\/uploads\/2019\/07\/Iglesias-Sanchez-gobierno-coalicion-Podemos_eldiario.es_.jpg\" \/>\n\t<meta property=\"og:image:width\" content=\"643\" \/>\n\t<meta property=\"og:image:height\" content=\"362\" \/>\n\t<meta property=\"og:image:type\" content=\"image\/jpeg\" \/>\n<meta name=\"author\" content=\"Redacci\u00f3n Madrid\" \/>\n<meta name=\"twitter:card\" content=\"summary_large_image\" \/>\n<meta name=\"twitter:creator\" content=\"@pressenza\" \/>\n<meta name=\"twitter:site\" content=\"@PressenzaIPA\" \/>\n<meta name=\"twitter:label1\" content=\"Escrito por\" \/>\n\t<meta name=\"twitter:data1\" content=\"Redacci\u00f3n Madrid\" \/>\n\t<meta name=\"twitter:label2\" content=\"Tiempo de lectura\" \/>\n\t<meta name=\"twitter:data2\" content=\"2 minutos\" \/>\n<script type=\"application\/ld+json\" class=\"yoast-schema-graph\">{\"@context\":\"https:\/\/schema.org\",\"@graph\":[{\"@type\":\"Article\",\"@id\":\"https:\/\/www.pressenza.com\/es\/2019\/07\/el-desencuentro-psoe-podemos-solo-beneficia-a-la-derecha-segun-el-partido-socialista-libre-federacion\/#article\",\"isPartOf\":{\"@id\":\"https:\/\/www.pressenza.com\/es\/2019\/07\/el-desencuentro-psoe-podemos-solo-beneficia-a-la-derecha-segun-el-partido-socialista-libre-federacion\/\"},\"author\":{\"name\":\"Redacci\u00f3n Madrid\",\"@id\":\"https:\/\/www.pressenza.com\/es\/#\/schema\/person\/828fc40eeca2ad7be3630e5a46adba94\"},\"headline\":\"El desencuentro PSOE-Podemos s\u00f3lo beneficia a la derecha, seg\u00fan el Partido Socialista Libre Federaci\u00f3n\",\"datePublished\":\"2019-07-15T20:14:53+00:00\",\"mainEntityOfPage\":{\"@id\":\"https:\/\/www.pressenza.com\/es\/2019\/07\/el-desencuentro-psoe-podemos-solo-beneficia-a-la-derecha-segun-el-partido-socialista-libre-federacion\/\"},\"wordCount\":457,\"publisher\":{\"@id\":\"https:\/\/www.pressenza.com\/es\/#organization\"},\"image\":{\"@id\":\"https:\/\/www.pressenza.com\/es\/2019\/07\/el-desencuentro-psoe-podemos-solo-beneficia-a-la-derecha-segun-el-partido-socialista-libre-federacion\/#primaryimage\"},\"thumbnailUrl\":\"https:\/\/www.pressenza.com\/wp-content\/uploads\/2019\/07\/Iglesias-Sanchez-gobierno-coalicion-Podemos_eldiario.es_.jpg\",\"keywords\":[\"Conformaci\u00f3n gobierno\",\"Espa\u00f1a\",\"negociaciones\",\"Podemos\",\"PSOE\"],\"articleSection\":[\"Comunicados de Prensa\",\"Europa\",\"Pol\u00edtica\",\"Regi\u00f3n\"],\"inLanguage\":\"es\"},{\"@type\":\"WebPage\",\"@id\":\"https:\/\/www.pressenza.com\/es\/2019\/07\/el-desencuentro-psoe-podemos-solo-beneficia-a-la-derecha-segun-el-partido-socialista-libre-federacion\/\",\"url\":\"https:\/\/www.pressenza.com\/es\/2019\/07\/el-desencuentro-psoe-podemos-solo-beneficia-a-la-derecha-segun-el-partido-socialista-libre-federacion\/\",\"name\":\"El desencuentro PSOE-Podemos s\u00f3lo beneficia a la derecha, seg\u00fan el Partido Socialista Libre Federaci\u00f3n\",\"isPartOf\":{\"@id\":\"https:\/\/www.pressenza.com\/es\/#website\"},\"primaryImageOfPage\":{\"@id\":\"https:\/\/www.pressenza.com\/es\/2019\/07\/el-desencuentro-psoe-podemos-solo-beneficia-a-la-derecha-segun-el-partido-socialista-libre-federacion\/#primaryimage\"},\"image\":{\"@id\":\"https:\/\/www.pressenza.com\/es\/2019\/07\/el-desencuentro-psoe-podemos-solo-beneficia-a-la-derecha-segun-el-partido-socialista-libre-federacion\/#primaryimage\"},\"thumbnailUrl\":\"https:\/\/www.pressenza.com\/wp-content\/uploads\/2019\/07\/Iglesias-Sanchez-gobierno-coalicion-Podemos_eldiario.es_.jpg\",\"datePublished\":\"2019-07-15T20:14:53+00:00\",\"description\":\"En un comunicado que reproducimos a continuaci\u00f3n, el Partido Socialista Libre Federaci\u00f3n -heredero de la que fuera una escisi\u00f3n del PSOE despu\u00e9s de que\",\"breadcrumb\":{\"@id\":\"https:\/\/www.pressenza.com\/es\/2019\/07\/el-desencuentro-psoe-podemos-solo-beneficia-a-la-derecha-segun-el-partido-socialista-libre-federacion\/#breadcrumb\"},\"inLanguage\":\"es\",\"potentialAction\":[{\"@type\":\"ReadAction\",\"target\":[\"https:\/\/www.pressenza.com\/es\/2019\/07\/el-desencuentro-psoe-podemos-solo-beneficia-a-la-derecha-segun-el-partido-socialista-libre-federacion\/\"]}]},{\"@type\":\"ImageObject\",\"inLanguage\":\"es\",\"@id\":\"https:\/\/www.pressenza.com\/es\/2019\/07\/el-desencuentro-psoe-podemos-solo-beneficia-a-la-derecha-segun-el-partido-socialista-libre-federacion\/#primaryimage\",\"url\":\"https:\/\/www.pressenza.com\/wp-content\/uploads\/2019\/07\/Iglesias-Sanchez-gobierno-coalicion-Podemos_eldiario.es_.jpg\",\"contentUrl\":\"https:\/\/www.pressenza.com\/wp-content\/uploads\/2019\/07\/Iglesias-Sanchez-gobierno-coalicion-Podemos_eldiario.es_.jpg\",\"width\":643,\"height\":362},{\"@type\":\"BreadcrumbList\",\"@id\":\"https:\/\/www.pressenza.com\/es\/2019\/07\/el-desencuentro-psoe-podemos-solo-beneficia-a-la-derecha-segun-el-partido-socialista-libre-federacion\/#breadcrumb\",\"itemListElement\":[{\"@type\":\"ListItem\",\"position\":1,\"name\":\"Accueil\",\"item\":\"https:\/\/www.pressenza.com\/es\/\"},{\"@type\":\"ListItem\",\"position\":2,\"name\":\"El desencuentro PSOE-Podemos s\u00f3lo beneficia a la derecha, seg\u00fan el Partido Socialista Libre Federaci\u00f3n\"}]},{\"@type\":\"WebSite\",\"@id\":\"https:\/\/www.pressenza.com\/es\/#website\",\"url\":\"https:\/\/www.pressenza.com\/es\/\",\"name\":\"Pressenza\",\"description\":\"International Press Agency\",\"publisher\":{\"@id\":\"https:\/\/www.pressenza.com\/es\/#organization\"},\"potentialAction\":[{\"@type\":\"SearchAction\",\"target\":{\"@type\":\"EntryPoint\",\"urlTemplate\":\"https:\/\/www.pressenza.com\/es\/?s={search_term_string}\"},\"query-input\":{\"@type\":\"PropertyValueSpecification\",\"valueRequired\":true,\"valueName\":\"search_term_string\"}}],\"inLanguage\":\"es\"},{\"@type\":\"Organization\",\"@id\":\"https:\/\/www.pressenza.com\/es\/#organization\",\"name\":\"Pressenza\",\"url\":\"https:\/\/www.pressenza.com\/es\/\",\"logo\":{\"@type\":\"ImageObject\",\"inLanguage\":\"es\",\"@id\":\"https:\/\/www.pressenza.com\/es\/#\/schema\/logo\/image\/\",\"url\":\"https:\/\/www.pressenza.com\/wp-content\/uploads\/2022\/10\/pressenza_logo_200x200.jpg\",\"contentUrl\":\"https:\/\/www.pressenza.com\/wp-content\/uploads\/2022\/10\/pressenza_logo_200x200.jpg\",\"width\":200,\"height\":200,\"caption\":\"Pressenza\"},\"image\":{\"@id\":\"https:\/\/www.pressenza.com\/es\/#\/schema\/logo\/image\/\"},\"sameAs\":[\"https:\/\/www.facebook.com\/PressenzaItalia\",\"https:\/\/x.com\/PressenzaIPA\"]},{\"@type\":\"Person\",\"@id\":\"https:\/\/www.pressenza.com\/es\/#\/schema\/person\/828fc40eeca2ad7be3630e5a46adba94\",\"name\":\"Redacci\u00f3n Madrid\",\"description\":\"News from the Pressenza Bureau in Madrid, Spain\",\"sameAs\":[\"https:\/\/www.facebook.com\/pressenza\",\"https:\/\/x.com\/pressenza\"],\"url\":\"https:\/\/www.pressenza.com\/es\/author\/redaccion-madrid\/\"}]}<\/script>\n<!-- \/ Yoast SEO plugin. -->","yoast_head_json":{"title":"El desencuentro PSOE-Podemos s\u00f3lo beneficia a la derecha, seg\u00fan el Partido Socialista Libre Federaci\u00f3n","description":"En un comunicado que reproducimos a continuaci\u00f3n, el Partido Socialista Libre Federaci\u00f3n -heredero de la que fuera una escisi\u00f3n del PSOE despu\u00e9s de que","robots":{"index":"index","follow":"follow","max-snippet":"max-snippet:-1","max-image-preview":"max-image-preview:large","max-video-preview":"max-video-preview:-1"},"canonical":"https:\/\/www.pressenza.com\/es\/2019\/07\/el-desencuentro-psoe-podemos-solo-beneficia-a-la-derecha-segun-el-partido-socialista-libre-federacion\/","og_locale":"es_ES","og_type":"article","og_title":"El desencuentro PSOE-Podemos s\u00f3lo beneficia a la derecha, seg\u00fan el Partido Socialista Libre Federaci\u00f3n","og_description":"En un comunicado que reproducimos a continuaci\u00f3n, el Partido Socialista Libre Federaci\u00f3n -heredero de la que fuera una escisi\u00f3n del PSOE despu\u00e9s de que","og_url":"https:\/\/www.pressenza.com\/es\/2019\/07\/el-desencuentro-psoe-podemos-solo-beneficia-a-la-derecha-segun-el-partido-socialista-libre-federacion\/","og_site_name":"Pressenza","article_publisher":"https:\/\/www.facebook.com\/PressenzaItalia","article_author":"https:\/\/www.facebook.com\/pressenza","article_published_time":"2019-07-15T20:14:53+00:00","og_image":[{"width":643,"height":362,"url":"https:\/\/www.pressenza.com\/wp-content\/uploads\/2019\/07\/Iglesias-Sanchez-gobierno-coalicion-Podemos_eldiario.es_.jpg","type":"image\/jpeg"}],"author":"Redacci\u00f3n Madrid","twitter_card":"summary_large_image","twitter_creator":"@pressenza","twitter_site":"@PressenzaIPA","twitter_misc":{"Escrito por":"Redacci\u00f3n Madrid","Tiempo de lectura":"2 minutos"},"schema":{"@context":"https:\/\/schema.org","@graph":[{"@type":"Article","@id":"https:\/\/www.pressenza.com\/es\/2019\/07\/el-desencuentro-psoe-podemos-solo-beneficia-a-la-derecha-segun-el-partido-socialista-libre-federacion\/#article","isPartOf":{"@id":"https:\/\/www.pressenza.com\/es\/2019\/07\/el-desencuentro-psoe-podemos-solo-beneficia-a-la-derecha-segun-el-partido-socialista-libre-federacion\/"},"author":{"name":"Redacci\u00f3n Madrid","@id":"https:\/\/www.pressenza.com\/es\/#\/schema\/person\/828fc40eeca2ad7be3630e5a46adba94"},"headline":"El desencuentro PSOE-Podemos s\u00f3lo beneficia a la derecha, seg\u00fan el Partido Socialista Libre Federaci\u00f3n","datePublished":"2019-07-15T20:14:53+00:00","mainEntityOfPage":{"@id":"https:\/\/www.pressenza.com\/es\/2019\/07\/el-desencuentro-psoe-podemos-solo-beneficia-a-la-derecha-segun-el-partido-socialista-libre-federacion\/"},"wordCount":457,"publisher":{"@id":"https:\/\/www.pressenza.com\/es\/#organization"},"image":{"@id":"https:\/\/www.pressenza.com\/es\/2019\/07\/el-desencuentro-psoe-podemos-solo-beneficia-a-la-derecha-segun-el-partido-socialista-libre-federacion\/#primaryimage"},"thumbnailUrl":"https:\/\/www.pressenza.com\/wp-content\/uploads\/2019\/07\/Iglesias-Sanchez-gobierno-coalicion-Podemos_eldiario.es_.jpg","keywords":["Conformaci\u00f3n gobierno","Espa\u00f1a","negociaciones","Podemos","PSOE"],"articleSection":["Comunicados de Prensa","Europa","Pol\u00edtica","Regi\u00f3n"],"inLanguage":"es"},{"@type":"WebPage","@id":"https:\/\/www.pressenza.com\/es\/2019\/07\/el-desencuentro-psoe-podemos-solo-beneficia-a-la-derecha-segun-el-partido-socialista-libre-federacion\/","url":"https:\/\/www.pressenza.com\/es\/2019\/07\/el-desencuentro-psoe-podemos-solo-beneficia-a-la-derecha-segun-el-partido-socialista-libre-federacion\/","name":"El desencuentro PSOE-Podemos s\u00f3lo beneficia a la derecha, seg\u00fan el Partido Socialista Libre Federaci\u00f3n","isPartOf":{"@id":"https:\/\/www.pressenza.com\/es\/#website"},"primaryImageOfPage":{"@id":"https:\/\/www.pressenza.com\/es\/2019\/07\/el-desencuentro-psoe-podemos-solo-beneficia-a-la-derecha-segun-el-partido-socialista-libre-federacion\/#primaryimage"},"image":{"@id":"https:\/\/www.pressenza.com\/es\/2019\/07\/el-desencuentro-psoe-podemos-solo-beneficia-a-la-derecha-segun-el-partido-socialista-libre-federacion\/#primaryimage"},"thumbnailUrl":"https:\/\/www.pressenza.com\/wp-content\/uploads\/2019\/07\/Iglesias-Sanchez-gobierno-coalicion-Podemos_eldiario.es_.jpg","datePublished":"2019-07-15T20:14:53+00:00","description":"En un comunicado que reproducimos a continuaci\u00f3n, el Partido Socialista Libre Federaci\u00f3n -heredero de la que fuera una escisi\u00f3n del PSOE despu\u00e9s de que","breadcrumb":{"@id":"https:\/\/www.pressenza.com\/es\/2019\/07\/el-desencuentro-psoe-podemos-solo-beneficia-a-la-derecha-segun-el-partido-socialista-libre-federacion\/#breadcrumb"},"inLanguage":"es","potentialAction":[{"@type":"ReadAction","target":["https:\/\/www.pressenza.com\/es\/2019\/07\/el-desencuentro-psoe-podemos-solo-beneficia-a-la-derecha-segun-el-partido-socialista-libre-federacion\/"]}]},{"@type":"ImageObject","inLanguage":"es","@id":"https:\/\/www.pressenza.com\/es\/2019\/07\/el-desencuentro-psoe-podemos-solo-beneficia-a-la-derecha-segun-el-partido-socialista-libre-federacion\/#primaryimage","url":"https:\/\/www.pressenza.com\/wp-content\/uploads\/2019\/07\/Iglesias-Sanchez-gobierno-coalicion-Podemos_eldiario.es_.jpg","contentUrl":"https:\/\/www.pressenza.com\/wp-content\/uploads\/2019\/07\/Iglesias-Sanchez-gobierno-coalicion-Podemos_eldiario.es_.jpg","width":643,"height":362},{"@type":"BreadcrumbList","@id":"https:\/\/www.pressenza.com\/es\/2019\/07\/el-desencuentro-psoe-podemos-solo-beneficia-a-la-derecha-segun-el-partido-socialista-libre-federacion\/#breadcrumb","itemListElement":[{"@type":"ListItem","position":1,"name":"Accueil","item":"https:\/\/www.pressenza.com\/es\/"},{"@type":"ListItem","position":2,"name":"El desencuentro PSOE-Podemos s\u00f3lo beneficia a la derecha, seg\u00fan el Partido Socialista Libre Federaci\u00f3n"}]},{"@type":"WebSite","@id":"https:\/\/www.pressenza.com\/es\/#website","url":"https:\/\/www.pressenza.com\/es\/","name":"Pressenza","description":"International Press Agency","publisher":{"@id":"https:\/\/www.pressenza.com\/es\/#organization"},"potentialAction":[{"@type":"SearchAction","target":{"@type":"EntryPoint","urlTemplate":"https:\/\/www.pressenza.com\/es\/?s={search_term_string}"},"query-input":{"@type":"PropertyValueSpecification","valueRequired":true,"valueName":"search_term_string"}}],"inLanguage":"es"},{"@type":"Organization","@id":"https:\/\/www.pressenza.com\/es\/#organization","name":"Pressenza","url":"https:\/\/www.pressenza.com\/es\/","logo":{"@type":"ImageObject","inLanguage":"es","@id":"https:\/\/www.pressenza.com\/es\/#\/schema\/logo\/image\/","url":"https:\/\/www.pressenza.com\/wp-content\/uploads\/2022\/10\/pressenza_logo_200x200.jpg","contentUrl":"https:\/\/www.pressenza.com\/wp-content\/uploads\/2022\/10\/pressenza_logo_200x200.jpg","width":200,"height":200,"caption":"Pressenza"},"image":{"@id":"https:\/\/www.pressenza.com\/es\/#\/schema\/logo\/image\/"},"sameAs":["https:\/\/www.facebook.com\/PressenzaItalia","https:\/\/x.com\/PressenzaIPA"]},{"@type":"Person","@id":"https:\/\/www.pressenza.com\/es\/#\/schema\/person\/828fc40eeca2ad7be3630e5a46adba94","name":"Redacci\u00f3n Madrid","description":"News from the Pressenza Bureau in Madrid, Spain","sameAs":["https:\/\/www.facebook.com\/pressenza","https:\/\/x.com\/pressenza"],"url":"https:\/\/www.pressenza.com\/es\/author\/redaccion-madrid\/"}]}},"place":"Madrid","original_article_url":"","_links":{"self":[{"href":"https:\/\/www.pressenza.com\/es\/wp-json\/wp\/v2\/posts\/887988","targetHints":{"allow":["GET"]}}],"collection":[{"href":"https:\/\/www.pressenza.com\/es\/wp-json\/wp\/v2\/posts"}],"about":[{"href":"https:\/\/www.pressenza.com\/es\/wp-json\/wp\/v2\/types\/post"}],"author":[{"embeddable":true,"href":"https:\/\/www.pressenza.com\/es\/wp-json\/wp\/v2\/users\/94"}],"replies":[{"embeddable":true,"href":"https:\/\/www.pressenza.com\/es\/wp-json\/wp\/v2\/comments?post=887988"}],"version-history":[{"count":0,"href":"https:\/\/www.pressenza.com\/es\/wp-json\/wp\/v2\/posts\/887988\/revisions"}],"wp:featuredmedia":[{"embeddable":true,"href":"https:\/\/www.pressenza.com\/es\/wp-json\/wp\/v2\/media\/888026"}],"wp:attachment":[{"href":"https:\/\/www.pressenza.com\/es\/wp-json\/wp\/v2\/media?parent=887988"}],"wp:term":[{"taxonomy":"category","embeddable":true,"href":"https:\/\/www.pressenza.com\/es\/wp-json\/wp\/v2\/categories?post=887988"},{"taxonomy":"post_tag","embeddable":true,"href":"https:\/\/www.pressenza.com\/es\/wp-json\/wp\/v2\/tags?post=887988"}],"curies":[{"name":"wp","href":"https:\/\/api.w.org\/{rel}","templated":true}]}}