{"id":887390,"date":"2019-07-14T18:09:25","date_gmt":"2019-07-14T17:09:25","guid":{"rendered":"https:\/\/www.pressenza.com\/?p=887390"},"modified":"2019-07-14T18:09:25","modified_gmt":"2019-07-14T17:09:25","slug":"asi-fue-el-apagon-que-dejo-a-miles-de-personas-sin-luz-en-nueva-york","status":"publish","type":"post","link":"https:\/\/www.pressenza.com\/es\/2019\/07\/asi-fue-el-apagon-que-dejo-a-miles-de-personas-sin-luz-en-nueva-york\/","title":{"rendered":"As\u00ed fue el apag\u00f3n que dej\u00f3 a miles de personas sin luz en Nueva York"},"content":{"rendered":"<h3 class=\"has-drop-cap\" style=\"padding-left: 30px;\"><strong>El director ejecutivo de la empresa Consolidated Edison (ConEd), la mayor energ\u00e9tica de EE.UU., anunci\u00f3 que se quedaron sin electricidad alrededor de 73.000 de sus clientes<\/strong>\u00a0<strong>en Nueva York.<\/strong><\/h3>\n<p>La\u00a0<strong>explosi\u00f3n de un transformador el\u00e9ctrico caus\u00f3 un apag\u00f3n<\/strong>\u00a0la tarde de este s\u00e1bado en el distrito de\u00a0<strong>Manhattan, Nueva York (Estados Unidos)<\/strong>. Tras el incidente m\u00e1s de\u00a0<strong>42.000 personas<\/strong>\u00a0se vieron afectadas, de acuerdo con el reporte de las autoridades locales.<\/p>\n<p>\u00abEl causal del hecho fue la\u00a0<strong>explosi\u00f3n de un transformador el\u00e9ctrico<\/strong>, en la intersecci\u00f3n de las calles West 64th Street y West End Avenue\u00bb, inform\u00f3 el Cuerpo de Bomberos de la localidad.<\/p>\n<p>El alcalde de la ciudad,\u00a0<strong>Bill de Blasio<\/strong>, aclar\u00f3 que se trat\u00f3 \u201cde un\u00a0<strong>problema mec\u00e1nico<\/strong>\u00a0que no est\u00e1 relacionado con ning\u00fan\u00a0<strong>juego sucio<\/strong>\u00ab.<\/p>\n<figure class=\"wp-block-image\"><img decoding=\"async\" class=\"jetpack-lazy-image jetpack-lazy-image--handled\" src=\"https:\/\/i2.wp.com\/www.lavanguardia.com\/r\/GODO\/LV\/p6\/WebSite\/2019\/07\/14\/Recortada\/AFP_1IQ3AC_20190714093634893-161-kAXH--656x412@LaVanguardia-Web.jpg?w=696&amp;ssl=1\" alt=\"Gente cruza una calle de Manhattan a oscuras tras el corte de suministro el\u00c3\u00a9ctrico\" data-recalc-dims=\"1\" data-lazy-loaded=\"1\" \/><figcaption><strong>Gente cruza una calle de Manhattan a oscuras tras el corte de suministro el\u00e9ctrico (Johannes Eisele \/ AFP)<\/strong><\/figcaption><\/figure>\n<p>El sistema de metro, los hospitales y locales comerciales suspendieron sus servicios por la falta de electricidad. Los\u00a0<strong>neoyorquinos pasaron alrededor de cinco horas sin luz<\/strong>, hasta que fue restablecido el suministro el\u00e9ctrico.<\/p>\n<p>Tambi\u00e9n<strong>\u00a0se atascaron ascensores en edificios\u00a0<\/strong>de la zona afectada como el Rockefeller Center, uno de los inmuebles de la ciudad de Nueva York m\u00e1s emblem\u00e1ticos.<\/p>\n<figure class=\"wp-block-image\"><img decoding=\"async\" class=\"jetpack-lazy-image jetpack-lazy-image--handled\" src=\"https:\/\/i1.wp.com\/www.lavanguardia.com\/r\/GODO\/LV\/p6\/WebSite\/2019\/07\/14\/Recortada\/20190714-636986791223536990_20190714053418486-kAXH--656x437@LaVanguardia-Web.jpg?w=696&amp;ssl=1\" alt=\"El Columbus Circle de Manhattan tambi\u00c3\u00a9n se vio sumido en la oscuridad\" data-recalc-dims=\"1\" data-lazy-loaded=\"1\" \/><figcaption><strong>El Columbus Circle de Manhattan tambi\u00e9n se vio sumido en la oscuridad (Jason Szenes \/ EFE)<\/strong><\/figcaption><\/figure>\n<p>\u201cEn un primer momento varias personas presentes en la zona aseguraron\u00a0que hab\u00edan escuchado una gran\u00a0<strong>explosi\u00f3n\u00a0<\/strong>justo antes de quedarse sin\u00a0<strong>luz<\/strong>. Una versi\u00f3n preliminar indic\u00f3 que el fallo se habr\u00eda originado en el sistema de alcantarillado del centro de esa ciudad\u201d, rese\u00f1\u00f3 el medio internacional\u00a0<strong>Rt<\/strong>.<\/p>\n<p>Otro testigo public\u00f3 en la red social Twitter: \u00abSirenas y camiones por todos lados, todos simplemente est\u00e1n parados fuera de sus edificios\u00bb, escribi\u00f3 una residente de\u00a0<strong>Nueva York<\/strong>, a la que contestaron \u00abLo mismo (sucede) aqu\u00ed, en el (complejo)\u00a0<strong>Lincoln Center<\/strong>, y nadie parece saber qu\u00e9 est\u00e1 pasando\u00bb.<\/p>\n<figure class=\"wp-block-image\"><img decoding=\"async\" class=\"jetpack-lazy-image jetpack-lazy-image--handled\" src=\"https:\/\/i0.wp.com\/www.lavanguardia.com\/r\/GODO\/LV\/p6\/WebSite\/2019\/07\/14\/Recortada\/20190714-636986791217443140_20190714053418062-kAXH--656x429@LaVanguardia-Web.jpg?w=696&amp;ssl=1\" alt=\"La S\u00c3\u00a9ptima Avenida, cerca de Carnagie Hall en Manhattan, durante el apag\u00c3\u00b3n\" data-recalc-dims=\"1\" data-lazy-loaded=\"1\" \/><figcaption><strong>La S\u00e9ptima Avenida, cerca de Carnagie Hall en Manhattan, durante el apag\u00f3n (Jason Szenes \/ EFE)<\/strong><\/figcaption><\/figure>\n<p>Por su parte, el director ejecutivo de la empresa\u00a0<strong>Consolidated Edison (ConEd)<\/strong>, la mayor energ\u00e9tica de\u00a0<strong>EE.UU.<\/strong>, anunci\u00f3 en una conferencia de prensa que se\u00a0<strong>quedaron sin electricidad alrededor de 73.000 de sus clientes<\/strong>.<\/p>\n<p>Algunas im\u00e1genes compartidas en las redes sociales muestran que tambi\u00e9n se apagaron las pantallas gigantes de\u00a0<strong>Times Square.<\/strong><\/p>\n<figure class=\"wp-block-image\"><img decoding=\"async\" class=\"jetpack-lazy-image jetpack-lazy-image--handled\" src=\"https:\/\/i1.wp.com\/www.lavanguardia.com\/r\/GODO\/LV\/p6\/WebSite\/2019\/07\/14\/Recortada\/AFP_1IQ3A9_20190714093603430-144-kAXH--656x396@LaVanguardia-Web.jpg?w=696&amp;ssl=1\" alt=\"Los rascacielos de Manhattan, a oscuras\" data-recalc-dims=\"1\" data-lazy-loaded=\"1\" \/><figcaption>Los rascacielos de Manhattan, a oscuras (Johannes Eisele \/ AFP)<\/figcaption><\/figure>\n<p>Este corte de energ\u00eda tiene lugar cuando se cumplen 42 a\u00f1os<strong>\u00a0de otro apag\u00f3n<\/strong>\u00a0que\u00a0dej\u00f3 a\u00a0Nueva York y el condado de Westchester en la oscuridad durante la noche del 13 a 14 de julio de 1977.<\/p>\n<figure class=\"wp-block-image\"><img decoding=\"async\" class=\"jetpack-lazy-image jetpack-lazy-image--handled\" src=\"https:\/\/i1.wp.com\/www.lavanguardia.com\/r\/GODO\/LV\/p6\/WebSite\/2019\/07\/14\/Recortada\/AFP_1IQ2GT_20190714093558977-kAXH--656x383@LaVanguardia-Web.jpg?w=696&amp;ssl=1\" alt=\"Gente caminando por las calles oscuras de Nueva York durante el apag\u00c3\u00b3n\" data-recalc-dims=\"1\" data-lazy-loaded=\"1\" \/><figcaption>Gente caminando por las calles oscuras de Nueva York durante el apag\u00f3n (Timothy A. Clary \/ AFP)<\/figcaption><\/figure>\n<p><strong>Segundo incidente en Nueva York<\/strong><\/p>\n<p>Aproximadamente, hace seis meses la empresa el\u00e9ctrica\u00a0<strong>ConEd<\/strong>, enfrent\u00f3 otro incidente al presentarse el estallido de un tubo que arroj\u00f3 vapor cargado de asbesto al aire en\u00a0<strong>Manhattan<\/strong>, lo que ocasion\u00f3 que\u00a0<strong>varias personas evacuaran sus viviendas y centros de trabajo<\/strong>.<\/p>\n<figure class=\"wp-block-embed-youtube wp-block-embed is-type-video is-provider-youtube wp-embed-aspect-16-9 wp-has-aspect-ratio\">\n<div class=\"wp-block-embed__wrapper\"><iframe loading=\"lazy\" title=\"Nueva York desde el aire tras el apag\u00f3n\" src=\"https:\/\/www.youtube.com\/embed\/PSRIedda8F4?feature=oembed\" width=\"100%\" height=\"392\" frameborder=\"0\" allowfullscreen=\"allowfullscreen\" data-mce-fragment=\"1\"><\/iframe><\/div>\n<\/figure>\n<p>Con informaci\u00f3n de Rt, Telesur y La Vanguradia<\/p>\n","protected":false},"excerpt":{"rendered":"<p>El director ejecutivo de la empresa Consolidated Edison (ConEd), la mayor energ\u00e9tica de EE.UU., anunci\u00f3 que se quedaron sin electricidad alrededor de 73.000 de sus clientes\u00a0en Nueva York. La\u00a0explosi\u00f3n de un transformador el\u00e9ctrico caus\u00f3 un apag\u00f3n\u00a0la tarde de este s\u00e1bado&hellip;<\/p>\n","protected":false},"author":616,"featured_media":887391,"comment_status":"closed","ping_status":"closed","sticky":false,"template":"","format":"standard","meta":{"footnotes":""},"categories":[68],"tags":[53380,25684,17361],"class_list":["post-887390","post","type-post","status-publish","format-standard","has-post-thumbnail","hentry","category-norteamerica","tag-apagon","tag-energia-electrica","tag-nueva-york"],"yoast_head":"<!-- This site is optimized with the Yoast SEO plugin v27.1.1 - https:\/\/yoast.com\/product\/yoast-seo-wordpress\/ -->\n<title>As\u00ed fue el apag\u00f3n que dej\u00f3 a miles de personas sin luz en Nueva York<\/title>\n<meta name=\"description\" content=\"El director ejecutivo de la empresa Consolidated Edison (ConEd), la mayor energ\u00e9tica de EE.UU., anunci\u00f3 que se quedaron sin electricidad alrededor de\" \/>\n<meta name=\"robots\" content=\"index, follow, max-snippet:-1, max-image-preview:large, max-video-preview:-1\" \/>\n<link rel=\"canonical\" href=\"https:\/\/www.pressenza.com\/es\/2019\/07\/asi-fue-el-apagon-que-dejo-a-miles-de-personas-sin-luz-en-nueva-york\/\" \/>\n<meta property=\"og:locale\" content=\"es_ES\" \/>\n<meta property=\"og:type\" content=\"article\" \/>\n<meta property=\"og:title\" content=\"As\u00ed fue el apag\u00f3n que dej\u00f3 a miles de personas sin luz en Nueva York\" \/>\n<meta property=\"og:description\" content=\"El director ejecutivo de la empresa Consolidated Edison (ConEd), la mayor energ\u00e9tica de EE.UU., anunci\u00f3 que se quedaron sin electricidad alrededor de\" \/>\n<meta property=\"og:url\" content=\"https:\/\/www.pressenza.com\/es\/2019\/07\/asi-fue-el-apagon-que-dejo-a-miles-de-personas-sin-luz-en-nueva-york\/\" \/>\n<meta property=\"og:site_name\" content=\"Pressenza\" \/>\n<meta property=\"article:publisher\" content=\"https:\/\/www.facebook.com\/PressenzaItalia\" \/>\n<meta property=\"article:published_time\" content=\"2019-07-14T17:09:25+00:00\" \/>\n<meta property=\"og:image\" content=\"https:\/\/www.pressenza.com\/wp-content\/uploads\/2019\/07\/nueva-york-apag\u00f3n.jpg\" \/>\n\t<meta property=\"og:image:width\" content=\"800\" \/>\n\t<meta property=\"og:image:height\" content=\"532\" \/>\n\t<meta property=\"og:image:type\" content=\"image\/jpeg\" \/>\n<meta name=\"author\" content=\"El Ciudadano\" \/>\n<meta name=\"twitter:card\" content=\"summary_large_image\" \/>\n<meta name=\"twitter:creator\" content=\"@PressenzaIPA\" \/>\n<meta name=\"twitter:site\" content=\"@PressenzaIPA\" \/>\n<meta name=\"twitter:label1\" content=\"Escrito por\" \/>\n\t<meta name=\"twitter:data1\" content=\"El Ciudadano\" \/>\n\t<meta name=\"twitter:label2\" content=\"Tiempo de lectura\" \/>\n\t<meta name=\"twitter:data2\" content=\"3 minutos\" \/>\n<script type=\"application\/ld+json\" class=\"yoast-schema-graph\">{\"@context\":\"https:\/\/schema.org\",\"@graph\":[{\"@type\":\"Article\",\"@id\":\"https:\/\/www.pressenza.com\/es\/2019\/07\/asi-fue-el-apagon-que-dejo-a-miles-de-personas-sin-luz-en-nueva-york\/#article\",\"isPartOf\":{\"@id\":\"https:\/\/www.pressenza.com\/es\/2019\/07\/asi-fue-el-apagon-que-dejo-a-miles-de-personas-sin-luz-en-nueva-york\/\"},\"author\":{\"name\":\"El Ciudadano\",\"@id\":\"https:\/\/www.pressenza.com\/es\/#\/schema\/person\/6522eecb4cd68e074b27e251e4b04ef8\"},\"headline\":\"As\u00ed fue el apag\u00f3n que dej\u00f3 a miles de personas sin luz en Nueva York\",\"datePublished\":\"2019-07-14T17:09:25+00:00\",\"mainEntityOfPage\":{\"@id\":\"https:\/\/www.pressenza.com\/es\/2019\/07\/asi-fue-el-apagon-que-dejo-a-miles-de-personas-sin-luz-en-nueva-york\/\"},\"wordCount\":542,\"publisher\":{\"@id\":\"https:\/\/www.pressenza.com\/es\/#organization\"},\"image\":{\"@id\":\"https:\/\/www.pressenza.com\/es\/2019\/07\/asi-fue-el-apagon-que-dejo-a-miles-de-personas-sin-luz-en-nueva-york\/#primaryimage\"},\"thumbnailUrl\":\"https:\/\/www.pressenza.com\/wp-content\/uploads\/2019\/07\/nueva-york-apag\u00f3n.jpg\",\"keywords\":[\"apag\u00f3n\",\"energ\u00eda el\u00e9ctrica\",\"Nueva York\"],\"articleSection\":[\"Norteam\u00e9rica\"],\"inLanguage\":\"es\"},{\"@type\":\"WebPage\",\"@id\":\"https:\/\/www.pressenza.com\/es\/2019\/07\/asi-fue-el-apagon-que-dejo-a-miles-de-personas-sin-luz-en-nueva-york\/\",\"url\":\"https:\/\/www.pressenza.com\/es\/2019\/07\/asi-fue-el-apagon-que-dejo-a-miles-de-personas-sin-luz-en-nueva-york\/\",\"name\":\"As\u00ed fue el apag\u00f3n que dej\u00f3 a miles de personas sin luz en Nueva York\",\"isPartOf\":{\"@id\":\"https:\/\/www.pressenza.com\/es\/#website\"},\"primaryImageOfPage\":{\"@id\":\"https:\/\/www.pressenza.com\/es\/2019\/07\/asi-fue-el-apagon-que-dejo-a-miles-de-personas-sin-luz-en-nueva-york\/#primaryimage\"},\"image\":{\"@id\":\"https:\/\/www.pressenza.com\/es\/2019\/07\/asi-fue-el-apagon-que-dejo-a-miles-de-personas-sin-luz-en-nueva-york\/#primaryimage\"},\"thumbnailUrl\":\"https:\/\/www.pressenza.com\/wp-content\/uploads\/2019\/07\/nueva-york-apag\u00f3n.jpg\",\"datePublished\":\"2019-07-14T17:09:25+00:00\",\"description\":\"El director ejecutivo de la empresa Consolidated Edison (ConEd), la mayor energ\u00e9tica de EE.UU., anunci\u00f3 que se quedaron sin electricidad alrededor de\",\"breadcrumb\":{\"@id\":\"https:\/\/www.pressenza.com\/es\/2019\/07\/asi-fue-el-apagon-que-dejo-a-miles-de-personas-sin-luz-en-nueva-york\/#breadcrumb\"},\"inLanguage\":\"es\",\"potentialAction\":[{\"@type\":\"ReadAction\",\"target\":[\"https:\/\/www.pressenza.com\/es\/2019\/07\/asi-fue-el-apagon-que-dejo-a-miles-de-personas-sin-luz-en-nueva-york\/\"]}]},{\"@type\":\"ImageObject\",\"inLanguage\":\"es\",\"@id\":\"https:\/\/www.pressenza.com\/es\/2019\/07\/asi-fue-el-apagon-que-dejo-a-miles-de-personas-sin-luz-en-nueva-york\/#primaryimage\",\"url\":\"https:\/\/www.pressenza.com\/wp-content\/uploads\/2019\/07\/nueva-york-apag\u00f3n.jpg\",\"contentUrl\":\"https:\/\/www.pressenza.com\/wp-content\/uploads\/2019\/07\/nueva-york-apag\u00f3n.jpg\",\"width\":800,\"height\":532},{\"@type\":\"BreadcrumbList\",\"@id\":\"https:\/\/www.pressenza.com\/es\/2019\/07\/asi-fue-el-apagon-que-dejo-a-miles-de-personas-sin-luz-en-nueva-york\/#breadcrumb\",\"itemListElement\":[{\"@type\":\"ListItem\",\"position\":1,\"name\":\"Accueil\",\"item\":\"https:\/\/www.pressenza.com\/es\/\"},{\"@type\":\"ListItem\",\"position\":2,\"name\":\"As\u00ed fue el apag\u00f3n que dej\u00f3 a miles de personas sin luz en Nueva York\"}]},{\"@type\":\"WebSite\",\"@id\":\"https:\/\/www.pressenza.com\/es\/#website\",\"url\":\"https:\/\/www.pressenza.com\/es\/\",\"name\":\"Pressenza\",\"description\":\"International Press Agency\",\"publisher\":{\"@id\":\"https:\/\/www.pressenza.com\/es\/#organization\"},\"potentialAction\":[{\"@type\":\"SearchAction\",\"target\":{\"@type\":\"EntryPoint\",\"urlTemplate\":\"https:\/\/www.pressenza.com\/es\/?s={search_term_string}\"},\"query-input\":{\"@type\":\"PropertyValueSpecification\",\"valueRequired\":true,\"valueName\":\"search_term_string\"}}],\"inLanguage\":\"es\"},{\"@type\":\"Organization\",\"@id\":\"https:\/\/www.pressenza.com\/es\/#organization\",\"name\":\"Pressenza\",\"url\":\"https:\/\/www.pressenza.com\/es\/\",\"logo\":{\"@type\":\"ImageObject\",\"inLanguage\":\"es\",\"@id\":\"https:\/\/www.pressenza.com\/es\/#\/schema\/logo\/image\/\",\"url\":\"https:\/\/www.pressenza.com\/wp-content\/uploads\/2022\/10\/pressenza_logo_200x200.jpg\",\"contentUrl\":\"https:\/\/www.pressenza.com\/wp-content\/uploads\/2022\/10\/pressenza_logo_200x200.jpg\",\"width\":200,\"height\":200,\"caption\":\"Pressenza\"},\"image\":{\"@id\":\"https:\/\/www.pressenza.com\/es\/#\/schema\/logo\/image\/\"},\"sameAs\":[\"https:\/\/www.facebook.com\/PressenzaItalia\",\"https:\/\/x.com\/PressenzaIPA\"]},{\"@type\":\"Person\",\"@id\":\"https:\/\/www.pressenza.com\/es\/#\/schema\/person\/6522eecb4cd68e074b27e251e4b04ef8\",\"name\":\"El Ciudadano\",\"description\":\"El Ciudadano es un medio de comunicaci\u00f3n de circulaci\u00f3n mensual en papel y de funcionamiento diario en la web. Forma parte de la Red de Medios de los Pueblos por lo que se declara como un medio del Tercer Sector para romper el cerco informativo. El Ciudadano es una publicaci\u00f3n que busca elevar desde lo local a lo global las demandas de la organizaci\u00f3n social chilena como tambi\u00e9n promover la acci\u00f3n directa de la ciudadan\u00eda por su derecho a autodeterminaci\u00f3n. elciudadano.cl\",\"url\":\"https:\/\/www.pressenza.com\/es\/author\/el-ciudadano\/\"}]}<\/script>\n<!-- \/ Yoast SEO plugin. -->","yoast_head_json":{"title":"As\u00ed fue el apag\u00f3n que dej\u00f3 a miles de personas sin luz en Nueva York","description":"El director ejecutivo de la empresa Consolidated Edison (ConEd), la mayor energ\u00e9tica de EE.UU., anunci\u00f3 que se quedaron sin electricidad alrededor de","robots":{"index":"index","follow":"follow","max-snippet":"max-snippet:-1","max-image-preview":"max-image-preview:large","max-video-preview":"max-video-preview:-1"},"canonical":"https:\/\/www.pressenza.com\/es\/2019\/07\/asi-fue-el-apagon-que-dejo-a-miles-de-personas-sin-luz-en-nueva-york\/","og_locale":"es_ES","og_type":"article","og_title":"As\u00ed fue el apag\u00f3n que dej\u00f3 a miles de personas sin luz en Nueva York","og_description":"El director ejecutivo de la empresa Consolidated Edison (ConEd), la mayor energ\u00e9tica de EE.UU., anunci\u00f3 que se quedaron sin electricidad alrededor de","og_url":"https:\/\/www.pressenza.com\/es\/2019\/07\/asi-fue-el-apagon-que-dejo-a-miles-de-personas-sin-luz-en-nueva-york\/","og_site_name":"Pressenza","article_publisher":"https:\/\/www.facebook.com\/PressenzaItalia","article_published_time":"2019-07-14T17:09:25+00:00","og_image":[{"width":800,"height":532,"url":"https:\/\/www.pressenza.com\/wp-content\/uploads\/2019\/07\/nueva-york-apag\u00f3n.jpg","type":"image\/jpeg"}],"author":"El Ciudadano","twitter_card":"summary_large_image","twitter_creator":"@PressenzaIPA","twitter_site":"@PressenzaIPA","twitter_misc":{"Escrito por":"El Ciudadano","Tiempo de lectura":"3 minutos"},"schema":{"@context":"https:\/\/schema.org","@graph":[{"@type":"Article","@id":"https:\/\/www.pressenza.com\/es\/2019\/07\/asi-fue-el-apagon-que-dejo-a-miles-de-personas-sin-luz-en-nueva-york\/#article","isPartOf":{"@id":"https:\/\/www.pressenza.com\/es\/2019\/07\/asi-fue-el-apagon-que-dejo-a-miles-de-personas-sin-luz-en-nueva-york\/"},"author":{"name":"El Ciudadano","@id":"https:\/\/www.pressenza.com\/es\/#\/schema\/person\/6522eecb4cd68e074b27e251e4b04ef8"},"headline":"As\u00ed fue el apag\u00f3n que dej\u00f3 a miles de personas sin luz en Nueva York","datePublished":"2019-07-14T17:09:25+00:00","mainEntityOfPage":{"@id":"https:\/\/www.pressenza.com\/es\/2019\/07\/asi-fue-el-apagon-que-dejo-a-miles-de-personas-sin-luz-en-nueva-york\/"},"wordCount":542,"publisher":{"@id":"https:\/\/www.pressenza.com\/es\/#organization"},"image":{"@id":"https:\/\/www.pressenza.com\/es\/2019\/07\/asi-fue-el-apagon-que-dejo-a-miles-de-personas-sin-luz-en-nueva-york\/#primaryimage"},"thumbnailUrl":"https:\/\/www.pressenza.com\/wp-content\/uploads\/2019\/07\/nueva-york-apag\u00f3n.jpg","keywords":["apag\u00f3n","energ\u00eda el\u00e9ctrica","Nueva York"],"articleSection":["Norteam\u00e9rica"],"inLanguage":"es"},{"@type":"WebPage","@id":"https:\/\/www.pressenza.com\/es\/2019\/07\/asi-fue-el-apagon-que-dejo-a-miles-de-personas-sin-luz-en-nueva-york\/","url":"https:\/\/www.pressenza.com\/es\/2019\/07\/asi-fue-el-apagon-que-dejo-a-miles-de-personas-sin-luz-en-nueva-york\/","name":"As\u00ed fue el apag\u00f3n que dej\u00f3 a miles de personas sin luz en Nueva York","isPartOf":{"@id":"https:\/\/www.pressenza.com\/es\/#website"},"primaryImageOfPage":{"@id":"https:\/\/www.pressenza.com\/es\/2019\/07\/asi-fue-el-apagon-que-dejo-a-miles-de-personas-sin-luz-en-nueva-york\/#primaryimage"},"image":{"@id":"https:\/\/www.pressenza.com\/es\/2019\/07\/asi-fue-el-apagon-que-dejo-a-miles-de-personas-sin-luz-en-nueva-york\/#primaryimage"},"thumbnailUrl":"https:\/\/www.pressenza.com\/wp-content\/uploads\/2019\/07\/nueva-york-apag\u00f3n.jpg","datePublished":"2019-07-14T17:09:25+00:00","description":"El director ejecutivo de la empresa Consolidated Edison (ConEd), la mayor energ\u00e9tica de EE.UU., anunci\u00f3 que se quedaron sin electricidad alrededor de","breadcrumb":{"@id":"https:\/\/www.pressenza.com\/es\/2019\/07\/asi-fue-el-apagon-que-dejo-a-miles-de-personas-sin-luz-en-nueva-york\/#breadcrumb"},"inLanguage":"es","potentialAction":[{"@type":"ReadAction","target":["https:\/\/www.pressenza.com\/es\/2019\/07\/asi-fue-el-apagon-que-dejo-a-miles-de-personas-sin-luz-en-nueva-york\/"]}]},{"@type":"ImageObject","inLanguage":"es","@id":"https:\/\/www.pressenza.com\/es\/2019\/07\/asi-fue-el-apagon-que-dejo-a-miles-de-personas-sin-luz-en-nueva-york\/#primaryimage","url":"https:\/\/www.pressenza.com\/wp-content\/uploads\/2019\/07\/nueva-york-apag\u00f3n.jpg","contentUrl":"https:\/\/www.pressenza.com\/wp-content\/uploads\/2019\/07\/nueva-york-apag\u00f3n.jpg","width":800,"height":532},{"@type":"BreadcrumbList","@id":"https:\/\/www.pressenza.com\/es\/2019\/07\/asi-fue-el-apagon-que-dejo-a-miles-de-personas-sin-luz-en-nueva-york\/#breadcrumb","itemListElement":[{"@type":"ListItem","position":1,"name":"Accueil","item":"https:\/\/www.pressenza.com\/es\/"},{"@type":"ListItem","position":2,"name":"As\u00ed fue el apag\u00f3n que dej\u00f3 a miles de personas sin luz en Nueva York"}]},{"@type":"WebSite","@id":"https:\/\/www.pressenza.com\/es\/#website","url":"https:\/\/www.pressenza.com\/es\/","name":"Pressenza","description":"International Press Agency","publisher":{"@id":"https:\/\/www.pressenza.com\/es\/#organization"},"potentialAction":[{"@type":"SearchAction","target":{"@type":"EntryPoint","urlTemplate":"https:\/\/www.pressenza.com\/es\/?s={search_term_string}"},"query-input":{"@type":"PropertyValueSpecification","valueRequired":true,"valueName":"search_term_string"}}],"inLanguage":"es"},{"@type":"Organization","@id":"https:\/\/www.pressenza.com\/es\/#organization","name":"Pressenza","url":"https:\/\/www.pressenza.com\/es\/","logo":{"@type":"ImageObject","inLanguage":"es","@id":"https:\/\/www.pressenza.com\/es\/#\/schema\/logo\/image\/","url":"https:\/\/www.pressenza.com\/wp-content\/uploads\/2022\/10\/pressenza_logo_200x200.jpg","contentUrl":"https:\/\/www.pressenza.com\/wp-content\/uploads\/2022\/10\/pressenza_logo_200x200.jpg","width":200,"height":200,"caption":"Pressenza"},"image":{"@id":"https:\/\/www.pressenza.com\/es\/#\/schema\/logo\/image\/"},"sameAs":["https:\/\/www.facebook.com\/PressenzaItalia","https:\/\/x.com\/PressenzaIPA"]},{"@type":"Person","@id":"https:\/\/www.pressenza.com\/es\/#\/schema\/person\/6522eecb4cd68e074b27e251e4b04ef8","name":"El Ciudadano","description":"El Ciudadano es un medio de comunicaci\u00f3n de circulaci\u00f3n mensual en papel y de funcionamiento diario en la web. Forma parte de la Red de Medios de los Pueblos por lo que se declara como un medio del Tercer Sector para romper el cerco informativo. El Ciudadano es una publicaci\u00f3n que busca elevar desde lo local a lo global las demandas de la organizaci\u00f3n social chilena como tambi\u00e9n promover la acci\u00f3n directa de la ciudadan\u00eda por su derecho a autodeterminaci\u00f3n. elciudadano.cl","url":"https:\/\/www.pressenza.com\/es\/author\/el-ciudadano\/"}]}},"place":"","original_article_url":"https:\/\/www.elciudadano.com\/mundo\/videofotosasi-fue-el-apagon-que-dejo-a-miles-de-personas-sin-luz-en-nueva-york\/07\/14\/","_links":{"self":[{"href":"https:\/\/www.pressenza.com\/es\/wp-json\/wp\/v2\/posts\/887390","targetHints":{"allow":["GET"]}}],"collection":[{"href":"https:\/\/www.pressenza.com\/es\/wp-json\/wp\/v2\/posts"}],"about":[{"href":"https:\/\/www.pressenza.com\/es\/wp-json\/wp\/v2\/types\/post"}],"author":[{"embeddable":true,"href":"https:\/\/www.pressenza.com\/es\/wp-json\/wp\/v2\/users\/616"}],"replies":[{"embeddable":true,"href":"https:\/\/www.pressenza.com\/es\/wp-json\/wp\/v2\/comments?post=887390"}],"version-history":[{"count":0,"href":"https:\/\/www.pressenza.com\/es\/wp-json\/wp\/v2\/posts\/887390\/revisions"}],"wp:featuredmedia":[{"embeddable":true,"href":"https:\/\/www.pressenza.com\/es\/wp-json\/wp\/v2\/media\/887391"}],"wp:attachment":[{"href":"https:\/\/www.pressenza.com\/es\/wp-json\/wp\/v2\/media?parent=887390"}],"wp:term":[{"taxonomy":"category","embeddable":true,"href":"https:\/\/www.pressenza.com\/es\/wp-json\/wp\/v2\/categories?post=887390"},{"taxonomy":"post_tag","embeddable":true,"href":"https:\/\/www.pressenza.com\/es\/wp-json\/wp\/v2\/tags?post=887390"}],"curies":[{"name":"wp","href":"https:\/\/api.w.org\/{rel}","templated":true}]}}