{"id":884489,"date":"2019-07-08T23:08:46","date_gmt":"2019-07-08T22:08:46","guid":{"rendered":"https:\/\/www.pressenza.com\/?p=884489"},"modified":"2019-07-08T23:08:46","modified_gmt":"2019-07-08T22:08:46","slug":"chile-la-falsa-meritocracia-abc1","status":"publish","type":"post","link":"https:\/\/www.pressenza.com\/es\/2019\/07\/chile-la-falsa-meritocracia-abc1\/","title":{"rendered":"Chile: la falsa meritocracia ABC1"},"content":{"rendered":"<p>Por Jorge Molina Araneda<\/p>\n<p>El Premio Nobel de Econom\u00eda Joseph Stiglitz sostiene en su El precio de la desigualdad que el 90% de los ni\u00f1os que nacen pobres mueren pobres, por m\u00e1s esfuerzo o m\u00e9rito que hagan. Como contrapartida, el 90% de los ni\u00f1os que nacen ricos mueren ricos, independientemente\u00a0de que hagan m\u00e9rito o no para ello.<\/p>\n<p>Siguiendo a Stiglitz, la desigualdad se perpet\u00faa desde la guarder\u00eda hasta la universidad debido a que una cantidad ingente de personas no ha estudiado en institutos secundarios que les prepare para ingresar a universidades de \u00e9lite, y no han concurrido a dichos\u00a0centros porque antes no fueron a los colegios adecuados; de la misma manera, no fueron a esos colegios porque antes no acudieron a una ense\u00f1anza preescolar id\u00f3nea y tampoco a las guarder\u00edas necesarias. Lo anterior est\u00e1 relacionado con la segregaci\u00f3n geogr\u00e1fica\u00a0y con la cada vez m\u00e1s creciente desigualdad econ\u00f3mica. Luego surge la interrogante respecto de c\u00f3mo la mayor\u00eda de los estudiantes podr\u00e1 adquirir las competencias acad\u00e9micas, metodol\u00f3gicas, sociales y t\u00e9cnicas para desempe\u00f1arse correctamente en una sociedad\u00a0basada en el principio meritocr\u00e1tico.<\/p>\n<p>De acuerdo a la economista Andrea Repetto (2012), en Chile el apellido tiene un poder predictivo relevante en los ingresos, am\u00e9n la estratificaci\u00f3n social es persistente. En otras palabras, hay una cierta movilidad social pero con techo.<\/p>\n<p>El estudio Desigualdad, segregaci\u00f3n y resultados educacionales (2014) del Centro de Estudios P\u00fablicos (CEP), realiz\u00f3 un cruce entre los datos de remuneraciones promedio de los trabajadores y los puntajes Simce seg\u00fan la estaci\u00f3n del metro en que se viva, encontrando\u00a0estrechas correlaciones entre el lugar donde se vive, el grupo socioecon\u00f3mico de pertenencia y los resultados acad\u00e9micos.<\/p>\n<p>La meritocracia que no considera el contexto social como condicionante del esfuerzo de cada persona para alcanzar sus objetivos, logra en definitiva la consolidaci\u00f3n del statu quo, paralizando, de esa forma, la movilidad social.<\/p>\n<p>De acuerdo a la soci\u00f3loga francesa y docente de la Universidad de Chile, Emmanuelle Barozet, con el golpe militar de 1973 y la posterior dictadura, el neoliberalismo consagr\u00f3 el ideal del esfuerzo individual como forma de conseguir privilegios. No obstante,\u00a0seg\u00fan esta acad\u00e9mica, \u201cla meritocracia es una ilusi\u00f3n en muchas partes del mundo. Si uno ve a la gente de la parte baja de la escala social, esa gente puede esforzarse lo que quiera, y no siempre conseguir\u00e1 lo mismo que a los que les ha ido bien\u201d.<\/p>\n<p>El doctor en sociolog\u00eda Mat\u00edas Coci\u00f1a se\u00f1ala que:<\/p>\n<p>-Un sistema meritocr\u00e1tico tiene el problema de que tiende a generar escenarios en que los ganadores se llevan todos los premios.<\/p>\n<p>-Una sociedad organizada en torno a la idea de meritocracia corre el riesgo de erosionar las bases democr\u00e1ticas de la convivencia. En The Rise of Meritocracy, el protagonista expresa \u201choy francamente reconocemos que la democracia no puede ser nada m\u00e1s que\u00a0un anhelo, y tenemos un gobierno no tanto del pueblo, sino de las personas m\u00e1s inteligentes\u201d.<\/p>\n<p>Por otra parte, Christopher Hayes resume la Ley de hierro de la meritocracia: La desigualdad generada por un sistema meritocr\u00e1tico crecer\u00e1 lo suficiente como para trastocar los mecanismos de movilidad. La desigualdad de resultados hace imposible la igualdad\u00a0de oportunidades.<\/p>\n<p>Para finalizar, y pensando que la educaci\u00f3n formal puede generar cierta movilidad social ascendente, \u00bfcu\u00e1nto cuesta estudiar en alg\u00fan colegio de \u00e9lite, vedado por su alt\u00edsimo costo econ\u00f3mico a la gran mayor\u00eda de los estudiantes chilenos, que obtiene destacados puntajes en la PSU? (cifras publicadas en Publimetro el a\u00f1o 2017)<\/p>\n<p>Cambridge: el costo de la matr\u00edcula del estudiante que ingresa a kinder es de $281.000 y la cuota de incorporaci\u00f3n es de $616.258.<\/p>\n<p>Cordillera y Tabancura: matr\u00edcula de $401.920. La cuota de incorporaci\u00f3n para un estudiante de kinder es de $2.441.522. La mensualidad se eleva a los $314.569.<\/p>\n<p>Itahue de Chiguayante: matr\u00edcula cercana a los $289.000. La cuota de incorporaci\u00f3n de un ni\u00f1o que ingresa a kinder es de $509.083. La mensualidad por diez meses tiene un costo de $289.373.<\/p>\n<p>Albamar: la colegiatura mensual es de $241.444, al igual que la matr\u00edcula. La cuota de incorporaci\u00f3n se elevar\u00eda a $1.205.172.<\/p>\n<p>Grange School: la cuota de incorporaci\u00f3n asciende a los $4.823.044, a lo que hay que sumar $133.900 m\u00e1s por concepto de gasto administrativo de admisiones. La matr\u00edcula es de $321.536 y la mensualidad alcanza los $626.995. En total, el gasto por incorporar\u00a0a un ni\u00f1o en kinder es de $11.414.156.<\/p>\n<p>Colegio Alem\u00e1n de Concepci\u00f3n: el valor de la matr\u00edcula y la mensualidad es de $290.000, mientras que la cuota de incorporaci\u00f3n asciende a $1.330.000.<\/p>\n<p>La Girouette: cuota de incorporaci\u00f3n de $1.607.681 y matr\u00edcula de $203.000. La mensualidad para quienes ingresan en prekinder es de $302.100, mientras que la colegiatura en 3\u00ba y 4\u00ba a\u00f1o de ense\u00f1anza media alcanzar\u00eda los $445.400 mensuales.<\/p>\n<p>Lincoln Internacional Academy: cuota de incorporaci\u00f3n de $3.215.528 y matr\u00edcula cercana a los $322.000. En tanto, la colegiatura asciende a un poco m\u00e1s de $396.000 mensuales.<\/p>\n<p>M\u00e1s que meritocracia, nuestro sistema depende completamente del poder del dinero.<\/p>\n","protected":false},"excerpt":{"rendered":"<p>Por Jorge Molina Araneda El Premio Nobel de Econom\u00eda Joseph Stiglitz sostiene en su El precio de la desigualdad que el 90% de los ni\u00f1os que nacen pobres mueren pobres, por m\u00e1s esfuerzo o m\u00e9rito que hagan. Como contrapartida, el&hellip;<\/p>\n","protected":false},"author":43,"featured_media":884490,"comment_status":"closed","ping_status":"closed","sticky":false,"template":"","format":"standard","meta":{"footnotes":""},"categories":[11389,1230,161,67],"tags":[29,393,17927,60795],"class_list":["post-884489","post","type-post","status-publish","format-standard","has-post-thumbnail","hentry","category-contenido-original","category-educacion-tema","category-opiniones","category-sudamerica","tag-chile","tag-educacion","tag-meritocracia","tag-movilidad-social"],"yoast_head":"<!-- This site is optimized with the Yoast SEO plugin v27.1.1 - https:\/\/yoast.com\/product\/yoast-seo-wordpress\/ -->\n<title>Chile: la falsa meritocracia ABC1<\/title>\n<meta name=\"description\" content=\"Chile: la falsa meritocracia\" \/>\n<meta name=\"robots\" content=\"index, follow, max-snippet:-1, max-image-preview:large, max-video-preview:-1\" \/>\n<link rel=\"canonical\" href=\"https:\/\/www.pressenza.com\/es\/2019\/07\/chile-la-falsa-meritocracia-abc1\/\" \/>\n<meta property=\"og:locale\" content=\"es_ES\" \/>\n<meta property=\"og:type\" content=\"article\" \/>\n<meta property=\"og:title\" content=\"Chile: la falsa meritocracia ABC1\" \/>\n<meta property=\"og:description\" content=\"Chile: la falsa meritocracia\" \/>\n<meta property=\"og:url\" content=\"https:\/\/www.pressenza.com\/es\/2019\/07\/chile-la-falsa-meritocracia-abc1\/\" \/>\n<meta property=\"og:site_name\" content=\"Pressenza\" \/>\n<meta property=\"article:publisher\" content=\"https:\/\/www.facebook.com\/PressenzaItalia\" \/>\n<meta property=\"article:author\" content=\"https:\/\/www.facebook.com\/pressenza\" \/>\n<meta property=\"article:published_time\" content=\"2019-07-08T22:08:46+00:00\" \/>\n<meta property=\"og:image\" content=\"https:\/\/www.pressenza.com\/wp-content\/uploads\/2019\/07\/ni\u00f1os-y-mapa.jpg\" \/>\n\t<meta property=\"og:image:width\" content=\"960\" \/>\n\t<meta property=\"og:image:height\" content=\"720\" \/>\n\t<meta property=\"og:image:type\" content=\"image\/jpeg\" \/>\n<meta name=\"author\" content=\"Redacci\u00f3n Chile\" \/>\n<meta name=\"twitter:card\" content=\"summary_large_image\" \/>\n<meta name=\"twitter:creator\" content=\"@pressenza\" \/>\n<meta name=\"twitter:site\" content=\"@PressenzaIPA\" \/>\n<meta name=\"twitter:label1\" content=\"Escrito por\" \/>\n\t<meta name=\"twitter:data1\" content=\"Redacci\u00f3n Chile\" \/>\n\t<meta name=\"twitter:label2\" content=\"Tiempo de lectura\" \/>\n\t<meta name=\"twitter:data2\" content=\"4 minutos\" \/>\n<script type=\"application\/ld+json\" class=\"yoast-schema-graph\">{\"@context\":\"https:\/\/schema.org\",\"@graph\":[{\"@type\":\"Article\",\"@id\":\"https:\/\/www.pressenza.com\/es\/2019\/07\/chile-la-falsa-meritocracia-abc1\/#article\",\"isPartOf\":{\"@id\":\"https:\/\/www.pressenza.com\/es\/2019\/07\/chile-la-falsa-meritocracia-abc1\/\"},\"author\":{\"name\":\"Redacci\u00f3n Chile\",\"@id\":\"https:\/\/www.pressenza.com\/es\/#\/schema\/person\/d7db40df35d6698ba69ba9ee260944ed\"},\"headline\":\"Chile: la falsa meritocracia ABC1\",\"datePublished\":\"2019-07-08T22:08:46+00:00\",\"mainEntityOfPage\":{\"@id\":\"https:\/\/www.pressenza.com\/es\/2019\/07\/chile-la-falsa-meritocracia-abc1\/\"},\"wordCount\":873,\"publisher\":{\"@id\":\"https:\/\/www.pressenza.com\/es\/#organization\"},\"image\":{\"@id\":\"https:\/\/www.pressenza.com\/es\/2019\/07\/chile-la-falsa-meritocracia-abc1\/#primaryimage\"},\"thumbnailUrl\":\"https:\/\/www.pressenza.com\/wp-content\/uploads\/2019\/07\/ni\u00f1os-y-mapa.jpg\",\"keywords\":[\"Chile\",\"Educaci\u00f3n\",\"meritocracia\",\"movilidad social\"],\"articleSection\":[\"Contenido Original\",\"Educaci\u00f3n\",\"Opiniones\",\"Sudam\u00e9rica\"],\"inLanguage\":\"es\"},{\"@type\":\"WebPage\",\"@id\":\"https:\/\/www.pressenza.com\/es\/2019\/07\/chile-la-falsa-meritocracia-abc1\/\",\"url\":\"https:\/\/www.pressenza.com\/es\/2019\/07\/chile-la-falsa-meritocracia-abc1\/\",\"name\":\"Chile: la falsa meritocracia ABC1\",\"isPartOf\":{\"@id\":\"https:\/\/www.pressenza.com\/es\/#website\"},\"primaryImageOfPage\":{\"@id\":\"https:\/\/www.pressenza.com\/es\/2019\/07\/chile-la-falsa-meritocracia-abc1\/#primaryimage\"},\"image\":{\"@id\":\"https:\/\/www.pressenza.com\/es\/2019\/07\/chile-la-falsa-meritocracia-abc1\/#primaryimage\"},\"thumbnailUrl\":\"https:\/\/www.pressenza.com\/wp-content\/uploads\/2019\/07\/ni\u00f1os-y-mapa.jpg\",\"datePublished\":\"2019-07-08T22:08:46+00:00\",\"description\":\"Chile: la falsa meritocracia\",\"breadcrumb\":{\"@id\":\"https:\/\/www.pressenza.com\/es\/2019\/07\/chile-la-falsa-meritocracia-abc1\/#breadcrumb\"},\"inLanguage\":\"es\",\"potentialAction\":[{\"@type\":\"ReadAction\",\"target\":[\"https:\/\/www.pressenza.com\/es\/2019\/07\/chile-la-falsa-meritocracia-abc1\/\"]}]},{\"@type\":\"ImageObject\",\"inLanguage\":\"es\",\"@id\":\"https:\/\/www.pressenza.com\/es\/2019\/07\/chile-la-falsa-meritocracia-abc1\/#primaryimage\",\"url\":\"https:\/\/www.pressenza.com\/wp-content\/uploads\/2019\/07\/ni\u00f1os-y-mapa.jpg\",\"contentUrl\":\"https:\/\/www.pressenza.com\/wp-content\/uploads\/2019\/07\/ni\u00f1os-y-mapa.jpg\",\"width\":960,\"height\":720},{\"@type\":\"BreadcrumbList\",\"@id\":\"https:\/\/www.pressenza.com\/es\/2019\/07\/chile-la-falsa-meritocracia-abc1\/#breadcrumb\",\"itemListElement\":[{\"@type\":\"ListItem\",\"position\":1,\"name\":\"Accueil\",\"item\":\"https:\/\/www.pressenza.com\/es\/\"},{\"@type\":\"ListItem\",\"position\":2,\"name\":\"Chile: la falsa meritocracia ABC1\"}]},{\"@type\":\"WebSite\",\"@id\":\"https:\/\/www.pressenza.com\/es\/#website\",\"url\":\"https:\/\/www.pressenza.com\/es\/\",\"name\":\"Pressenza\",\"description\":\"International Press Agency\",\"publisher\":{\"@id\":\"https:\/\/www.pressenza.com\/es\/#organization\"},\"potentialAction\":[{\"@type\":\"SearchAction\",\"target\":{\"@type\":\"EntryPoint\",\"urlTemplate\":\"https:\/\/www.pressenza.com\/es\/?s={search_term_string}\"},\"query-input\":{\"@type\":\"PropertyValueSpecification\",\"valueRequired\":true,\"valueName\":\"search_term_string\"}}],\"inLanguage\":\"es\"},{\"@type\":\"Organization\",\"@id\":\"https:\/\/www.pressenza.com\/es\/#organization\",\"name\":\"Pressenza\",\"url\":\"https:\/\/www.pressenza.com\/es\/\",\"logo\":{\"@type\":\"ImageObject\",\"inLanguage\":\"es\",\"@id\":\"https:\/\/www.pressenza.com\/es\/#\/schema\/logo\/image\/\",\"url\":\"https:\/\/www.pressenza.com\/wp-content\/uploads\/2022\/10\/pressenza_logo_200x200.jpg\",\"contentUrl\":\"https:\/\/www.pressenza.com\/wp-content\/uploads\/2022\/10\/pressenza_logo_200x200.jpg\",\"width\":200,\"height\":200,\"caption\":\"Pressenza\"},\"image\":{\"@id\":\"https:\/\/www.pressenza.com\/es\/#\/schema\/logo\/image\/\"},\"sameAs\":[\"https:\/\/www.facebook.com\/PressenzaItalia\",\"https:\/\/x.com\/PressenzaIPA\"]},{\"@type\":\"Person\",\"@id\":\"https:\/\/www.pressenza.com\/es\/#\/schema\/person\/d7db40df35d6698ba69ba9ee260944ed\",\"name\":\"Redacci\u00f3n Chile\",\"description\":\"News from the Pressenza Bureau in Chile\",\"sameAs\":[\"https:\/\/www.facebook.com\/pressenza\",\"https:\/\/x.com\/pressenza\"],\"url\":\"https:\/\/www.pressenza.com\/es\/author\/redaccion-chile\/\"}]}<\/script>\n<!-- \/ Yoast SEO plugin. -->","yoast_head_json":{"title":"Chile: la falsa meritocracia ABC1","description":"Chile: la falsa meritocracia","robots":{"index":"index","follow":"follow","max-snippet":"max-snippet:-1","max-image-preview":"max-image-preview:large","max-video-preview":"max-video-preview:-1"},"canonical":"https:\/\/www.pressenza.com\/es\/2019\/07\/chile-la-falsa-meritocracia-abc1\/","og_locale":"es_ES","og_type":"article","og_title":"Chile: la falsa meritocracia ABC1","og_description":"Chile: la falsa meritocracia","og_url":"https:\/\/www.pressenza.com\/es\/2019\/07\/chile-la-falsa-meritocracia-abc1\/","og_site_name":"Pressenza","article_publisher":"https:\/\/www.facebook.com\/PressenzaItalia","article_author":"https:\/\/www.facebook.com\/pressenza","article_published_time":"2019-07-08T22:08:46+00:00","og_image":[{"width":960,"height":720,"url":"https:\/\/www.pressenza.com\/wp-content\/uploads\/2019\/07\/ni\u00f1os-y-mapa.jpg","type":"image\/jpeg"}],"author":"Redacci\u00f3n Chile","twitter_card":"summary_large_image","twitter_creator":"@pressenza","twitter_site":"@PressenzaIPA","twitter_misc":{"Escrito por":"Redacci\u00f3n Chile","Tiempo de lectura":"4 minutos"},"schema":{"@context":"https:\/\/schema.org","@graph":[{"@type":"Article","@id":"https:\/\/www.pressenza.com\/es\/2019\/07\/chile-la-falsa-meritocracia-abc1\/#article","isPartOf":{"@id":"https:\/\/www.pressenza.com\/es\/2019\/07\/chile-la-falsa-meritocracia-abc1\/"},"author":{"name":"Redacci\u00f3n Chile","@id":"https:\/\/www.pressenza.com\/es\/#\/schema\/person\/d7db40df35d6698ba69ba9ee260944ed"},"headline":"Chile: la falsa meritocracia ABC1","datePublished":"2019-07-08T22:08:46+00:00","mainEntityOfPage":{"@id":"https:\/\/www.pressenza.com\/es\/2019\/07\/chile-la-falsa-meritocracia-abc1\/"},"wordCount":873,"publisher":{"@id":"https:\/\/www.pressenza.com\/es\/#organization"},"image":{"@id":"https:\/\/www.pressenza.com\/es\/2019\/07\/chile-la-falsa-meritocracia-abc1\/#primaryimage"},"thumbnailUrl":"https:\/\/www.pressenza.com\/wp-content\/uploads\/2019\/07\/ni\u00f1os-y-mapa.jpg","keywords":["Chile","Educaci\u00f3n","meritocracia","movilidad social"],"articleSection":["Contenido Original","Educaci\u00f3n","Opiniones","Sudam\u00e9rica"],"inLanguage":"es"},{"@type":"WebPage","@id":"https:\/\/www.pressenza.com\/es\/2019\/07\/chile-la-falsa-meritocracia-abc1\/","url":"https:\/\/www.pressenza.com\/es\/2019\/07\/chile-la-falsa-meritocracia-abc1\/","name":"Chile: la falsa meritocracia ABC1","isPartOf":{"@id":"https:\/\/www.pressenza.com\/es\/#website"},"primaryImageOfPage":{"@id":"https:\/\/www.pressenza.com\/es\/2019\/07\/chile-la-falsa-meritocracia-abc1\/#primaryimage"},"image":{"@id":"https:\/\/www.pressenza.com\/es\/2019\/07\/chile-la-falsa-meritocracia-abc1\/#primaryimage"},"thumbnailUrl":"https:\/\/www.pressenza.com\/wp-content\/uploads\/2019\/07\/ni\u00f1os-y-mapa.jpg","datePublished":"2019-07-08T22:08:46+00:00","description":"Chile: la falsa meritocracia","breadcrumb":{"@id":"https:\/\/www.pressenza.com\/es\/2019\/07\/chile-la-falsa-meritocracia-abc1\/#breadcrumb"},"inLanguage":"es","potentialAction":[{"@type":"ReadAction","target":["https:\/\/www.pressenza.com\/es\/2019\/07\/chile-la-falsa-meritocracia-abc1\/"]}]},{"@type":"ImageObject","inLanguage":"es","@id":"https:\/\/www.pressenza.com\/es\/2019\/07\/chile-la-falsa-meritocracia-abc1\/#primaryimage","url":"https:\/\/www.pressenza.com\/wp-content\/uploads\/2019\/07\/ni\u00f1os-y-mapa.jpg","contentUrl":"https:\/\/www.pressenza.com\/wp-content\/uploads\/2019\/07\/ni\u00f1os-y-mapa.jpg","width":960,"height":720},{"@type":"BreadcrumbList","@id":"https:\/\/www.pressenza.com\/es\/2019\/07\/chile-la-falsa-meritocracia-abc1\/#breadcrumb","itemListElement":[{"@type":"ListItem","position":1,"name":"Accueil","item":"https:\/\/www.pressenza.com\/es\/"},{"@type":"ListItem","position":2,"name":"Chile: la falsa meritocracia ABC1"}]},{"@type":"WebSite","@id":"https:\/\/www.pressenza.com\/es\/#website","url":"https:\/\/www.pressenza.com\/es\/","name":"Pressenza","description":"International Press Agency","publisher":{"@id":"https:\/\/www.pressenza.com\/es\/#organization"},"potentialAction":[{"@type":"SearchAction","target":{"@type":"EntryPoint","urlTemplate":"https:\/\/www.pressenza.com\/es\/?s={search_term_string}"},"query-input":{"@type":"PropertyValueSpecification","valueRequired":true,"valueName":"search_term_string"}}],"inLanguage":"es"},{"@type":"Organization","@id":"https:\/\/www.pressenza.com\/es\/#organization","name":"Pressenza","url":"https:\/\/www.pressenza.com\/es\/","logo":{"@type":"ImageObject","inLanguage":"es","@id":"https:\/\/www.pressenza.com\/es\/#\/schema\/logo\/image\/","url":"https:\/\/www.pressenza.com\/wp-content\/uploads\/2022\/10\/pressenza_logo_200x200.jpg","contentUrl":"https:\/\/www.pressenza.com\/wp-content\/uploads\/2022\/10\/pressenza_logo_200x200.jpg","width":200,"height":200,"caption":"Pressenza"},"image":{"@id":"https:\/\/www.pressenza.com\/es\/#\/schema\/logo\/image\/"},"sameAs":["https:\/\/www.facebook.com\/PressenzaItalia","https:\/\/x.com\/PressenzaIPA"]},{"@type":"Person","@id":"https:\/\/www.pressenza.com\/es\/#\/schema\/person\/d7db40df35d6698ba69ba9ee260944ed","name":"Redacci\u00f3n Chile","description":"News from the Pressenza Bureau in Chile","sameAs":["https:\/\/www.facebook.com\/pressenza","https:\/\/x.com\/pressenza"],"url":"https:\/\/www.pressenza.com\/es\/author\/redaccion-chile\/"}]}},"place":"Santiago de Chile","original_article_url":"","_links":{"self":[{"href":"https:\/\/www.pressenza.com\/es\/wp-json\/wp\/v2\/posts\/884489","targetHints":{"allow":["GET"]}}],"collection":[{"href":"https:\/\/www.pressenza.com\/es\/wp-json\/wp\/v2\/posts"}],"about":[{"href":"https:\/\/www.pressenza.com\/es\/wp-json\/wp\/v2\/types\/post"}],"author":[{"embeddable":true,"href":"https:\/\/www.pressenza.com\/es\/wp-json\/wp\/v2\/users\/43"}],"replies":[{"embeddable":true,"href":"https:\/\/www.pressenza.com\/es\/wp-json\/wp\/v2\/comments?post=884489"}],"version-history":[{"count":0,"href":"https:\/\/www.pressenza.com\/es\/wp-json\/wp\/v2\/posts\/884489\/revisions"}],"wp:featuredmedia":[{"embeddable":true,"href":"https:\/\/www.pressenza.com\/es\/wp-json\/wp\/v2\/media\/884490"}],"wp:attachment":[{"href":"https:\/\/www.pressenza.com\/es\/wp-json\/wp\/v2\/media?parent=884489"}],"wp:term":[{"taxonomy":"category","embeddable":true,"href":"https:\/\/www.pressenza.com\/es\/wp-json\/wp\/v2\/categories?post=884489"},{"taxonomy":"post_tag","embeddable":true,"href":"https:\/\/www.pressenza.com\/es\/wp-json\/wp\/v2\/tags?post=884489"}],"curies":[{"name":"wp","href":"https:\/\/api.w.org\/{rel}","templated":true}]}}