{"id":883,"date":"2009-08-09T00:00:00","date_gmt":"2009-08-09T00:00:00","guid":{"rendered":""},"modified":"2009-09-28T05:01:03","modified_gmt":"2009-09-28T05:01:03","slug":"la-xnica-industria-que-no-estx-en-crisis-es-la-industria-bxlica","status":"publish","type":"post","link":"https:\/\/www.pressenza.com\/es\/2009\/08\/la-xnica-industria-que-no-estx-en-crisis-es-la-industria-bxlica\/","title":{"rendered":"La \u00fanica industria que no est\u00e1 en crisis es la industria b\u00e9lica"},"content":{"rendered":"<p>Frente a las tensiones de Suram\u00e9rica y desde una mirada de no violencia, se pronunciaron varios l\u00edderes pacifistas colombianos, a cargo de las principales iniciativas de paz y no violencia que tendr\u00e1n lugar en este pa\u00eds en los meses venideros.<\/p>\n<p>Las im\u00e1genes de televisi\u00f3n se concentraron esta semana en las explicaciones de los presidentes de Colombia, Venezuela y Ecuador. \u00c1lvaro Uribe, en reuni\u00f3n privada con sus hom\u00f3logos suramericanos argumentando la necesidad de bases militares norteamericanas para cooperaci\u00f3n contra el narcotr\u00e1fico y el terrorismo. Por su parte, Hugo Ch\u00e1vez, en ruedas de prensa mostrando c\u00f3mo las armas del ej\u00e9rcito venezolano que se encontraron en campamentos del grupo guerrillero FARC eran material de desecho. Mientras tanto, Rafael Correa concediendo entrevistas a los medios de Am\u00e9rica Latina, donde se\u00f1alaba en un mapa la presencia militar en las fronteras ecuatorianas.<br \/>\nEstas explicaciones sin embargo han sido insuficientes para tres pacifistas colombianos que este a\u00f1o lideran tres diferentes iniciativas de paz, cuyo epicentro ser\u00e1 en Bogot\u00e1: Luis Emil Sanabria, presidente colegiado de Redepaz, instituci\u00f3n encargada de la Semana por la Paz, a realizarse entre el 6 y el 13 de septiembre; Guillermo Solarte, representante de la organizaci\u00f3n Pacifistas sin Fronteras, organizadora de la Cumbre Mundial de Paz que tendr\u00e1 lugar entre el 1 y el 4 de octubre y Carlos Eduardo Mart\u00ednez, promotor del Seminario de la No Violencia a realizarse entre el 10 y 13 el mes de noviembre.<br \/>\nSeg\u00fan ellos, las noticias se extraviaron en el debate coyuntural y no han tocado los asuntos de fondo, como la militarizaci\u00f3n de los Estados latinoamericanos, la compra de equipos b\u00e9licos y los imaginarios de la guerra. Estas tres iniciativas vienen trabajando junto a la Marcha Mundial por la Paz y la Noviolencia para generar en Colombia un ambiente de entendimiento y reconciliaci\u00f3n que permita superar el conflicto interno.<\/p>\n<p>Mart\u00ednez, coordinador del Seminario de la No Violencia, opina que las actuaciones de los mandatarios suramericanos obedecen a una l\u00f3gica de legitimar el imaginario de la guerra con un prop\u00f3sito:*\u201cEstos pa\u00edses intentan exacerbar el miedo para poder legitimar la compra de armas. Esa es su estrategia, es como cuando quieren vender el \u00faltimo celular y nos crean a todos la necesidad de tenerlo. Ecuador, Venezuela y Colombia, de alguna manera est\u00e1n haci\u00e9ndole la tarea a las f\u00e1bricas de armamentos para poder justificar la compra de m\u00e1s municiones\u201d*. <\/p>\n<p>En ese mismo sentido, Solarte de Pacifistas sin Fronteras, cree que en este momento los gobiernos de Venezuela, Colombia y Ecuador est\u00e1n buscando fortalecerse militarmente: *\u201cYo creo que gran parte de este conflicto deriva en que son estados militares. El gobierno colombiano, a pesar de que est\u00e1 presidido por un civil, as\u00ed como el gobierno venezolano y el gobierno ecuatoriano son estados que tienen un horizonte militar, no se conciben por fuera del pensamiento militar y por lo tanto, est\u00e1n estructurando ej\u00e9rcitos muy poderosos. Desde el punto de vista nuestro, desde Pacifistas sin Fronteras y la Cumbre Mundial de Paz, gran parte del problema radica en que no podemos pensar un Estado sin ej\u00e9rcitos. Entonces siempre estar\u00e1 latente la posibilidad de invadir o ser invadidos\u201d*.<\/p>\n<p>Luis Sanabria, de Redepaz, en la misma l\u00ednea afirma que actualmente todos los Estados de Am\u00e9rica Latina est\u00e1n concentrados en dotarse militarmente: *\u201cAm\u00e9rica Latina se ha enfrascado en una carrera armamentista en los \u00faltimos a\u00f1os, ha renovado el 90% de su equipo b\u00e9lico. Pa\u00edses como Argentina, Chile o Brasil, que posan de socialdem\u00f3cratas, de pacifistas, hoy han renovado todo su capital armamentista. No se quedan atr\u00e1s Per\u00fa, Colombia y menos Venezuela, Ecuador, Nicaragua. Toda Am\u00e9rica, incluidos, por supuesto, los Estados Unidos, est\u00e1 caminando por la guerra, invirtiendo grandes cantidades en aviones de combate, en tanques de guerra, municiones, armas cortas y ligeras, en medio de la pobreza, del hambre y de la exclusi\u00f3n social\u201d*.<\/p>\n<p>En relaci\u00f3n con este incremento del capital b\u00e9lico en el continente, Carlos Mart\u00ednez llama la atenci\u00f3n sobre una problem\u00e1tica que no es ajena a Suram\u00e9rica:* \u201cEn el mundo supuestamente estamos en una profunda crisis econ\u00f3mica pero todav\u00eda no ha salido la primera noticia de que entre en crisis ninguna industria de armamentos. Los presupuestos para la compra de armas no se cuestionan, se sigue comprando la misma cantidad de armas, a pesar de que en el mundo cada vez hay m\u00e1s desempleo y m\u00e1s problemas\u201d*.<\/p>\n<p>Organizaciones como Redepaz han hecho llamados recientes a los gobiernos de Am\u00e9rica, incluyendo una carta al presidente Barack Obama, para que suspendan toda tipo de ayuda militar que siga alimentando la guerra en el continente, pero sobre todo en Colombia. Esto implica tambi\u00e9n la intervenci\u00f3n por medio de bases militares:* \u201cTenemos un gobierno colombiano que cree que con el apoyo y la instalaci\u00f3n de bases militares en nuestro pa\u00eds va a lograr la paz, esa es una teor\u00eda que ha demostrado su fracaso. Nosotros no creemos que el gobierno actual cambie el discurso de la guerra, militarista y de la violencia por un discurso de paz y de convivencia, al contrario, lo que constantemente vemos son esfuerzos mayores por implantar en nuestro pa\u00eds una cultura violenta\u201d*, opina Luis Sanabria.<\/p>\n<p>Enfrentarse por tanto a estos discursos de los gobiernos, requiere de propuestas m\u00e1s arriesgadas para llevar el mensaje de la paz y la no violencia a las sociedades latinoamericanas, por encima de estrategias tradicionales, como cree Guillermo Solarte: \u201cYo lo he dicho con cierta iron\u00eda, la paz no se logra con marchas militares que conducen al asesinato de otro ser humano, ni en las calles esperando que por una iluminaci\u00f3n, los que tienen las armas las vayan a dejar. Me parece muy bien que haya conciertos por la paz, televisi\u00f3n por la paz, ONG\u2019s por la paz, pero ser\u00eda m\u00e1s atractivo que hubiera un ministerio potent\u00edsimo por la paz, la lucha ser\u00eda porque hubiera un impuesto de paz m\u00e1s poderoso que el impuesto de la guerra\u201d.<\/p>\n<p>El esfuerzo de los que trabajan por la noviolencia, como Carlos Mart\u00ednez con el Seminario que se convocar\u00e1 en noviembre en Bogot\u00e1, es lograr introducir este mensaje desde los conceptos que la gente aplica en la vida cotidiana:* \u201cNo es f\u00e1cil que la gente desmonte estos imaginarios y all\u00ed es donde tenemos que trabajar nosotros de manera muy importante para desmontar estas l\u00f3gicas que est\u00e1n basadas por ejemplo en conceptos como el honor, el hero\u00edsmo, la patria, que tiene que ver con causas por las cuales vale la pena morir. Nosotros tenemos que montar o fortalecer los imaginarios que tienen que ver con causas por las que vale la pena vivir\u201d*, explica Mart\u00ednez.<\/p>\n<p>El reto es que por medio de iniciativas como la Semana por la Paz \u2013que se realiza anualmente-, Cumbre Mundial de Paz, el Seminario por la No Violencia y la Marcha Mundial por la Paz y la No Violencia, logre consolidar, en palabras de Luis Sanabria de Redepaz, *\u201cUna paz integral que va de la mano del goce pleno de los derechos humanos, del fortalecimiento y consolidaci\u00f3n de la democracia, de la superaci\u00f3n de la pobreza y de las inclusiones sociales y por supuesto esto implica un esfuerzo mayor porque no solamente hablamos del silenciamiento de los fusiles, sino de la construcci\u00f3n de una sociedad m\u00e1s equitativa, justa, pluralista, democr\u00e1tica\u201d*.<\/p>\n","protected":false},"excerpt":{"rendered":"<p>Los enfrentamientos verbales entre Colombia, Venezuela y Ecuador que fueron motivo de debate en los \u00faltimos d\u00edas, por la presencia de bases militares norteamericanas en territorio colombiano y los hallazgos de videos y material b\u00e9lico en poder de las Fuerzas Armadas Revolucionarias de Colombia, FARC, son un episodio coyuntural que merece un an\u00e1lisis por debajo de la superficie<\/p>\n","protected":false},"author":19,"featured_media":0,"comment_status":"closed","ping_status":"open","sticky":false,"template":"","format":"standard","meta":{"footnotes":""},"categories":[39,161,74,67],"tags":[],"class_list":["post-883","post","type-post","status-publish","format-standard","hentry","category-internacional","category-opiniones","category-politica-es","category-sudamerica"],"yoast_head":"<!-- This site is optimized with the Yoast SEO plugin v27.1.1 - https:\/\/yoast.com\/product\/yoast-seo-wordpress\/ -->\n<title>La \u00fanica industria que no est\u00e1 en crisis es la industria b\u00e9lica<\/title>\n<meta name=\"description\" content=\"Los enfrentamientos verbales entre Colombia, Venezuela y Ecuador que fueron motivo de debate en los \u00faltimos d\u00edas, por la presencia de bases militares norteamericanas en territorio colombiano y los hallazgos de videos y material b\u00e9lico en poder de las Fuerzas Armadas Revolucionarias de Colombia, FARC, son un episodio coyuntural que merece un an\u00e1lisis por debajo de la superficie\" \/>\n<meta name=\"robots\" content=\"index, follow, max-snippet:-1, max-image-preview:large, max-video-preview:-1\" \/>\n<link rel=\"canonical\" href=\"https:\/\/www.pressenza.com\/es\/2009\/08\/la-xnica-industria-que-no-estx-en-crisis-es-la-industria-bxlica\/\" \/>\n<meta property=\"og:locale\" content=\"es_ES\" \/>\n<meta property=\"og:type\" content=\"article\" \/>\n<meta property=\"og:title\" content=\"La \u00fanica industria que no est\u00e1 en crisis es la industria b\u00e9lica\" \/>\n<meta property=\"og:description\" content=\"Los enfrentamientos verbales entre Colombia, Venezuela y Ecuador que fueron motivo de debate en los \u00faltimos d\u00edas, por la presencia de bases militares norteamericanas en territorio colombiano y los hallazgos de videos y material b\u00e9lico en poder de las Fuerzas Armadas Revolucionarias de Colombia, FARC, son un episodio coyuntural que merece un an\u00e1lisis por debajo de la superficie\" \/>\n<meta property=\"og:url\" content=\"https:\/\/www.pressenza.com\/es\/2009\/08\/la-xnica-industria-que-no-estx-en-crisis-es-la-industria-bxlica\/\" \/>\n<meta property=\"og:site_name\" content=\"Pressenza\" \/>\n<meta property=\"article:publisher\" content=\"https:\/\/www.facebook.com\/PressenzaItalia\" \/>\n<meta property=\"article:author\" content=\"https:\/\/www.facebook.com\/pressenza\" \/>\n<meta property=\"article:published_time\" content=\"2009-08-09T00:00:00+00:00\" \/>\n<meta property=\"article:modified_time\" content=\"2009-09-28T05:01:03+00:00\" \/>\n<meta name=\"author\" content=\"Pressenza IPA\" \/>\n<meta name=\"twitter:card\" content=\"summary_large_image\" \/>\n<meta name=\"twitter:creator\" content=\"@PressenzaIPA\" \/>\n<meta name=\"twitter:site\" content=\"@PressenzaIPA\" \/>\n<meta name=\"twitter:label1\" content=\"Escrito por\" \/>\n\t<meta name=\"twitter:data1\" content=\"Pressenza IPA\" \/>\n\t<meta name=\"twitter:label2\" content=\"Tiempo de lectura\" \/>\n\t<meta name=\"twitter:data2\" content=\"6 minutos\" \/>\n<script type=\"application\/ld+json\" class=\"yoast-schema-graph\">{\"@context\":\"https:\/\/schema.org\",\"@graph\":[{\"@type\":\"Article\",\"@id\":\"https:\/\/www.pressenza.com\/es\/2009\/08\/la-xnica-industria-que-no-estx-en-crisis-es-la-industria-bxlica\/#article\",\"isPartOf\":{\"@id\":\"https:\/\/www.pressenza.com\/es\/2009\/08\/la-xnica-industria-que-no-estx-en-crisis-es-la-industria-bxlica\/\"},\"author\":{\"name\":\"Pressenza IPA\",\"@id\":\"https:\/\/www.pressenza.com\/es\/#\/schema\/person\/010e5d02bcf40965427a1289a4cc8d75\"},\"headline\":\"La \u00fanica industria que no est\u00e1 en crisis es la industria b\u00e9lica\",\"datePublished\":\"2009-08-09T00:00:00+00:00\",\"dateModified\":\"2009-09-28T05:01:03+00:00\",\"mainEntityOfPage\":{\"@id\":\"https:\/\/www.pressenza.com\/es\/2009\/08\/la-xnica-industria-que-no-estx-en-crisis-es-la-industria-bxlica\/\"},\"wordCount\":1283,\"publisher\":{\"@id\":\"https:\/\/www.pressenza.com\/es\/#organization\"},\"articleSection\":[\"Internacional\",\"Opiniones\",\"Pol\u00edtica\",\"Sudam\u00e9rica\"],\"inLanguage\":\"es\"},{\"@type\":\"WebPage\",\"@id\":\"https:\/\/www.pressenza.com\/es\/2009\/08\/la-xnica-industria-que-no-estx-en-crisis-es-la-industria-bxlica\/\",\"url\":\"https:\/\/www.pressenza.com\/es\/2009\/08\/la-xnica-industria-que-no-estx-en-crisis-es-la-industria-bxlica\/\",\"name\":\"La \u00fanica industria que no est\u00e1 en crisis es la industria b\u00e9lica\",\"isPartOf\":{\"@id\":\"https:\/\/www.pressenza.com\/es\/#website\"},\"datePublished\":\"2009-08-09T00:00:00+00:00\",\"dateModified\":\"2009-09-28T05:01:03+00:00\",\"description\":\"Los enfrentamientos verbales entre Colombia, Venezuela y Ecuador que fueron motivo de debate en los \u00faltimos d\u00edas, por la presencia de bases militares norteamericanas en territorio colombiano y los hallazgos de videos y material b\u00e9lico en poder de las Fuerzas Armadas Revolucionarias de Colombia, FARC, son un episodio coyuntural que merece un an\u00e1lisis por debajo de la superficie\",\"breadcrumb\":{\"@id\":\"https:\/\/www.pressenza.com\/es\/2009\/08\/la-xnica-industria-que-no-estx-en-crisis-es-la-industria-bxlica\/#breadcrumb\"},\"inLanguage\":\"es\",\"potentialAction\":[{\"@type\":\"ReadAction\",\"target\":[\"https:\/\/www.pressenza.com\/es\/2009\/08\/la-xnica-industria-que-no-estx-en-crisis-es-la-industria-bxlica\/\"]}]},{\"@type\":\"BreadcrumbList\",\"@id\":\"https:\/\/www.pressenza.com\/es\/2009\/08\/la-xnica-industria-que-no-estx-en-crisis-es-la-industria-bxlica\/#breadcrumb\",\"itemListElement\":[{\"@type\":\"ListItem\",\"position\":1,\"name\":\"Accueil\",\"item\":\"https:\/\/www.pressenza.com\/es\/\"},{\"@type\":\"ListItem\",\"position\":2,\"name\":\"La \u00fanica industria que no est\u00e1 en crisis es la industria b\u00e9lica\"}]},{\"@type\":\"WebSite\",\"@id\":\"https:\/\/www.pressenza.com\/es\/#website\",\"url\":\"https:\/\/www.pressenza.com\/es\/\",\"name\":\"Pressenza\",\"description\":\"International Press Agency\",\"publisher\":{\"@id\":\"https:\/\/www.pressenza.com\/es\/#organization\"},\"potentialAction\":[{\"@type\":\"SearchAction\",\"target\":{\"@type\":\"EntryPoint\",\"urlTemplate\":\"https:\/\/www.pressenza.com\/es\/?s={search_term_string}\"},\"query-input\":{\"@type\":\"PropertyValueSpecification\",\"valueRequired\":true,\"valueName\":\"search_term_string\"}}],\"inLanguage\":\"es\"},{\"@type\":\"Organization\",\"@id\":\"https:\/\/www.pressenza.com\/es\/#organization\",\"name\":\"Pressenza\",\"url\":\"https:\/\/www.pressenza.com\/es\/\",\"logo\":{\"@type\":\"ImageObject\",\"inLanguage\":\"es\",\"@id\":\"https:\/\/www.pressenza.com\/es\/#\/schema\/logo\/image\/\",\"url\":\"https:\/\/www.pressenza.com\/wp-content\/uploads\/2022\/10\/pressenza_logo_200x200.jpg\",\"contentUrl\":\"https:\/\/www.pressenza.com\/wp-content\/uploads\/2022\/10\/pressenza_logo_200x200.jpg\",\"width\":200,\"height\":200,\"caption\":\"Pressenza\"},\"image\":{\"@id\":\"https:\/\/www.pressenza.com\/es\/#\/schema\/logo\/image\/\"},\"sameAs\":[\"https:\/\/www.facebook.com\/PressenzaItalia\",\"https:\/\/x.com\/PressenzaIPA\"]},{\"@type\":\"Person\",\"@id\":\"https:\/\/www.pressenza.com\/es\/#\/schema\/person\/010e5d02bcf40965427a1289a4cc8d75\",\"name\":\"Pressenza IPA\",\"description\":\"News from Pressenza IPA correspondents\",\"sameAs\":[\"https:\/\/www.facebook.com\/pressenza\",\"https:\/\/x.com\/PressenzaIPA\"],\"url\":\"https:\/\/www.pressenza.com\/es\/author\/pressenza-ipa\/\"}]}<\/script>\n<!-- \/ Yoast SEO plugin. -->","yoast_head_json":{"title":"La \u00fanica industria que no est\u00e1 en crisis es la industria b\u00e9lica","description":"Los enfrentamientos verbales entre Colombia, Venezuela y Ecuador que fueron motivo de debate en los \u00faltimos d\u00edas, por la presencia de bases militares norteamericanas en territorio colombiano y los hallazgos de videos y material b\u00e9lico en poder de las Fuerzas Armadas Revolucionarias de Colombia, FARC, son un episodio coyuntural que merece un an\u00e1lisis por debajo de la superficie","robots":{"index":"index","follow":"follow","max-snippet":"max-snippet:-1","max-image-preview":"max-image-preview:large","max-video-preview":"max-video-preview:-1"},"canonical":"https:\/\/www.pressenza.com\/es\/2009\/08\/la-xnica-industria-que-no-estx-en-crisis-es-la-industria-bxlica\/","og_locale":"es_ES","og_type":"article","og_title":"La \u00fanica industria que no est\u00e1 en crisis es la industria b\u00e9lica","og_description":"Los enfrentamientos verbales entre Colombia, Venezuela y Ecuador que fueron motivo de debate en los \u00faltimos d\u00edas, por la presencia de bases militares norteamericanas en territorio colombiano y los hallazgos de videos y material b\u00e9lico en poder de las Fuerzas Armadas Revolucionarias de Colombia, FARC, son un episodio coyuntural que merece un an\u00e1lisis por debajo de la superficie","og_url":"https:\/\/www.pressenza.com\/es\/2009\/08\/la-xnica-industria-que-no-estx-en-crisis-es-la-industria-bxlica\/","og_site_name":"Pressenza","article_publisher":"https:\/\/www.facebook.com\/PressenzaItalia","article_author":"https:\/\/www.facebook.com\/pressenza","article_published_time":"2009-08-09T00:00:00+00:00","article_modified_time":"2009-09-28T05:01:03+00:00","author":"Pressenza IPA","twitter_card":"summary_large_image","twitter_creator":"@PressenzaIPA","twitter_site":"@PressenzaIPA","twitter_misc":{"Escrito por":"Pressenza IPA","Tiempo de lectura":"6 minutos"},"schema":{"@context":"https:\/\/schema.org","@graph":[{"@type":"Article","@id":"https:\/\/www.pressenza.com\/es\/2009\/08\/la-xnica-industria-que-no-estx-en-crisis-es-la-industria-bxlica\/#article","isPartOf":{"@id":"https:\/\/www.pressenza.com\/es\/2009\/08\/la-xnica-industria-que-no-estx-en-crisis-es-la-industria-bxlica\/"},"author":{"name":"Pressenza IPA","@id":"https:\/\/www.pressenza.com\/es\/#\/schema\/person\/010e5d02bcf40965427a1289a4cc8d75"},"headline":"La \u00fanica industria que no est\u00e1 en crisis es la industria b\u00e9lica","datePublished":"2009-08-09T00:00:00+00:00","dateModified":"2009-09-28T05:01:03+00:00","mainEntityOfPage":{"@id":"https:\/\/www.pressenza.com\/es\/2009\/08\/la-xnica-industria-que-no-estx-en-crisis-es-la-industria-bxlica\/"},"wordCount":1283,"publisher":{"@id":"https:\/\/www.pressenza.com\/es\/#organization"},"articleSection":["Internacional","Opiniones","Pol\u00edtica","Sudam\u00e9rica"],"inLanguage":"es"},{"@type":"WebPage","@id":"https:\/\/www.pressenza.com\/es\/2009\/08\/la-xnica-industria-que-no-estx-en-crisis-es-la-industria-bxlica\/","url":"https:\/\/www.pressenza.com\/es\/2009\/08\/la-xnica-industria-que-no-estx-en-crisis-es-la-industria-bxlica\/","name":"La \u00fanica industria que no est\u00e1 en crisis es la industria b\u00e9lica","isPartOf":{"@id":"https:\/\/www.pressenza.com\/es\/#website"},"datePublished":"2009-08-09T00:00:00+00:00","dateModified":"2009-09-28T05:01:03+00:00","description":"Los enfrentamientos verbales entre Colombia, Venezuela y Ecuador que fueron motivo de debate en los \u00faltimos d\u00edas, por la presencia de bases militares norteamericanas en territorio colombiano y los hallazgos de videos y material b\u00e9lico en poder de las Fuerzas Armadas Revolucionarias de Colombia, FARC, son un episodio coyuntural que merece un an\u00e1lisis por debajo de la superficie","breadcrumb":{"@id":"https:\/\/www.pressenza.com\/es\/2009\/08\/la-xnica-industria-que-no-estx-en-crisis-es-la-industria-bxlica\/#breadcrumb"},"inLanguage":"es","potentialAction":[{"@type":"ReadAction","target":["https:\/\/www.pressenza.com\/es\/2009\/08\/la-xnica-industria-que-no-estx-en-crisis-es-la-industria-bxlica\/"]}]},{"@type":"BreadcrumbList","@id":"https:\/\/www.pressenza.com\/es\/2009\/08\/la-xnica-industria-que-no-estx-en-crisis-es-la-industria-bxlica\/#breadcrumb","itemListElement":[{"@type":"ListItem","position":1,"name":"Accueil","item":"https:\/\/www.pressenza.com\/es\/"},{"@type":"ListItem","position":2,"name":"La \u00fanica industria que no est\u00e1 en crisis es la industria b\u00e9lica"}]},{"@type":"WebSite","@id":"https:\/\/www.pressenza.com\/es\/#website","url":"https:\/\/www.pressenza.com\/es\/","name":"Pressenza","description":"International Press Agency","publisher":{"@id":"https:\/\/www.pressenza.com\/es\/#organization"},"potentialAction":[{"@type":"SearchAction","target":{"@type":"EntryPoint","urlTemplate":"https:\/\/www.pressenza.com\/es\/?s={search_term_string}"},"query-input":{"@type":"PropertyValueSpecification","valueRequired":true,"valueName":"search_term_string"}}],"inLanguage":"es"},{"@type":"Organization","@id":"https:\/\/www.pressenza.com\/es\/#organization","name":"Pressenza","url":"https:\/\/www.pressenza.com\/es\/","logo":{"@type":"ImageObject","inLanguage":"es","@id":"https:\/\/www.pressenza.com\/es\/#\/schema\/logo\/image\/","url":"https:\/\/www.pressenza.com\/wp-content\/uploads\/2022\/10\/pressenza_logo_200x200.jpg","contentUrl":"https:\/\/www.pressenza.com\/wp-content\/uploads\/2022\/10\/pressenza_logo_200x200.jpg","width":200,"height":200,"caption":"Pressenza"},"image":{"@id":"https:\/\/www.pressenza.com\/es\/#\/schema\/logo\/image\/"},"sameAs":["https:\/\/www.facebook.com\/PressenzaItalia","https:\/\/x.com\/PressenzaIPA"]},{"@type":"Person","@id":"https:\/\/www.pressenza.com\/es\/#\/schema\/person\/010e5d02bcf40965427a1289a4cc8d75","name":"Pressenza IPA","description":"News from Pressenza IPA correspondents","sameAs":["https:\/\/www.facebook.com\/pressenza","https:\/\/x.com\/PressenzaIPA"],"url":"https:\/\/www.pressenza.com\/es\/author\/pressenza-ipa\/"}]}},"place":"Bogot\u00e1","original_article_url":"","_links":{"self":[{"href":"https:\/\/www.pressenza.com\/es\/wp-json\/wp\/v2\/posts\/883","targetHints":{"allow":["GET"]}}],"collection":[{"href":"https:\/\/www.pressenza.com\/es\/wp-json\/wp\/v2\/posts"}],"about":[{"href":"https:\/\/www.pressenza.com\/es\/wp-json\/wp\/v2\/types\/post"}],"author":[{"embeddable":true,"href":"https:\/\/www.pressenza.com\/es\/wp-json\/wp\/v2\/users\/19"}],"replies":[{"embeddable":true,"href":"https:\/\/www.pressenza.com\/es\/wp-json\/wp\/v2\/comments?post=883"}],"version-history":[{"count":0,"href":"https:\/\/www.pressenza.com\/es\/wp-json\/wp\/v2\/posts\/883\/revisions"}],"wp:attachment":[{"href":"https:\/\/www.pressenza.com\/es\/wp-json\/wp\/v2\/media?parent=883"}],"wp:term":[{"taxonomy":"category","embeddable":true,"href":"https:\/\/www.pressenza.com\/es\/wp-json\/wp\/v2\/categories?post=883"},{"taxonomy":"post_tag","embeddable":true,"href":"https:\/\/www.pressenza.com\/es\/wp-json\/wp\/v2\/tags?post=883"}],"curies":[{"name":"wp","href":"https:\/\/api.w.org\/{rel}","templated":true}]}}