{"id":882195,"date":"2019-07-07T03:26:03","date_gmt":"2019-07-07T02:26:03","guid":{"rendered":"https:\/\/www.pressenza.com\/?p=882195"},"modified":"2019-07-07T03:36:52","modified_gmt":"2019-07-07T02:36:52","slug":"fiesta-del-orgullo-madrid-ni-un-paso-atras-frente-a-la-extrema-derecha-que-busca-eliminar-los-derechos-conquistados","status":"publish","type":"post","link":"https:\/\/www.pressenza.com\/es\/2019\/07\/fiesta-del-orgullo-madrid-ni-un-paso-atras-frente-a-la-extrema-derecha-que-busca-eliminar-los-derechos-conquistados\/","title":{"rendered":"Fiesta del Orgullo Madrid: \u00a1Ni Un Paso Atr\u00e1s! frente a la extrema derecha que busca eliminar los derechos conquistados"},"content":{"rendered":"<blockquote><p>Con el eslogan \u00ab<strong>Mayores Sin Armarios: \u00a1Historia, Lucha y Memoria! Por una ley estatal<\/strong>\u201d, la\u00a0<a href=\"http:\/\/www.felgtb.org\/\"> Federaci\u00f3n Estatal de Lesbianas, Gais, Trans y Bisexuales (FELGTB)<\/a> y <a href=\"http:\/\/@COGAM\">COGAM<\/a>, colectivo LGTB+ de Madrid han convocado la manifestaci\u00f3n del Orgullo LGTBI 2019 que ha tenido lugar este 6 de julio en Madrid y que sido la m\u00e1s reivindicativa de los \u00faltimos a\u00f1os.<\/p>\n<p>De Atocha a la plaza de Col\u00f3n y en una tarde calurosa, alrededor de 1.500.000 personas -seg\u00fan los organizadores- han participado en esta gran movilizaci\u00f3n en la que se ha convertido la fiesta del Orgullo en la capital espa\u00f1ola.<\/p>\n<p>Miembros del partido conservador Ciudadanos han querido participar y un grupo de manifestantes se lo ha impedido como respuesta a su pol\u00edtica de pactos con la extrema derecha de Vox, lo que ha hecho que un rato despu\u00e9s hayan tenido que abandonar el lugar escoltados por la polic\u00eda.<\/p><\/blockquote>\n<p><strong>Fotos: <\/strong><a href=\"https:\/\/www.instagram.com\/abroccfotografia\/?hl=es\"><strong>Ariel Brocchieri<\/strong><\/a><\/p>\n<p>Con el lema <strong>\u00abMayores sin Armarios: &#8216;Historia Lucha y Memoria! Por una Ley Estatal\u00bb<\/strong>, este a\u00f1o el movimiento LGTBI conmemora el 50 aniversario de los disturbios de Stonewall, que tuvieron lugar en Nueva York y que fueron origen del movimiento en todo el mundo. Para ello, han portado la pancarta de cabeza referentes hist\u00f3ricos del movimiento espa\u00f1ol, como Armand de Fluvi\u00e0 -primer homosexual en salir del armario p\u00fablicamente-, participantes de las primeras manifestaciones LGTBI en Barcelona o Madrid- como Mar\u00eda Giralt o Ram\u00f3n Linaza, Carla Antonelli -el mayor referente del activismo transexual-, la presidenta de la FELGTB -Uge Sangil- o Carmen Garc\u00eda de Merlo -presidenta de COGAM, entre muchos otros.<\/p>\n<div class=\"post-gallery\">\n\t\t\t<figure class=\"post-gallery-item\">\n\t\t\t\t<img decoding=\"async\" src=\"https:\/\/www.pressenza.com\/wp-content\/uploads\/2019\/07\/FIESTA-ORGULLO-2019-MADRID_-ARIEL-BROCCHIERI-74-684x1024.jpg\" loading=\"lazy\">\n\t\t\t\t<figcaption>\n\t\t\t\t\tReivindicaciones y reconocimiento de la lucha de los mayores_Orgullo Madrid 2019_Ariel Brocchieri_Pressenza\n\t\t\t\t<\/figcaption>\n\t\t\t<\/figure>\n\t\t\t<figure class=\"post-gallery-item\">\n\t\t\t\t<img decoding=\"async\" src=\"https:\/\/www.pressenza.com\/wp-content\/uploads\/2019\/07\/FIESTA-ORGULLO-2019-MADRID_-ARIEL-BROCCHIERI-2-720x481.jpg\" loading=\"lazy\">\n\t\t\t\t<figcaption>\n\t\t\t\t\tReivindicaciones y reconocimiento de la lucha de los mayores_Orgullo Madrid 2019_Ariel Brocchieri_Pressenza\n\t\t\t\t<\/figcaption>\n\t\t\t<\/figure>\n\t\t\t<figure class=\"post-gallery-item\">\n\t\t\t\t<img decoding=\"async\" src=\"https:\/\/www.pressenza.com\/wp-content\/uploads\/2019\/07\/FIESTA-ORGULLO-2019-MADRID_-ARIEL-BROCCHIERI-17-720x471.jpg\" loading=\"lazy\">\n\t\t\t\t<figcaption>\n\t\t\t\t\t\n\t\t\t\t<\/figcaption>\n\t\t\t<\/figure><\/div>\n<p>Detr\u00e1s de la pancarta de cabeza y con el lema <strong>\u00abNi un paso atr\u00e1s\u00bb <\/strong>respecto a los derechos conquistados a lo largo de d\u00e9cadas, han marchado numerosas organizaciones sociales, partidos pol\u00edticos y sindicatos.<\/p>\n<p>El acento este a\u00f1o ha estado en defender los derechos conseguidos hasta aqu\u00ed, frente a quienes los ponen en cuesti\u00f3n. \u00ab<strong>Necesitamos parar a la ultraderecha que ha entrado en las instituciones. Les decimos que no vamos a dar ni un paso atr\u00e1s<\/strong>\u00ab, ha declarado Uge Sangil, presidenta de la FELGTB. <strong>\u00abNo vamos a consentir que haya un retroceso en los derechos LGTBI\u00bb<\/strong>, ha dicho Carmen Garcia de Merlo, presidenta de COGAM, en declaraciones a los medios antes de comenzar a andar la manifestaci\u00f3n.<\/p>\n<div class=\"post-gallery\">\n\t\t\t<figure class=\"post-gallery-item\">\n\t\t\t\t<img decoding=\"async\" src=\"https:\/\/www.pressenza.com\/wp-content\/uploads\/2019\/07\/FIESTA-ORGULLO-2019-MADRID_-ARIEL-BROCCHIERI-73-720x481.jpg\" loading=\"lazy\">\n\t\t\t\t<figcaption>\n\t\t\t\t\tReivindicaciones Orgullo 2019 Madrid_Ariel Brocchieri_Pressenza \n\t\t\t\t<\/figcaption>\n\t\t\t<\/figure>\n\t\t\t<figure class=\"post-gallery-item\">\n\t\t\t\t<img decoding=\"async\" src=\"https:\/\/www.pressenza.com\/wp-content\/uploads\/2019\/07\/FIESTA-ORGULLO-2019-MADRID_-ARIEL-BROCCHIERI-54-720x481.jpg\" loading=\"lazy\">\n\t\t\t\t<figcaption>\n\t\t\t\t\t\u00c1ngel Gabilondo, concejal madrile\u00f1o del PSOE_Ariel Brocchieri_Pressenza\n\t\t\t\t<\/figcaption>\n\t\t\t<\/figure>\n\t\t\t<figure class=\"post-gallery-item\">\n\t\t\t\t<img decoding=\"async\" src=\"https:\/\/www.pressenza.com\/wp-content\/uploads\/2019\/07\/FIESTA-ORGULLO-2019-MADRID_-ARIEL-BROCCHIERI-53-684x1024.jpg\" loading=\"lazy\">\n\t\t\t\t<figcaption>\n\t\t\t\t\tGrance-Marlasca, ministro del Interior en funciones_Ariel Brocchieri_Pressenza\n\t\t\t\t<\/figcaption>\n\t\t\t<\/figure>\n\t\t\t<figure class=\"post-gallery-item\">\n\t\t\t\t<img decoding=\"async\" src=\"https:\/\/www.pressenza.com\/wp-content\/uploads\/2019\/07\/FIESTA-ORGULLO-2019-MADRID_-ARIEL-BROCCHIERI-27-720x481.jpg\" loading=\"lazy\">\n\t\t\t\t<figcaption>\n\t\t\t\t\tReivindicaciones Orgullo 2019 Madrid_Ariel Brocchieri_Pressenza \n\t\t\t\t<\/figcaption>\n\t\t\t<\/figure>\n\t\t\t<figure class=\"post-gallery-item\">\n\t\t\t\t<img decoding=\"async\" src=\"https:\/\/www.pressenza.com\/wp-content\/uploads\/2019\/07\/FIESTA-ORGULLO-2019-MADRID_-ARIEL-BROCCHIERI-21-720x481.jpg\" loading=\"lazy\">\n\t\t\t\t<figcaption>\n\t\t\t\t\tReivindicaciones Orgullo 2019 Madrid_Ariel Brocchieri_Pressenza \n\t\t\t\t<\/figcaption>\n\t\t\t<\/figure>\n\t\t\t<figure class=\"post-gallery-item\">\n\t\t\t\t<img decoding=\"async\" src=\"https:\/\/www.pressenza.com\/wp-content\/uploads\/2019\/07\/FIESTA-ORGULLO-2019-MADRID_-ARIEL-BROCCHIERI-6-720x481.jpg\" loading=\"lazy\">\n\t\t\t\t<figcaption>\n\t\t\t\t\tReivindicaci\u00f3n y fiesta en Orgullo Madrid 2019_Ariel Brocchieri_Pressenza\n\t\t\t\t<\/figcaption>\n\t\t\t<\/figure>\n\t\t\t<figure class=\"post-gallery-item\">\n\t\t\t\t<img decoding=\"async\" src=\"https:\/\/www.pressenza.com\/wp-content\/uploads\/2019\/07\/FIESTA-ORGULLO-2019-MADRID_-ARIEL-BROCCHIERI-10-720x481.jpg\" loading=\"lazy\">\n\t\t\t\t<figcaption>\n\t\t\t\t\tReivindicaciones Orgullo 2019 Madrid_Ariel Brocchieri_Pressenza \n\t\t\t\t<\/figcaption>\n\t\t\t<\/figure>\n\t\t\t<figure class=\"post-gallery-item\">\n\t\t\t\t<img decoding=\"async\" src=\"https:\/\/www.pressenza.com\/wp-content\/uploads\/2019\/07\/FIESTA-ORGULLO-2019-MADRID_-ARIEL-BROCCHIERI-11-684x1024.jpg\" loading=\"lazy\">\n\t\t\t\t<figcaption>\n\t\t\t\t\tReivindicaciones Orgullo 2019 Madrid_Ariel Brocchieri_Pressenza \n\t\t\t\t<\/figcaption>\n\t\t\t<\/figure><\/div>\n<p>Ante el avance de la extrema derecha, los organizadores decidieron poner como condici\u00f3n para participar en el evento que los partidos pol\u00edticos firmaran un documento, en el que se compromet\u00edan a no llegar a pactos de gobierno con Vox, dadas sus posiciones discriminatorias hacia el colectivo LGTBI y el anuncio de la eliminaci\u00f3n de derechos conquistados por el mismo.<\/p>\n<p>Ciudadanos, un partido de derechas que ha firmado acuerdos de gobierno en diferentes puntos de la geograf\u00eda espa\u00f1ola con Vox y que no ha querido firmar dicho documento, ha visto denegada su petici\u00f3n de participar en la manifestaci\u00f3n con una carroza y algunos cargos p\u00fablicos, cuando se han dispuesto a participar en la manifestaci\u00f3n reivindicando que &#8216;el Orgullo es de todos&#8217;, se han encontrado con que un grupo de manifestantes no les ha permitido pasar mientras representaban una performance con la que buscaban desenmascarar el doble discurso (en las instituciones ultraderecha y en la calle progresista) de la formaci\u00f3n naranja. Se han vivido momentos de tensi\u00f3n\u00a0 y, una hora y media despu\u00e9s, los de Ciudadanos han tenido que abandonar la manifestaci\u00f3n, escoltados por la polic\u00eda y entre abucheos de parte del p\u00fablico. Todo ello ha retrasado el desarrollo de la manifestaci\u00f3n.<\/p>\n<div class=\"post-gallery\">\n\t\t\t<figure class=\"post-gallery-item\">\n\t\t\t\t<img decoding=\"async\" src=\"https:\/\/www.pressenza.com\/wp-content\/uploads\/2019\/07\/FIESTA-ORGULLO-2019-MADRID_-ARIEL-BROCCHIERI-47-720x481.jpg\" loading=\"lazy\">\n\t\t\t\t<figcaption>\n\t\t\t\t\tPancartas con las que un grupo ha recibido a los de Ciudadanos\n\t\t\t\t<\/figcaption>\n\t\t\t<\/figure>\n\t\t\t<figure class=\"post-gallery-item\">\n\t\t\t\t<img decoding=\"async\" src=\"https:\/\/www.pressenza.com\/wp-content\/uploads\/2019\/07\/FIESTA-ORGULLO-2019-MADRID_-ARIEL-BROCCHIERI-48-684x1024.jpg\" loading=\"lazy\">\n\t\t\t\t<figcaption>\n\t\t\t\t\tPancartas con las que un grupo ha recibido a los de Ciudadanos\n\t\t\t\t<\/figcaption>\n\t\t\t<\/figure><\/div>\n<p>Pero esta edici\u00f3n del Orgullo, adem\u00e1s de reivindicar la memoria del movimiento y de insistir en no dar un paso atr\u00e1s, ha planteado seguir avanzando tambi\u00e9n. Y para ello, se ha pedido <strong>\u00abla aprobaci\u00f3n urgente de una Ley Estatal de Igualdad LGTBI que garantice la despatologizaci\u00f3n y el derecho de autodeterminaci\u00f3n de las personas trans, la correcta atenci\u00f3n sanitaria para las personas LGTBI, protocolos espec\u00edficos contra el acoso escolar por LGTBIf\u00f3bia o sanciones para quienes imparten supuestas terapias de reconversi\u00f3n o agreden a personas LGTBI por el mero hecho de serlo o parecerlo\u00bb<\/strong><\/p>\n<div class=\"post-gallery\">\n\t\t\t<figure class=\"post-gallery-item\">\n\t\t\t\t<img decoding=\"async\" src=\"https:\/\/www.pressenza.com\/wp-content\/uploads\/2019\/07\/FIESTA-ORGULLO-2019-MADRID_-ARIEL-BROCCHIERI-19-720x481.jpg\" loading=\"lazy\">\n\t\t\t\t<figcaption>\n\t\t\t\t\tReivindicaci\u00f3n y fiesta en Orgullo Madrid 2019_Ariel Brocchieri_Pressenza\n\t\t\t\t<\/figcaption>\n\t\t\t<\/figure>\n\t\t\t<figure class=\"post-gallery-item\">\n\t\t\t\t<img decoding=\"async\" src=\"https:\/\/www.pressenza.com\/wp-content\/uploads\/2019\/07\/FIESTA-ORGULLO-2019-MADRID_-ARIEL-BROCCHIERI-69-720x481.jpg\" loading=\"lazy\">\n\t\t\t\t<figcaption>\n\t\t\t\t\tReivindicaci\u00f3n y fiesta en Orgullo Madrid 2019_Ariel Brocchieri_Pressenza\n\t\t\t\t<\/figcaption>\n\t\t\t<\/figure>\n\t\t\t<figure class=\"post-gallery-item\">\n\t\t\t\t<img decoding=\"async\" src=\"https:\/\/www.pressenza.com\/wp-content\/uploads\/2019\/07\/FIESTA-ORGULLO-2019-MADRID_-ARIEL-BROCCHIERI-66-720x481.jpg\" loading=\"lazy\">\n\t\t\t\t<figcaption>\n\t\t\t\t\tReivindicaci\u00f3n y fiesta en Orgullo Madrid 2019_Ariel Brocchieri_Pressenza\n\t\t\t\t<\/figcaption>\n\t\t\t<\/figure>\n\t\t\t<figure class=\"post-gallery-item\">\n\t\t\t\t<img decoding=\"async\" src=\"https:\/\/www.pressenza.com\/wp-content\/uploads\/2019\/07\/FIESTA-ORGULLO-2019-MADRID_-ARIEL-BROCCHIERI-65-684x1024.jpg\" loading=\"lazy\">\n\t\t\t\t<figcaption>\n\t\t\t\t\tReivindicaci\u00f3n y fiesta en Orgullo Madrid 2019_Ariel Brocchieri_Pressenza\n\t\t\t\t<\/figcaption>\n\t\t\t<\/figure>\n\t\t\t<figure class=\"post-gallery-item\">\n\t\t\t\t<img decoding=\"async\" src=\"https:\/\/www.pressenza.com\/wp-content\/uploads\/2019\/07\/FIESTA-ORGULLO-2019-MADRID_-ARIEL-BROCCHIERI-64-720x481.jpg\" loading=\"lazy\">\n\t\t\t\t<figcaption>\n\t\t\t\t\tReivindicaci\u00f3n y fiesta en Orgullo Madrid 2019_Ariel Brocchieri_Pressenza\n\t\t\t\t<\/figcaption>\n\t\t\t<\/figure>\n\t\t\t<figure class=\"post-gallery-item\">\n\t\t\t\t<img decoding=\"async\" src=\"https:\/\/www.pressenza.com\/wp-content\/uploads\/2019\/07\/FIESTA-ORGULLO-2019-MADRID_-ARIEL-BROCCHIERI-62-720x481.jpg\" loading=\"lazy\">\n\t\t\t\t<figcaption>\n\t\t\t\t\tReivindicaci\u00f3n y fiesta en Orgullo Madrid 2019_Ariel Brocchieri_Pressenza\n\t\t\t\t<\/figcaption>\n\t\t\t<\/figure>\n\t\t\t<figure class=\"post-gallery-item\">\n\t\t\t\t<img decoding=\"async\" src=\"https:\/\/www.pressenza.com\/wp-content\/uploads\/2019\/07\/FIESTA-ORGULLO-2019-MADRID_-ARIEL-BROCCHIERI-61-720x481.jpg\" loading=\"lazy\">\n\t\t\t\t<figcaption>\n\t\t\t\t\tReivindicaci\u00f3n y fiesta en Orgullo Madrid 2019_Ariel Brocchieri_Pressenza\n\t\t\t\t<\/figcaption>\n\t\t\t<\/figure>\n\t\t\t<figure class=\"post-gallery-item\">\n\t\t\t\t<img decoding=\"async\" src=\"https:\/\/www.pressenza.com\/wp-content\/uploads\/2019\/07\/FIESTA-ORGULLO-2019-MADRID_-ARIEL-BROCCHIERI-58-720x481.jpg\" loading=\"lazy\">\n\t\t\t\t<figcaption>\n\t\t\t\t\tReivindicaci\u00f3n y fiesta en Orgullo Madrid 2019_Ariel Brocchieri_Pressenza\n\t\t\t\t<\/figcaption>\n\t\t\t<\/figure>\n\t\t\t<figure class=\"post-gallery-item\">\n\t\t\t\t<img decoding=\"async\" src=\"https:\/\/www.pressenza.com\/wp-content\/uploads\/2019\/07\/FIESTA-ORGULLO-2019-MADRID_-ARIEL-BROCCHIERI-52-684x1024.jpg\" loading=\"lazy\">\n\t\t\t\t<figcaption>\n\t\t\t\t\tReivindicaci\u00f3n y fiesta en Orgullo Madrid 2019_Ariel Brocchieri_Pressenza\n\t\t\t\t<\/figcaption>\n\t\t\t<\/figure>\n\t\t\t<figure class=\"post-gallery-item\">\n\t\t\t\t<img decoding=\"async\" src=\"https:\/\/www.pressenza.com\/wp-content\/uploads\/2019\/07\/FIESTA-ORGULLO-2019-MADRID_-ARIEL-BROCCHIERI-51-684x1024.jpg\" loading=\"lazy\">\n\t\t\t\t<figcaption>\n\t\t\t\t\tReivindicaci\u00f3n y fiesta en Orgullo Madrid 2019_Ariel Brocchieri_Pressenza\n\t\t\t\t<\/figcaption>\n\t\t\t<\/figure>\n\t\t\t<figure class=\"post-gallery-item\">\n\t\t\t\t<img decoding=\"async\" src=\"https:\/\/www.pressenza.com\/wp-content\/uploads\/2019\/07\/FIESTA-ORGULLO-2019-MADRID_-ARIEL-BROCCHIERI-68-720x481.jpg\" loading=\"lazy\">\n\t\t\t\t<figcaption>\n\t\t\t\t\tReivindicaci\u00f3n y fiesta en Orgullo Madrid 2019_Ariel Brocchieri_Pressenza\n\t\t\t\t<\/figcaption>\n\t\t\t<\/figure>\n\t\t\t<figure class=\"post-gallery-item\">\n\t\t\t\t<img decoding=\"async\" src=\"https:\/\/www.pressenza.com\/wp-content\/uploads\/2019\/07\/FIESTA-ORGULLO-2019-MADRID_-ARIEL-BROCCHIERI-50-720x481.jpg\" loading=\"lazy\">\n\t\t\t\t<figcaption>\n\t\t\t\t\tReivindicaci\u00f3n y fiesta en Orgullo Madrid 2019_Ariel Brocchieri_Pressenza\n\t\t\t\t<\/figcaption>\n\t\t\t<\/figure>\n\t\t\t<figure class=\"post-gallery-item\">\n\t\t\t\t<img decoding=\"async\" src=\"https:\/\/www.pressenza.com\/wp-content\/uploads\/2019\/07\/FIESTA-ORGULLO-2019-MADRID_-ARIEL-BROCCHIERI-49-720x481.jpg\" loading=\"lazy\">\n\t\t\t\t<figcaption>\n\t\t\t\t\tReivindicaci\u00f3n y fiesta en Orgullo Madrid 2019_Ariel Brocchieri_Pressenza\n\t\t\t\t<\/figcaption>\n\t\t\t<\/figure>\n\t\t\t<figure class=\"post-gallery-item\">\n\t\t\t\t<img decoding=\"async\" src=\"https:\/\/www.pressenza.com\/wp-content\/uploads\/2019\/07\/FIESTA-ORGULLO-2019-MADRID_-ARIEL-BROCCHIERI-44-684x1024.jpg\" loading=\"lazy\">\n\t\t\t\t<figcaption>\n\t\t\t\t\tReivindicaci\u00f3n y fiesta en Orgullo Madrid 2019_Ariel Brocchieri_Pressenza\n\t\t\t\t<\/figcaption>\n\t\t\t<\/figure>\n\t\t\t<figure class=\"post-gallery-item\">\n\t\t\t\t<img decoding=\"async\" src=\"https:\/\/www.pressenza.com\/wp-content\/uploads\/2019\/07\/FIESTA-ORGULLO-2019-MADRID_-ARIEL-BROCCHIERI-37-684x1024.jpg\" loading=\"lazy\">\n\t\t\t\t<figcaption>\n\t\t\t\t\tReivindicaci\u00f3n y fiesta en Orgullo Madrid 2019_Ariel Brocchieri_Pressenza\n\t\t\t\t<\/figcaption>\n\t\t\t<\/figure>\n\t\t\t<figure class=\"post-gallery-item\">\n\t\t\t\t<img decoding=\"async\" src=\"https:\/\/www.pressenza.com\/wp-content\/uploads\/2019\/07\/FIESTA-ORGULLO-2019-MADRID_-ARIEL-BROCCHIERI-36-720x481.jpg\" loading=\"lazy\">\n\t\t\t\t<figcaption>\n\t\t\t\t\tReivindicaci\u00f3n y fiesta en Orgullo Madrid 2019_Ariel Brocchieri_Pressenza\n\t\t\t\t<\/figcaption>\n\t\t\t<\/figure>\n\t\t\t<figure class=\"post-gallery-item\">\n\t\t\t\t<img decoding=\"async\" src=\"https:\/\/www.pressenza.com\/wp-content\/uploads\/2019\/07\/FIESTA-ORGULLO-2019-MADRID_-ARIEL-BROCCHIERI-35-720x481.jpg\" loading=\"lazy\">\n\t\t\t\t<figcaption>\n\t\t\t\t\tReivindicaci\u00f3n y fiesta en Orgullo Madrid 2019_Ariel Brocchieri_Pressenza\n\t\t\t\t<\/figcaption>\n\t\t\t<\/figure>\n\t\t\t<figure class=\"post-gallery-item\">\n\t\t\t\t<img decoding=\"async\" src=\"https:\/\/www.pressenza.com\/wp-content\/uploads\/2019\/07\/FIESTA-ORGULLO-2019-MADRID_-ARIEL-BROCCHIERI-70-720x481.jpg\" loading=\"lazy\">\n\t\t\t\t<figcaption>\n\t\t\t\t\tReReivindicaci\u00f3n y fiesta en Orgullo Madrid 2019_Ariel Brocchieri_Pressenzaivindicaci\u00f3n y fiesta en Orgullo Madrid 2019_Ariel Brocchieri_Pressenza\n\t\t\t\t<\/figcaption>\n\t\t\t<\/figure>\n\t\t\t<figure class=\"post-gallery-item\">\n\t\t\t\t<img decoding=\"async\" src=\"https:\/\/www.pressenza.com\/wp-content\/uploads\/2019\/07\/FIESTA-ORGULLO-2019-MADRID_-ARIEL-BROCCHIERI-31-684x1024.jpg\" loading=\"lazy\">\n\t\t\t\t<figcaption>\n\t\t\t\t\tReivindicaci\u00f3n y fiesta en Orgullo Madrid 2019_Ariel Brocchieri_Pressenza\n\t\t\t\t<\/figcaption>\n\t\t\t<\/figure>\n\t\t\t<figure class=\"post-gallery-item\">\n\t\t\t\t<img decoding=\"async\" src=\"https:\/\/www.pressenza.com\/wp-content\/uploads\/2019\/07\/FIESTA-ORGULLO-2019-MADRID_-ARIEL-BROCCHIERI-30-720x481.jpg\" loading=\"lazy\">\n\t\t\t\t<figcaption>\n\t\t\t\t\tReivindicaci\u00f3n y fiesta en Orgullo Madrid 2019_Ariel Brocchieri_Pressenza\n\t\t\t\t<\/figcaption>\n\t\t\t<\/figure>\n\t\t\t<figure class=\"post-gallery-item\">\n\t\t\t\t<img decoding=\"async\" src=\"https:\/\/www.pressenza.com\/wp-content\/uploads\/2019\/07\/FIESTA-ORGULLO-2019-MADRID_-ARIEL-BROCCHIERI-29-720x481.jpg\" loading=\"lazy\">\n\t\t\t\t<figcaption>\n\t\t\t\t\tReivindicaci\u00f3n y fiesta en Orgullo Madrid 2019_Ariel Brocchieri_Pressenza\n\t\t\t\t<\/figcaption>\n\t\t\t<\/figure>\n\t\t\t<figure class=\"post-gallery-item\">\n\t\t\t\t<img decoding=\"async\" src=\"https:\/\/www.pressenza.com\/wp-content\/uploads\/2019\/07\/FIESTA-ORGULLO-2019-MADRID_-ARIEL-BROCCHIERI-28-684x1024.jpg\" loading=\"lazy\">\n\t\t\t\t<figcaption>\n\t\t\t\t\tReivindicaci\u00f3n y fiesta en Orgullo Madrid 2019_Ariel Brocchieri_Pressenza\n\t\t\t\t<\/figcaption>\n\t\t\t<\/figure>\n\t\t\t<figure class=\"post-gallery-item\">\n\t\t\t\t<img decoding=\"async\" src=\"https:\/\/www.pressenza.com\/wp-content\/uploads\/2019\/07\/FIESTA-ORGULLO-2019-MADRID_-ARIEL-BROCCHIERI-26-720x481.jpg\" loading=\"lazy\">\n\t\t\t\t<figcaption>\n\t\t\t\t\tReivindicaci\u00f3n y fiesta en Orgullo Madrid 2019_Ariel Brocchieri_Pressenza\n\t\t\t\t<\/figcaption>\n\t\t\t<\/figure>\n\t\t\t<figure class=\"post-gallery-item\">\n\t\t\t\t<img decoding=\"async\" src=\"https:\/\/www.pressenza.com\/wp-content\/uploads\/2019\/07\/FIESTA-ORGULLO-2019-MADRID_-ARIEL-BROCCHIERI-20-720x481.jpg\" loading=\"lazy\">\n\t\t\t\t<figcaption>\n\t\t\t\t\tReivindicaci\u00f3n y fiesta en Orgullo Madrid 2019_Ariel Brocchieri_Pressenza\n\t\t\t\t<\/figcaption>\n\t\t\t<\/figure>\n\t\t\t<figure class=\"post-gallery-item\">\n\t\t\t\t<img decoding=\"async\" src=\"https:\/\/www.pressenza.com\/wp-content\/uploads\/2019\/07\/FIESTA-ORGULLO-2019-MADRID_-ARIEL-BROCCHIERI-18-684x1024.jpg\" loading=\"lazy\">\n\t\t\t\t<figcaption>\n\t\t\t\t\tReivindicaci\u00f3n y fiesta en Orgullo Madrid 2019_Ariel Brocchieri_Pressenza\n\t\t\t\t<\/figcaption>\n\t\t\t<\/figure>\n\t\t\t<figure class=\"post-gallery-item\">\n\t\t\t\t<img decoding=\"async\" src=\"https:\/\/www.pressenza.com\/wp-content\/uploads\/2019\/07\/FIESTA-ORGULLO-2019-MADRID_-ARIEL-BROCCHIERI-16-720x481.jpg\" loading=\"lazy\">\n\t\t\t\t<figcaption>\n\t\t\t\t\tReivindicaci\u00f3n y fiesta en Orgullo Madrid 2019_Ariel Brocchieri_Pressenza\n\t\t\t\t<\/figcaption>\n\t\t\t<\/figure>\n\t\t\t<figure class=\"post-gallery-item\">\n\t\t\t\t<img decoding=\"async\" src=\"https:\/\/www.pressenza.com\/wp-content\/uploads\/2019\/07\/FIESTA-ORGULLO-2019-MADRID_-ARIEL-BROCCHIERI-14-684x1024.jpg\" loading=\"lazy\">\n\t\t\t\t<figcaption>\n\t\t\t\t\tReivindicaci\u00f3n y fiesta en Orgullo Madrid 2019_Ariel Brocchieri_Pressenza\n\t\t\t\t<\/figcaption>\n\t\t\t<\/figure>\n\t\t\t<figure class=\"post-gallery-item\">\n\t\t\t\t<img decoding=\"async\" src=\"https:\/\/www.pressenza.com\/wp-content\/uploads\/2019\/07\/FIESTA-ORGULLO-2019-MADRID_-ARIEL-BROCCHIERI-13-684x1024.jpg\" loading=\"lazy\">\n\t\t\t\t<figcaption>\n\t\t\t\t\tReivindicaci\u00f3n y fiesta en Orgullo Madrid 2019_Ariel Brocchieri_Pressenza\n\t\t\t\t<\/figcaption>\n\t\t\t<\/figure>\n\t\t\t<figure class=\"post-gallery-item\">\n\t\t\t\t<img decoding=\"async\" src=\"https:\/\/www.pressenza.com\/wp-content\/uploads\/2019\/07\/FIESTA-ORGULLO-2019-MADRID_-ARIEL-BROCCHIERI-12-684x1024.jpg\" loading=\"lazy\">\n\t\t\t\t<figcaption>\n\t\t\t\t\tReivindicaci\u00f3n y fiesta en Orgullo Madrid 2019_Ariel Brocchieri_Pressenza\n\t\t\t\t<\/figcaption>\n\t\t\t<\/figure>\n\t\t\t<figure class=\"post-gallery-item\">\n\t\t\t\t<img decoding=\"async\" src=\"https:\/\/www.pressenza.com\/wp-content\/uploads\/2019\/07\/FIESTA-ORGULLO-2019-MADRID_-ARIEL-BROCCHIERI-5-684x1024.jpg\" loading=\"lazy\">\n\t\t\t\t<figcaption>\n\t\t\t\t\tReivindicaci\u00f3n y fiesta en Orgullo Madrid 2019_Ariel Brocchieri_Pressenza\n\t\t\t\t<\/figcaption>\n\t\t\t<\/figure>\n\t\t\t<figure class=\"post-gallery-item\">\n\t\t\t\t<img decoding=\"async\" src=\"https:\/\/www.pressenza.com\/wp-content\/uploads\/2019\/07\/FIESTA-ORGULLO-2019-MADRID_-ARIEL-BROCCHIERI-3-684x1024.jpg\" loading=\"lazy\">\n\t\t\t\t<figcaption>\n\t\t\t\t\tReivindicaci\u00f3n y fiesta en Orgullo Madrid 2019_Ariel Brocchieri_Pressenza\n\t\t\t\t<\/figcaption>\n\t\t\t<\/figure><\/div>\n<p>La gran movilizaci\u00f3n ha terminado con la lectura de un manifiesto en la plaza de Col\u00f3n, un lugar emblem\u00e1tico en el que en febrero pasado tuvo lugar una concentraci\u00f3n de toda la derecha espa\u00f1ola, con representantes del Partido Popular, Ciudadanos y Vox: la primera muestra de c\u00f3mo toda la derecha espa\u00f1ola iba extremando sus posiciones al tiempo que legitimaban al ultraderechista partido de Vox.<\/p>\n<p>Como otros a\u00f1os, ha cerrado esta gran movilizaci\u00f3n el desfile de carrozas que pone siempre el tono l\u00fadico a esta fiesta reivindicativa.<\/p>\n<p>A \u00faltima hora, se ha conocido que, avanzada la noch,e la barandilla de una de las carrozas ha cedido y han ca\u00eddo cuatro personas que han resultado heridas, una de ellas grave.<\/p>\n<p>&nbsp;<\/p>\n","protected":false},"excerpt":{"rendered":"<p>Con el eslogan \u00abMayores Sin Armarios: \u00a1Historia, Lucha y Memoria! Por una ley estatal\u201d, la\u00a0 Federaci\u00f3n Estatal de Lesbianas, Gais, Trans y Bisexuales (FELGTB) y COGAM, colectivo LGTB+ de Madrid han convocado la manifestaci\u00f3n del Orgullo LGTBI 2019 que ha&hellip;<\/p>\n","protected":false},"author":188,"featured_media":882819,"comment_status":"closed","ping_status":"closed","sticky":false,"template":"","format":"standard","meta":{"footnotes":""},"categories":[11389,1241,5667,54515,39],"tags":[60663,60505,60662,60605,60691,60661],"class_list":["post-882195","post","type-post","status-publish","format-standard","has-post-thumbnail","hentry","category-contenido-original","category-diversidad","category-foto-reportajes","category-genero-y-feminismos","category-internacional","tag-cogam","tag-derechos-lgtbi","tag-felgtb","tag-fiestas-orgullo-madrid-2019","tag-parar-a-la-ultraderecha","tag-pride2019"],"yoast_head":"<!-- This site is optimized with the Yoast SEO plugin v27.1.1 - https:\/\/yoast.com\/product\/yoast-seo-wordpress\/ -->\n<title>Fiesta del Orgullo Madrid: \u00a1Ni Un Paso Atr\u00e1s! frente a la extrema derecha que busca eliminar los derechos conquistados<\/title>\n<meta name=\"description\" content=\"Con el eslogan &quot;Mayores Sin Armarios: \u00a1Historia, Lucha y Memoria! Por una ley estatal\u201d, la\u00a0 Federaci\u00f3n Estatal de Lesbianas, Gais, Trans y Bisexuales Reivindicaci\u00f3n de la memoria, nuevas demandas y un &#039;Ni un paso atr\u00e1s&#039; han convertido a la fiesta del Orgullo 2019 en Madrid, una vez m\u00e1s, en la manifestaci\u00f3n por los derechos LGTBI en Espa\u00f1a por excelencia\" \/>\n<meta name=\"robots\" content=\"index, follow, max-snippet:-1, max-image-preview:large, max-video-preview:-1\" \/>\n<link rel=\"canonical\" href=\"https:\/\/www.pressenza.com\/es\/2019\/07\/fiesta-del-orgullo-madrid-ni-un-paso-atras-frente-a-la-extrema-derecha-que-busca-eliminar-los-derechos-conquistados\/\" \/>\n<meta property=\"og:locale\" content=\"es_ES\" \/>\n<meta property=\"og:type\" content=\"article\" \/>\n<meta property=\"og:title\" content=\"Fiesta del Orgullo Madrid: \u00a1Ni Un Paso Atr\u00e1s! frente a la extrema derecha que busca eliminar los derechos conquistados\" \/>\n<meta property=\"og:description\" content=\"Con el eslogan &quot;Mayores Sin Armarios: \u00a1Historia, Lucha y Memoria! Por una ley estatal\u201d, la\u00a0 Federaci\u00f3n Estatal de Lesbianas, Gais, Trans y Bisexuales Reivindicaci\u00f3n de la memoria, nuevas demandas y un &#039;Ni un paso atr\u00e1s&#039; han convertido a la fiesta del Orgullo 2019 en Madrid, una vez m\u00e1s, en la manifestaci\u00f3n por los derechos LGTBI en Espa\u00f1a por excelencia\" \/>\n<meta property=\"og:url\" content=\"https:\/\/www.pressenza.com\/es\/2019\/07\/fiesta-del-orgullo-madrid-ni-un-paso-atras-frente-a-la-extrema-derecha-que-busca-eliminar-los-derechos-conquistados\/\" \/>\n<meta property=\"og:site_name\" content=\"Pressenza\" \/>\n<meta property=\"article:publisher\" content=\"https:\/\/www.facebook.com\/PressenzaItalia\" \/>\n<meta property=\"article:published_time\" content=\"2019-07-07T02:26:03+00:00\" \/>\n<meta property=\"article:modified_time\" content=\"2019-07-07T02:36:52+00:00\" \/>\n<meta property=\"og:image\" content=\"https:\/\/www.pressenza.com\/wp-content\/uploads\/2019\/07\/FIESTA-ORGULLO-2019-MADRID_-ARIEL-BROCCHIERI-1.jpg\" \/>\n\t<meta property=\"og:image:width\" content=\"2048\" \/>\n\t<meta property=\"og:image:height\" content=\"1367\" \/>\n\t<meta property=\"og:image:type\" content=\"image\/jpeg\" \/>\n<meta name=\"author\" content=\"Gabriela Amaya\" \/>\n<meta name=\"twitter:card\" content=\"summary_large_image\" \/>\n<meta name=\"twitter:creator\" content=\"@PressenzaIPA\" \/>\n<meta name=\"twitter:site\" content=\"@PressenzaIPA\" \/>\n<meta name=\"twitter:label1\" content=\"Escrito por\" \/>\n\t<meta name=\"twitter:data1\" content=\"Gabriela Amaya\" \/>\n\t<meta name=\"twitter:label2\" content=\"Tiempo de lectura\" \/>\n\t<meta name=\"twitter:data2\" content=\"4 minutos\" \/>\n<script type=\"application\/ld+json\" class=\"yoast-schema-graph\">{\"@context\":\"https:\/\/schema.org\",\"@graph\":[{\"@type\":\"Article\",\"@id\":\"https:\/\/www.pressenza.com\/es\/2019\/07\/fiesta-del-orgullo-madrid-ni-un-paso-atras-frente-a-la-extrema-derecha-que-busca-eliminar-los-derechos-conquistados\/#article\",\"isPartOf\":{\"@id\":\"https:\/\/www.pressenza.com\/es\/2019\/07\/fiesta-del-orgullo-madrid-ni-un-paso-atras-frente-a-la-extrema-derecha-que-busca-eliminar-los-derechos-conquistados\/\"},\"author\":{\"name\":\"Gabriela Amaya\",\"@id\":\"https:\/\/www.pressenza.com\/es\/#\/schema\/person\/725d47ccbea4c7854f7dd4011b6670b9\"},\"headline\":\"Fiesta del Orgullo Madrid: \u00a1Ni Un Paso Atr\u00e1s! frente a la extrema derecha que busca eliminar los derechos conquistados\",\"datePublished\":\"2019-07-07T02:26:03+00:00\",\"dateModified\":\"2019-07-07T02:36:52+00:00\",\"mainEntityOfPage\":{\"@id\":\"https:\/\/www.pressenza.com\/es\/2019\/07\/fiesta-del-orgullo-madrid-ni-un-paso-atras-frente-a-la-extrema-derecha-que-busca-eliminar-los-derechos-conquistados\/\"},\"wordCount\":876,\"publisher\":{\"@id\":\"https:\/\/www.pressenza.com\/es\/#organization\"},\"image\":{\"@id\":\"https:\/\/www.pressenza.com\/es\/2019\/07\/fiesta-del-orgullo-madrid-ni-un-paso-atras-frente-a-la-extrema-derecha-que-busca-eliminar-los-derechos-conquistados\/#primaryimage\"},\"thumbnailUrl\":\"https:\/\/www.pressenza.com\/wp-content\/uploads\/2019\/07\/FIESTA-ORGULLO-2019-MADRID_-ARIEL-BROCCHIERI-1.jpg\",\"keywords\":[\"COGAM\",\"derechos LGTBI\",\"FELGTB\",\"Fiestas Orgullo Madrid 2019\",\"parar a la ultraderecha\",\"Pride2019\"],\"articleSection\":[\"Contenido Original\",\"Diversidad\",\"Fotorreportajes\",\"G\u00e9nero y Feminismos\",\"Internacional\"],\"inLanguage\":\"es\"},{\"@type\":\"WebPage\",\"@id\":\"https:\/\/www.pressenza.com\/es\/2019\/07\/fiesta-del-orgullo-madrid-ni-un-paso-atras-frente-a-la-extrema-derecha-que-busca-eliminar-los-derechos-conquistados\/\",\"url\":\"https:\/\/www.pressenza.com\/es\/2019\/07\/fiesta-del-orgullo-madrid-ni-un-paso-atras-frente-a-la-extrema-derecha-que-busca-eliminar-los-derechos-conquistados\/\",\"name\":\"Fiesta del Orgullo Madrid: \u00a1Ni Un Paso Atr\u00e1s! frente a la extrema derecha que busca eliminar los derechos conquistados\",\"isPartOf\":{\"@id\":\"https:\/\/www.pressenza.com\/es\/#website\"},\"primaryImageOfPage\":{\"@id\":\"https:\/\/www.pressenza.com\/es\/2019\/07\/fiesta-del-orgullo-madrid-ni-un-paso-atras-frente-a-la-extrema-derecha-que-busca-eliminar-los-derechos-conquistados\/#primaryimage\"},\"image\":{\"@id\":\"https:\/\/www.pressenza.com\/es\/2019\/07\/fiesta-del-orgullo-madrid-ni-un-paso-atras-frente-a-la-extrema-derecha-que-busca-eliminar-los-derechos-conquistados\/#primaryimage\"},\"thumbnailUrl\":\"https:\/\/www.pressenza.com\/wp-content\/uploads\/2019\/07\/FIESTA-ORGULLO-2019-MADRID_-ARIEL-BROCCHIERI-1.jpg\",\"datePublished\":\"2019-07-07T02:26:03+00:00\",\"dateModified\":\"2019-07-07T02:36:52+00:00\",\"description\":\"Con el eslogan \\\"Mayores Sin Armarios: \u00a1Historia, Lucha y Memoria! Por una ley estatal\u201d, la\u00a0 Federaci\u00f3n Estatal de Lesbianas, Gais, Trans y Bisexuales Reivindicaci\u00f3n de la memoria, nuevas demandas y un 'Ni un paso atr\u00e1s' han convertido a la fiesta del Orgullo 2019 en Madrid, una vez m\u00e1s, en la manifestaci\u00f3n por los derechos LGTBI en Espa\u00f1a por excelencia\",\"breadcrumb\":{\"@id\":\"https:\/\/www.pressenza.com\/es\/2019\/07\/fiesta-del-orgullo-madrid-ni-un-paso-atras-frente-a-la-extrema-derecha-que-busca-eliminar-los-derechos-conquistados\/#breadcrumb\"},\"inLanguage\":\"es\",\"potentialAction\":[{\"@type\":\"ReadAction\",\"target\":[\"https:\/\/www.pressenza.com\/es\/2019\/07\/fiesta-del-orgullo-madrid-ni-un-paso-atras-frente-a-la-extrema-derecha-que-busca-eliminar-los-derechos-conquistados\/\"]}]},{\"@type\":\"ImageObject\",\"inLanguage\":\"es\",\"@id\":\"https:\/\/www.pressenza.com\/es\/2019\/07\/fiesta-del-orgullo-madrid-ni-un-paso-atras-frente-a-la-extrema-derecha-que-busca-eliminar-los-derechos-conquistados\/#primaryimage\",\"url\":\"https:\/\/www.pressenza.com\/wp-content\/uploads\/2019\/07\/FIESTA-ORGULLO-2019-MADRID_-ARIEL-BROCCHIERI-1.jpg\",\"contentUrl\":\"https:\/\/www.pressenza.com\/wp-content\/uploads\/2019\/07\/FIESTA-ORGULLO-2019-MADRID_-ARIEL-BROCCHIERI-1.jpg\",\"width\":2048,\"height\":1367,\"caption\":\"Reivindicaciones y reconocimiento de la lucha de los mayores_Orgullo Madrid 2019_Ariel Brocchieri_Pressenza\"},{\"@type\":\"BreadcrumbList\",\"@id\":\"https:\/\/www.pressenza.com\/es\/2019\/07\/fiesta-del-orgullo-madrid-ni-un-paso-atras-frente-a-la-extrema-derecha-que-busca-eliminar-los-derechos-conquistados\/#breadcrumb\",\"itemListElement\":[{\"@type\":\"ListItem\",\"position\":1,\"name\":\"Accueil\",\"item\":\"https:\/\/www.pressenza.com\/es\/\"},{\"@type\":\"ListItem\",\"position\":2,\"name\":\"Fiesta del Orgullo Madrid: \u00a1Ni Un Paso Atr\u00e1s! frente a la extrema derecha que busca eliminar los derechos conquistados\"}]},{\"@type\":\"WebSite\",\"@id\":\"https:\/\/www.pressenza.com\/es\/#website\",\"url\":\"https:\/\/www.pressenza.com\/es\/\",\"name\":\"Pressenza\",\"description\":\"International Press Agency\",\"publisher\":{\"@id\":\"https:\/\/www.pressenza.com\/es\/#organization\"},\"potentialAction\":[{\"@type\":\"SearchAction\",\"target\":{\"@type\":\"EntryPoint\",\"urlTemplate\":\"https:\/\/www.pressenza.com\/es\/?s={search_term_string}\"},\"query-input\":{\"@type\":\"PropertyValueSpecification\",\"valueRequired\":true,\"valueName\":\"search_term_string\"}}],\"inLanguage\":\"es\"},{\"@type\":\"Organization\",\"@id\":\"https:\/\/www.pressenza.com\/es\/#organization\",\"name\":\"Pressenza\",\"url\":\"https:\/\/www.pressenza.com\/es\/\",\"logo\":{\"@type\":\"ImageObject\",\"inLanguage\":\"es\",\"@id\":\"https:\/\/www.pressenza.com\/es\/#\/schema\/logo\/image\/\",\"url\":\"https:\/\/www.pressenza.com\/wp-content\/uploads\/2022\/10\/pressenza_logo_200x200.jpg\",\"contentUrl\":\"https:\/\/www.pressenza.com\/wp-content\/uploads\/2022\/10\/pressenza_logo_200x200.jpg\",\"width\":200,\"height\":200,\"caption\":\"Pressenza\"},\"image\":{\"@id\":\"https:\/\/www.pressenza.com\/es\/#\/schema\/logo\/image\/\"},\"sameAs\":[\"https:\/\/www.facebook.com\/PressenzaItalia\",\"https:\/\/x.com\/PressenzaIPA\"]},{\"@type\":\"Person\",\"@id\":\"https:\/\/www.pressenza.com\/es\/#\/schema\/person\/725d47ccbea4c7854f7dd4011b6670b9\",\"name\":\"Gabriela Amaya\",\"description\":\"Editor in Spanish, Gabriel Amaya has worked in radio and written press and years ago decided to develop her journalistic work as a professional volunteer at the service of peace and nonviolence. She is also involved with different collectives and platforms which she supports with her journalism.\",\"url\":\"https:\/\/www.pressenza.com\/es\/author\/gabriela-amaya\/\"}]}<\/script>\n<!-- \/ Yoast SEO plugin. -->","yoast_head_json":{"title":"Fiesta del Orgullo Madrid: \u00a1Ni Un Paso Atr\u00e1s! frente a la extrema derecha que busca eliminar los derechos conquistados","description":"Con el eslogan \"Mayores Sin Armarios: \u00a1Historia, Lucha y Memoria! Por una ley estatal\u201d, la\u00a0 Federaci\u00f3n Estatal de Lesbianas, Gais, Trans y Bisexuales Reivindicaci\u00f3n de la memoria, nuevas demandas y un 'Ni un paso atr\u00e1s' han convertido a la fiesta del Orgullo 2019 en Madrid, una vez m\u00e1s, en la manifestaci\u00f3n por los derechos LGTBI en Espa\u00f1a por excelencia","robots":{"index":"index","follow":"follow","max-snippet":"max-snippet:-1","max-image-preview":"max-image-preview:large","max-video-preview":"max-video-preview:-1"},"canonical":"https:\/\/www.pressenza.com\/es\/2019\/07\/fiesta-del-orgullo-madrid-ni-un-paso-atras-frente-a-la-extrema-derecha-que-busca-eliminar-los-derechos-conquistados\/","og_locale":"es_ES","og_type":"article","og_title":"Fiesta del Orgullo Madrid: \u00a1Ni Un Paso Atr\u00e1s! frente a la extrema derecha que busca eliminar los derechos conquistados","og_description":"Con el eslogan \"Mayores Sin Armarios: \u00a1Historia, Lucha y Memoria! Por una ley estatal\u201d, la\u00a0 Federaci\u00f3n Estatal de Lesbianas, Gais, Trans y Bisexuales Reivindicaci\u00f3n de la memoria, nuevas demandas y un 'Ni un paso atr\u00e1s' han convertido a la fiesta del Orgullo 2019 en Madrid, una vez m\u00e1s, en la manifestaci\u00f3n por los derechos LGTBI en Espa\u00f1a por excelencia","og_url":"https:\/\/www.pressenza.com\/es\/2019\/07\/fiesta-del-orgullo-madrid-ni-un-paso-atras-frente-a-la-extrema-derecha-que-busca-eliminar-los-derechos-conquistados\/","og_site_name":"Pressenza","article_publisher":"https:\/\/www.facebook.com\/PressenzaItalia","article_published_time":"2019-07-07T02:26:03+00:00","article_modified_time":"2019-07-07T02:36:52+00:00","og_image":[{"width":2048,"height":1367,"url":"https:\/\/www.pressenza.com\/wp-content\/uploads\/2019\/07\/FIESTA-ORGULLO-2019-MADRID_-ARIEL-BROCCHIERI-1.jpg","type":"image\/jpeg"}],"author":"Gabriela Amaya","twitter_card":"summary_large_image","twitter_creator":"@PressenzaIPA","twitter_site":"@PressenzaIPA","twitter_misc":{"Escrito por":"Gabriela Amaya","Tiempo de lectura":"4 minutos"},"schema":{"@context":"https:\/\/schema.org","@graph":[{"@type":"Article","@id":"https:\/\/www.pressenza.com\/es\/2019\/07\/fiesta-del-orgullo-madrid-ni-un-paso-atras-frente-a-la-extrema-derecha-que-busca-eliminar-los-derechos-conquistados\/#article","isPartOf":{"@id":"https:\/\/www.pressenza.com\/es\/2019\/07\/fiesta-del-orgullo-madrid-ni-un-paso-atras-frente-a-la-extrema-derecha-que-busca-eliminar-los-derechos-conquistados\/"},"author":{"name":"Gabriela Amaya","@id":"https:\/\/www.pressenza.com\/es\/#\/schema\/person\/725d47ccbea4c7854f7dd4011b6670b9"},"headline":"Fiesta del Orgullo Madrid: \u00a1Ni Un Paso Atr\u00e1s! frente a la extrema derecha que busca eliminar los derechos conquistados","datePublished":"2019-07-07T02:26:03+00:00","dateModified":"2019-07-07T02:36:52+00:00","mainEntityOfPage":{"@id":"https:\/\/www.pressenza.com\/es\/2019\/07\/fiesta-del-orgullo-madrid-ni-un-paso-atras-frente-a-la-extrema-derecha-que-busca-eliminar-los-derechos-conquistados\/"},"wordCount":876,"publisher":{"@id":"https:\/\/www.pressenza.com\/es\/#organization"},"image":{"@id":"https:\/\/www.pressenza.com\/es\/2019\/07\/fiesta-del-orgullo-madrid-ni-un-paso-atras-frente-a-la-extrema-derecha-que-busca-eliminar-los-derechos-conquistados\/#primaryimage"},"thumbnailUrl":"https:\/\/www.pressenza.com\/wp-content\/uploads\/2019\/07\/FIESTA-ORGULLO-2019-MADRID_-ARIEL-BROCCHIERI-1.jpg","keywords":["COGAM","derechos LGTBI","FELGTB","Fiestas Orgullo Madrid 2019","parar a la ultraderecha","Pride2019"],"articleSection":["Contenido Original","Diversidad","Fotorreportajes","G\u00e9nero y Feminismos","Internacional"],"inLanguage":"es"},{"@type":"WebPage","@id":"https:\/\/www.pressenza.com\/es\/2019\/07\/fiesta-del-orgullo-madrid-ni-un-paso-atras-frente-a-la-extrema-derecha-que-busca-eliminar-los-derechos-conquistados\/","url":"https:\/\/www.pressenza.com\/es\/2019\/07\/fiesta-del-orgullo-madrid-ni-un-paso-atras-frente-a-la-extrema-derecha-que-busca-eliminar-los-derechos-conquistados\/","name":"Fiesta del Orgullo Madrid: \u00a1Ni Un Paso Atr\u00e1s! frente a la extrema derecha que busca eliminar los derechos conquistados","isPartOf":{"@id":"https:\/\/www.pressenza.com\/es\/#website"},"primaryImageOfPage":{"@id":"https:\/\/www.pressenza.com\/es\/2019\/07\/fiesta-del-orgullo-madrid-ni-un-paso-atras-frente-a-la-extrema-derecha-que-busca-eliminar-los-derechos-conquistados\/#primaryimage"},"image":{"@id":"https:\/\/www.pressenza.com\/es\/2019\/07\/fiesta-del-orgullo-madrid-ni-un-paso-atras-frente-a-la-extrema-derecha-que-busca-eliminar-los-derechos-conquistados\/#primaryimage"},"thumbnailUrl":"https:\/\/www.pressenza.com\/wp-content\/uploads\/2019\/07\/FIESTA-ORGULLO-2019-MADRID_-ARIEL-BROCCHIERI-1.jpg","datePublished":"2019-07-07T02:26:03+00:00","dateModified":"2019-07-07T02:36:52+00:00","description":"Con el eslogan \"Mayores Sin Armarios: \u00a1Historia, Lucha y Memoria! Por una ley estatal\u201d, la\u00a0 Federaci\u00f3n Estatal de Lesbianas, Gais, Trans y Bisexuales Reivindicaci\u00f3n de la memoria, nuevas demandas y un 'Ni un paso atr\u00e1s' han convertido a la fiesta del Orgullo 2019 en Madrid, una vez m\u00e1s, en la manifestaci\u00f3n por los derechos LGTBI en Espa\u00f1a por excelencia","breadcrumb":{"@id":"https:\/\/www.pressenza.com\/es\/2019\/07\/fiesta-del-orgullo-madrid-ni-un-paso-atras-frente-a-la-extrema-derecha-que-busca-eliminar-los-derechos-conquistados\/#breadcrumb"},"inLanguage":"es","potentialAction":[{"@type":"ReadAction","target":["https:\/\/www.pressenza.com\/es\/2019\/07\/fiesta-del-orgullo-madrid-ni-un-paso-atras-frente-a-la-extrema-derecha-que-busca-eliminar-los-derechos-conquistados\/"]}]},{"@type":"ImageObject","inLanguage":"es","@id":"https:\/\/www.pressenza.com\/es\/2019\/07\/fiesta-del-orgullo-madrid-ni-un-paso-atras-frente-a-la-extrema-derecha-que-busca-eliminar-los-derechos-conquistados\/#primaryimage","url":"https:\/\/www.pressenza.com\/wp-content\/uploads\/2019\/07\/FIESTA-ORGULLO-2019-MADRID_-ARIEL-BROCCHIERI-1.jpg","contentUrl":"https:\/\/www.pressenza.com\/wp-content\/uploads\/2019\/07\/FIESTA-ORGULLO-2019-MADRID_-ARIEL-BROCCHIERI-1.jpg","width":2048,"height":1367,"caption":"Reivindicaciones y reconocimiento de la lucha de los mayores_Orgullo Madrid 2019_Ariel Brocchieri_Pressenza"},{"@type":"BreadcrumbList","@id":"https:\/\/www.pressenza.com\/es\/2019\/07\/fiesta-del-orgullo-madrid-ni-un-paso-atras-frente-a-la-extrema-derecha-que-busca-eliminar-los-derechos-conquistados\/#breadcrumb","itemListElement":[{"@type":"ListItem","position":1,"name":"Accueil","item":"https:\/\/www.pressenza.com\/es\/"},{"@type":"ListItem","position":2,"name":"Fiesta del Orgullo Madrid: \u00a1Ni Un Paso Atr\u00e1s! frente a la extrema derecha que busca eliminar los derechos conquistados"}]},{"@type":"WebSite","@id":"https:\/\/www.pressenza.com\/es\/#website","url":"https:\/\/www.pressenza.com\/es\/","name":"Pressenza","description":"International Press Agency","publisher":{"@id":"https:\/\/www.pressenza.com\/es\/#organization"},"potentialAction":[{"@type":"SearchAction","target":{"@type":"EntryPoint","urlTemplate":"https:\/\/www.pressenza.com\/es\/?s={search_term_string}"},"query-input":{"@type":"PropertyValueSpecification","valueRequired":true,"valueName":"search_term_string"}}],"inLanguage":"es"},{"@type":"Organization","@id":"https:\/\/www.pressenza.com\/es\/#organization","name":"Pressenza","url":"https:\/\/www.pressenza.com\/es\/","logo":{"@type":"ImageObject","inLanguage":"es","@id":"https:\/\/www.pressenza.com\/es\/#\/schema\/logo\/image\/","url":"https:\/\/www.pressenza.com\/wp-content\/uploads\/2022\/10\/pressenza_logo_200x200.jpg","contentUrl":"https:\/\/www.pressenza.com\/wp-content\/uploads\/2022\/10\/pressenza_logo_200x200.jpg","width":200,"height":200,"caption":"Pressenza"},"image":{"@id":"https:\/\/www.pressenza.com\/es\/#\/schema\/logo\/image\/"},"sameAs":["https:\/\/www.facebook.com\/PressenzaItalia","https:\/\/x.com\/PressenzaIPA"]},{"@type":"Person","@id":"https:\/\/www.pressenza.com\/es\/#\/schema\/person\/725d47ccbea4c7854f7dd4011b6670b9","name":"Gabriela Amaya","description":"Editor in Spanish, Gabriel Amaya has worked in radio and written press and years ago decided to develop her journalistic work as a professional volunteer at the service of peace and nonviolence. She is also involved with different collectives and platforms which she supports with her journalism.","url":"https:\/\/www.pressenza.com\/es\/author\/gabriela-amaya\/"}]}},"place":"Madrid","original_article_url":"","_links":{"self":[{"href":"https:\/\/www.pressenza.com\/es\/wp-json\/wp\/v2\/posts\/882195","targetHints":{"allow":["GET"]}}],"collection":[{"href":"https:\/\/www.pressenza.com\/es\/wp-json\/wp\/v2\/posts"}],"about":[{"href":"https:\/\/www.pressenza.com\/es\/wp-json\/wp\/v2\/types\/post"}],"author":[{"embeddable":true,"href":"https:\/\/www.pressenza.com\/es\/wp-json\/wp\/v2\/users\/188"}],"replies":[{"embeddable":true,"href":"https:\/\/www.pressenza.com\/es\/wp-json\/wp\/v2\/comments?post=882195"}],"version-history":[{"count":0,"href":"https:\/\/www.pressenza.com\/es\/wp-json\/wp\/v2\/posts\/882195\/revisions"}],"wp:featuredmedia":[{"embeddable":true,"href":"https:\/\/www.pressenza.com\/es\/wp-json\/wp\/v2\/media\/882819"}],"wp:attachment":[{"href":"https:\/\/www.pressenza.com\/es\/wp-json\/wp\/v2\/media?parent=882195"}],"wp:term":[{"taxonomy":"category","embeddable":true,"href":"https:\/\/www.pressenza.com\/es\/wp-json\/wp\/v2\/categories?post=882195"},{"taxonomy":"post_tag","embeddable":true,"href":"https:\/\/www.pressenza.com\/es\/wp-json\/wp\/v2\/tags?post=882195"}],"curies":[{"name":"wp","href":"https:\/\/api.w.org\/{rel}","templated":true}]}}