{"id":881528,"date":"2019-07-05T02:16:15","date_gmt":"2019-07-05T01:16:15","guid":{"rendered":"https:\/\/www.pressenza.com\/?p=881528"},"modified":"2019-07-05T02:16:15","modified_gmt":"2019-07-05T01:16:15","slug":"inmigrantes-refugiados-los-llaman-invasores-pero-son-rehenes","status":"publish","type":"post","link":"https:\/\/www.pressenza.com\/es\/2019\/07\/inmigrantes-refugiados-los-llaman-invasores-pero-son-rehenes\/","title":{"rendered":"Inmigrantes refugiados: Los llaman invasores, pero son rehenes"},"content":{"rendered":"<p>En Libia hay una larga <a href=\"https:\/\/www.pressenza.com\/it\/2019\/05\/libia-il-bianco-e-il-nero\/\">guerra civil en curso<\/a>, por un lado, Al Serraj con su gobierno de unidad nacional apoyado por la ONU, Turqu\u00eda, Quatar y en \u00faltimo lugar, pero que tiene fuertes intereses en juego con las plataformas de extracci\u00f3n de petr\u00f3leo y gas: Italia.<\/p>\n<p>Por otro lado, el general Khalifa Haftar esperaba un viaje tranquilo a la capital, Tr\u00edpoli. El hombre fuerte de Cirenaica, la parte oriental de Libia hab\u00eda iniciado su avance militar con el puesto de sus numerosos aliados: los \u00abdeclarados\u00bb Arabia Saudita, los Emiratos \u00c1rabes Unidos, Egipto, Rusia y los \u00absecretos\u00bb no declarados, por encima de todo, Francia. Aunque por ahora el bando es un tanto inestable, con los Estados Unidos, por ejemplo, que a veces lo apoya y a veces no.<\/p>\n<p>Ahora, sin embargo, el consenso en torno a su liderazgo se est\u00e1 desvaneciendo y hasta entre los que tradicionalmente han apoyado a Haftar existen dudas sobre el avance hacia Tr\u00edpoli.<\/p>\n<p>Despu\u00e9s de casi cuatro meses de <a href=\"https:\/\/www.pressenza.com\/it\/2019\/04\/libia-tutte-le-posizioni-in-campo\/\">intensos combates<\/a>, este callej\u00f3n sin salida a nivel militar multiplica los frentes del conflicto, y simult\u00e1neamente hay una guerra diplom\u00e1tica, una guerra cibern\u00e9tica (guerra de informaci\u00f3n en l\u00ednea) y una guerra econ\u00f3mica por el control de los bancos y los recursos naturales.<\/p>\n<p>Hoy Serraj, tras haberlo solicitado con urgencia, ha tomado un avi\u00f3n desde Tr\u00edpoli y ha venido a hablar con Salvini como Ministro del Interior, a\u00fan hoy hace unas horas, han convocado un Consejo de Ministros de emergencia, a puerta cerrada; oficialmente para establecer cuestiones econ\u00f3micas, extraoficialmente creo que para hablar de cuestiones estrat\u00e9gicas y sobre el juego que se est\u00e1 llevando a cabo en Libia.<\/p>\n<p>Tambi\u00e9n hoy, hace unas horas, se anunci\u00f3 que el General Haftar est\u00e1 a punto de proceder al bombardeo de Tr\u00edpoli.<\/p>\n<p>A su vez, en estos d\u00edas, las misiones militares de Francia e Italia, junto con las de Inglaterra y Estados Unidos, compiten por el control de N\u00edger, otro territorio en el que chocan enormes intereses econ\u00f3micos.<\/p>\n<p>Desde all\u00ed se abre el camino al control del <a href=\"https:\/\/www.pressenza.com\/it\/2019\/02\/cosi-continua-a-scappare-la-povera-gente\/\">Delta del N\u00edger<\/a> donde pr\u00e1cticamente todas las multinacionales del petr\u00f3leo desde hace 50 a\u00f1os explotan la extracci\u00f3n de los campos petrol\u00edferos hasta m\u00e1s no poder; siempre desde el control del N\u00edger se abren los caminos hacia el <a href=\"https:\/\/www.pressenza.com\/it\/2017\/02\/in-congo-le-vittime-del-nostro-benessere\/\">Congo<\/a> y hacia el <a href=\"https:\/\/www.pressenza.com\/it\/2019\/01\/mali-guerra-civile-infinita-nel-sahel-limpegno-onu-appare-insufficiente\/\">Mal\u00ed<\/a> que pueden garantizar la explotaci\u00f3n de las denominadas \u00abtierras raras\u00bb, de las que depende la industria militar, aeroespacial y electr\u00f3nica, tener este acceso es de car\u00e1cter estrat\u00e9gico, y por c\u00f3mo se encuentra la econom\u00eda occidental en el pa\u00eds, es vital.<\/p>\n<p>Siempre en estas jornadas se deciden las comisiones europeas, y algunos papeles clave como los Comisarios Europeos, la Presidencia Europea, la Presidencia del BCE, etc. donde est\u00e1n Alemania y Francia tirando de un lado e Italia con un grupo tirando del otro, amenazas de apertura de infracciones, de comisarios, cruces de varios tipos y arbitrajes desde diversas partes, todo ello con el fin de que cada cual reduzca sus opositores a un consejo m\u00e1s m\u00edtico. (Incluso lo llaman \u00abEuropa unida\u00bb)<\/p>\n<p>En medio de todo este matadero, incluso ahora hay m\u00e1s de 200.000 personas desesperadas que han permanecido literalmente atrapadas en Libia, detenidas sin haber cometido ning\u00fan delito; si vamos a ver su <a href=\"https:\/\/www.sprar.it\/wp-content\/uploads\/2018\/11\/Atlante-Sprar-2017_Light.pdf\">origen<\/a>, la mayor\u00eda viene de N\u00edger, Mal\u00ed, Congo, Gambia; exactamente de esas \u00e1reas de \u00c1frica donde los estados occidentales, por poder de las multinacionales, est\u00e1n luchando por enormes intereses econ\u00f3micos y control estrat\u00e9gico. Son personas como nosotros, que seg\u00fan la Carta Humanitaria Internacional tienen los mismos derechos que nosotros, necesitan atenci\u00f3n y, como confirman m\u00e1s de cinco <a href=\"https:\/\/unsmil.unmissions.org\/sites\/default\/files\/libya-migration-report-18dec2018.pdf\">informes oficiales<\/a> en manos de los distintos Gobiernos europeos, al menos tendr\u00edan que huir, para salvar sus vidas de la tortura, el acoso, el chantaje, la violaci\u00f3n, el asesinato y la muerte por la fuerza, que se producen todos los d\u00edas, ante nuestros propios ojos, en los <a href=\"https:\/\/www.pressenza.com\/it\/2018\/05\/libia-msf-migranti-detenuti-zuwara-condizioni-disumane\/\">centros de detenci\u00f3n libios<\/a> financiados por nuestros gobiernos a trav\u00e9s de los <a href=\"https:\/\/www.pressenza.com\/it\/2018\/02\/un-anno-dallaccordo-italia-libia-amnesty-denuncia-migliaia-persone-intrappolate\/\">acuerdos que hemos firmado<\/a> para detener no la inmigraci\u00f3n, sino una verdadera salida, lo que han desencadenado nuestras propias pol\u00edticas occidentales en d\u00e9cadas de guerra y explotaci\u00f3n.<\/p>\n<p>Pero despu\u00e9s de todo lo que sabemos&#8230; tal vez es pedir demasiado a nuestras conciencias casi dormidas, y mejor seguir llamando a estas personas como siempre lo hemos hecho aqu\u00ed en Italia: los invasores, o peor, y cuando se usa un t\u00e9rmino muy bueno&#8230; los llamamos inmigrantes&#8230; porque sabemos que impresiona menos. Frente a una opini\u00f3n p\u00fablica que se conmueve con im\u00e1genes de gatitos, una persona muy sensible puede resultar herida, o incluso puede ser golpeada, si se les llama por lo que son: los rehenes atrapados en el medio de un sucio e inmoral juego.<\/p>\n<hr \/>\n<p><em>Traducci\u00f3n del italiano por Nicole Salas<\/em><\/p>\n","protected":false},"excerpt":{"rendered":"<p>En Libia hay una larga guerra civil en curso, por un lado, Al Serraj con su gobierno de unidad nacional apoyado por la ONU, Turqu\u00eda, Quatar y en \u00faltimo lugar, pero que tiene fuertes intereses en juego con las plataformas&hellip;<\/p>\n","protected":false},"author":980,"featured_media":879927,"comment_status":"closed","ping_status":"closed","sticky":false,"template":"","format":"standard","meta":{"footnotes":""},"categories":[64,76,11389,79,66,54574],"tags":[60615,60613,16267,60616,22018,1392,3054,54175,649,15450,679,6379,58686,60614],"class_list":["post-881528","post","type-post","status-publish","format-standard","has-post-thumbnail","hentry","category-africa-es","category-relaciones-exteriores","category-contenido-original","category-derechos-humanos","category-europa-es","category-migrantes-es","tag-al-serraj-es","tag-centros-de-detencion-libios","tag-congo-es","tag-delta-del-niger-es","tag-gambia","tag-libia-es","tag-mali-es","tag-migrantes-es","tag-naciones-unidas","tag-niger-es","tag-onu-es","tag-petroleo","tag-salvini-es","tag-tierras-raras"],"yoast_head":"<!-- This site is optimized with the Yoast SEO plugin v27.1.1 - https:\/\/yoast.com\/product\/yoast-seo-wordpress\/ -->\n<title>Inmigrantes refugiados: Los llaman invasores, pero son rehenes<\/title>\n<meta name=\"description\" content=\"En Libia hay una larga guerra civil en curso, por un lado, Al Serraj con su gobierno de unidad nacional apoyado por la ONU, Turqu\u00eda, Quatar y en \u00faltimo\" \/>\n<meta name=\"robots\" content=\"index, follow, max-snippet:-1, max-image-preview:large, max-video-preview:-1\" \/>\n<link rel=\"canonical\" href=\"https:\/\/www.pressenza.com\/es\/2019\/07\/inmigrantes-refugiados-los-llaman-invasores-pero-son-rehenes\/\" \/>\n<meta property=\"og:locale\" content=\"es_ES\" \/>\n<meta property=\"og:type\" content=\"article\" \/>\n<meta property=\"og:title\" content=\"Inmigrantes refugiados: Los llaman invasores, pero son rehenes\" \/>\n<meta property=\"og:description\" content=\"En Libia hay una larga guerra civil en curso, por un lado, Al Serraj con su gobierno de unidad nacional apoyado por la ONU, Turqu\u00eda, Quatar y en \u00faltimo\" \/>\n<meta property=\"og:url\" content=\"https:\/\/www.pressenza.com\/es\/2019\/07\/inmigrantes-refugiados-los-llaman-invasores-pero-son-rehenes\/\" \/>\n<meta property=\"og:site_name\" content=\"Pressenza\" \/>\n<meta property=\"article:publisher\" content=\"https:\/\/www.facebook.com\/PressenzaItalia\" \/>\n<meta property=\"article:author\" content=\"https:\/\/www.facebook.com\/valdarno.sostenibile\" \/>\n<meta property=\"article:published_time\" content=\"2019-07-05T01:16:15+00:00\" \/>\n<meta property=\"og:image\" content=\"https:\/\/www.pressenza.com\/wp-content\/uploads\/2019\/07\/Two-Nigerian-refugees-cry-and-embrace-in-a-detention-centre-in-Surman-Libya-in-August-2016-Reuters.jpg\" \/>\n\t<meta property=\"og:image:width\" content=\"1200\" \/>\n\t<meta property=\"og:image:height\" content=\"800\" \/>\n\t<meta property=\"og:image:type\" content=\"image\/jpeg\" \/>\n<meta name=\"author\" content=\"Luca Cellini\" \/>\n<meta name=\"twitter:card\" content=\"summary_large_image\" \/>\n<meta name=\"twitter:creator\" content=\"@LucaCellini68\" \/>\n<meta name=\"twitter:site\" content=\"@PressenzaIPA\" \/>\n<meta name=\"twitter:label1\" content=\"Escrito por\" \/>\n\t<meta name=\"twitter:data1\" content=\"Luca Cellini\" \/>\n\t<meta name=\"twitter:label2\" content=\"Tiempo de lectura\" \/>\n\t<meta name=\"twitter:data2\" content=\"4 minutos\" \/>\n<script type=\"application\/ld+json\" class=\"yoast-schema-graph\">{\"@context\":\"https:\/\/schema.org\",\"@graph\":[{\"@type\":\"Article\",\"@id\":\"https:\/\/www.pressenza.com\/es\/2019\/07\/inmigrantes-refugiados-los-llaman-invasores-pero-son-rehenes\/#article\",\"isPartOf\":{\"@id\":\"https:\/\/www.pressenza.com\/es\/2019\/07\/inmigrantes-refugiados-los-llaman-invasores-pero-son-rehenes\/\"},\"author\":{\"name\":\"Luca Cellini\",\"@id\":\"https:\/\/www.pressenza.com\/es\/#\/schema\/person\/6f5bf686b3d94620dc918fd3afbd9180\"},\"headline\":\"Inmigrantes refugiados: Los llaman invasores, pero son rehenes\",\"datePublished\":\"2019-07-05T01:16:15+00:00\",\"mainEntityOfPage\":{\"@id\":\"https:\/\/www.pressenza.com\/es\/2019\/07\/inmigrantes-refugiados-los-llaman-invasores-pero-son-rehenes\/\"},\"wordCount\":848,\"publisher\":{\"@id\":\"https:\/\/www.pressenza.com\/es\/#organization\"},\"image\":{\"@id\":\"https:\/\/www.pressenza.com\/es\/2019\/07\/inmigrantes-refugiados-los-llaman-invasores-pero-son-rehenes\/#primaryimage\"},\"thumbnailUrl\":\"https:\/\/www.pressenza.com\/wp-content\/uploads\/2019\/07\/Two-Nigerian-refugees-cry-and-embrace-in-a-detention-centre-in-Surman-Libya-in-August-2016-Reuters.jpg\",\"keywords\":[\"Al Serraj\",\"centros de detenci\u00f3n libios\",\"Congo\",\"delta del Niger\",\"Gambia\",\"Libia\",\"Mali\",\"migrantes\",\"Naciones Unidas\",\"Niger\",\"ONU\",\"petr\u00f3leo\",\"Salvini\",\"Tierras raras\"],\"articleSection\":[\"Africa\",\"Asuntos internacionales\",\"Contenido Original\",\"Derechos Humanos\",\"Europa\",\"Migrantes\"],\"inLanguage\":\"es\"},{\"@type\":\"WebPage\",\"@id\":\"https:\/\/www.pressenza.com\/es\/2019\/07\/inmigrantes-refugiados-los-llaman-invasores-pero-son-rehenes\/\",\"url\":\"https:\/\/www.pressenza.com\/es\/2019\/07\/inmigrantes-refugiados-los-llaman-invasores-pero-son-rehenes\/\",\"name\":\"Inmigrantes refugiados: Los llaman invasores, pero son rehenes\",\"isPartOf\":{\"@id\":\"https:\/\/www.pressenza.com\/es\/#website\"},\"primaryImageOfPage\":{\"@id\":\"https:\/\/www.pressenza.com\/es\/2019\/07\/inmigrantes-refugiados-los-llaman-invasores-pero-son-rehenes\/#primaryimage\"},\"image\":{\"@id\":\"https:\/\/www.pressenza.com\/es\/2019\/07\/inmigrantes-refugiados-los-llaman-invasores-pero-son-rehenes\/#primaryimage\"},\"thumbnailUrl\":\"https:\/\/www.pressenza.com\/wp-content\/uploads\/2019\/07\/Two-Nigerian-refugees-cry-and-embrace-in-a-detention-centre-in-Surman-Libya-in-August-2016-Reuters.jpg\",\"datePublished\":\"2019-07-05T01:16:15+00:00\",\"description\":\"En Libia hay una larga guerra civil en curso, por un lado, Al Serraj con su gobierno de unidad nacional apoyado por la ONU, Turqu\u00eda, Quatar y en \u00faltimo\",\"breadcrumb\":{\"@id\":\"https:\/\/www.pressenza.com\/es\/2019\/07\/inmigrantes-refugiados-los-llaman-invasores-pero-son-rehenes\/#breadcrumb\"},\"inLanguage\":\"es\",\"potentialAction\":[{\"@type\":\"ReadAction\",\"target\":[\"https:\/\/www.pressenza.com\/es\/2019\/07\/inmigrantes-refugiados-los-llaman-invasores-pero-son-rehenes\/\"]}]},{\"@type\":\"ImageObject\",\"inLanguage\":\"es\",\"@id\":\"https:\/\/www.pressenza.com\/es\/2019\/07\/inmigrantes-refugiados-los-llaman-invasores-pero-son-rehenes\/#primaryimage\",\"url\":\"https:\/\/www.pressenza.com\/wp-content\/uploads\/2019\/07\/Two-Nigerian-refugees-cry-and-embrace-in-a-detention-centre-in-Surman-Libya-in-August-2016-Reuters.jpg\",\"contentUrl\":\"https:\/\/www.pressenza.com\/wp-content\/uploads\/2019\/07\/Two-Nigerian-refugees-cry-and-embrace-in-a-detention-centre-in-Surman-Libya-in-August-2016-Reuters.jpg\",\"width\":1200,\"height\":800,\"caption\":\"Due rifugiate nigeriane che si abbracciano in un centro di detenzione a Surman in Libia\"},{\"@type\":\"BreadcrumbList\",\"@id\":\"https:\/\/www.pressenza.com\/es\/2019\/07\/inmigrantes-refugiados-los-llaman-invasores-pero-son-rehenes\/#breadcrumb\",\"itemListElement\":[{\"@type\":\"ListItem\",\"position\":1,\"name\":\"Accueil\",\"item\":\"https:\/\/www.pressenza.com\/es\/\"},{\"@type\":\"ListItem\",\"position\":2,\"name\":\"Inmigrantes refugiados: Los llaman invasores, pero son rehenes\"}]},{\"@type\":\"WebSite\",\"@id\":\"https:\/\/www.pressenza.com\/es\/#website\",\"url\":\"https:\/\/www.pressenza.com\/es\/\",\"name\":\"Pressenza\",\"description\":\"International Press Agency\",\"publisher\":{\"@id\":\"https:\/\/www.pressenza.com\/es\/#organization\"},\"potentialAction\":[{\"@type\":\"SearchAction\",\"target\":{\"@type\":\"EntryPoint\",\"urlTemplate\":\"https:\/\/www.pressenza.com\/es\/?s={search_term_string}\"},\"query-input\":{\"@type\":\"PropertyValueSpecification\",\"valueRequired\":true,\"valueName\":\"search_term_string\"}}],\"inLanguage\":\"es\"},{\"@type\":\"Organization\",\"@id\":\"https:\/\/www.pressenza.com\/es\/#organization\",\"name\":\"Pressenza\",\"url\":\"https:\/\/www.pressenza.com\/es\/\",\"logo\":{\"@type\":\"ImageObject\",\"inLanguage\":\"es\",\"@id\":\"https:\/\/www.pressenza.com\/es\/#\/schema\/logo\/image\/\",\"url\":\"https:\/\/www.pressenza.com\/wp-content\/uploads\/2022\/10\/pressenza_logo_200x200.jpg\",\"contentUrl\":\"https:\/\/www.pressenza.com\/wp-content\/uploads\/2022\/10\/pressenza_logo_200x200.jpg\",\"width\":200,\"height\":200,\"caption\":\"Pressenza\"},\"image\":{\"@id\":\"https:\/\/www.pressenza.com\/es\/#\/schema\/logo\/image\/\"},\"sameAs\":[\"https:\/\/www.facebook.com\/PressenzaItalia\",\"https:\/\/x.com\/PressenzaIPA\"]},{\"@type\":\"Person\",\"@id\":\"https:\/\/www.pressenza.com\/es\/#\/schema\/person\/6f5bf686b3d94620dc918fd3afbd9180\",\"name\":\"Luca Cellini\",\"description\":\"Luca Cellini has participated with the Humanist Party. He was a volunteer with the Conscientious Objectors Association and an activist with Greenpeace. He participated in the Mir Sada International Peace March, a nonviolent peace convoy during the Bosnian conflict in Mostar and Sarajevo, to try to stop the conflict. He participated in the Social Forum and in the World March for Peace and Nonviolence. He founded the Valdarno Sustainability Committee with which he promotes the formation of the Valdarno Valdsieve coordination network to stop the construction of landfills and incinerators. He is passionate for writing, interested in alternative information, economics, research in the field of energy, strategies to achieve zero waste, and ecology, topics for which he has held public meetings and seminars for high school students. He works as a designer for the industry sector. Currently he engaged as volunteer in the fight against child exploitation and again Human Trafficking. Editor and columnist for Pressenza.\",\"sameAs\":[\"https:\/\/valdarnosostenibile.wordpress.com\/\",\"https:\/\/www.facebook.com\/valdarno.sostenibile\",\"https:\/\/x.com\/LucaCellini68\"],\"url\":\"https:\/\/www.pressenza.com\/es\/author\/luca-cellini\/\"}]}<\/script>\n<!-- \/ Yoast SEO plugin. -->","yoast_head_json":{"title":"Inmigrantes refugiados: Los llaman invasores, pero son rehenes","description":"En Libia hay una larga guerra civil en curso, por un lado, Al Serraj con su gobierno de unidad nacional apoyado por la ONU, Turqu\u00eda, Quatar y en \u00faltimo","robots":{"index":"index","follow":"follow","max-snippet":"max-snippet:-1","max-image-preview":"max-image-preview:large","max-video-preview":"max-video-preview:-1"},"canonical":"https:\/\/www.pressenza.com\/es\/2019\/07\/inmigrantes-refugiados-los-llaman-invasores-pero-son-rehenes\/","og_locale":"es_ES","og_type":"article","og_title":"Inmigrantes refugiados: Los llaman invasores, pero son rehenes","og_description":"En Libia hay una larga guerra civil en curso, por un lado, Al Serraj con su gobierno de unidad nacional apoyado por la ONU, Turqu\u00eda, Quatar y en \u00faltimo","og_url":"https:\/\/www.pressenza.com\/es\/2019\/07\/inmigrantes-refugiados-los-llaman-invasores-pero-son-rehenes\/","og_site_name":"Pressenza","article_publisher":"https:\/\/www.facebook.com\/PressenzaItalia","article_author":"https:\/\/www.facebook.com\/valdarno.sostenibile","article_published_time":"2019-07-05T01:16:15+00:00","og_image":[{"width":1200,"height":800,"url":"https:\/\/www.pressenza.com\/wp-content\/uploads\/2019\/07\/Two-Nigerian-refugees-cry-and-embrace-in-a-detention-centre-in-Surman-Libya-in-August-2016-Reuters.jpg","type":"image\/jpeg"}],"author":"Luca Cellini","twitter_card":"summary_large_image","twitter_creator":"@LucaCellini68","twitter_site":"@PressenzaIPA","twitter_misc":{"Escrito por":"Luca Cellini","Tiempo de lectura":"4 minutos"},"schema":{"@context":"https:\/\/schema.org","@graph":[{"@type":"Article","@id":"https:\/\/www.pressenza.com\/es\/2019\/07\/inmigrantes-refugiados-los-llaman-invasores-pero-son-rehenes\/#article","isPartOf":{"@id":"https:\/\/www.pressenza.com\/es\/2019\/07\/inmigrantes-refugiados-los-llaman-invasores-pero-son-rehenes\/"},"author":{"name":"Luca Cellini","@id":"https:\/\/www.pressenza.com\/es\/#\/schema\/person\/6f5bf686b3d94620dc918fd3afbd9180"},"headline":"Inmigrantes refugiados: Los llaman invasores, pero son rehenes","datePublished":"2019-07-05T01:16:15+00:00","mainEntityOfPage":{"@id":"https:\/\/www.pressenza.com\/es\/2019\/07\/inmigrantes-refugiados-los-llaman-invasores-pero-son-rehenes\/"},"wordCount":848,"publisher":{"@id":"https:\/\/www.pressenza.com\/es\/#organization"},"image":{"@id":"https:\/\/www.pressenza.com\/es\/2019\/07\/inmigrantes-refugiados-los-llaman-invasores-pero-son-rehenes\/#primaryimage"},"thumbnailUrl":"https:\/\/www.pressenza.com\/wp-content\/uploads\/2019\/07\/Two-Nigerian-refugees-cry-and-embrace-in-a-detention-centre-in-Surman-Libya-in-August-2016-Reuters.jpg","keywords":["Al Serraj","centros de detenci\u00f3n libios","Congo","delta del Niger","Gambia","Libia","Mali","migrantes","Naciones Unidas","Niger","ONU","petr\u00f3leo","Salvini","Tierras raras"],"articleSection":["Africa","Asuntos internacionales","Contenido Original","Derechos Humanos","Europa","Migrantes"],"inLanguage":"es"},{"@type":"WebPage","@id":"https:\/\/www.pressenza.com\/es\/2019\/07\/inmigrantes-refugiados-los-llaman-invasores-pero-son-rehenes\/","url":"https:\/\/www.pressenza.com\/es\/2019\/07\/inmigrantes-refugiados-los-llaman-invasores-pero-son-rehenes\/","name":"Inmigrantes refugiados: Los llaman invasores, pero son rehenes","isPartOf":{"@id":"https:\/\/www.pressenza.com\/es\/#website"},"primaryImageOfPage":{"@id":"https:\/\/www.pressenza.com\/es\/2019\/07\/inmigrantes-refugiados-los-llaman-invasores-pero-son-rehenes\/#primaryimage"},"image":{"@id":"https:\/\/www.pressenza.com\/es\/2019\/07\/inmigrantes-refugiados-los-llaman-invasores-pero-son-rehenes\/#primaryimage"},"thumbnailUrl":"https:\/\/www.pressenza.com\/wp-content\/uploads\/2019\/07\/Two-Nigerian-refugees-cry-and-embrace-in-a-detention-centre-in-Surman-Libya-in-August-2016-Reuters.jpg","datePublished":"2019-07-05T01:16:15+00:00","description":"En Libia hay una larga guerra civil en curso, por un lado, Al Serraj con su gobierno de unidad nacional apoyado por la ONU, Turqu\u00eda, Quatar y en \u00faltimo","breadcrumb":{"@id":"https:\/\/www.pressenza.com\/es\/2019\/07\/inmigrantes-refugiados-los-llaman-invasores-pero-son-rehenes\/#breadcrumb"},"inLanguage":"es","potentialAction":[{"@type":"ReadAction","target":["https:\/\/www.pressenza.com\/es\/2019\/07\/inmigrantes-refugiados-los-llaman-invasores-pero-son-rehenes\/"]}]},{"@type":"ImageObject","inLanguage":"es","@id":"https:\/\/www.pressenza.com\/es\/2019\/07\/inmigrantes-refugiados-los-llaman-invasores-pero-son-rehenes\/#primaryimage","url":"https:\/\/www.pressenza.com\/wp-content\/uploads\/2019\/07\/Two-Nigerian-refugees-cry-and-embrace-in-a-detention-centre-in-Surman-Libya-in-August-2016-Reuters.jpg","contentUrl":"https:\/\/www.pressenza.com\/wp-content\/uploads\/2019\/07\/Two-Nigerian-refugees-cry-and-embrace-in-a-detention-centre-in-Surman-Libya-in-August-2016-Reuters.jpg","width":1200,"height":800,"caption":"Due rifugiate nigeriane che si abbracciano in un centro di detenzione a Surman in Libia"},{"@type":"BreadcrumbList","@id":"https:\/\/www.pressenza.com\/es\/2019\/07\/inmigrantes-refugiados-los-llaman-invasores-pero-son-rehenes\/#breadcrumb","itemListElement":[{"@type":"ListItem","position":1,"name":"Accueil","item":"https:\/\/www.pressenza.com\/es\/"},{"@type":"ListItem","position":2,"name":"Inmigrantes refugiados: Los llaman invasores, pero son rehenes"}]},{"@type":"WebSite","@id":"https:\/\/www.pressenza.com\/es\/#website","url":"https:\/\/www.pressenza.com\/es\/","name":"Pressenza","description":"International Press Agency","publisher":{"@id":"https:\/\/www.pressenza.com\/es\/#organization"},"potentialAction":[{"@type":"SearchAction","target":{"@type":"EntryPoint","urlTemplate":"https:\/\/www.pressenza.com\/es\/?s={search_term_string}"},"query-input":{"@type":"PropertyValueSpecification","valueRequired":true,"valueName":"search_term_string"}}],"inLanguage":"es"},{"@type":"Organization","@id":"https:\/\/www.pressenza.com\/es\/#organization","name":"Pressenza","url":"https:\/\/www.pressenza.com\/es\/","logo":{"@type":"ImageObject","inLanguage":"es","@id":"https:\/\/www.pressenza.com\/es\/#\/schema\/logo\/image\/","url":"https:\/\/www.pressenza.com\/wp-content\/uploads\/2022\/10\/pressenza_logo_200x200.jpg","contentUrl":"https:\/\/www.pressenza.com\/wp-content\/uploads\/2022\/10\/pressenza_logo_200x200.jpg","width":200,"height":200,"caption":"Pressenza"},"image":{"@id":"https:\/\/www.pressenza.com\/es\/#\/schema\/logo\/image\/"},"sameAs":["https:\/\/www.facebook.com\/PressenzaItalia","https:\/\/x.com\/PressenzaIPA"]},{"@type":"Person","@id":"https:\/\/www.pressenza.com\/es\/#\/schema\/person\/6f5bf686b3d94620dc918fd3afbd9180","name":"Luca Cellini","description":"Luca Cellini has participated with the Humanist Party. He was a volunteer with the Conscientious Objectors Association and an activist with Greenpeace. He participated in the Mir Sada International Peace March, a nonviolent peace convoy during the Bosnian conflict in Mostar and Sarajevo, to try to stop the conflict. He participated in the Social Forum and in the World March for Peace and Nonviolence. He founded the Valdarno Sustainability Committee with which he promotes the formation of the Valdarno Valdsieve coordination network to stop the construction of landfills and incinerators. He is passionate for writing, interested in alternative information, economics, research in the field of energy, strategies to achieve zero waste, and ecology, topics for which he has held public meetings and seminars for high school students. He works as a designer for the industry sector. Currently he engaged as volunteer in the fight against child exploitation and again Human Trafficking. Editor and columnist for Pressenza.","sameAs":["https:\/\/valdarnosostenibile.wordpress.com\/","https:\/\/www.facebook.com\/valdarno.sostenibile","https:\/\/x.com\/LucaCellini68"],"url":"https:\/\/www.pressenza.com\/es\/author\/luca-cellini\/"}]}},"place":"","original_article_url":"","_links":{"self":[{"href":"https:\/\/www.pressenza.com\/es\/wp-json\/wp\/v2\/posts\/881528","targetHints":{"allow":["GET"]}}],"collection":[{"href":"https:\/\/www.pressenza.com\/es\/wp-json\/wp\/v2\/posts"}],"about":[{"href":"https:\/\/www.pressenza.com\/es\/wp-json\/wp\/v2\/types\/post"}],"author":[{"embeddable":true,"href":"https:\/\/www.pressenza.com\/es\/wp-json\/wp\/v2\/users\/980"}],"replies":[{"embeddable":true,"href":"https:\/\/www.pressenza.com\/es\/wp-json\/wp\/v2\/comments?post=881528"}],"version-history":[{"count":0,"href":"https:\/\/www.pressenza.com\/es\/wp-json\/wp\/v2\/posts\/881528\/revisions"}],"wp:featuredmedia":[{"embeddable":true,"href":"https:\/\/www.pressenza.com\/es\/wp-json\/wp\/v2\/media\/879927"}],"wp:attachment":[{"href":"https:\/\/www.pressenza.com\/es\/wp-json\/wp\/v2\/media?parent=881528"}],"wp:term":[{"taxonomy":"category","embeddable":true,"href":"https:\/\/www.pressenza.com\/es\/wp-json\/wp\/v2\/categories?post=881528"},{"taxonomy":"post_tag","embeddable":true,"href":"https:\/\/www.pressenza.com\/es\/wp-json\/wp\/v2\/tags?post=881528"}],"curies":[{"name":"wp","href":"https:\/\/api.w.org\/{rel}","templated":true}]}}