{"id":881328,"date":"2019-07-04T21:47:26","date_gmt":"2019-07-04T20:47:26","guid":{"rendered":"https:\/\/www.pressenza.com\/?p=881328"},"modified":"2019-07-04T21:47:26","modified_gmt":"2019-07-04T20:47:26","slug":"prevencion-del-vih-tercera-edicion-de-preparados-party-2019-dentro-de-la-celebracion-del-orgullo-gay-en-madrid","status":"publish","type":"post","link":"https:\/\/www.pressenza.com\/es\/2019\/07\/prevencion-del-vih-tercera-edicion-de-preparados-party-2019-dentro-de-la-celebracion-del-orgullo-gay-en-madrid\/","title":{"rendered":"Prevenci\u00f3n del VIH: tercera edici\u00f3n de PrEParados Party 2019, dentro de la celebraci\u00f3n del Orgullo Gay en Madrid"},"content":{"rendered":"<blockquote><p>Reclaman que el medicamento que previene el contagio del VIH sea reconocido y financiado por la sanidad p\u00fablica madrile\u00f1a.<\/p><\/blockquote>\n<p>Con el eslogan &#8216;Ven a conocer otras formas de prevenir el VIH&#8217;, el pasado 1 de julio ha tenido lugar en Madrid la 3\u00aa edici\u00f3n del <a href=\"https:\/\/www.facebook.com\/pg\/preparadosparty\/photos\/?ref=page_internal\">PrEParados Party<\/a>, un evento l\u00fadico\u00a0 en el que se busca \u00abvisibilizar la necesidad de combinar la profilaxis pre exposici\u00f3n al VIH (PrEP) junto con otras estrategias preventivas para frenar el VIH en nuestro pa\u00eds\u00bb.<\/p>\n<p>Organizado por <a href=\"https:\/\/www.redris.es\/\">La Red de Investigaci\u00f3n en Sida<\/a> (Ministerio de Ciencia, Innovaci\u00f3n y Universidades) y la comunidad de personas que viven con VIH, ha reunido a m\u00e1s de\u00a0 <span style=\"color: #000000;\">200 personas <\/span>y se ha desarrollado dentro de la semana de la fiesta del Orgullo en Madrid.<\/p>\n<p>Im\u00e1genes de esta 3\u00aa\u00a0 edici\u00f3n de PrEParados Party, que tuvo lugar en la Sala Boite.<\/p>\n<div class=\"post-gallery\">\n\t\t\t<figure class=\"post-gallery-item\">\n\t\t\t\t<img decoding=\"async\" src=\"https:\/\/www.pressenza.com\/wp-content\/uploads\/2019\/07\/PrEP2019_ArielBrocchieri-38-720x481.jpg\" loading=\"lazy\">\n\t\t\t\t<figcaption>\n\t\t\t\t\t\n\t\t\t\t<\/figcaption>\n\t\t\t<\/figure>\n\t\t\t<figure class=\"post-gallery-item\">\n\t\t\t\t<img decoding=\"async\" src=\"https:\/\/www.pressenza.com\/wp-content\/uploads\/2019\/07\/PrEP2019_ArielBrocchieri-35-1-720x481.jpg\" loading=\"lazy\">\n\t\t\t\t<figcaption>\n\t\t\t\t\t\n\t\t\t\t<\/figcaption>\n\t\t\t<\/figure>\n\t\t\t<figure class=\"post-gallery-item\">\n\t\t\t\t<img decoding=\"async\" src=\"https:\/\/www.pressenza.com\/wp-content\/uploads\/2019\/07\/PrEP2019_ArielBrocchieri-45-720x481.jpg\" loading=\"lazy\">\n\t\t\t\t<figcaption>\n\t\t\t\t\t\n\t\t\t\t<\/figcaption>\n\t\t\t<\/figure>\n\t\t\t<figure class=\"post-gallery-item\">\n\t\t\t\t<img decoding=\"async\" src=\"https:\/\/www.pressenza.com\/wp-content\/uploads\/2019\/07\/PrEP2019_ArielBrocchieri-43-720x481.jpg\" loading=\"lazy\">\n\t\t\t\t<figcaption>\n\t\t\t\t\t\n\t\t\t\t<\/figcaption>\n\t\t\t<\/figure>\n\t\t\t<figure class=\"post-gallery-item\">\n\t\t\t\t<img decoding=\"async\" src=\"https:\/\/www.pressenza.com\/wp-content\/uploads\/2019\/07\/PrEP2019_ArielBrocchieri-35-720x481.jpg\" loading=\"lazy\">\n\t\t\t\t<figcaption>\n\t\t\t\t\t\n\t\t\t\t<\/figcaption>\n\t\t\t<\/figure>\n\t\t\t<figure class=\"post-gallery-item\">\n\t\t\t\t<img decoding=\"async\" src=\"https:\/\/www.pressenza.com\/wp-content\/uploads\/2019\/07\/PrEP2019_ArielBrocchieri-33-720x481.jpg\" loading=\"lazy\">\n\t\t\t\t<figcaption>\n\t\t\t\t\t\n\t\t\t\t<\/figcaption>\n\t\t\t<\/figure>\n\t\t\t<figure class=\"post-gallery-item\">\n\t\t\t\t<img decoding=\"async\" src=\"https:\/\/www.pressenza.com\/wp-content\/uploads\/2019\/07\/PrEP2019_ArielBrocchieri-31-720x481.jpg\" loading=\"lazy\">\n\t\t\t\t<figcaption>\n\t\t\t\t\t\n\t\t\t\t<\/figcaption>\n\t\t\t<\/figure>\n\t\t\t<figure class=\"post-gallery-item\">\n\t\t\t\t<img decoding=\"async\" src=\"https:\/\/www.pressenza.com\/wp-content\/uploads\/2019\/07\/PrEP2019_ArielBrocchieri-30-684x1024.jpg\" loading=\"lazy\">\n\t\t\t\t<figcaption>\n\t\t\t\t\t\n\t\t\t\t<\/figcaption>\n\t\t\t<\/figure>\n\t\t\t<figure class=\"post-gallery-item\">\n\t\t\t\t<img decoding=\"async\" src=\"https:\/\/www.pressenza.com\/wp-content\/uploads\/2019\/07\/PrEP2019_ArielBrocchieri-25-720x481.jpg\" loading=\"lazy\">\n\t\t\t\t<figcaption>\n\t\t\t\t\t\n\t\t\t\t<\/figcaption>\n\t\t\t<\/figure>\n\t\t\t<figure class=\"post-gallery-item\">\n\t\t\t\t<img decoding=\"async\" src=\"https:\/\/www.pressenza.com\/wp-content\/uploads\/2019\/07\/PrEP2019_ArielBrocchieri-20-720x481.jpg\" loading=\"lazy\">\n\t\t\t\t<figcaption>\n\t\t\t\t\t\n\t\t\t\t<\/figcaption>\n\t\t\t<\/figure>\n\t\t\t<figure class=\"post-gallery-item\">\n\t\t\t\t<img decoding=\"async\" src=\"https:\/\/www.pressenza.com\/wp-content\/uploads\/2019\/07\/PrEP2019_ArielBrocchieri-16-720x481.jpg\" loading=\"lazy\">\n\t\t\t\t<figcaption>\n\t\t\t\t\t\n\t\t\t\t<\/figcaption>\n\t\t\t<\/figure>\n\t\t\t<figure class=\"post-gallery-item\">\n\t\t\t\t<img decoding=\"async\" src=\"https:\/\/www.pressenza.com\/wp-content\/uploads\/2019\/07\/PrEP2019_ArielBrocchieri-15-720x481.jpg\" loading=\"lazy\">\n\t\t\t\t<figcaption>\n\t\t\t\t\t\n\t\t\t\t<\/figcaption>\n\t\t\t<\/figure>\n\t\t\t<figure class=\"post-gallery-item\">\n\t\t\t\t<img decoding=\"async\" src=\"https:\/\/www.pressenza.com\/wp-content\/uploads\/2019\/07\/PrEP2019_ArielBrocchieri-5-720x481.jpg\" loading=\"lazy\">\n\t\t\t\t<figcaption>\n\t\t\t\t\t\n\t\t\t\t<\/figcaption>\n\t\t\t<\/figure>\n\t\t\t<figure class=\"post-gallery-item\">\n\t\t\t\t<img decoding=\"async\" src=\"https:\/\/www.pressenza.com\/wp-content\/uploads\/2019\/07\/PrEP2019_ArielBrocchieri-2-720x481.jpg\" loading=\"lazy\">\n\t\t\t\t<figcaption>\n\t\t\t\t\t\n\t\t\t\t<\/figcaption>\n\t\t\t<\/figure><\/div>\n<p>Los organizadores reclaman que el &#8216;PrEP&#8217; sea cubierto por la seguridad p\u00fablica para evitar nuevos contagios, como explican en este v\u00eddeo.<\/p>\n<p><iframe loading=\"lazy\" title=\"PrEParados Party. \u00bfPara cu\u00e1ndo la PrEP en Espa\u00f1a?\" width=\"500\" height=\"281\" src=\"https:\/\/www.youtube.com\/embed\/Awl9SwrgENo?feature=oembed\" frameborder=\"0\" allow=\"accelerometer; autoplay; clipboard-write; encrypted-media; gyroscope; picture-in-picture; web-share\" referrerpolicy=\"strict-origin-when-cross-origin\" allowfullscreen><\/iframe><\/p>\n<p style=\"text-align: center;\"><em>V\u00eddeo explicativo de este medicamento<br \/>\n<\/em><\/p>\n","protected":false},"excerpt":{"rendered":"<p>Reclaman que el medicamento que previene el contagio del VIH sea reconocido y financiado por la sanidad p\u00fablica madrile\u00f1a. Con el eslogan &#8216;Ven a conocer otras formas de prevenir el VIH&#8217;, el pasado 1 de julio ha tenido lugar en&hellip;<\/p>\n","protected":false},"author":1525,"featured_media":881433,"comment_status":"closed","ping_status":"closed","sticky":false,"template":"","format":"standard","meta":{"footnotes":""},"categories":[11389,66,1239],"tags":[60605,60604,10270,60606],"class_list":["post-881328","post","type-post","status-publish","format-standard","has-post-thumbnail","hentry","category-contenido-original","category-europa-es","category-salud","tag-fiestas-orgullo-madrid-2019","tag-preparados-party","tag-prevencion","tag-vih-es"],"yoast_head":"<!-- This site is optimized with the Yoast SEO plugin v27.1.1 - https:\/\/yoast.com\/product\/yoast-seo-wordpress\/ -->\n<title>Prevenci\u00f3n del VIH: tercera edici\u00f3n de PrEParados Party 2019, dentro de la celebraci\u00f3n del Orgullo Gay en Madrid<\/title>\n<meta name=\"description\" content=\"Reclaman que el medicamento que previene el contagio del VIH sea reconocido y financiado por la sanidad p\u00fablica madrile\u00f1a. Con el eslogan &#039;Ven a conocer Piden que el medicamento que previene el virus del VIH sea financiado por la sanidad p\u00fablica madrile\u00f1a\" \/>\n<meta name=\"robots\" content=\"index, follow, max-snippet:-1, max-image-preview:large, max-video-preview:-1\" \/>\n<link rel=\"canonical\" href=\"https:\/\/www.pressenza.com\/es\/2019\/07\/prevencion-del-vih-tercera-edicion-de-preparados-party-2019-dentro-de-la-celebracion-del-orgullo-gay-en-madrid\/\" \/>\n<meta property=\"og:locale\" content=\"es_ES\" \/>\n<meta property=\"og:type\" content=\"article\" \/>\n<meta property=\"og:title\" content=\"Prevenci\u00f3n del VIH: tercera edici\u00f3n de PrEParados Party 2019, dentro de la celebraci\u00f3n del Orgullo Gay en Madrid\" \/>\n<meta property=\"og:description\" content=\"Reclaman que el medicamento que previene el contagio del VIH sea reconocido y financiado por la sanidad p\u00fablica madrile\u00f1a. Con el eslogan &#039;Ven a conocer Piden que el medicamento que previene el virus del VIH sea financiado por la sanidad p\u00fablica madrile\u00f1a\" \/>\n<meta property=\"og:url\" content=\"https:\/\/www.pressenza.com\/es\/2019\/07\/prevencion-del-vih-tercera-edicion-de-preparados-party-2019-dentro-de-la-celebracion-del-orgullo-gay-en-madrid\/\" \/>\n<meta property=\"og:site_name\" content=\"Pressenza\" \/>\n<meta property=\"article:publisher\" content=\"https:\/\/www.facebook.com\/PressenzaItalia\" \/>\n<meta property=\"article:published_time\" content=\"2019-07-04T20:47:26+00:00\" \/>\n<meta property=\"og:image\" content=\"https:\/\/www.pressenza.com\/wp-content\/uploads\/2019\/07\/PrEP2019_ArielBrocchieri-43.jpg\" \/>\n\t<meta property=\"og:image:width\" content=\"2048\" \/>\n\t<meta property=\"og:image:height\" content=\"1367\" \/>\n\t<meta property=\"og:image:type\" content=\"image\/jpeg\" \/>\n<meta name=\"author\" content=\"Ariel Brocchieri\" \/>\n<meta name=\"twitter:card\" content=\"summary_large_image\" \/>\n<meta name=\"twitter:creator\" content=\"@PressenzaIPA\" \/>\n<meta name=\"twitter:site\" content=\"@PressenzaIPA\" \/>\n<meta name=\"twitter:label1\" content=\"Escrito por\" \/>\n\t<meta name=\"twitter:data1\" content=\"Ariel Brocchieri\" \/>\n\t<meta name=\"twitter:label2\" content=\"Tiempo de lectura\" \/>\n\t<meta name=\"twitter:data2\" content=\"1 minuto\" \/>\n<script type=\"application\/ld+json\" class=\"yoast-schema-graph\">{\"@context\":\"https:\/\/schema.org\",\"@graph\":[{\"@type\":\"Article\",\"@id\":\"https:\/\/www.pressenza.com\/es\/2019\/07\/prevencion-del-vih-tercera-edicion-de-preparados-party-2019-dentro-de-la-celebracion-del-orgullo-gay-en-madrid\/#article\",\"isPartOf\":{\"@id\":\"https:\/\/www.pressenza.com\/es\/2019\/07\/prevencion-del-vih-tercera-edicion-de-preparados-party-2019-dentro-de-la-celebracion-del-orgullo-gay-en-madrid\/\"},\"author\":{\"name\":\"Ariel Brocchieri\",\"@id\":\"https:\/\/www.pressenza.com\/es\/#\/schema\/person\/ef22d2887d2da224c9b0b234ed853505\"},\"headline\":\"Prevenci\u00f3n del VIH: tercera edici\u00f3n de PrEParados Party 2019, dentro de la celebraci\u00f3n del Orgullo Gay en Madrid\",\"datePublished\":\"2019-07-04T20:47:26+00:00\",\"mainEntityOfPage\":{\"@id\":\"https:\/\/www.pressenza.com\/es\/2019\/07\/prevencion-del-vih-tercera-edicion-de-preparados-party-2019-dentro-de-la-celebracion-del-orgullo-gay-en-madrid\/\"},\"wordCount\":202,\"publisher\":{\"@id\":\"https:\/\/www.pressenza.com\/es\/#organization\"},\"image\":{\"@id\":\"https:\/\/www.pressenza.com\/es\/2019\/07\/prevencion-del-vih-tercera-edicion-de-preparados-party-2019-dentro-de-la-celebracion-del-orgullo-gay-en-madrid\/#primaryimage\"},\"thumbnailUrl\":\"https:\/\/www.pressenza.com\/wp-content\/uploads\/2019\/07\/PrEP2019_ArielBrocchieri-43.jpg\",\"keywords\":[\"Fiestas Orgullo Madrid 2019\",\"PrEParados Party\",\"prevenci\u00f3n\",\"VIH\"],\"articleSection\":[\"Contenido Original\",\"Europa\",\"Salud\"],\"inLanguage\":\"es\"},{\"@type\":\"WebPage\",\"@id\":\"https:\/\/www.pressenza.com\/es\/2019\/07\/prevencion-del-vih-tercera-edicion-de-preparados-party-2019-dentro-de-la-celebracion-del-orgullo-gay-en-madrid\/\",\"url\":\"https:\/\/www.pressenza.com\/es\/2019\/07\/prevencion-del-vih-tercera-edicion-de-preparados-party-2019-dentro-de-la-celebracion-del-orgullo-gay-en-madrid\/\",\"name\":\"Prevenci\u00f3n del VIH: tercera edici\u00f3n de PrEParados Party 2019, dentro de la celebraci\u00f3n del Orgullo Gay en Madrid\",\"isPartOf\":{\"@id\":\"https:\/\/www.pressenza.com\/es\/#website\"},\"primaryImageOfPage\":{\"@id\":\"https:\/\/www.pressenza.com\/es\/2019\/07\/prevencion-del-vih-tercera-edicion-de-preparados-party-2019-dentro-de-la-celebracion-del-orgullo-gay-en-madrid\/#primaryimage\"},\"image\":{\"@id\":\"https:\/\/www.pressenza.com\/es\/2019\/07\/prevencion-del-vih-tercera-edicion-de-preparados-party-2019-dentro-de-la-celebracion-del-orgullo-gay-en-madrid\/#primaryimage\"},\"thumbnailUrl\":\"https:\/\/www.pressenza.com\/wp-content\/uploads\/2019\/07\/PrEP2019_ArielBrocchieri-43.jpg\",\"datePublished\":\"2019-07-04T20:47:26+00:00\",\"description\":\"Reclaman que el medicamento que previene el contagio del VIH sea reconocido y financiado por la sanidad p\u00fablica madrile\u00f1a. Con el eslogan 'Ven a conocer Piden que el medicamento que previene el virus del VIH sea financiado por la sanidad p\u00fablica madrile\u00f1a\",\"breadcrumb\":{\"@id\":\"https:\/\/www.pressenza.com\/es\/2019\/07\/prevencion-del-vih-tercera-edicion-de-preparados-party-2019-dentro-de-la-celebracion-del-orgullo-gay-en-madrid\/#breadcrumb\"},\"inLanguage\":\"es\",\"potentialAction\":[{\"@type\":\"ReadAction\",\"target\":[\"https:\/\/www.pressenza.com\/es\/2019\/07\/prevencion-del-vih-tercera-edicion-de-preparados-party-2019-dentro-de-la-celebracion-del-orgullo-gay-en-madrid\/\"]}]},{\"@type\":\"ImageObject\",\"inLanguage\":\"es\",\"@id\":\"https:\/\/www.pressenza.com\/es\/2019\/07\/prevencion-del-vih-tercera-edicion-de-preparados-party-2019-dentro-de-la-celebracion-del-orgullo-gay-en-madrid\/#primaryimage\",\"url\":\"https:\/\/www.pressenza.com\/wp-content\/uploads\/2019\/07\/PrEP2019_ArielBrocchieri-43.jpg\",\"contentUrl\":\"https:\/\/www.pressenza.com\/wp-content\/uploads\/2019\/07\/PrEP2019_ArielBrocchieri-43.jpg\",\"width\":2048,\"height\":1367},{\"@type\":\"BreadcrumbList\",\"@id\":\"https:\/\/www.pressenza.com\/es\/2019\/07\/prevencion-del-vih-tercera-edicion-de-preparados-party-2019-dentro-de-la-celebracion-del-orgullo-gay-en-madrid\/#breadcrumb\",\"itemListElement\":[{\"@type\":\"ListItem\",\"position\":1,\"name\":\"Accueil\",\"item\":\"https:\/\/www.pressenza.com\/es\/\"},{\"@type\":\"ListItem\",\"position\":2,\"name\":\"Prevenci\u00f3n del VIH: tercera edici\u00f3n de PrEParados Party 2019, dentro de la celebraci\u00f3n del Orgullo Gay en Madrid\"}]},{\"@type\":\"WebSite\",\"@id\":\"https:\/\/www.pressenza.com\/es\/#website\",\"url\":\"https:\/\/www.pressenza.com\/es\/\",\"name\":\"Pressenza\",\"description\":\"International Press Agency\",\"publisher\":{\"@id\":\"https:\/\/www.pressenza.com\/es\/#organization\"},\"potentialAction\":[{\"@type\":\"SearchAction\",\"target\":{\"@type\":\"EntryPoint\",\"urlTemplate\":\"https:\/\/www.pressenza.com\/es\/?s={search_term_string}\"},\"query-input\":{\"@type\":\"PropertyValueSpecification\",\"valueRequired\":true,\"valueName\":\"search_term_string\"}}],\"inLanguage\":\"es\"},{\"@type\":\"Organization\",\"@id\":\"https:\/\/www.pressenza.com\/es\/#organization\",\"name\":\"Pressenza\",\"url\":\"https:\/\/www.pressenza.com\/es\/\",\"logo\":{\"@type\":\"ImageObject\",\"inLanguage\":\"es\",\"@id\":\"https:\/\/www.pressenza.com\/es\/#\/schema\/logo\/image\/\",\"url\":\"https:\/\/www.pressenza.com\/wp-content\/uploads\/2022\/10\/pressenza_logo_200x200.jpg\",\"contentUrl\":\"https:\/\/www.pressenza.com\/wp-content\/uploads\/2022\/10\/pressenza_logo_200x200.jpg\",\"width\":200,\"height\":200,\"caption\":\"Pressenza\"},\"image\":{\"@id\":\"https:\/\/www.pressenza.com\/es\/#\/schema\/logo\/image\/\"},\"sameAs\":[\"https:\/\/www.facebook.com\/PressenzaItalia\",\"https:\/\/x.com\/PressenzaIPA\"]},{\"@type\":\"Person\",\"@id\":\"https:\/\/www.pressenza.com\/es\/#\/schema\/person\/ef22d2887d2da224c9b0b234ed853505\",\"name\":\"Ariel Brocchieri\",\"description\":\"Inici\u00e9 mi camino en el mundo audiovisual casi de casualidad ya que surgi\u00f3 una vacante como asistente de c\u00e1mara, abriendo una puerta que me permiti\u00f3 conocer una pasi\u00f3n que me acompa\u00f1ara para siempre. La mayor\u00eda de mis experiencias van unidas a mi gran pasi\u00f3n por la fotograf\u00eda, un arte que he logrado convertir con el correr de los a\u00f1os, las experiencias y mi perfeccionamiento en un instrumento de trabajo desde que adquir\u00ed mi primer c\u00e1mara logrando construir un relato con mis im\u00e1genes, haciendo que las im\u00e1genes hagan recordar esos momentos con una sonrisa. Me considero una persona inquieta, curiosa, autoexigente, creativo y dispuesto a aprender de cada nueva experiencia.\",\"sameAs\":[\"http:\/\/www.abrocc.com\/\"],\"url\":\"https:\/\/www.pressenza.com\/es\/author\/ariel-brocchieri\/\"}]}<\/script>\n<!-- \/ Yoast SEO plugin. -->","yoast_head_json":{"title":"Prevenci\u00f3n del VIH: tercera edici\u00f3n de PrEParados Party 2019, dentro de la celebraci\u00f3n del Orgullo Gay en Madrid","description":"Reclaman que el medicamento que previene el contagio del VIH sea reconocido y financiado por la sanidad p\u00fablica madrile\u00f1a. Con el eslogan 'Ven a conocer Piden que el medicamento que previene el virus del VIH sea financiado por la sanidad p\u00fablica madrile\u00f1a","robots":{"index":"index","follow":"follow","max-snippet":"max-snippet:-1","max-image-preview":"max-image-preview:large","max-video-preview":"max-video-preview:-1"},"canonical":"https:\/\/www.pressenza.com\/es\/2019\/07\/prevencion-del-vih-tercera-edicion-de-preparados-party-2019-dentro-de-la-celebracion-del-orgullo-gay-en-madrid\/","og_locale":"es_ES","og_type":"article","og_title":"Prevenci\u00f3n del VIH: tercera edici\u00f3n de PrEParados Party 2019, dentro de la celebraci\u00f3n del Orgullo Gay en Madrid","og_description":"Reclaman que el medicamento que previene el contagio del VIH sea reconocido y financiado por la sanidad p\u00fablica madrile\u00f1a. Con el eslogan 'Ven a conocer Piden que el medicamento que previene el virus del VIH sea financiado por la sanidad p\u00fablica madrile\u00f1a","og_url":"https:\/\/www.pressenza.com\/es\/2019\/07\/prevencion-del-vih-tercera-edicion-de-preparados-party-2019-dentro-de-la-celebracion-del-orgullo-gay-en-madrid\/","og_site_name":"Pressenza","article_publisher":"https:\/\/www.facebook.com\/PressenzaItalia","article_published_time":"2019-07-04T20:47:26+00:00","og_image":[{"width":2048,"height":1367,"url":"https:\/\/www.pressenza.com\/wp-content\/uploads\/2019\/07\/PrEP2019_ArielBrocchieri-43.jpg","type":"image\/jpeg"}],"author":"Ariel Brocchieri","twitter_card":"summary_large_image","twitter_creator":"@PressenzaIPA","twitter_site":"@PressenzaIPA","twitter_misc":{"Escrito por":"Ariel Brocchieri","Tiempo de lectura":"1 minuto"},"schema":{"@context":"https:\/\/schema.org","@graph":[{"@type":"Article","@id":"https:\/\/www.pressenza.com\/es\/2019\/07\/prevencion-del-vih-tercera-edicion-de-preparados-party-2019-dentro-de-la-celebracion-del-orgullo-gay-en-madrid\/#article","isPartOf":{"@id":"https:\/\/www.pressenza.com\/es\/2019\/07\/prevencion-del-vih-tercera-edicion-de-preparados-party-2019-dentro-de-la-celebracion-del-orgullo-gay-en-madrid\/"},"author":{"name":"Ariel Brocchieri","@id":"https:\/\/www.pressenza.com\/es\/#\/schema\/person\/ef22d2887d2da224c9b0b234ed853505"},"headline":"Prevenci\u00f3n del VIH: tercera edici\u00f3n de PrEParados Party 2019, dentro de la celebraci\u00f3n del Orgullo Gay en Madrid","datePublished":"2019-07-04T20:47:26+00:00","mainEntityOfPage":{"@id":"https:\/\/www.pressenza.com\/es\/2019\/07\/prevencion-del-vih-tercera-edicion-de-preparados-party-2019-dentro-de-la-celebracion-del-orgullo-gay-en-madrid\/"},"wordCount":202,"publisher":{"@id":"https:\/\/www.pressenza.com\/es\/#organization"},"image":{"@id":"https:\/\/www.pressenza.com\/es\/2019\/07\/prevencion-del-vih-tercera-edicion-de-preparados-party-2019-dentro-de-la-celebracion-del-orgullo-gay-en-madrid\/#primaryimage"},"thumbnailUrl":"https:\/\/www.pressenza.com\/wp-content\/uploads\/2019\/07\/PrEP2019_ArielBrocchieri-43.jpg","keywords":["Fiestas Orgullo Madrid 2019","PrEParados Party","prevenci\u00f3n","VIH"],"articleSection":["Contenido Original","Europa","Salud"],"inLanguage":"es"},{"@type":"WebPage","@id":"https:\/\/www.pressenza.com\/es\/2019\/07\/prevencion-del-vih-tercera-edicion-de-preparados-party-2019-dentro-de-la-celebracion-del-orgullo-gay-en-madrid\/","url":"https:\/\/www.pressenza.com\/es\/2019\/07\/prevencion-del-vih-tercera-edicion-de-preparados-party-2019-dentro-de-la-celebracion-del-orgullo-gay-en-madrid\/","name":"Prevenci\u00f3n del VIH: tercera edici\u00f3n de PrEParados Party 2019, dentro de la celebraci\u00f3n del Orgullo Gay en Madrid","isPartOf":{"@id":"https:\/\/www.pressenza.com\/es\/#website"},"primaryImageOfPage":{"@id":"https:\/\/www.pressenza.com\/es\/2019\/07\/prevencion-del-vih-tercera-edicion-de-preparados-party-2019-dentro-de-la-celebracion-del-orgullo-gay-en-madrid\/#primaryimage"},"image":{"@id":"https:\/\/www.pressenza.com\/es\/2019\/07\/prevencion-del-vih-tercera-edicion-de-preparados-party-2019-dentro-de-la-celebracion-del-orgullo-gay-en-madrid\/#primaryimage"},"thumbnailUrl":"https:\/\/www.pressenza.com\/wp-content\/uploads\/2019\/07\/PrEP2019_ArielBrocchieri-43.jpg","datePublished":"2019-07-04T20:47:26+00:00","description":"Reclaman que el medicamento que previene el contagio del VIH sea reconocido y financiado por la sanidad p\u00fablica madrile\u00f1a. Con el eslogan 'Ven a conocer Piden que el medicamento que previene el virus del VIH sea financiado por la sanidad p\u00fablica madrile\u00f1a","breadcrumb":{"@id":"https:\/\/www.pressenza.com\/es\/2019\/07\/prevencion-del-vih-tercera-edicion-de-preparados-party-2019-dentro-de-la-celebracion-del-orgullo-gay-en-madrid\/#breadcrumb"},"inLanguage":"es","potentialAction":[{"@type":"ReadAction","target":["https:\/\/www.pressenza.com\/es\/2019\/07\/prevencion-del-vih-tercera-edicion-de-preparados-party-2019-dentro-de-la-celebracion-del-orgullo-gay-en-madrid\/"]}]},{"@type":"ImageObject","inLanguage":"es","@id":"https:\/\/www.pressenza.com\/es\/2019\/07\/prevencion-del-vih-tercera-edicion-de-preparados-party-2019-dentro-de-la-celebracion-del-orgullo-gay-en-madrid\/#primaryimage","url":"https:\/\/www.pressenza.com\/wp-content\/uploads\/2019\/07\/PrEP2019_ArielBrocchieri-43.jpg","contentUrl":"https:\/\/www.pressenza.com\/wp-content\/uploads\/2019\/07\/PrEP2019_ArielBrocchieri-43.jpg","width":2048,"height":1367},{"@type":"BreadcrumbList","@id":"https:\/\/www.pressenza.com\/es\/2019\/07\/prevencion-del-vih-tercera-edicion-de-preparados-party-2019-dentro-de-la-celebracion-del-orgullo-gay-en-madrid\/#breadcrumb","itemListElement":[{"@type":"ListItem","position":1,"name":"Accueil","item":"https:\/\/www.pressenza.com\/es\/"},{"@type":"ListItem","position":2,"name":"Prevenci\u00f3n del VIH: tercera edici\u00f3n de PrEParados Party 2019, dentro de la celebraci\u00f3n del Orgullo Gay en Madrid"}]},{"@type":"WebSite","@id":"https:\/\/www.pressenza.com\/es\/#website","url":"https:\/\/www.pressenza.com\/es\/","name":"Pressenza","description":"International Press Agency","publisher":{"@id":"https:\/\/www.pressenza.com\/es\/#organization"},"potentialAction":[{"@type":"SearchAction","target":{"@type":"EntryPoint","urlTemplate":"https:\/\/www.pressenza.com\/es\/?s={search_term_string}"},"query-input":{"@type":"PropertyValueSpecification","valueRequired":true,"valueName":"search_term_string"}}],"inLanguage":"es"},{"@type":"Organization","@id":"https:\/\/www.pressenza.com\/es\/#organization","name":"Pressenza","url":"https:\/\/www.pressenza.com\/es\/","logo":{"@type":"ImageObject","inLanguage":"es","@id":"https:\/\/www.pressenza.com\/es\/#\/schema\/logo\/image\/","url":"https:\/\/www.pressenza.com\/wp-content\/uploads\/2022\/10\/pressenza_logo_200x200.jpg","contentUrl":"https:\/\/www.pressenza.com\/wp-content\/uploads\/2022\/10\/pressenza_logo_200x200.jpg","width":200,"height":200,"caption":"Pressenza"},"image":{"@id":"https:\/\/www.pressenza.com\/es\/#\/schema\/logo\/image\/"},"sameAs":["https:\/\/www.facebook.com\/PressenzaItalia","https:\/\/x.com\/PressenzaIPA"]},{"@type":"Person","@id":"https:\/\/www.pressenza.com\/es\/#\/schema\/person\/ef22d2887d2da224c9b0b234ed853505","name":"Ariel Brocchieri","description":"Inici\u00e9 mi camino en el mundo audiovisual casi de casualidad ya que surgi\u00f3 una vacante como asistente de c\u00e1mara, abriendo una puerta que me permiti\u00f3 conocer una pasi\u00f3n que me acompa\u00f1ara para siempre. La mayor\u00eda de mis experiencias van unidas a mi gran pasi\u00f3n por la fotograf\u00eda, un arte que he logrado convertir con el correr de los a\u00f1os, las experiencias y mi perfeccionamiento en un instrumento de trabajo desde que adquir\u00ed mi primer c\u00e1mara logrando construir un relato con mis im\u00e1genes, haciendo que las im\u00e1genes hagan recordar esos momentos con una sonrisa. Me considero una persona inquieta, curiosa, autoexigente, creativo y dispuesto a aprender de cada nueva experiencia.","sameAs":["http:\/\/www.abrocc.com\/"],"url":"https:\/\/www.pressenza.com\/es\/author\/ariel-brocchieri\/"}]}},"place":"Madrid","original_article_url":"","_links":{"self":[{"href":"https:\/\/www.pressenza.com\/es\/wp-json\/wp\/v2\/posts\/881328","targetHints":{"allow":["GET"]}}],"collection":[{"href":"https:\/\/www.pressenza.com\/es\/wp-json\/wp\/v2\/posts"}],"about":[{"href":"https:\/\/www.pressenza.com\/es\/wp-json\/wp\/v2\/types\/post"}],"author":[{"embeddable":true,"href":"https:\/\/www.pressenza.com\/es\/wp-json\/wp\/v2\/users\/1525"}],"replies":[{"embeddable":true,"href":"https:\/\/www.pressenza.com\/es\/wp-json\/wp\/v2\/comments?post=881328"}],"version-history":[{"count":0,"href":"https:\/\/www.pressenza.com\/es\/wp-json\/wp\/v2\/posts\/881328\/revisions"}],"wp:featuredmedia":[{"embeddable":true,"href":"https:\/\/www.pressenza.com\/es\/wp-json\/wp\/v2\/media\/881433"}],"wp:attachment":[{"href":"https:\/\/www.pressenza.com\/es\/wp-json\/wp\/v2\/media?parent=881328"}],"wp:term":[{"taxonomy":"category","embeddable":true,"href":"https:\/\/www.pressenza.com\/es\/wp-json\/wp\/v2\/categories?post=881328"},{"taxonomy":"post_tag","embeddable":true,"href":"https:\/\/www.pressenza.com\/es\/wp-json\/wp\/v2\/tags?post=881328"}],"curies":[{"name":"wp","href":"https:\/\/api.w.org\/{rel}","templated":true}]}}