{"id":881110,"date":"2019-07-04T13:02:17","date_gmt":"2019-07-04T12:02:17","guid":{"rendered":"https:\/\/www.pressenza.com\/?p=881110"},"modified":"2019-07-04T13:05:38","modified_gmt":"2019-07-04T12:05:38","slug":"la-risa-del-verdugo","status":"publish","type":"post","link":"https:\/\/www.pressenza.com\/es\/2019\/07\/la-risa-del-verdugo\/","title":{"rendered":"La risa del verdugo"},"content":{"rendered":"<p><strong>Escuelita VI: Delitos de Lesa Humanidad en la mal llamada Patagonia Argentina<\/strong><\/p>\n<p>Neuqu\u00e9n, Puel Mapu. El testimonio de las v\u00edctimas de la \u00faltima dictadura militar que fueron secuestradas y torturadas en la regi\u00f3n, configura un precedente jur\u00eddico y social con caracter\u00edsticas propias.<\/p>\n<p>En primer lugar (y esto es recurrente en este tipo de delitos), los testigos son tambi\u00e9n v\u00edctimas directas.<\/p>\n<p>En segundo lugar, estos delitos son expansivos; es decir, no quedaron alojados y recluidos s\u00f3lo en el cuerpo y la psiquis de las v\u00edctimas directas, sino que adem\u00e1s indirectamente alcanzaron a sus familiares.<\/p>\n<p>En tercer lugar, los escenarios en donde estos testigos\u2013v\u00edctimas sufrieron delitos de lesa humanidad son escenarios locales, regionales, un hecho que en t\u00e9rminos comunicacionales no est\u00e1 muy difundido. A Oscar Olivera, por ejemplo, lo fue a buscar un escuadr\u00f3n de hombres de civil a su puesto de empacador en una empresa frut\u00edcola ubicada en la ciudad de Fiske Menuko (mal llamada General Roca). \u201cQuer\u00edan llevarme caminando 15 cuadras para que toda la ciudad me viera\u201d. En cambio, Marina Ubaldini naci\u00f3 en plena dictadura y antes de tomar conciencia de la realidad ya se encontraba en M\u00e9xico, exiliada junto a su padre y madre. \u201cMi familia fue la \u00fanica familia de San Mart\u00edn de los Andes detenida y exiliada\u201d. \u201cMart\u00ednez de Hoz ven\u00eda recorriendo distintas ciudades de la Patagonia en conmemoraci\u00f3n al cumplirse 100 a\u00f1os del inicio de la Campa\u00f1a Expedicionaria al Desierto (1879)\u201d, insisti\u00f3 y detall\u00f3 Estela Solanas, amiga de la mam\u00e1 y el pap\u00e1 de Marina. En este contexto detuvieron a Eduardo Ubaldini (el pap\u00e1 de Marina) por tercera vez.<\/p>\n<p>Por \u00faltimo, quiz\u00e1s el relato de Mar\u00eda Cristina Parente represente el testimonio m\u00e1s doloroso (aunque dif\u00edcilmente se pueda establecer una jerarqu\u00eda del dolor) y angustiante de todos. \u201cMe ataron las piernas y los brazos a una silla para que no me moviera. Me pusieron una cinta alrededor de la cabeza, me colocaron unas cosas a ambos lados de la sien y me enchufaron a 220w. A partir de ah\u00ed empec\u00e9 a desmayarme. Me desataron. \u2018Ahora vamos a jugar a otra cosa\u2019, me advirtieron ri\u00e9ndose. Le sacaron las balas a un arma. \u2018A ver si esta vez tenes suerte\u2019. Dejaron s\u00f3lo una bala, hicieron girar el tambor, me apoyaron el arma en la sien y dispararon. Lo hicieron varias veces. Yo me ca\u00eda del miedo. \u00a1Que perversi\u00f3n! Me levantaban de los pelos y me met\u00edan la cabeza adentro del agua. \u00a1Ellos se re\u00edan! Lo peor de todo era que ellos se re\u00edan\u201d. La risa como gesto despectivo y deshumanizante, constituye finalmente la tercera particularidad de estos testimonios; una particularidad que no s\u00f3lo delata el grado de conciencia de los verdugos a la hora de cometer sus actos, sino que tambi\u00e9n evidencia la alevos\u00eda en su accionar, un accionar que disfrutaban y que hoy mantienen orgullosamente \u00a0en silencio.<\/p>\n<h4>Introducci\u00f3n<\/h4>\n<p>Durante las primeras cuatro audiencias de la sexta parte del juicio por delitos de lesa humanidad perpetrados en la regi\u00f3n (provincias de Neuqu\u00e9n y R\u00edo Negro) durante la \u00faltima dictadura c\u00edvico militar (Escuelita VI) se leyeron las requisitorias y la elevaci\u00f3n a juicio, con las respectivas acusaciones contra ocho represores comprometidos. Incluso se les cedi\u00f3 la palabra para que emitieran un testimonio. Sin embargo, \u00e9stos decidieron mantenerse en silencio. Tambi\u00e9n, durante las \u00faltimas dos audiencias, declararon 8 testigos\u2013v\u00edctimas.<\/p>\n<div id=\"attachment_881147\" class=\"wp-caption alignnone\"><img loading=\"lazy\" decoding=\"async\" aria-describedby=\"caption-attachment-881147\" class=\"size-large wp-image-881147\" src=\"https:\/\/www.pressenza.com\/wp-content\/uploads\/2019\/07\/los-tres-jueces.-720x403.jpg\" alt=\"\" width=\"720\" height=\"403\" srcset=\"https:\/\/www.pressenza.com\/wp-content\/uploads\/2019\/07\/los-tres-jueces.-720x403.jpg 720w, https:\/\/www.pressenza.com\/wp-content\/uploads\/2019\/07\/los-tres-jueces.-300x168.jpg 300w, https:\/\/www.pressenza.com\/wp-content\/uploads\/2019\/07\/los-tres-jueces.-768x430.jpg 768w, https:\/\/www.pressenza.com\/wp-content\/uploads\/2019\/07\/los-tres-jueces..jpg 998w\" sizes=\"auto, (max-width: 720px) 100vw, 720px\" \/><p id=\"caption-attachment-881147\" class=\"wp-caption-text\">Alejandro Silva, Orlando Coscia y Alejandro Cabral son los tres jueces que representan al tribunal de justicia. Foto Gustavo Figueroa<\/p><\/div>\n<p>Antes de que cada uno de los testigos iniciara su testimonio, el juez que preside el tribunal, Orlando Coscia, les hac\u00eda saber la n\u00f3mina con los nombres de los 8 represores acusados: Oscar Reinhold (ex jefe del Destacamento de Inteligencia del Comando de la Sexta Brigada de Neuqu\u00e9n), Jorge Di Pascuale, Jorge Molina Ezcurra, Sergio San Mart\u00edn y Carlos Benavides (ex miembros de inteligencia). Nestor Castelli (ex jefe de la Escuela Andina de Instrucci\u00f3n de San Carlos de Bariloche), Emilio Sacchitella (ex comandante de Gendarmer\u00eda de Jun\u00edn de los Andes) y Marcelo Z\u00e1rraga (ex interventor de la Municipalidad de General Roca).<\/p>\n<h4>Ki\u00f1e | Uno<\/h4>\n<p><strong>La tortura, el trato deshumanizado y la \u201cfalsa suerte\u201d<\/strong><\/p>\n<p>El sal\u00f3n blanco de la Asociaci\u00f3n Mutual de la Universidad del Comahue (A.M.U.C.) se encuentra ubicado en uno de los extremos de la ciudad de Neuqu\u00e9n, cerca del casco urbano c\u00e9ntrico. \u00c9ste sal\u00f3n es amplio y espacioso. Al ingresar se pueden diferenciar tres grandes bloques: en el primer bloque se ubican el p\u00fablico y los familiares de las v\u00edctimas. En el segundo bloque se posicionan los acusados y los abogados (incluidos fiscales). Finalmente, el tercer bloque, en el fondo de la sala, casi a oscuras, est\u00e1n sentados los tres jueces que escuchan atentos el relato de cada testigo.<\/p>\n<p>Teresa Oliva fue la primer testigo en declarar. En la jornada anterior hab\u00edan tenido la posibilidad de exponer los 8 represores acusados. Ninguno habl\u00f3. Todos se mantuvieron en silencio. Oliva, en cambio, se sent\u00f3 al frente de los jueces y comenz\u00f3 a relatar sobre su llegada a Neuqu\u00e9n para luego detenerse y profundizar en su detenci\u00f3n.<\/p>\n<p>\u201cYo vine a vivir a Neuqu\u00e9n cuando ten\u00eda 10 a\u00f1os. Vine junto a mis padres. Despu\u00e9s me fui a estudiar y en la facultad conoc\u00ed a mi marido que estudiaba periodismo. \u00c9l era platense y el padre salte\u00f1o. Ah\u00ed nos pusimos de novios. En el &#8217;74 nos casamos. Y en el &#8217;75 nos recibimos en la universidad de periodismo. A fines del &#8217;74 dejamos de militar, nos recibimos y ya en el &#8217;75 nos instalamos ac\u00e1 en Neuqu\u00e9n. \u00a1Llegamos recibidos! Ingres\u00e9 a trabajar en la Legislatura. Mi marido fue designado a cargo de la corresponsal\u00eda de Clar\u00edn. En esos a\u00f1os tambi\u00e9n trabaj\u00f3 en la radio LU5, en el diario Sur Argentino e hizo un programa con un amigo de la facultad sobre temas agropecuarios. Hasta que en el &#8217;76 a mi me despiden de la legislatura. Pero como ya estaba embarazada de 6 meses, apel\u00e9 el despido y present\u00e9 un recurso por estar embarazada. Reconocieron que hab\u00eda sido injusto mi despido y me terminaron incorporando al \u00e1rea de prensa de la gobernaci\u00f3n. A mediados del &#8217;76 el gobernador Jos\u00e9 Mart\u00ednez Waldner decidi\u00f3 despedir a todo el personal del \u00e1rea de prensa de la gobernaci\u00f3n\u201d.<\/p>\n<div id=\"attachment_881138\" class=\"wp-caption alignnone\"><img loading=\"lazy\" decoding=\"async\" aria-describedby=\"caption-attachment-881138\" class=\"size-large wp-image-881138\" src=\"https:\/\/www.pressenza.com\/wp-content\/uploads\/2019\/07\/triple-a.-720x480.jpg\" alt=\"\" width=\"720\" height=\"480\" srcset=\"https:\/\/www.pressenza.com\/wp-content\/uploads\/2019\/07\/triple-a.-720x480.jpg 720w, https:\/\/www.pressenza.com\/wp-content\/uploads\/2019\/07\/triple-a.-300x200.jpg 300w, https:\/\/www.pressenza.com\/wp-content\/uploads\/2019\/07\/triple-a.-768x512.jpg 768w, https:\/\/www.pressenza.com\/wp-content\/uploads\/2019\/07\/triple-a..jpg 1024w\" sizes=\"auto, (max-width: 720px) 100vw, 720px\" \/><p id=\"caption-attachment-881138\" class=\"wp-caption-text\">Las tres fuerzas de seguridad de la Naci\u00f3n estuvieron presentes sugestivamente en cada una de las audiencias judiciales. Foto Gustavo Figueroa<\/p><\/div>\n<p>Oliva describi\u00f3 c\u00f3mo su compa\u00f1ero r\u00e1pidamente forj\u00f3 una profesi\u00f3n y un renombre en Neuqu\u00e9n. \u201cEra un periodista de perfil alto\u201d, asegur\u00f3 Oliva. De la misma forma, Oliva indic\u00f3 que donde \u00e9l anduviera dejaba en claro sus definiciones ideol\u00f3gicas. \u201cEn el &#8217;78 ocurri\u00f3 el secuestro. Enrique nunca neg\u00f3 su ideolog\u00eda. Como el dec\u00eda, era peronista hasta la m\u00e9dula. E inclusive durante el golpe, delante de los milicos, \u00e9l se presentaba como peronista\u201d. En el momento de la detenci\u00f3n Oliva y Enrique estaban juntos, pero r\u00e1pidamente las fuerzas militares los separaron.<\/p>\n<p>\u201cEn la madrugada del 23 de julio, hab\u00edamos asistido al casamiento de una pareja de periodistas en el Club Santafesino y volviendo a nuestra casa, paramos a tomar un caf\u00e9, dimos unas vueltas y tipo cinco de la ma\u00f1ana llegamos a nuestro departamento en Alta Barda. Cuando est\u00e1bamos bajando del auto, dos autos m\u00e1s se estacionaron detr\u00e1s del nuestro, colocaron una baliza y nos pidieron los documentos. Les dijimos que nos lo ten\u00edamos. Enrique ten\u00eda su credencial de periodista, pero quer\u00edan los documentos. Les dijimos que est\u00e1bamos a unos metros del departamento, que si nos esperaban. Dijeron que no, que necesitaban hacernos algunas preguntas, que los acompa\u00f1\u00e1ramos. A Enrique lo subieron a uno de esos autos. Yo sal\u00ed en mi auto. Salimos rumbo a la Coordinaci\u00f3n Federal. Me dijeron que los siguiera y me advirtieron que si no hac\u00eda ninguna cosa extra\u00f1a y mientras me comportara bien no iba a pasar nada, pero en una rotonda cercana a la ruta que une Neuqu\u00e9n y Centenario se desviaron por un camino de tierra. Avanzaron unos metros. Pararon. Me bajan del auto y me suben a otro auto donde me colocan una capucha y me tiran abajo del asiento. Antes de subir al auto, lo vi a mi marido en el otro autom\u00f3vil. Ah\u00ed comenzaron a circular. Me pusieron los pies en el cuerpo para que no me parara. Hicieron algunas paradas. Pasaron por la Av. Argentina, dieron m\u00e1s vueltas hasta que se detuvieron. Me advirtieron que si me sacaba la venda me iban a hacer boleta. Dentro de ese mismo auto empez\u00f3 un interrogatorio. Primero me entrevistaron sobre Enrique, d\u00f3nde lo hab\u00eda conocido y despu\u00e9s me pidieron que hiciera un listado de personas que yo conoc\u00eda. Mencion\u00e9 varias veces a Guglielminetti, porque en ese tiempo ya era muy conocido por las patoteadas que se mandaba y por los operativos en los que dec\u00eda que hab\u00eda participado. Comun\u00edquese con Guglielminetti porque conoc\u00eda a mi marido, hab\u00eda trabajado con \u00e9l, lo conoce muy bien. Ellos insist\u00edan con que Enrique le hab\u00eda pasado dinero a un supuesto subversivo (Luis Borri). Yo negaba eso principalmente porque yo era la que administraba la plata. \u00a1Me la ten\u00eda que haber pedido a mi!\u201d<\/p>\n<div id=\"attachment_881129\" class=\"wp-caption alignnone\"><img loading=\"lazy\" decoding=\"async\" aria-describedby=\"caption-attachment-881129\" class=\"size-large wp-image-881129\" src=\"https:\/\/www.pressenza.com\/wp-content\/uploads\/2019\/07\/la-testigo.-720x408.jpg\" alt=\"\" width=\"720\" height=\"408\" srcset=\"https:\/\/www.pressenza.com\/wp-content\/uploads\/2019\/07\/la-testigo.-720x408.jpg 720w, https:\/\/www.pressenza.com\/wp-content\/uploads\/2019\/07\/la-testigo.-300x170.jpg 300w, https:\/\/www.pressenza.com\/wp-content\/uploads\/2019\/07\/la-testigo.-768x436.jpg 768w, https:\/\/www.pressenza.com\/wp-content\/uploads\/2019\/07\/la-testigo..jpg 996w\" sizes=\"auto, (max-width: 720px) 100vw, 720px\" \/><p id=\"caption-attachment-881129\" class=\"wp-caption-text\">La testigo Teresa Oliva observa a las abogadas querellantes mientras est\u00e1s le realizan preguntas. Foto Gustavo Figueroa<\/p><\/div>\n<p>Teresa oliva estuvo secuestrada un d\u00eda. Cuando la polic\u00eda se cans\u00f3 de hostigarla, la dejaron cerca de Ingeniero Huergo. Totalmente confundida, Teresa Oliva logr\u00f3 llegar hasta Cipolletti.<\/p>\n<p>\u201cMe bajaron del auto, choque con una pared (o sea que est\u00e1bamos en una cochera) y me subieron a otro auto. Y otra vez ah\u00ed empez\u00f3 el traslado. Ellos hablaban por radio. Hablaban del auto celeste, del auto naranja. Hablaban de los paquetes que llevaban en los autos. Sospech\u00e9 que en alg\u00fan otro auto podr\u00eda estar mi marido o m\u00e1s personas. Retomaron la ruta. Y en un momento dado pararon y me dijeron que bajara. Luego me indicaron que caminar\u00e1 en una direcci\u00f3n, que no me diera vuelta y que cuando no sintiera ning\u00fan ruido que me sacara la venda. Me saqu\u00e9 el vendaje cuando no escuch\u00e9 m\u00e1s ruido. Pero no sab\u00eda d\u00f3nde estaba. \u00a1Estaba muy desorientada! No sab\u00eda para qu\u00e9 lado estaba Neuqu\u00e9n. Pasaron algunos autos, pero me daba miedo pararlos, as\u00ed que me limit\u00e9 a caminar. \u00a1En alg\u00fan lado iba a encontrar alg\u00fan cartel que me indicara d\u00f3nde estaba! Pero no lo encontr\u00e9. As\u00ed que ah\u00ed me anime a parar a un auto. Dije que me hab\u00edan asaltado, que el auto se hab\u00eda descompuesto, no s\u00e9 qu\u00e9 historia dije. Y dije que necesitaba llegar a Neuqu\u00e9n. Creo que me llevaron hasta Allen o Villa Regina. Me dejaron en la terminal y ah\u00ed tom\u00e9 un colectivo hasta Cipolletti. Desde ah\u00ed me pude ir hasta la casa de un fot\u00f3grafo amigo. Ah\u00ed me pude relajar. Llor\u00e9. \u201d<\/p>\n<p>Enrique tuvo otra suerte. Esteban Enrique estuvo secuestrado y detenido en la U9. Ah\u00ed lo torturaron a mano limpia y con picana el\u00e9ctrica. Durante el tiempo que Enrique estuvo detenido su compa\u00f1era intent\u00f3 por distintas v\u00edas (comunicacionales) exigir su liberaci\u00f3n. Incluso se reuni\u00f3 con el General Sexton y el Mayor Gui\u00f1azu, quienes le aseguraron que la gendarmer\u00eda no ten\u00eda nada que ver con la detenci\u00f3n de Enrique.<\/p>\n<p>\u201c\u00a1Hay un tiempo l\u00edmite! Si Enrique no aparece a los tres meses es porque fue sentenciado a muerte\u201d, le advirtieron a Teresa. Teresa Oliva llevaba un tiempo dici\u00e9ndole a sus hijas que el padre estaba de viaje. \u201cSegu\u00ed manteniendo la fantas\u00eda con mis hijas de que mi marido segu\u00eda de viaje. Y Enrique apareci\u00f3 justo a los tres meses. El apareci\u00f3 abandonado, atado y amordazado en el auto. \u00a1En mi auto!\u201d<\/p>\n<div id=\"attachment_881183\" class=\"wp-caption alignnone\"><img loading=\"lazy\" decoding=\"async\" aria-describedby=\"caption-attachment-881183\" class=\"size-large wp-image-881183\" src=\"https:\/\/www.pressenza.com\/wp-content\/uploads\/2019\/07\/el-testimonio-de-las-vc3adctimas.-1-720x405.jpg\" alt=\"\" width=\"720\" height=\"405\" srcset=\"https:\/\/www.pressenza.com\/wp-content\/uploads\/2019\/07\/el-testimonio-de-las-vc3adctimas.-1-720x405.jpg 720w, https:\/\/www.pressenza.com\/wp-content\/uploads\/2019\/07\/el-testimonio-de-las-vc3adctimas.-1-300x169.jpg 300w, https:\/\/www.pressenza.com\/wp-content\/uploads\/2019\/07\/el-testimonio-de-las-vc3adctimas.-1-768x432.jpg 768w, https:\/\/www.pressenza.com\/wp-content\/uploads\/2019\/07\/el-testimonio-de-las-vc3adctimas.-1-750x422.jpg 750w, https:\/\/www.pressenza.com\/wp-content\/uploads\/2019\/07\/el-testimonio-de-las-vc3adctimas.-1.jpg 1024w\" sizes=\"auto, (max-width: 720px) 100vw, 720px\" \/><p id=\"caption-attachment-881183\" class=\"wp-caption-text\">Retrato de Teresa Oliva durante su testimonio. En el fondo se puede ver una pantalla con el rostro de testigo e imputados que declararon por videoconferencia.\u00a0Foto Gustavo Figueroa<\/p><\/div>\n<p>Cuando lo vio Oliva, Enrique estaba notoriamente deteriorado. Pesaba 23 kilos menos y ten\u00eda la misma ropa de la noche del casamiento. El deterioro de Enrique no representa un hecho aislado, ni err\u00f3neo. Tampoco se trata de una decisi\u00f3n arbitraria de un grupo de personas. La tortura, el deterioro paulatino que padece el cuerpo de la v\u00edctima, el trato deshumanizado y la \u201cfalsa suerte\u201d en la que aparentemente salvan sus vidas los secuestrados, representan acciones y hechos concretos dentro del Plan Sistem\u00e1tico de Exterminio de ese\/a otro\/a subversivo\/a. Nada queda librado al azar dentro del Plan Sistem\u00e1tico de Exterminio que impuso la extensa jerarqu\u00eda de la estructura militar. La tortura, el deterioro paulatino del cuerpo de la v\u00edctima, el trato deshumanizado y la \u201cfalsa suerte\u201d en la que aparentemente salvan sus vidas los secuestrados representan acciones y hechos que conforman un \u201cengranaje delictivo\u201d que perdura hasta nuestro d\u00edas, activ\u00e1ndose inclusive en la actualidad dentro de cada caso de gatillo f\u00e1cil y desaparici\u00f3n forzada que se ejecutan dentro del pa\u00eds.<\/p>\n<h4>Epu | Dos<\/h4>\n<p><strong>El exilio y la vuelta a la ra\u00edz<\/strong><\/p>\n<p>Marina Ubaldini se cri\u00f3 pr\u00e1cticamente en M\u00e9xico. Su mam\u00e1 y su pap\u00e1 se exiliaron cuando ella ten\u00eda tan s\u00f3lo 6 meses. \u201cMi familia fue la \u00fanica familia detenida y exiliada de San Mart\u00edn de los Andes\u201d. Marina hoy tiene 41 a\u00f1os y volvi\u00f3 a la Argentina para reconstituir una ra\u00edz usurpada, atentada. \u201cA las personas que nos tuvimos que ir exiliadas la vida se nos parti\u00f3 en dos. \u00a1Tenemos dos patrias! Tenemos familiares por todos lados. \u00a1Es raro no tener patria, no tener ra\u00edz! Yo vine a Argentina a curar mi ra\u00edz, porque fue cortada de tajo\u201d. Todo lo que sabe Marina sobre la dictadura es por el relato de sus familiares. \u201cEl apellido Sacchitella lo escuch\u00e9 muchas veces en el relato de ellos. En el &#8217;76, la misma noche del golpe, mi mam\u00e1 y mi pap\u00e1 fueron detenidos en el mismo tiempo, pero en diferentes lugares. En el &#8217;78 los volvieron a detener. Esta vez golpearon la puerta a patadas. Entraron muchos militares. Entre ellos estaba Sacchitella. \u00a1Fumaba pipa! Mi pap\u00e1 se levant\u00f3 conmigo a upa. Los militares revisaron bajo de la cama, y sacaron unos panfletos; panfletos que pusieron ellos (los militares)\u201d. Tanto Mar\u00eda Luj\u00e1n G\u00f3mez, como Eduardo Ubaldini fueron acusados de participar en un atentado producido en el inicio del mundial &#8217;78. Espec\u00edficamente se los acusaba de haber intentado sabotear el inicio del evento cortando la transmisi\u00f3n de los partidos.<\/p>\n<p>\u201cLos trajeron a Neuqu\u00e9n. Los separaron. Mi mam\u00e1 no recuerda mucho. Tomaba Valium para soportar el encierro. Mi pap\u00e1, en cambio, ten\u00eda recuerdos m\u00e1s n\u00edtidos. Recuerda que estaba en una habitaci\u00f3n peque\u00f1a, que ten\u00eda una ventana que tambi\u00e9n era peque\u00f1a. En un momento los subieron a un cami\u00f3n. Mi pap\u00e1 rezaba para que el cami\u00f3n fuera para San Mart\u00edn de los Andes y no para otro lado. Los soltaron. Pero al a\u00f1o siguiente, lo detienen a mi pap\u00e1 por tercera vez\u201d.<\/p>\n<div id=\"attachment_881120\" class=\"wp-caption alignnone\"><img loading=\"lazy\" decoding=\"async\" aria-describedby=\"caption-attachment-881120\" class=\"size-large wp-image-881120\" src=\"https:\/\/www.pressenza.com\/wp-content\/uploads\/2019\/07\/corresponsales.-720x407.jpg\" alt=\"\" width=\"720\" height=\"407\" srcset=\"https:\/\/www.pressenza.com\/wp-content\/uploads\/2019\/07\/corresponsales.-720x407.jpg 720w, https:\/\/www.pressenza.com\/wp-content\/uploads\/2019\/07\/corresponsales.-300x170.jpg 300w, https:\/\/www.pressenza.com\/wp-content\/uploads\/2019\/07\/corresponsales.-768x434.jpg 768w, https:\/\/www.pressenza.com\/wp-content\/uploads\/2019\/07\/corresponsales..jpg 996w\" sizes=\"auto, (max-width: 720px) 100vw, 720px\" \/><p id=\"caption-attachment-881120\" class=\"wp-caption-text\">Periodistas de Neuqu\u00e9n anotan en sus cuadernos los datos relevantes de cada uno de los testimonios.\u00a0Foto Gustavo Figueroa<\/p><\/div>\n<p>Resulta sorprendente e inquietante c\u00f3mo en la actualidad el Ministerio de Seguridad de la Naci\u00f3n aplica el mismo protocolo para criminalizar a j\u00f3venes periodistas, como Ferm\u00edn Mart\u00ednez y Nadia Par\u00eds, reconocidos comunicadores de la regi\u00f3n acusados de ser parte de una c\u00e9lula terrorista que atent\u00f3 contra distintas instalaciones petroleras y una concesionaria de autos. La prueba: una serie de volantes escritos a mano (v\u00e9ase <a href=\"https:\/\/www.pressenza.com\/es\/2019\/04\/el-hombre-mas-peligroso-del-pais\/\" target=\"_blank\" rel=\"noopener\">\u201cEl hombre m\u00e1s peligroso del pa\u00eds\u201d<\/a>).<\/p>\n<p>Marina recuerda que sus padres no militaban. \u201cNo hab\u00eda partidos pol\u00edticos en San Mart\u00edn. Yo s\u00e9 que mi pap\u00e1 hab\u00eda sido parte del Partido Comunista. \u00c9l estudi\u00f3 en Bah\u00eda Blanca. \u00c9l es de Cipolletti. En cambio, Sacchitella viv\u00eda en Jun\u00edn de los Andes. Iba a San Mart\u00edn de los Andes a hacer operativos\u201d.<\/p>\n<p>Por su parte, Estela Solanas (amiga del padre y la madre de Marina) aport\u00f3 durante su testimonio (realizado por videoconferencia) que la Gendarmer\u00eda ingres\u00f3 a su casa de madrugada, que la persona que estaba a cargo de las detenciones era Sacchitella y que \u00e9ste ten\u00eda un trato soberbio con los y las detenidas. Solanas al igual que sus amigos tambi\u00e9n estuvo detenida en el Escuadr\u00f3n 33 de San Mart\u00edn de los Andes. \u201cRecuerdo que a Ubaldini y a Mar\u00eda se los llevaron a Jun\u00edn y luego a Neuqu\u00e9n, pero no s\u00e9 cu\u00e1l fue el destino de Marina\u201d.<\/p>\n<p>Marina es bi\u00f3loga y ejerce como docente. Ella decidi\u00f3 volver a San Mart\u00edn de los Andes y tener a su hijo en esta ciudad. Ella fue la que decidi\u00f3 iniciar la denuncia como una forma tambi\u00e9n de reparar y reconstruir el da\u00f1o que los militares y una parte de la sociedad hab\u00edan producido en su familia. \u00a1El silencio es impunidad y dolor que se transforma en enfermedad!\u00a0Marina demuestra estar atravesada por ambas consignas y act\u00faa en consecuencia. Su testimonio, como una forma de denuncia, intenta construir Memoria, Verdad y Justicia. Sin testimonios no hay memoria (o sobrevive una memoria parcial); si no hay memoria completa de los hechos no puede haber verdad. A partir de la verdad se llega a la justicia (por lo menos a una justicia jur\u00eddica); la justicia permite acceder a distintas formas de reparaci\u00f3n hist\u00f3rica, cultural y social. Sobre estos principios se sostiene la reparaci\u00f3n individual y personal que, como advierte Marina, en gran medida es un trabajo doloroso que debe emprender la propia persona; un trabajo doloroso que posiblemente perdure toda su existencia.<\/p>\n<div id=\"attachment_881174\" class=\"wp-caption alignnone\"><img loading=\"lazy\" decoding=\"async\" aria-describedby=\"caption-attachment-881174\" class=\"size-large wp-image-881174\" src=\"https:\/\/www.pressenza.com\/wp-content\/uploads\/2019\/07\/marina-720x480.jpg\" alt=\"\" width=\"720\" height=\"480\" srcset=\"https:\/\/www.pressenza.com\/wp-content\/uploads\/2019\/07\/marina-720x480.jpg 720w, https:\/\/www.pressenza.com\/wp-content\/uploads\/2019\/07\/marina-300x200.jpg 300w, https:\/\/www.pressenza.com\/wp-content\/uploads\/2019\/07\/marina-768x512.jpg 768w, https:\/\/www.pressenza.com\/wp-content\/uploads\/2019\/07\/marina.jpg 1024w\" sizes=\"auto, (max-width: 720px) 100vw, 720px\" \/><p id=\"caption-attachment-881174\" class=\"wp-caption-text\">Retrato de Marina Ubaldini durante su testimonio.\u00a0Foto Gustavo Figueroa<\/p><\/div>\n<h4>K\u00fcla | Tres<\/h4>\n<p><strong>El dolor y la muerte se repliegan hasta el cuerpo de los familiares<\/strong><\/p>\n<p>A Oscar Olivera lo fueron a buscar a su puesto de trabajo. Durante la \u00faltima dictadura militar Olivera trabajaba en dos lugares distintos: por un lado, como concejal en la Municipalidad de Fiske Menuko y, por otro, como empacador en un galp\u00f3n de una empresa frut\u00edcola de la regi\u00f3n (Valle F\u00e9rtil).<\/p>\n<p>\u201cEl 24 de marzo de 1976 cuando asume el Coronel Z\u00e1rraga la Municipalidad de General Roca, quedan sin efecto todos los cargos de concejales. Luego, a medida que los concejales iban llegando, iban siendo detenidos. Detuvieron a todos los concejales peronistas. Lo recuerdo bien, porque los radicales nos iban a visitar\u201d.<\/p>\n<p>Olivera aclar\u00f3 que \u00e9l no se present\u00f3 en su puesto de la Municipalidad y que sigui\u00f3 trabajando con normalidad en la empresa frut\u00edcola. Sin embargo, no pas\u00f3 mucho tiempo antes que un escuadr\u00f3n de civiles lo fuera a buscar a \u00e9l tambi\u00e9n. \u201cLlegaron caminando. Quer\u00edan llevarme caminando 15 cuadras para que toda la ciudad me viera\u201d. Fue el capataz del galp\u00f3n de empaque el que puso a disposici\u00f3n su auto para que los militares trasladar\u00e1n a Olivera hasta la comisar\u00eda.<\/p>\n<p>Durante su detenci\u00f3n Olivera padeci\u00f3 violencia f\u00edsica. Sin embargo, Oscar Olivera reconoce que el verdadero dolor nace en las consecuencias de su detenci\u00f3n que impactaron sobre su familia.<\/p>\n<p>\u201cEl da\u00f1o que produjo todo \u00e9sto es irreparable. \u00a1Mis secuelas est\u00e1n vivas a\u00fan! Perd\u00ed muchos amigos, perd\u00ed a mi familia. Yo perd\u00ed muchas cosas estando ah\u00ed adentro. Perd\u00ed a mi padre estando yo preso. Eso signific\u00f3 algo que no pude explicar por mucho tiempo. Nosotros \u00e9ramos 12 hermanos. Una de mis hermanas, despu\u00e9s de la muerte de mi padre, me hac\u00eda responsable de la muerte de \u00e9l. Nunca lo entend\u00ed, y nunca le pregunt\u00e9. Y mi hermana muri\u00f3. Hace 45 d\u00edas atr\u00e1s viajamos con uno de mis hermanos hasta el M\u00e9dano hasta la casa de mi hermana m\u00e1s chica. Ah\u00ed, le cont\u00e9 a ella que no entend\u00eda por qu\u00e9 nuestra hermana mayor me responsabilizaba de eso. \u2018Yo te voy a contar\u2019, me dijo ella. \u2018Una madrugada vino el ej\u00e9rcito y reventaron la casa\u2019. \u00a1Pasaron 40 a\u00f1os! Me qued\u00f3 esa impotencia. Lo entend\u00ed ahora.\u201d<\/p>\n<p>Oliva estuvo 8 meses preso en una c\u00e1rcel de Fiske Menuko. La referencia a su familia es constante. El dolor y las muertes que produjo la \u00faltima dictadura militar se extienden m\u00e1s all\u00e1 de las v\u00edctimas directas, repleg\u00e1ndose hasta el cuerpo de los familiares m\u00e1s cercanos. \u201cMe duele en alma todo esto. Nosotros no hicimos nada. No matamos a nadie. Trabajamos honestamente. Venimos de la miseria. Mi padre era empleado municipal. Nos cri\u00f3 a los 12\u201d.<\/p>\n<h4>Meli | Cuatro<\/h4>\n<p><strong>La risa, el juego (perverso) y la \u201cluna de los enamorados\u201d<\/strong><\/p>\n<p>Cristina Parente ingres\u00f3 al recinto desde una habitaci\u00f3n interna que est\u00e1 en el lado derecho de la sala. Cuando ingres\u00f3, Cristina estaba acompa\u00f1ada por otra mujer, que se sent\u00f3 al lado de ella y la acompa\u00f1\u00f3 durante toda su declaraci\u00f3n. A Cristina se la notaba nerviosa y temerosa pero decidida, cargando una responsabilidad urgente \u201cNo me suicid\u00e9 porque cre\u00ed que era la \u00fanica sobreviviente y alguien ten\u00eda que contar lo que hab\u00eda pasado\u201d. Cristina no tard\u00f3 mucho en quebrarse emocionalmente. Su relato fue breve, aunque intenso e hiriente.<\/p>\n<p>\u201cMe ataron las piernas y los brazos a una silla para que no me moviera. Me pusieron una cinta alrededor de la cabeza, me colocaron unas cosas a ambos lados de la sien y me enchufaron a 220w. A partir de ah\u00ed empec\u00e9 a desmayarme. Me desataron. \u2018Ahora vamos a jugar a otra cosa\u2019, me advirtieron ri\u00e9ndose. Le sacaron las balas a un arma. \u2018A ver si esta vez tenes suerte\u2019. Dejaron s\u00f3lo una bala, hicieron girar el tambor, me apoyaron el arma en la sien y dispararon. Lo hicieron varias veces. Yo me ca\u00eda del miedo. \u00a1Que perversi\u00f3n! Me levantaban de los pelos y me met\u00edan la cabeza adentro del agua. \u00a1Ellos se re\u00edan! Lo peor de todo era que ellos se re\u00edan. Me sub\u00ed al escritorio y me qued\u00e9 ah\u00ed. Perd\u00ed la noci\u00f3n del tiempo. Ven\u00edan de nuevo. \u2018Ahora prep\u00e1rate, porque hay una luna hermosa para los enamorados\u2019, me dec\u00edan\u201d.<\/p>\n<div id=\"attachment_881111\" class=\"wp-caption alignnone\"><img loading=\"lazy\" decoding=\"async\" aria-describedby=\"caption-attachment-881111\" class=\"size-large wp-image-881111\" src=\"https:\/\/www.pressenza.com\/wp-content\/uploads\/2019\/07\/labor-judicial.-720x405.jpg\" alt=\"\" width=\"720\" height=\"405\" srcset=\"https:\/\/www.pressenza.com\/wp-content\/uploads\/2019\/07\/labor-judicial.-720x405.jpg 720w, https:\/\/www.pressenza.com\/wp-content\/uploads\/2019\/07\/labor-judicial.-300x169.jpg 300w, https:\/\/www.pressenza.com\/wp-content\/uploads\/2019\/07\/labor-judicial.-768x432.jpg 768w, https:\/\/www.pressenza.com\/wp-content\/uploads\/2019\/07\/labor-judicial.-750x422.jpg 750w, https:\/\/www.pressenza.com\/wp-content\/uploads\/2019\/07\/labor-judicial..jpg 1000w\" sizes=\"auto, (max-width: 720px) 100vw, 720px\" \/><p id=\"caption-attachment-881111\" class=\"wp-caption-text\">Las abogadas querellantes Natalia Holmazabal y Mariana Derni (representantes del Centro de Profesionales por los Derechos Humanos) leen parte de los testimonios.\u00a0Foto Gustavo Figueroa<\/p><\/div>\n<p>Cristina Aparente se recibi\u00f3 en la Universidad de Comunicaci\u00f3n Social de La Plata. Lleg\u00f3 a Neuqu\u00e9n por recomendaci\u00f3n de sus amigos. \u2018Ten\u00eda trabajo, ten\u00eda amigos, ten\u00eda futuro, ten\u00eda una profesi\u00f3n. \u00a1Fue una buena \u00e9poca! \u00a1Era feliz! Ve\u00eda un futuro muy lindo hasta que lleg\u00f3 marzo de 1976.\u201d<\/p>\n<p>En el momento que la arrestaron en Neuqu\u00e9n, Cristina viv\u00eda en una pensi\u00f3n. Compart\u00eda habitaci\u00f3n con una joven chilena. La persecuci\u00f3n pol\u00edtica e ideol\u00f3gica en su contra hab\u00eda comenzado y se mantuvo hasta el momento de la detenci\u00f3n. Primero a Cristina la echaron de su trabajo en el \u00e1rea de prensa de la gobernaci\u00f3n, despu\u00e9s la fueron a buscar a la pensi\u00f3n. Cuando la detuvieron los militares le confesaron a Cristina que la deten\u00edan porque hab\u00edan encontrado en su habitaci\u00f3n papeles subversivos. Ella les jur\u00f3 que esos papeles no eran de ella, pero a ellos no les import\u00f3 mucho. A Cristina Aparente la mantuvieron detenida. Durante ese tiempo ella pudo identificar a dos mujeres pertenecientes a la Polic\u00eda Federal. \u201cLas reconoc\u00ed porque por debajo de la venda pod\u00eda ver sus polleras\u201d.<\/p>\n<p>Cristina recuerda llorando y compungida el momento previo a que la liberaran. El comportamiento de uno de sus captores lo tiene presente a\u00fan incluso en su cuerpo. \u201c\u00c9l me sent\u00f3 sobre sus piernas y me empez\u00f3 a manosear.\u201d Luego a Cristina la dejaron tirada. \u201cEstaba toda sucia. Hasta la gente de la calle se deten\u00eda a mirarme. Los milicos me advirtieron que si no me iba de Neuqu\u00e9n me iban a hacer boleta\u201d.<\/p>\n<div id=\"attachment_881165\" class=\"wp-caption alignnone\"><img loading=\"lazy\" decoding=\"async\" aria-describedby=\"caption-attachment-881165\" class=\"size-large wp-image-881165\" src=\"https:\/\/www.pressenza.com\/wp-content\/uploads\/2019\/07\/momento-emotivo.-720x480.jpg\" alt=\"\" width=\"720\" height=\"480\" srcset=\"https:\/\/www.pressenza.com\/wp-content\/uploads\/2019\/07\/momento-emotivo.-720x480.jpg 720w, https:\/\/www.pressenza.com\/wp-content\/uploads\/2019\/07\/momento-emotivo.-300x200.jpg 300w, https:\/\/www.pressenza.com\/wp-content\/uploads\/2019\/07\/momento-emotivo.-768x512.jpg 768w, https:\/\/www.pressenza.com\/wp-content\/uploads\/2019\/07\/momento-emotivo..jpg 1024w\" sizes=\"auto, (max-width: 720px) 100vw, 720px\" \/><p id=\"caption-attachment-881165\" class=\"wp-caption-text\">Mar\u00eda Gom\u00e9z contiene y saluda a Cristina Aparente, luego de que \u00e9sta \u00faltima diera su testimonio.\u00a0Foto Gustavo Figueroa<\/p><\/div>\n<p>Cristina Aparente estuvo detenida en el Centro Clandestino de Neuqu\u00e9n conocido como \u201cLa Escuelita\u201d, ubicado en el Batall\u00f3n de Ingenieros de Monta\u00f1a. Durante su detenci\u00f3n Cristina reconoci\u00f3 la din\u00e1mica que aplicaban sobre los detenidos. Por ejemplo, \u201ccuando iban a torturar a alguien sub\u00edan la m\u00fasica y la dejaban bien fuerte\u201d. Fue en esas sesiones cuando Cristina pudo escuchar c\u00f3mo el Sindicato de Prensa de Neuqu\u00e9n exig\u00eda por su liberaci\u00f3n. \u201cCreo que eso me salv\u00f3 la vida\u201d. La presi\u00f3n comunicacional que ejerci\u00f3 el Sindicato de Prensa, incluso en ese momento, fue relevante y decisivo. Tambi\u00e9n Cristina recuerda con nitidez cuando la subieron en un cami\u00f3n y se la \u00a0llevaron en direcci\u00f3n desconocida. \u201cCuando llegamos a un lugar que me parece era un cuartel, dos militares comenzaron a discutir. \u2018No tenemos m\u00e1s lugar ac\u00e1\u2019, le dijo uno al otro. \u2018\u00bfY qu\u00e9 hacemos con este paquete?\u2019, le pregunto el \u00faltimo. \u2018\u00a1Y tirenlo al rio!\u2019, concluy\u00f3 el primero.<\/p>\n<p>El otro u otra es un paquete, una cosa, un ser tan despreciable que no merece ser reconocido como persona. La construcci\u00f3n de un\/a otro\/a terrorista, subversivo, enemigo, peligroso, no escapa a la construcci\u00f3n de enemigo interno que proyecta en la actualidad el Ministerio de Seguridad de la Naci\u00f3n sobre el Pueblo Naci\u00f3n Mapuche y las personas comprometidas con los despojos territoriales y la persecuci\u00f3n \u00e9tnica; m\u00e1s bien resulta, una continuaci\u00f3n que \u2013como advierte Solanas\u2013 no comienza en 1978, sino 100 a\u00f1os antes, como ley indispensable para la gestaci\u00f3n del actual Estado Nacional.<\/p>\n<p>La risa, el juego (perverso) y la \u201cluna de los enamorados\u201d como gestos despectivos y deshumanizantes ejercidos por miembros subalternos y los rangos superiores (militares) sobre v\u00edctimas indefensas (maniatadas), representan no s\u00f3lo el grado de conciencia de los verdugos a la hora de cometer sus actos, sino que adem\u00e1s evidencian la alevos\u00eda en su accionar, un accionar que disfrutaban y que hoy mantienen orgullosamente \u00a0en silencio; un silencio c\u00f3mplice y lacerante que contradice contundentemente las teor\u00edas de los \u201cdos demonios\u201d y de la \u201cobediencia debida\u201d. Muchos de los acusados saben d\u00f3nde fueron arrojados los cuerpos de los y las desaparecidas; cuerpos que, como Daniel Solano y Sergio \u00c1valos, pueden estar enterrados en cualquier punto de la mal llamada Patagonia Argentina. Conocer esos destinos resulta parte de un ciclo vital de existencia social, familiar e individual. \u00a1La verdad est\u00e1 en el pasado!<\/p>\n","protected":false},"excerpt":{"rendered":"<p>Escuelita VI: Delitos de Lesa Humanidad en la mal llamada Patagonia Argentina Neuqu\u00e9n, Puel Mapu. El testimonio de las v\u00edctimas de la \u00faltima dictadura militar que fueron secuestradas y torturadas en la regi\u00f3n, configura un precedente jur\u00eddico y social con&hellip;<\/p>\n","protected":false},"author":1372,"featured_media":881156,"comment_status":"closed","ping_status":"closed","sticky":false,"template":"","format":"standard","meta":{"footnotes":""},"categories":[11389,79,67],"tags":[26,51048,441,6903,2429,18997,54919,30128],"class_list":["post-881110","post","type-post","status-publish","format-standard","has-post-thumbnail","hentry","category-contenido-original","category-derechos-humanos","category-sudamerica","tag-argentina","tag-centro-clandestino","tag-derechos-humanos","tag-desaparecidos-es","tag-dictadura","tag-neuquen","tag-patagonia-es","tag-rio-negro"],"yoast_head":"<!-- This site is optimized with the Yoast SEO plugin v27.1.1 - https:\/\/yoast.com\/product\/yoast-seo-wordpress\/ -->\n<title>La risa del verdugo<\/title>\n<meta name=\"description\" content=\"Escuelita VI: Delitos de Lesa Humanidad en la mal llamada Patagonia Argentina Neuqu\u00e9n, Puel Mapu. El testimonio de las v\u00edctimas de la \u00faltima dictadura\" \/>\n<meta name=\"robots\" content=\"index, follow, max-snippet:-1, max-image-preview:large, max-video-preview:-1\" \/>\n<link rel=\"canonical\" href=\"https:\/\/www.pressenza.com\/es\/2019\/07\/la-risa-del-verdugo\/\" \/>\n<meta property=\"og:locale\" content=\"es_ES\" \/>\n<meta property=\"og:type\" content=\"article\" \/>\n<meta property=\"og:title\" content=\"La risa del verdugo\" \/>\n<meta property=\"og:description\" content=\"Escuelita VI: Delitos de Lesa Humanidad en la mal llamada Patagonia Argentina Neuqu\u00e9n, Puel Mapu. El testimonio de las v\u00edctimas de la \u00faltima dictadura\" \/>\n<meta property=\"og:url\" content=\"https:\/\/www.pressenza.com\/es\/2019\/07\/la-risa-del-verdugo\/\" \/>\n<meta property=\"og:site_name\" content=\"Pressenza\" \/>\n<meta property=\"article:publisher\" content=\"https:\/\/www.facebook.com\/PressenzaItalia\" \/>\n<meta property=\"article:published_time\" content=\"2019-07-04T12:02:17+00:00\" \/>\n<meta property=\"article:modified_time\" content=\"2019-07-04T12:05:38+00:00\" \/>\n<meta property=\"og:image\" content=\"https:\/\/www.pressenza.com\/wp-content\/uploads\/2019\/07\/atencic3b3n..jpg\" \/>\n\t<meta property=\"og:image:width\" content=\"1024\" \/>\n\t<meta property=\"og:image:height\" content=\"683\" \/>\n\t<meta property=\"og:image:type\" content=\"image\/jpeg\" \/>\n<meta name=\"author\" content=\"Gustavo Figueroa\" \/>\n<meta name=\"twitter:card\" content=\"summary_large_image\" \/>\n<meta name=\"twitter:creator\" content=\"@PressenzaIPA\" \/>\n<meta name=\"twitter:site\" content=\"@PressenzaIPA\" \/>\n<meta name=\"twitter:label1\" content=\"Escrito por\" \/>\n\t<meta name=\"twitter:data1\" content=\"Gustavo Figueroa\" \/>\n\t<meta name=\"twitter:label2\" content=\"Tiempo de lectura\" \/>\n\t<meta name=\"twitter:data2\" content=\"23 minutos\" \/>\n<script type=\"application\/ld+json\" class=\"yoast-schema-graph\">{\"@context\":\"https:\/\/schema.org\",\"@graph\":[{\"@type\":\"Article\",\"@id\":\"https:\/\/www.pressenza.com\/es\/2019\/07\/la-risa-del-verdugo\/#article\",\"isPartOf\":{\"@id\":\"https:\/\/www.pressenza.com\/es\/2019\/07\/la-risa-del-verdugo\/\"},\"author\":{\"name\":\"Gustavo Figueroa\",\"@id\":\"https:\/\/www.pressenza.com\/es\/#\/schema\/person\/dacb21ffbce19b7d40c5abc14b6efc88\"},\"headline\":\"La risa del verdugo\",\"datePublished\":\"2019-07-04T12:02:17+00:00\",\"dateModified\":\"2019-07-04T12:05:38+00:00\",\"mainEntityOfPage\":{\"@id\":\"https:\/\/www.pressenza.com\/es\/2019\/07\/la-risa-del-verdugo\/\"},\"wordCount\":4625,\"publisher\":{\"@id\":\"https:\/\/www.pressenza.com\/es\/#organization\"},\"image\":{\"@id\":\"https:\/\/www.pressenza.com\/es\/2019\/07\/la-risa-del-verdugo\/#primaryimage\"},\"thumbnailUrl\":\"https:\/\/www.pressenza.com\/wp-content\/uploads\/2019\/07\/atencic3b3n..jpg\",\"keywords\":[\"Argentina\",\"centro clandestino\",\"Derechos humanos\",\"desaparecidos\",\"dictadura\",\"Neuqu\u00e9n\",\"Patagonia\",\"R\u00edo Negro\"],\"articleSection\":[\"Contenido Original\",\"Derechos Humanos\",\"Sudam\u00e9rica\"],\"inLanguage\":\"es\"},{\"@type\":\"WebPage\",\"@id\":\"https:\/\/www.pressenza.com\/es\/2019\/07\/la-risa-del-verdugo\/\",\"url\":\"https:\/\/www.pressenza.com\/es\/2019\/07\/la-risa-del-verdugo\/\",\"name\":\"La risa del verdugo\",\"isPartOf\":{\"@id\":\"https:\/\/www.pressenza.com\/es\/#website\"},\"primaryImageOfPage\":{\"@id\":\"https:\/\/www.pressenza.com\/es\/2019\/07\/la-risa-del-verdugo\/#primaryimage\"},\"image\":{\"@id\":\"https:\/\/www.pressenza.com\/es\/2019\/07\/la-risa-del-verdugo\/#primaryimage\"},\"thumbnailUrl\":\"https:\/\/www.pressenza.com\/wp-content\/uploads\/2019\/07\/atencic3b3n..jpg\",\"datePublished\":\"2019-07-04T12:02:17+00:00\",\"dateModified\":\"2019-07-04T12:05:38+00:00\",\"description\":\"Escuelita VI: Delitos de Lesa Humanidad en la mal llamada Patagonia Argentina Neuqu\u00e9n, Puel Mapu. El testimonio de las v\u00edctimas de la \u00faltima dictadura\",\"breadcrumb\":{\"@id\":\"https:\/\/www.pressenza.com\/es\/2019\/07\/la-risa-del-verdugo\/#breadcrumb\"},\"inLanguage\":\"es\",\"potentialAction\":[{\"@type\":\"ReadAction\",\"target\":[\"https:\/\/www.pressenza.com\/es\/2019\/07\/la-risa-del-verdugo\/\"]}]},{\"@type\":\"ImageObject\",\"inLanguage\":\"es\",\"@id\":\"https:\/\/www.pressenza.com\/es\/2019\/07\/la-risa-del-verdugo\/#primaryimage\",\"url\":\"https:\/\/www.pressenza.com\/wp-content\/uploads\/2019\/07\/atencic3b3n..jpg\",\"contentUrl\":\"https:\/\/www.pressenza.com\/wp-content\/uploads\/2019\/07\/atencic3b3n..jpg\",\"width\":1024,\"height\":683},{\"@type\":\"BreadcrumbList\",\"@id\":\"https:\/\/www.pressenza.com\/es\/2019\/07\/la-risa-del-verdugo\/#breadcrumb\",\"itemListElement\":[{\"@type\":\"ListItem\",\"position\":1,\"name\":\"Accueil\",\"item\":\"https:\/\/www.pressenza.com\/es\/\"},{\"@type\":\"ListItem\",\"position\":2,\"name\":\"La risa del verdugo\"}]},{\"@type\":\"WebSite\",\"@id\":\"https:\/\/www.pressenza.com\/es\/#website\",\"url\":\"https:\/\/www.pressenza.com\/es\/\",\"name\":\"Pressenza\",\"description\":\"International Press Agency\",\"publisher\":{\"@id\":\"https:\/\/www.pressenza.com\/es\/#organization\"},\"potentialAction\":[{\"@type\":\"SearchAction\",\"target\":{\"@type\":\"EntryPoint\",\"urlTemplate\":\"https:\/\/www.pressenza.com\/es\/?s={search_term_string}\"},\"query-input\":{\"@type\":\"PropertyValueSpecification\",\"valueRequired\":true,\"valueName\":\"search_term_string\"}}],\"inLanguage\":\"es\"},{\"@type\":\"Organization\",\"@id\":\"https:\/\/www.pressenza.com\/es\/#organization\",\"name\":\"Pressenza\",\"url\":\"https:\/\/www.pressenza.com\/es\/\",\"logo\":{\"@type\":\"ImageObject\",\"inLanguage\":\"es\",\"@id\":\"https:\/\/www.pressenza.com\/es\/#\/schema\/logo\/image\/\",\"url\":\"https:\/\/www.pressenza.com\/wp-content\/uploads\/2022\/10\/pressenza_logo_200x200.jpg\",\"contentUrl\":\"https:\/\/www.pressenza.com\/wp-content\/uploads\/2022\/10\/pressenza_logo_200x200.jpg\",\"width\":200,\"height\":200,\"caption\":\"Pressenza\"},\"image\":{\"@id\":\"https:\/\/www.pressenza.com\/es\/#\/schema\/logo\/image\/\"},\"sameAs\":[\"https:\/\/www.facebook.com\/PressenzaItalia\",\"https:\/\/x.com\/PressenzaIPA\"]},{\"@type\":\"Person\",\"@id\":\"https:\/\/www.pressenza.com\/es\/#\/schema\/person\/dacb21ffbce19b7d40c5abc14b6efc88\",\"name\":\"Gustavo Figueroa\",\"description\":\"Gustavo Figueroa (1985). Periodista, documentalista, fot\u00f3grafo. Vive en Neuqu\u00e9n. Se interesa especialmente por temas relativos a pueblos originarios y derechos humanos. Es miembro del Equipo de Educadores Interculturales del Puel Mapu.\",\"sameAs\":[\"https:\/\/periferiasitio.wordpress.com\/\"],\"url\":\"https:\/\/www.pressenza.com\/es\/author\/gustavo-figueroa\/\"}]}<\/script>\n<!-- \/ Yoast SEO plugin. -->","yoast_head_json":{"title":"La risa del verdugo","description":"Escuelita VI: Delitos de Lesa Humanidad en la mal llamada Patagonia Argentina Neuqu\u00e9n, Puel Mapu. El testimonio de las v\u00edctimas de la \u00faltima dictadura","robots":{"index":"index","follow":"follow","max-snippet":"max-snippet:-1","max-image-preview":"max-image-preview:large","max-video-preview":"max-video-preview:-1"},"canonical":"https:\/\/www.pressenza.com\/es\/2019\/07\/la-risa-del-verdugo\/","og_locale":"es_ES","og_type":"article","og_title":"La risa del verdugo","og_description":"Escuelita VI: Delitos de Lesa Humanidad en la mal llamada Patagonia Argentina Neuqu\u00e9n, Puel Mapu. El testimonio de las v\u00edctimas de la \u00faltima dictadura","og_url":"https:\/\/www.pressenza.com\/es\/2019\/07\/la-risa-del-verdugo\/","og_site_name":"Pressenza","article_publisher":"https:\/\/www.facebook.com\/PressenzaItalia","article_published_time":"2019-07-04T12:02:17+00:00","article_modified_time":"2019-07-04T12:05:38+00:00","og_image":[{"width":1024,"height":683,"url":"https:\/\/www.pressenza.com\/wp-content\/uploads\/2019\/07\/atencic3b3n..jpg","type":"image\/jpeg"}],"author":"Gustavo Figueroa","twitter_card":"summary_large_image","twitter_creator":"@PressenzaIPA","twitter_site":"@PressenzaIPA","twitter_misc":{"Escrito por":"Gustavo Figueroa","Tiempo de lectura":"23 minutos"},"schema":{"@context":"https:\/\/schema.org","@graph":[{"@type":"Article","@id":"https:\/\/www.pressenza.com\/es\/2019\/07\/la-risa-del-verdugo\/#article","isPartOf":{"@id":"https:\/\/www.pressenza.com\/es\/2019\/07\/la-risa-del-verdugo\/"},"author":{"name":"Gustavo Figueroa","@id":"https:\/\/www.pressenza.com\/es\/#\/schema\/person\/dacb21ffbce19b7d40c5abc14b6efc88"},"headline":"La risa del verdugo","datePublished":"2019-07-04T12:02:17+00:00","dateModified":"2019-07-04T12:05:38+00:00","mainEntityOfPage":{"@id":"https:\/\/www.pressenza.com\/es\/2019\/07\/la-risa-del-verdugo\/"},"wordCount":4625,"publisher":{"@id":"https:\/\/www.pressenza.com\/es\/#organization"},"image":{"@id":"https:\/\/www.pressenza.com\/es\/2019\/07\/la-risa-del-verdugo\/#primaryimage"},"thumbnailUrl":"https:\/\/www.pressenza.com\/wp-content\/uploads\/2019\/07\/atencic3b3n..jpg","keywords":["Argentina","centro clandestino","Derechos humanos","desaparecidos","dictadura","Neuqu\u00e9n","Patagonia","R\u00edo Negro"],"articleSection":["Contenido Original","Derechos Humanos","Sudam\u00e9rica"],"inLanguage":"es"},{"@type":"WebPage","@id":"https:\/\/www.pressenza.com\/es\/2019\/07\/la-risa-del-verdugo\/","url":"https:\/\/www.pressenza.com\/es\/2019\/07\/la-risa-del-verdugo\/","name":"La risa del verdugo","isPartOf":{"@id":"https:\/\/www.pressenza.com\/es\/#website"},"primaryImageOfPage":{"@id":"https:\/\/www.pressenza.com\/es\/2019\/07\/la-risa-del-verdugo\/#primaryimage"},"image":{"@id":"https:\/\/www.pressenza.com\/es\/2019\/07\/la-risa-del-verdugo\/#primaryimage"},"thumbnailUrl":"https:\/\/www.pressenza.com\/wp-content\/uploads\/2019\/07\/atencic3b3n..jpg","datePublished":"2019-07-04T12:02:17+00:00","dateModified":"2019-07-04T12:05:38+00:00","description":"Escuelita VI: Delitos de Lesa Humanidad en la mal llamada Patagonia Argentina Neuqu\u00e9n, Puel Mapu. El testimonio de las v\u00edctimas de la \u00faltima dictadura","breadcrumb":{"@id":"https:\/\/www.pressenza.com\/es\/2019\/07\/la-risa-del-verdugo\/#breadcrumb"},"inLanguage":"es","potentialAction":[{"@type":"ReadAction","target":["https:\/\/www.pressenza.com\/es\/2019\/07\/la-risa-del-verdugo\/"]}]},{"@type":"ImageObject","inLanguage":"es","@id":"https:\/\/www.pressenza.com\/es\/2019\/07\/la-risa-del-verdugo\/#primaryimage","url":"https:\/\/www.pressenza.com\/wp-content\/uploads\/2019\/07\/atencic3b3n..jpg","contentUrl":"https:\/\/www.pressenza.com\/wp-content\/uploads\/2019\/07\/atencic3b3n..jpg","width":1024,"height":683},{"@type":"BreadcrumbList","@id":"https:\/\/www.pressenza.com\/es\/2019\/07\/la-risa-del-verdugo\/#breadcrumb","itemListElement":[{"@type":"ListItem","position":1,"name":"Accueil","item":"https:\/\/www.pressenza.com\/es\/"},{"@type":"ListItem","position":2,"name":"La risa del verdugo"}]},{"@type":"WebSite","@id":"https:\/\/www.pressenza.com\/es\/#website","url":"https:\/\/www.pressenza.com\/es\/","name":"Pressenza","description":"International Press Agency","publisher":{"@id":"https:\/\/www.pressenza.com\/es\/#organization"},"potentialAction":[{"@type":"SearchAction","target":{"@type":"EntryPoint","urlTemplate":"https:\/\/www.pressenza.com\/es\/?s={search_term_string}"},"query-input":{"@type":"PropertyValueSpecification","valueRequired":true,"valueName":"search_term_string"}}],"inLanguage":"es"},{"@type":"Organization","@id":"https:\/\/www.pressenza.com\/es\/#organization","name":"Pressenza","url":"https:\/\/www.pressenza.com\/es\/","logo":{"@type":"ImageObject","inLanguage":"es","@id":"https:\/\/www.pressenza.com\/es\/#\/schema\/logo\/image\/","url":"https:\/\/www.pressenza.com\/wp-content\/uploads\/2022\/10\/pressenza_logo_200x200.jpg","contentUrl":"https:\/\/www.pressenza.com\/wp-content\/uploads\/2022\/10\/pressenza_logo_200x200.jpg","width":200,"height":200,"caption":"Pressenza"},"image":{"@id":"https:\/\/www.pressenza.com\/es\/#\/schema\/logo\/image\/"},"sameAs":["https:\/\/www.facebook.com\/PressenzaItalia","https:\/\/x.com\/PressenzaIPA"]},{"@type":"Person","@id":"https:\/\/www.pressenza.com\/es\/#\/schema\/person\/dacb21ffbce19b7d40c5abc14b6efc88","name":"Gustavo Figueroa","description":"Gustavo Figueroa (1985). Periodista, documentalista, fot\u00f3grafo. Vive en Neuqu\u00e9n. Se interesa especialmente por temas relativos a pueblos originarios y derechos humanos. Es miembro del Equipo de Educadores Interculturales del Puel Mapu.","sameAs":["https:\/\/periferiasitio.wordpress.com\/"],"url":"https:\/\/www.pressenza.com\/es\/author\/gustavo-figueroa\/"}]}},"place":"Neuqu\u00e9n, Argentina","original_article_url":"","_links":{"self":[{"href":"https:\/\/www.pressenza.com\/es\/wp-json\/wp\/v2\/posts\/881110","targetHints":{"allow":["GET"]}}],"collection":[{"href":"https:\/\/www.pressenza.com\/es\/wp-json\/wp\/v2\/posts"}],"about":[{"href":"https:\/\/www.pressenza.com\/es\/wp-json\/wp\/v2\/types\/post"}],"author":[{"embeddable":true,"href":"https:\/\/www.pressenza.com\/es\/wp-json\/wp\/v2\/users\/1372"}],"replies":[{"embeddable":true,"href":"https:\/\/www.pressenza.com\/es\/wp-json\/wp\/v2\/comments?post=881110"}],"version-history":[{"count":0,"href":"https:\/\/www.pressenza.com\/es\/wp-json\/wp\/v2\/posts\/881110\/revisions"}],"wp:featuredmedia":[{"embeddable":true,"href":"https:\/\/www.pressenza.com\/es\/wp-json\/wp\/v2\/media\/881156"}],"wp:attachment":[{"href":"https:\/\/www.pressenza.com\/es\/wp-json\/wp\/v2\/media?parent=881110"}],"wp:term":[{"taxonomy":"category","embeddable":true,"href":"https:\/\/www.pressenza.com\/es\/wp-json\/wp\/v2\/categories?post=881110"},{"taxonomy":"post_tag","embeddable":true,"href":"https:\/\/www.pressenza.com\/es\/wp-json\/wp\/v2\/tags?post=881110"}],"curies":[{"name":"wp","href":"https:\/\/api.w.org\/{rel}","templated":true}]}}