{"id":880232,"date":"2019-07-02T19:05:34","date_gmt":"2019-07-02T18:05:34","guid":{"rendered":"https:\/\/www.pressenza.com\/?p=880232"},"modified":"2019-07-02T19:06:31","modified_gmt":"2019-07-02T18:06:31","slug":"futbol-para-la-union-de-inmigrantes-en-ciudad-reggio-emilia-italia","status":"publish","type":"post","link":"https:\/\/www.pressenza.com\/es\/2019\/07\/futbol-para-la-union-de-inmigrantes-en-ciudad-reggio-emilia-italia\/","title":{"rendered":"F\u00fatbol para la uni\u00f3n de inmigrantes en ciudad Reggio Emilia, Italia"},"content":{"rendered":"<p><strong>Partido de f\u00fatbol entre inmigrantes de Gambia y Nigeria<\/strong><\/p>\n<p>Un grupo de migrantes que viv\u00edan en la ciudad Reggio Emilia (regi\u00f3n Emilia Roma\u00f1a, Italia) jugaron un partido amistoso con el objetivo de crear una atm\u00f3sfera de paz, amor y unidad entre los dos equipos: la Federaci\u00f3n de J\u00f3venes de Gambia y el S\u00faper \u00c1guila de Nigeria.<\/p>\n<p>Muchos jugadores destacaron que este partido, al que asistieron espectadores de diferentes partes de la ciudad, jug\u00f3 un papel muy importante en la construcci\u00f3n de relaciones amistosas y de comprensi\u00f3n mutua entre los dos equipos de f\u00fatbol.<\/p>\n<p>Cuando entrevist\u00e9 al entrenador de la federaci\u00f3n juvenil gambiana, \u00e9l record\u00f3 que en Reggio Emilia viven muchos j\u00f3venes inmigrantes con gran talento en diferentes campos del deporte, que necesitan ser alentados, inspirados e integrados en la comunidad en la que viven.\u00a0 El entrenador de la selecci\u00f3n nigeriana expres\u00f3 el mismo sentimiento.\u00a0 El partido termin\u00f3 con un resultado de 1 a 0 a favor de los gambianos. Modou Ceesay, conocido como Gago, marc\u00f3 el gol decisivo en la segunda mitad del partido.<\/p>\n<p>Los dos equipos est\u00e1n dispuestos a jugar partidos amistosos con otros grupos de migrantes que viven en Reggio Emilia y vienen de pa\u00edses como Marruecos, Senegal, Mal\u00ed, Pakist\u00e1n y Bangladesh, con el objetivo de participar en el campeonato regional de Emilia Roma\u00f1a.<\/p>\n<hr \/>\n<p><em>Traducci\u00f3n del italiano por Nicole Salas<\/em><\/p>\n","protected":false},"excerpt":{"rendered":"<p>Partido de f\u00fatbol entre inmigrantes de Gambia y Nigeria Un grupo de migrantes que viv\u00edan en la ciudad Reggio Emilia (regi\u00f3n Emilia Roma\u00f1a, Italia) jugaron un partido amistoso con el objetivo de crear una atm\u00f3sfera de paz, amor y unidad&hellip;<\/p>\n","protected":false},"author":1489,"featured_media":879477,"comment_status":"closed","ping_status":"closed","sticky":false,"template":"","format":"standard","meta":{"footnotes":""},"categories":[64,11389,66,46976,54574],"tags":[22018,10686,60513,60514],"class_list":["post-880232","post","type-post","status-publish","format-standard","has-post-thumbnail","hentry","category-africa-es","category-contenido-original","category-europa-es","category-jovenes","category-migrantes-es","tag-gambia","tag-nigeria-es","tag-partido-de-futbol","tag-reggio-emilia-es"],"yoast_head":"<!-- This site is optimized with the Yoast SEO plugin v27.1.1 - https:\/\/yoast.com\/product\/yoast-seo-wordpress\/ -->\n<title>F\u00fatbol para la uni\u00f3n de inmigrantes en ciudad Reggio Emilia, Italia<\/title>\n<meta name=\"description\" content=\"Partido de f\u00fatbol entre inmigrantes de Gambia y Nigeria Un grupo de migrantes que viv\u00edan en la ciudad Reggio Emilia (regi\u00f3n Emilia Roma\u00f1a, Italia) jugaron\" \/>\n<meta name=\"robots\" content=\"index, follow, max-snippet:-1, max-image-preview:large, max-video-preview:-1\" \/>\n<link rel=\"canonical\" href=\"https:\/\/www.pressenza.com\/es\/2019\/07\/futbol-para-la-union-de-inmigrantes-en-ciudad-reggio-emilia-italia\/\" \/>\n<meta property=\"og:locale\" content=\"es_ES\" \/>\n<meta property=\"og:type\" content=\"article\" \/>\n<meta property=\"og:title\" content=\"F\u00fatbol para la uni\u00f3n de inmigrantes en ciudad Reggio Emilia, Italia\" \/>\n<meta property=\"og:description\" content=\"Partido de f\u00fatbol entre inmigrantes de Gambia y Nigeria Un grupo de migrantes que viv\u00edan en la ciudad Reggio Emilia (regi\u00f3n Emilia Roma\u00f1a, Italia) jugaron\" \/>\n<meta property=\"og:url\" content=\"https:\/\/www.pressenza.com\/es\/2019\/07\/futbol-para-la-union-de-inmigrantes-en-ciudad-reggio-emilia-italia\/\" \/>\n<meta property=\"og:site_name\" content=\"Pressenza\" \/>\n<meta property=\"article:publisher\" content=\"https:\/\/www.facebook.com\/PressenzaItalia\" \/>\n<meta property=\"article:published_time\" content=\"2019-07-02T18:05:34+00:00\" \/>\n<meta property=\"article:modified_time\" content=\"2019-07-02T18:06:31+00:00\" \/>\n<meta property=\"og:image\" content=\"https:\/\/www.pressenza.com\/wp-content\/uploads\/2019\/07\/partita-calcio-migranti.jpg\" \/>\n\t<meta property=\"og:image:width\" content=\"2048\" \/>\n\t<meta property=\"og:image:height\" content=\"1536\" \/>\n\t<meta property=\"og:image:type\" content=\"image\/jpeg\" \/>\n<meta name=\"author\" content=\"Lamin Jassey\" \/>\n<meta name=\"twitter:card\" content=\"summary_large_image\" \/>\n<meta name=\"twitter:creator\" content=\"@PressenzaIPA\" \/>\n<meta name=\"twitter:site\" content=\"@PressenzaIPA\" \/>\n<meta name=\"twitter:label1\" content=\"Escrito por\" \/>\n\t<meta name=\"twitter:data1\" content=\"Lamin Jassey\" \/>\n\t<meta name=\"twitter:label2\" content=\"Tiempo de lectura\" \/>\n\t<meta name=\"twitter:data2\" content=\"1 minuto\" \/>\n<script type=\"application\/ld+json\" class=\"yoast-schema-graph\">{\"@context\":\"https:\/\/schema.org\",\"@graph\":[{\"@type\":\"Article\",\"@id\":\"https:\/\/www.pressenza.com\/es\/2019\/07\/futbol-para-la-union-de-inmigrantes-en-ciudad-reggio-emilia-italia\/#article\",\"isPartOf\":{\"@id\":\"https:\/\/www.pressenza.com\/es\/2019\/07\/futbol-para-la-union-de-inmigrantes-en-ciudad-reggio-emilia-italia\/\"},\"author\":{\"name\":\"Lamin Jassey\",\"@id\":\"https:\/\/www.pressenza.com\/es\/#\/schema\/person\/4fa75de9d250699bc4b619863f2acdde\"},\"headline\":\"F\u00fatbol para la uni\u00f3n de inmigrantes en ciudad Reggio Emilia, Italia\",\"datePublished\":\"2019-07-02T18:05:34+00:00\",\"dateModified\":\"2019-07-02T18:06:31+00:00\",\"mainEntityOfPage\":{\"@id\":\"https:\/\/www.pressenza.com\/es\/2019\/07\/futbol-para-la-union-de-inmigrantes-en-ciudad-reggio-emilia-italia\/\"},\"wordCount\":252,\"publisher\":{\"@id\":\"https:\/\/www.pressenza.com\/es\/#organization\"},\"image\":{\"@id\":\"https:\/\/www.pressenza.com\/es\/2019\/07\/futbol-para-la-union-de-inmigrantes-en-ciudad-reggio-emilia-italia\/#primaryimage\"},\"thumbnailUrl\":\"https:\/\/www.pressenza.com\/wp-content\/uploads\/2019\/07\/partita-calcio-migranti.jpg\",\"keywords\":[\"Gambia\",\"Nigeria\",\"partido de f\u00fatbol\",\"Reggio Emilia\"],\"articleSection\":[\"Africa\",\"Contenido Original\",\"Europa\",\"J\u00f3venes\",\"Migrantes\"],\"inLanguage\":\"es\"},{\"@type\":\"WebPage\",\"@id\":\"https:\/\/www.pressenza.com\/es\/2019\/07\/futbol-para-la-union-de-inmigrantes-en-ciudad-reggio-emilia-italia\/\",\"url\":\"https:\/\/www.pressenza.com\/es\/2019\/07\/futbol-para-la-union-de-inmigrantes-en-ciudad-reggio-emilia-italia\/\",\"name\":\"F\u00fatbol para la uni\u00f3n de inmigrantes en ciudad Reggio Emilia, Italia\",\"isPartOf\":{\"@id\":\"https:\/\/www.pressenza.com\/es\/#website\"},\"primaryImageOfPage\":{\"@id\":\"https:\/\/www.pressenza.com\/es\/2019\/07\/futbol-para-la-union-de-inmigrantes-en-ciudad-reggio-emilia-italia\/#primaryimage\"},\"image\":{\"@id\":\"https:\/\/www.pressenza.com\/es\/2019\/07\/futbol-para-la-union-de-inmigrantes-en-ciudad-reggio-emilia-italia\/#primaryimage\"},\"thumbnailUrl\":\"https:\/\/www.pressenza.com\/wp-content\/uploads\/2019\/07\/partita-calcio-migranti.jpg\",\"datePublished\":\"2019-07-02T18:05:34+00:00\",\"dateModified\":\"2019-07-02T18:06:31+00:00\",\"description\":\"Partido de f\u00fatbol entre inmigrantes de Gambia y Nigeria Un grupo de migrantes que viv\u00edan en la ciudad Reggio Emilia (regi\u00f3n Emilia Roma\u00f1a, Italia) jugaron\",\"breadcrumb\":{\"@id\":\"https:\/\/www.pressenza.com\/es\/2019\/07\/futbol-para-la-union-de-inmigrantes-en-ciudad-reggio-emilia-italia\/#breadcrumb\"},\"inLanguage\":\"es\",\"potentialAction\":[{\"@type\":\"ReadAction\",\"target\":[\"https:\/\/www.pressenza.com\/es\/2019\/07\/futbol-para-la-union-de-inmigrantes-en-ciudad-reggio-emilia-italia\/\"]}]},{\"@type\":\"ImageObject\",\"inLanguage\":\"es\",\"@id\":\"https:\/\/www.pressenza.com\/es\/2019\/07\/futbol-para-la-union-de-inmigrantes-en-ciudad-reggio-emilia-italia\/#primaryimage\",\"url\":\"https:\/\/www.pressenza.com\/wp-content\/uploads\/2019\/07\/partita-calcio-migranti.jpg\",\"contentUrl\":\"https:\/\/www.pressenza.com\/wp-content\/uploads\/2019\/07\/partita-calcio-migranti.jpg\",\"width\":2048,\"height\":1536},{\"@type\":\"BreadcrumbList\",\"@id\":\"https:\/\/www.pressenza.com\/es\/2019\/07\/futbol-para-la-union-de-inmigrantes-en-ciudad-reggio-emilia-italia\/#breadcrumb\",\"itemListElement\":[{\"@type\":\"ListItem\",\"position\":1,\"name\":\"Accueil\",\"item\":\"https:\/\/www.pressenza.com\/es\/\"},{\"@type\":\"ListItem\",\"position\":2,\"name\":\"F\u00fatbol para la uni\u00f3n de inmigrantes en ciudad Reggio Emilia, Italia\"}]},{\"@type\":\"WebSite\",\"@id\":\"https:\/\/www.pressenza.com\/es\/#website\",\"url\":\"https:\/\/www.pressenza.com\/es\/\",\"name\":\"Pressenza\",\"description\":\"International Press Agency\",\"publisher\":{\"@id\":\"https:\/\/www.pressenza.com\/es\/#organization\"},\"potentialAction\":[{\"@type\":\"SearchAction\",\"target\":{\"@type\":\"EntryPoint\",\"urlTemplate\":\"https:\/\/www.pressenza.com\/es\/?s={search_term_string}\"},\"query-input\":{\"@type\":\"PropertyValueSpecification\",\"valueRequired\":true,\"valueName\":\"search_term_string\"}}],\"inLanguage\":\"es\"},{\"@type\":\"Organization\",\"@id\":\"https:\/\/www.pressenza.com\/es\/#organization\",\"name\":\"Pressenza\",\"url\":\"https:\/\/www.pressenza.com\/es\/\",\"logo\":{\"@type\":\"ImageObject\",\"inLanguage\":\"es\",\"@id\":\"https:\/\/www.pressenza.com\/es\/#\/schema\/logo\/image\/\",\"url\":\"https:\/\/www.pressenza.com\/wp-content\/uploads\/2022\/10\/pressenza_logo_200x200.jpg\",\"contentUrl\":\"https:\/\/www.pressenza.com\/wp-content\/uploads\/2022\/10\/pressenza_logo_200x200.jpg\",\"width\":200,\"height\":200,\"caption\":\"Pressenza\"},\"image\":{\"@id\":\"https:\/\/www.pressenza.com\/es\/#\/schema\/logo\/image\/\"},\"sameAs\":[\"https:\/\/www.facebook.com\/PressenzaItalia\",\"https:\/\/x.com\/PressenzaIPA\"]},{\"@type\":\"Person\",\"@id\":\"https:\/\/www.pressenza.com\/es\/#\/schema\/person\/4fa75de9d250699bc4b619863f2acdde\",\"name\":\"Lamin Jassey\",\"description\":\"I was born in Gambia in 1997. I grew up in Kafuta, near Brikama. I'm studying languages \u200b\u200b(French, Italian, German and English).\",\"url\":\"https:\/\/www.pressenza.com\/es\/author\/lamin-jassey\/\"}]}<\/script>\n<!-- \/ Yoast SEO plugin. -->","yoast_head_json":{"title":"F\u00fatbol para la uni\u00f3n de inmigrantes en ciudad Reggio Emilia, Italia","description":"Partido de f\u00fatbol entre inmigrantes de Gambia y Nigeria Un grupo de migrantes que viv\u00edan en la ciudad Reggio Emilia (regi\u00f3n Emilia Roma\u00f1a, Italia) jugaron","robots":{"index":"index","follow":"follow","max-snippet":"max-snippet:-1","max-image-preview":"max-image-preview:large","max-video-preview":"max-video-preview:-1"},"canonical":"https:\/\/www.pressenza.com\/es\/2019\/07\/futbol-para-la-union-de-inmigrantes-en-ciudad-reggio-emilia-italia\/","og_locale":"es_ES","og_type":"article","og_title":"F\u00fatbol para la uni\u00f3n de inmigrantes en ciudad Reggio Emilia, Italia","og_description":"Partido de f\u00fatbol entre inmigrantes de Gambia y Nigeria Un grupo de migrantes que viv\u00edan en la ciudad Reggio Emilia (regi\u00f3n Emilia Roma\u00f1a, Italia) jugaron","og_url":"https:\/\/www.pressenza.com\/es\/2019\/07\/futbol-para-la-union-de-inmigrantes-en-ciudad-reggio-emilia-italia\/","og_site_name":"Pressenza","article_publisher":"https:\/\/www.facebook.com\/PressenzaItalia","article_published_time":"2019-07-02T18:05:34+00:00","article_modified_time":"2019-07-02T18:06:31+00:00","og_image":[{"width":2048,"height":1536,"url":"https:\/\/www.pressenza.com\/wp-content\/uploads\/2019\/07\/partita-calcio-migranti.jpg","type":"image\/jpeg"}],"author":"Lamin Jassey","twitter_card":"summary_large_image","twitter_creator":"@PressenzaIPA","twitter_site":"@PressenzaIPA","twitter_misc":{"Escrito por":"Lamin Jassey","Tiempo de lectura":"1 minuto"},"schema":{"@context":"https:\/\/schema.org","@graph":[{"@type":"Article","@id":"https:\/\/www.pressenza.com\/es\/2019\/07\/futbol-para-la-union-de-inmigrantes-en-ciudad-reggio-emilia-italia\/#article","isPartOf":{"@id":"https:\/\/www.pressenza.com\/es\/2019\/07\/futbol-para-la-union-de-inmigrantes-en-ciudad-reggio-emilia-italia\/"},"author":{"name":"Lamin Jassey","@id":"https:\/\/www.pressenza.com\/es\/#\/schema\/person\/4fa75de9d250699bc4b619863f2acdde"},"headline":"F\u00fatbol para la uni\u00f3n de inmigrantes en ciudad Reggio Emilia, Italia","datePublished":"2019-07-02T18:05:34+00:00","dateModified":"2019-07-02T18:06:31+00:00","mainEntityOfPage":{"@id":"https:\/\/www.pressenza.com\/es\/2019\/07\/futbol-para-la-union-de-inmigrantes-en-ciudad-reggio-emilia-italia\/"},"wordCount":252,"publisher":{"@id":"https:\/\/www.pressenza.com\/es\/#organization"},"image":{"@id":"https:\/\/www.pressenza.com\/es\/2019\/07\/futbol-para-la-union-de-inmigrantes-en-ciudad-reggio-emilia-italia\/#primaryimage"},"thumbnailUrl":"https:\/\/www.pressenza.com\/wp-content\/uploads\/2019\/07\/partita-calcio-migranti.jpg","keywords":["Gambia","Nigeria","partido de f\u00fatbol","Reggio Emilia"],"articleSection":["Africa","Contenido Original","Europa","J\u00f3venes","Migrantes"],"inLanguage":"es"},{"@type":"WebPage","@id":"https:\/\/www.pressenza.com\/es\/2019\/07\/futbol-para-la-union-de-inmigrantes-en-ciudad-reggio-emilia-italia\/","url":"https:\/\/www.pressenza.com\/es\/2019\/07\/futbol-para-la-union-de-inmigrantes-en-ciudad-reggio-emilia-italia\/","name":"F\u00fatbol para la uni\u00f3n de inmigrantes en ciudad Reggio Emilia, Italia","isPartOf":{"@id":"https:\/\/www.pressenza.com\/es\/#website"},"primaryImageOfPage":{"@id":"https:\/\/www.pressenza.com\/es\/2019\/07\/futbol-para-la-union-de-inmigrantes-en-ciudad-reggio-emilia-italia\/#primaryimage"},"image":{"@id":"https:\/\/www.pressenza.com\/es\/2019\/07\/futbol-para-la-union-de-inmigrantes-en-ciudad-reggio-emilia-italia\/#primaryimage"},"thumbnailUrl":"https:\/\/www.pressenza.com\/wp-content\/uploads\/2019\/07\/partita-calcio-migranti.jpg","datePublished":"2019-07-02T18:05:34+00:00","dateModified":"2019-07-02T18:06:31+00:00","description":"Partido de f\u00fatbol entre inmigrantes de Gambia y Nigeria Un grupo de migrantes que viv\u00edan en la ciudad Reggio Emilia (regi\u00f3n Emilia Roma\u00f1a, Italia) jugaron","breadcrumb":{"@id":"https:\/\/www.pressenza.com\/es\/2019\/07\/futbol-para-la-union-de-inmigrantes-en-ciudad-reggio-emilia-italia\/#breadcrumb"},"inLanguage":"es","potentialAction":[{"@type":"ReadAction","target":["https:\/\/www.pressenza.com\/es\/2019\/07\/futbol-para-la-union-de-inmigrantes-en-ciudad-reggio-emilia-italia\/"]}]},{"@type":"ImageObject","inLanguage":"es","@id":"https:\/\/www.pressenza.com\/es\/2019\/07\/futbol-para-la-union-de-inmigrantes-en-ciudad-reggio-emilia-italia\/#primaryimage","url":"https:\/\/www.pressenza.com\/wp-content\/uploads\/2019\/07\/partita-calcio-migranti.jpg","contentUrl":"https:\/\/www.pressenza.com\/wp-content\/uploads\/2019\/07\/partita-calcio-migranti.jpg","width":2048,"height":1536},{"@type":"BreadcrumbList","@id":"https:\/\/www.pressenza.com\/es\/2019\/07\/futbol-para-la-union-de-inmigrantes-en-ciudad-reggio-emilia-italia\/#breadcrumb","itemListElement":[{"@type":"ListItem","position":1,"name":"Accueil","item":"https:\/\/www.pressenza.com\/es\/"},{"@type":"ListItem","position":2,"name":"F\u00fatbol para la uni\u00f3n de inmigrantes en ciudad Reggio Emilia, Italia"}]},{"@type":"WebSite","@id":"https:\/\/www.pressenza.com\/es\/#website","url":"https:\/\/www.pressenza.com\/es\/","name":"Pressenza","description":"International Press Agency","publisher":{"@id":"https:\/\/www.pressenza.com\/es\/#organization"},"potentialAction":[{"@type":"SearchAction","target":{"@type":"EntryPoint","urlTemplate":"https:\/\/www.pressenza.com\/es\/?s={search_term_string}"},"query-input":{"@type":"PropertyValueSpecification","valueRequired":true,"valueName":"search_term_string"}}],"inLanguage":"es"},{"@type":"Organization","@id":"https:\/\/www.pressenza.com\/es\/#organization","name":"Pressenza","url":"https:\/\/www.pressenza.com\/es\/","logo":{"@type":"ImageObject","inLanguage":"es","@id":"https:\/\/www.pressenza.com\/es\/#\/schema\/logo\/image\/","url":"https:\/\/www.pressenza.com\/wp-content\/uploads\/2022\/10\/pressenza_logo_200x200.jpg","contentUrl":"https:\/\/www.pressenza.com\/wp-content\/uploads\/2022\/10\/pressenza_logo_200x200.jpg","width":200,"height":200,"caption":"Pressenza"},"image":{"@id":"https:\/\/www.pressenza.com\/es\/#\/schema\/logo\/image\/"},"sameAs":["https:\/\/www.facebook.com\/PressenzaItalia","https:\/\/x.com\/PressenzaIPA"]},{"@type":"Person","@id":"https:\/\/www.pressenza.com\/es\/#\/schema\/person\/4fa75de9d250699bc4b619863f2acdde","name":"Lamin Jassey","description":"I was born in Gambia in 1997. I grew up in Kafuta, near Brikama. I'm studying languages \u200b\u200b(French, Italian, German and English).","url":"https:\/\/www.pressenza.com\/es\/author\/lamin-jassey\/"}]}},"place":"Italia","original_article_url":"","_links":{"self":[{"href":"https:\/\/www.pressenza.com\/es\/wp-json\/wp\/v2\/posts\/880232","targetHints":{"allow":["GET"]}}],"collection":[{"href":"https:\/\/www.pressenza.com\/es\/wp-json\/wp\/v2\/posts"}],"about":[{"href":"https:\/\/www.pressenza.com\/es\/wp-json\/wp\/v2\/types\/post"}],"author":[{"embeddable":true,"href":"https:\/\/www.pressenza.com\/es\/wp-json\/wp\/v2\/users\/1489"}],"replies":[{"embeddable":true,"href":"https:\/\/www.pressenza.com\/es\/wp-json\/wp\/v2\/comments?post=880232"}],"version-history":[{"count":0,"href":"https:\/\/www.pressenza.com\/es\/wp-json\/wp\/v2\/posts\/880232\/revisions"}],"wp:featuredmedia":[{"embeddable":true,"href":"https:\/\/www.pressenza.com\/es\/wp-json\/wp\/v2\/media\/879477"}],"wp:attachment":[{"href":"https:\/\/www.pressenza.com\/es\/wp-json\/wp\/v2\/media?parent=880232"}],"wp:term":[{"taxonomy":"category","embeddable":true,"href":"https:\/\/www.pressenza.com\/es\/wp-json\/wp\/v2\/categories?post=880232"},{"taxonomy":"post_tag","embeddable":true,"href":"https:\/\/www.pressenza.com\/es\/wp-json\/wp\/v2\/tags?post=880232"}],"curies":[{"name":"wp","href":"https:\/\/api.w.org\/{rel}","templated":true}]}}