{"id":880195,"date":"2019-07-02T18:18:21","date_gmt":"2019-07-02T17:18:21","guid":{"rendered":"https:\/\/www.pressenza.com\/?p=880195"},"modified":"2019-07-04T20:40:36","modified_gmt":"2019-07-04T19:40:36","slug":"la-diversidad-sexual-del-sujeto-politico-del-feminismo","status":"publish","type":"post","link":"https:\/\/www.pressenza.com\/es\/2019\/07\/la-diversidad-sexual-del-sujeto-politico-del-feminismo\/","title":{"rendered":"La diversidad sexual del sujeto pol\u00edtico del feminismo"},"content":{"rendered":"<p><strong>Por Elena de Le\u00f3n.<\/strong><\/p>\n<p>En pleno jolgorio y festejo conmemorativo de los 50 a\u00f1os del alzamiento LGTBI por sus derechos en Stonewall (NY), se nos olvida que la diversidad sexual no es igualitaria, que la libertad sexual de los hombres contin\u00faa mermando la de las mujeres en un espacio sin oportunidades reales. Martha\u00a0Shelley, la lesbiana promotora de esa primera marcha del Orgullo LGTBI en 1969 (NY), por poco es olvidada, y en Espa\u00f1a no resuena nombres lesbianos ni feministas que en 1977 tomaran las calles por el movimiento de liberaci\u00f3n homosexual, solo cantos de gesta masculinos.<\/p>\n<p>Es preocupante que se desconozca la historia de la diversidad sexual de las mujeres, si bien tengan presente que sea cual sea el empe\u00f1o popular en acotar al movimiento feminista a las \u201clabores de su casa\u201d y el consumo de \u201csu propia salsa\u201d, en torno al sujeto pol\u00edtico del feminismo, \u00e9ste \u00faltimo es uno de los pilares del antiesclavismo y sufragismo universal en la historia, y que cuando los hombres negros consiguieron el voto, se olvidaron de las negras (y las blancas), y de nuevo estuvo ah\u00ed el movimiento feminista para proseguir la lucha por el sufragio universal para blancas y negras, pues a pesar de abolida la esclavitud a ambas les un\u00eda la servidumbre. Hemos escuchado la cr\u00f3nica miles de veces, lo que no se cuenta es que algunas de ellas eran antiesclavistas y sufragistas lesbianas, pero sus nombres no se conocen, ni siquiera entre las filas feministas, \u00bfle pediremos el esfuerzo de reconocimiento al movimiento LGTBI?<\/p>\n<p>Luego leo textos de algunas feministas heterosexuales que lucharon por la liberaci\u00f3n homosexual en momentos dif\u00edciles de represi\u00f3n, y les doy muchas gracias, es cierto, las primeras manifestaciones del Orgullo 28J eran feministas, en torno al sujeto pol\u00edtico del feminismo, pero los p\u00e1rrafos se llenan de nombres masculinos, h\u00e9roes de leyenda, eso s\u00ed, desagradecidos y desleales que se olvidaron de los derechos sexuales y reproductivos de las mujeres, y las v\u00edctimas de la violencia de g\u00e9nero despu\u00e9s, como aquellos negros que consiguieron el voto y se olvidaron. Y de nuevo tengo que reclamar los nombres de las lesbianas que ni entre l\u00edneas son reconocidos por el movimiento feminista ni LGTBI, las que tambi\u00e9n est\u00e1bamos all\u00ed, arriesgando tras las pancartas, cuando la ley sobre peligrosidad y rehabilitaci\u00f3n social no distingu\u00eda g\u00e9neros. Somos las lesbianas, las invisibles del movimiento feminista y subalternas de la LGBTI.<\/p>\n<p>Las lesbianas, esqueleto del movimiento feminista, hicimos la revoluci\u00f3n silenciosa de la diversidad sexual y reproductiva en su seno, junto a todas promovimos la libre maternidad, el derecho al aborto y el acceso a la reproducci\u00f3n asistida, y ahora nos toca continuar en la LGTBI frenando un nuevo patriarcado, que no tiene otro objetivo que el viejo, la denuncia de antemano de las mujeres a sus propios hijos\/as a favor de una \u00fanica filiaci\u00f3n, la masculina (la muerte de la madre). Me estoy refiriendo a la demanda de vientres de alquiler como derecho, aunque haya voces gais disonantes en el Movimiento Arco Iris que escapan del mismo, condenando la explotaci\u00f3n de los cuerpos de las mujeres, renunciando al derecho paterno en pos de que el fin no justifica los medios.<\/p>\n<p>Pero no nos enga\u00f1emos, divide y vencer\u00e1s, el capitalismo y su padre, el patriarcado, van juntos m\u00e1s lejos para descoronar al sujeto pol\u00edtico del feminismo, y pongo ejemplo siguiendo lo anterior: si toman la bandera de la diversidad sexual y reproductiva mujeres (lesbis, bis, trans o hetero) que reclaman los vientres de las otras, las m\u00e1s pobres, y luego hay hombres (gais, bis, trans o hetero) que se oponen al comercio de los\/as ni\u00f1os\/s y los cuerpos de las mujeres\u2026 nos preguntamos \u00bfqui\u00e9n es m\u00e1s feminista?, \u00bfel feminismo es cuesti\u00f3n de g\u00e9nero? \u00bfSon todas las mujeres, feministas por el hecho de ser mujeres? \u00bfExiste un feminismo masculino que no reconocemos?<\/p>\n<p>Ojo, tengamos presente que \u201cla mujer\u201d puede dejar de ser el sujeto pol\u00edtico del feminismo, para pasar a ser el mero centro de atenci\u00f3n de la cuesti\u00f3n feminista, y no precisamente por una ilusi\u00f3n multigen\u00e9rica Queer ni transfeminista.<\/p>\n<p>&nbsp;<\/p>\n<p><em><strong>Elena de Le\u00f3n Criado. <\/strong>Polit\u00f3loga y escritora.\u00a0Presidenta fundacional de la asociaci\u00f3n Comit\u00e9 Reivindicativo y Cultural de Lesbianas (CRECUL).\u00a0Presidenta constituyente de la Federaci\u00f3n Estatal de Lesbianas, Gais, Transexuales y Bisexuales (FELGTB).<\/em><\/p>\n","protected":false},"excerpt":{"rendered":"<p>Por Elena de Le\u00f3n. En pleno jolgorio y festejo conmemorativo de los 50 a\u00f1os del alzamiento LGTBI por sus derechos en Stonewall (NY), se nos olvida que la diversidad sexual no es igualitaria, que la libertad sexual de los hombres&hellip;<\/p>\n","protected":false},"author":94,"featured_media":880198,"comment_status":"closed","ping_status":"closed","sticky":false,"template":"","format":"standard","meta":{"footnotes":""},"categories":[1241,66,161],"tags":[60505,22320],"class_list":["post-880195","post","type-post","status-publish","format-standard","has-post-thumbnail","hentry","category-diversidad","category-europa-es","category-opiniones","tag-derechos-lgtbi","tag-lesbianismo"],"yoast_head":"<!-- This site is optimized with the Yoast SEO plugin v27.1.1 - https:\/\/yoast.com\/product\/yoast-seo-wordpress\/ -->\n<title>La diversidad sexual del sujeto pol\u00edtico del feminismo<\/title>\n<meta name=\"description\" content=\"Por Elena de Le\u00f3n. En pleno jolgorio y festejo conmemorativo de los 50 a\u00f1os del alzamiento LGTBI por sus derechos en Stonewall (NY), se nos olvida que la El lesbianismo sufre discriminaci\u00f3n dentro del mundo LGTBI, seg\u00fan Elena de Le\u00f3n\" \/>\n<meta name=\"robots\" content=\"index, follow, max-snippet:-1, max-image-preview:large, max-video-preview:-1\" \/>\n<link rel=\"canonical\" href=\"https:\/\/www.pressenza.com\/es\/2019\/07\/la-diversidad-sexual-del-sujeto-politico-del-feminismo\/\" \/>\n<meta property=\"og:locale\" content=\"es_ES\" \/>\n<meta property=\"og:type\" content=\"article\" \/>\n<meta property=\"og:title\" content=\"La diversidad sexual del sujeto pol\u00edtico del feminismo\" \/>\n<meta property=\"og:description\" content=\"Por Elena de Le\u00f3n. En pleno jolgorio y festejo conmemorativo de los 50 a\u00f1os del alzamiento LGTBI por sus derechos en Stonewall (NY), se nos olvida que la El lesbianismo sufre discriminaci\u00f3n dentro del mundo LGTBI, seg\u00fan Elena de Le\u00f3n\" \/>\n<meta property=\"og:url\" content=\"https:\/\/www.pressenza.com\/es\/2019\/07\/la-diversidad-sexual-del-sujeto-politico-del-feminismo\/\" \/>\n<meta property=\"og:site_name\" content=\"Pressenza\" \/>\n<meta property=\"article:publisher\" content=\"https:\/\/www.facebook.com\/PressenzaItalia\" \/>\n<meta property=\"article:author\" content=\"https:\/\/www.facebook.com\/pressenza\" \/>\n<meta property=\"article:published_time\" content=\"2019-07-02T17:18:21+00:00\" \/>\n<meta property=\"article:modified_time\" content=\"2019-07-04T19:40:36+00:00\" \/>\n<meta property=\"og:image\" content=\"https:\/\/www.pressenza.com\/wp-content\/uploads\/2019\/07\/Martha-Shelley.jpg\" \/>\n\t<meta property=\"og:image:width\" content=\"678\" \/>\n\t<meta property=\"og:image:height\" content=\"381\" \/>\n\t<meta property=\"og:image:type\" content=\"image\/jpeg\" \/>\n<meta name=\"author\" content=\"Redacci\u00f3n Madrid\" \/>\n<meta name=\"twitter:card\" content=\"summary_large_image\" \/>\n<meta name=\"twitter:creator\" content=\"@pressenza\" \/>\n<meta name=\"twitter:site\" content=\"@PressenzaIPA\" \/>\n<meta name=\"twitter:label1\" content=\"Escrito por\" \/>\n\t<meta name=\"twitter:data1\" content=\"Redacci\u00f3n Madrid\" \/>\n\t<meta name=\"twitter:label2\" content=\"Tiempo de lectura\" \/>\n\t<meta name=\"twitter:data2\" content=\"4 minutos\" \/>\n<script type=\"application\/ld+json\" class=\"yoast-schema-graph\">{\"@context\":\"https:\/\/schema.org\",\"@graph\":[{\"@type\":\"Article\",\"@id\":\"https:\/\/www.pressenza.com\/es\/2019\/07\/la-diversidad-sexual-del-sujeto-politico-del-feminismo\/#article\",\"isPartOf\":{\"@id\":\"https:\/\/www.pressenza.com\/es\/2019\/07\/la-diversidad-sexual-del-sujeto-politico-del-feminismo\/\"},\"author\":{\"name\":\"Redacci\u00f3n Madrid\",\"@id\":\"https:\/\/www.pressenza.com\/es\/#\/schema\/person\/828fc40eeca2ad7be3630e5a46adba94\"},\"headline\":\"La diversidad sexual del sujeto pol\u00edtico del feminismo\",\"datePublished\":\"2019-07-02T17:18:21+00:00\",\"dateModified\":\"2019-07-04T19:40:36+00:00\",\"mainEntityOfPage\":{\"@id\":\"https:\/\/www.pressenza.com\/es\/2019\/07\/la-diversidad-sexual-del-sujeto-politico-del-feminismo\/\"},\"wordCount\":765,\"publisher\":{\"@id\":\"https:\/\/www.pressenza.com\/es\/#organization\"},\"image\":{\"@id\":\"https:\/\/www.pressenza.com\/es\/2019\/07\/la-diversidad-sexual-del-sujeto-politico-del-feminismo\/#primaryimage\"},\"thumbnailUrl\":\"https:\/\/www.pressenza.com\/wp-content\/uploads\/2019\/07\/Martha-Shelley.jpg\",\"keywords\":[\"derechos LGTBI\",\"lesbianismo\"],\"articleSection\":[\"Diversidad\",\"Europa\",\"Opiniones\"],\"inLanguage\":\"es\"},{\"@type\":\"WebPage\",\"@id\":\"https:\/\/www.pressenza.com\/es\/2019\/07\/la-diversidad-sexual-del-sujeto-politico-del-feminismo\/\",\"url\":\"https:\/\/www.pressenza.com\/es\/2019\/07\/la-diversidad-sexual-del-sujeto-politico-del-feminismo\/\",\"name\":\"La diversidad sexual del sujeto pol\u00edtico del feminismo\",\"isPartOf\":{\"@id\":\"https:\/\/www.pressenza.com\/es\/#website\"},\"primaryImageOfPage\":{\"@id\":\"https:\/\/www.pressenza.com\/es\/2019\/07\/la-diversidad-sexual-del-sujeto-politico-del-feminismo\/#primaryimage\"},\"image\":{\"@id\":\"https:\/\/www.pressenza.com\/es\/2019\/07\/la-diversidad-sexual-del-sujeto-politico-del-feminismo\/#primaryimage\"},\"thumbnailUrl\":\"https:\/\/www.pressenza.com\/wp-content\/uploads\/2019\/07\/Martha-Shelley.jpg\",\"datePublished\":\"2019-07-02T17:18:21+00:00\",\"dateModified\":\"2019-07-04T19:40:36+00:00\",\"description\":\"Por Elena de Le\u00f3n. En pleno jolgorio y festejo conmemorativo de los 50 a\u00f1os del alzamiento LGTBI por sus derechos en Stonewall (NY), se nos olvida que la El lesbianismo sufre discriminaci\u00f3n dentro del mundo LGTBI, seg\u00fan Elena de Le\u00f3n\",\"breadcrumb\":{\"@id\":\"https:\/\/www.pressenza.com\/es\/2019\/07\/la-diversidad-sexual-del-sujeto-politico-del-feminismo\/#breadcrumb\"},\"inLanguage\":\"es\",\"potentialAction\":[{\"@type\":\"ReadAction\",\"target\":[\"https:\/\/www.pressenza.com\/es\/2019\/07\/la-diversidad-sexual-del-sujeto-politico-del-feminismo\/\"]}]},{\"@type\":\"ImageObject\",\"inLanguage\":\"es\",\"@id\":\"https:\/\/www.pressenza.com\/es\/2019\/07\/la-diversidad-sexual-del-sujeto-politico-del-feminismo\/#primaryimage\",\"url\":\"https:\/\/www.pressenza.com\/wp-content\/uploads\/2019\/07\/Martha-Shelley.jpg\",\"contentUrl\":\"https:\/\/www.pressenza.com\/wp-content\/uploads\/2019\/07\/Martha-Shelley.jpg\",\"width\":678,\"height\":381,\"caption\":\"Martha-Shelley\"},{\"@type\":\"BreadcrumbList\",\"@id\":\"https:\/\/www.pressenza.com\/es\/2019\/07\/la-diversidad-sexual-del-sujeto-politico-del-feminismo\/#breadcrumb\",\"itemListElement\":[{\"@type\":\"ListItem\",\"position\":1,\"name\":\"Accueil\",\"item\":\"https:\/\/www.pressenza.com\/es\/\"},{\"@type\":\"ListItem\",\"position\":2,\"name\":\"La diversidad sexual del sujeto pol\u00edtico del feminismo\"}]},{\"@type\":\"WebSite\",\"@id\":\"https:\/\/www.pressenza.com\/es\/#website\",\"url\":\"https:\/\/www.pressenza.com\/es\/\",\"name\":\"Pressenza\",\"description\":\"International Press Agency\",\"publisher\":{\"@id\":\"https:\/\/www.pressenza.com\/es\/#organization\"},\"potentialAction\":[{\"@type\":\"SearchAction\",\"target\":{\"@type\":\"EntryPoint\",\"urlTemplate\":\"https:\/\/www.pressenza.com\/es\/?s={search_term_string}\"},\"query-input\":{\"@type\":\"PropertyValueSpecification\",\"valueRequired\":true,\"valueName\":\"search_term_string\"}}],\"inLanguage\":\"es\"},{\"@type\":\"Organization\",\"@id\":\"https:\/\/www.pressenza.com\/es\/#organization\",\"name\":\"Pressenza\",\"url\":\"https:\/\/www.pressenza.com\/es\/\",\"logo\":{\"@type\":\"ImageObject\",\"inLanguage\":\"es\",\"@id\":\"https:\/\/www.pressenza.com\/es\/#\/schema\/logo\/image\/\",\"url\":\"https:\/\/www.pressenza.com\/wp-content\/uploads\/2022\/10\/pressenza_logo_200x200.jpg\",\"contentUrl\":\"https:\/\/www.pressenza.com\/wp-content\/uploads\/2022\/10\/pressenza_logo_200x200.jpg\",\"width\":200,\"height\":200,\"caption\":\"Pressenza\"},\"image\":{\"@id\":\"https:\/\/www.pressenza.com\/es\/#\/schema\/logo\/image\/\"},\"sameAs\":[\"https:\/\/www.facebook.com\/PressenzaItalia\",\"https:\/\/x.com\/PressenzaIPA\"]},{\"@type\":\"Person\",\"@id\":\"https:\/\/www.pressenza.com\/es\/#\/schema\/person\/828fc40eeca2ad7be3630e5a46adba94\",\"name\":\"Redacci\u00f3n Madrid\",\"description\":\"News from the Pressenza Bureau in Madrid, Spain\",\"sameAs\":[\"https:\/\/www.facebook.com\/pressenza\",\"https:\/\/x.com\/pressenza\"],\"url\":\"https:\/\/www.pressenza.com\/es\/author\/redaccion-madrid\/\"}]}<\/script>\n<!-- \/ Yoast SEO plugin. -->","yoast_head_json":{"title":"La diversidad sexual del sujeto pol\u00edtico del feminismo","description":"Por Elena de Le\u00f3n. En pleno jolgorio y festejo conmemorativo de los 50 a\u00f1os del alzamiento LGTBI por sus derechos en Stonewall (NY), se nos olvida que la El lesbianismo sufre discriminaci\u00f3n dentro del mundo LGTBI, seg\u00fan Elena de Le\u00f3n","robots":{"index":"index","follow":"follow","max-snippet":"max-snippet:-1","max-image-preview":"max-image-preview:large","max-video-preview":"max-video-preview:-1"},"canonical":"https:\/\/www.pressenza.com\/es\/2019\/07\/la-diversidad-sexual-del-sujeto-politico-del-feminismo\/","og_locale":"es_ES","og_type":"article","og_title":"La diversidad sexual del sujeto pol\u00edtico del feminismo","og_description":"Por Elena de Le\u00f3n. En pleno jolgorio y festejo conmemorativo de los 50 a\u00f1os del alzamiento LGTBI por sus derechos en Stonewall (NY), se nos olvida que la El lesbianismo sufre discriminaci\u00f3n dentro del mundo LGTBI, seg\u00fan Elena de Le\u00f3n","og_url":"https:\/\/www.pressenza.com\/es\/2019\/07\/la-diversidad-sexual-del-sujeto-politico-del-feminismo\/","og_site_name":"Pressenza","article_publisher":"https:\/\/www.facebook.com\/PressenzaItalia","article_author":"https:\/\/www.facebook.com\/pressenza","article_published_time":"2019-07-02T17:18:21+00:00","article_modified_time":"2019-07-04T19:40:36+00:00","og_image":[{"width":678,"height":381,"url":"https:\/\/www.pressenza.com\/wp-content\/uploads\/2019\/07\/Martha-Shelley.jpg","type":"image\/jpeg"}],"author":"Redacci\u00f3n Madrid","twitter_card":"summary_large_image","twitter_creator":"@pressenza","twitter_site":"@PressenzaIPA","twitter_misc":{"Escrito por":"Redacci\u00f3n Madrid","Tiempo de lectura":"4 minutos"},"schema":{"@context":"https:\/\/schema.org","@graph":[{"@type":"Article","@id":"https:\/\/www.pressenza.com\/es\/2019\/07\/la-diversidad-sexual-del-sujeto-politico-del-feminismo\/#article","isPartOf":{"@id":"https:\/\/www.pressenza.com\/es\/2019\/07\/la-diversidad-sexual-del-sujeto-politico-del-feminismo\/"},"author":{"name":"Redacci\u00f3n Madrid","@id":"https:\/\/www.pressenza.com\/es\/#\/schema\/person\/828fc40eeca2ad7be3630e5a46adba94"},"headline":"La diversidad sexual del sujeto pol\u00edtico del feminismo","datePublished":"2019-07-02T17:18:21+00:00","dateModified":"2019-07-04T19:40:36+00:00","mainEntityOfPage":{"@id":"https:\/\/www.pressenza.com\/es\/2019\/07\/la-diversidad-sexual-del-sujeto-politico-del-feminismo\/"},"wordCount":765,"publisher":{"@id":"https:\/\/www.pressenza.com\/es\/#organization"},"image":{"@id":"https:\/\/www.pressenza.com\/es\/2019\/07\/la-diversidad-sexual-del-sujeto-politico-del-feminismo\/#primaryimage"},"thumbnailUrl":"https:\/\/www.pressenza.com\/wp-content\/uploads\/2019\/07\/Martha-Shelley.jpg","keywords":["derechos LGTBI","lesbianismo"],"articleSection":["Diversidad","Europa","Opiniones"],"inLanguage":"es"},{"@type":"WebPage","@id":"https:\/\/www.pressenza.com\/es\/2019\/07\/la-diversidad-sexual-del-sujeto-politico-del-feminismo\/","url":"https:\/\/www.pressenza.com\/es\/2019\/07\/la-diversidad-sexual-del-sujeto-politico-del-feminismo\/","name":"La diversidad sexual del sujeto pol\u00edtico del feminismo","isPartOf":{"@id":"https:\/\/www.pressenza.com\/es\/#website"},"primaryImageOfPage":{"@id":"https:\/\/www.pressenza.com\/es\/2019\/07\/la-diversidad-sexual-del-sujeto-politico-del-feminismo\/#primaryimage"},"image":{"@id":"https:\/\/www.pressenza.com\/es\/2019\/07\/la-diversidad-sexual-del-sujeto-politico-del-feminismo\/#primaryimage"},"thumbnailUrl":"https:\/\/www.pressenza.com\/wp-content\/uploads\/2019\/07\/Martha-Shelley.jpg","datePublished":"2019-07-02T17:18:21+00:00","dateModified":"2019-07-04T19:40:36+00:00","description":"Por Elena de Le\u00f3n. En pleno jolgorio y festejo conmemorativo de los 50 a\u00f1os del alzamiento LGTBI por sus derechos en Stonewall (NY), se nos olvida que la El lesbianismo sufre discriminaci\u00f3n dentro del mundo LGTBI, seg\u00fan Elena de Le\u00f3n","breadcrumb":{"@id":"https:\/\/www.pressenza.com\/es\/2019\/07\/la-diversidad-sexual-del-sujeto-politico-del-feminismo\/#breadcrumb"},"inLanguage":"es","potentialAction":[{"@type":"ReadAction","target":["https:\/\/www.pressenza.com\/es\/2019\/07\/la-diversidad-sexual-del-sujeto-politico-del-feminismo\/"]}]},{"@type":"ImageObject","inLanguage":"es","@id":"https:\/\/www.pressenza.com\/es\/2019\/07\/la-diversidad-sexual-del-sujeto-politico-del-feminismo\/#primaryimage","url":"https:\/\/www.pressenza.com\/wp-content\/uploads\/2019\/07\/Martha-Shelley.jpg","contentUrl":"https:\/\/www.pressenza.com\/wp-content\/uploads\/2019\/07\/Martha-Shelley.jpg","width":678,"height":381,"caption":"Martha-Shelley"},{"@type":"BreadcrumbList","@id":"https:\/\/www.pressenza.com\/es\/2019\/07\/la-diversidad-sexual-del-sujeto-politico-del-feminismo\/#breadcrumb","itemListElement":[{"@type":"ListItem","position":1,"name":"Accueil","item":"https:\/\/www.pressenza.com\/es\/"},{"@type":"ListItem","position":2,"name":"La diversidad sexual del sujeto pol\u00edtico del feminismo"}]},{"@type":"WebSite","@id":"https:\/\/www.pressenza.com\/es\/#website","url":"https:\/\/www.pressenza.com\/es\/","name":"Pressenza","description":"International Press Agency","publisher":{"@id":"https:\/\/www.pressenza.com\/es\/#organization"},"potentialAction":[{"@type":"SearchAction","target":{"@type":"EntryPoint","urlTemplate":"https:\/\/www.pressenza.com\/es\/?s={search_term_string}"},"query-input":{"@type":"PropertyValueSpecification","valueRequired":true,"valueName":"search_term_string"}}],"inLanguage":"es"},{"@type":"Organization","@id":"https:\/\/www.pressenza.com\/es\/#organization","name":"Pressenza","url":"https:\/\/www.pressenza.com\/es\/","logo":{"@type":"ImageObject","inLanguage":"es","@id":"https:\/\/www.pressenza.com\/es\/#\/schema\/logo\/image\/","url":"https:\/\/www.pressenza.com\/wp-content\/uploads\/2022\/10\/pressenza_logo_200x200.jpg","contentUrl":"https:\/\/www.pressenza.com\/wp-content\/uploads\/2022\/10\/pressenza_logo_200x200.jpg","width":200,"height":200,"caption":"Pressenza"},"image":{"@id":"https:\/\/www.pressenza.com\/es\/#\/schema\/logo\/image\/"},"sameAs":["https:\/\/www.facebook.com\/PressenzaItalia","https:\/\/x.com\/PressenzaIPA"]},{"@type":"Person","@id":"https:\/\/www.pressenza.com\/es\/#\/schema\/person\/828fc40eeca2ad7be3630e5a46adba94","name":"Redacci\u00f3n Madrid","description":"News from the Pressenza Bureau in Madrid, Spain","sameAs":["https:\/\/www.facebook.com\/pressenza","https:\/\/x.com\/pressenza"],"url":"https:\/\/www.pressenza.com\/es\/author\/redaccion-madrid\/"}]}},"place":"Madrid","original_article_url":"http:\/\/revista.lamardeonuba.es\/la-diversidad-sexual-del-sujeto-politico-del-feminismo\/","_links":{"self":[{"href":"https:\/\/www.pressenza.com\/es\/wp-json\/wp\/v2\/posts\/880195","targetHints":{"allow":["GET"]}}],"collection":[{"href":"https:\/\/www.pressenza.com\/es\/wp-json\/wp\/v2\/posts"}],"about":[{"href":"https:\/\/www.pressenza.com\/es\/wp-json\/wp\/v2\/types\/post"}],"author":[{"embeddable":true,"href":"https:\/\/www.pressenza.com\/es\/wp-json\/wp\/v2\/users\/94"}],"replies":[{"embeddable":true,"href":"https:\/\/www.pressenza.com\/es\/wp-json\/wp\/v2\/comments?post=880195"}],"version-history":[{"count":0,"href":"https:\/\/www.pressenza.com\/es\/wp-json\/wp\/v2\/posts\/880195\/revisions"}],"wp:featuredmedia":[{"embeddable":true,"href":"https:\/\/www.pressenza.com\/es\/wp-json\/wp\/v2\/media\/880198"}],"wp:attachment":[{"href":"https:\/\/www.pressenza.com\/es\/wp-json\/wp\/v2\/media?parent=880195"}],"wp:term":[{"taxonomy":"category","embeddable":true,"href":"https:\/\/www.pressenza.com\/es\/wp-json\/wp\/v2\/categories?post=880195"},{"taxonomy":"post_tag","embeddable":true,"href":"https:\/\/www.pressenza.com\/es\/wp-json\/wp\/v2\/tags?post=880195"}],"curies":[{"name":"wp","href":"https:\/\/api.w.org\/{rel}","templated":true}]}}