{"id":879436,"date":"2019-06-30T23:09:00","date_gmt":"2019-06-30T22:09:00","guid":{"rendered":"https:\/\/www.pressenza.com\/?p=879436"},"modified":"2023-11-05T22:03:18","modified_gmt":"2023-11-05T22:03:18","slug":"ola-de-calor-la-oficina-alemana-de-bienestar-animal-exige-la-prohibicion-del-transporte-de-animales-prohibicion-que-ya-existe-en-francia","status":"publish","type":"post","link":"https:\/\/www.pressenza.com\/es\/2019\/06\/ola-de-calor-la-oficina-alemana-de-bienestar-animal-exige-la-prohibicion-del-transporte-de-animales-prohibicion-que-ya-existe-en-francia\/","title":{"rendered":"Ola de calor: La Oficina Alemana de Bienestar Animal exige la prohibici\u00f3n del transporte de animales; prohibici\u00f3n que ya existe en Francia"},"content":{"rendered":"<p><strong>Con motivo de las continuas altas temperaturas en Alemania, la Oficina Alemana de Bienestar Animal vuelve a llamar la atenci\u00f3n por el sufrimiento de los animales durante su transporte, especialmente durante los meses de verano. Los meses de verano no s\u00f3lo est\u00e1n asociados a temperaturas extremas en las autopistas alemanas, sino tambi\u00e9n a un mayor riesgo de congesti\u00f3n. Los 3,7 millones de animales que se transportan diariamente por las carreteras alemanas son los que m\u00e1s sufren estas condiciones.<\/strong><\/p>\n<p>S\u00f3lo en las \u00faltimas semanas se han hecho p\u00fablicos varios casos en los que el calor y la deshidrataci\u00f3n se han convertido en situaciones extremas para los animales en las carreteras alemanas. La normativa actual sobre las condiciones de transporte de los animales causa inevitablemente sufrimiento a los mismos, incluso en condiciones normales. Las temperaturas extremas, el espacio reducido, el suministro insuficiente de agua y las m\u00e1s de 24 horas de transporte no son una excepci\u00f3n. En los meses de verano, la situaci\u00f3n se ve agravada por las temperaturas de m\u00e1s de 40 grados en la furgoneta, una escasez de agua a\u00fan m\u00e1s aguda y periodos de transporte a\u00fan m\u00e1s largos debido al mayor riesgo de congesti\u00f3n debido a las operaciones de vacaciones.<\/p>\n<blockquote><p>\u00abLas condiciones del transporte de animales ya son fatales y reciben muy poca atenci\u00f3n. Durante los meses de verano, los animales en las carreteras suelen tener que soportar mucho m\u00e1s sufrimiento de lo habitual, y queremos explicar esta miseria\u00bb, dice Jan Peifer, Director Ejecutivo de la Oficina Alemana de Bienestar Animal.<\/p><\/blockquote>\n<p>Francia prohibi\u00f3 ayer el transporte de animales vivos por razones de bienestar animal. El Ministerio de Agricultura considera irresponsable transportar animales vivos en camiones a temperaturas tan altas. \u00abExigimos tal prohibici\u00f3n tambi\u00e9n para Alemania &#8211; sobre todo porque adem\u00e1s tambi\u00e9n los accidentes con transportes de animales aumentan en la actualidad\u00bb, a\u00f1ade Peifer. Desde principios de a\u00f1o, se han producido casi 30 accidentes en los que han muerto varios cientos de animales. Especialmente en los \u00faltimos d\u00edas, los incidentes se han hecho m\u00e1s frecuentes. A veces los bomberos ten\u00edan que salir para abastecer de agua potable a los animales y enfriarlos.<\/p>\n<p><img loading=\"lazy\" decoding=\"async\" class=\"aligncenter wp-image-878673 size-large\" src=\"https:\/\/www.pressenza.com\/wp-content\/uploads\/2019\/06\/Tiertransporte-Unf\u00e4lle-Deutsches-Tierschutzb\u00fcro-Infographik-720x720.jpg\" alt=\"\" width=\"720\" height=\"720\" srcset=\"https:\/\/www.pressenza.com\/wp-content\/uploads\/2019\/06\/Tiertransporte-Unf\u00e4lle-Deutsches-Tierschutzb\u00fcro-Infographik-720x720.jpg 720w, https:\/\/www.pressenza.com\/wp-content\/uploads\/2019\/06\/Tiertransporte-Unf\u00e4lle-Deutsches-Tierschutzb\u00fcro-Infographik-150x150.jpg 150w, https:\/\/www.pressenza.com\/wp-content\/uploads\/2019\/06\/Tiertransporte-Unf\u00e4lle-Deutsches-Tierschutzb\u00fcro-Infographik-300x300.jpg 300w, https:\/\/www.pressenza.com\/wp-content\/uploads\/2019\/06\/Tiertransporte-Unf\u00e4lle-Deutsches-Tierschutzb\u00fcro-Infographik-768x768.jpg 768w, https:\/\/www.pressenza.com\/wp-content\/uploads\/2019\/06\/Tiertransporte-Unf\u00e4lle-Deutsches-Tierschutzb\u00fcro-Infographik.jpg 2048w\" sizes=\"auto, (max-width: 720px) 100vw, 720px\" \/><\/p>\n<p>&nbsp;<\/p>\n<p>Los transportistas de ganado est\u00e1n sujetos a inspecciones poco frecuentes, que se revelan repetidamente por las violaciones de los reglamentos en relaci\u00f3n con el cuidado y el estado de salud de los animales y la higiene. Especialmente en las altas temperaturas del verano actual, los animales sufren mucho el calor y el mal suministro de agua durante el transporte.<\/p>\n<blockquote><p>\u00abHasta que el transporte de animales vivos sea finalmente cosa del pasado, necesitamos sanciones m\u00e1s estrictas contra los responsables. Es inaceptable que los clientes, las empresas de transporte y los conductores sean repetidamente responsables de accidentes evitables y suministros deficientes y que nada cambie. Aqu\u00ed necesitamos sanciones m\u00e1s severas y mejores controles\u00bb, exclama Jan Peifer.<\/p><\/blockquote>\n<p><strong>El transporte de animales es un componente elemental del sistema de cr\u00eda masiva de animales <\/strong>y es responsable del sufrimiento diario de los animales, incluso sin incidentes. Los cerdos, el ganado vacuno, las aves de corral, las ovejas y muchos otros animales no se transportan exclusivamente para su sacrificio. La cr\u00eda y el engorde tambi\u00e9n suelen llevarse a cabo en lugares diferentes, a menudo en pa\u00edses diferentes.<\/p>\n<p><strong>Dentro de la UE se transportan miles de millones de animales a lo largo de miles de kil\u00f3metros cada a\u00f1o<\/strong> y cientos de miles de animales a pa\u00edses de fuera de la UE. Adem\u00e1s de la falta de espacio, la falta de suministro y los per\u00edodos de descanso que no se observan, en estos viajes se producen regularmente lesiones graves y consecuencias mortales.<\/p>\n<p>M\u00e1s informaci\u00f3n:<\/p>\n<p><a href=\"https:\/\/www.tierschutzbuero.de\/jetzt-schon-ueber-25-unfaelle-mit-tiertransporten-im-ersten-halbjahr-2019-in-deutschland\/\" target=\"_blank\" rel=\"noopener\">https:\/\/www.tierschutzbuero.de\/jetzt-schon-ueber-25-unfaelle-mit-tiertransporten-im-ersten-halbjahr-2019-in-deutschland\/<\/a><\/p>\n<div id=\"attachment_878697\" class=\"wp-caption aligncenter\"><img loading=\"lazy\" decoding=\"async\" aria-describedby=\"caption-attachment-878697\" class=\"wp-image-878697 size-full\" src=\"https:\/\/www.pressenza.com\/wp-content\/uploads\/2019\/06\/Deutsches-Tierschutzb\u00fcro-Schweine-Lebenttiertransport.png\" alt=\"\" width=\"790\" height=\"255\" srcset=\"https:\/\/www.pressenza.com\/wp-content\/uploads\/2019\/06\/Deutsches-Tierschutzb\u00fcro-Schweine-Lebenttiertransport.png 790w, https:\/\/www.pressenza.com\/wp-content\/uploads\/2019\/06\/Deutsches-Tierschutzb\u00fcro-Schweine-Lebenttiertransport-300x97.png 300w, https:\/\/www.pressenza.com\/wp-content\/uploads\/2019\/06\/Deutsches-Tierschutzb\u00fcro-Schweine-Lebenttiertransport-768x248.png 768w, https:\/\/www.pressenza.com\/wp-content\/uploads\/2019\/06\/Deutsches-Tierschutzb\u00fcro-Schweine-Lebenttiertransport-720x232.png 720w\" sizes=\"auto, (max-width: 790px) 100vw, 790px\" \/><p id=\"caption-attachment-878697\" class=\"wp-caption-text\">Fotos: Deutsches Tierschutzb\u00fcro e.V.<\/p><\/div>\n","protected":false},"excerpt":{"rendered":"<p>Con motivo de las continuas altas temperaturas en Alemania, la Oficina Alemana de Bienestar Animal vuelve a llamar la atenci\u00f3n por el sufrimiento de los animales durante su transporte, especialmente durante los meses de verano. Los meses de verano no&hellip;<\/p>\n","protected":false},"author":1097,"featured_media":878691,"comment_status":"closed","ping_status":"closed","sticky":false,"template":"","format":"standard","meta":{"footnotes":""},"categories":[149,78,66,74],"tags":[51447,19308,60421,60423,1432,60420,46160,60424,60422,9533,4817],"class_list":["post-879436","post","type-post","status-publish","format-standard","has-post-thumbnail","hentry","category-comunicados-de-prensa","category-medio-ambiente-ecologia","category-europa-es","category-politica-es","tag-accidentes","tag-animales","tag-calor","tag-cria-industrial","tag-francia","tag-oficina-alemana-de-bienestar-animal","tag-sufrimiento-animal","tag-transporte-de-animales","tag-transporte-de-animales-vivos","tag-ue-es","tag-union-europea"],"yoast_head":"<!-- This site is optimized with the Yoast SEO plugin v27.1.1 - https:\/\/yoast.com\/product\/yoast-seo-wordpress\/ -->\n<title>Ola de calor: La Oficina Alemana de Bienestar Animal exige la prohibici\u00f3n del transporte de animales; prohibici\u00f3n que ya existe en Francia<\/title>\n<meta name=\"description\" content=\"Con motivo de las continuas altas temperaturas en Alemania, la Oficina Alemana de Bienestar Animal vuelve a llamar la atenci\u00f3n por el sufrimiento de los\" \/>\n<meta name=\"robots\" content=\"index, follow, max-snippet:-1, max-image-preview:large, max-video-preview:-1\" \/>\n<link rel=\"canonical\" href=\"https:\/\/www.pressenza.com\/es\/2019\/06\/ola-de-calor-la-oficina-alemana-de-bienestar-animal-exige-la-prohibicion-del-transporte-de-animales-prohibicion-que-ya-existe-en-francia\/\" \/>\n<meta property=\"og:locale\" content=\"es_ES\" \/>\n<meta property=\"og:type\" content=\"article\" \/>\n<meta property=\"og:title\" content=\"Ola de calor: La Oficina Alemana de Bienestar Animal exige la prohibici\u00f3n del transporte de animales; prohibici\u00f3n que ya existe en Francia\" \/>\n<meta property=\"og:description\" content=\"Con motivo de las continuas altas temperaturas en Alemania, la Oficina Alemana de Bienestar Animal vuelve a llamar la atenci\u00f3n por el sufrimiento de los\" \/>\n<meta property=\"og:url\" content=\"https:\/\/www.pressenza.com\/es\/2019\/06\/ola-de-calor-la-oficina-alemana-de-bienestar-animal-exige-la-prohibicion-del-transporte-de-animales-prohibicion-que-ya-existe-en-francia\/\" \/>\n<meta property=\"og:site_name\" content=\"Pressenza\" \/>\n<meta property=\"article:publisher\" content=\"https:\/\/www.facebook.com\/PressenzaItalia\" \/>\n<meta property=\"article:author\" content=\"https:\/\/www.facebook.com\/Pressenza-Deutschland-sterreich-Schweiz-281675388658060\/timeline\/\" \/>\n<meta property=\"article:published_time\" content=\"2019-06-30T22:09:00+00:00\" \/>\n<meta property=\"article:modified_time\" content=\"2023-11-05T22:03:18+00:00\" \/>\n<meta property=\"og:image\" content=\"https:\/\/www.pressenza.com\/wp-content\/uploads\/2019\/06\/Deutsches-Tierschutzb\u00fcro-Schweine-im-Lebenttiertransport_2.jpg\" \/>\n\t<meta property=\"og:image:width\" content=\"1600\" \/>\n\t<meta property=\"og:image:height\" content=\"1200\" \/>\n\t<meta property=\"og:image:type\" content=\"image\/jpeg\" \/>\n<meta name=\"author\" content=\"Pressenza Muenchen\" \/>\n<meta name=\"twitter:card\" content=\"summary_large_image\" \/>\n<meta name=\"twitter:creator\" content=\"@pressenza_ger\" \/>\n<meta name=\"twitter:site\" content=\"@PressenzaIPA\" \/>\n<meta name=\"twitter:label1\" content=\"Escrito por\" \/>\n\t<meta name=\"twitter:data1\" content=\"Pressenza Muenchen\" \/>\n\t<meta name=\"twitter:label2\" content=\"Tiempo de lectura\" \/>\n\t<meta name=\"twitter:data2\" content=\"4 minutos\" \/>\n<script type=\"application\/ld+json\" class=\"yoast-schema-graph\">{\"@context\":\"https:\/\/schema.org\",\"@graph\":[{\"@type\":\"Article\",\"@id\":\"https:\/\/www.pressenza.com\/es\/2019\/06\/ola-de-calor-la-oficina-alemana-de-bienestar-animal-exige-la-prohibicion-del-transporte-de-animales-prohibicion-que-ya-existe-en-francia\/#article\",\"isPartOf\":{\"@id\":\"https:\/\/www.pressenza.com\/es\/2019\/06\/ola-de-calor-la-oficina-alemana-de-bienestar-animal-exige-la-prohibicion-del-transporte-de-animales-prohibicion-que-ya-existe-en-francia\/\"},\"author\":{\"name\":\"Pressenza Muenchen\",\"@id\":\"https:\/\/www.pressenza.com\/es\/#\/schema\/person\/0069724cfb2cb9785368a167d0d900b7\"},\"headline\":\"Ola de calor: La Oficina Alemana de Bienestar Animal exige la prohibici\u00f3n del transporte de animales; prohibici\u00f3n que ya existe en Francia\",\"datePublished\":\"2019-06-30T22:09:00+00:00\",\"dateModified\":\"2023-11-05T22:03:18+00:00\",\"mainEntityOfPage\":{\"@id\":\"https:\/\/www.pressenza.com\/es\/2019\/06\/ola-de-calor-la-oficina-alemana-de-bienestar-animal-exige-la-prohibicion-del-transporte-de-animales-prohibicion-que-ya-existe-en-francia\/\"},\"wordCount\":683,\"publisher\":{\"@id\":\"https:\/\/www.pressenza.com\/es\/#organization\"},\"image\":{\"@id\":\"https:\/\/www.pressenza.com\/es\/2019\/06\/ola-de-calor-la-oficina-alemana-de-bienestar-animal-exige-la-prohibicion-del-transporte-de-animales-prohibicion-que-ya-existe-en-francia\/#primaryimage\"},\"thumbnailUrl\":\"https:\/\/www.pressenza.com\/wp-content\/uploads\/2019\/06\/Deutsches-Tierschutzb\u00fcro-Schweine-im-Lebenttiertransport_2.jpg\",\"keywords\":[\"Accidentes\",\"animales\",\"calor\",\"cr\u00eda industrial\",\"Francia\",\"Oficina alemana de bienestar animal\",\"sufrimiento animal\",\"transporte de animales\",\"transporte de animales vivos\",\"UE\",\"Uni\u00f3n Europea\"],\"articleSection\":[\"Comunicados de Prensa\",\"Ecolog\u00eda y Medio Ambiente\",\"Europa\",\"Pol\u00edtica\"],\"inLanguage\":\"es\"},{\"@type\":\"WebPage\",\"@id\":\"https:\/\/www.pressenza.com\/es\/2019\/06\/ola-de-calor-la-oficina-alemana-de-bienestar-animal-exige-la-prohibicion-del-transporte-de-animales-prohibicion-que-ya-existe-en-francia\/\",\"url\":\"https:\/\/www.pressenza.com\/es\/2019\/06\/ola-de-calor-la-oficina-alemana-de-bienestar-animal-exige-la-prohibicion-del-transporte-de-animales-prohibicion-que-ya-existe-en-francia\/\",\"name\":\"Ola de calor: La Oficina Alemana de Bienestar Animal exige la prohibici\u00f3n del transporte de animales; prohibici\u00f3n que ya existe en Francia\",\"isPartOf\":{\"@id\":\"https:\/\/www.pressenza.com\/es\/#website\"},\"primaryImageOfPage\":{\"@id\":\"https:\/\/www.pressenza.com\/es\/2019\/06\/ola-de-calor-la-oficina-alemana-de-bienestar-animal-exige-la-prohibicion-del-transporte-de-animales-prohibicion-que-ya-existe-en-francia\/#primaryimage\"},\"image\":{\"@id\":\"https:\/\/www.pressenza.com\/es\/2019\/06\/ola-de-calor-la-oficina-alemana-de-bienestar-animal-exige-la-prohibicion-del-transporte-de-animales-prohibicion-que-ya-existe-en-francia\/#primaryimage\"},\"thumbnailUrl\":\"https:\/\/www.pressenza.com\/wp-content\/uploads\/2019\/06\/Deutsches-Tierschutzb\u00fcro-Schweine-im-Lebenttiertransport_2.jpg\",\"datePublished\":\"2019-06-30T22:09:00+00:00\",\"dateModified\":\"2023-11-05T22:03:18+00:00\",\"description\":\"Con motivo de las continuas altas temperaturas en Alemania, la Oficina Alemana de Bienestar Animal vuelve a llamar la atenci\u00f3n por el sufrimiento de los\",\"breadcrumb\":{\"@id\":\"https:\/\/www.pressenza.com\/es\/2019\/06\/ola-de-calor-la-oficina-alemana-de-bienestar-animal-exige-la-prohibicion-del-transporte-de-animales-prohibicion-que-ya-existe-en-francia\/#breadcrumb\"},\"inLanguage\":\"es\",\"potentialAction\":[{\"@type\":\"ReadAction\",\"target\":[\"https:\/\/www.pressenza.com\/es\/2019\/06\/ola-de-calor-la-oficina-alemana-de-bienestar-animal-exige-la-prohibicion-del-transporte-de-animales-prohibicion-que-ya-existe-en-francia\/\"]}]},{\"@type\":\"ImageObject\",\"inLanguage\":\"es\",\"@id\":\"https:\/\/www.pressenza.com\/es\/2019\/06\/ola-de-calor-la-oficina-alemana-de-bienestar-animal-exige-la-prohibicion-del-transporte-de-animales-prohibicion-que-ya-existe-en-francia\/#primaryimage\",\"url\":\"https:\/\/www.pressenza.com\/wp-content\/uploads\/2019\/06\/Deutsches-Tierschutzb\u00fcro-Schweine-im-Lebenttiertransport_2.jpg\",\"contentUrl\":\"https:\/\/www.pressenza.com\/wp-content\/uploads\/2019\/06\/Deutsches-Tierschutzb\u00fcro-Schweine-im-Lebenttiertransport_2.jpg\",\"width\":1600,\"height\":1200,\"caption\":\"Tiertransport trotz Hitzewelle: Bereits 30 Unf\u00e4lle von Lebendtiertransporten auf deutschen Strassen, w\u00e4hrend Frankreich Tiertransporte verbietet, m\u00fcssen Tiere in Deutschland weiter leiden.\"},{\"@type\":\"BreadcrumbList\",\"@id\":\"https:\/\/www.pressenza.com\/es\/2019\/06\/ola-de-calor-la-oficina-alemana-de-bienestar-animal-exige-la-prohibicion-del-transporte-de-animales-prohibicion-que-ya-existe-en-francia\/#breadcrumb\",\"itemListElement\":[{\"@type\":\"ListItem\",\"position\":1,\"name\":\"Accueil\",\"item\":\"https:\/\/www.pressenza.com\/es\/\"},{\"@type\":\"ListItem\",\"position\":2,\"name\":\"Ola de calor: La Oficina Alemana de Bienestar Animal exige la prohibici\u00f3n del transporte de animales; prohibici\u00f3n que ya existe en Francia\"}]},{\"@type\":\"WebSite\",\"@id\":\"https:\/\/www.pressenza.com\/es\/#website\",\"url\":\"https:\/\/www.pressenza.com\/es\/\",\"name\":\"Pressenza\",\"description\":\"International Press Agency\",\"publisher\":{\"@id\":\"https:\/\/www.pressenza.com\/es\/#organization\"},\"potentialAction\":[{\"@type\":\"SearchAction\",\"target\":{\"@type\":\"EntryPoint\",\"urlTemplate\":\"https:\/\/www.pressenza.com\/es\/?s={search_term_string}\"},\"query-input\":{\"@type\":\"PropertyValueSpecification\",\"valueRequired\":true,\"valueName\":\"search_term_string\"}}],\"inLanguage\":\"es\"},{\"@type\":\"Organization\",\"@id\":\"https:\/\/www.pressenza.com\/es\/#organization\",\"name\":\"Pressenza\",\"url\":\"https:\/\/www.pressenza.com\/es\/\",\"logo\":{\"@type\":\"ImageObject\",\"inLanguage\":\"es\",\"@id\":\"https:\/\/www.pressenza.com\/es\/#\/schema\/logo\/image\/\",\"url\":\"https:\/\/www.pressenza.com\/wp-content\/uploads\/2022\/10\/pressenza_logo_200x200.jpg\",\"contentUrl\":\"https:\/\/www.pressenza.com\/wp-content\/uploads\/2022\/10\/pressenza_logo_200x200.jpg\",\"width\":200,\"height\":200,\"caption\":\"Pressenza\"},\"image\":{\"@id\":\"https:\/\/www.pressenza.com\/es\/#\/schema\/logo\/image\/\"},\"sameAs\":[\"https:\/\/www.facebook.com\/PressenzaItalia\",\"https:\/\/x.com\/PressenzaIPA\"]},{\"@type\":\"Person\",\"@id\":\"https:\/\/www.pressenza.com\/es\/#\/schema\/person\/0069724cfb2cb9785368a167d0d900b7\",\"name\":\"Pressenza Muenchen\",\"description\":\"News from the Pressenza bureau in Munich, Germany\",\"sameAs\":[\"https:\/\/www.facebook.com\/Pressenza-Deutschland-sterreich-Schweiz-281675388658060\/timeline\/\",\"https:\/\/x.com\/pressenza_ger\"],\"url\":\"https:\/\/www.pressenza.com\/es\/author\/pressenza-muenchen\/\"}]}<\/script>\n<!-- \/ Yoast SEO plugin. -->","yoast_head_json":{"title":"Ola de calor: La Oficina Alemana de Bienestar Animal exige la prohibici\u00f3n del transporte de animales; prohibici\u00f3n que ya existe en Francia","description":"Con motivo de las continuas altas temperaturas en Alemania, la Oficina Alemana de Bienestar Animal vuelve a llamar la atenci\u00f3n por el sufrimiento de los","robots":{"index":"index","follow":"follow","max-snippet":"max-snippet:-1","max-image-preview":"max-image-preview:large","max-video-preview":"max-video-preview:-1"},"canonical":"https:\/\/www.pressenza.com\/es\/2019\/06\/ola-de-calor-la-oficina-alemana-de-bienestar-animal-exige-la-prohibicion-del-transporte-de-animales-prohibicion-que-ya-existe-en-francia\/","og_locale":"es_ES","og_type":"article","og_title":"Ola de calor: La Oficina Alemana de Bienestar Animal exige la prohibici\u00f3n del transporte de animales; prohibici\u00f3n que ya existe en Francia","og_description":"Con motivo de las continuas altas temperaturas en Alemania, la Oficina Alemana de Bienestar Animal vuelve a llamar la atenci\u00f3n por el sufrimiento de los","og_url":"https:\/\/www.pressenza.com\/es\/2019\/06\/ola-de-calor-la-oficina-alemana-de-bienestar-animal-exige-la-prohibicion-del-transporte-de-animales-prohibicion-que-ya-existe-en-francia\/","og_site_name":"Pressenza","article_publisher":"https:\/\/www.facebook.com\/PressenzaItalia","article_author":"https:\/\/www.facebook.com\/Pressenza-Deutschland-sterreich-Schweiz-281675388658060\/timeline\/","article_published_time":"2019-06-30T22:09:00+00:00","article_modified_time":"2023-11-05T22:03:18+00:00","og_image":[{"width":1600,"height":1200,"url":"https:\/\/www.pressenza.com\/wp-content\/uploads\/2019\/06\/Deutsches-Tierschutzb\u00fcro-Schweine-im-Lebenttiertransport_2.jpg","type":"image\/jpeg"}],"author":"Pressenza Muenchen","twitter_card":"summary_large_image","twitter_creator":"@pressenza_ger","twitter_site":"@PressenzaIPA","twitter_misc":{"Escrito por":"Pressenza Muenchen","Tiempo de lectura":"4 minutos"},"schema":{"@context":"https:\/\/schema.org","@graph":[{"@type":"Article","@id":"https:\/\/www.pressenza.com\/es\/2019\/06\/ola-de-calor-la-oficina-alemana-de-bienestar-animal-exige-la-prohibicion-del-transporte-de-animales-prohibicion-que-ya-existe-en-francia\/#article","isPartOf":{"@id":"https:\/\/www.pressenza.com\/es\/2019\/06\/ola-de-calor-la-oficina-alemana-de-bienestar-animal-exige-la-prohibicion-del-transporte-de-animales-prohibicion-que-ya-existe-en-francia\/"},"author":{"name":"Pressenza Muenchen","@id":"https:\/\/www.pressenza.com\/es\/#\/schema\/person\/0069724cfb2cb9785368a167d0d900b7"},"headline":"Ola de calor: La Oficina Alemana de Bienestar Animal exige la prohibici\u00f3n del transporte de animales; prohibici\u00f3n que ya existe en Francia","datePublished":"2019-06-30T22:09:00+00:00","dateModified":"2023-11-05T22:03:18+00:00","mainEntityOfPage":{"@id":"https:\/\/www.pressenza.com\/es\/2019\/06\/ola-de-calor-la-oficina-alemana-de-bienestar-animal-exige-la-prohibicion-del-transporte-de-animales-prohibicion-que-ya-existe-en-francia\/"},"wordCount":683,"publisher":{"@id":"https:\/\/www.pressenza.com\/es\/#organization"},"image":{"@id":"https:\/\/www.pressenza.com\/es\/2019\/06\/ola-de-calor-la-oficina-alemana-de-bienestar-animal-exige-la-prohibicion-del-transporte-de-animales-prohibicion-que-ya-existe-en-francia\/#primaryimage"},"thumbnailUrl":"https:\/\/www.pressenza.com\/wp-content\/uploads\/2019\/06\/Deutsches-Tierschutzb\u00fcro-Schweine-im-Lebenttiertransport_2.jpg","keywords":["Accidentes","animales","calor","cr\u00eda industrial","Francia","Oficina alemana de bienestar animal","sufrimiento animal","transporte de animales","transporte de animales vivos","UE","Uni\u00f3n Europea"],"articleSection":["Comunicados de Prensa","Ecolog\u00eda y Medio Ambiente","Europa","Pol\u00edtica"],"inLanguage":"es"},{"@type":"WebPage","@id":"https:\/\/www.pressenza.com\/es\/2019\/06\/ola-de-calor-la-oficina-alemana-de-bienestar-animal-exige-la-prohibicion-del-transporte-de-animales-prohibicion-que-ya-existe-en-francia\/","url":"https:\/\/www.pressenza.com\/es\/2019\/06\/ola-de-calor-la-oficina-alemana-de-bienestar-animal-exige-la-prohibicion-del-transporte-de-animales-prohibicion-que-ya-existe-en-francia\/","name":"Ola de calor: La Oficina Alemana de Bienestar Animal exige la prohibici\u00f3n del transporte de animales; prohibici\u00f3n que ya existe en Francia","isPartOf":{"@id":"https:\/\/www.pressenza.com\/es\/#website"},"primaryImageOfPage":{"@id":"https:\/\/www.pressenza.com\/es\/2019\/06\/ola-de-calor-la-oficina-alemana-de-bienestar-animal-exige-la-prohibicion-del-transporte-de-animales-prohibicion-que-ya-existe-en-francia\/#primaryimage"},"image":{"@id":"https:\/\/www.pressenza.com\/es\/2019\/06\/ola-de-calor-la-oficina-alemana-de-bienestar-animal-exige-la-prohibicion-del-transporte-de-animales-prohibicion-que-ya-existe-en-francia\/#primaryimage"},"thumbnailUrl":"https:\/\/www.pressenza.com\/wp-content\/uploads\/2019\/06\/Deutsches-Tierschutzb\u00fcro-Schweine-im-Lebenttiertransport_2.jpg","datePublished":"2019-06-30T22:09:00+00:00","dateModified":"2023-11-05T22:03:18+00:00","description":"Con motivo de las continuas altas temperaturas en Alemania, la Oficina Alemana de Bienestar Animal vuelve a llamar la atenci\u00f3n por el sufrimiento de los","breadcrumb":{"@id":"https:\/\/www.pressenza.com\/es\/2019\/06\/ola-de-calor-la-oficina-alemana-de-bienestar-animal-exige-la-prohibicion-del-transporte-de-animales-prohibicion-que-ya-existe-en-francia\/#breadcrumb"},"inLanguage":"es","potentialAction":[{"@type":"ReadAction","target":["https:\/\/www.pressenza.com\/es\/2019\/06\/ola-de-calor-la-oficina-alemana-de-bienestar-animal-exige-la-prohibicion-del-transporte-de-animales-prohibicion-que-ya-existe-en-francia\/"]}]},{"@type":"ImageObject","inLanguage":"es","@id":"https:\/\/www.pressenza.com\/es\/2019\/06\/ola-de-calor-la-oficina-alemana-de-bienestar-animal-exige-la-prohibicion-del-transporte-de-animales-prohibicion-que-ya-existe-en-francia\/#primaryimage","url":"https:\/\/www.pressenza.com\/wp-content\/uploads\/2019\/06\/Deutsches-Tierschutzb\u00fcro-Schweine-im-Lebenttiertransport_2.jpg","contentUrl":"https:\/\/www.pressenza.com\/wp-content\/uploads\/2019\/06\/Deutsches-Tierschutzb\u00fcro-Schweine-im-Lebenttiertransport_2.jpg","width":1600,"height":1200,"caption":"Tiertransport trotz Hitzewelle: Bereits 30 Unf\u00e4lle von Lebendtiertransporten auf deutschen Strassen, w\u00e4hrend Frankreich Tiertransporte verbietet, m\u00fcssen Tiere in Deutschland weiter leiden."},{"@type":"BreadcrumbList","@id":"https:\/\/www.pressenza.com\/es\/2019\/06\/ola-de-calor-la-oficina-alemana-de-bienestar-animal-exige-la-prohibicion-del-transporte-de-animales-prohibicion-que-ya-existe-en-francia\/#breadcrumb","itemListElement":[{"@type":"ListItem","position":1,"name":"Accueil","item":"https:\/\/www.pressenza.com\/es\/"},{"@type":"ListItem","position":2,"name":"Ola de calor: La Oficina Alemana de Bienestar Animal exige la prohibici\u00f3n del transporte de animales; prohibici\u00f3n que ya existe en Francia"}]},{"@type":"WebSite","@id":"https:\/\/www.pressenza.com\/es\/#website","url":"https:\/\/www.pressenza.com\/es\/","name":"Pressenza","description":"International Press Agency","publisher":{"@id":"https:\/\/www.pressenza.com\/es\/#organization"},"potentialAction":[{"@type":"SearchAction","target":{"@type":"EntryPoint","urlTemplate":"https:\/\/www.pressenza.com\/es\/?s={search_term_string}"},"query-input":{"@type":"PropertyValueSpecification","valueRequired":true,"valueName":"search_term_string"}}],"inLanguage":"es"},{"@type":"Organization","@id":"https:\/\/www.pressenza.com\/es\/#organization","name":"Pressenza","url":"https:\/\/www.pressenza.com\/es\/","logo":{"@type":"ImageObject","inLanguage":"es","@id":"https:\/\/www.pressenza.com\/es\/#\/schema\/logo\/image\/","url":"https:\/\/www.pressenza.com\/wp-content\/uploads\/2022\/10\/pressenza_logo_200x200.jpg","contentUrl":"https:\/\/www.pressenza.com\/wp-content\/uploads\/2022\/10\/pressenza_logo_200x200.jpg","width":200,"height":200,"caption":"Pressenza"},"image":{"@id":"https:\/\/www.pressenza.com\/es\/#\/schema\/logo\/image\/"},"sameAs":["https:\/\/www.facebook.com\/PressenzaItalia","https:\/\/x.com\/PressenzaIPA"]},{"@type":"Person","@id":"https:\/\/www.pressenza.com\/es\/#\/schema\/person\/0069724cfb2cb9785368a167d0d900b7","name":"Pressenza Muenchen","description":"News from the Pressenza bureau in Munich, Germany","sameAs":["https:\/\/www.facebook.com\/Pressenza-Deutschland-sterreich-Schweiz-281675388658060\/timeline\/","https:\/\/x.com\/pressenza_ger"],"url":"https:\/\/www.pressenza.com\/es\/author\/pressenza-muenchen\/"}]}},"place":"","original_article_url":"","_links":{"self":[{"href":"https:\/\/www.pressenza.com\/es\/wp-json\/wp\/v2\/posts\/879436","targetHints":{"allow":["GET"]}}],"collection":[{"href":"https:\/\/www.pressenza.com\/es\/wp-json\/wp\/v2\/posts"}],"about":[{"href":"https:\/\/www.pressenza.com\/es\/wp-json\/wp\/v2\/types\/post"}],"author":[{"embeddable":true,"href":"https:\/\/www.pressenza.com\/es\/wp-json\/wp\/v2\/users\/1097"}],"replies":[{"embeddable":true,"href":"https:\/\/www.pressenza.com\/es\/wp-json\/wp\/v2\/comments?post=879436"}],"version-history":[{"count":0,"href":"https:\/\/www.pressenza.com\/es\/wp-json\/wp\/v2\/posts\/879436\/revisions"}],"wp:featuredmedia":[{"embeddable":true,"href":"https:\/\/www.pressenza.com\/es\/wp-json\/wp\/v2\/media\/878691"}],"wp:attachment":[{"href":"https:\/\/www.pressenza.com\/es\/wp-json\/wp\/v2\/media?parent=879436"}],"wp:term":[{"taxonomy":"category","embeddable":true,"href":"https:\/\/www.pressenza.com\/es\/wp-json\/wp\/v2\/categories?post=879436"},{"taxonomy":"post_tag","embeddable":true,"href":"https:\/\/www.pressenza.com\/es\/wp-json\/wp\/v2\/tags?post=879436"}],"curies":[{"name":"wp","href":"https:\/\/api.w.org\/{rel}","templated":true}]}}