{"id":87922,"date":"2014-02-04T18:27:03","date_gmt":"2014-02-04T18:27:03","guid":{"rendered":"http:\/\/www.pressenza.com\/?p=87922"},"modified":"2014-02-04T18:27:03","modified_gmt":"2014-02-04T18:27:03","slug":"el-desempleo-vuelve-crecer-en-espana","status":"publish","type":"post","link":"https:\/\/www.pressenza.com\/es\/2014\/02\/el-desempleo-vuelve-crecer-en-espana\/","title":{"rendered":"El desempleo vuelve a crecer en Espa\u00f1a"},"content":{"rendered":"<div>\n<div>\n<p>El n\u00famero de personas sin trabajo volvi\u00f3 a crecer en Espa\u00f1a en el mes de enero y el empleo cay\u00f3 a su nivel m\u00e1s bajo en los \u00faltimos 12 a\u00f1os, seg\u00fan los datos publicados hoy por el Ministerio de Empleo espa\u00f1ol.<\/p>\n<p>El primer mes del a\u00f1o, tradicionalmente malo para la b\u00fasqueda de trabajo tras la campa\u00f1a de Navidad, se cerr\u00f3 con 113.000 desempleados m\u00e1s que en diciembre. El n\u00famero total de personas sin trabajo asciende a 4,8 millones, seg\u00fan estos datos. El n\u00famero de afiliados al sistema de la seguridad social cay\u00f3 un 1,13 por ciento en enero (184.000 personas menos) y, en total, los adscritos son 16,1 millones, el nivel m\u00e1s bajo desde 2002.<\/p>\n<p>El gobierno de Mariano Rajoy conserv\u00f3 su discurso optimista y afirm\u00f3 tambi\u00e9n que el dato de desempleo es \u00absignificativamente mejor\u00bb porque \u00e9ste creci\u00f3 menos que la media de los \u00faltimos cinco a\u00f1os, lo que confirma una \u00abtendencia favorable\u00bb. El ministro espa\u00f1ol de Econom\u00eda, Luis de Guindos, vaticin\u00f3 hace unos d\u00edas en Bruselas que por primera vez desde el inicio de la crisis se crear\u00e1 empleo neto en Espa\u00f1a en 2014. (04.02.2012)<\/p>\n<\/div>\n<\/div>\n","protected":false},"excerpt":{"rendered":"<p>El n\u00famero de personas sin trabajo volvi\u00f3 a crecer en Espa\u00f1a en el mes de enero y el empleo cay\u00f3 a su nivel m\u00e1s bajo en los \u00faltimos 12 a\u00f1os, seg\u00fan los datos publicados hoy por el Ministerio de Empleo&hellip;<\/p>\n","protected":false},"author":993,"featured_media":0,"comment_status":"closed","ping_status":"open","sticky":false,"template":"","format":"standard","meta":{"footnotes":""},"categories":[81,66],"tags":[3361],"class_list":["post-87922","post","type-post","status-publish","format-standard","hentry","category-economia-es","category-europa-es","tag-desempleo"],"yoast_head":"<!-- This site is optimized with the Yoast SEO plugin v27.1.1 - https:\/\/yoast.com\/product\/yoast-seo-wordpress\/ -->\n<title>El desempleo vuelve a crecer en Espa\u00f1a<\/title>\n<meta name=\"description\" content=\"El n\u00famero de personas sin trabajo volvi\u00f3 a crecer en Espa\u00f1a en el mes de enero y el empleo cay\u00f3 a su nivel m\u00e1s bajo en los \u00faltimos 12 a\u00f1os, seg\u00fan los\" \/>\n<meta name=\"robots\" content=\"index, follow, max-snippet:-1, max-image-preview:large, max-video-preview:-1\" \/>\n<link rel=\"canonical\" href=\"https:\/\/www.pressenza.com\/es\/2014\/02\/el-desempleo-vuelve-crecer-en-espana\/\" \/>\n<meta property=\"og:locale\" content=\"es_ES\" \/>\n<meta property=\"og:type\" content=\"article\" \/>\n<meta property=\"og:title\" content=\"El desempleo vuelve a crecer en Espa\u00f1a\" \/>\n<meta property=\"og:description\" content=\"El n\u00famero de personas sin trabajo volvi\u00f3 a crecer en Espa\u00f1a en el mes de enero y el empleo cay\u00f3 a su nivel m\u00e1s bajo en los \u00faltimos 12 a\u00f1os, seg\u00fan los\" \/>\n<meta property=\"og:url\" content=\"https:\/\/www.pressenza.com\/es\/2014\/02\/el-desempleo-vuelve-crecer-en-espana\/\" \/>\n<meta property=\"og:site_name\" content=\"Pressenza\" \/>\n<meta property=\"article:publisher\" content=\"https:\/\/www.facebook.com\/PressenzaItalia\" \/>\n<meta property=\"article:published_time\" content=\"2014-02-04T18:27:03+00:00\" \/>\n<meta name=\"author\" content=\"Deutsche Welle\" \/>\n<meta name=\"twitter:card\" content=\"summary_large_image\" \/>\n<meta name=\"twitter:creator\" content=\"@PressenzaIPA\" \/>\n<meta name=\"twitter:site\" content=\"@PressenzaIPA\" \/>\n<meta name=\"twitter:label1\" content=\"Escrito por\" \/>\n\t<meta name=\"twitter:data1\" content=\"Deutsche Welle\" \/>\n\t<meta name=\"twitter:label2\" content=\"Tiempo de lectura\" \/>\n\t<meta name=\"twitter:data2\" content=\"1 minuto\" \/>\n<script type=\"application\/ld+json\" class=\"yoast-schema-graph\">{\"@context\":\"https:\/\/schema.org\",\"@graph\":[{\"@type\":\"Article\",\"@id\":\"https:\/\/www.pressenza.com\/es\/2014\/02\/el-desempleo-vuelve-crecer-en-espana\/#article\",\"isPartOf\":{\"@id\":\"https:\/\/www.pressenza.com\/es\/2014\/02\/el-desempleo-vuelve-crecer-en-espana\/\"},\"author\":{\"name\":\"Deutsche Welle\",\"@id\":\"https:\/\/www.pressenza.com\/es\/#\/schema\/person\/b7c775911f2c9a1b8c7225b94e2e9f37\"},\"headline\":\"El desempleo vuelve a crecer en Espa\u00f1a\",\"datePublished\":\"2014-02-04T18:27:03+00:00\",\"mainEntityOfPage\":{\"@id\":\"https:\/\/www.pressenza.com\/es\/2014\/02\/el-desempleo-vuelve-crecer-en-espana\/\"},\"wordCount\":205,\"publisher\":{\"@id\":\"https:\/\/www.pressenza.com\/es\/#organization\"},\"keywords\":[\"desempleo\"],\"articleSection\":[\"Econom\u00eda\",\"Europa\"],\"inLanguage\":\"es\"},{\"@type\":\"WebPage\",\"@id\":\"https:\/\/www.pressenza.com\/es\/2014\/02\/el-desempleo-vuelve-crecer-en-espana\/\",\"url\":\"https:\/\/www.pressenza.com\/es\/2014\/02\/el-desempleo-vuelve-crecer-en-espana\/\",\"name\":\"El desempleo vuelve a crecer en Espa\u00f1a\",\"isPartOf\":{\"@id\":\"https:\/\/www.pressenza.com\/es\/#website\"},\"datePublished\":\"2014-02-04T18:27:03+00:00\",\"description\":\"El n\u00famero de personas sin trabajo volvi\u00f3 a crecer en Espa\u00f1a en el mes de enero y el empleo cay\u00f3 a su nivel m\u00e1s bajo en los \u00faltimos 12 a\u00f1os, seg\u00fan los\",\"breadcrumb\":{\"@id\":\"https:\/\/www.pressenza.com\/es\/2014\/02\/el-desempleo-vuelve-crecer-en-espana\/#breadcrumb\"},\"inLanguage\":\"es\",\"potentialAction\":[{\"@type\":\"ReadAction\",\"target\":[\"https:\/\/www.pressenza.com\/es\/2014\/02\/el-desempleo-vuelve-crecer-en-espana\/\"]}]},{\"@type\":\"BreadcrumbList\",\"@id\":\"https:\/\/www.pressenza.com\/es\/2014\/02\/el-desempleo-vuelve-crecer-en-espana\/#breadcrumb\",\"itemListElement\":[{\"@type\":\"ListItem\",\"position\":1,\"name\":\"Accueil\",\"item\":\"https:\/\/www.pressenza.com\/es\/\"},{\"@type\":\"ListItem\",\"position\":2,\"name\":\"El desempleo vuelve a crecer en Espa\u00f1a\"}]},{\"@type\":\"WebSite\",\"@id\":\"https:\/\/www.pressenza.com\/es\/#website\",\"url\":\"https:\/\/www.pressenza.com\/es\/\",\"name\":\"Pressenza\",\"description\":\"International Press Agency\",\"publisher\":{\"@id\":\"https:\/\/www.pressenza.com\/es\/#organization\"},\"potentialAction\":[{\"@type\":\"SearchAction\",\"target\":{\"@type\":\"EntryPoint\",\"urlTemplate\":\"https:\/\/www.pressenza.com\/es\/?s={search_term_string}\"},\"query-input\":{\"@type\":\"PropertyValueSpecification\",\"valueRequired\":true,\"valueName\":\"search_term_string\"}}],\"inLanguage\":\"es\"},{\"@type\":\"Organization\",\"@id\":\"https:\/\/www.pressenza.com\/es\/#organization\",\"name\":\"Pressenza\",\"url\":\"https:\/\/www.pressenza.com\/es\/\",\"logo\":{\"@type\":\"ImageObject\",\"inLanguage\":\"es\",\"@id\":\"https:\/\/www.pressenza.com\/es\/#\/schema\/logo\/image\/\",\"url\":\"https:\/\/www.pressenza.com\/wp-content\/uploads\/2022\/10\/pressenza_logo_200x200.jpg\",\"contentUrl\":\"https:\/\/www.pressenza.com\/wp-content\/uploads\/2022\/10\/pressenza_logo_200x200.jpg\",\"width\":200,\"height\":200,\"caption\":\"Pressenza\"},\"image\":{\"@id\":\"https:\/\/www.pressenza.com\/es\/#\/schema\/logo\/image\/\"},\"sameAs\":[\"https:\/\/www.facebook.com\/PressenzaItalia\",\"https:\/\/x.com\/PressenzaIPA\"]},{\"@type\":\"Person\",\"@id\":\"https:\/\/www.pressenza.com\/es\/#\/schema\/person\/b7c775911f2c9a1b8c7225b94e2e9f37\",\"name\":\"Deutsche Welle\",\"description\":\"Articles and photographs by Deutsche Welle on Pressenza do not fall under the Creative Commons licence and are not reproducible in any way. www.dw.com\",\"sameAs\":[\"http:\/\/www.dw.com\"],\"url\":\"https:\/\/www.pressenza.com\/es\/author\/deutsche-welle\/\"}]}<\/script>\n<!-- \/ Yoast SEO plugin. -->","yoast_head_json":{"title":"El desempleo vuelve a crecer en Espa\u00f1a","description":"El n\u00famero de personas sin trabajo volvi\u00f3 a crecer en Espa\u00f1a en el mes de enero y el empleo cay\u00f3 a su nivel m\u00e1s bajo en los \u00faltimos 12 a\u00f1os, seg\u00fan los","robots":{"index":"index","follow":"follow","max-snippet":"max-snippet:-1","max-image-preview":"max-image-preview:large","max-video-preview":"max-video-preview:-1"},"canonical":"https:\/\/www.pressenza.com\/es\/2014\/02\/el-desempleo-vuelve-crecer-en-espana\/","og_locale":"es_ES","og_type":"article","og_title":"El desempleo vuelve a crecer en Espa\u00f1a","og_description":"El n\u00famero de personas sin trabajo volvi\u00f3 a crecer en Espa\u00f1a en el mes de enero y el empleo cay\u00f3 a su nivel m\u00e1s bajo en los \u00faltimos 12 a\u00f1os, seg\u00fan los","og_url":"https:\/\/www.pressenza.com\/es\/2014\/02\/el-desempleo-vuelve-crecer-en-espana\/","og_site_name":"Pressenza","article_publisher":"https:\/\/www.facebook.com\/PressenzaItalia","article_published_time":"2014-02-04T18:27:03+00:00","author":"Deutsche Welle","twitter_card":"summary_large_image","twitter_creator":"@PressenzaIPA","twitter_site":"@PressenzaIPA","twitter_misc":{"Escrito por":"Deutsche Welle","Tiempo de lectura":"1 minuto"},"schema":{"@context":"https:\/\/schema.org","@graph":[{"@type":"Article","@id":"https:\/\/www.pressenza.com\/es\/2014\/02\/el-desempleo-vuelve-crecer-en-espana\/#article","isPartOf":{"@id":"https:\/\/www.pressenza.com\/es\/2014\/02\/el-desempleo-vuelve-crecer-en-espana\/"},"author":{"name":"Deutsche Welle","@id":"https:\/\/www.pressenza.com\/es\/#\/schema\/person\/b7c775911f2c9a1b8c7225b94e2e9f37"},"headline":"El desempleo vuelve a crecer en Espa\u00f1a","datePublished":"2014-02-04T18:27:03+00:00","mainEntityOfPage":{"@id":"https:\/\/www.pressenza.com\/es\/2014\/02\/el-desempleo-vuelve-crecer-en-espana\/"},"wordCount":205,"publisher":{"@id":"https:\/\/www.pressenza.com\/es\/#organization"},"keywords":["desempleo"],"articleSection":["Econom\u00eda","Europa"],"inLanguage":"es"},{"@type":"WebPage","@id":"https:\/\/www.pressenza.com\/es\/2014\/02\/el-desempleo-vuelve-crecer-en-espana\/","url":"https:\/\/www.pressenza.com\/es\/2014\/02\/el-desempleo-vuelve-crecer-en-espana\/","name":"El desempleo vuelve a crecer en Espa\u00f1a","isPartOf":{"@id":"https:\/\/www.pressenza.com\/es\/#website"},"datePublished":"2014-02-04T18:27:03+00:00","description":"El n\u00famero de personas sin trabajo volvi\u00f3 a crecer en Espa\u00f1a en el mes de enero y el empleo cay\u00f3 a su nivel m\u00e1s bajo en los \u00faltimos 12 a\u00f1os, seg\u00fan los","breadcrumb":{"@id":"https:\/\/www.pressenza.com\/es\/2014\/02\/el-desempleo-vuelve-crecer-en-espana\/#breadcrumb"},"inLanguage":"es","potentialAction":[{"@type":"ReadAction","target":["https:\/\/www.pressenza.com\/es\/2014\/02\/el-desempleo-vuelve-crecer-en-espana\/"]}]},{"@type":"BreadcrumbList","@id":"https:\/\/www.pressenza.com\/es\/2014\/02\/el-desempleo-vuelve-crecer-en-espana\/#breadcrumb","itemListElement":[{"@type":"ListItem","position":1,"name":"Accueil","item":"https:\/\/www.pressenza.com\/es\/"},{"@type":"ListItem","position":2,"name":"El desempleo vuelve a crecer en Espa\u00f1a"}]},{"@type":"WebSite","@id":"https:\/\/www.pressenza.com\/es\/#website","url":"https:\/\/www.pressenza.com\/es\/","name":"Pressenza","description":"International Press Agency","publisher":{"@id":"https:\/\/www.pressenza.com\/es\/#organization"},"potentialAction":[{"@type":"SearchAction","target":{"@type":"EntryPoint","urlTemplate":"https:\/\/www.pressenza.com\/es\/?s={search_term_string}"},"query-input":{"@type":"PropertyValueSpecification","valueRequired":true,"valueName":"search_term_string"}}],"inLanguage":"es"},{"@type":"Organization","@id":"https:\/\/www.pressenza.com\/es\/#organization","name":"Pressenza","url":"https:\/\/www.pressenza.com\/es\/","logo":{"@type":"ImageObject","inLanguage":"es","@id":"https:\/\/www.pressenza.com\/es\/#\/schema\/logo\/image\/","url":"https:\/\/www.pressenza.com\/wp-content\/uploads\/2022\/10\/pressenza_logo_200x200.jpg","contentUrl":"https:\/\/www.pressenza.com\/wp-content\/uploads\/2022\/10\/pressenza_logo_200x200.jpg","width":200,"height":200,"caption":"Pressenza"},"image":{"@id":"https:\/\/www.pressenza.com\/es\/#\/schema\/logo\/image\/"},"sameAs":["https:\/\/www.facebook.com\/PressenzaItalia","https:\/\/x.com\/PressenzaIPA"]},{"@type":"Person","@id":"https:\/\/www.pressenza.com\/es\/#\/schema\/person\/b7c775911f2c9a1b8c7225b94e2e9f37","name":"Deutsche Welle","description":"Articles and photographs by Deutsche Welle on Pressenza do not fall under the Creative Commons licence and are not reproducible in any way. www.dw.com","sameAs":["http:\/\/www.dw.com"],"url":"https:\/\/www.pressenza.com\/es\/author\/deutsche-welle\/"}]}},"place":"Madrid","original_article_url":"","_links":{"self":[{"href":"https:\/\/www.pressenza.com\/es\/wp-json\/wp\/v2\/posts\/87922","targetHints":{"allow":["GET"]}}],"collection":[{"href":"https:\/\/www.pressenza.com\/es\/wp-json\/wp\/v2\/posts"}],"about":[{"href":"https:\/\/www.pressenza.com\/es\/wp-json\/wp\/v2\/types\/post"}],"author":[{"embeddable":true,"href":"https:\/\/www.pressenza.com\/es\/wp-json\/wp\/v2\/users\/993"}],"replies":[{"embeddable":true,"href":"https:\/\/www.pressenza.com\/es\/wp-json\/wp\/v2\/comments?post=87922"}],"version-history":[{"count":0,"href":"https:\/\/www.pressenza.com\/es\/wp-json\/wp\/v2\/posts\/87922\/revisions"}],"wp:attachment":[{"href":"https:\/\/www.pressenza.com\/es\/wp-json\/wp\/v2\/media?parent=87922"}],"wp:term":[{"taxonomy":"category","embeddable":true,"href":"https:\/\/www.pressenza.com\/es\/wp-json\/wp\/v2\/categories?post=87922"},{"taxonomy":"post_tag","embeddable":true,"href":"https:\/\/www.pressenza.com\/es\/wp-json\/wp\/v2\/tags?post=87922"}],"curies":[{"name":"wp","href":"https:\/\/api.w.org\/{rel}","templated":true}]}}