{"id":878774,"date":"2019-06-30T00:48:09","date_gmt":"2019-06-29T23:48:09","guid":{"rendered":"https:\/\/www.pressenza.com\/?p=878774"},"modified":"2019-06-30T00:48:09","modified_gmt":"2019-06-29T23:48:09","slug":"chile-no-es-una-empresa-donde-ella-es-la-gerente-esto-no-funciona-asi-mario-aguilar-respecto-de-la-ministra-de-educacion","status":"publish","type":"post","link":"https:\/\/www.pressenza.com\/es\/2019\/06\/chile-no-es-una-empresa-donde-ella-es-la-gerente-esto-no-funciona-asi-mario-aguilar-respecto-de-la-ministra-de-educacion\/","title":{"rendered":"\u201cChile no es una empresa donde ella es la gerente, esto no funciona as\u00ed\u201c: Mario Aguilar respecto de la Ministra de Educaci\u00f3n"},"content":{"rendered":"<p>Cuando est\u00e1 por comenzar la quinta semana de paro nacional de profesores y ha concluido la primera ronda de negociaciones entre ellos y el Ministerio de Educaci\u00f3n, la ministra Marcela Cubillos hizo un llamado a los docentes inst\u00e1ndolos a deponer el paro. Mario Aguilar, Presidente del Colegio de Profesores, rechaz\u00f3 de inmediato no solo las declaraciones sino tambi\u00e9n el tono de la personera de gobierno,\u00a0 exhort\u00e1ndola a no faltarle m\u00e1s el respeto a los maestros.<\/p>\n<p>Se\u00f1al\u00f3 que las palabras de la ministra son \u00abcuriosas\u00bb y que \u00absi bien le conocemos su estilo autoritario, su estilo duro, el que ella pretenda darnos ordenes de terminar el paro, yo creo que es muy irritante y de ninguna manera contribuye. No somos sus empleados, ella no viene a darnos ordenes\u00bb, enfatiz\u00f3 Aguilar, en un momento en el que se est\u00e1 en plenas negociaciones entre los docentes y el ministerio, sin que a\u00fan se haya llegado a acuerdos y cuando corresponde que los profesores decidan si contin\u00faan o no con sus movilizaciones.<\/p>\n<p>\u201cNosotros tenemos una consulta el pr\u00f3ximo lunes, donde se va a fijar la postura del conjunto de los profesores y profesoras sobre la respuesta que el ministerio nos dio y ella tiene que respetar aquello\u201d, sostiene el referente. \u201cChile no es una empresa donde ella es la gerente, esto no funciona as\u00ed\u201c, enfatiza.<\/p>\n<p>\u00abLa opci\u00f3n de que mis colegas decidan no terminar el paro es totalmente factible y est\u00e1 dentro de las opciones de nuestro voto este lunes. Est\u00e1 totalmente fuera de lugar la manera en que la ministra se ha planteado en su declaraci\u00f3n\u201c, sostuvo Aguilar. \u201cYo la llamar\u00eda a que tuviera cuidado y respeto en la forma en c\u00f3mo trata a los profesores. Porque precisamente por esa falta de respeto es que se ha levantado este movimiento, y si ella quiere que termine y quiere resolver este conflicto, tendr\u00eda que partir por tratarnos con el respeto que merecemos los profesores y profesoras\u201c, pide el dirigente.<\/p>\n<p>&nbsp;<\/p>\n<p>&nbsp;<\/p>\n","protected":false},"excerpt":{"rendered":"<p>Cuando est\u00e1 por comenzar la quinta semana de paro nacional de profesores y ha concluido la primera ronda de negociaciones entre ellos y el Ministerio de Educaci\u00f3n, la ministra Marcela Cubillos hizo un llamado a los docentes inst\u00e1ndolos a deponer&hellip;<\/p>\n","protected":false},"author":43,"featured_media":878778,"comment_status":"closed","ping_status":"closed","sticky":false,"template":"","format":"standard","meta":{"footnotes":""},"categories":[11389,1230,67],"tags":[29,7784,60319,8647,59934],"class_list":["post-878774","post","type-post","status-publish","format-standard","has-post-thumbnail","hentry","category-contenido-original","category-educacion-tema","category-sudamerica","tag-chile","tag-mario-aguilar","tag-ministra-de-educacion-marcela-cubillos","tag-negociaciones","tag-paro-de-profesores"],"yoast_head":"<!-- This site is optimized with the Yoast SEO plugin v27.1.1 - https:\/\/yoast.com\/product\/yoast-seo-wordpress\/ -->\n<title>\u201cChile no es una empresa donde ella es la gerente, esto no funciona as\u00ed\u201c: Mario Aguilar respecto de la Ministra de Educaci\u00f3n<\/title>\n<meta name=\"description\" content=\"Mario Aguilar, Marcela Cubillos, Colegio de Profesores de Chile, paro nacional\" \/>\n<meta name=\"robots\" content=\"index, follow, max-snippet:-1, max-image-preview:large, max-video-preview:-1\" \/>\n<link rel=\"canonical\" href=\"https:\/\/www.pressenza.com\/es\/2019\/06\/chile-no-es-una-empresa-donde-ella-es-la-gerente-esto-no-funciona-asi-mario-aguilar-respecto-de-la-ministra-de-educacion\/\" \/>\n<meta property=\"og:locale\" content=\"es_ES\" \/>\n<meta property=\"og:type\" content=\"article\" \/>\n<meta property=\"og:title\" content=\"\u201cChile no es una empresa donde ella es la gerente, esto no funciona as\u00ed\u201c: Mario Aguilar respecto de la Ministra de Educaci\u00f3n\" \/>\n<meta property=\"og:description\" content=\"Mario Aguilar, Marcela Cubillos, Colegio de Profesores de Chile, paro nacional\" \/>\n<meta property=\"og:url\" content=\"https:\/\/www.pressenza.com\/es\/2019\/06\/chile-no-es-una-empresa-donde-ella-es-la-gerente-esto-no-funciona-asi-mario-aguilar-respecto-de-la-ministra-de-educacion\/\" \/>\n<meta property=\"og:site_name\" content=\"Pressenza\" \/>\n<meta property=\"article:publisher\" content=\"https:\/\/www.facebook.com\/PressenzaItalia\" \/>\n<meta property=\"article:author\" content=\"https:\/\/www.facebook.com\/pressenza\" \/>\n<meta property=\"article:published_time\" content=\"2019-06-29T23:48:09+00:00\" \/>\n<meta property=\"og:image\" content=\"https:\/\/www.pressenza.com\/wp-content\/uploads\/2019\/06\/IMG_20190626_200222.jpg\" \/>\n\t<meta property=\"og:image:width\" content=\"2048\" \/>\n\t<meta property=\"og:image:height\" content=\"1536\" \/>\n\t<meta property=\"og:image:type\" content=\"image\/jpeg\" \/>\n<meta name=\"author\" content=\"Redacci\u00f3n Chile\" \/>\n<meta name=\"twitter:card\" content=\"summary_large_image\" \/>\n<meta name=\"twitter:creator\" content=\"@pressenza\" \/>\n<meta name=\"twitter:site\" content=\"@PressenzaIPA\" \/>\n<meta name=\"twitter:label1\" content=\"Escrito por\" \/>\n\t<meta name=\"twitter:data1\" content=\"Redacci\u00f3n Chile\" \/>\n\t<meta name=\"twitter:label2\" content=\"Tiempo de lectura\" \/>\n\t<meta name=\"twitter:data2\" content=\"2 minutos\" \/>\n<script type=\"application\/ld+json\" class=\"yoast-schema-graph\">{\"@context\":\"https:\/\/schema.org\",\"@graph\":[{\"@type\":\"Article\",\"@id\":\"https:\/\/www.pressenza.com\/es\/2019\/06\/chile-no-es-una-empresa-donde-ella-es-la-gerente-esto-no-funciona-asi-mario-aguilar-respecto-de-la-ministra-de-educacion\/#article\",\"isPartOf\":{\"@id\":\"https:\/\/www.pressenza.com\/es\/2019\/06\/chile-no-es-una-empresa-donde-ella-es-la-gerente-esto-no-funciona-asi-mario-aguilar-respecto-de-la-ministra-de-educacion\/\"},\"author\":{\"name\":\"Redacci\u00f3n Chile\",\"@id\":\"https:\/\/www.pressenza.com\/es\/#\/schema\/person\/d7db40df35d6698ba69ba9ee260944ed\"},\"headline\":\"\u201cChile no es una empresa donde ella es la gerente, esto no funciona as\u00ed\u201c: Mario Aguilar respecto de la Ministra de Educaci\u00f3n\",\"datePublished\":\"2019-06-29T23:48:09+00:00\",\"mainEntityOfPage\":{\"@id\":\"https:\/\/www.pressenza.com\/es\/2019\/06\/chile-no-es-una-empresa-donde-ella-es-la-gerente-esto-no-funciona-asi-mario-aguilar-respecto-de-la-ministra-de-educacion\/\"},\"wordCount\":364,\"publisher\":{\"@id\":\"https:\/\/www.pressenza.com\/es\/#organization\"},\"image\":{\"@id\":\"https:\/\/www.pressenza.com\/es\/2019\/06\/chile-no-es-una-empresa-donde-ella-es-la-gerente-esto-no-funciona-asi-mario-aguilar-respecto-de-la-ministra-de-educacion\/#primaryimage\"},\"thumbnailUrl\":\"https:\/\/www.pressenza.com\/wp-content\/uploads\/2019\/06\/IMG_20190626_200222.jpg\",\"keywords\":[\"Chile\",\"Mario Aguilar\",\"Ministra de Educaci\u00f3n Marcela Cubillos\",\"negociaciones\",\"paro de profesores\"],\"articleSection\":[\"Contenido Original\",\"Educaci\u00f3n\",\"Sudam\u00e9rica\"],\"inLanguage\":\"es\"},{\"@type\":\"WebPage\",\"@id\":\"https:\/\/www.pressenza.com\/es\/2019\/06\/chile-no-es-una-empresa-donde-ella-es-la-gerente-esto-no-funciona-asi-mario-aguilar-respecto-de-la-ministra-de-educacion\/\",\"url\":\"https:\/\/www.pressenza.com\/es\/2019\/06\/chile-no-es-una-empresa-donde-ella-es-la-gerente-esto-no-funciona-asi-mario-aguilar-respecto-de-la-ministra-de-educacion\/\",\"name\":\"\u201cChile no es una empresa donde ella es la gerente, esto no funciona as\u00ed\u201c: Mario Aguilar respecto de la Ministra de Educaci\u00f3n\",\"isPartOf\":{\"@id\":\"https:\/\/www.pressenza.com\/es\/#website\"},\"primaryImageOfPage\":{\"@id\":\"https:\/\/www.pressenza.com\/es\/2019\/06\/chile-no-es-una-empresa-donde-ella-es-la-gerente-esto-no-funciona-asi-mario-aguilar-respecto-de-la-ministra-de-educacion\/#primaryimage\"},\"image\":{\"@id\":\"https:\/\/www.pressenza.com\/es\/2019\/06\/chile-no-es-una-empresa-donde-ella-es-la-gerente-esto-no-funciona-asi-mario-aguilar-respecto-de-la-ministra-de-educacion\/#primaryimage\"},\"thumbnailUrl\":\"https:\/\/www.pressenza.com\/wp-content\/uploads\/2019\/06\/IMG_20190626_200222.jpg\",\"datePublished\":\"2019-06-29T23:48:09+00:00\",\"description\":\"Mario Aguilar, Marcela Cubillos, Colegio de Profesores de Chile, paro nacional\",\"breadcrumb\":{\"@id\":\"https:\/\/www.pressenza.com\/es\/2019\/06\/chile-no-es-una-empresa-donde-ella-es-la-gerente-esto-no-funciona-asi-mario-aguilar-respecto-de-la-ministra-de-educacion\/#breadcrumb\"},\"inLanguage\":\"es\",\"potentialAction\":[{\"@type\":\"ReadAction\",\"target\":[\"https:\/\/www.pressenza.com\/es\/2019\/06\/chile-no-es-una-empresa-donde-ella-es-la-gerente-esto-no-funciona-asi-mario-aguilar-respecto-de-la-ministra-de-educacion\/\"]}]},{\"@type\":\"ImageObject\",\"inLanguage\":\"es\",\"@id\":\"https:\/\/www.pressenza.com\/es\/2019\/06\/chile-no-es-una-empresa-donde-ella-es-la-gerente-esto-no-funciona-asi-mario-aguilar-respecto-de-la-ministra-de-educacion\/#primaryimage\",\"url\":\"https:\/\/www.pressenza.com\/wp-content\/uploads\/2019\/06\/IMG_20190626_200222.jpg\",\"contentUrl\":\"https:\/\/www.pressenza.com\/wp-content\/uploads\/2019\/06\/IMG_20190626_200222.jpg\",\"width\":2048,\"height\":1536},{\"@type\":\"BreadcrumbList\",\"@id\":\"https:\/\/www.pressenza.com\/es\/2019\/06\/chile-no-es-una-empresa-donde-ella-es-la-gerente-esto-no-funciona-asi-mario-aguilar-respecto-de-la-ministra-de-educacion\/#breadcrumb\",\"itemListElement\":[{\"@type\":\"ListItem\",\"position\":1,\"name\":\"Accueil\",\"item\":\"https:\/\/www.pressenza.com\/es\/\"},{\"@type\":\"ListItem\",\"position\":2,\"name\":\"\u201cChile no es una empresa donde ella es la gerente, esto no funciona as\u00ed\u201c: Mario Aguilar respecto de la Ministra de Educaci\u00f3n\"}]},{\"@type\":\"WebSite\",\"@id\":\"https:\/\/www.pressenza.com\/es\/#website\",\"url\":\"https:\/\/www.pressenza.com\/es\/\",\"name\":\"Pressenza\",\"description\":\"International Press Agency\",\"publisher\":{\"@id\":\"https:\/\/www.pressenza.com\/es\/#organization\"},\"potentialAction\":[{\"@type\":\"SearchAction\",\"target\":{\"@type\":\"EntryPoint\",\"urlTemplate\":\"https:\/\/www.pressenza.com\/es\/?s={search_term_string}\"},\"query-input\":{\"@type\":\"PropertyValueSpecification\",\"valueRequired\":true,\"valueName\":\"search_term_string\"}}],\"inLanguage\":\"es\"},{\"@type\":\"Organization\",\"@id\":\"https:\/\/www.pressenza.com\/es\/#organization\",\"name\":\"Pressenza\",\"url\":\"https:\/\/www.pressenza.com\/es\/\",\"logo\":{\"@type\":\"ImageObject\",\"inLanguage\":\"es\",\"@id\":\"https:\/\/www.pressenza.com\/es\/#\/schema\/logo\/image\/\",\"url\":\"https:\/\/www.pressenza.com\/wp-content\/uploads\/2022\/10\/pressenza_logo_200x200.jpg\",\"contentUrl\":\"https:\/\/www.pressenza.com\/wp-content\/uploads\/2022\/10\/pressenza_logo_200x200.jpg\",\"width\":200,\"height\":200,\"caption\":\"Pressenza\"},\"image\":{\"@id\":\"https:\/\/www.pressenza.com\/es\/#\/schema\/logo\/image\/\"},\"sameAs\":[\"https:\/\/www.facebook.com\/PressenzaItalia\",\"https:\/\/x.com\/PressenzaIPA\"]},{\"@type\":\"Person\",\"@id\":\"https:\/\/www.pressenza.com\/es\/#\/schema\/person\/d7db40df35d6698ba69ba9ee260944ed\",\"name\":\"Redacci\u00f3n Chile\",\"description\":\"News from the Pressenza Bureau in Chile\",\"sameAs\":[\"https:\/\/www.facebook.com\/pressenza\",\"https:\/\/x.com\/pressenza\"],\"url\":\"https:\/\/www.pressenza.com\/es\/author\/redaccion-chile\/\"}]}<\/script>\n<!-- \/ Yoast SEO plugin. -->","yoast_head_json":{"title":"\u201cChile no es una empresa donde ella es la gerente, esto no funciona as\u00ed\u201c: Mario Aguilar respecto de la Ministra de Educaci\u00f3n","description":"Mario Aguilar, Marcela Cubillos, Colegio de Profesores de Chile, paro nacional","robots":{"index":"index","follow":"follow","max-snippet":"max-snippet:-1","max-image-preview":"max-image-preview:large","max-video-preview":"max-video-preview:-1"},"canonical":"https:\/\/www.pressenza.com\/es\/2019\/06\/chile-no-es-una-empresa-donde-ella-es-la-gerente-esto-no-funciona-asi-mario-aguilar-respecto-de-la-ministra-de-educacion\/","og_locale":"es_ES","og_type":"article","og_title":"\u201cChile no es una empresa donde ella es la gerente, esto no funciona as\u00ed\u201c: Mario Aguilar respecto de la Ministra de Educaci\u00f3n","og_description":"Mario Aguilar, Marcela Cubillos, Colegio de Profesores de Chile, paro nacional","og_url":"https:\/\/www.pressenza.com\/es\/2019\/06\/chile-no-es-una-empresa-donde-ella-es-la-gerente-esto-no-funciona-asi-mario-aguilar-respecto-de-la-ministra-de-educacion\/","og_site_name":"Pressenza","article_publisher":"https:\/\/www.facebook.com\/PressenzaItalia","article_author":"https:\/\/www.facebook.com\/pressenza","article_published_time":"2019-06-29T23:48:09+00:00","og_image":[{"width":2048,"height":1536,"url":"https:\/\/www.pressenza.com\/wp-content\/uploads\/2019\/06\/IMG_20190626_200222.jpg","type":"image\/jpeg"}],"author":"Redacci\u00f3n Chile","twitter_card":"summary_large_image","twitter_creator":"@pressenza","twitter_site":"@PressenzaIPA","twitter_misc":{"Escrito por":"Redacci\u00f3n Chile","Tiempo de lectura":"2 minutos"},"schema":{"@context":"https:\/\/schema.org","@graph":[{"@type":"Article","@id":"https:\/\/www.pressenza.com\/es\/2019\/06\/chile-no-es-una-empresa-donde-ella-es-la-gerente-esto-no-funciona-asi-mario-aguilar-respecto-de-la-ministra-de-educacion\/#article","isPartOf":{"@id":"https:\/\/www.pressenza.com\/es\/2019\/06\/chile-no-es-una-empresa-donde-ella-es-la-gerente-esto-no-funciona-asi-mario-aguilar-respecto-de-la-ministra-de-educacion\/"},"author":{"name":"Redacci\u00f3n Chile","@id":"https:\/\/www.pressenza.com\/es\/#\/schema\/person\/d7db40df35d6698ba69ba9ee260944ed"},"headline":"\u201cChile no es una empresa donde ella es la gerente, esto no funciona as\u00ed\u201c: Mario Aguilar respecto de la Ministra de Educaci\u00f3n","datePublished":"2019-06-29T23:48:09+00:00","mainEntityOfPage":{"@id":"https:\/\/www.pressenza.com\/es\/2019\/06\/chile-no-es-una-empresa-donde-ella-es-la-gerente-esto-no-funciona-asi-mario-aguilar-respecto-de-la-ministra-de-educacion\/"},"wordCount":364,"publisher":{"@id":"https:\/\/www.pressenza.com\/es\/#organization"},"image":{"@id":"https:\/\/www.pressenza.com\/es\/2019\/06\/chile-no-es-una-empresa-donde-ella-es-la-gerente-esto-no-funciona-asi-mario-aguilar-respecto-de-la-ministra-de-educacion\/#primaryimage"},"thumbnailUrl":"https:\/\/www.pressenza.com\/wp-content\/uploads\/2019\/06\/IMG_20190626_200222.jpg","keywords":["Chile","Mario Aguilar","Ministra de Educaci\u00f3n Marcela Cubillos","negociaciones","paro de profesores"],"articleSection":["Contenido Original","Educaci\u00f3n","Sudam\u00e9rica"],"inLanguage":"es"},{"@type":"WebPage","@id":"https:\/\/www.pressenza.com\/es\/2019\/06\/chile-no-es-una-empresa-donde-ella-es-la-gerente-esto-no-funciona-asi-mario-aguilar-respecto-de-la-ministra-de-educacion\/","url":"https:\/\/www.pressenza.com\/es\/2019\/06\/chile-no-es-una-empresa-donde-ella-es-la-gerente-esto-no-funciona-asi-mario-aguilar-respecto-de-la-ministra-de-educacion\/","name":"\u201cChile no es una empresa donde ella es la gerente, esto no funciona as\u00ed\u201c: Mario Aguilar respecto de la Ministra de Educaci\u00f3n","isPartOf":{"@id":"https:\/\/www.pressenza.com\/es\/#website"},"primaryImageOfPage":{"@id":"https:\/\/www.pressenza.com\/es\/2019\/06\/chile-no-es-una-empresa-donde-ella-es-la-gerente-esto-no-funciona-asi-mario-aguilar-respecto-de-la-ministra-de-educacion\/#primaryimage"},"image":{"@id":"https:\/\/www.pressenza.com\/es\/2019\/06\/chile-no-es-una-empresa-donde-ella-es-la-gerente-esto-no-funciona-asi-mario-aguilar-respecto-de-la-ministra-de-educacion\/#primaryimage"},"thumbnailUrl":"https:\/\/www.pressenza.com\/wp-content\/uploads\/2019\/06\/IMG_20190626_200222.jpg","datePublished":"2019-06-29T23:48:09+00:00","description":"Mario Aguilar, Marcela Cubillos, Colegio de Profesores de Chile, paro nacional","breadcrumb":{"@id":"https:\/\/www.pressenza.com\/es\/2019\/06\/chile-no-es-una-empresa-donde-ella-es-la-gerente-esto-no-funciona-asi-mario-aguilar-respecto-de-la-ministra-de-educacion\/#breadcrumb"},"inLanguage":"es","potentialAction":[{"@type":"ReadAction","target":["https:\/\/www.pressenza.com\/es\/2019\/06\/chile-no-es-una-empresa-donde-ella-es-la-gerente-esto-no-funciona-asi-mario-aguilar-respecto-de-la-ministra-de-educacion\/"]}]},{"@type":"ImageObject","inLanguage":"es","@id":"https:\/\/www.pressenza.com\/es\/2019\/06\/chile-no-es-una-empresa-donde-ella-es-la-gerente-esto-no-funciona-asi-mario-aguilar-respecto-de-la-ministra-de-educacion\/#primaryimage","url":"https:\/\/www.pressenza.com\/wp-content\/uploads\/2019\/06\/IMG_20190626_200222.jpg","contentUrl":"https:\/\/www.pressenza.com\/wp-content\/uploads\/2019\/06\/IMG_20190626_200222.jpg","width":2048,"height":1536},{"@type":"BreadcrumbList","@id":"https:\/\/www.pressenza.com\/es\/2019\/06\/chile-no-es-una-empresa-donde-ella-es-la-gerente-esto-no-funciona-asi-mario-aguilar-respecto-de-la-ministra-de-educacion\/#breadcrumb","itemListElement":[{"@type":"ListItem","position":1,"name":"Accueil","item":"https:\/\/www.pressenza.com\/es\/"},{"@type":"ListItem","position":2,"name":"\u201cChile no es una empresa donde ella es la gerente, esto no funciona as\u00ed\u201c: Mario Aguilar respecto de la Ministra de Educaci\u00f3n"}]},{"@type":"WebSite","@id":"https:\/\/www.pressenza.com\/es\/#website","url":"https:\/\/www.pressenza.com\/es\/","name":"Pressenza","description":"International Press Agency","publisher":{"@id":"https:\/\/www.pressenza.com\/es\/#organization"},"potentialAction":[{"@type":"SearchAction","target":{"@type":"EntryPoint","urlTemplate":"https:\/\/www.pressenza.com\/es\/?s={search_term_string}"},"query-input":{"@type":"PropertyValueSpecification","valueRequired":true,"valueName":"search_term_string"}}],"inLanguage":"es"},{"@type":"Organization","@id":"https:\/\/www.pressenza.com\/es\/#organization","name":"Pressenza","url":"https:\/\/www.pressenza.com\/es\/","logo":{"@type":"ImageObject","inLanguage":"es","@id":"https:\/\/www.pressenza.com\/es\/#\/schema\/logo\/image\/","url":"https:\/\/www.pressenza.com\/wp-content\/uploads\/2022\/10\/pressenza_logo_200x200.jpg","contentUrl":"https:\/\/www.pressenza.com\/wp-content\/uploads\/2022\/10\/pressenza_logo_200x200.jpg","width":200,"height":200,"caption":"Pressenza"},"image":{"@id":"https:\/\/www.pressenza.com\/es\/#\/schema\/logo\/image\/"},"sameAs":["https:\/\/www.facebook.com\/PressenzaItalia","https:\/\/x.com\/PressenzaIPA"]},{"@type":"Person","@id":"https:\/\/www.pressenza.com\/es\/#\/schema\/person\/d7db40df35d6698ba69ba9ee260944ed","name":"Redacci\u00f3n Chile","description":"News from the Pressenza Bureau in Chile","sameAs":["https:\/\/www.facebook.com\/pressenza","https:\/\/x.com\/pressenza"],"url":"https:\/\/www.pressenza.com\/es\/author\/redaccion-chile\/"}]}},"place":"Santiago de Chile","original_article_url":"","_links":{"self":[{"href":"https:\/\/www.pressenza.com\/es\/wp-json\/wp\/v2\/posts\/878774","targetHints":{"allow":["GET"]}}],"collection":[{"href":"https:\/\/www.pressenza.com\/es\/wp-json\/wp\/v2\/posts"}],"about":[{"href":"https:\/\/www.pressenza.com\/es\/wp-json\/wp\/v2\/types\/post"}],"author":[{"embeddable":true,"href":"https:\/\/www.pressenza.com\/es\/wp-json\/wp\/v2\/users\/43"}],"replies":[{"embeddable":true,"href":"https:\/\/www.pressenza.com\/es\/wp-json\/wp\/v2\/comments?post=878774"}],"version-history":[{"count":0,"href":"https:\/\/www.pressenza.com\/es\/wp-json\/wp\/v2\/posts\/878774\/revisions"}],"wp:featuredmedia":[{"embeddable":true,"href":"https:\/\/www.pressenza.com\/es\/wp-json\/wp\/v2\/media\/878778"}],"wp:attachment":[{"href":"https:\/\/www.pressenza.com\/es\/wp-json\/wp\/v2\/media?parent=878774"}],"wp:term":[{"taxonomy":"category","embeddable":true,"href":"https:\/\/www.pressenza.com\/es\/wp-json\/wp\/v2\/categories?post=878774"},{"taxonomy":"post_tag","embeddable":true,"href":"https:\/\/www.pressenza.com\/es\/wp-json\/wp\/v2\/tags?post=878774"}],"curies":[{"name":"wp","href":"https:\/\/api.w.org\/{rel}","templated":true}]}}