{"id":8765,"date":"2012-04-15T00:00:00","date_gmt":"2012-04-15T00:00:00","guid":{"rendered":""},"modified":"2012-05-09T04:00:07","modified_gmt":"2012-05-09T04:00:07","slug":"el-documental-de-la-organizacion-tupac-amaru-se-presento-en-el-incaa","status":"publish","type":"post","link":"https:\/\/www.pressenza.com\/es\/2012\/04\/el-documental-de-la-organizacion-tupac-amaru-se-presento-en-el-incaa\/","title":{"rendered":"El documental de la organizaci\u00f3n Tupac Amaru se present\u00f3 en el Incaa"},"content":{"rendered":"<p>Con un relato que se inicia en los or\u00edgenes de esta organizaci\u00f3n territorial en la provincia de Jujuy, la historia es una muestra fiel de la lucha, el trabajo solidario y el crecimiento de la Tupac a lo largo del pa\u00eds, a pesar de las difamaciones sufridas por parte de los sectores conservadores. <\/p>\n<p>A la presentaci\u00f3n en el espacio Incaa asisti\u00f3 el viceministro de Desarrollo Social Carlos Castagneto en representaci\u00f3n de la ministra Alicia Kirchner. \u00abLa Tupac ha hecho un trabajo social muy importante con Milagro a la cabeza, donde a trav\u00e9s del tiempo no perdi\u00f3 su identidad. No creo que existan muchos lugares en el mundo donde haya una organizaci\u00f3n que trabaje de esta manera\u00bb, expres\u00f3 Castagneto.<\/p>\n<p>En tanto que Milagro Sala destac\u00f3 que \u00abyo siento que la Tupac Amaru no tiene techo, vamos a seguir trabajando y seguir construyendo. De aca a dos a\u00f1os aspiramos a podernos candidatear, porque hicimos todo lo posible para pelearla en la calle, construir, demostrar a muchos argentinos que lo \u00fanico que quer\u00edamos era estar un poco mejor. Ahora vamos a comenzar a trabajar por una futura candidatura, vamos a comenzar por la provincia de Jujuy\u00bb.<\/p>\n<p>Cerca de mil activistas de la Tupac de capital federal y Provincia de Buenos Aires, as\u00ed como militantes humanistas y de diversas organizaciones se dieron cita en el evento. Se acerc\u00f3 a saludar el diputado nacional Andres \u00abCuervo\u00bb Larroque, la Directora General de Relaciones Institucionales del Senado de la Naci\u00f3n, la humanista L\u00eda M\u00e9ndez, el referente del Partido Humanista Internacional, Luis Ammann, entre otros.  <\/p>\n<p>La obra estar\u00e1 en cartel en el cine Gaumont (Av. Rivadavia 1635, Congreso) todos los d\u00edas a las 12.50 y a las 19.40. Los realizadores ya presentaron el documental en la ciudad de Mendoza y planean hacer lo propio en distintos puntos del pa\u00eds. <\/p>\n<p><iframe loading=\"lazy\" width=\"560\" height=\"315\" src=\"http:\/\/www.youtube.com\/embed\/0RhTg8qaatU\" frameborder=\"0\" allowfullscreen><\/iframe><\/p>\n","protected":false},"excerpt":{"rendered":"<p>En el cine Gaumont del Espacio Incaa km 0 se present\u00f3 el pasado jueves el documental \u00abTupac Amaru, algo est\u00e1 cambiando\u00bb, de los realizadores Federico Palumbo y Magal\u00ed Buj. Al emotivo lanzamiento a sala completa asisti\u00f3 la m\u00e1xima referente de la organizaci\u00f3n, Milagro Sala, y numerosos funcionarios, militantes y referentes pol\u00edticos y sociales.<\/p>\n","protected":false},"author":20,"featured_media":0,"comment_status":"closed","ping_status":"open","sticky":false,"template":"","format":"standard","meta":{"footnotes":""},"categories":[80,67],"tags":[],"class_list":["post-8765","post","type-post","status-publish","format-standard","hentry","category-pueblos-originarios","category-sudamerica"],"yoast_head":"<!-- This site is optimized with the Yoast SEO plugin v27.1.1 - https:\/\/yoast.com\/product\/yoast-seo-wordpress\/ -->\n<title>El documental de la organizaci\u00f3n Tupac Amaru se present\u00f3 en el Incaa<\/title>\n<meta name=\"description\" content=\"En el cine Gaumont del Espacio Incaa km 0 se present\u00f3 el pasado jueves el documental &quot;Tupac Amaru, algo est\u00e1 cambiando&quot;, de los realizadores Federico Palumbo y Magal\u00ed Buj. Al emotivo lanzamiento a sala completa asisti\u00f3 la m\u00e1xima referente de la organizaci\u00f3n, Milagro Sala, y numerosos funcionarios, militantes y referentes pol\u00edticos y sociales.\" \/>\n<meta name=\"robots\" content=\"index, follow, max-snippet:-1, max-image-preview:large, max-video-preview:-1\" \/>\n<link rel=\"canonical\" href=\"https:\/\/www.pressenza.com\/es\/2012\/04\/el-documental-de-la-organizacion-tupac-amaru-se-presento-en-el-incaa\/\" \/>\n<meta property=\"og:locale\" content=\"es_ES\" \/>\n<meta property=\"og:type\" content=\"article\" \/>\n<meta property=\"og:title\" content=\"El documental de la organizaci\u00f3n Tupac Amaru se present\u00f3 en el Incaa\" \/>\n<meta property=\"og:description\" content=\"En el cine Gaumont del Espacio Incaa km 0 se present\u00f3 el pasado jueves el documental &quot;Tupac Amaru, algo est\u00e1 cambiando&quot;, de los realizadores Federico Palumbo y Magal\u00ed Buj. Al emotivo lanzamiento a sala completa asisti\u00f3 la m\u00e1xima referente de la organizaci\u00f3n, Milagro Sala, y numerosos funcionarios, militantes y referentes pol\u00edticos y sociales.\" \/>\n<meta property=\"og:url\" content=\"https:\/\/www.pressenza.com\/es\/2012\/04\/el-documental-de-la-organizacion-tupac-amaru-se-presento-en-el-incaa\/\" \/>\n<meta property=\"og:site_name\" content=\"Pressenza\" \/>\n<meta property=\"article:publisher\" content=\"https:\/\/www.facebook.com\/PressenzaItalia\" \/>\n<meta property=\"article:published_time\" content=\"2012-04-15T00:00:00+00:00\" \/>\n<meta property=\"article:modified_time\" content=\"2012-05-09T04:00:07+00:00\" \/>\n<meta name=\"author\" content=\"ivan novotny\" \/>\n<meta name=\"twitter:card\" content=\"summary_large_image\" \/>\n<meta name=\"twitter:creator\" content=\"@ivanovotny\" \/>\n<meta name=\"twitter:site\" content=\"@PressenzaIPA\" \/>\n<meta name=\"twitter:label1\" content=\"Escrito por\" \/>\n\t<meta name=\"twitter:data1\" content=\"ivan novotny\" \/>\n\t<meta name=\"twitter:label2\" content=\"Tiempo de lectura\" \/>\n\t<meta name=\"twitter:data2\" content=\"2 minutos\" \/>\n<script type=\"application\/ld+json\" class=\"yoast-schema-graph\">{\"@context\":\"https:\/\/schema.org\",\"@graph\":[{\"@type\":\"Article\",\"@id\":\"https:\/\/www.pressenza.com\/es\/2012\/04\/el-documental-de-la-organizacion-tupac-amaru-se-presento-en-el-incaa\/#article\",\"isPartOf\":{\"@id\":\"https:\/\/www.pressenza.com\/es\/2012\/04\/el-documental-de-la-organizacion-tupac-amaru-se-presento-en-el-incaa\/\"},\"author\":{\"name\":\"ivan novotny\",\"@id\":\"https:\/\/www.pressenza.com\/es\/#\/schema\/person\/074b2cdde387af1b7a93f788a03ec37a\"},\"headline\":\"El documental de la organizaci\u00f3n Tupac Amaru se present\u00f3 en el Incaa\",\"datePublished\":\"2012-04-15T00:00:00+00:00\",\"dateModified\":\"2012-05-09T04:00:07+00:00\",\"mainEntityOfPage\":{\"@id\":\"https:\/\/www.pressenza.com\/es\/2012\/04\/el-documental-de-la-organizacion-tupac-amaru-se-presento-en-el-incaa\/\"},\"wordCount\":325,\"publisher\":{\"@id\":\"https:\/\/www.pressenza.com\/es\/#organization\"},\"articleSection\":[\"Pueblos Originarios\",\"Sudam\u00e9rica\"],\"inLanguage\":\"es\"},{\"@type\":\"WebPage\",\"@id\":\"https:\/\/www.pressenza.com\/es\/2012\/04\/el-documental-de-la-organizacion-tupac-amaru-se-presento-en-el-incaa\/\",\"url\":\"https:\/\/www.pressenza.com\/es\/2012\/04\/el-documental-de-la-organizacion-tupac-amaru-se-presento-en-el-incaa\/\",\"name\":\"El documental de la organizaci\u00f3n Tupac Amaru se present\u00f3 en el Incaa\",\"isPartOf\":{\"@id\":\"https:\/\/www.pressenza.com\/es\/#website\"},\"datePublished\":\"2012-04-15T00:00:00+00:00\",\"dateModified\":\"2012-05-09T04:00:07+00:00\",\"description\":\"En el cine Gaumont del Espacio Incaa km 0 se present\u00f3 el pasado jueves el documental \\\"Tupac Amaru, algo est\u00e1 cambiando\\\", de los realizadores Federico Palumbo y Magal\u00ed Buj. Al emotivo lanzamiento a sala completa asisti\u00f3 la m\u00e1xima referente de la organizaci\u00f3n, Milagro Sala, y numerosos funcionarios, militantes y referentes pol\u00edticos y sociales.\",\"breadcrumb\":{\"@id\":\"https:\/\/www.pressenza.com\/es\/2012\/04\/el-documental-de-la-organizacion-tupac-amaru-se-presento-en-el-incaa\/#breadcrumb\"},\"inLanguage\":\"es\",\"potentialAction\":[{\"@type\":\"ReadAction\",\"target\":[\"https:\/\/www.pressenza.com\/es\/2012\/04\/el-documental-de-la-organizacion-tupac-amaru-se-presento-en-el-incaa\/\"]}]},{\"@type\":\"BreadcrumbList\",\"@id\":\"https:\/\/www.pressenza.com\/es\/2012\/04\/el-documental-de-la-organizacion-tupac-amaru-se-presento-en-el-incaa\/#breadcrumb\",\"itemListElement\":[{\"@type\":\"ListItem\",\"position\":1,\"name\":\"Accueil\",\"item\":\"https:\/\/www.pressenza.com\/es\/\"},{\"@type\":\"ListItem\",\"position\":2,\"name\":\"El documental de la organizaci\u00f3n Tupac Amaru se present\u00f3 en el Incaa\"}]},{\"@type\":\"WebSite\",\"@id\":\"https:\/\/www.pressenza.com\/es\/#website\",\"url\":\"https:\/\/www.pressenza.com\/es\/\",\"name\":\"Pressenza\",\"description\":\"International Press Agency\",\"publisher\":{\"@id\":\"https:\/\/www.pressenza.com\/es\/#organization\"},\"potentialAction\":[{\"@type\":\"SearchAction\",\"target\":{\"@type\":\"EntryPoint\",\"urlTemplate\":\"https:\/\/www.pressenza.com\/es\/?s={search_term_string}\"},\"query-input\":{\"@type\":\"PropertyValueSpecification\",\"valueRequired\":true,\"valueName\":\"search_term_string\"}}],\"inLanguage\":\"es\"},{\"@type\":\"Organization\",\"@id\":\"https:\/\/www.pressenza.com\/es\/#organization\",\"name\":\"Pressenza\",\"url\":\"https:\/\/www.pressenza.com\/es\/\",\"logo\":{\"@type\":\"ImageObject\",\"inLanguage\":\"es\",\"@id\":\"https:\/\/www.pressenza.com\/es\/#\/schema\/logo\/image\/\",\"url\":\"https:\/\/www.pressenza.com\/wp-content\/uploads\/2022\/10\/pressenza_logo_200x200.jpg\",\"contentUrl\":\"https:\/\/www.pressenza.com\/wp-content\/uploads\/2022\/10\/pressenza_logo_200x200.jpg\",\"width\":200,\"height\":200,\"caption\":\"Pressenza\"},\"image\":{\"@id\":\"https:\/\/www.pressenza.com\/es\/#\/schema\/logo\/image\/\"},\"sameAs\":[\"https:\/\/www.facebook.com\/PressenzaItalia\",\"https:\/\/x.com\/PressenzaIPA\"]},{\"@type\":\"Person\",\"@id\":\"https:\/\/www.pressenza.com\/es\/#\/schema\/person\/074b2cdde387af1b7a93f788a03ec37a\",\"name\":\"ivan novotny\",\"description\":\"A graduate in Communication Science from the University of Buenos Aires.\",\"sameAs\":[\"https:\/\/www.instagram.com\/inovotny\",\"https:\/\/x.com\/ivanovotny\"],\"url\":\"https:\/\/www.pressenza.com\/es\/author\/ivan-novotny\/\"}]}<\/script>\n<!-- \/ Yoast SEO plugin. -->","yoast_head_json":{"title":"El documental de la organizaci\u00f3n Tupac Amaru se present\u00f3 en el Incaa","description":"En el cine Gaumont del Espacio Incaa km 0 se present\u00f3 el pasado jueves el documental \"Tupac Amaru, algo est\u00e1 cambiando\", de los realizadores Federico Palumbo y Magal\u00ed Buj. Al emotivo lanzamiento a sala completa asisti\u00f3 la m\u00e1xima referente de la organizaci\u00f3n, Milagro Sala, y numerosos funcionarios, militantes y referentes pol\u00edticos y sociales.","robots":{"index":"index","follow":"follow","max-snippet":"max-snippet:-1","max-image-preview":"max-image-preview:large","max-video-preview":"max-video-preview:-1"},"canonical":"https:\/\/www.pressenza.com\/es\/2012\/04\/el-documental-de-la-organizacion-tupac-amaru-se-presento-en-el-incaa\/","og_locale":"es_ES","og_type":"article","og_title":"El documental de la organizaci\u00f3n Tupac Amaru se present\u00f3 en el Incaa","og_description":"En el cine Gaumont del Espacio Incaa km 0 se present\u00f3 el pasado jueves el documental \"Tupac Amaru, algo est\u00e1 cambiando\", de los realizadores Federico Palumbo y Magal\u00ed Buj. Al emotivo lanzamiento a sala completa asisti\u00f3 la m\u00e1xima referente de la organizaci\u00f3n, Milagro Sala, y numerosos funcionarios, militantes y referentes pol\u00edticos y sociales.","og_url":"https:\/\/www.pressenza.com\/es\/2012\/04\/el-documental-de-la-organizacion-tupac-amaru-se-presento-en-el-incaa\/","og_site_name":"Pressenza","article_publisher":"https:\/\/www.facebook.com\/PressenzaItalia","article_published_time":"2012-04-15T00:00:00+00:00","article_modified_time":"2012-05-09T04:00:07+00:00","author":"ivan novotny","twitter_card":"summary_large_image","twitter_creator":"@ivanovotny","twitter_site":"@PressenzaIPA","twitter_misc":{"Escrito por":"ivan novotny","Tiempo de lectura":"2 minutos"},"schema":{"@context":"https:\/\/schema.org","@graph":[{"@type":"Article","@id":"https:\/\/www.pressenza.com\/es\/2012\/04\/el-documental-de-la-organizacion-tupac-amaru-se-presento-en-el-incaa\/#article","isPartOf":{"@id":"https:\/\/www.pressenza.com\/es\/2012\/04\/el-documental-de-la-organizacion-tupac-amaru-se-presento-en-el-incaa\/"},"author":{"name":"ivan novotny","@id":"https:\/\/www.pressenza.com\/es\/#\/schema\/person\/074b2cdde387af1b7a93f788a03ec37a"},"headline":"El documental de la organizaci\u00f3n Tupac Amaru se present\u00f3 en el Incaa","datePublished":"2012-04-15T00:00:00+00:00","dateModified":"2012-05-09T04:00:07+00:00","mainEntityOfPage":{"@id":"https:\/\/www.pressenza.com\/es\/2012\/04\/el-documental-de-la-organizacion-tupac-amaru-se-presento-en-el-incaa\/"},"wordCount":325,"publisher":{"@id":"https:\/\/www.pressenza.com\/es\/#organization"},"articleSection":["Pueblos Originarios","Sudam\u00e9rica"],"inLanguage":"es"},{"@type":"WebPage","@id":"https:\/\/www.pressenza.com\/es\/2012\/04\/el-documental-de-la-organizacion-tupac-amaru-se-presento-en-el-incaa\/","url":"https:\/\/www.pressenza.com\/es\/2012\/04\/el-documental-de-la-organizacion-tupac-amaru-se-presento-en-el-incaa\/","name":"El documental de la organizaci\u00f3n Tupac Amaru se present\u00f3 en el Incaa","isPartOf":{"@id":"https:\/\/www.pressenza.com\/es\/#website"},"datePublished":"2012-04-15T00:00:00+00:00","dateModified":"2012-05-09T04:00:07+00:00","description":"En el cine Gaumont del Espacio Incaa km 0 se present\u00f3 el pasado jueves el documental \"Tupac Amaru, algo est\u00e1 cambiando\", de los realizadores Federico Palumbo y Magal\u00ed Buj. Al emotivo lanzamiento a sala completa asisti\u00f3 la m\u00e1xima referente de la organizaci\u00f3n, Milagro Sala, y numerosos funcionarios, militantes y referentes pol\u00edticos y sociales.","breadcrumb":{"@id":"https:\/\/www.pressenza.com\/es\/2012\/04\/el-documental-de-la-organizacion-tupac-amaru-se-presento-en-el-incaa\/#breadcrumb"},"inLanguage":"es","potentialAction":[{"@type":"ReadAction","target":["https:\/\/www.pressenza.com\/es\/2012\/04\/el-documental-de-la-organizacion-tupac-amaru-se-presento-en-el-incaa\/"]}]},{"@type":"BreadcrumbList","@id":"https:\/\/www.pressenza.com\/es\/2012\/04\/el-documental-de-la-organizacion-tupac-amaru-se-presento-en-el-incaa\/#breadcrumb","itemListElement":[{"@type":"ListItem","position":1,"name":"Accueil","item":"https:\/\/www.pressenza.com\/es\/"},{"@type":"ListItem","position":2,"name":"El documental de la organizaci\u00f3n Tupac Amaru se present\u00f3 en el Incaa"}]},{"@type":"WebSite","@id":"https:\/\/www.pressenza.com\/es\/#website","url":"https:\/\/www.pressenza.com\/es\/","name":"Pressenza","description":"International Press Agency","publisher":{"@id":"https:\/\/www.pressenza.com\/es\/#organization"},"potentialAction":[{"@type":"SearchAction","target":{"@type":"EntryPoint","urlTemplate":"https:\/\/www.pressenza.com\/es\/?s={search_term_string}"},"query-input":{"@type":"PropertyValueSpecification","valueRequired":true,"valueName":"search_term_string"}}],"inLanguage":"es"},{"@type":"Organization","@id":"https:\/\/www.pressenza.com\/es\/#organization","name":"Pressenza","url":"https:\/\/www.pressenza.com\/es\/","logo":{"@type":"ImageObject","inLanguage":"es","@id":"https:\/\/www.pressenza.com\/es\/#\/schema\/logo\/image\/","url":"https:\/\/www.pressenza.com\/wp-content\/uploads\/2022\/10\/pressenza_logo_200x200.jpg","contentUrl":"https:\/\/www.pressenza.com\/wp-content\/uploads\/2022\/10\/pressenza_logo_200x200.jpg","width":200,"height":200,"caption":"Pressenza"},"image":{"@id":"https:\/\/www.pressenza.com\/es\/#\/schema\/logo\/image\/"},"sameAs":["https:\/\/www.facebook.com\/PressenzaItalia","https:\/\/x.com\/PressenzaIPA"]},{"@type":"Person","@id":"https:\/\/www.pressenza.com\/es\/#\/schema\/person\/074b2cdde387af1b7a93f788a03ec37a","name":"ivan novotny","description":"A graduate in Communication Science from the University of Buenos Aires.","sameAs":["https:\/\/www.instagram.com\/inovotny","https:\/\/x.com\/ivanovotny"],"url":"https:\/\/www.pressenza.com\/es\/author\/ivan-novotny\/"}]}},"place":"Buenos Aires","original_article_url":"","_links":{"self":[{"href":"https:\/\/www.pressenza.com\/es\/wp-json\/wp\/v2\/posts\/8765","targetHints":{"allow":["GET"]}}],"collection":[{"href":"https:\/\/www.pressenza.com\/es\/wp-json\/wp\/v2\/posts"}],"about":[{"href":"https:\/\/www.pressenza.com\/es\/wp-json\/wp\/v2\/types\/post"}],"author":[{"embeddable":true,"href":"https:\/\/www.pressenza.com\/es\/wp-json\/wp\/v2\/users\/20"}],"replies":[{"embeddable":true,"href":"https:\/\/www.pressenza.com\/es\/wp-json\/wp\/v2\/comments?post=8765"}],"version-history":[{"count":0,"href":"https:\/\/www.pressenza.com\/es\/wp-json\/wp\/v2\/posts\/8765\/revisions"}],"wp:attachment":[{"href":"https:\/\/www.pressenza.com\/es\/wp-json\/wp\/v2\/media?parent=8765"}],"wp:term":[{"taxonomy":"category","embeddable":true,"href":"https:\/\/www.pressenza.com\/es\/wp-json\/wp\/v2\/categories?post=8765"},{"taxonomy":"post_tag","embeddable":true,"href":"https:\/\/www.pressenza.com\/es\/wp-json\/wp\/v2\/tags?post=8765"}],"curies":[{"name":"wp","href":"https:\/\/api.w.org\/{rel}","templated":true}]}}