{"id":875983,"date":"2019-06-25T01:12:09","date_gmt":"2019-06-25T00:12:09","guid":{"rendered":"https:\/\/www.pressenza.com\/?p=875983"},"modified":"2019-06-25T01:12:09","modified_gmt":"2019-06-25T00:12:09","slug":"carta-abierta-a-la-ue-detenga-el-mercosur-mientras-brasil-viole-los-derechos-humanos-niegue-el-cambio-climatico-y-destruya-el-medio-ambiente","status":"publish","type":"post","link":"https:\/\/www.pressenza.com\/es\/2019\/06\/carta-abierta-a-la-ue-detenga-el-mercosur-mientras-brasil-viole-los-derechos-humanos-niegue-el-cambio-climatico-y-destruya-el-medio-ambiente\/","title":{"rendered":"Carta abierta a la UE: detenga el Mercosur mientras Brasil viole los derechos humanos, niegue el cambio clim\u00e1tico y destruya el medio ambiente"},"content":{"rendered":"<p><strong>En una carta abierta conjunta a la UE, m\u00e1s de 340 organizaciones nacionales e internacionales de la sociedad civil de m\u00e1s de 45 pa\u00edses, entre ellas numerosas de Alemania y Austria, piden que se detengan las actuales negociaciones sobre el acuerdo de libre comercio de la UE con el \u00e1rea econ\u00f3mica latinoamericana Mercosur, que tambi\u00e9n incluye a Brasil bajo el liderazgo neoliberal de Jair Bolsonaro.<\/strong><\/p>\n<p>Raz\u00f3n: mientras el gobierno brasile\u00f1o llame a los que niegan el clima a los ministerios, haga la guerra a su propio pueblo calificando de terroristas a los movimientos sociales de larga data, haga caso omiso de los derechos de los pueblos ind\u00edgenas y cometa delitos ambientales como la deforestaci\u00f3n en favor de las empresas agr\u00edcolas, la UE debe suspender las negociaciones.<\/p>\n<p>La carta abierta tambi\u00e9n est\u00e1 disponible en <a href=\"http:\/\/s2bnetwork.org\/wp-content\/uploads\/2019\/06\/Joint-letter-Brazil-EU-Mercosur.pdf\">ingl\u00e9s<\/a>, <a href=\"https:\/\/www.collectifstoptafta.org\/actu\/article\/plus-de-340-organisations-appellent-l-union-europeenne-a-interrompre\">franc\u00e9s<\/a>, <a href=\"http:\/\/s2bnetwork.org\/wp-content\/uploads\/2019\/06\/ESP-Carta-UE-Mercosur-Junio-2019.pdf\">espa\u00f1ol<\/a> y <a href=\"http:\/\/s2bnetwork.org\/wp-content\/uploads\/2019\/06\/Portuguese-Carta-EU-Mercosul-Junho-2019.pdf\">portugu\u00e9s<\/a>:<\/p>\n<p>&nbsp;<\/p>\n<p>Estimado presidente del Consejo Europeo,<\/p>\n<p>Estimado presidente de la Comisi\u00f3n Europea,<\/p>\n<p>Estimado presidente del Parlamento Europeo,<\/p>\n<p>nosotros, las organizaciones de la sociedad civil abajo firmantes, hacemos un llamamiento a la Uni\u00f3n Europea para que utilice su influencia a fin de evitar el deterioro de los derechos humanos y de la situaci\u00f3n medioambiental en Brasil.<\/p>\n<p>En abril, m\u00e1s de 600 cient\u00edficos europeos y dos que representan a 300 grupos ind\u00edgenas brasile\u00f1os <a href=\"https:\/\/science.sciencemag.org\/content\/364\/6438\/341.1\">pidieron<\/a> a la UE que liderara el mundo en la protecci\u00f3n de los derechos humanos, la dignidad humana y un clima habitable, haciendo de la sostenibilidad la piedra angular de sus negociaciones comerciales con Brasil. Apoyamos plenamente este llamamiento.<\/p>\n<p>A trav\u00e9s del Tratado de la Uni\u00f3n Europea, la UE y sus Estados miembros se han comprometido a respetar y promover los derechos humanos como objetivo general en sus relaciones con otros pa\u00edses. La comisaria de Comercio de la UE, Cecilia Malmstr\u00f6m, tambi\u00e9n subray\u00f3 (<a href=\"http:\/\/trade.ec.europa.eu\/doclib\/press\/index.cfm?id=1803\">http:\/\/trade.ec.europa.eu\/doclib\/press\/index.cfm?id=1803<\/a>) la necesidad de nuevos acuerdos comerciales de la UE para lograr un desarrollo sostenible.<\/p>\n<p>Desde que el presidente de Brasil, Jair Bolsonaro, asumi\u00f3 el cargo en enero de 2019, hemos sido testigos del aumento de las violaciones de los derechos humanos y de los ataques contra las minor\u00edas, los pueblos ind\u00edgenas, los LGBT y otras comunidades tradicionales. Adem\u00e1s, el gobierno sigue amenazando el funcionamiento democr\u00e1tico b\u00e1sico de la sociedad civil, a la vez que lanza un serio ataque contra algunas de las regiones m\u00e1s valiosas del mundo y de mayor valor medioambiental.<\/p>\n<p>Estamos profundamente preocupados por lo siguiente:<\/p>\n<ul>\n<li>La <a href=\"https:\/\/www.nytimes.com\/2019\/01\/02\/world\/americas\/brazil-bolsonaro-president-indigenous-lands.html\">delimitaci\u00f3n de las zonas ind\u00edgenas est\u00e1 bajo la jurisdicci\u00f3n del Ministerio de Agricultura<\/a>. Esto allanar\u00e1 el camino para que poderosas <a href=\"https:\/\/www.iatp.org\/the-rise-of-big-meat\">empresas ganaderas y sojeras<\/a> aceleren su marcha a trav\u00e9s del Amazonas, el bosque tropical m\u00e1s grande del mundo, y el Cerrado, la sabana m\u00e1s biodiversa del mundo.<\/li>\n<li>Se ha producido un aumento espectacular de los ataques contra los pueblos ind\u00edgenas, otras comunidades tradicionales y sus territorios. En febrero se <a href=\"https:\/\/reporterbrasil.org.br\/2019\/02\/sob-ataque-pos-eleicao-terras-indigenas-estao-desprotegidas-com-desmonte-da-funai\/\">inform\u00f3<\/a> que al menos 14 zonas tribales protegidas hab\u00edan sido atacadas por intrusos. Adem\u00e1s, el gobierno ha abolido m\u00e1s de 35 consejos nacionales de participaci\u00f3n social. Los <a href=\"https:\/\/news.mongabay.com\/2019\/04\/3-massacres-in-12-days-rural-violence-escalates-in-brazilian-amazon\/\">ataques<\/a> a las personas que desean defender su territorio o sus recursos naturales est\u00e1n en aumento en las zonas rurales de Brasil. Esto conduce cada vez m\u00e1s a asesinatos de l\u00edderes comunitarios, agricultores y activistas.<\/li>\n<li>La promesa electoral de Bolsonaro de \u00ab<a href=\"https:\/\/www.conectas.org\/en\/news\/bolsonaros-measure-to-control-ngos-encroaches-on-freedom-of-association\">poner fin a todas las formas de activismo<\/a>\u00bb fue implementada en su primer d\u00eda de mandato, facultando al gobierno \u00abpara controlar, coordinar, monitorear y observar las actividades y acciones de las instituciones internacionales y organizaciones no gubernamentales a nivel nacional\u00bb.<\/li>\n<li>Tanto el <a href=\"https:\/\/www1.folha.uol.com.br\/ambiente\/2018\/12\/vamos-preservar-o-ambiente-sem-ideologia-diz-futuro-ministro-de-bolsonaro.shtml\">Ministerio de Medio Ambiente<\/a> como el <a href=\"https:\/\/www.valor.com.br\/politica\/5985233\/novo-chanceler-diz-que-esquerda-criou-%3Fideologia-da-mudanca-climatica\">Ministerio de Relaciones Exteriores<\/a> est\u00e1n ahora encabezados por los que niegan el calentamiento global, raz\u00f3n por la cual los departamentos de cambio clim\u00e1tico han sido abolidos. Aunque Brasil sigue siendo signatario del Acuerdo de Par\u00eds sobre el Cambio Clim\u00e1tico, es poco probable que el gobierno tome las medidas necesarias para aplicarlo.<\/li>\n<li>La legislaci\u00f3n y las pol\u00edticas social-ecol\u00f3gicas se han debilitado dram\u00e1ticamente en los primeros 100 d\u00edas del nuevo gobierno. La ley forestal se ha visto socavada por nuevas medidas que proponen una reducci\u00f3n de las restricciones legales y un plazo m\u00e1s flexible para la legalizaci\u00f3n de las tierras por parte de los propietarios. En enero de 2019, se <a href=\"https:\/\/www.greenpeace.org\/brasil\/blog\/desmatamento-cresce-no-primeiro-mes-de-2019\/\">espera<\/a> que la deforestaci\u00f3n en la regi\u00f3n amaz\u00f3nica haya aumentado en un 54 por ciento en comparaci\u00f3n con el mismo per\u00edodo de 2018.<\/li>\n<\/ul>\n<p>Los actores de la <a href=\"https:\/\/1bps6437gg8c169i0y1drtgz-wpengine.netdna-ssl.com\/wp-content\/uploads\/2018\/12\/CSO-Statement-Brazil-2018.12.21.-EN-PT.pdf\">sociedad civil<\/a>, activistas, agricultores, trabajadores* y minor\u00edas son extremadamente vulnerables a la ret\u00f3rica incendiaria del gobierno de Bolsonaro y sus partidarios. Esto tambi\u00e9n significa que los miembros de movimientos de base como el \u00abmovimiento de los trabajadores sin tierra\u00bb y el \u00abmovimiento de los sin- techo\u00bb se denominan \u00abterroristas\u00bb. Por lo tanto, es de temer que la controvertida ley antiterrorista de Brasil se utilice para criminalizar a los activistas sociales.<\/p>\n<p>La UE es el segundo mayor socio comercial de Brasil en el mundo, el segundo mayor importador de soja brasile\u00f1a y un importante importador de carne de vacuno y otros productos agr\u00edcolas brasile\u00f1os. Por lo tanto, la UE tiene la responsabilidad de abordar las violaciones de los derechos humanos y los delitos ambientales que tienen lugar en Brasil bajo el gobierno de Bolsonaro. Debe utilizar su influencia para proteger la sociedad civil, los derechos humanos y el medio ambiente.<\/p>\n<p>La UE est\u00e1 negociando un acuerdo comercial de gran alcance con el Mercosur para ampliar el acceso al mercado y el comercio entre las dos regiones, incluido Brasil. La UE debe enviar ahora un mensaje firme al presidente Bolsonaro de que se negar\u00e1 a negociar un acuerdo comercial con Brasil a menos que se ponga fin a las violaciones de los derechos humanos, se adopten medidas en\u00e9rgicas para poner fin a una mayor deforestaci\u00f3n y se contraigan compromisos concretos para aplicar el Acuerdo de Par\u00eds.<\/p>\n<p>En el pasado, la UE ha suspendido las relaciones comerciales con pa\u00edses implicados en violaciones de los derechos humanos, como Myanmar y Filipinas. La UE tambi\u00e9n ha restringido las importaciones de productos cuya producci\u00f3n est\u00e1 vinculada a los derechos humanos en minerales en conflicto. Es hora de que la UE adopte una postura firme similar para evitar el deterioro de la situaci\u00f3n de los derechos humanos y del medio ambiente en Brasil.<\/p>\n<p>Por lo tanto, le pedimos que lo haga,<\/p>\n<ol>\n<li>Suspender inmediatamente las negociaciones sobre un acuerdo de libre comercio UE-Mercosur.<\/li>\n<li>Garantizar que ninguno de los productos brasile\u00f1os vendidos en la UE o en los mercados financieros asociados a los mismos conduzcan a un aumento de la deforestaci\u00f3n, la apropiaci\u00f3n de tierras por parte de los pueblos ind\u00edgenas o las violaciones de los derechos humanos.<\/li>\n<li>Exigir una declaraci\u00f3n con pruebas s\u00f3lidas de que el Gobierno brasile\u00f1o cumplir\u00e1 sus obligaciones en virtud del Acuerdo de Par\u00eds sobre el Cambio Clim\u00e1tico.<\/li>\n<li>Aumentar el apoyo a la sociedad civil brasile\u00f1a, por ejemplo, mediante la aplicaci\u00f3n del Plan de acci\u00f3n de la UE sobre derechos humanos y democracia, y reforzar activamente las consultas con las organizaciones de la sociedad civil brasile\u00f1a que se ocupan de los derechos humanos y del funcionamiento democr\u00e1tico de la sociedad civil brasile\u00f1a.<\/li>\n<li>Vigilar y responder a posibles violaciones de los derechos humanos, incluida la investigaci\u00f3n de casos desde la elecci\u00f3n de Bolsonaro, y fortalecer los mecanismos para proteger a los defensores de los derechos humanos. Para las personas m\u00e1s expuestas, incluidos los pueblos ind\u00edgenas y los ecologistas internamente, la UE, incluso a trav\u00e9s de sus representaciones pol\u00edticas, deber\u00eda proporcionar ayuda directa y r\u00e1pida cuando sea necesario.<\/li>\n<\/ol>\n<p>Le saluda atentamente<\/p>\n<p><strong>Internacional<\/strong><\/p>\n<p>ALBA Movimientos<br \/>\nFIAN International<br \/>\nfoodwatch international<br \/>\nGRAIN<br \/>\nGreenpeace<br \/>\nISP Interamericas<br \/>\nOMCT \u2013 World Organisation Against Torture<br \/>\nPlataforma Am\u00e9rica Latina mejor sin TLC<br \/>\nAlianza Biodiversidad<br \/>\nPSI Public Service International Am\u00e9ricas<\/p>\n<p><strong>Europa<\/strong><\/p>\n<p>CIDSE \u2013 International family of Catholic social justice organisations<br \/>\nClimate Alliance<br \/>\nCorporate Europe Observatory<br \/>\nEU-LAT Network<br \/>\nEuropean Coordination Via Campesina<br \/>\nEuropean Environmental Bureau<br \/>\nFern<br \/>\nFood &amp; Water Europe<br \/>\nFriends of the Earth Europe<br \/>\nInstitute for Agriculture and Trade Policy (IATP) Europe<br \/>\nS2B network<br \/>\nSlow Food Europe<\/p>\n<p><strong>Argentina<\/strong><\/p>\n<p>Acci\u00f3n por la Biodiversidad<br \/>\nAmigos de la Tierra Argentina<br \/>\nAMUMRA \u2013 Asociaci\u00f3n Civil de Derechos Humanos Mujeres Unidas Migrantes y Refugiadas en Argentina<br \/>\nAsamblea Argentina mejor sin TLC<br \/>\nATTAC Argentina<br \/>\nCOMUNA (Colectiva en Movimiento por una Universidad Nuestramericana) en el FPDS-CN<br \/>\nDi\u00e1logo 2000 \u2013 Jubileo Sur Argentina<br \/>\nFrente Patria Grande<br \/>\nFrente Popular Dario Santillan<br \/>\nFundaci\u00f3n Grupo Efecto Positivo<br \/>\nINPADE \/ FOCO<br \/>\nResumen Latinoamericano<br \/>\nVamos- Frente Patria Grande<\/p>\n<p><strong>Austria<\/strong><\/p>\n<p>Anders Handeln<br \/>\nAttac Austria<br \/>\nAustrian Federal Chamber of Labour\/AK Europa<br \/>\nClimate Alliance Austria<br \/>\nCoordination office of the Austrian episcopal conference for international development and mission (KOO)<br \/>\nDKA Austria<br \/>\nglobalista<br \/>\nGr\u00fcne Bildungswerkstatt N\u00d6<br \/>\nGrupo Encuentro Austria Argentina \u2013 GEAA<br \/>\nHORIZONT3000<br \/>\nInformationsgruppe Lateinamerika (IGLA)<br \/>\nInternational Fellowship of Reconciliation Austria<br \/>\nJahoda -Bauer Institut<br \/>\nNeSoVe \/ Network Social Responsibility<br \/>\n\u00d6BV-Via Campesina Austria<br \/>\nParents For Future Vienna<br \/>\nproge Union<br \/>\nSelbstbesteuerungsgruppe Bischof Kr\u00e4utler<br \/>\ntransform!at<br \/>\nv\u00f6wg<\/p>\n<p><strong>Pa\u00eds Vasco<\/strong><\/p>\n<p>ELA<br \/>\nMugarik Gabe<br \/>\nTRADENER<\/p>\n<p><strong>B\u00e9lgica<\/strong><\/p>\n<p>Commission Justice et Paix<br \/>\n11.11.11<br \/>\nBroederlijk Delen<br \/>\nCNCD-11.11.11<br \/>\nCommission Justice et Paix<br \/>\nEntraide et Fraternit\u00e9<br \/>\nFIAN Belgium<br \/>\nFIAN Belgium<br \/>\nIndignez-Vous<br \/>\nSOLIDAIR MET GUATEMALA<\/p>\n<p><strong>Bolivia<\/strong><\/p>\n<p>Fundaci\u00f3n Sol\u00f3n<\/p>\n<p>Bosnia y Herzegovina<\/p>\n<p>Centar za zivotnu sredinu\/ Friends of the Earth Bosnia and Herzegovina<\/p>\n<p><strong>Brasil<\/strong><\/p>\n<p>Justi\u00e7a nos Trilhos<br \/>\nMovimento dos Atingidos por Barragens \u2013 MAB<br \/>\nAMAST RJ<br \/>\nAMAU (Articula\u00e7\u00e3o Metropolitana de Agricultura Urbana e Periurbana)<br \/>\nAssocia\u00e7\u00e3o Alternativa Terrazul<br \/>\nAsssocia\u00e7\u00e3o para Recupera\u00e7\u00e3o e Conserva\u00e7\u00e3o do Ambiente \u2013 ARCA<br \/>\nCampanha Antipetroleira \u201cNem um po\u00e7o a mais!\u201d<br \/>\nCaritas Arquidiocesana de Bras\u00edlia<br \/>\nCentral \u00danica dos Trabalhadores \u2013 CUT<br \/>\nConfedera\u00e7\u00e3o Nacional dos Trabalhadores em Seguridade Social da CUT<br \/>\nCONFEDERA\u00c7\u00c3O NACIONAL DOS TRABALHADORES NA SA\u00daDE<br \/>\nConv\u00edvio Slow Food Parahyba<br \/>\nFASE \u2013 Solidariedade e Educa\u00e7\u00e3o<br \/>\nFasubra sindical<br \/>\nFedera\u00e7\u00e3o das Organiza\u00e7\u00f5es Ind\u00edgenas do Rio Negro \u2013 FOIRN<br \/>\nFedera\u00e7\u00e3o Nacional dos Enfermeiros<br \/>\nF\u00f3rum da Amaz\u00f4nia Oriental \u2013 FAOR<br \/>\nF\u00d3RUM MUDAN\u00c7AS CLIM\u00c1TICAS E JUSTI\u00c7A SOCIAL<br \/>\nGrupo semente<br \/>\nINESC<br \/>\nINESC \u2013 Instituto de Est\u00fadios Socioecon\u00f4micos<br \/>\n\u0130nstituto EQU\u0130T \u2013 G\u00eanero, Economia e Cidadania Global<br \/>\nInstituto Floresta de Pesquisa e Desenvolvimento Sustent\u00e1vel<br \/>\nINSTITUTO MADEIRA VIVO \u2013 IMV<br \/>\nJubileu Sul Brasil<br \/>\nJusti\u00e7a Global<br \/>\nMovimento dos Trabalhadores Sem Terra \u2013 MST<br \/>\nMovimento Urbano de Agroecologia \u2013 MUDA<br \/>\nOLMA \u2013 Observat\u00f3rio Nacional de Justi\u00e7a Socioambiental Luciano Mendes de Almeida<br \/>\nOpera\u00e7\u00e3o Amaz\u00f4nia Nativa<br \/>\nREBR\u0130P- Rede Brasileira pela \u0130ntegra\u00e7\u00e3o dos Povos<br \/>\nRede Jubileu Sul<br \/>\nSlow Food Brasil<br \/>\nSlow Food Salvador<br \/>\nTribunal Populr<\/p>\n<p><strong>Bulgaria<\/strong><\/p>\n<p>Za Zemiata \u2013 Friends of the Earth Bulgaria<\/p>\n<p><strong>Canad\u00e1<\/strong><br \/>\nComit\u00e9 pour les droits humains en Am\u00e9rique latine \u2013 CDHAL<\/p>\n<p><strong>Catalu\u00f1a<\/strong><br \/>\nLafede.cat \u2013 Organitzacions per a la Just\u00edcia Global<\/p>\n<p><strong>Chile<\/strong><br \/>\nPlataforma Chile mejor sin TLC<\/p>\n<p><strong>Colombia<\/strong><br \/>\nCoordinaci\u00f3n social y pol\u00edtica Marcha Patri\u00f3tica<br \/>\nMarcha Patriotica<br \/>\nProceso de Comunidades Negras<\/p>\n<p><strong>Croacia<\/strong><br \/>\nZelena akcija \/ Friends of the Earth Croatia<\/p>\n<p><strong>Chipre<\/strong><br \/>\nFriends of the Earth Cyprus<\/p>\n<p><strong>Rep\u00fablica Checa<\/strong><br \/>\nEkumenicka akademie<\/p>\n<p><strong>Dinamarca<\/strong><br \/>\nGlobal Aktion<br \/>\nNOAH \u2013 Friends of the Earth<br \/>\nVerdens Skove<\/p>\n<p><strong>Ecuador<\/strong><br \/>\nObservatorio Sociolaboral y del Di\u00e1logo Social Ecuador<br \/>\nOficina de Derechos de la Nauraleza<\/p>\n<p><strong>El Salvador<\/strong><br \/>\nColectiva Feminista para el Desarrollo Local<br \/>\nFundaci\u00f3n de e Estudios para la Aplicaci\u00f3n del Derecho -FESPAD<br \/>\nFundaci\u00f3n de Estudios para la Aplicaci\u00f3n del Derecho -FESPAD-<\/p>\n<p><strong>Inglaterra, Gales e Irlanda del Norte<\/strong><br \/>\nFriends of the Earth England, Wales and Northern Ireland<\/p>\n<p><strong>Estonia<\/strong><br \/>\nEstonian Forest Aid (Eesti Metsa Abiks)<br \/>\nEstonian Society for Nature Conservation<\/p>\n<p><strong>Finlandia<\/strong><br \/>\nFriends of the Earth Finland<br \/>\nFriends of the Landless<br \/>\nTTIP Network Finland<\/p>\n<p><strong>Francia<\/strong><br \/>\nActionAid France<br \/>\nAitec<br \/>\nalofa tuvalu<br \/>\nAMAR Brasil<br \/>\nAttac France<br \/>\nBloom<br \/>\ncedetim\/ipam<br \/>\ncollectif anti ogm 66<br \/>\nCollectif Causse M\u00e9jean \u2013 Gaz de Schiste NON !<br \/>\nCollectif Stop TAFTA \/ CETA<br \/>\nComit\u00e9 Pauvret\u00e9 et Politique<br \/>\nCommitee in solidarity with Indigenous Peoples of the Americas (CSIA-Nitassinan)<br \/>\nConfederation paysanne<br \/>\nConf\u00e9d\u00e9ration Paysanne Tarn<br \/>\nEmma\u00fcs International<br \/>\nFIDH (International Federation for Human Rights)<br \/>\nFrance Amerique Latine<br \/>\nFrance Nature Environnement<br \/>\nLDH pays Rochefortais<br \/>\nLe Lien 26<br \/>\nLes Amis de la Terre (Friends of the Earth France)<br \/>\nLes Amis du Monde Diplomatique<br \/>\nLes Amis du Mouvement des Sans Terre<br \/>\nMNLE<br \/>\nParents For Future France<br \/>\nReAct<br \/>\nR\u00e9seau europ\u00e9en pour la D\u00e9mocratie au Br\u00e9sil (RED.br)<br \/>\nr\u00e9seau Roosevelt<br \/>\nSherpa<br \/>\nSolidaires<br \/>\nVeblen Institute<\/p>\n<p><strong>Francia\/ Pa\u00eds Vasco<\/strong><br \/>\nBizi!<\/p>\n<p><strong>Alemania<\/strong><br \/>\nAG Recife e.V.<br \/>\nAgrar Koordination<br \/>\nAgrecol e.V.<br \/>\nAndy Gheorghiu Consulting<br \/>\nARA e.V.<br \/>\nArbeitsgemeinschaft b\u00e4uerliche Landwirtschaft (AbL)<br \/>\nBisch\u00f6fliches Hilfswerk MISEREOR<br \/>\nBrasiliengruppe T\u00fcbingen<br \/>\nBrasilieninitiative Freiburg e.V.<br \/>\nBrasiliennetzwerk Niedersachsen<br \/>\nBund f\u00fcr Umwelt und Naturschutz Deutschland (BUND) \/ Friends of the Earth Germany<br \/>\nBUND Laichingen<br \/>\nCampact<br \/>\nCoordination gegen BAYER-Gefahren<br \/>\nDEAB e.V.<br \/>\nDie AnStifter<br \/>\nDie AnStifter Stuttgart<br \/>\nDona Flor e.V.<br \/>\nEine-Welt-Verein Pachamama Stuttgart<br \/>\nElternseminar Stuttgart<br \/>\nErich Fromm Institute Tuebingen<br \/>\nFDCL \u2013 Center for Research and Documentation Chile-Latin America<br \/>\nFIAN Deutschland<br \/>\nForum \u00d6kologie &amp; Papier<br \/>\nGegenStr\u00f6mung \u2013 CounterCurrent<br \/>\nGentechnikfrei21.de<br \/>\nGerman NGO Forum on Environment and Development<br \/>\nHealth and Environment Justice Support International<br \/>\nInformationsb\u00fcro Nicaragua e.V.<br \/>\nInitiative kikuna e.V. \u2013 Zukunft Nachhaltig Gestalten<br \/>\njust human e.V.<br \/>\nKaite-ZIM e. V.<br \/>\nK\u00f6lner B\u00fcndnis f\u00fcr gerechten Welthandel<br \/>\nKolumbienkampagne Berlin<br \/>\nKooperation Brasilien e.V.<br \/>\nLernen im Aufbruch<br \/>\nmediation and project management agrobiodiversity<br \/>\nmediation and project management agrobiodiversity<br \/>\nNaturfreunde W\u00fcrttemberg e.V.<br \/>\nNaturschutzbund Deutschland<br \/>\nNetzwerk Gerechter Welthandel<br \/>\nParents For Future Bensheim<br \/>\nParents for Future Freiburg<br \/>\nParents for Future Stuttgart<br \/>\nPOEMA \u2013 Armut und Umwelt in Amazonien<br \/>\nPowerShift e.V.<br \/>\nPro REGENWALD<br \/>\nROBIN WOOD<br \/>\nSave Our Seeds<br \/>\nSociety for Threatened Peoples<br \/>\nStiftung Solidarische Welt \u2013 Berta K\u00fchnle<br \/>\nVerein f\u00fcr eine gerechte Welt e.V.<br \/>\nWEED \u2013 World Economy, Ecology &amp; Development<br \/>\nWelthaus F\u00fcrth<br \/>\nWeltladen Rottenburg<br \/>\nWeltladen-Dachverband e.V.<br \/>\nWomen Engage for a Common Future<br \/>\nWuppertaler Aktionsb\u00fcndnis gegen TTIP und andere Freihandelsfallen<br \/>\nEnergeno<br \/>\nParents for Future Dortmund<\/p>\n<p><strong>Grecia<\/strong><br \/>\nConsumer association for quality of life- ekpizo<\/p>\n<p><strong>Guatemala<\/strong><br \/>\nAsociaci\u00f3n Comunitaria para el Desarrollo ASERJUS<br \/>\nComit\u00e9 de Unidad Campesina<br \/>\nconsejo de investigaciones en desarrollo<br \/>\nServicios Jur\u00eddicos y Sociales, S.C.<\/p>\n<p><strong>Hait\u00ed<\/strong><br \/>\nPlateforme Ha\u00eftienne de Plaidoyer pour un D\u00e9veloppement Alternatif<\/p>\n<p><strong>Honduras<\/strong><br \/>\nDIAKONIA<\/p>\n<p><strong>Hungr\u00eda<\/strong><br \/>\nClean Air Action Group<br \/>\nMagyar Term\u00e9szetv\u00e9d\u0151k Sz\u00f6vets\u00e9ge (Friends of the Earth Hungary)<\/p>\n<p><strong>India<\/strong><br \/>\nMy Right To Breathe<\/p>\n<p><strong>Irlanda<\/strong><br \/>\nAn Cla\u00edomh Glas<br \/>\nforest friends ireland<br \/>\nGuarani-Kaiowa Solidarity Ireland<br \/>\nIcsa<br \/>\nIrish Cattle &amp; Sheep Farmers\u2019 Association<br \/>\nLatin America Solidarity Centre<br \/>\nLeave No Trace Ireland<br \/>\nPeoples Movement \u2013 Gluaiseacht an Phobail<br \/>\nRadio Latina<br \/>\nZWAI<br \/>\nStop Ceta Alliance<\/p>\n<p><strong>Italia<\/strong><br \/>\nFair watch<br \/>\nParents For Future \u2013 Turin<br \/>\nStop TTIP Italia<\/p>\n<p><strong>Luxemburgo <\/strong><br \/>\nASTM (Action Solidarit\u00e9 Tiers Monde)<br \/>\nBio-L\u00ebtzebuerg asbl<br \/>\nMouvement Ecologique<br \/>\nnatur&amp;\u00ebmwelt a.s.b.l.<\/p>\n<p><strong>Malta<\/strong><br \/>\nNature Trust \u2013 FEE Malta<\/p>\n<p><strong>M\u00e9xico<\/strong><br \/>\nUnam<br \/>\nRed Mexicana de Acci\u00f3n frente al libre Comercio<\/p>\n<p><strong>Paraguay<\/strong><br \/>\nHe\u00f1\u00f3i<\/p>\n<p><strong>Per\u00fa<\/strong><br \/>\nDerecho Ambiente y Recursos Naturales DAR<br \/>\nAsociaci\u00f3n Pro Derechos Humanos (APRODEH)<br \/>\nCooperAcci\u00f3n<br \/>\nLa Junta<br \/>\nMovimiento Nacional de Mujeres Todas Somos Micaela<br \/>\nRed Peruana por una Globalizaci\u00f3n con Equidad \u2013 RedGE<br \/>\nRed Peruana por una Globalizaci\u00f3n con Equidad RedGE<br \/>\nFederaci\u00f3n de Trabajadores del Agua Potable del Per\u00fa \u2013 FENTAP-<\/p>\n<p><strong>Polonia<\/strong><br \/>\nInstitute of Global Responsibility (IGO)<br \/>\nROZRUCH<\/p>\n<p><strong>Portugal<\/strong><br \/>\nAssocia\u00e7\u00e3o de Combate \u00e0 Precariedade \u2013 Prec\u00e1rios Inflex\u00edveis<br \/>\nCirco de Sonho<br \/>\nClim\u00e1ximo<br \/>\nCorporations- Zero Tolerance<br \/>\nGEOTA<br \/>\nGlocal Faro<br \/>\nGlocal Faro<br \/>\nMafra sem Glifosato<br \/>\nMAPA \u2013 Movimento de Ac\u00e7\u00e3o Pol\u00edtica<br \/>\nPalombar \u2013 Associa\u00e7\u00e3o de Conserva\u00e7\u00e3o da Natureza e do Patrim\u00f3nio Rural<br \/>\nParents For Future Portugal<br \/>\nplataforma algarve livre de petroleo<br \/>\nplataforma algarve livre de petroleo<br \/>\nPorto Sem OGM<br \/>\nQuercus, Associa\u00e7\u00e3o Nacional de Conserva\u00e7\u00e3o da Natureza<br \/>\nSOS Racismo Portugal<br \/>\nTeachers for Future<br \/>\nTROCA- Plataforma por um Com\u00e9rcio Internacional Justo<br \/>\nZERO \u2013 Association for the Sustainability of the Earth System<\/p>\n<p><strong>Rusia<\/strong><br \/>\nFriends of the Siberian Forests<\/p>\n<p><strong>Espa\u00f1a<\/strong><br \/>\nALTERNATIVA REPUBLICANA<br \/>\nAmigas de la Tierra<br \/>\nAmigos de la Tierra<br \/>\nASiA- Associaci\u00f3 Salut i Agroecologia<br \/>\nAttac Spain<br \/>\nCampanya Catalunya No als TCI<br \/>\nCOAG<br \/>\nCol.lectiu Agudells<br \/>\nCONGD-IB<br \/>\nDES DE BAIX (Asociaci\u00f3n para el debate y la Acci\u00f3n Ciudadana)<br \/>\nEcologistas en Acci\u00f3n<br \/>\nEcologistes en Acci\u00f3 Catalunya<br \/>\nEconomistas sin Fronteras<br \/>\nEnginyeria Sense Fronteres<br \/>\nEntrepueblos\/Entrepobles\/Entrepobos\/Herriarte<br \/>\nIniciativa Cambio Personal Justicia Global<br \/>\nINTUMA SL<br \/>\nISCOD \u2013 Instituto Sindical de Cooperaci\u00f3n al desarrollo de UGT<br \/>\nMarxa Mundial de Dones-Catalunya<br \/>\nObservatorio de Multinacionales en Am\u00e9rica Latina \u2013 Paz con Dignidad<br \/>\nPodemos Centro<br \/>\nSETEM Catalunya<br \/>\nSOLdePaz.Pachakuti<br \/>\nSUDS<br \/>\nUGT<\/p>\n<p><strong>Suecia<\/strong><br \/>\nFIAN Sweden<br \/>\nJordens Vanner<br \/>\nLatinamerikagrupperna \/\/ Solidaridad Suecia-Am\u00e9rica Latina (SAL)<br \/>\nParents For Future Sweden<\/p>\n<p><strong>Suiza<\/strong><br \/>\nBruno Manser Fund<br \/>\nCentre for Developmet and Environment, University of Bern<br \/>\nPro Natura \/ Friends of the Earth Switzerland<br \/>\nSolifonds<\/p>\n<p><strong>Pa\u00edses Bajos<\/strong><br \/>\nArisa<br \/>\nBoth ENDS<br \/>\nCommons Network<br \/>\nLa Chispa, digitaal platform over Latijns Amerika<br \/>\nMilieudefensie \u2013 Friends of the Earth Netherlands<br \/>\nPlatform Aarde Boer Consument<br \/>\nPlatform Duurzame en Solidaire Economie<br \/>\nSOMO<br \/>\nTransnational Institute<br \/>\nVrijschrift<br \/>\nWomen\u2019s International League for Peace and Freedom dutch section<\/p>\n<p><strong>Reino Unido<\/strong><br \/>\nBanana Link<br \/>\nCORE Coalition<br \/>\nEcoNexus<br \/>\nFarms not Factories<br \/>\nGlobal Justice Now<br \/>\nGlobalizations journal<br \/>\nHealth and Trade Network<br \/>\nHealth and Trade Network<br \/>\nLondon Mining Network<br \/>\nParents For Future UK<br \/>\nTraidcraft Exchange<br \/>\nWar on Want<\/p>\n<p><strong>Reino Unido\/ Francia<\/strong><br \/>\nRethinking Value Chains<\/p>\n<p><strong>Reino Unido\/ Pa\u00edses Bajos<\/strong><br \/>\nForest Peoples Programme<\/p>\n<p><strong>Uruguay<\/strong><br \/>\nREDES-Amigos del Tierra (FoE) Uruguay<\/p>\n<p><strong>Fuente: <\/strong>S2B Seattle to Brussels Network (<a href=\"https:\/\/s2bnetwork.org\/letter-brasil-bolsonaro-eu-mercosur\/\">https:\/\/s2bnetwork.org\/letter-brasil-bolsonaro-eu-mercosur\/<\/a>)<\/p>\n<p><em>Foto de portada: \u00a0<a href=\"https:\/\/www.flickr.com\/photos\/cifor\/35875449645\/in\/photolist-WEc4ig-PeL3pw-WAyU33-Wsy4v6-W4Tfuu-WEc3mB-W4RP4b-WsyGNx-WEcynP-VqEuQ4-NV7USh-MAgJNe-P3xFEg-N6awYw-NdKJ8V-P45uYf-NcAbhh-MFmcom-MpMNrQ-WAyVUu-VqE5a2-VqBYST-Wpe5Sm-WAB541-WpdDCU-WAB2Af-WpfjTq-WEbZpz-WszzdF-WE9iCz-WAAjFj-Wpd8pY-WEbY7K-WsvRnT-W4W6XU-Vo15Cf-WAy36u-WpfmV1-VqCJiR-WEc1QF-Wpej6A-WE9TRz-WsyZNK-WpdeFL-VqDFSB-Vo12QG-WpfUdm-W4THpb-WsyLT6-WAyFAQ\">Icaro Cooke Vieira \/ CIFOR\u00a0\u00a0 cifor.org<\/a>\u00a0<\/em> <em>bajo licencia de <a href=\"https:\/\/creativecommons.org\/licenses\/by-nc-nd\/2.0\/\">CC BY-NC-ND 2.0<\/a><\/em><\/p>\n<hr \/>\n<p><em>Traducci\u00f3n del ingl\u00e9s por Sof\u00eda Guevara<\/em><\/p>\n","protected":false},"excerpt":{"rendered":"<p>En una carta abierta conjunta a la UE, m\u00e1s de 340 organizaciones nacionales e internacionales de la sociedad civil de m\u00e1s de 45 pa\u00edses, entre ellas numerosas de Alemania y Austria, piden que se detengan las actuales negociaciones sobre el&hellip;<\/p>\n","protected":false},"author":1126,"featured_media":874637,"comment_status":"closed","ping_status":"closed","sticky":false,"template":"","format":"standard","meta":{"footnotes":""},"categories":[149,79,66,67],"tags":[60206,60208,11817,2749,16159,1265,60210,60209,441,60211,1300,60205,60207,11815,9533,4817],"class_list":["post-875983","post","type-post","status-publish","format-standard","has-post-thumbnail","hentry","category-comunicados-de-prensa","category-derechos-humanos","category-europa-es","category-sudamerica","tag-acuerdo-de-libre-comercio","tag-acuerdo-de-paris-sobre-el-clima","tag-amazonas-es","tag-brasil-es","tag-calentamiento-global","tag-cambio-climatico","tag-cerrado-es","tag-degradacion-del-medio-ambiente","tag-derechos-humanos","tag-jair-messias-bolsonaro-es","tag-mercosur","tag-negador-del-clima","tag-negadores-del-clima","tag-pueblos-indigenas","tag-ue-es","tag-union-europea"],"yoast_head":"<!-- This site is optimized with the Yoast SEO plugin v27.1.1 - https:\/\/yoast.com\/product\/yoast-seo-wordpress\/ -->\n<title>Carta abierta a la UE: detenga el Mercosur mientras Brasil viole los derechos humanos, niegue el cambio clim\u00e1tico y destruya el medio ambiente<\/title>\n<meta name=\"description\" content=\"En una carta abierta conjunta a la UE, m\u00e1s de 340 organizaciones nacionales e internacionales de la sociedad civil de m\u00e1s de 45 pa\u00edses, entre ellas\" \/>\n<meta name=\"robots\" content=\"index, follow, max-snippet:-1, max-image-preview:large, max-video-preview:-1\" \/>\n<link rel=\"canonical\" href=\"https:\/\/www.pressenza.com\/es\/2019\/06\/carta-abierta-a-la-ue-detenga-el-mercosur-mientras-brasil-viole-los-derechos-humanos-niegue-el-cambio-climatico-y-destruya-el-medio-ambiente\/\" \/>\n<meta property=\"og:locale\" content=\"es_ES\" \/>\n<meta property=\"og:type\" content=\"article\" \/>\n<meta property=\"og:title\" content=\"Carta abierta a la UE: detenga el Mercosur mientras Brasil viole los derechos humanos, niegue el cambio clim\u00e1tico y destruya el medio ambiente\" \/>\n<meta property=\"og:description\" content=\"En una carta abierta conjunta a la UE, m\u00e1s de 340 organizaciones nacionales e internacionales de la sociedad civil de m\u00e1s de 45 pa\u00edses, entre ellas\" \/>\n<meta property=\"og:url\" content=\"https:\/\/www.pressenza.com\/es\/2019\/06\/carta-abierta-a-la-ue-detenga-el-mercosur-mientras-brasil-viole-los-derechos-humanos-niegue-el-cambio-climatico-y-destruya-el-medio-ambiente\/\" \/>\n<meta property=\"og:site_name\" content=\"Pressenza\" \/>\n<meta property=\"article:publisher\" content=\"https:\/\/www.facebook.com\/PressenzaItalia\" \/>\n<meta property=\"article:author\" content=\"https:\/\/www.facebook.com\/PressenzaEnglish\/\" \/>\n<meta property=\"article:published_time\" content=\"2019-06-25T00:12:09+00:00\" \/>\n<meta property=\"og:image\" content=\"https:\/\/www.pressenza.com\/wp-content\/uploads\/2019\/06\/EU-Brasilien-Mercosur-Menschenrechte-Klimawandel-Umweltzerst\u00f6rung-offener-Brief-1.jpg\" \/>\n\t<meta property=\"og:image:width\" content=\"2048\" \/>\n\t<meta property=\"og:image:height\" content=\"1360\" \/>\n\t<meta property=\"og:image:type\" content=\"image\/jpeg\" \/>\n<meta name=\"author\" content=\"Pressenza New York\" \/>\n<meta name=\"twitter:card\" content=\"summary_large_image\" \/>\n<meta name=\"twitter:creator\" content=\"@PressenzaIPA\" \/>\n<meta name=\"twitter:site\" content=\"@PressenzaIPA\" \/>\n<meta name=\"twitter:label1\" content=\"Escrito por\" \/>\n\t<meta name=\"twitter:data1\" content=\"Pressenza New York\" \/>\n\t<meta name=\"twitter:label2\" content=\"Tiempo de lectura\" \/>\n\t<meta name=\"twitter:data2\" content=\"15 minutos\" \/>\n<script type=\"application\/ld+json\" class=\"yoast-schema-graph\">{\"@context\":\"https:\/\/schema.org\",\"@graph\":[{\"@type\":\"Article\",\"@id\":\"https:\/\/www.pressenza.com\/es\/2019\/06\/carta-abierta-a-la-ue-detenga-el-mercosur-mientras-brasil-viole-los-derechos-humanos-niegue-el-cambio-climatico-y-destruya-el-medio-ambiente\/#article\",\"isPartOf\":{\"@id\":\"https:\/\/www.pressenza.com\/es\/2019\/06\/carta-abierta-a-la-ue-detenga-el-mercosur-mientras-brasil-viole-los-derechos-humanos-niegue-el-cambio-climatico-y-destruya-el-medio-ambiente\/\"},\"author\":{\"name\":\"Pressenza New York\",\"@id\":\"https:\/\/www.pressenza.com\/es\/#\/schema\/person\/75ff8ec4b4b03f1d2da977bba83672b3\"},\"headline\":\"Carta abierta a la UE: detenga el Mercosur mientras Brasil viole los derechos humanos, niegue el cambio clim\u00e1tico y destruya el medio ambiente\",\"datePublished\":\"2019-06-25T00:12:09+00:00\",\"mainEntityOfPage\":{\"@id\":\"https:\/\/www.pressenza.com\/es\/2019\/06\/carta-abierta-a-la-ue-detenga-el-mercosur-mientras-brasil-viole-los-derechos-humanos-niegue-el-cambio-climatico-y-destruya-el-medio-ambiente\/\"},\"wordCount\":2935,\"publisher\":{\"@id\":\"https:\/\/www.pressenza.com\/es\/#organization\"},\"image\":{\"@id\":\"https:\/\/www.pressenza.com\/es\/2019\/06\/carta-abierta-a-la-ue-detenga-el-mercosur-mientras-brasil-viole-los-derechos-humanos-niegue-el-cambio-climatico-y-destruya-el-medio-ambiente\/#primaryimage\"},\"thumbnailUrl\":\"https:\/\/www.pressenza.com\/wp-content\/uploads\/2019\/06\/EU-Brasilien-Mercosur-Menschenrechte-Klimawandel-Umweltzerst\u00f6rung-offener-Brief-1.jpg\",\"keywords\":[\"acuerdo de libre comercio\",\"Acuerdo de Par\u00eds sobre el clima\",\"Amazonas\",\"Brasil\",\"calentamiento global\",\"cambio clim\u00e1tico\",\"Cerrado\",\"degradaci\u00f3n del medio ambiente\",\"Derechos humanos\",\"Jair Messias Bolsonaro\",\"MERCOSUR\",\"negador del clima\",\"negadores del clima\",\"Pueblos indigenas\",\"UE\",\"Uni\u00f3n Europea\"],\"articleSection\":[\"Comunicados de Prensa\",\"Derechos Humanos\",\"Europa\",\"Sudam\u00e9rica\"],\"inLanguage\":\"es\"},{\"@type\":\"WebPage\",\"@id\":\"https:\/\/www.pressenza.com\/es\/2019\/06\/carta-abierta-a-la-ue-detenga-el-mercosur-mientras-brasil-viole-los-derechos-humanos-niegue-el-cambio-climatico-y-destruya-el-medio-ambiente\/\",\"url\":\"https:\/\/www.pressenza.com\/es\/2019\/06\/carta-abierta-a-la-ue-detenga-el-mercosur-mientras-brasil-viole-los-derechos-humanos-niegue-el-cambio-climatico-y-destruya-el-medio-ambiente\/\",\"name\":\"Carta abierta a la UE: detenga el Mercosur mientras Brasil viole los derechos humanos, niegue el cambio clim\u00e1tico y destruya el medio ambiente\",\"isPartOf\":{\"@id\":\"https:\/\/www.pressenza.com\/es\/#website\"},\"primaryImageOfPage\":{\"@id\":\"https:\/\/www.pressenza.com\/es\/2019\/06\/carta-abierta-a-la-ue-detenga-el-mercosur-mientras-brasil-viole-los-derechos-humanos-niegue-el-cambio-climatico-y-destruya-el-medio-ambiente\/#primaryimage\"},\"image\":{\"@id\":\"https:\/\/www.pressenza.com\/es\/2019\/06\/carta-abierta-a-la-ue-detenga-el-mercosur-mientras-brasil-viole-los-derechos-humanos-niegue-el-cambio-climatico-y-destruya-el-medio-ambiente\/#primaryimage\"},\"thumbnailUrl\":\"https:\/\/www.pressenza.com\/wp-content\/uploads\/2019\/06\/EU-Brasilien-Mercosur-Menschenrechte-Klimawandel-Umweltzerst\u00f6rung-offener-Brief-1.jpg\",\"datePublished\":\"2019-06-25T00:12:09+00:00\",\"description\":\"En una carta abierta conjunta a la UE, m\u00e1s de 340 organizaciones nacionales e internacionales de la sociedad civil de m\u00e1s de 45 pa\u00edses, entre ellas\",\"breadcrumb\":{\"@id\":\"https:\/\/www.pressenza.com\/es\/2019\/06\/carta-abierta-a-la-ue-detenga-el-mercosur-mientras-brasil-viole-los-derechos-humanos-niegue-el-cambio-climatico-y-destruya-el-medio-ambiente\/#breadcrumb\"},\"inLanguage\":\"es\",\"potentialAction\":[{\"@type\":\"ReadAction\",\"target\":[\"https:\/\/www.pressenza.com\/es\/2019\/06\/carta-abierta-a-la-ue-detenga-el-mercosur-mientras-brasil-viole-los-derechos-humanos-niegue-el-cambio-climatico-y-destruya-el-medio-ambiente\/\"]}]},{\"@type\":\"ImageObject\",\"inLanguage\":\"es\",\"@id\":\"https:\/\/www.pressenza.com\/es\/2019\/06\/carta-abierta-a-la-ue-detenga-el-mercosur-mientras-brasil-viole-los-derechos-humanos-niegue-el-cambio-climatico-y-destruya-el-medio-ambiente\/#primaryimage\",\"url\":\"https:\/\/www.pressenza.com\/wp-content\/uploads\/2019\/06\/EU-Brasilien-Mercosur-Menschenrechte-Klimawandel-Umweltzerst\u00f6rung-offener-Brief-1.jpg\",\"contentUrl\":\"https:\/\/www.pressenza.com\/wp-content\/uploads\/2019\/06\/EU-Brasilien-Mercosur-Menschenrechte-Klimawandel-Umweltzerst\u00f6rung-offener-Brief-1.jpg\",\"width\":2048,\"height\":1360,\"caption\":\"Pr\u00e1tica de queimar o quintal para \u0093limpar\u0094 e desfazer do lixo. Photo by Icaro Cooke Vieira\/CIFOR cifor.org blog.cifor.org If you use one of our photos, please credit it accordingly and let us know. You can reach us through our Flickr account or at: cifor-mediainfo@cgiar.org and m.edliadi@cgiar.org\"},{\"@type\":\"BreadcrumbList\",\"@id\":\"https:\/\/www.pressenza.com\/es\/2019\/06\/carta-abierta-a-la-ue-detenga-el-mercosur-mientras-brasil-viole-los-derechos-humanos-niegue-el-cambio-climatico-y-destruya-el-medio-ambiente\/#breadcrumb\",\"itemListElement\":[{\"@type\":\"ListItem\",\"position\":1,\"name\":\"Accueil\",\"item\":\"https:\/\/www.pressenza.com\/es\/\"},{\"@type\":\"ListItem\",\"position\":2,\"name\":\"Carta abierta a la UE: detenga el Mercosur mientras Brasil viole los derechos humanos, niegue el cambio clim\u00e1tico y destruya el medio ambiente\"}]},{\"@type\":\"WebSite\",\"@id\":\"https:\/\/www.pressenza.com\/es\/#website\",\"url\":\"https:\/\/www.pressenza.com\/es\/\",\"name\":\"Pressenza\",\"description\":\"International Press Agency\",\"publisher\":{\"@id\":\"https:\/\/www.pressenza.com\/es\/#organization\"},\"potentialAction\":[{\"@type\":\"SearchAction\",\"target\":{\"@type\":\"EntryPoint\",\"urlTemplate\":\"https:\/\/www.pressenza.com\/es\/?s={search_term_string}\"},\"query-input\":{\"@type\":\"PropertyValueSpecification\",\"valueRequired\":true,\"valueName\":\"search_term_string\"}}],\"inLanguage\":\"es\"},{\"@type\":\"Organization\",\"@id\":\"https:\/\/www.pressenza.com\/es\/#organization\",\"name\":\"Pressenza\",\"url\":\"https:\/\/www.pressenza.com\/es\/\",\"logo\":{\"@type\":\"ImageObject\",\"inLanguage\":\"es\",\"@id\":\"https:\/\/www.pressenza.com\/es\/#\/schema\/logo\/image\/\",\"url\":\"https:\/\/www.pressenza.com\/wp-content\/uploads\/2022\/10\/pressenza_logo_200x200.jpg\",\"contentUrl\":\"https:\/\/www.pressenza.com\/wp-content\/uploads\/2022\/10\/pressenza_logo_200x200.jpg\",\"width\":200,\"height\":200,\"caption\":\"Pressenza\"},\"image\":{\"@id\":\"https:\/\/www.pressenza.com\/es\/#\/schema\/logo\/image\/\"},\"sameAs\":[\"https:\/\/www.facebook.com\/PressenzaItalia\",\"https:\/\/x.com\/PressenzaIPA\"]},{\"@type\":\"Person\",\"@id\":\"https:\/\/www.pressenza.com\/es\/#\/schema\/person\/75ff8ec4b4b03f1d2da977bba83672b3\",\"name\":\"Pressenza New York\",\"description\":\"News from the Pressenza Bureau in New York, United States\",\"sameAs\":[\"https:\/\/www.facebook.com\/PressenzaEnglish\/\",\"https:\/\/x.com\/PressenzaIPA\"],\"url\":\"https:\/\/www.pressenza.com\/es\/author\/pressenza-new-york\/\"}]}<\/script>\n<!-- \/ Yoast SEO plugin. -->","yoast_head_json":{"title":"Carta abierta a la UE: detenga el Mercosur mientras Brasil viole los derechos humanos, niegue el cambio clim\u00e1tico y destruya el medio ambiente","description":"En una carta abierta conjunta a la UE, m\u00e1s de 340 organizaciones nacionales e internacionales de la sociedad civil de m\u00e1s de 45 pa\u00edses, entre ellas","robots":{"index":"index","follow":"follow","max-snippet":"max-snippet:-1","max-image-preview":"max-image-preview:large","max-video-preview":"max-video-preview:-1"},"canonical":"https:\/\/www.pressenza.com\/es\/2019\/06\/carta-abierta-a-la-ue-detenga-el-mercosur-mientras-brasil-viole-los-derechos-humanos-niegue-el-cambio-climatico-y-destruya-el-medio-ambiente\/","og_locale":"es_ES","og_type":"article","og_title":"Carta abierta a la UE: detenga el Mercosur mientras Brasil viole los derechos humanos, niegue el cambio clim\u00e1tico y destruya el medio ambiente","og_description":"En una carta abierta conjunta a la UE, m\u00e1s de 340 organizaciones nacionales e internacionales de la sociedad civil de m\u00e1s de 45 pa\u00edses, entre ellas","og_url":"https:\/\/www.pressenza.com\/es\/2019\/06\/carta-abierta-a-la-ue-detenga-el-mercosur-mientras-brasil-viole-los-derechos-humanos-niegue-el-cambio-climatico-y-destruya-el-medio-ambiente\/","og_site_name":"Pressenza","article_publisher":"https:\/\/www.facebook.com\/PressenzaItalia","article_author":"https:\/\/www.facebook.com\/PressenzaEnglish\/","article_published_time":"2019-06-25T00:12:09+00:00","og_image":[{"width":2048,"height":1360,"url":"https:\/\/www.pressenza.com\/wp-content\/uploads\/2019\/06\/EU-Brasilien-Mercosur-Menschenrechte-Klimawandel-Umweltzerst\u00f6rung-offener-Brief-1.jpg","type":"image\/jpeg"}],"author":"Pressenza New York","twitter_card":"summary_large_image","twitter_creator":"@PressenzaIPA","twitter_site":"@PressenzaIPA","twitter_misc":{"Escrito por":"Pressenza New York","Tiempo de lectura":"15 minutos"},"schema":{"@context":"https:\/\/schema.org","@graph":[{"@type":"Article","@id":"https:\/\/www.pressenza.com\/es\/2019\/06\/carta-abierta-a-la-ue-detenga-el-mercosur-mientras-brasil-viole-los-derechos-humanos-niegue-el-cambio-climatico-y-destruya-el-medio-ambiente\/#article","isPartOf":{"@id":"https:\/\/www.pressenza.com\/es\/2019\/06\/carta-abierta-a-la-ue-detenga-el-mercosur-mientras-brasil-viole-los-derechos-humanos-niegue-el-cambio-climatico-y-destruya-el-medio-ambiente\/"},"author":{"name":"Pressenza New York","@id":"https:\/\/www.pressenza.com\/es\/#\/schema\/person\/75ff8ec4b4b03f1d2da977bba83672b3"},"headline":"Carta abierta a la UE: detenga el Mercosur mientras Brasil viole los derechos humanos, niegue el cambio clim\u00e1tico y destruya el medio ambiente","datePublished":"2019-06-25T00:12:09+00:00","mainEntityOfPage":{"@id":"https:\/\/www.pressenza.com\/es\/2019\/06\/carta-abierta-a-la-ue-detenga-el-mercosur-mientras-brasil-viole-los-derechos-humanos-niegue-el-cambio-climatico-y-destruya-el-medio-ambiente\/"},"wordCount":2935,"publisher":{"@id":"https:\/\/www.pressenza.com\/es\/#organization"},"image":{"@id":"https:\/\/www.pressenza.com\/es\/2019\/06\/carta-abierta-a-la-ue-detenga-el-mercosur-mientras-brasil-viole-los-derechos-humanos-niegue-el-cambio-climatico-y-destruya-el-medio-ambiente\/#primaryimage"},"thumbnailUrl":"https:\/\/www.pressenza.com\/wp-content\/uploads\/2019\/06\/EU-Brasilien-Mercosur-Menschenrechte-Klimawandel-Umweltzerst\u00f6rung-offener-Brief-1.jpg","keywords":["acuerdo de libre comercio","Acuerdo de Par\u00eds sobre el clima","Amazonas","Brasil","calentamiento global","cambio clim\u00e1tico","Cerrado","degradaci\u00f3n del medio ambiente","Derechos humanos","Jair Messias Bolsonaro","MERCOSUR","negador del clima","negadores del clima","Pueblos indigenas","UE","Uni\u00f3n Europea"],"articleSection":["Comunicados de Prensa","Derechos Humanos","Europa","Sudam\u00e9rica"],"inLanguage":"es"},{"@type":"WebPage","@id":"https:\/\/www.pressenza.com\/es\/2019\/06\/carta-abierta-a-la-ue-detenga-el-mercosur-mientras-brasil-viole-los-derechos-humanos-niegue-el-cambio-climatico-y-destruya-el-medio-ambiente\/","url":"https:\/\/www.pressenza.com\/es\/2019\/06\/carta-abierta-a-la-ue-detenga-el-mercosur-mientras-brasil-viole-los-derechos-humanos-niegue-el-cambio-climatico-y-destruya-el-medio-ambiente\/","name":"Carta abierta a la UE: detenga el Mercosur mientras Brasil viole los derechos humanos, niegue el cambio clim\u00e1tico y destruya el medio ambiente","isPartOf":{"@id":"https:\/\/www.pressenza.com\/es\/#website"},"primaryImageOfPage":{"@id":"https:\/\/www.pressenza.com\/es\/2019\/06\/carta-abierta-a-la-ue-detenga-el-mercosur-mientras-brasil-viole-los-derechos-humanos-niegue-el-cambio-climatico-y-destruya-el-medio-ambiente\/#primaryimage"},"image":{"@id":"https:\/\/www.pressenza.com\/es\/2019\/06\/carta-abierta-a-la-ue-detenga-el-mercosur-mientras-brasil-viole-los-derechos-humanos-niegue-el-cambio-climatico-y-destruya-el-medio-ambiente\/#primaryimage"},"thumbnailUrl":"https:\/\/www.pressenza.com\/wp-content\/uploads\/2019\/06\/EU-Brasilien-Mercosur-Menschenrechte-Klimawandel-Umweltzerst\u00f6rung-offener-Brief-1.jpg","datePublished":"2019-06-25T00:12:09+00:00","description":"En una carta abierta conjunta a la UE, m\u00e1s de 340 organizaciones nacionales e internacionales de la sociedad civil de m\u00e1s de 45 pa\u00edses, entre ellas","breadcrumb":{"@id":"https:\/\/www.pressenza.com\/es\/2019\/06\/carta-abierta-a-la-ue-detenga-el-mercosur-mientras-brasil-viole-los-derechos-humanos-niegue-el-cambio-climatico-y-destruya-el-medio-ambiente\/#breadcrumb"},"inLanguage":"es","potentialAction":[{"@type":"ReadAction","target":["https:\/\/www.pressenza.com\/es\/2019\/06\/carta-abierta-a-la-ue-detenga-el-mercosur-mientras-brasil-viole-los-derechos-humanos-niegue-el-cambio-climatico-y-destruya-el-medio-ambiente\/"]}]},{"@type":"ImageObject","inLanguage":"es","@id":"https:\/\/www.pressenza.com\/es\/2019\/06\/carta-abierta-a-la-ue-detenga-el-mercosur-mientras-brasil-viole-los-derechos-humanos-niegue-el-cambio-climatico-y-destruya-el-medio-ambiente\/#primaryimage","url":"https:\/\/www.pressenza.com\/wp-content\/uploads\/2019\/06\/EU-Brasilien-Mercosur-Menschenrechte-Klimawandel-Umweltzerst\u00f6rung-offener-Brief-1.jpg","contentUrl":"https:\/\/www.pressenza.com\/wp-content\/uploads\/2019\/06\/EU-Brasilien-Mercosur-Menschenrechte-Klimawandel-Umweltzerst\u00f6rung-offener-Brief-1.jpg","width":2048,"height":1360,"caption":"Pr\u00e1tica de queimar o quintal para \u0093limpar\u0094 e desfazer do lixo. Photo by Icaro Cooke Vieira\/CIFOR cifor.org blog.cifor.org If you use one of our photos, please credit it accordingly and let us know. You can reach us through our Flickr account or at: cifor-mediainfo@cgiar.org and m.edliadi@cgiar.org"},{"@type":"BreadcrumbList","@id":"https:\/\/www.pressenza.com\/es\/2019\/06\/carta-abierta-a-la-ue-detenga-el-mercosur-mientras-brasil-viole-los-derechos-humanos-niegue-el-cambio-climatico-y-destruya-el-medio-ambiente\/#breadcrumb","itemListElement":[{"@type":"ListItem","position":1,"name":"Accueil","item":"https:\/\/www.pressenza.com\/es\/"},{"@type":"ListItem","position":2,"name":"Carta abierta a la UE: detenga el Mercosur mientras Brasil viole los derechos humanos, niegue el cambio clim\u00e1tico y destruya el medio ambiente"}]},{"@type":"WebSite","@id":"https:\/\/www.pressenza.com\/es\/#website","url":"https:\/\/www.pressenza.com\/es\/","name":"Pressenza","description":"International Press Agency","publisher":{"@id":"https:\/\/www.pressenza.com\/es\/#organization"},"potentialAction":[{"@type":"SearchAction","target":{"@type":"EntryPoint","urlTemplate":"https:\/\/www.pressenza.com\/es\/?s={search_term_string}"},"query-input":{"@type":"PropertyValueSpecification","valueRequired":true,"valueName":"search_term_string"}}],"inLanguage":"es"},{"@type":"Organization","@id":"https:\/\/www.pressenza.com\/es\/#organization","name":"Pressenza","url":"https:\/\/www.pressenza.com\/es\/","logo":{"@type":"ImageObject","inLanguage":"es","@id":"https:\/\/www.pressenza.com\/es\/#\/schema\/logo\/image\/","url":"https:\/\/www.pressenza.com\/wp-content\/uploads\/2022\/10\/pressenza_logo_200x200.jpg","contentUrl":"https:\/\/www.pressenza.com\/wp-content\/uploads\/2022\/10\/pressenza_logo_200x200.jpg","width":200,"height":200,"caption":"Pressenza"},"image":{"@id":"https:\/\/www.pressenza.com\/es\/#\/schema\/logo\/image\/"},"sameAs":["https:\/\/www.facebook.com\/PressenzaItalia","https:\/\/x.com\/PressenzaIPA"]},{"@type":"Person","@id":"https:\/\/www.pressenza.com\/es\/#\/schema\/person\/75ff8ec4b4b03f1d2da977bba83672b3","name":"Pressenza New York","description":"News from the Pressenza Bureau in New York, United States","sameAs":["https:\/\/www.facebook.com\/PressenzaEnglish\/","https:\/\/x.com\/PressenzaIPA"],"url":"https:\/\/www.pressenza.com\/es\/author\/pressenza-new-york\/"}]}},"place":"","original_article_url":"","_links":{"self":[{"href":"https:\/\/www.pressenza.com\/es\/wp-json\/wp\/v2\/posts\/875983","targetHints":{"allow":["GET"]}}],"collection":[{"href":"https:\/\/www.pressenza.com\/es\/wp-json\/wp\/v2\/posts"}],"about":[{"href":"https:\/\/www.pressenza.com\/es\/wp-json\/wp\/v2\/types\/post"}],"author":[{"embeddable":true,"href":"https:\/\/www.pressenza.com\/es\/wp-json\/wp\/v2\/users\/1126"}],"replies":[{"embeddable":true,"href":"https:\/\/www.pressenza.com\/es\/wp-json\/wp\/v2\/comments?post=875983"}],"version-history":[{"count":0,"href":"https:\/\/www.pressenza.com\/es\/wp-json\/wp\/v2\/posts\/875983\/revisions"}],"wp:featuredmedia":[{"embeddable":true,"href":"https:\/\/www.pressenza.com\/es\/wp-json\/wp\/v2\/media\/874637"}],"wp:attachment":[{"href":"https:\/\/www.pressenza.com\/es\/wp-json\/wp\/v2\/media?parent=875983"}],"wp:term":[{"taxonomy":"category","embeddable":true,"href":"https:\/\/www.pressenza.com\/es\/wp-json\/wp\/v2\/categories?post=875983"},{"taxonomy":"post_tag","embeddable":true,"href":"https:\/\/www.pressenza.com\/es\/wp-json\/wp\/v2\/tags?post=875983"}],"curies":[{"name":"wp","href":"https:\/\/api.w.org\/{rel}","templated":true}]}}