{"id":873995,"date":"2019-06-20T23:09:15","date_gmt":"2019-06-20T22:09:15","guid":{"rendered":"https:\/\/www.pressenza.com\/?p=873995"},"modified":"2019-06-20T23:46:00","modified_gmt":"2019-06-20T22:46:00","slug":"nueva-marcha-docente-en-santiago-de-chile","status":"publish","type":"post","link":"https:\/\/www.pressenza.com\/es\/2019\/06\/nueva-marcha-docente-en-santiago-de-chile\/","title":{"rendered":"Nueva marcha docente en Santiago de Chile"},"content":{"rendered":"<p lang=\"es-ES-u-co-trad\" align=\"justify\">Por David Mel\u00e9ndez<\/p>\n<p class=\"western\" lang=\"es-ES-u-co-trad\" align=\"justify\">En el acto central del Colegio de Profesores de Chile, al final del Paseo Bulnes (y detr\u00e1s de la estatua al Presidente educador Pedro Aguirre Cerda), confluyeron este mediod\u00eda tres multitudinarias columnas de profesores y estudiantes, procedentes de comunas del norte, centro y sur del pa\u00eds, llegados a la capital en m\u00e1s de 140 buses para la Marcha Nacional Docente. El acto cont\u00f3 con la presencia de los principales dirigentes de los profesores, como su presidente Mario Aguilar, y diversos artistas, como la cantante Anita Tijoux. En varias ciudades de regiones tambi\u00e9n hubo movilizaciones.<\/p>\n<p class=\"western\" lang=\"es-ES-u-co-trad\" align=\"justify\">A principios de esta semana se someti\u00f3 a las bases del magisterio la aceptaci\u00f3n o rechazo de los puntos que se hab\u00edan hablado con el subsecretario de Educaci\u00f3n (la ministra Marcela Cubillos persiste en estar ausente y cerrada a todo di\u00e1logo). M\u00e1s de un 90% del profesorado rechaz\u00f3 la propuesta y decidi\u00f3 seguir en paro: las piedras de tope son el reconocimiento salarial a la menci\u00f3n de educadores diferenciales, el pago de la deuda hist\u00f3rica (indemnizaciones a los maestros tras el cambio de administraci\u00f3n de los colegios b\u00e1sicos y secundarios desde el Ministerio de Educaci\u00f3n a las municipalidades, la llamada \u201cmunicipalizaci\u00f3n\u201d), el cambio a la malla curricular de los dos \u00faltimos a\u00f1os de secundaria en que se dejan como optativos ramos tan importantes como Historia, Educaci\u00f3n F\u00edsica y Arte, entre otros temas. El gobierno no ha ofrecido respuesta a ninguna de estas demandas, por lo que tras la consulta con las bases se ha llegado a la cuarta semana de paralizaci\u00f3n.<\/p>\n<p class=\"western\" lang=\"es-ES-u-co-trad\" align=\"justify\">El Colegio de Profesores plantea que es cada vez m\u00e1s evidente una intenci\u00f3n de debilitamiento de la Educaci\u00f3n P\u00fablica, afectando el esp\u00edritu cr\u00edtico de los estudiantes y sobrecargando de trabajo a los profesores. La falta de recursos para el sector estatal busca someterlo a los dictados del neoliberalismo y convertirlo en una \u201cf\u00e1brica de mano de obra\u201d acr\u00edtica y desconocedora de sus derechos. El actual petitorio docente de once puntos no busca aumentar sus salarios, sino mejorar la calidad de la educaci\u00f3n p\u00fablica y las condiciones de trabajo de los profesores de Chile. Desde el inicio del paro, numerosas organizaciones sociales se han adherido, como la plataforma No+AFP, Federaciones de Estudiantes universitarios y secundarios, funcionarios del MINEDUC, etc.<\/p>\n<p class=\"western\" lang=\"es-ES-u-co-trad\" align=\"justify\">Para m\u00e1s informaci\u00f3n:<\/p>\n<p class=\"western\" lang=\"es-ES-u-co-trad\" align=\"justify\"><span style=\"color: #0563c1;\"><u><a href=\"https:\/\/twitter.com\/ColegioProfes\"><span style=\"font-family: Arial, serif;\"><span style=\"font-size: small;\">https:\/\/twitter.com\/ColegioProfes<\/span><\/span><\/a><\/u><\/span><\/p>\n<p class=\"western\" lang=\"es-ES-u-co-trad\" align=\"justify\"><span style=\"color: #0563c1;\"><u><a href=\"http:\/\/www.colegiodeprofesores.cl\/\">http:\/\/www.colegiodeprofesores.cl\/<\/a><\/u><\/span><\/p>\n<p>Las fotos son de David Mel\u00e9ndez y Marcela Campolo:<\/p>\n<div class=\"post-gallery\">\n\t\t\t<figure class=\"post-gallery-item\">\n\t\t\t\t<img decoding=\"async\" src=\"https:\/\/www.pressenza.com\/wp-content\/uploads\/2019\/06\/65173130_10157280146856358_899505510586253312_n-720x405.jpg\" loading=\"lazy\">\n\t\t\t\t<figcaption>\n\t\t\t\t\t\n\t\t\t\t<\/figcaption>\n\t\t\t<\/figure>\n\t\t\t<figure class=\"post-gallery-item\">\n\t\t\t\t<img decoding=\"async\" src=\"https:\/\/www.pressenza.com\/wp-content\/uploads\/2019\/06\/65121409_10157280183641358_2054647551939837952_n.jpg\" loading=\"lazy\">\n\t\t\t\t<figcaption>\n\t\t\t\t\t\n\t\t\t\t<\/figcaption>\n\t\t\t<\/figure>\n\t\t\t<figure class=\"post-gallery-item\">\n\t\t\t\t<img decoding=\"async\" src=\"https:\/\/www.pressenza.com\/wp-content\/uploads\/2019\/06\/65047468_10157280147161358_3282935188446773248_n-720x540.jpg\" loading=\"lazy\">\n\t\t\t\t<figcaption>\n\t\t\t\t\t\n\t\t\t\t<\/figcaption>\n\t\t\t<\/figure>\n\t\t\t<figure class=\"post-gallery-item\">\n\t\t\t\t<img decoding=\"async\" src=\"https:\/\/www.pressenza.com\/wp-content\/uploads\/2019\/06\/64760581_10157280146676358_2508159303412613120_n-720x960.jpg\" loading=\"lazy\">\n\t\t\t\t<figcaption>\n\t\t\t\t\t\n\t\t\t\t<\/figcaption>\n\t\t\t<\/figure><\/div>\n","protected":false},"excerpt":{"rendered":"<p>Por David Mel\u00e9ndez En el acto central del Colegio de Profesores de Chile, al final del Paseo Bulnes (y detr\u00e1s de la estatua al Presidente educador Pedro Aguirre Cerda), confluyeron este mediod\u00eda tres multitudinarias columnas de profesores y estudiantes, procedentes&hellip;<\/p>\n","protected":false},"author":43,"featured_media":873996,"comment_status":"closed","ping_status":"closed","sticky":false,"template":"","format":"standard","meta":{"footnotes":""},"categories":[11389,1230,67],"tags":[29,31339,16475,7784,59934,394],"class_list":["post-873995","post","type-post","status-publish","format-standard","has-post-thumbnail","hentry","category-contenido-original","category-educacion-tema","category-sudamerica","tag-chile","tag-colegio-de-profesores-de-chile","tag-marcha","tag-mario-aguilar","tag-paro-de-profesores","tag-protestas-sociales"],"yoast_head":"<!-- This site is optimized with the Yoast SEO plugin v27.1.1 - https:\/\/yoast.com\/product\/yoast-seo-wordpress\/ -->\n<title>Nueva marcha docente en Santiago de Chile<\/title>\n<meta name=\"description\" content=\"Chile, profesores en huelga, gran marcha por el centro de Santiago\" \/>\n<meta name=\"robots\" content=\"index, follow, max-snippet:-1, max-image-preview:large, max-video-preview:-1\" \/>\n<link rel=\"canonical\" href=\"https:\/\/www.pressenza.com\/es\/2019\/06\/nueva-marcha-docente-en-santiago-de-chile\/\" \/>\n<meta property=\"og:locale\" content=\"es_ES\" \/>\n<meta property=\"og:type\" content=\"article\" \/>\n<meta property=\"og:title\" content=\"Nueva marcha docente en Santiago de Chile\" \/>\n<meta property=\"og:description\" content=\"Chile, profesores en huelga, gran marcha por el centro de Santiago\" \/>\n<meta property=\"og:url\" content=\"https:\/\/www.pressenza.com\/es\/2019\/06\/nueva-marcha-docente-en-santiago-de-chile\/\" \/>\n<meta property=\"og:site_name\" content=\"Pressenza\" \/>\n<meta property=\"article:publisher\" content=\"https:\/\/www.facebook.com\/PressenzaItalia\" \/>\n<meta property=\"article:author\" content=\"https:\/\/www.facebook.com\/pressenza\" \/>\n<meta property=\"article:published_time\" content=\"2019-06-20T22:09:15+00:00\" \/>\n<meta property=\"article:modified_time\" content=\"2019-06-20T22:46:00+00:00\" \/>\n<meta property=\"og:image\" content=\"https:\/\/www.pressenza.com\/wp-content\/uploads\/2019\/06\/64670761_10157280146501358_7658675868503375872_n.jpg\" \/>\n\t<meta property=\"og:image:width\" content=\"960\" \/>\n\t<meta property=\"og:image:height\" content=\"720\" \/>\n\t<meta property=\"og:image:type\" content=\"image\/jpeg\" \/>\n<meta name=\"author\" content=\"Redacci\u00f3n Chile\" \/>\n<meta name=\"twitter:card\" content=\"summary_large_image\" \/>\n<meta name=\"twitter:creator\" content=\"@pressenza\" \/>\n<meta name=\"twitter:site\" content=\"@PressenzaIPA\" \/>\n<meta name=\"twitter:label1\" content=\"Escrito por\" \/>\n\t<meta name=\"twitter:data1\" content=\"Redacci\u00f3n Chile\" \/>\n\t<meta name=\"twitter:label2\" content=\"Tiempo de lectura\" \/>\n\t<meta name=\"twitter:data2\" content=\"2 minutos\" \/>\n<script type=\"application\/ld+json\" class=\"yoast-schema-graph\">{\"@context\":\"https:\/\/schema.org\",\"@graph\":[{\"@type\":\"Article\",\"@id\":\"https:\/\/www.pressenza.com\/es\/2019\/06\/nueva-marcha-docente-en-santiago-de-chile\/#article\",\"isPartOf\":{\"@id\":\"https:\/\/www.pressenza.com\/es\/2019\/06\/nueva-marcha-docente-en-santiago-de-chile\/\"},\"author\":{\"name\":\"Redacci\u00f3n Chile\",\"@id\":\"https:\/\/www.pressenza.com\/es\/#\/schema\/person\/d7db40df35d6698ba69ba9ee260944ed\"},\"headline\":\"Nueva marcha docente en Santiago de Chile\",\"datePublished\":\"2019-06-20T22:09:15+00:00\",\"dateModified\":\"2019-06-20T22:46:00+00:00\",\"mainEntityOfPage\":{\"@id\":\"https:\/\/www.pressenza.com\/es\/2019\/06\/nueva-marcha-docente-en-santiago-de-chile\/\"},\"wordCount\":438,\"publisher\":{\"@id\":\"https:\/\/www.pressenza.com\/es\/#organization\"},\"image\":{\"@id\":\"https:\/\/www.pressenza.com\/es\/2019\/06\/nueva-marcha-docente-en-santiago-de-chile\/#primaryimage\"},\"thumbnailUrl\":\"https:\/\/www.pressenza.com\/wp-content\/uploads\/2019\/06\/64670761_10157280146501358_7658675868503375872_n.jpg\",\"keywords\":[\"Chile\",\"Colegio de Profesores de Chile\",\"Marcha\",\"Mario Aguilar\",\"paro de profesores\",\"protestas sociales\"],\"articleSection\":[\"Contenido Original\",\"Educaci\u00f3n\",\"Sudam\u00e9rica\"],\"inLanguage\":\"es\"},{\"@type\":\"WebPage\",\"@id\":\"https:\/\/www.pressenza.com\/es\/2019\/06\/nueva-marcha-docente-en-santiago-de-chile\/\",\"url\":\"https:\/\/www.pressenza.com\/es\/2019\/06\/nueva-marcha-docente-en-santiago-de-chile\/\",\"name\":\"Nueva marcha docente en Santiago de Chile\",\"isPartOf\":{\"@id\":\"https:\/\/www.pressenza.com\/es\/#website\"},\"primaryImageOfPage\":{\"@id\":\"https:\/\/www.pressenza.com\/es\/2019\/06\/nueva-marcha-docente-en-santiago-de-chile\/#primaryimage\"},\"image\":{\"@id\":\"https:\/\/www.pressenza.com\/es\/2019\/06\/nueva-marcha-docente-en-santiago-de-chile\/#primaryimage\"},\"thumbnailUrl\":\"https:\/\/www.pressenza.com\/wp-content\/uploads\/2019\/06\/64670761_10157280146501358_7658675868503375872_n.jpg\",\"datePublished\":\"2019-06-20T22:09:15+00:00\",\"dateModified\":\"2019-06-20T22:46:00+00:00\",\"description\":\"Chile, profesores en huelga, gran marcha por el centro de Santiago\",\"breadcrumb\":{\"@id\":\"https:\/\/www.pressenza.com\/es\/2019\/06\/nueva-marcha-docente-en-santiago-de-chile\/#breadcrumb\"},\"inLanguage\":\"es\",\"potentialAction\":[{\"@type\":\"ReadAction\",\"target\":[\"https:\/\/www.pressenza.com\/es\/2019\/06\/nueva-marcha-docente-en-santiago-de-chile\/\"]}]},{\"@type\":\"ImageObject\",\"inLanguage\":\"es\",\"@id\":\"https:\/\/www.pressenza.com\/es\/2019\/06\/nueva-marcha-docente-en-santiago-de-chile\/#primaryimage\",\"url\":\"https:\/\/www.pressenza.com\/wp-content\/uploads\/2019\/06\/64670761_10157280146501358_7658675868503375872_n.jpg\",\"contentUrl\":\"https:\/\/www.pressenza.com\/wp-content\/uploads\/2019\/06\/64670761_10157280146501358_7658675868503375872_n.jpg\",\"width\":960,\"height\":720},{\"@type\":\"BreadcrumbList\",\"@id\":\"https:\/\/www.pressenza.com\/es\/2019\/06\/nueva-marcha-docente-en-santiago-de-chile\/#breadcrumb\",\"itemListElement\":[{\"@type\":\"ListItem\",\"position\":1,\"name\":\"Accueil\",\"item\":\"https:\/\/www.pressenza.com\/es\/\"},{\"@type\":\"ListItem\",\"position\":2,\"name\":\"Nueva marcha docente en Santiago de Chile\"}]},{\"@type\":\"WebSite\",\"@id\":\"https:\/\/www.pressenza.com\/es\/#website\",\"url\":\"https:\/\/www.pressenza.com\/es\/\",\"name\":\"Pressenza\",\"description\":\"International Press Agency\",\"publisher\":{\"@id\":\"https:\/\/www.pressenza.com\/es\/#organization\"},\"potentialAction\":[{\"@type\":\"SearchAction\",\"target\":{\"@type\":\"EntryPoint\",\"urlTemplate\":\"https:\/\/www.pressenza.com\/es\/?s={search_term_string}\"},\"query-input\":{\"@type\":\"PropertyValueSpecification\",\"valueRequired\":true,\"valueName\":\"search_term_string\"}}],\"inLanguage\":\"es\"},{\"@type\":\"Organization\",\"@id\":\"https:\/\/www.pressenza.com\/es\/#organization\",\"name\":\"Pressenza\",\"url\":\"https:\/\/www.pressenza.com\/es\/\",\"logo\":{\"@type\":\"ImageObject\",\"inLanguage\":\"es\",\"@id\":\"https:\/\/www.pressenza.com\/es\/#\/schema\/logo\/image\/\",\"url\":\"https:\/\/www.pressenza.com\/wp-content\/uploads\/2022\/10\/pressenza_logo_200x200.jpg\",\"contentUrl\":\"https:\/\/www.pressenza.com\/wp-content\/uploads\/2022\/10\/pressenza_logo_200x200.jpg\",\"width\":200,\"height\":200,\"caption\":\"Pressenza\"},\"image\":{\"@id\":\"https:\/\/www.pressenza.com\/es\/#\/schema\/logo\/image\/\"},\"sameAs\":[\"https:\/\/www.facebook.com\/PressenzaItalia\",\"https:\/\/x.com\/PressenzaIPA\"]},{\"@type\":\"Person\",\"@id\":\"https:\/\/www.pressenza.com\/es\/#\/schema\/person\/d7db40df35d6698ba69ba9ee260944ed\",\"name\":\"Redacci\u00f3n Chile\",\"description\":\"News from the Pressenza Bureau in Chile\",\"sameAs\":[\"https:\/\/www.facebook.com\/pressenza\",\"https:\/\/x.com\/pressenza\"],\"url\":\"https:\/\/www.pressenza.com\/es\/author\/redaccion-chile\/\"}]}<\/script>\n<!-- \/ Yoast SEO plugin. -->","yoast_head_json":{"title":"Nueva marcha docente en Santiago de Chile","description":"Chile, profesores en huelga, gran marcha por el centro de Santiago","robots":{"index":"index","follow":"follow","max-snippet":"max-snippet:-1","max-image-preview":"max-image-preview:large","max-video-preview":"max-video-preview:-1"},"canonical":"https:\/\/www.pressenza.com\/es\/2019\/06\/nueva-marcha-docente-en-santiago-de-chile\/","og_locale":"es_ES","og_type":"article","og_title":"Nueva marcha docente en Santiago de Chile","og_description":"Chile, profesores en huelga, gran marcha por el centro de Santiago","og_url":"https:\/\/www.pressenza.com\/es\/2019\/06\/nueva-marcha-docente-en-santiago-de-chile\/","og_site_name":"Pressenza","article_publisher":"https:\/\/www.facebook.com\/PressenzaItalia","article_author":"https:\/\/www.facebook.com\/pressenza","article_published_time":"2019-06-20T22:09:15+00:00","article_modified_time":"2019-06-20T22:46:00+00:00","og_image":[{"width":960,"height":720,"url":"https:\/\/www.pressenza.com\/wp-content\/uploads\/2019\/06\/64670761_10157280146501358_7658675868503375872_n.jpg","type":"image\/jpeg"}],"author":"Redacci\u00f3n Chile","twitter_card":"summary_large_image","twitter_creator":"@pressenza","twitter_site":"@PressenzaIPA","twitter_misc":{"Escrito por":"Redacci\u00f3n Chile","Tiempo de lectura":"2 minutos"},"schema":{"@context":"https:\/\/schema.org","@graph":[{"@type":"Article","@id":"https:\/\/www.pressenza.com\/es\/2019\/06\/nueva-marcha-docente-en-santiago-de-chile\/#article","isPartOf":{"@id":"https:\/\/www.pressenza.com\/es\/2019\/06\/nueva-marcha-docente-en-santiago-de-chile\/"},"author":{"name":"Redacci\u00f3n Chile","@id":"https:\/\/www.pressenza.com\/es\/#\/schema\/person\/d7db40df35d6698ba69ba9ee260944ed"},"headline":"Nueva marcha docente en Santiago de Chile","datePublished":"2019-06-20T22:09:15+00:00","dateModified":"2019-06-20T22:46:00+00:00","mainEntityOfPage":{"@id":"https:\/\/www.pressenza.com\/es\/2019\/06\/nueva-marcha-docente-en-santiago-de-chile\/"},"wordCount":438,"publisher":{"@id":"https:\/\/www.pressenza.com\/es\/#organization"},"image":{"@id":"https:\/\/www.pressenza.com\/es\/2019\/06\/nueva-marcha-docente-en-santiago-de-chile\/#primaryimage"},"thumbnailUrl":"https:\/\/www.pressenza.com\/wp-content\/uploads\/2019\/06\/64670761_10157280146501358_7658675868503375872_n.jpg","keywords":["Chile","Colegio de Profesores de Chile","Marcha","Mario Aguilar","paro de profesores","protestas sociales"],"articleSection":["Contenido Original","Educaci\u00f3n","Sudam\u00e9rica"],"inLanguage":"es"},{"@type":"WebPage","@id":"https:\/\/www.pressenza.com\/es\/2019\/06\/nueva-marcha-docente-en-santiago-de-chile\/","url":"https:\/\/www.pressenza.com\/es\/2019\/06\/nueva-marcha-docente-en-santiago-de-chile\/","name":"Nueva marcha docente en Santiago de Chile","isPartOf":{"@id":"https:\/\/www.pressenza.com\/es\/#website"},"primaryImageOfPage":{"@id":"https:\/\/www.pressenza.com\/es\/2019\/06\/nueva-marcha-docente-en-santiago-de-chile\/#primaryimage"},"image":{"@id":"https:\/\/www.pressenza.com\/es\/2019\/06\/nueva-marcha-docente-en-santiago-de-chile\/#primaryimage"},"thumbnailUrl":"https:\/\/www.pressenza.com\/wp-content\/uploads\/2019\/06\/64670761_10157280146501358_7658675868503375872_n.jpg","datePublished":"2019-06-20T22:09:15+00:00","dateModified":"2019-06-20T22:46:00+00:00","description":"Chile, profesores en huelga, gran marcha por el centro de Santiago","breadcrumb":{"@id":"https:\/\/www.pressenza.com\/es\/2019\/06\/nueva-marcha-docente-en-santiago-de-chile\/#breadcrumb"},"inLanguage":"es","potentialAction":[{"@type":"ReadAction","target":["https:\/\/www.pressenza.com\/es\/2019\/06\/nueva-marcha-docente-en-santiago-de-chile\/"]}]},{"@type":"ImageObject","inLanguage":"es","@id":"https:\/\/www.pressenza.com\/es\/2019\/06\/nueva-marcha-docente-en-santiago-de-chile\/#primaryimage","url":"https:\/\/www.pressenza.com\/wp-content\/uploads\/2019\/06\/64670761_10157280146501358_7658675868503375872_n.jpg","contentUrl":"https:\/\/www.pressenza.com\/wp-content\/uploads\/2019\/06\/64670761_10157280146501358_7658675868503375872_n.jpg","width":960,"height":720},{"@type":"BreadcrumbList","@id":"https:\/\/www.pressenza.com\/es\/2019\/06\/nueva-marcha-docente-en-santiago-de-chile\/#breadcrumb","itemListElement":[{"@type":"ListItem","position":1,"name":"Accueil","item":"https:\/\/www.pressenza.com\/es\/"},{"@type":"ListItem","position":2,"name":"Nueva marcha docente en Santiago de Chile"}]},{"@type":"WebSite","@id":"https:\/\/www.pressenza.com\/es\/#website","url":"https:\/\/www.pressenza.com\/es\/","name":"Pressenza","description":"International Press Agency","publisher":{"@id":"https:\/\/www.pressenza.com\/es\/#organization"},"potentialAction":[{"@type":"SearchAction","target":{"@type":"EntryPoint","urlTemplate":"https:\/\/www.pressenza.com\/es\/?s={search_term_string}"},"query-input":{"@type":"PropertyValueSpecification","valueRequired":true,"valueName":"search_term_string"}}],"inLanguage":"es"},{"@type":"Organization","@id":"https:\/\/www.pressenza.com\/es\/#organization","name":"Pressenza","url":"https:\/\/www.pressenza.com\/es\/","logo":{"@type":"ImageObject","inLanguage":"es","@id":"https:\/\/www.pressenza.com\/es\/#\/schema\/logo\/image\/","url":"https:\/\/www.pressenza.com\/wp-content\/uploads\/2022\/10\/pressenza_logo_200x200.jpg","contentUrl":"https:\/\/www.pressenza.com\/wp-content\/uploads\/2022\/10\/pressenza_logo_200x200.jpg","width":200,"height":200,"caption":"Pressenza"},"image":{"@id":"https:\/\/www.pressenza.com\/es\/#\/schema\/logo\/image\/"},"sameAs":["https:\/\/www.facebook.com\/PressenzaItalia","https:\/\/x.com\/PressenzaIPA"]},{"@type":"Person","@id":"https:\/\/www.pressenza.com\/es\/#\/schema\/person\/d7db40df35d6698ba69ba9ee260944ed","name":"Redacci\u00f3n Chile","description":"News from the Pressenza Bureau in Chile","sameAs":["https:\/\/www.facebook.com\/pressenza","https:\/\/x.com\/pressenza"],"url":"https:\/\/www.pressenza.com\/es\/author\/redaccion-chile\/"}]}},"place":"Santiago de Chile","original_article_url":"","_links":{"self":[{"href":"https:\/\/www.pressenza.com\/es\/wp-json\/wp\/v2\/posts\/873995","targetHints":{"allow":["GET"]}}],"collection":[{"href":"https:\/\/www.pressenza.com\/es\/wp-json\/wp\/v2\/posts"}],"about":[{"href":"https:\/\/www.pressenza.com\/es\/wp-json\/wp\/v2\/types\/post"}],"author":[{"embeddable":true,"href":"https:\/\/www.pressenza.com\/es\/wp-json\/wp\/v2\/users\/43"}],"replies":[{"embeddable":true,"href":"https:\/\/www.pressenza.com\/es\/wp-json\/wp\/v2\/comments?post=873995"}],"version-history":[{"count":0,"href":"https:\/\/www.pressenza.com\/es\/wp-json\/wp\/v2\/posts\/873995\/revisions"}],"wp:featuredmedia":[{"embeddable":true,"href":"https:\/\/www.pressenza.com\/es\/wp-json\/wp\/v2\/media\/873996"}],"wp:attachment":[{"href":"https:\/\/www.pressenza.com\/es\/wp-json\/wp\/v2\/media?parent=873995"}],"wp:term":[{"taxonomy":"category","embeddable":true,"href":"https:\/\/www.pressenza.com\/es\/wp-json\/wp\/v2\/categories?post=873995"},{"taxonomy":"post_tag","embeddable":true,"href":"https:\/\/www.pressenza.com\/es\/wp-json\/wp\/v2\/tags?post=873995"}],"curies":[{"name":"wp","href":"https:\/\/api.w.org\/{rel}","templated":true}]}}