{"id":872924,"date":"2019-06-18T23:56:04","date_gmt":"2019-06-18T22:56:04","guid":{"rendered":"https:\/\/www.pressenza.com\/?p=872924"},"modified":"2019-06-18T23:56:04","modified_gmt":"2019-06-18T22:56:04","slug":"diputado-hirsch-y-vecinos-de-lo-barnechea-se-manifiestan-contra-desalojo-impulsado-por-alcalde","status":"publish","type":"post","link":"https:\/\/www.pressenza.com\/es\/2019\/06\/diputado-hirsch-y-vecinos-de-lo-barnechea-se-manifiestan-contra-desalojo-impulsado-por-alcalde\/","title":{"rendered":"Diputado Hirsch y vecinos de Lo Barnechea se manifiestan contra desalojo impulsado por alcalde"},"content":{"rendered":"<blockquote><p>M\u00e1s 50 familias viven en la ladera de Cerro 18 en la Comuna de Lo Barnechea en Santiago, la capital chilena, y por orden del jefe comunal, en menos de tres meses ser\u00edan removidos y sus viviendas destruidas. El diputado humanista Tom\u00e1s Hirsch emplaz\u00f3 al alcalde junto a los vecinos con una masiva protesta frente al municipio.<\/p><\/blockquote>\n<p>Vecinos junto al diputado frenteamplista Tom\u00e1s Hirsch, se manifestaron contra la orden de desalojo impulsada por el alcalde de la comuna, Felipe Guevara, que pretende sacar a m\u00e1s de 50 familias que residen en los faldeos de Cerro 18 en un m\u00e1ximo de tres meses.<\/p>\n<p>Al respecto, el parlamentario asegur\u00f3 que \u201cprimero est\u00e1 el derecho humano de la gente para que tenga donde vivir \u00bfC\u00f3mo los van a echar a la calle? \u00bfC\u00f3mo le dice a las personas \u2018v\u00e1yase a Buin, Paine o a 50 km&#8217;? Viven ac\u00e1, trabajan en Lo Barnechea, tienen a sus hijos en colegios de aqu\u00ed. No puedes llegar y echarlos. Adem\u00e1s, el alcalde Guevara dice que ah\u00ed hay \u2018inhabitabilidad\u2019 \u00bfC\u00f3mo es posible que hayan en cambio en los cerros de La Dehesa departamentos y casas? Estamos pidiendo que la gente pueda seguir viviendo en su comuna y no terminen en la calle\u201d.<\/p>\n<p>\u201cLos vecinos llegaron ac\u00e1 mucho antes que el alcalde, antes que la funcionaria que sin respeto alguno les dice que se tienen que ir. Esto es indigno. Son familias del pueblo de Lo Barnechea que han vivido hist\u00f3ricamente ac\u00e1. Si el alcalde quiere hacer un proyecto o negocio inmobiliario que lo haga en otro lugar y no a costa de los vecinos y pobladores\u201d, puntualiz\u00f3 Hirsch.<\/p>\n<p><a href=\"https:\/\/www.pressenza.com\/wp-content\/uploads\/2019\/06\/64578176_10156818651508025_7786532483650027520_n.jpg\"><img loading=\"lazy\" decoding=\"async\" class=\"aligncenter size-full wp-image-872934\" src=\"https:\/\/www.pressenza.com\/wp-content\/uploads\/2019\/06\/64578176_10156818651508025_7786532483650027520_n.jpg\" alt=\"\" width=\"960\" height=\"720\" srcset=\"https:\/\/www.pressenza.com\/wp-content\/uploads\/2019\/06\/64578176_10156818651508025_7786532483650027520_n.jpg 960w, https:\/\/www.pressenza.com\/wp-content\/uploads\/2019\/06\/64578176_10156818651508025_7786532483650027520_n-300x225.jpg 300w, https:\/\/www.pressenza.com\/wp-content\/uploads\/2019\/06\/64578176_10156818651508025_7786532483650027520_n-768x576.jpg 768w, https:\/\/www.pressenza.com\/wp-content\/uploads\/2019\/06\/64578176_10156818651508025_7786532483650027520_n-720x540.jpg 720w\" sizes=\"auto, (max-width: 960px) 100vw, 960px\" \/><\/a><\/p>\n","protected":false},"excerpt":{"rendered":"<p>M\u00e1s 50 familias viven en la ladera de Cerro 18 en la Comuna de Lo Barnechea en Santiago, la capital chilena, y por orden del jefe comunal, en menos de tres meses ser\u00edan removidos y sus viviendas destruidas. El diputado&hellip;<\/p>\n","protected":false},"author":43,"featured_media":872925,"comment_status":"closed","ping_status":"closed","sticky":false,"template":"","format":"standard","meta":{"footnotes":""},"categories":[11389,74,67],"tags":[41598,29,16645,45395,412],"class_list":["post-872924","post","type-post","status-publish","format-standard","has-post-thumbnail","hentry","category-contenido-original","category-politica-es","category-sudamerica","tag-derecho-a-la-vivienda","tag-chile","tag-desalojo-es","tag-lo-barnechea","tag-tomas-hirsch"],"yoast_head":"<!-- This site is optimized with the Yoast SEO plugin v27.1.1 - https:\/\/yoast.com\/product\/yoast-seo-wordpress\/ -->\n<title>Diputado Hirsch y vecinos de Lo Barnechea se manifiestan contra desalojo impulsado por alcalde<\/title>\n<meta name=\"description\" content=\"Tom\u00e1s Hirsch y vecinos de Lo Branechea se manifiestan contra el desalojo impulsado por el alcalde\" \/>\n<meta name=\"robots\" content=\"index, follow, max-snippet:-1, max-image-preview:large, max-video-preview:-1\" \/>\n<link rel=\"canonical\" href=\"https:\/\/www.pressenza.com\/es\/2019\/06\/diputado-hirsch-y-vecinos-de-lo-barnechea-se-manifiestan-contra-desalojo-impulsado-por-alcalde\/\" \/>\n<meta property=\"og:locale\" content=\"es_ES\" \/>\n<meta property=\"og:type\" content=\"article\" \/>\n<meta property=\"og:title\" content=\"Diputado Hirsch y vecinos de Lo Barnechea se manifiestan contra desalojo impulsado por alcalde\" \/>\n<meta property=\"og:description\" content=\"Tom\u00e1s Hirsch y vecinos de Lo Branechea se manifiestan contra el desalojo impulsado por el alcalde\" \/>\n<meta property=\"og:url\" content=\"https:\/\/www.pressenza.com\/es\/2019\/06\/diputado-hirsch-y-vecinos-de-lo-barnechea-se-manifiestan-contra-desalojo-impulsado-por-alcalde\/\" \/>\n<meta property=\"og:site_name\" content=\"Pressenza\" \/>\n<meta property=\"article:publisher\" content=\"https:\/\/www.facebook.com\/PressenzaItalia\" \/>\n<meta property=\"article:author\" content=\"https:\/\/www.facebook.com\/pressenza\" \/>\n<meta property=\"article:published_time\" content=\"2019-06-18T22:56:04+00:00\" \/>\n<meta property=\"og:image\" content=\"https:\/\/www.pressenza.com\/wp-content\/uploads\/2019\/06\/64824505_10156818650533025_7772462819328393216_n.jpg\" \/>\n\t<meta property=\"og:image:width\" content=\"960\" \/>\n\t<meta property=\"og:image:height\" content=\"720\" \/>\n\t<meta property=\"og:image:type\" content=\"image\/jpeg\" \/>\n<meta name=\"author\" content=\"Redacci\u00f3n Chile\" \/>\n<meta name=\"twitter:card\" content=\"summary_large_image\" \/>\n<meta name=\"twitter:creator\" content=\"@pressenza\" \/>\n<meta name=\"twitter:site\" content=\"@PressenzaIPA\" \/>\n<meta name=\"twitter:label1\" content=\"Escrito por\" \/>\n\t<meta name=\"twitter:data1\" content=\"Redacci\u00f3n Chile\" \/>\n\t<meta name=\"twitter:label2\" content=\"Tiempo de lectura\" \/>\n\t<meta name=\"twitter:data2\" content=\"1 minuto\" \/>\n<script type=\"application\/ld+json\" class=\"yoast-schema-graph\">{\"@context\":\"https:\/\/schema.org\",\"@graph\":[{\"@type\":\"Article\",\"@id\":\"https:\/\/www.pressenza.com\/es\/2019\/06\/diputado-hirsch-y-vecinos-de-lo-barnechea-se-manifiestan-contra-desalojo-impulsado-por-alcalde\/#article\",\"isPartOf\":{\"@id\":\"https:\/\/www.pressenza.com\/es\/2019\/06\/diputado-hirsch-y-vecinos-de-lo-barnechea-se-manifiestan-contra-desalojo-impulsado-por-alcalde\/\"},\"author\":{\"name\":\"Redacci\u00f3n Chile\",\"@id\":\"https:\/\/www.pressenza.com\/es\/#\/schema\/person\/d7db40df35d6698ba69ba9ee260944ed\"},\"headline\":\"Diputado Hirsch y vecinos de Lo Barnechea se manifiestan contra desalojo impulsado por alcalde\",\"datePublished\":\"2019-06-18T22:56:04+00:00\",\"mainEntityOfPage\":{\"@id\":\"https:\/\/www.pressenza.com\/es\/2019\/06\/diputado-hirsch-y-vecinos-de-lo-barnechea-se-manifiestan-contra-desalojo-impulsado-por-alcalde\/\"},\"wordCount\":291,\"publisher\":{\"@id\":\"https:\/\/www.pressenza.com\/es\/#organization\"},\"image\":{\"@id\":\"https:\/\/www.pressenza.com\/es\/2019\/06\/diputado-hirsch-y-vecinos-de-lo-barnechea-se-manifiestan-contra-desalojo-impulsado-por-alcalde\/#primaryimage\"},\"thumbnailUrl\":\"https:\/\/www.pressenza.com\/wp-content\/uploads\/2019\/06\/64824505_10156818650533025_7772462819328393216_n.jpg\",\"keywords\":[\"#derecho a la vivienda\",\"Chile\",\"desalojo\",\"Lo Barnechea\",\"Tom\u00e1s Hirsch\"],\"articleSection\":[\"Contenido Original\",\"Pol\u00edtica\",\"Sudam\u00e9rica\"],\"inLanguage\":\"es\"},{\"@type\":\"WebPage\",\"@id\":\"https:\/\/www.pressenza.com\/es\/2019\/06\/diputado-hirsch-y-vecinos-de-lo-barnechea-se-manifiestan-contra-desalojo-impulsado-por-alcalde\/\",\"url\":\"https:\/\/www.pressenza.com\/es\/2019\/06\/diputado-hirsch-y-vecinos-de-lo-barnechea-se-manifiestan-contra-desalojo-impulsado-por-alcalde\/\",\"name\":\"Diputado Hirsch y vecinos de Lo Barnechea se manifiestan contra desalojo impulsado por alcalde\",\"isPartOf\":{\"@id\":\"https:\/\/www.pressenza.com\/es\/#website\"},\"primaryImageOfPage\":{\"@id\":\"https:\/\/www.pressenza.com\/es\/2019\/06\/diputado-hirsch-y-vecinos-de-lo-barnechea-se-manifiestan-contra-desalojo-impulsado-por-alcalde\/#primaryimage\"},\"image\":{\"@id\":\"https:\/\/www.pressenza.com\/es\/2019\/06\/diputado-hirsch-y-vecinos-de-lo-barnechea-se-manifiestan-contra-desalojo-impulsado-por-alcalde\/#primaryimage\"},\"thumbnailUrl\":\"https:\/\/www.pressenza.com\/wp-content\/uploads\/2019\/06\/64824505_10156818650533025_7772462819328393216_n.jpg\",\"datePublished\":\"2019-06-18T22:56:04+00:00\",\"description\":\"Tom\u00e1s Hirsch y vecinos de Lo Branechea se manifiestan contra el desalojo impulsado por el alcalde\",\"breadcrumb\":{\"@id\":\"https:\/\/www.pressenza.com\/es\/2019\/06\/diputado-hirsch-y-vecinos-de-lo-barnechea-se-manifiestan-contra-desalojo-impulsado-por-alcalde\/#breadcrumb\"},\"inLanguage\":\"es\",\"potentialAction\":[{\"@type\":\"ReadAction\",\"target\":[\"https:\/\/www.pressenza.com\/es\/2019\/06\/diputado-hirsch-y-vecinos-de-lo-barnechea-se-manifiestan-contra-desalojo-impulsado-por-alcalde\/\"]}]},{\"@type\":\"ImageObject\",\"inLanguage\":\"es\",\"@id\":\"https:\/\/www.pressenza.com\/es\/2019\/06\/diputado-hirsch-y-vecinos-de-lo-barnechea-se-manifiestan-contra-desalojo-impulsado-por-alcalde\/#primaryimage\",\"url\":\"https:\/\/www.pressenza.com\/wp-content\/uploads\/2019\/06\/64824505_10156818650533025_7772462819328393216_n.jpg\",\"contentUrl\":\"https:\/\/www.pressenza.com\/wp-content\/uploads\/2019\/06\/64824505_10156818650533025_7772462819328393216_n.jpg\",\"width\":960,\"height\":720},{\"@type\":\"BreadcrumbList\",\"@id\":\"https:\/\/www.pressenza.com\/es\/2019\/06\/diputado-hirsch-y-vecinos-de-lo-barnechea-se-manifiestan-contra-desalojo-impulsado-por-alcalde\/#breadcrumb\",\"itemListElement\":[{\"@type\":\"ListItem\",\"position\":1,\"name\":\"Accueil\",\"item\":\"https:\/\/www.pressenza.com\/es\/\"},{\"@type\":\"ListItem\",\"position\":2,\"name\":\"Diputado Hirsch y vecinos de Lo Barnechea se manifiestan contra desalojo impulsado por alcalde\"}]},{\"@type\":\"WebSite\",\"@id\":\"https:\/\/www.pressenza.com\/es\/#website\",\"url\":\"https:\/\/www.pressenza.com\/es\/\",\"name\":\"Pressenza\",\"description\":\"International Press Agency\",\"publisher\":{\"@id\":\"https:\/\/www.pressenza.com\/es\/#organization\"},\"potentialAction\":[{\"@type\":\"SearchAction\",\"target\":{\"@type\":\"EntryPoint\",\"urlTemplate\":\"https:\/\/www.pressenza.com\/es\/?s={search_term_string}\"},\"query-input\":{\"@type\":\"PropertyValueSpecification\",\"valueRequired\":true,\"valueName\":\"search_term_string\"}}],\"inLanguage\":\"es\"},{\"@type\":\"Organization\",\"@id\":\"https:\/\/www.pressenza.com\/es\/#organization\",\"name\":\"Pressenza\",\"url\":\"https:\/\/www.pressenza.com\/es\/\",\"logo\":{\"@type\":\"ImageObject\",\"inLanguage\":\"es\",\"@id\":\"https:\/\/www.pressenza.com\/es\/#\/schema\/logo\/image\/\",\"url\":\"https:\/\/www.pressenza.com\/wp-content\/uploads\/2022\/10\/pressenza_logo_200x200.jpg\",\"contentUrl\":\"https:\/\/www.pressenza.com\/wp-content\/uploads\/2022\/10\/pressenza_logo_200x200.jpg\",\"width\":200,\"height\":200,\"caption\":\"Pressenza\"},\"image\":{\"@id\":\"https:\/\/www.pressenza.com\/es\/#\/schema\/logo\/image\/\"},\"sameAs\":[\"https:\/\/www.facebook.com\/PressenzaItalia\",\"https:\/\/x.com\/PressenzaIPA\"]},{\"@type\":\"Person\",\"@id\":\"https:\/\/www.pressenza.com\/es\/#\/schema\/person\/d7db40df35d6698ba69ba9ee260944ed\",\"name\":\"Redacci\u00f3n Chile\",\"description\":\"News from the Pressenza Bureau in Chile\",\"sameAs\":[\"https:\/\/www.facebook.com\/pressenza\",\"https:\/\/x.com\/pressenza\"],\"url\":\"https:\/\/www.pressenza.com\/es\/author\/redaccion-chile\/\"}]}<\/script>\n<!-- \/ Yoast SEO plugin. -->","yoast_head_json":{"title":"Diputado Hirsch y vecinos de Lo Barnechea se manifiestan contra desalojo impulsado por alcalde","description":"Tom\u00e1s Hirsch y vecinos de Lo Branechea se manifiestan contra el desalojo impulsado por el alcalde","robots":{"index":"index","follow":"follow","max-snippet":"max-snippet:-1","max-image-preview":"max-image-preview:large","max-video-preview":"max-video-preview:-1"},"canonical":"https:\/\/www.pressenza.com\/es\/2019\/06\/diputado-hirsch-y-vecinos-de-lo-barnechea-se-manifiestan-contra-desalojo-impulsado-por-alcalde\/","og_locale":"es_ES","og_type":"article","og_title":"Diputado Hirsch y vecinos de Lo Barnechea se manifiestan contra desalojo impulsado por alcalde","og_description":"Tom\u00e1s Hirsch y vecinos de Lo Branechea se manifiestan contra el desalojo impulsado por el alcalde","og_url":"https:\/\/www.pressenza.com\/es\/2019\/06\/diputado-hirsch-y-vecinos-de-lo-barnechea-se-manifiestan-contra-desalojo-impulsado-por-alcalde\/","og_site_name":"Pressenza","article_publisher":"https:\/\/www.facebook.com\/PressenzaItalia","article_author":"https:\/\/www.facebook.com\/pressenza","article_published_time":"2019-06-18T22:56:04+00:00","og_image":[{"width":960,"height":720,"url":"https:\/\/www.pressenza.com\/wp-content\/uploads\/2019\/06\/64824505_10156818650533025_7772462819328393216_n.jpg","type":"image\/jpeg"}],"author":"Redacci\u00f3n Chile","twitter_card":"summary_large_image","twitter_creator":"@pressenza","twitter_site":"@PressenzaIPA","twitter_misc":{"Escrito por":"Redacci\u00f3n Chile","Tiempo de lectura":"1 minuto"},"schema":{"@context":"https:\/\/schema.org","@graph":[{"@type":"Article","@id":"https:\/\/www.pressenza.com\/es\/2019\/06\/diputado-hirsch-y-vecinos-de-lo-barnechea-se-manifiestan-contra-desalojo-impulsado-por-alcalde\/#article","isPartOf":{"@id":"https:\/\/www.pressenza.com\/es\/2019\/06\/diputado-hirsch-y-vecinos-de-lo-barnechea-se-manifiestan-contra-desalojo-impulsado-por-alcalde\/"},"author":{"name":"Redacci\u00f3n Chile","@id":"https:\/\/www.pressenza.com\/es\/#\/schema\/person\/d7db40df35d6698ba69ba9ee260944ed"},"headline":"Diputado Hirsch y vecinos de Lo Barnechea se manifiestan contra desalojo impulsado por alcalde","datePublished":"2019-06-18T22:56:04+00:00","mainEntityOfPage":{"@id":"https:\/\/www.pressenza.com\/es\/2019\/06\/diputado-hirsch-y-vecinos-de-lo-barnechea-se-manifiestan-contra-desalojo-impulsado-por-alcalde\/"},"wordCount":291,"publisher":{"@id":"https:\/\/www.pressenza.com\/es\/#organization"},"image":{"@id":"https:\/\/www.pressenza.com\/es\/2019\/06\/diputado-hirsch-y-vecinos-de-lo-barnechea-se-manifiestan-contra-desalojo-impulsado-por-alcalde\/#primaryimage"},"thumbnailUrl":"https:\/\/www.pressenza.com\/wp-content\/uploads\/2019\/06\/64824505_10156818650533025_7772462819328393216_n.jpg","keywords":["#derecho a la vivienda","Chile","desalojo","Lo Barnechea","Tom\u00e1s Hirsch"],"articleSection":["Contenido Original","Pol\u00edtica","Sudam\u00e9rica"],"inLanguage":"es"},{"@type":"WebPage","@id":"https:\/\/www.pressenza.com\/es\/2019\/06\/diputado-hirsch-y-vecinos-de-lo-barnechea-se-manifiestan-contra-desalojo-impulsado-por-alcalde\/","url":"https:\/\/www.pressenza.com\/es\/2019\/06\/diputado-hirsch-y-vecinos-de-lo-barnechea-se-manifiestan-contra-desalojo-impulsado-por-alcalde\/","name":"Diputado Hirsch y vecinos de Lo Barnechea se manifiestan contra desalojo impulsado por alcalde","isPartOf":{"@id":"https:\/\/www.pressenza.com\/es\/#website"},"primaryImageOfPage":{"@id":"https:\/\/www.pressenza.com\/es\/2019\/06\/diputado-hirsch-y-vecinos-de-lo-barnechea-se-manifiestan-contra-desalojo-impulsado-por-alcalde\/#primaryimage"},"image":{"@id":"https:\/\/www.pressenza.com\/es\/2019\/06\/diputado-hirsch-y-vecinos-de-lo-barnechea-se-manifiestan-contra-desalojo-impulsado-por-alcalde\/#primaryimage"},"thumbnailUrl":"https:\/\/www.pressenza.com\/wp-content\/uploads\/2019\/06\/64824505_10156818650533025_7772462819328393216_n.jpg","datePublished":"2019-06-18T22:56:04+00:00","description":"Tom\u00e1s Hirsch y vecinos de Lo Branechea se manifiestan contra el desalojo impulsado por el alcalde","breadcrumb":{"@id":"https:\/\/www.pressenza.com\/es\/2019\/06\/diputado-hirsch-y-vecinos-de-lo-barnechea-se-manifiestan-contra-desalojo-impulsado-por-alcalde\/#breadcrumb"},"inLanguage":"es","potentialAction":[{"@type":"ReadAction","target":["https:\/\/www.pressenza.com\/es\/2019\/06\/diputado-hirsch-y-vecinos-de-lo-barnechea-se-manifiestan-contra-desalojo-impulsado-por-alcalde\/"]}]},{"@type":"ImageObject","inLanguage":"es","@id":"https:\/\/www.pressenza.com\/es\/2019\/06\/diputado-hirsch-y-vecinos-de-lo-barnechea-se-manifiestan-contra-desalojo-impulsado-por-alcalde\/#primaryimage","url":"https:\/\/www.pressenza.com\/wp-content\/uploads\/2019\/06\/64824505_10156818650533025_7772462819328393216_n.jpg","contentUrl":"https:\/\/www.pressenza.com\/wp-content\/uploads\/2019\/06\/64824505_10156818650533025_7772462819328393216_n.jpg","width":960,"height":720},{"@type":"BreadcrumbList","@id":"https:\/\/www.pressenza.com\/es\/2019\/06\/diputado-hirsch-y-vecinos-de-lo-barnechea-se-manifiestan-contra-desalojo-impulsado-por-alcalde\/#breadcrumb","itemListElement":[{"@type":"ListItem","position":1,"name":"Accueil","item":"https:\/\/www.pressenza.com\/es\/"},{"@type":"ListItem","position":2,"name":"Diputado Hirsch y vecinos de Lo Barnechea se manifiestan contra desalojo impulsado por alcalde"}]},{"@type":"WebSite","@id":"https:\/\/www.pressenza.com\/es\/#website","url":"https:\/\/www.pressenza.com\/es\/","name":"Pressenza","description":"International Press Agency","publisher":{"@id":"https:\/\/www.pressenza.com\/es\/#organization"},"potentialAction":[{"@type":"SearchAction","target":{"@type":"EntryPoint","urlTemplate":"https:\/\/www.pressenza.com\/es\/?s={search_term_string}"},"query-input":{"@type":"PropertyValueSpecification","valueRequired":true,"valueName":"search_term_string"}}],"inLanguage":"es"},{"@type":"Organization","@id":"https:\/\/www.pressenza.com\/es\/#organization","name":"Pressenza","url":"https:\/\/www.pressenza.com\/es\/","logo":{"@type":"ImageObject","inLanguage":"es","@id":"https:\/\/www.pressenza.com\/es\/#\/schema\/logo\/image\/","url":"https:\/\/www.pressenza.com\/wp-content\/uploads\/2022\/10\/pressenza_logo_200x200.jpg","contentUrl":"https:\/\/www.pressenza.com\/wp-content\/uploads\/2022\/10\/pressenza_logo_200x200.jpg","width":200,"height":200,"caption":"Pressenza"},"image":{"@id":"https:\/\/www.pressenza.com\/es\/#\/schema\/logo\/image\/"},"sameAs":["https:\/\/www.facebook.com\/PressenzaItalia","https:\/\/x.com\/PressenzaIPA"]},{"@type":"Person","@id":"https:\/\/www.pressenza.com\/es\/#\/schema\/person\/d7db40df35d6698ba69ba9ee260944ed","name":"Redacci\u00f3n Chile","description":"News from the Pressenza Bureau in Chile","sameAs":["https:\/\/www.facebook.com\/pressenza","https:\/\/x.com\/pressenza"],"url":"https:\/\/www.pressenza.com\/es\/author\/redaccion-chile\/"}]}},"place":"Santiago de Chile","original_article_url":"","_links":{"self":[{"href":"https:\/\/www.pressenza.com\/es\/wp-json\/wp\/v2\/posts\/872924","targetHints":{"allow":["GET"]}}],"collection":[{"href":"https:\/\/www.pressenza.com\/es\/wp-json\/wp\/v2\/posts"}],"about":[{"href":"https:\/\/www.pressenza.com\/es\/wp-json\/wp\/v2\/types\/post"}],"author":[{"embeddable":true,"href":"https:\/\/www.pressenza.com\/es\/wp-json\/wp\/v2\/users\/43"}],"replies":[{"embeddable":true,"href":"https:\/\/www.pressenza.com\/es\/wp-json\/wp\/v2\/comments?post=872924"}],"version-history":[{"count":0,"href":"https:\/\/www.pressenza.com\/es\/wp-json\/wp\/v2\/posts\/872924\/revisions"}],"wp:featuredmedia":[{"embeddable":true,"href":"https:\/\/www.pressenza.com\/es\/wp-json\/wp\/v2\/media\/872925"}],"wp:attachment":[{"href":"https:\/\/www.pressenza.com\/es\/wp-json\/wp\/v2\/media?parent=872924"}],"wp:term":[{"taxonomy":"category","embeddable":true,"href":"https:\/\/www.pressenza.com\/es\/wp-json\/wp\/v2\/categories?post=872924"},{"taxonomy":"post_tag","embeddable":true,"href":"https:\/\/www.pressenza.com\/es\/wp-json\/wp\/v2\/tags?post=872924"}],"curies":[{"name":"wp","href":"https:\/\/api.w.org\/{rel}","templated":true}]}}