{"id":872422,"date":"2019-06-17T18:22:32","date_gmt":"2019-06-17T17:22:32","guid":{"rendered":"https:\/\/www.pressenza.com\/?p=872422"},"modified":"2019-06-17T18:22:32","modified_gmt":"2019-06-17T17:22:32","slug":"definen-estrategia-en-colombia-para-salvar-la-paz","status":"publish","type":"post","link":"https:\/\/www.pressenza.com\/es\/2019\/06\/definen-estrategia-en-colombia-para-salvar-la-paz\/","title":{"rendered":"Definen estrategia en Colombia para salvar la paz"},"content":{"rendered":"<div class=\"fullNewsIntrotext\">El movimiento Defendamos la Paz de Colombia realiz\u00f3 hoy en esta capital su primer encuentro nacional para definir la estrategia que permita salvar la implementaci\u00f3n del acuerdo pactado en La Habana.<\/div>\n<div><\/div>\n<div class=\"fullNewsIntrotext\">Cientos de integrantes de esa fuerza, a la que pertenecen exmediadores del proceso de paz, exministros y exconstituyentes, congresistas, acad\u00e9micos, artistas y l\u00edderes de partidos pol\u00edticos se reunieron de urgencia para enfrentar los planes de la ultraderecha gobernante enfilados a derogar aspectos sustanciales del Acuerdo de Paz.<\/p>\n<p>El exministro del Interior Juan Fernando Cristo dio a conocer en el encuentro, celebrado en el Centro Cultural Gabriel Garc\u00eda M\u00e1rquez, que el Movimiento saldr\u00e1 a las calles a recoger un mill\u00f3n de firmas en respaldo a los 16 puestos en la C\u00e1mara de Representantes de las v\u00edctimas del conflicto armado, que habr\u00edan sido aprobados en el Congreso y desestimadas por los sectores seguidores del expresidente \u00c1lvaro Uribe.<\/p>\n<p>Cristo afirm\u00f3 que el qu\u00f3rum fue suficiente para aprobar las curules de la paz, tal como ratific\u00f3 la Corte Constitucional al validar de igual modo el rechazo a las objeciones del Gobierno Nacional a la ley estatutaria de la Jurisdicci\u00f3n Especial para la Paz (JEP).<\/p>\n<p>Los presentes en la reuni\u00f3n de este lunes criticaron tambi\u00e9n con fuerza la idea del gobernante partido Centro Democr\u00e1tico de impulsar un referendo que busca anular la JEP y revocar las Altas Cortes, lo que representar\u00eda acabar con el Estado Social de Derecho en el pa\u00eds.<\/p>\n<p>En declaraci\u00f3n al cierre de la reuni\u00f3n el movimiento Defendamos la Paz alert\u00f3 de la animadversi\u00f3n prevaleciente en la extrema derecha al Acuerdo pactado en la capital cubana, &#8216;lo que puede expresar contenidos de car\u00e1cter autoritario que, si son difundidos con m\u00e9todos antidemocr\u00e1ticos como el uso sistem\u00e1tico de la mentira, incitan al odio&#8217;.<\/p>\n<p>El mencionado bloque inst\u00f3 al presidente de Colombia, Iv\u00e1n Duque, &#8216;a que no se deje tentar por las corrientes del autoritarismo y a que cumpla su promesa de implementar en forma integral el Acuerdo de Paz&#8217;.<\/p>\n<p>Asimismo, &#8216;a que abandone el intento de cambio de reglas del juego para la justicia transicional y a que se emplee a fondo en acabar con los asesinatos de las personas que, en los territorios, lideran la defensa de las comunidades; y a que no desconozca la generosa ayuda de la comunidad internacional para la salida del conflicto armado en Colombia&#8217;.<\/p><\/div>\n<div><\/div>\n<div class=\"fullNewsIntrotext\">Fuente:\u00a0Prensa Latina<\/p>\n<\/div>\n","protected":false},"excerpt":{"rendered":"<p>El movimiento Defendamos la Paz de Colombia realiz\u00f3 hoy en esta capital su primer encuentro nacional para definir la estrategia que permita salvar la implementaci\u00f3n del acuerdo pactado en La Habana. Cientos de integrantes de esa fuerza, a la que&hellip;<\/p>\n","protected":false},"author":90,"featured_media":872423,"comment_status":"closed","ping_status":"closed","sticky":false,"template":"","format":"standard","meta":{"footnotes":""},"categories":[1243,67],"tags":[58301,31091],"class_list":["post-872422","post","type-post","status-publish","format-standard","has-post-thumbnail","hentry","category-paz-desarme","category-sudamerica","tag-jep","tag-paz-en-colombia"],"yoast_head":"<!-- This site is optimized with the Yoast SEO plugin v27.1.1 - https:\/\/yoast.com\/product\/yoast-seo-wordpress\/ -->\n<title>Definen estrategia en Colombia para salvar la paz<\/title>\n<meta name=\"description\" content=\"El movimiento Defendamos la Paz de Colombia realiz\u00f3 hoy en esta capital su primer encuentro nacional para definir la estrategia que permita salvar la\" \/>\n<meta name=\"robots\" content=\"index, follow, max-snippet:-1, max-image-preview:large, max-video-preview:-1\" \/>\n<link rel=\"canonical\" href=\"https:\/\/www.pressenza.com\/es\/2019\/06\/definen-estrategia-en-colombia-para-salvar-la-paz\/\" \/>\n<meta property=\"og:locale\" content=\"es_ES\" \/>\n<meta property=\"og:type\" content=\"article\" \/>\n<meta property=\"og:title\" content=\"Definen estrategia en Colombia para salvar la paz\" \/>\n<meta property=\"og:description\" content=\"El movimiento Defendamos la Paz de Colombia realiz\u00f3 hoy en esta capital su primer encuentro nacional para definir la estrategia que permita salvar la\" \/>\n<meta property=\"og:url\" content=\"https:\/\/www.pressenza.com\/es\/2019\/06\/definen-estrategia-en-colombia-para-salvar-la-paz\/\" \/>\n<meta property=\"og:site_name\" content=\"Pressenza\" \/>\n<meta property=\"article:publisher\" content=\"https:\/\/www.facebook.com\/PressenzaItalia\" \/>\n<meta property=\"article:author\" content=\"https:\/\/www.facebook.com\/AgenciaPrensaLatina\" \/>\n<meta property=\"article:published_time\" content=\"2019-06-17T17:22:32+00:00\" \/>\n<meta property=\"og:image\" content=\"https:\/\/www.pressenza.com\/wp-content\/uploads\/2019\/06\/paz-colombia.jpg\" \/>\n\t<meta property=\"og:image:width\" content=\"1200\" \/>\n\t<meta property=\"og:image:height\" content=\"654\" \/>\n\t<meta property=\"og:image:type\" content=\"image\/jpeg\" \/>\n<meta name=\"author\" content=\"Prensa Latina\" \/>\n<meta name=\"twitter:card\" content=\"summary_large_image\" \/>\n<meta name=\"twitter:creator\" content=\"@prensalatina_cu\" \/>\n<meta name=\"twitter:site\" content=\"@PressenzaIPA\" \/>\n<meta name=\"twitter:label1\" content=\"Escrito por\" \/>\n\t<meta name=\"twitter:data1\" content=\"Prensa Latina\" \/>\n\t<meta name=\"twitter:label2\" content=\"Tiempo de lectura\" \/>\n\t<meta name=\"twitter:data2\" content=\"2 minutos\" \/>\n<script type=\"application\/ld+json\" class=\"yoast-schema-graph\">{\"@context\":\"https:\/\/schema.org\",\"@graph\":[{\"@type\":\"Article\",\"@id\":\"https:\/\/www.pressenza.com\/es\/2019\/06\/definen-estrategia-en-colombia-para-salvar-la-paz\/#article\",\"isPartOf\":{\"@id\":\"https:\/\/www.pressenza.com\/es\/2019\/06\/definen-estrategia-en-colombia-para-salvar-la-paz\/\"},\"author\":{\"name\":\"Prensa Latina\",\"@id\":\"https:\/\/www.pressenza.com\/es\/#\/schema\/person\/e35c78ffa242d98f4f49ccb18c8631de\"},\"headline\":\"Definen estrategia en Colombia para salvar la paz\",\"datePublished\":\"2019-06-17T17:22:32+00:00\",\"mainEntityOfPage\":{\"@id\":\"https:\/\/www.pressenza.com\/es\/2019\/06\/definen-estrategia-en-colombia-para-salvar-la-paz\/\"},\"wordCount\":422,\"publisher\":{\"@id\":\"https:\/\/www.pressenza.com\/es\/#organization\"},\"image\":{\"@id\":\"https:\/\/www.pressenza.com\/es\/2019\/06\/definen-estrategia-en-colombia-para-salvar-la-paz\/#primaryimage\"},\"thumbnailUrl\":\"https:\/\/www.pressenza.com\/wp-content\/uploads\/2019\/06\/paz-colombia.jpg\",\"keywords\":[\"JEP\",\"paz en Colombia\"],\"articleSection\":[\"Paz y Desarme\",\"Sudam\u00e9rica\"],\"inLanguage\":\"es\"},{\"@type\":\"WebPage\",\"@id\":\"https:\/\/www.pressenza.com\/es\/2019\/06\/definen-estrategia-en-colombia-para-salvar-la-paz\/\",\"url\":\"https:\/\/www.pressenza.com\/es\/2019\/06\/definen-estrategia-en-colombia-para-salvar-la-paz\/\",\"name\":\"Definen estrategia en Colombia para salvar la paz\",\"isPartOf\":{\"@id\":\"https:\/\/www.pressenza.com\/es\/#website\"},\"primaryImageOfPage\":{\"@id\":\"https:\/\/www.pressenza.com\/es\/2019\/06\/definen-estrategia-en-colombia-para-salvar-la-paz\/#primaryimage\"},\"image\":{\"@id\":\"https:\/\/www.pressenza.com\/es\/2019\/06\/definen-estrategia-en-colombia-para-salvar-la-paz\/#primaryimage\"},\"thumbnailUrl\":\"https:\/\/www.pressenza.com\/wp-content\/uploads\/2019\/06\/paz-colombia.jpg\",\"datePublished\":\"2019-06-17T17:22:32+00:00\",\"description\":\"El movimiento Defendamos la Paz de Colombia realiz\u00f3 hoy en esta capital su primer encuentro nacional para definir la estrategia que permita salvar la\",\"breadcrumb\":{\"@id\":\"https:\/\/www.pressenza.com\/es\/2019\/06\/definen-estrategia-en-colombia-para-salvar-la-paz\/#breadcrumb\"},\"inLanguage\":\"es\",\"potentialAction\":[{\"@type\":\"ReadAction\",\"target\":[\"https:\/\/www.pressenza.com\/es\/2019\/06\/definen-estrategia-en-colombia-para-salvar-la-paz\/\"]}]},{\"@type\":\"ImageObject\",\"inLanguage\":\"es\",\"@id\":\"https:\/\/www.pressenza.com\/es\/2019\/06\/definen-estrategia-en-colombia-para-salvar-la-paz\/#primaryimage\",\"url\":\"https:\/\/www.pressenza.com\/wp-content\/uploads\/2019\/06\/paz-colombia.jpg\",\"contentUrl\":\"https:\/\/www.pressenza.com\/wp-content\/uploads\/2019\/06\/paz-colombia.jpg\",\"width\":1200,\"height\":654},{\"@type\":\"BreadcrumbList\",\"@id\":\"https:\/\/www.pressenza.com\/es\/2019\/06\/definen-estrategia-en-colombia-para-salvar-la-paz\/#breadcrumb\",\"itemListElement\":[{\"@type\":\"ListItem\",\"position\":1,\"name\":\"Accueil\",\"item\":\"https:\/\/www.pressenza.com\/es\/\"},{\"@type\":\"ListItem\",\"position\":2,\"name\":\"Definen estrategia en Colombia para salvar la paz\"}]},{\"@type\":\"WebSite\",\"@id\":\"https:\/\/www.pressenza.com\/es\/#website\",\"url\":\"https:\/\/www.pressenza.com\/es\/\",\"name\":\"Pressenza\",\"description\":\"International Press Agency\",\"publisher\":{\"@id\":\"https:\/\/www.pressenza.com\/es\/#organization\"},\"potentialAction\":[{\"@type\":\"SearchAction\",\"target\":{\"@type\":\"EntryPoint\",\"urlTemplate\":\"https:\/\/www.pressenza.com\/es\/?s={search_term_string}\"},\"query-input\":{\"@type\":\"PropertyValueSpecification\",\"valueRequired\":true,\"valueName\":\"search_term_string\"}}],\"inLanguage\":\"es\"},{\"@type\":\"Organization\",\"@id\":\"https:\/\/www.pressenza.com\/es\/#organization\",\"name\":\"Pressenza\",\"url\":\"https:\/\/www.pressenza.com\/es\/\",\"logo\":{\"@type\":\"ImageObject\",\"inLanguage\":\"es\",\"@id\":\"https:\/\/www.pressenza.com\/es\/#\/schema\/logo\/image\/\",\"url\":\"https:\/\/www.pressenza.com\/wp-content\/uploads\/2022\/10\/pressenza_logo_200x200.jpg\",\"contentUrl\":\"https:\/\/www.pressenza.com\/wp-content\/uploads\/2022\/10\/pressenza_logo_200x200.jpg\",\"width\":200,\"height\":200,\"caption\":\"Pressenza\"},\"image\":{\"@id\":\"https:\/\/www.pressenza.com\/es\/#\/schema\/logo\/image\/\"},\"sameAs\":[\"https:\/\/www.facebook.com\/PressenzaItalia\",\"https:\/\/x.com\/PressenzaIPA\"]},{\"@type\":\"Person\",\"@id\":\"https:\/\/www.pressenza.com\/es\/#\/schema\/person\/e35c78ffa242d98f4f49ccb18c8631de\",\"name\":\"Prensa Latina\",\"description\":\"www.prensa-latina.cu\",\"sameAs\":[\"https:\/\/www.facebook.com\/AgenciaPrensaLatina\",\"https:\/\/x.com\/prensalatina_cu\"],\"url\":\"https:\/\/www.pressenza.com\/es\/author\/prensa-latina\/\"}]}<\/script>\n<!-- \/ Yoast SEO plugin. -->","yoast_head_json":{"title":"Definen estrategia en Colombia para salvar la paz","description":"El movimiento Defendamos la Paz de Colombia realiz\u00f3 hoy en esta capital su primer encuentro nacional para definir la estrategia que permita salvar la","robots":{"index":"index","follow":"follow","max-snippet":"max-snippet:-1","max-image-preview":"max-image-preview:large","max-video-preview":"max-video-preview:-1"},"canonical":"https:\/\/www.pressenza.com\/es\/2019\/06\/definen-estrategia-en-colombia-para-salvar-la-paz\/","og_locale":"es_ES","og_type":"article","og_title":"Definen estrategia en Colombia para salvar la paz","og_description":"El movimiento Defendamos la Paz de Colombia realiz\u00f3 hoy en esta capital su primer encuentro nacional para definir la estrategia que permita salvar la","og_url":"https:\/\/www.pressenza.com\/es\/2019\/06\/definen-estrategia-en-colombia-para-salvar-la-paz\/","og_site_name":"Pressenza","article_publisher":"https:\/\/www.facebook.com\/PressenzaItalia","article_author":"https:\/\/www.facebook.com\/AgenciaPrensaLatina","article_published_time":"2019-06-17T17:22:32+00:00","og_image":[{"width":1200,"height":654,"url":"https:\/\/www.pressenza.com\/wp-content\/uploads\/2019\/06\/paz-colombia.jpg","type":"image\/jpeg"}],"author":"Prensa Latina","twitter_card":"summary_large_image","twitter_creator":"@prensalatina_cu","twitter_site":"@PressenzaIPA","twitter_misc":{"Escrito por":"Prensa Latina","Tiempo de lectura":"2 minutos"},"schema":{"@context":"https:\/\/schema.org","@graph":[{"@type":"Article","@id":"https:\/\/www.pressenza.com\/es\/2019\/06\/definen-estrategia-en-colombia-para-salvar-la-paz\/#article","isPartOf":{"@id":"https:\/\/www.pressenza.com\/es\/2019\/06\/definen-estrategia-en-colombia-para-salvar-la-paz\/"},"author":{"name":"Prensa Latina","@id":"https:\/\/www.pressenza.com\/es\/#\/schema\/person\/e35c78ffa242d98f4f49ccb18c8631de"},"headline":"Definen estrategia en Colombia para salvar la paz","datePublished":"2019-06-17T17:22:32+00:00","mainEntityOfPage":{"@id":"https:\/\/www.pressenza.com\/es\/2019\/06\/definen-estrategia-en-colombia-para-salvar-la-paz\/"},"wordCount":422,"publisher":{"@id":"https:\/\/www.pressenza.com\/es\/#organization"},"image":{"@id":"https:\/\/www.pressenza.com\/es\/2019\/06\/definen-estrategia-en-colombia-para-salvar-la-paz\/#primaryimage"},"thumbnailUrl":"https:\/\/www.pressenza.com\/wp-content\/uploads\/2019\/06\/paz-colombia.jpg","keywords":["JEP","paz en Colombia"],"articleSection":["Paz y Desarme","Sudam\u00e9rica"],"inLanguage":"es"},{"@type":"WebPage","@id":"https:\/\/www.pressenza.com\/es\/2019\/06\/definen-estrategia-en-colombia-para-salvar-la-paz\/","url":"https:\/\/www.pressenza.com\/es\/2019\/06\/definen-estrategia-en-colombia-para-salvar-la-paz\/","name":"Definen estrategia en Colombia para salvar la paz","isPartOf":{"@id":"https:\/\/www.pressenza.com\/es\/#website"},"primaryImageOfPage":{"@id":"https:\/\/www.pressenza.com\/es\/2019\/06\/definen-estrategia-en-colombia-para-salvar-la-paz\/#primaryimage"},"image":{"@id":"https:\/\/www.pressenza.com\/es\/2019\/06\/definen-estrategia-en-colombia-para-salvar-la-paz\/#primaryimage"},"thumbnailUrl":"https:\/\/www.pressenza.com\/wp-content\/uploads\/2019\/06\/paz-colombia.jpg","datePublished":"2019-06-17T17:22:32+00:00","description":"El movimiento Defendamos la Paz de Colombia realiz\u00f3 hoy en esta capital su primer encuentro nacional para definir la estrategia que permita salvar la","breadcrumb":{"@id":"https:\/\/www.pressenza.com\/es\/2019\/06\/definen-estrategia-en-colombia-para-salvar-la-paz\/#breadcrumb"},"inLanguage":"es","potentialAction":[{"@type":"ReadAction","target":["https:\/\/www.pressenza.com\/es\/2019\/06\/definen-estrategia-en-colombia-para-salvar-la-paz\/"]}]},{"@type":"ImageObject","inLanguage":"es","@id":"https:\/\/www.pressenza.com\/es\/2019\/06\/definen-estrategia-en-colombia-para-salvar-la-paz\/#primaryimage","url":"https:\/\/www.pressenza.com\/wp-content\/uploads\/2019\/06\/paz-colombia.jpg","contentUrl":"https:\/\/www.pressenza.com\/wp-content\/uploads\/2019\/06\/paz-colombia.jpg","width":1200,"height":654},{"@type":"BreadcrumbList","@id":"https:\/\/www.pressenza.com\/es\/2019\/06\/definen-estrategia-en-colombia-para-salvar-la-paz\/#breadcrumb","itemListElement":[{"@type":"ListItem","position":1,"name":"Accueil","item":"https:\/\/www.pressenza.com\/es\/"},{"@type":"ListItem","position":2,"name":"Definen estrategia en Colombia para salvar la paz"}]},{"@type":"WebSite","@id":"https:\/\/www.pressenza.com\/es\/#website","url":"https:\/\/www.pressenza.com\/es\/","name":"Pressenza","description":"International Press Agency","publisher":{"@id":"https:\/\/www.pressenza.com\/es\/#organization"},"potentialAction":[{"@type":"SearchAction","target":{"@type":"EntryPoint","urlTemplate":"https:\/\/www.pressenza.com\/es\/?s={search_term_string}"},"query-input":{"@type":"PropertyValueSpecification","valueRequired":true,"valueName":"search_term_string"}}],"inLanguage":"es"},{"@type":"Organization","@id":"https:\/\/www.pressenza.com\/es\/#organization","name":"Pressenza","url":"https:\/\/www.pressenza.com\/es\/","logo":{"@type":"ImageObject","inLanguage":"es","@id":"https:\/\/www.pressenza.com\/es\/#\/schema\/logo\/image\/","url":"https:\/\/www.pressenza.com\/wp-content\/uploads\/2022\/10\/pressenza_logo_200x200.jpg","contentUrl":"https:\/\/www.pressenza.com\/wp-content\/uploads\/2022\/10\/pressenza_logo_200x200.jpg","width":200,"height":200,"caption":"Pressenza"},"image":{"@id":"https:\/\/www.pressenza.com\/es\/#\/schema\/logo\/image\/"},"sameAs":["https:\/\/www.facebook.com\/PressenzaItalia","https:\/\/x.com\/PressenzaIPA"]},{"@type":"Person","@id":"https:\/\/www.pressenza.com\/es\/#\/schema\/person\/e35c78ffa242d98f4f49ccb18c8631de","name":"Prensa Latina","description":"www.prensa-latina.cu","sameAs":["https:\/\/www.facebook.com\/AgenciaPrensaLatina","https:\/\/x.com\/prensalatina_cu"],"url":"https:\/\/www.pressenza.com\/es\/author\/prensa-latina\/"}]}},"place":"Bogot\u00e1, Colombia","original_article_url":"https:\/\/www.prensa-latina.cu\/index.php?o=rn&id=284609&SEO=definen-estrategia-en-colombia-para-salvar-la-paz","_links":{"self":[{"href":"https:\/\/www.pressenza.com\/es\/wp-json\/wp\/v2\/posts\/872422","targetHints":{"allow":["GET"]}}],"collection":[{"href":"https:\/\/www.pressenza.com\/es\/wp-json\/wp\/v2\/posts"}],"about":[{"href":"https:\/\/www.pressenza.com\/es\/wp-json\/wp\/v2\/types\/post"}],"author":[{"embeddable":true,"href":"https:\/\/www.pressenza.com\/es\/wp-json\/wp\/v2\/users\/90"}],"replies":[{"embeddable":true,"href":"https:\/\/www.pressenza.com\/es\/wp-json\/wp\/v2\/comments?post=872422"}],"version-history":[{"count":0,"href":"https:\/\/www.pressenza.com\/es\/wp-json\/wp\/v2\/posts\/872422\/revisions"}],"wp:featuredmedia":[{"embeddable":true,"href":"https:\/\/www.pressenza.com\/es\/wp-json\/wp\/v2\/media\/872423"}],"wp:attachment":[{"href":"https:\/\/www.pressenza.com\/es\/wp-json\/wp\/v2\/media?parent=872422"}],"wp:term":[{"taxonomy":"category","embeddable":true,"href":"https:\/\/www.pressenza.com\/es\/wp-json\/wp\/v2\/categories?post=872422"},{"taxonomy":"post_tag","embeddable":true,"href":"https:\/\/www.pressenza.com\/es\/wp-json\/wp\/v2\/tags?post=872422"}],"curies":[{"name":"wp","href":"https:\/\/api.w.org\/{rel}","templated":true}]}}