{"id":872070,"date":"2019-06-17T10:17:22","date_gmt":"2019-06-17T09:17:22","guid":{"rendered":"https:\/\/www.pressenza.com\/?p=872070"},"modified":"2019-06-17T03:17:44","modified_gmt":"2019-06-17T02:17:44","slug":"cambios-climaticos-tu-tambien-puedes-formar-parte-del-tam-tam","status":"publish","type":"post","link":"https:\/\/www.pressenza.com\/es\/2019\/06\/cambios-climaticos-tu-tambien-puedes-formar-parte-del-tam-tam\/","title":{"rendered":"Cambios clim\u00e1ticos: t\u00fa tambi\u00e9n puedes formar parte del tam tam"},"content":{"rendered":"<p>Los gobiernos tambi\u00e9n han entendido que debemos evitar que la temperatura de la Tierra siga aumentando. Desde 1880 solo ha aumentado en un grado cent\u00edgrado y los efectos ya son visibles. El cambio clim\u00e1tico no afecta solo al futuro de nuestros hijos y nietos, es una realidad hoy en d\u00eda. Hay tormentas cada vez m\u00e1s violentas, incendios cada vez m\u00e1s frecuentes, escasez de agua debido a la reducci\u00f3n de los glaciares, aumento de los mares debido al deshielo de los casquetes polares. Nadie est\u00e1 m\u00e1s seguro del destino de su territorio. La alteraci\u00f3n de las lluvias puede transformar paisajes agradables en desiertos, ciudades costeras en una red de canales para el avance del mar, grandes territorios en extensiones de agua por el desbordamiento de los r\u00edos. Con inimaginables repercusiones sociales. Entre 2008 y 2018, 265 millones de personas fueron desplazadas en todo el mundo por desastres naturales, muchos de ellos debido a la inestabilidad clim\u00e1tica.<\/p>\n<p>Sabemos qui\u00e9n caus\u00f3 el da\u00f1o. La culpa la tiene el sistema econ\u00f3mico todav\u00eda dominante que, habiendo hecho de la expansi\u00f3n de la riqueza su \u00eddolo, ha saqueado la tierra y ha producido cantidades interminables de residuos. Y no por la dignidad de todos, sino por el privilegio de unos pocos y, sin embargo, lo suficiente para haber puesto el planeta patas arriba. Por definici\u00f3n, la producci\u00f3n requiere energ\u00eda; su escasez es el motivo por la que en el pasado la producci\u00f3n era casi constante. Un l\u00edmite que el capitalismo ha superado con el acceso a los combustibles f\u00f3siles (carb\u00f3n, petr\u00f3leo, gas) y la invenci\u00f3n de m\u00e1quinas capaces de transformar su enorme potencial energ\u00e9tico en movimiento, calor y electricidad. Es una pena que a trav\u00e9s de esta operaci\u00f3n se hayan liberado miles de millones de toneladas de di\u00f3xido de carbono, mucho m\u00e1s que la capacidad de absorci\u00f3n de los oc\u00e9anos y el sistema vegetal. De ah\u00ed la acumulaci\u00f3n de di\u00f3xido de carbono en la atm\u00f3sfera con la consiguiente captura de los rayos solares, el aumento de la temperatura de la tierra y un cambio clim\u00e1tico que trae consigo calamidades, la alteraci\u00f3n de las precipitaciones y, por lo tanto, una reducci\u00f3n en la producci\u00f3n de alimentos y la migraci\u00f3n.<\/p>\n<p>Los cient\u00edficos nos dicen que para contener la situaci\u00f3n, las emisiones de di\u00f3xido de carbono deben reducirse a la mitad de aqu\u00ed a 2030 y eliminarse por completo para el 2050.<\/p>\n<p>Una operaci\u00f3n tit\u00e1nica que el sistema cree poder enfrentar solo con cambios tecnol\u00f3gicos. En cambio, no ha entendido que el verdadero desaf\u00edo es la reducci\u00f3n, que a su vez pone en duda otro modo de organizar la econom\u00eda. Si queremos salvar a nuestra humanidad, tendremos que reorganizarnos para que todos puedan vivir con dignidad utilizando pocos recursos, produciendo pocos residuos y garantizando a todos la inclusi\u00f3n del trabajo. Ciertamente, el mito del crecimiento infinito est\u00e1 decayendo, pero todav\u00eda no ha habido un debate adecuado para discutir c\u00f3mo reorganizar la econom\u00eda en una l\u00f3gica de estacionalidad orientada a vivir bien. Lo que necesitamos urgentemente es un nuevo pensamiento econ\u00f3mico que ya no se construya en torno a los intereses de los comerciantes, sino de una buena vida para todos. Pero mientras esperamos a que este debate se haga realidad, cada uno de nosotros debe hacer todo lo que est\u00e9 en su alcance para detener el incendio. Muchas personas quieren hacerlo, pero no act\u00faan porque no saben c\u00f3mo hacerlo. Por este motivo, como Centro de Nuevos Modelos de Desarrollo, hemos elaborado una serie de infograf\u00edas destinadas a explicar de forma comprensible a todas las causas del cambio clim\u00e1tico y los posibles remedios, empezando por nosotros. El \u00fanico modo de esparcirlos es por tam tam. Tambi\u00e9n te invitamos a formar parte de \u00e9l informando a tus amigos que pueden encontrar el dossier en el siguiente enlace: <a href=\"http:\/\/www.cnms.it\/attachments\/article\/191\/DossierClimaCNMS.pdf\">Dossier sobre el clima, C\u00f3mo actuar<\/a>.<\/p>\n<hr \/>\n<p><em>Traducci\u00f3n: Ana Gabriela Vel\u00e1squez Proa\u00f1o<\/em><\/p>\n","protected":false},"excerpt":{"rendered":"<p>Los gobiernos tambi\u00e9n han entendido que debemos evitar que la temperatura de la Tierra siga aumentando. Desde 1880 solo ha aumentado en un grado cent\u00edgrado y los efectos ya son visibles. El cambio clim\u00e1tico no afecta solo al futuro de&hellip;<\/p>\n","protected":false},"author":999,"featured_media":871580,"comment_status":"closed","ping_status":"closed","sticky":false,"template":"","format":"standard","meta":{"footnotes":""},"categories":[11389,78,66],"tags":[1265,59840],"class_list":["post-872070","post","type-post","status-publish","format-standard","has-post-thumbnail","hentry","category-contenido-original","category-medio-ambiente-ecologia","category-europa-es","tag-cambio-climatico","tag-dossier-sobre-cambio-climatico"],"yoast_head":"<!-- This site is optimized with the Yoast SEO plugin v27.1.1 - https:\/\/yoast.com\/product\/yoast-seo-wordpress\/ -->\n<title>Cambios clim\u00e1ticos: t\u00fa tambi\u00e9n puedes formar parte del tam tam<\/title>\n<meta name=\"description\" content=\"Los gobiernos tambi\u00e9n han entendido que debemos evitar que la temperatura de la Tierra siga aumentando. Desde 1880 solo ha aumentado en un grado\" \/>\n<meta name=\"robots\" content=\"index, follow, max-snippet:-1, max-image-preview:large, max-video-preview:-1\" \/>\n<link rel=\"canonical\" href=\"https:\/\/www.pressenza.com\/es\/2019\/06\/cambios-climaticos-tu-tambien-puedes-formar-parte-del-tam-tam\/\" \/>\n<meta property=\"og:locale\" content=\"es_ES\" \/>\n<meta property=\"og:type\" content=\"article\" \/>\n<meta property=\"og:title\" content=\"Cambios clim\u00e1ticos: t\u00fa tambi\u00e9n puedes formar parte del tam tam\" \/>\n<meta property=\"og:description\" content=\"Los gobiernos tambi\u00e9n han entendido que debemos evitar que la temperatura de la Tierra siga aumentando. Desde 1880 solo ha aumentado en un grado\" \/>\n<meta property=\"og:url\" content=\"https:\/\/www.pressenza.com\/es\/2019\/06\/cambios-climaticos-tu-tambien-puedes-formar-parte-del-tam-tam\/\" \/>\n<meta property=\"og:site_name\" content=\"Pressenza\" \/>\n<meta property=\"article:publisher\" content=\"https:\/\/www.facebook.com\/PressenzaItalia\" \/>\n<meta property=\"article:published_time\" content=\"2019-06-17T09:17:22+00:00\" \/>\n<meta property=\"og:image\" content=\"https:\/\/www.pressenza.com\/wp-content\/uploads\/2019\/06\/Dossier-Cambio-Climatico.jpg\" \/>\n\t<meta property=\"og:image:width\" content=\"1200\" \/>\n\t<meta property=\"og:image:height\" content=\"800\" \/>\n\t<meta property=\"og:image:type\" content=\"image\/jpeg\" \/>\n<meta name=\"author\" content=\"Francesco Gesualdi\" \/>\n<meta name=\"twitter:card\" content=\"summary_large_image\" \/>\n<meta name=\"twitter:creator\" content=\"@PressenzaIPA\" \/>\n<meta name=\"twitter:site\" content=\"@PressenzaIPA\" \/>\n<meta name=\"twitter:label1\" content=\"Escrito por\" \/>\n\t<meta name=\"twitter:data1\" content=\"Francesco Gesualdi\" \/>\n\t<meta name=\"twitter:label2\" content=\"Tiempo de lectura\" \/>\n\t<meta name=\"twitter:data2\" content=\"3 minutos\" \/>\n<script type=\"application\/ld+json\" class=\"yoast-schema-graph\">{\"@context\":\"https:\/\/schema.org\",\"@graph\":[{\"@type\":\"Article\",\"@id\":\"https:\/\/www.pressenza.com\/es\/2019\/06\/cambios-climaticos-tu-tambien-puedes-formar-parte-del-tam-tam\/#article\",\"isPartOf\":{\"@id\":\"https:\/\/www.pressenza.com\/es\/2019\/06\/cambios-climaticos-tu-tambien-puedes-formar-parte-del-tam-tam\/\"},\"author\":{\"name\":\"Francesco Gesualdi\",\"@id\":\"https:\/\/www.pressenza.com\/es\/#\/schema\/person\/917a3e02e872b079ec9f4bdf7fe2b93d\"},\"headline\":\"Cambios clim\u00e1ticos: t\u00fa tambi\u00e9n puedes formar parte del tam tam\",\"datePublished\":\"2019-06-17T09:17:22+00:00\",\"mainEntityOfPage\":{\"@id\":\"https:\/\/www.pressenza.com\/es\/2019\/06\/cambios-climaticos-tu-tambien-puedes-formar-parte-del-tam-tam\/\"},\"wordCount\":708,\"publisher\":{\"@id\":\"https:\/\/www.pressenza.com\/es\/#organization\"},\"image\":{\"@id\":\"https:\/\/www.pressenza.com\/es\/2019\/06\/cambios-climaticos-tu-tambien-puedes-formar-parte-del-tam-tam\/#primaryimage\"},\"thumbnailUrl\":\"https:\/\/www.pressenza.com\/wp-content\/uploads\/2019\/06\/Dossier-Cambio-Climatico.jpg\",\"keywords\":[\"cambio clim\u00e1tico\",\"Dossier sobre cambio clim\u00e1tico\"],\"articleSection\":[\"Contenido Original\",\"Ecolog\u00eda y Medio Ambiente\",\"Europa\"],\"inLanguage\":\"es\"},{\"@type\":\"WebPage\",\"@id\":\"https:\/\/www.pressenza.com\/es\/2019\/06\/cambios-climaticos-tu-tambien-puedes-formar-parte-del-tam-tam\/\",\"url\":\"https:\/\/www.pressenza.com\/es\/2019\/06\/cambios-climaticos-tu-tambien-puedes-formar-parte-del-tam-tam\/\",\"name\":\"Cambios clim\u00e1ticos: t\u00fa tambi\u00e9n puedes formar parte del tam tam\",\"isPartOf\":{\"@id\":\"https:\/\/www.pressenza.com\/es\/#website\"},\"primaryImageOfPage\":{\"@id\":\"https:\/\/www.pressenza.com\/es\/2019\/06\/cambios-climaticos-tu-tambien-puedes-formar-parte-del-tam-tam\/#primaryimage\"},\"image\":{\"@id\":\"https:\/\/www.pressenza.com\/es\/2019\/06\/cambios-climaticos-tu-tambien-puedes-formar-parte-del-tam-tam\/#primaryimage\"},\"thumbnailUrl\":\"https:\/\/www.pressenza.com\/wp-content\/uploads\/2019\/06\/Dossier-Cambio-Climatico.jpg\",\"datePublished\":\"2019-06-17T09:17:22+00:00\",\"description\":\"Los gobiernos tambi\u00e9n han entendido que debemos evitar que la temperatura de la Tierra siga aumentando. Desde 1880 solo ha aumentado en un grado\",\"breadcrumb\":{\"@id\":\"https:\/\/www.pressenza.com\/es\/2019\/06\/cambios-climaticos-tu-tambien-puedes-formar-parte-del-tam-tam\/#breadcrumb\"},\"inLanguage\":\"es\",\"potentialAction\":[{\"@type\":\"ReadAction\",\"target\":[\"https:\/\/www.pressenza.com\/es\/2019\/06\/cambios-climaticos-tu-tambien-puedes-formar-parte-del-tam-tam\/\"]}]},{\"@type\":\"ImageObject\",\"inLanguage\":\"es\",\"@id\":\"https:\/\/www.pressenza.com\/es\/2019\/06\/cambios-climaticos-tu-tambien-puedes-formar-parte-del-tam-tam\/#primaryimage\",\"url\":\"https:\/\/www.pressenza.com\/wp-content\/uploads\/2019\/06\/Dossier-Cambio-Climatico.jpg\",\"contentUrl\":\"https:\/\/www.pressenza.com\/wp-content\/uploads\/2019\/06\/Dossier-Cambio-Climatico.jpg\",\"width\":1200,\"height\":800,\"caption\":\"Dossier: Cambio climatico e piccoli semplici rimedi\"},{\"@type\":\"BreadcrumbList\",\"@id\":\"https:\/\/www.pressenza.com\/es\/2019\/06\/cambios-climaticos-tu-tambien-puedes-formar-parte-del-tam-tam\/#breadcrumb\",\"itemListElement\":[{\"@type\":\"ListItem\",\"position\":1,\"name\":\"Accueil\",\"item\":\"https:\/\/www.pressenza.com\/es\/\"},{\"@type\":\"ListItem\",\"position\":2,\"name\":\"Cambios clim\u00e1ticos: t\u00fa tambi\u00e9n puedes formar parte del tam tam\"}]},{\"@type\":\"WebSite\",\"@id\":\"https:\/\/www.pressenza.com\/es\/#website\",\"url\":\"https:\/\/www.pressenza.com\/es\/\",\"name\":\"Pressenza\",\"description\":\"International Press Agency\",\"publisher\":{\"@id\":\"https:\/\/www.pressenza.com\/es\/#organization\"},\"potentialAction\":[{\"@type\":\"SearchAction\",\"target\":{\"@type\":\"EntryPoint\",\"urlTemplate\":\"https:\/\/www.pressenza.com\/es\/?s={search_term_string}\"},\"query-input\":{\"@type\":\"PropertyValueSpecification\",\"valueRequired\":true,\"valueName\":\"search_term_string\"}}],\"inLanguage\":\"es\"},{\"@type\":\"Organization\",\"@id\":\"https:\/\/www.pressenza.com\/es\/#organization\",\"name\":\"Pressenza\",\"url\":\"https:\/\/www.pressenza.com\/es\/\",\"logo\":{\"@type\":\"ImageObject\",\"inLanguage\":\"es\",\"@id\":\"https:\/\/www.pressenza.com\/es\/#\/schema\/logo\/image\/\",\"url\":\"https:\/\/www.pressenza.com\/wp-content\/uploads\/2022\/10\/pressenza_logo_200x200.jpg\",\"contentUrl\":\"https:\/\/www.pressenza.com\/wp-content\/uploads\/2022\/10\/pressenza_logo_200x200.jpg\",\"width\":200,\"height\":200,\"caption\":\"Pressenza\"},\"image\":{\"@id\":\"https:\/\/www.pressenza.com\/es\/#\/schema\/logo\/image\/\"},\"sameAs\":[\"https:\/\/www.facebook.com\/PressenzaItalia\",\"https:\/\/x.com\/PressenzaIPA\"]},{\"@type\":\"Person\",\"@id\":\"https:\/\/www.pressenza.com\/es\/#\/schema\/person\/917a3e02e872b079ec9f4bdf7fe2b93d\",\"name\":\"Francesco Gesualdi\",\"description\":\"Francesco Gesualdi, gi\u00e0 allievo di don Milani, \u00e8 fondatore e coordinatore del Centro Nuovo Modello di Sviluppo di Vecchiano (Pisa), che si propone di ricercare nuove formule economiche capaci di garantire a tutti la soddisfazione dei bisogni fondamentali. Coordinatore di numerose campagne di pressione, \u00e8 tra i fondatori insieme ad Alex Zanotelli di Rete Lilliput. www.cnms.it\",\"sameAs\":[\"http:\/\/www.cnms.it\/\"],\"url\":\"https:\/\/www.pressenza.com\/es\/author\/francesco-gesualdi\/\"}]}<\/script>\n<!-- \/ Yoast SEO plugin. -->","yoast_head_json":{"title":"Cambios clim\u00e1ticos: t\u00fa tambi\u00e9n puedes formar parte del tam tam","description":"Los gobiernos tambi\u00e9n han entendido que debemos evitar que la temperatura de la Tierra siga aumentando. Desde 1880 solo ha aumentado en un grado","robots":{"index":"index","follow":"follow","max-snippet":"max-snippet:-1","max-image-preview":"max-image-preview:large","max-video-preview":"max-video-preview:-1"},"canonical":"https:\/\/www.pressenza.com\/es\/2019\/06\/cambios-climaticos-tu-tambien-puedes-formar-parte-del-tam-tam\/","og_locale":"es_ES","og_type":"article","og_title":"Cambios clim\u00e1ticos: t\u00fa tambi\u00e9n puedes formar parte del tam tam","og_description":"Los gobiernos tambi\u00e9n han entendido que debemos evitar que la temperatura de la Tierra siga aumentando. Desde 1880 solo ha aumentado en un grado","og_url":"https:\/\/www.pressenza.com\/es\/2019\/06\/cambios-climaticos-tu-tambien-puedes-formar-parte-del-tam-tam\/","og_site_name":"Pressenza","article_publisher":"https:\/\/www.facebook.com\/PressenzaItalia","article_published_time":"2019-06-17T09:17:22+00:00","og_image":[{"width":1200,"height":800,"url":"https:\/\/www.pressenza.com\/wp-content\/uploads\/2019\/06\/Dossier-Cambio-Climatico.jpg","type":"image\/jpeg"}],"author":"Francesco Gesualdi","twitter_card":"summary_large_image","twitter_creator":"@PressenzaIPA","twitter_site":"@PressenzaIPA","twitter_misc":{"Escrito por":"Francesco Gesualdi","Tiempo de lectura":"3 minutos"},"schema":{"@context":"https:\/\/schema.org","@graph":[{"@type":"Article","@id":"https:\/\/www.pressenza.com\/es\/2019\/06\/cambios-climaticos-tu-tambien-puedes-formar-parte-del-tam-tam\/#article","isPartOf":{"@id":"https:\/\/www.pressenza.com\/es\/2019\/06\/cambios-climaticos-tu-tambien-puedes-formar-parte-del-tam-tam\/"},"author":{"name":"Francesco Gesualdi","@id":"https:\/\/www.pressenza.com\/es\/#\/schema\/person\/917a3e02e872b079ec9f4bdf7fe2b93d"},"headline":"Cambios clim\u00e1ticos: t\u00fa tambi\u00e9n puedes formar parte del tam tam","datePublished":"2019-06-17T09:17:22+00:00","mainEntityOfPage":{"@id":"https:\/\/www.pressenza.com\/es\/2019\/06\/cambios-climaticos-tu-tambien-puedes-formar-parte-del-tam-tam\/"},"wordCount":708,"publisher":{"@id":"https:\/\/www.pressenza.com\/es\/#organization"},"image":{"@id":"https:\/\/www.pressenza.com\/es\/2019\/06\/cambios-climaticos-tu-tambien-puedes-formar-parte-del-tam-tam\/#primaryimage"},"thumbnailUrl":"https:\/\/www.pressenza.com\/wp-content\/uploads\/2019\/06\/Dossier-Cambio-Climatico.jpg","keywords":["cambio clim\u00e1tico","Dossier sobre cambio clim\u00e1tico"],"articleSection":["Contenido Original","Ecolog\u00eda y Medio Ambiente","Europa"],"inLanguage":"es"},{"@type":"WebPage","@id":"https:\/\/www.pressenza.com\/es\/2019\/06\/cambios-climaticos-tu-tambien-puedes-formar-parte-del-tam-tam\/","url":"https:\/\/www.pressenza.com\/es\/2019\/06\/cambios-climaticos-tu-tambien-puedes-formar-parte-del-tam-tam\/","name":"Cambios clim\u00e1ticos: t\u00fa tambi\u00e9n puedes formar parte del tam tam","isPartOf":{"@id":"https:\/\/www.pressenza.com\/es\/#website"},"primaryImageOfPage":{"@id":"https:\/\/www.pressenza.com\/es\/2019\/06\/cambios-climaticos-tu-tambien-puedes-formar-parte-del-tam-tam\/#primaryimage"},"image":{"@id":"https:\/\/www.pressenza.com\/es\/2019\/06\/cambios-climaticos-tu-tambien-puedes-formar-parte-del-tam-tam\/#primaryimage"},"thumbnailUrl":"https:\/\/www.pressenza.com\/wp-content\/uploads\/2019\/06\/Dossier-Cambio-Climatico.jpg","datePublished":"2019-06-17T09:17:22+00:00","description":"Los gobiernos tambi\u00e9n han entendido que debemos evitar que la temperatura de la Tierra siga aumentando. Desde 1880 solo ha aumentado en un grado","breadcrumb":{"@id":"https:\/\/www.pressenza.com\/es\/2019\/06\/cambios-climaticos-tu-tambien-puedes-formar-parte-del-tam-tam\/#breadcrumb"},"inLanguage":"es","potentialAction":[{"@type":"ReadAction","target":["https:\/\/www.pressenza.com\/es\/2019\/06\/cambios-climaticos-tu-tambien-puedes-formar-parte-del-tam-tam\/"]}]},{"@type":"ImageObject","inLanguage":"es","@id":"https:\/\/www.pressenza.com\/es\/2019\/06\/cambios-climaticos-tu-tambien-puedes-formar-parte-del-tam-tam\/#primaryimage","url":"https:\/\/www.pressenza.com\/wp-content\/uploads\/2019\/06\/Dossier-Cambio-Climatico.jpg","contentUrl":"https:\/\/www.pressenza.com\/wp-content\/uploads\/2019\/06\/Dossier-Cambio-Climatico.jpg","width":1200,"height":800,"caption":"Dossier: Cambio climatico e piccoli semplici rimedi"},{"@type":"BreadcrumbList","@id":"https:\/\/www.pressenza.com\/es\/2019\/06\/cambios-climaticos-tu-tambien-puedes-formar-parte-del-tam-tam\/#breadcrumb","itemListElement":[{"@type":"ListItem","position":1,"name":"Accueil","item":"https:\/\/www.pressenza.com\/es\/"},{"@type":"ListItem","position":2,"name":"Cambios clim\u00e1ticos: t\u00fa tambi\u00e9n puedes formar parte del tam tam"}]},{"@type":"WebSite","@id":"https:\/\/www.pressenza.com\/es\/#website","url":"https:\/\/www.pressenza.com\/es\/","name":"Pressenza","description":"International Press Agency","publisher":{"@id":"https:\/\/www.pressenza.com\/es\/#organization"},"potentialAction":[{"@type":"SearchAction","target":{"@type":"EntryPoint","urlTemplate":"https:\/\/www.pressenza.com\/es\/?s={search_term_string}"},"query-input":{"@type":"PropertyValueSpecification","valueRequired":true,"valueName":"search_term_string"}}],"inLanguage":"es"},{"@type":"Organization","@id":"https:\/\/www.pressenza.com\/es\/#organization","name":"Pressenza","url":"https:\/\/www.pressenza.com\/es\/","logo":{"@type":"ImageObject","inLanguage":"es","@id":"https:\/\/www.pressenza.com\/es\/#\/schema\/logo\/image\/","url":"https:\/\/www.pressenza.com\/wp-content\/uploads\/2022\/10\/pressenza_logo_200x200.jpg","contentUrl":"https:\/\/www.pressenza.com\/wp-content\/uploads\/2022\/10\/pressenza_logo_200x200.jpg","width":200,"height":200,"caption":"Pressenza"},"image":{"@id":"https:\/\/www.pressenza.com\/es\/#\/schema\/logo\/image\/"},"sameAs":["https:\/\/www.facebook.com\/PressenzaItalia","https:\/\/x.com\/PressenzaIPA"]},{"@type":"Person","@id":"https:\/\/www.pressenza.com\/es\/#\/schema\/person\/917a3e02e872b079ec9f4bdf7fe2b93d","name":"Francesco Gesualdi","description":"Francesco Gesualdi, gi\u00e0 allievo di don Milani, \u00e8 fondatore e coordinatore del Centro Nuovo Modello di Sviluppo di Vecchiano (Pisa), che si propone di ricercare nuove formule economiche capaci di garantire a tutti la soddisfazione dei bisogni fondamentali. Coordinatore di numerose campagne di pressione, \u00e8 tra i fondatori insieme ad Alex Zanotelli di Rete Lilliput. www.cnms.it","sameAs":["http:\/\/www.cnms.it\/"],"url":"https:\/\/www.pressenza.com\/es\/author\/francesco-gesualdi\/"}]}},"place":"","original_article_url":"","_links":{"self":[{"href":"https:\/\/www.pressenza.com\/es\/wp-json\/wp\/v2\/posts\/872070","targetHints":{"allow":["GET"]}}],"collection":[{"href":"https:\/\/www.pressenza.com\/es\/wp-json\/wp\/v2\/posts"}],"about":[{"href":"https:\/\/www.pressenza.com\/es\/wp-json\/wp\/v2\/types\/post"}],"author":[{"embeddable":true,"href":"https:\/\/www.pressenza.com\/es\/wp-json\/wp\/v2\/users\/999"}],"replies":[{"embeddable":true,"href":"https:\/\/www.pressenza.com\/es\/wp-json\/wp\/v2\/comments?post=872070"}],"version-history":[{"count":0,"href":"https:\/\/www.pressenza.com\/es\/wp-json\/wp\/v2\/posts\/872070\/revisions"}],"wp:featuredmedia":[{"embeddable":true,"href":"https:\/\/www.pressenza.com\/es\/wp-json\/wp\/v2\/media\/871580"}],"wp:attachment":[{"href":"https:\/\/www.pressenza.com\/es\/wp-json\/wp\/v2\/media?parent=872070"}],"wp:term":[{"taxonomy":"category","embeddable":true,"href":"https:\/\/www.pressenza.com\/es\/wp-json\/wp\/v2\/categories?post=872070"},{"taxonomy":"post_tag","embeddable":true,"href":"https:\/\/www.pressenza.com\/es\/wp-json\/wp\/v2\/tags?post=872070"}],"curies":[{"name":"wp","href":"https:\/\/api.w.org\/{rel}","templated":true}]}}